{"id":10696,"date":"2012-11-15T16:00:00","date_gmt":"2012-11-15T18:00:00","guid":{"rendered":"https:\/\/www.silutesnaujienos.lt\/lt\/vanagiu-kaimas-klesti-puosiasi-ir-pasalpu-nepraso\/"},"modified":"2012-11-15T16:00:00","modified_gmt":"2012-11-15T18:00:00","slug":"vanagiu-kaimas-klesti-puosiasi-ir-pasalpu-nepraso","status":"publish","type":"post","link":"https:\/\/www.silutesnaujienos.lt\/lt\/vanagiu-kaimas-klesti-puosiasi-ir-pasalpu-nepraso\/","title":{"rendered":"Vanagi\u0173 kaimas klesti, puo\u0161iasi ir pa\u0161alp\u0173 nepra\u0161o"},"content":{"rendered":"<p><a target=\"_blank\" rel=\"caption[Seni\u016bnaitis T.Bartkus rodo \u0160elmens upelio pakrant\u0119, kur bendruomen\u0117 savo j\u0117gomis \u012fsireng\u0117 dabar jau vis\u0173 pam\u0117gt\u0105 poilsio zon\u0105.] noopener noreferrer\" class=\"jcepopup\" href=\"\/\/silutesnaujienos.lt\/images\/stories\/2012\/11\/13\/vanagliu_kaimas_seniunaitis_bartkus.jpg\" data-rel=\"lightbox-gallery-OsHUrIeg\" data-rl_title=\"\" data-rl_caption=\"\"><img loading=\"lazy\" decoding=\"async\" style=\"margin: 5px; float: left;\" class=\"caption\" title=\"\" alt=\"vanagliu kaimas seniunaitis bartkus\" src=\"\/\/silutesnaujienos.lt\/images\/stories\/2012\/11\/13\/thumbnails\/thumb_vanagliu_kaimas_seniunaitis_bartkus.jpg\" height=\"230\" width=\"307\" \/><\/a><strong>\u201eGra\u017eiausias seni\u016bnijos kaimas\u201c, &#8211; toki\u0105 nominacij\u0105 kasmetin\u0117s Dagotuvi\u0173 \u0161vent\u0117s \u017demai\u010di\u0173 Naumiestyje metu \u0161iemet nuskyn\u0117 Vanagi\u0173 kaimo bendruomen\u0117. O nominacij\u0105 \u201eGra\u017eiausia seni\u016bnijos sodyba\u201c irgi i\u0161sive\u017e\u0117 vanagi\u0161ki\u0173 \u0161eima. <\/strong><\/p>\n<p><strong>Energija tryk\u0161tantis \u0161io kaimo seni\u016bnaitis Tomas BARTKUS jau tada kalbinamas tikino negal\u012fs visko apie sav\u0105j\u012f kaim\u0105 papasakoti &#8211; tai reikia pamatyti. Tik trumpai i\u0161sitar\u0117, kad niekas jo ne\u012ftikins, jog kaimas i\u0161mir\u0161ta, jog jaunimas masi\u0161kai b\u0117ga \u012f u\u017esien\u012f, o likusieji tik girtuokliauja ir meld\u017eia pa\u0161alp\u0173.<\/strong><\/p>\n<p>Vanagiuose &#8211; ne taip. \u010cia \u0161vara ir tvarka &#8211; kiekviename kampelyje, \u010dia gyvena darb\u0161t\u016bs, vis nauj\u0173 iniciatyv\u0173 kupini \u017emon\u0117s, \u010dia n\u0117ra asocialiai gyvenan\u010di\u0173, o pa\u0161alp\u0173 nepra\u0161o net daugiavaik\u0117s \u0161eimos.<\/p>\n<p><strong>Kaimo simboliui sud\u0117jo visi<\/strong><\/p>\n<p>\u017demai\u010di\u0173 Naumies\u010dio pa\u0161on\u0117je esantys Vanagiai pasitinka savu akcentu &#8211; kaimo pakra\u0161tyje prie\u0161 por\u0105 met\u0173 i\u0161kilusiu akmeniu su kaimo pavadinimu ir vir\u0161uje nut\u016bpusiu vanagu.<\/p>\n<p>Mintis tur\u0117ti i\u0161skirtin\u012f savo kaimo simbol\u012f buvo seni\u016bnai\u010dio T.Bartkaus iniciatyva. Bet mint\u012f \u012fgyvendinti vienam vargu ar b\u016bt\u0173 pavyk\u0119. Juk reik\u0117jo ir akmen\u012f tinkam\u0105 surasti, ir \u012f kaim\u0105 parsigabenti, ir vanag\u0105 bei u\u017era\u0161\u0105 kalviui u\u017esakyti, prireik\u0117 net krano. Bet labiausiai reik\u0117jo pinig\u0173 &#8211; u\u017e a\u010di\u016b juk niekas nedarys.<\/p>\n<p>\u201eTereik\u0117jo u\u017esiminti \u017emon\u0117ms, ir visi kaip vienas ne tik \u012f talkas sugu\u017e\u0117jo, bet ir pinig\u0173 sud\u0117jo\u201c, &#8211; d\u017eiaugiasi seni\u016bnaitis. <a target=\"_blank\" rel=\"caption[Gra\u017eiausios seni\u016bnijos sodybos \u0161eimininkas F.Stulga \u0161maik\u0161tauja, es\u0105 jei jau komisija jam skyr\u0117 kastuv\u0105, sodyboje dar yra k\u0105 tvarkyti.] noopener noreferrer\" class=\"jcepopup\" href=\"\/\/silutesnaujienos.lt\/images\/stories\/2012\/11\/13\/vandaliu_kaimas_stulga.jpg\" data-rel=\"lightbox-gallery-OsHUrIeg\" data-rl_title=\"\" data-rl_caption=\"\"><img loading=\"lazy\" decoding=\"async\" style=\"margin: 5px; float: right;\" class=\"caption\" title=\"\" alt=\"vandaliu kaimas stulga\" src=\"\/\/silutesnaujienos.lt\/images\/stories\/2012\/11\/13\/thumbnails\/thumb_vandaliu_kaimas_stulga.jpg\" height=\"230\" width=\"307\" \/><\/a>Pamat\u0119s tok\u012f vanagi\u0161ki\u0173 iniciatyvum\u0105 dar ir seni\u016bnas Jonas Budreckas 500 lit\u0173 prid\u0117jo.<\/p>\n<p>\u017dvelgdamas \u012f tolyn nuo to akmens besit\u0119sian\u010di\u0105 pagrindin\u0119 kaimo gatv\u0119 t\u016blas u\u017eklyd\u0117lis tik trauko pe\u010diais i\u0161 nuostabos &#8211; tokia ji tvarkinga. Ir \u012fsitikina seni\u016bno teisumu: atrodo, jog \u010dia pakel\u0117s \u0161ienaujamos kiekvien\u0105 dien\u0105.<\/p>\n<p>U\u017e tvarkingai nupjaut\u0173 griovi\u0173 i\u0161sista\u010diusios sodybos irgi visos paskendusios \u017ealumoje, nors sve\u010diuojam\u0117s \u010dia jau v\u0117lyv\u0105 ruden\u012f.<\/p>\n<p><strong>\u012e talkas pra\u0161yti nereikia<\/strong><\/p>\n<p>T.Bartkus pasakoja, jog \u0161iandieniniai vanagi\u0161kiai &#8211; kone visi buv\u0119 kaimynai, i\u0161 gretimo Paupari\u0173 kaimo \u010dion sukelti apie 1980-uosius metus. Dabar \u010dia stovi apie pus\u0161imt\u012f sodyb\u0173, o seni\u016bnaitis, nesl\u0117pdamas pasidid\u017eiavimo, d\u0117sto, jog visi kaimo gyventojai &#8211; i\u0161skirtinai tvarkingi, darb\u0161t\u016bs ir geranori\u0161ki \u017emon\u0117s.<\/p>\n<p>\u201eGyvas m\u016bs\u0173 kaimas. Net ir tie, kurie i\u0161va\u017eiuoja \u012f u\u017esien\u012f, u\u017esidirba, o tada gr\u012f\u017eta tvarkyti savo sodyb\u0173 ir dar bendruomenei padeda, \u012f jos veikl\u0105 \u012fsijungia. Ir jaunimo pas mus daug, ir n\u0117ra n\u0117 vieno pa\u0161alpininko, net daugiavaik\u0117s \u0161eimos pa\u0161alp\u0173 i\u0161 valstyb\u0117s nemeilija &#8211; patys u\u017esidirba, \u016bkininkauja ir dorai vaikus augina. Nedirban\u010di\u0173 pas mus n\u0117ra, n\u0117 vieno asocialaus \u017emogaus neturime\u201c, &#8211; ne\u012fprast\u0105 Lietuvos kaimo realyb\u0119 pie\u0161ia T.Bartkus.<\/p>\n<p>\u012e kasmetin\u0119 pavasarin\u0119 talk\u0105 savi\u0161ki\u0173 pra\u0161yti T.Bartkui netenka: jie patys \u017eino kada \u201eDarom\u201c vyksta visoje Lietuvoje, t\u0105dien ir suaugusieji, ir vaikai i\u0161eina savo aplinkos puo\u0161ti.<\/p>\n<p><a target=\"_blank\" rel=\"caption[Gausus vanagi\u0161ki\u0173 b\u016brys kartu ir dirba, \u0161ventes \u0161ven\u010dia.] noopener noreferrer\" class=\"jcepopup\" href=\"\/\/silutesnaujienos.lt\/images\/stories\/2012\/11\/13\/vanagiu_kaimo_svente.jpg\" data-rel=\"lightbox-gallery-OsHUrIeg\" data-rl_title=\"\" data-rl_caption=\"\"><img loading=\"lazy\" decoding=\"async\" style=\"margin: 5px; float: left;\" class=\"caption\" title=\"\" alt=\"vanagiu kaimo svente\" src=\"\/\/silutesnaujienos.lt\/images\/stories\/2012\/11\/13\/thumbnails\/thumb_vanagiu_kaimo_svente.jpg\" height=\"230\" width=\"307\" \/><\/a><strong>\u012esireng\u0117 poilsio ir \u0161ven\u010di\u0173 viet\u0105<\/strong><\/p>\n<p>T.Bartkus kvie\u010dia ap\u017ei\u016br\u0117ti pro kaim\u0105 tekan\u010dio \u0160elmens pakrant\u0119, kur vietos bendruomen\u0117 per kelerius metus \u012fsireng\u0117 poilsio viet\u0105. Pakeliui ap\u017evelgiame senut\u0117les maro auk\u0173 kapinaites, kurias vanagi\u0161kiai sutvark\u0117 ir aptv\u0117r\u0117 \u012f talkas susirink\u0119. Ap\u017ei\u016brime kry\u017ei\u0173, kurio aplink\u0105 ir nepra\u0161oma pri\u017ei\u016bri \u017dibut\u0117 Ge\u010dien\u0117.<\/p>\n<p>\u017demai nuokaln\u0117je ne tik stalai bendriems susib\u016brimams pastatyti, bet ir krep\u0161inio, futbolo bei tinklinio var\u017eyboms paruo\u0161tos aik\u0161tel\u0117s. \u0160i vieta per kelerius metus tapo tokia m\u0117giama vietini\u0173 ir sve\u010di\u0173, kad dabar joje vasar\u0105 gyvenimas virte verda. \u010cia ne tik kasmetin\u0117s kaimo \u0161vent\u0117s karaliaus Mindaugo kar\u016bnavimo dien\u0105 surengiamos: \u010dia vyksta sporto var\u017eybos ir tarp savi\u0161ki\u0173 komand\u0173, ir su atvyk\u0117liais, \u010dia mokslo met\u0173 u\u017ebaigtuves rengti pra\u0161osi moksleiviai, vyksta gimini\u0173 su\u0117jimai ir net politik\u0173 s\u0105skryd\u017eiai.<\/p>\n<p>\u201eReik\u0117jo begales kr\u016bm\u0173 i\u0161rauti, \u0161abak\u0161tynus i\u0161valyti, duobes lyginti, priva\u017eiavim\u0105 ir laiptelius \u012frengti\u201c, &#8211; pasakoja pa\u0161nekovas. \u0160i jau jauki vietel\u0117 sutvarkyta \u201eDarom\u201c talk\u0173 dienomis.<\/p>\n<p><strong>\u012e\u017eym\u0173j\u012f kastuv\u0105 perleido jaunimui<\/strong><\/p>\n<p>Nors \u0161iame kaime, anot seni\u016bnai\u010dio, yra daug apdovanojim\u0173 vert\u0173 sodyb\u0173, jis lydi pas gra\u017eiausios sodybos \u0161eimininkus Adel\u0119 ir Feliks\u0105 Stulgas.<a target=\"_blank\" rel=\"caption[Vanagi\u0173 kaimo prad\u017eioje pasitinkantis akcentas - vanagi\u0161ki\u0173 iniciatyva ir darbu padarytas.] noopener noreferrer\" class=\"jcepopup\" href=\"\/\/silutesnaujienos.lt\/images\/stories\/2012\/11\/13\/vanagiai_akmuo.jpg\" data-rel=\"lightbox-gallery-OsHUrIeg\" data-rl_title=\"\" data-rl_caption=\"\"><img loading=\"lazy\" decoding=\"async\" style=\"margin: 5px; float: right;\" class=\"caption\" title=\"\" alt=\"vanagiai akmuo\" src=\"\/\/silutesnaujienos.lt\/images\/stories\/2012\/11\/13\/thumbnails\/thumb_vanagiai_akmuo.jpg\" height=\"230\" width=\"307\" \/><\/a><\/p>\n<p>Dagotuvi\u0173 metu ypatingu prizu &#8211; kastuvu &#8211; apdovanotas \u0161eimininkas \u0161maik\u0161tauja, jog akivaizdu, kad sodybas ap\u017ei\u016br\u0117jusios komisijos nuomone, \u0161ioje sodyboje dar yra k\u0105 tvarkyti, jei jau dovan\u0173 kastuv\u0105 skyr\u0117. \u010cia pat dar priduria, kad tokia nuomon\u0117 visi\u0161kai sutampanti ir su jo paties nuomone.<\/p>\n<p>Garb\u0117s d\u0117l tokio \u012fvertinimo p.Feliksas nelink\u0119s prisiimti sau. Jis tikina, kad tik med\u017eiai ir kr\u016bmai jo susodinti, bet ir tie patys jau ne po vien\u0105 kart\u0105 vis kiton vieton perkilnoti. \u201eVisa kita &#8211; \u017emonos, dukr\u0173, \u017eento ir an\u016bko darbas\u201c, &#8211; sako jis. Dar patikina, kad pats jis es\u0105s \u201etingus\u201c, tod\u0117l ir dovan\u0105 i\u0161 karto jaunesniems \u0161eimos nariams perleid\u0119s, tad dabar \u0161ie su \u012f\u017eymiuoju kastuvu bendraujantys.<\/p>\n<p>Kaip ten bebuv\u0119, \u0161eimininkas pripa\u017e\u012fsta, kad norint i\u0161puosel\u0117ti gro\u017e\u012f ma\u017edaug 30-ties ar\u0173 plote reikia ir daug laiko rasti, ir ne ma\u017eiau darbo \u012fd\u0117ti.<\/p>\n<p>Beje, Stulg\u0173 sodyba kaip pavyzdin\u0117 apdovanojama jau nebe pirm\u0105 kart\u0105.<\/p>\n<p>I\u0161lyd\u0117damas F.Stulga irgi pasid\u017eiaugia savuoju kaimu, kur, jo \u017eod\u017eiais tariant, n\u0117ra bendraujan\u010di\u0173 su \u201e\u010d\u0117rkele\u201c, n\u0117ra ir pa\u0161alp\u0173 laukian\u010di\u0173. O pa\u0161alpos, F.Stulgos nuomone, \u017emones tik gadina. \u201eParam\u0105 reik\u0117t\u0173 skirti tik labai ma\u017eai dalelei \u017emoni\u0173, gal nebent daugiavaik\u0117ms motinoms, kurios vienos augina vaikus, ar ypa\u010d silpnos sveikatos \u017emon\u0117ms\u201c, &#8211; mano jis.<br \/><strong><span class=\"highlight\"><br \/><\/span><\/strong><span class=\"highlight\"><img decoding=\"async\" style=\"margin: 5px; vertical-align: middle;\" src=\"\/\/silutesnaujienos.lt\/images\/stories\/LOGO\/spaudos_remimo_fondas.JPG\" \/><\/span><strong><span class=\"highlight\">&nbsp;Projektas &#8222;\u0160ilut\u0117s kra\u0161to kult\u016bra ir \u017emon\u0117s: tradicijos, istorija, k\u016bryba&#8221;.<\/span><\/strong><\/p>\n","protected":false},"excerpt":{"rendered":"<p>\u201eGra\u017eiausias seni\u016bnijos kaimas\u201c, &#8211; toki\u0105 nominacij\u0105 kasmetin\u0117s Dagotuvi\u0173 \u0161vent\u0117s \u017demai\u010di\u0173 Naumiestyje metu \u0161iemet nuskyn\u0117 Vanagi\u0173 kaimo bendruomen\u0117. O nominacij\u0105 \u201eGra\u017eiausia seni\u016bnijos sodyba\u201c irgi i\u0161sive\u017e\u0117 vanagi\u0161ki\u0173 \u0161eima. Energija tryk\u0161tantis \u0161io kaimo seni\u016bnaitis Tomas BARTKUS jau tada kalbinamas tikino negal\u012fs visko apie sav\u0105j\u012f kaim\u0105 papasakoti &#8211; tai reikia pamatyti. Tik trumpai i\u0161sitar\u0117, kad niekas jo ne\u012ftikins, jog [&hellip;]<\/p>\n","protected":false},"author":1,"featured_media":0,"comment_status":"open","ping_status":"open","sticky":false,"template":"","format":"standard","meta":{"footnotes":""},"categories":[2],"tags":[],"class_list":{"0":"post-10696","1":"post","2":"type-post","3":"status-publish","4":"format-standard","6":"category-aktualijos"},"yoast_head":"<!-- This site is optimized with the Yoast SEO plugin v27.5 - https:\/\/yoast.com\/product\/yoast-seo-wordpress\/ -->\n<title>Vanagi\u0173 kaimas klesti, puo\u0161iasi ir pa\u0161alp\u0173 nepra\u0161o - \u0160ilut\u0117s naujienos<\/title>\n<meta name=\"robots\" content=\"index, follow, max-snippet:-1, max-image-preview:large, max-video-preview:-1\" \/>\n<link rel=\"canonical\" href=\"https:\/\/www.silutesnaujienos.lt\/lt\/vanagiu-kaimas-klesti-puosiasi-ir-pasalpu-nepraso\/\" \/>\n<meta property=\"og:locale\" content=\"lt_LT\" \/>\n<meta property=\"og:type\" content=\"article\" \/>\n<meta property=\"og:title\" content=\"Vanagi\u0173 kaimas klesti, puo\u0161iasi ir pa\u0161alp\u0173 nepra\u0161o - \u0160ilut\u0117s naujienos\" \/>\n<meta property=\"og:description\" content=\"\u201eGra\u017eiausias seni\u016bnijos kaimas\u201c, &#8211; toki\u0105 nominacij\u0105 kasmetin\u0117s Dagotuvi\u0173 \u0161vent\u0117s \u017demai\u010di\u0173 Naumiestyje metu \u0161iemet nuskyn\u0117 Vanagi\u0173 kaimo bendruomen\u0117. O nominacij\u0105 \u201eGra\u017eiausia seni\u016bnijos sodyba\u201c irgi i\u0161sive\u017e\u0117 vanagi\u0161ki\u0173 \u0161eima. Energija tryk\u0161tantis \u0161io kaimo seni\u016bnaitis Tomas BARTKUS jau tada kalbinamas tikino negal\u012fs visko apie sav\u0105j\u012f kaim\u0105 papasakoti &#8211; tai reikia pamatyti. Tik trumpai i\u0161sitar\u0117, kad niekas jo ne\u012ftikins, jog [&hellip;]\" \/>\n<meta property=\"og:url\" content=\"https:\/\/www.silutesnaujienos.lt\/lt\/vanagiu-kaimas-klesti-puosiasi-ir-pasalpu-nepraso\/\" \/>\n<meta property=\"og:site_name\" content=\"\u0160ilut\u0117s naujienos\" \/>\n<meta property=\"article:publisher\" content=\"https:\/\/www.facebook.com\/silutes.naujienos\/\" \/>\n<meta property=\"article:published_time\" content=\"2012-11-15T18:00:00+00:00\" \/>\n<meta property=\"og:image\" content=\"\/\/silutesnaujienos.lt\/images\/stories\/2012\/11\/13\/thumbnails\/thumb_vanagliu_kaimas_seniunaitis_bartkus.jpg\" \/>\n<meta name=\"author\" content=\"\u0160ilut\u0117s naujien\u0173 inf.\" \/>\n<meta name=\"twitter:card\" content=\"summary_large_image\" \/>\n<meta name=\"twitter:label1\" content=\"Written by\" \/>\n\t<meta name=\"twitter:data1\" content=\"\u0160ilut\u0117s naujien\u0173 inf.\" \/>\n\t<meta name=\"twitter:label2\" content=\"Est. reading time\" \/>\n\t<meta name=\"twitter:data2\" content=\"5 minut\u0117s\" \/>\n<script type=\"application\/ld+json\" class=\"yoast-schema-graph\">{\"@context\":\"https:\\\/\\\/schema.org\",\"@graph\":[{\"@type\":\"Article\",\"@id\":\"https:\\\/\\\/www.silutesnaujienos.lt\\\/lt\\\/vanagiu-kaimas-klesti-puosiasi-ir-pasalpu-nepraso\\\/#article\",\"isPartOf\":{\"@id\":\"https:\\\/\\\/www.silutesnaujienos.lt\\\/lt\\\/vanagiu-kaimas-klesti-puosiasi-ir-pasalpu-nepraso\\\/\"},\"author\":{\"name\":\"\u0160ilut\u0117s naujien\u0173 inf.\",\"@id\":\"https:\\\/\\\/www.silutesnaujienos.lt\\\/lt\\\/#\\\/schema\\\/person\\\/232f475ddd4a7b5f49b3abc788b17e83\"},\"headline\":\"Vanagi\u0173 kaimas klesti, puo\u0161iasi ir pa\u0161alp\u0173 nepra\u0161o\",\"datePublished\":\"2012-11-15T18:00:00+00:00\",\"mainEntityOfPage\":{\"@id\":\"https:\\\/\\\/www.silutesnaujienos.lt\\\/lt\\\/vanagiu-kaimas-klesti-puosiasi-ir-pasalpu-nepraso\\\/\"},\"wordCount\":951,\"commentCount\":0,\"publisher\":{\"@id\":\"https:\\\/\\\/www.silutesnaujienos.lt\\\/lt\\\/#organization\"},\"articleSection\":[\"Aktualijos\"],\"inLanguage\":\"lt-LT\",\"potentialAction\":[{\"@type\":\"CommentAction\",\"name\":\"Comment\",\"target\":[\"https:\\\/\\\/www.silutesnaujienos.lt\\\/lt\\\/vanagiu-kaimas-klesti-puosiasi-ir-pasalpu-nepraso\\\/#respond\"]}]},{\"@type\":\"WebPage\",\"@id\":\"https:\\\/\\\/www.silutesnaujienos.lt\\\/lt\\\/vanagiu-kaimas-klesti-puosiasi-ir-pasalpu-nepraso\\\/\",\"url\":\"https:\\\/\\\/www.silutesnaujienos.lt\\\/lt\\\/vanagiu-kaimas-klesti-puosiasi-ir-pasalpu-nepraso\\\/\",\"name\":\"Vanagi\u0173 kaimas klesti, puo\u0161iasi ir pa\u0161alp\u0173 nepra\u0161o - \u0160ilut\u0117s naujienos\",\"isPartOf\":{\"@id\":\"https:\\\/\\\/www.silutesnaujienos.lt\\\/lt\\\/#website\"},\"datePublished\":\"2012-11-15T18:00:00+00:00\",\"breadcrumb\":{\"@id\":\"https:\\\/\\\/www.silutesnaujienos.lt\\\/lt\\\/vanagiu-kaimas-klesti-puosiasi-ir-pasalpu-nepraso\\\/#breadcrumb\"},\"inLanguage\":\"lt-LT\",\"potentialAction\":[{\"@type\":\"ReadAction\",\"target\":[\"https:\\\/\\\/www.silutesnaujienos.lt\\\/lt\\\/vanagiu-kaimas-klesti-puosiasi-ir-pasalpu-nepraso\\\/\"]}]},{\"@type\":\"BreadcrumbList\",\"@id\":\"https:\\\/\\\/www.silutesnaujienos.lt\\\/lt\\\/vanagiu-kaimas-klesti-puosiasi-ir-pasalpu-nepraso\\\/#breadcrumb\",\"itemListElement\":[{\"@type\":\"ListItem\",\"position\":1,\"name\":\"Home\",\"item\":\"https:\\\/\\\/www.silutesnaujienos.lt\\\/lt\\\/\"},{\"@type\":\"ListItem\",\"position\":2,\"name\":\"Vanagi\u0173 kaimas klesti, puo\u0161iasi ir pa\u0161alp\u0173 nepra\u0161o\"}]},{\"@type\":\"WebSite\",\"@id\":\"https:\\\/\\\/www.silutesnaujienos.lt\\\/lt\\\/#website\",\"url\":\"https:\\\/\\\/www.silutesnaujienos.lt\\\/lt\\\/\",\"name\":\"\u0160ilut\u0117s naujienos\",\"description\":\"B\u016bk ant naujien\u0173 bangos!\",\"publisher\":{\"@id\":\"https:\\\/\\\/www.silutesnaujienos.lt\\\/lt\\\/#organization\"},\"potentialAction\":[{\"@type\":\"SearchAction\",\"target\":{\"@type\":\"EntryPoint\",\"urlTemplate\":\"https:\\\/\\\/www.silutesnaujienos.lt\\\/lt\\\/?s={search_term_string}\"},\"query-input\":{\"@type\":\"PropertyValueSpecification\",\"valueRequired\":true,\"valueName\":\"search_term_string\"}}],\"inLanguage\":\"lt-LT\"},{\"@type\":\"Organization\",\"@id\":\"https:\\\/\\\/www.silutesnaujienos.lt\\\/lt\\\/#organization\",\"name\":\"\u0160ilut\u0117s naujienos\",\"url\":\"https:\\\/\\\/www.silutesnaujienos.lt\\\/lt\\\/\",\"logo\":{\"@type\":\"ImageObject\",\"inLanguage\":\"lt-LT\",\"@id\":\"https:\\\/\\\/www.silutesnaujienos.lt\\\/lt\\\/#\\\/schema\\\/logo\\\/image\\\/\",\"url\":\"https:\\\/\\\/www.silutesnaujienos.lt\\\/lt\\\/wp-content\\\/uploads\\\/2020\\\/06\\\/FB_MAIN.jpg\",\"contentUrl\":\"https:\\\/\\\/www.silutesnaujienos.lt\\\/lt\\\/wp-content\\\/uploads\\\/2020\\\/06\\\/FB_MAIN.jpg\",\"width\":1700,\"height\":956,\"caption\":\"\u0160ilut\u0117s naujienos\"},\"image\":{\"@id\":\"https:\\\/\\\/www.silutesnaujienos.lt\\\/lt\\\/#\\\/schema\\\/logo\\\/image\\\/\"},\"sameAs\":[\"https:\\\/\\\/www.facebook.com\\\/silutes.naujienos\\\/\",\"https:\\\/\\\/www.youtube.com\\\/channel\\\/UCxW-cgrJDt8GxIMxSTAfJZg\"]},{\"@type\":\"Person\",\"@id\":\"https:\\\/\\\/www.silutesnaujienos.lt\\\/lt\\\/#\\\/schema\\\/person\\\/232f475ddd4a7b5f49b3abc788b17e83\",\"name\":\"\u0160ilut\u0117s naujien\u0173 inf.\",\"image\":{\"@type\":\"ImageObject\",\"inLanguage\":\"lt-LT\",\"@id\":\"https:\\\/\\\/www.silutesnaujienos.lt\\\/lt\\\/wp-content\\\/uploads\\\/2020\\\/06\\\/favicon.png\",\"url\":\"https:\\\/\\\/www.silutesnaujienos.lt\\\/lt\\\/wp-content\\\/uploads\\\/2020\\\/06\\\/favicon.png\",\"contentUrl\":\"https:\\\/\\\/www.silutesnaujienos.lt\\\/lt\\\/wp-content\\\/uploads\\\/2020\\\/06\\\/favicon.png\",\"caption\":\"\u0160ilut\u0117s naujien\u0173 inf.\"},\"sameAs\":[\"https:\\\/\\\/www.silutesnaujienos.lt\\\/lt\"],\"url\":\"https:\\\/\\\/www.silutesnaujienos.lt\\\/lt\\\/author\\\/ruta\\\/\"}]}<\/script>\n<!-- \/ Yoast SEO plugin. -->","yoast_head_json":{"title":"Vanagi\u0173 kaimas klesti, puo\u0161iasi ir pa\u0161alp\u0173 nepra\u0161o - \u0160ilut\u0117s naujienos","robots":{"index":"index","follow":"follow","max-snippet":"max-snippet:-1","max-image-preview":"max-image-preview:large","max-video-preview":"max-video-preview:-1"},"canonical":"https:\/\/www.silutesnaujienos.lt\/lt\/vanagiu-kaimas-klesti-puosiasi-ir-pasalpu-nepraso\/","og_locale":"lt_LT","og_type":"article","og_title":"Vanagi\u0173 kaimas klesti, puo\u0161iasi ir pa\u0161alp\u0173 nepra\u0161o - \u0160ilut\u0117s naujienos","og_description":"\u201eGra\u017eiausias seni\u016bnijos kaimas\u201c, &#8211; toki\u0105 nominacij\u0105 kasmetin\u0117s Dagotuvi\u0173 \u0161vent\u0117s \u017demai\u010di\u0173 Naumiestyje metu \u0161iemet nuskyn\u0117 Vanagi\u0173 kaimo bendruomen\u0117. O nominacij\u0105 \u201eGra\u017eiausia seni\u016bnijos sodyba\u201c irgi i\u0161sive\u017e\u0117 vanagi\u0161ki\u0173 \u0161eima. Energija tryk\u0161tantis \u0161io kaimo seni\u016bnaitis Tomas BARTKUS jau tada kalbinamas tikino negal\u012fs visko apie sav\u0105j\u012f kaim\u0105 papasakoti &#8211; tai reikia pamatyti. Tik trumpai i\u0161sitar\u0117, kad niekas jo ne\u012ftikins, jog [&hellip;]","og_url":"https:\/\/www.silutesnaujienos.lt\/lt\/vanagiu-kaimas-klesti-puosiasi-ir-pasalpu-nepraso\/","og_site_name":"\u0160ilut\u0117s naujienos","article_publisher":"https:\/\/www.facebook.com\/silutes.naujienos\/","article_published_time":"2012-11-15T18:00:00+00:00","og_image":[{"url":"\/\/silutesnaujienos.lt\/images\/stories\/2012\/11\/13\/thumbnails\/thumb_vanagliu_kaimas_seniunaitis_bartkus.jpg","type":"","width":"","height":""}],"author":"\u0160ilut\u0117s naujien\u0173 inf.","twitter_card":"summary_large_image","twitter_misc":{"Written by":"\u0160ilut\u0117s naujien\u0173 inf.","Est. reading time":"5 minut\u0117s"},"schema":{"@context":"https:\/\/schema.org","@graph":[{"@type":"Article","@id":"https:\/\/www.silutesnaujienos.lt\/lt\/vanagiu-kaimas-klesti-puosiasi-ir-pasalpu-nepraso\/#article","isPartOf":{"@id":"https:\/\/www.silutesnaujienos.lt\/lt\/vanagiu-kaimas-klesti-puosiasi-ir-pasalpu-nepraso\/"},"author":{"name":"\u0160ilut\u0117s naujien\u0173 inf.","@id":"https:\/\/www.silutesnaujienos.lt\/lt\/#\/schema\/person\/232f475ddd4a7b5f49b3abc788b17e83"},"headline":"Vanagi\u0173 kaimas klesti, puo\u0161iasi ir pa\u0161alp\u0173 nepra\u0161o","datePublished":"2012-11-15T18:00:00+00:00","mainEntityOfPage":{"@id":"https:\/\/www.silutesnaujienos.lt\/lt\/vanagiu-kaimas-klesti-puosiasi-ir-pasalpu-nepraso\/"},"wordCount":951,"commentCount":0,"publisher":{"@id":"https:\/\/www.silutesnaujienos.lt\/lt\/#organization"},"articleSection":["Aktualijos"],"inLanguage":"lt-LT","potentialAction":[{"@type":"CommentAction","name":"Comment","target":["https:\/\/www.silutesnaujienos.lt\/lt\/vanagiu-kaimas-klesti-puosiasi-ir-pasalpu-nepraso\/#respond"]}]},{"@type":"WebPage","@id":"https:\/\/www.silutesnaujienos.lt\/lt\/vanagiu-kaimas-klesti-puosiasi-ir-pasalpu-nepraso\/","url":"https:\/\/www.silutesnaujienos.lt\/lt\/vanagiu-kaimas-klesti-puosiasi-ir-pasalpu-nepraso\/","name":"Vanagi\u0173 kaimas klesti, puo\u0161iasi ir pa\u0161alp\u0173 nepra\u0161o - \u0160ilut\u0117s naujienos","isPartOf":{"@id":"https:\/\/www.silutesnaujienos.lt\/lt\/#website"},"datePublished":"2012-11-15T18:00:00+00:00","breadcrumb":{"@id":"https:\/\/www.silutesnaujienos.lt\/lt\/vanagiu-kaimas-klesti-puosiasi-ir-pasalpu-nepraso\/#breadcrumb"},"inLanguage":"lt-LT","potentialAction":[{"@type":"ReadAction","target":["https:\/\/www.silutesnaujienos.lt\/lt\/vanagiu-kaimas-klesti-puosiasi-ir-pasalpu-nepraso\/"]}]},{"@type":"BreadcrumbList","@id":"https:\/\/www.silutesnaujienos.lt\/lt\/vanagiu-kaimas-klesti-puosiasi-ir-pasalpu-nepraso\/#breadcrumb","itemListElement":[{"@type":"ListItem","position":1,"name":"Home","item":"https:\/\/www.silutesnaujienos.lt\/lt\/"},{"@type":"ListItem","position":2,"name":"Vanagi\u0173 kaimas klesti, puo\u0161iasi ir pa\u0161alp\u0173 nepra\u0161o"}]},{"@type":"WebSite","@id":"https:\/\/www.silutesnaujienos.lt\/lt\/#website","url":"https:\/\/www.silutesnaujienos.lt\/lt\/","name":"\u0160ilut\u0117s naujienos","description":"B\u016bk ant naujien\u0173 bangos!","publisher":{"@id":"https:\/\/www.silutesnaujienos.lt\/lt\/#organization"},"potentialAction":[{"@type":"SearchAction","target":{"@type":"EntryPoint","urlTemplate":"https:\/\/www.silutesnaujienos.lt\/lt\/?s={search_term_string}"},"query-input":{"@type":"PropertyValueSpecification","valueRequired":true,"valueName":"search_term_string"}}],"inLanguage":"lt-LT"},{"@type":"Organization","@id":"https:\/\/www.silutesnaujienos.lt\/lt\/#organization","name":"\u0160ilut\u0117s naujienos","url":"https:\/\/www.silutesnaujienos.lt\/lt\/","logo":{"@type":"ImageObject","inLanguage":"lt-LT","@id":"https:\/\/www.silutesnaujienos.lt\/lt\/#\/schema\/logo\/image\/","url":"https:\/\/www.silutesnaujienos.lt\/lt\/wp-content\/uploads\/2020\/06\/FB_MAIN.jpg","contentUrl":"https:\/\/www.silutesnaujienos.lt\/lt\/wp-content\/uploads\/2020\/06\/FB_MAIN.jpg","width":1700,"height":956,"caption":"\u0160ilut\u0117s naujienos"},"image":{"@id":"https:\/\/www.silutesnaujienos.lt\/lt\/#\/schema\/logo\/image\/"},"sameAs":["https:\/\/www.facebook.com\/silutes.naujienos\/","https:\/\/www.youtube.com\/channel\/UCxW-cgrJDt8GxIMxSTAfJZg"]},{"@type":"Person","@id":"https:\/\/www.silutesnaujienos.lt\/lt\/#\/schema\/person\/232f475ddd4a7b5f49b3abc788b17e83","name":"\u0160ilut\u0117s naujien\u0173 inf.","image":{"@type":"ImageObject","inLanguage":"lt-LT","@id":"https:\/\/www.silutesnaujienos.lt\/lt\/wp-content\/uploads\/2020\/06\/favicon.png","url":"https:\/\/www.silutesnaujienos.lt\/lt\/wp-content\/uploads\/2020\/06\/favicon.png","contentUrl":"https:\/\/www.silutesnaujienos.lt\/lt\/wp-content\/uploads\/2020\/06\/favicon.png","caption":"\u0160ilut\u0117s naujien\u0173 inf."},"sameAs":["https:\/\/www.silutesnaujienos.lt\/lt"],"url":"https:\/\/www.silutesnaujienos.lt\/lt\/author\/ruta\/"}]}},"publishpress_future_workflow_manual_trigger":{"enabledWorkflows":[]},"amp_enabled":true,"_links":{"self":[{"href":"https:\/\/www.silutesnaujienos.lt\/lt\/wp-json\/wp\/v2\/posts\/10696","targetHints":{"allow":["GET"]}}],"collection":[{"href":"https:\/\/www.silutesnaujienos.lt\/lt\/wp-json\/wp\/v2\/posts"}],"about":[{"href":"https:\/\/www.silutesnaujienos.lt\/lt\/wp-json\/wp\/v2\/types\/post"}],"author":[{"embeddable":true,"href":"https:\/\/www.silutesnaujienos.lt\/lt\/wp-json\/wp\/v2\/users\/1"}],"replies":[{"embeddable":true,"href":"https:\/\/www.silutesnaujienos.lt\/lt\/wp-json\/wp\/v2\/comments?post=10696"}],"version-history":[{"count":0,"href":"https:\/\/www.silutesnaujienos.lt\/lt\/wp-json\/wp\/v2\/posts\/10696\/revisions"}],"wp:attachment":[{"href":"https:\/\/www.silutesnaujienos.lt\/lt\/wp-json\/wp\/v2\/media?parent=10696"}],"wp:term":[{"taxonomy":"category","embeddable":true,"href":"https:\/\/www.silutesnaujienos.lt\/lt\/wp-json\/wp\/v2\/categories?post=10696"},{"taxonomy":"post_tag","embeddable":true,"href":"https:\/\/www.silutesnaujienos.lt\/lt\/wp-json\/wp\/v2\/tags?post=10696"}],"curies":[{"name":"wp","href":"https:\/\/api.w.org\/{rel}","templated":true}]}}