{"id":10706,"date":"2012-12-13T12:01:33","date_gmt":"2012-12-13T14:01:33","guid":{"rendered":"https:\/\/www.silutesnaujienos.lt\/lt\/politikai-nori-atsikratyti-sveksnos-specialiosios-mokyklos\/"},"modified":"2012-12-13T12:01:33","modified_gmt":"2012-12-13T14:01:33","slug":"politikai-nori-atsikratyti-sveksnos-specialiosios-mokyklos","status":"publish","type":"post","link":"https:\/\/www.silutesnaujienos.lt\/lt\/politikai-nori-atsikratyti-sveksnos-specialiosios-mokyklos\/","title":{"rendered":"Politikai nori atsikratyti \u0160v\u0117k\u0161nos specialiosios mokyklos"},"content":{"rendered":"<p><a target=\"_blank\" rel=\"caption[\u0160v\u0117k\u0161nos specialioji mokykla. \/ lt.wikipedia.org nuotr.] noopener noreferrer\" class=\"jcepopup\" href=\"\/\/silutesnaujienos.lt\/images\/stories\/2012\/12\/11\/SveksnosSanatorineMokykla.jpg\" data-rel=\"lightbox-gallery-iBQUc5O2\" data-rl_title=\"\" data-rl_caption=\"\"><img loading=\"lazy\" decoding=\"async\" style=\"margin: 5px; float: left;\" class=\"caption\" title=\"\" alt=\"SveksnosSanatorineMokykla\" src=\"\/\/silutesnaujienos.lt\/images\/stories\/2012\/12\/11\/thumbnails\/thumb_SveksnosSanatorineMokykla.jpg\" height=\"230\" width=\"307\" \/><\/a><strong>Devyni rajono politikai pasira\u0161\u0117 kreipim\u0105si \u012f LR \u0160vietimo ir mokslo ministerij\u0105 &#8222;D\u0117l \u0160v\u0117k\u0161nos specialiosios mokyklos per\u0117mimo&#8221;.<\/strong><\/p>\n<p><strong>Rajono Taryboje kreipimosi ra\u0161t\u0105 perskait\u0119s mer\u0117s pavaduotojas \u0160ar\u016bnas Lau\u017eikas bei \u0160vietimo skyriaus ved\u0117ja Birut\u0117 Tekorien\u0117 kalb\u0117jo, jog skai\u010diuojant kit\u0173 met\u0173 biud\u017eet\u0105 \u0160v\u0117k\u0161nos specialiosios mokyklos reikm\u0117ms tr\u016bksta apie 0,5 mln. Lt.<\/strong><\/p>\n<p>\u0160ioje mokykloje ugdosi vaikai su dideliais specialiaisiais ugdymosi poreikiais, elgesio, emocij\u0173, ir socialiniais sutrikimais. Jie suve\u017eami i\u0161 visos \u0161alies, i\u0161 m\u016bs\u0173 kra\u0161to per metus b\u016bna vos keli moksleiviai. M\u016bs\u0173 rajono savivaldyb\u0117 neturi l\u0117\u0161\u0173 i\u0161laikyti \u0161i\u0105 mokykl\u0105, tod\u0117l si\u016bloma j\u0105 perduoti ministerijai.<\/p>\n<p><strong>Eina lengviausiu keliu<\/strong><\/p>\n<p>Ra\u0161tui, kur\u012f pasira\u0161\u0117 Vytautas Laurinaitis, Jonas Purlys, Edvardas Vitkauskas, \u0160ar\u016bnas Lau\u017eikas, Arvydas Jakas, Vladas Kainovaitis, Alfonsas Vanagas, Algirdas Ge\u010das ir Antanas Kubaitis, d\u0117l min\u0117tos mokyklos perdavimo \u0160vietimo ir mokslo ministerijai, nepritaria opozicijos lyderis Virgilijus Pozingis.<\/p>\n<p>V.Pozingio nuomone, Savivaldyb\u0117s administracija ir valdantieji politikai eina lengviausiu keliu. &#8222;Tr\u016bksta finansavimo &#8211; ra\u0161o lai\u0161kus d\u0117l mokyklos perdavimo ministerijai. Taip elgtis neatsakinga. Mokykla, jos pastatai yra m\u016bs\u0173 savivaldyb\u0117je ir reikia r\u016bpintis, kad ji s\u0117kmingai veikt\u0173, kad racionaliai b\u016bt\u0173 tvarkomas jos turtas&#8221;, &#8211; sak\u0117 V.Pozingis.<\/p>\n<p>Jis primin\u0117, kiek buvo stengtasi, jog \u0160v\u0117k\u0161nos specialiojoje mokykloje b\u016bt\u0173 \u012fgyvendinamas projektas &#8222;Speciali\u0173j\u0173 mokykl\u0173 pertvarka, metodini\u0173 centr\u0173 steigimas&#8221;. Jau gautas daugiau nei 2 mln. lit\u0173 ES finansavimas, kad \u0161ioje mokykloje b\u016bt\u0173 \u012fsteigtas regioninis specialiojo ugdymo centras, programos l\u0117\u0161omis jau rekonstruojamas bendrabutis. Mokykla perduota valdyti Savivaldybei tik 2010 met\u0173 baland\u012f, iki tos datos nebuvo gavusi jokios ES investicij\u0173 paramos.<\/p>\n<p>V.Pozingis stebisi, kad nauja valdan\u010dioji politik\u0173 dauguma su naujais vadovais nesugeba spr\u0119sti \u0161ios mokyklos finansini\u0173 problem\u0173. Keis\u010diausia, kad valdan\u010dioji dauguma per pus\u0119 met\u0173 nesugeb\u0117jo \u0161ios problemos sprendime pasinaudoti savo partie\u010di\u0173 i\u0161 Vyriausyb\u0117s &#8211; konservatoriaus ministro pirmininko Andriaus Kubiliaus, liberals\u0105j\u016bdie\u010dio \u0161vietimo ir mokslo ministro Gintaro Steponavi\u010diaus pagalba.<\/p>\n<p>Tarybos narei, \u0161v\u0117k\u0161ni\u0161kei Albinai Bumblauskienei irgi kyla abejoni\u0173, kad naudinga atiduoti \u0161i\u0105 mokykl\u0105. Ji baiminasi, kad ministerija gali nuspr\u0119sti \u0161i\u0105 \u0160v\u0117k\u0161nos mokykl\u0105 panaikinti ar perkelti \u012f kit\u0105 rajon\u0105. Kaip tada bus su \u017emon\u0117mis, kurie \u010dia dirba? Mokykloje dabar yra apie 90 darbo viet\u0173, darbuotoj\u0173 mokes\u010diai pildo rajono biud\u017eet\u0105.<\/p>\n<p>A.Bumblauskien\u0117 si\u016blo rajono vadovams stengtis gauti didesn\u012f finansavim\u0105 mokyklai, o ne eiti papras\u010diausiu keliu &#8211; jos atsikratyti.<\/p>\n<p><strong>Savivaldyb\u0117s administracijos &#8222;globa&#8221; &#8211; nuostolinga<\/strong><\/p>\n<p>Socialini\u0173 reikal\u0173 komiteto pirmininkas A.Ge\u010das po Tarybos pos\u0117d\u017eio, kai buvo pateikta informacija apie ketinimus atsikratyti specialiosios mokyklos, organizavo komiteto nari\u0173 i\u0161va\u017eiuojam\u0105j\u012f pos\u0117d\u012f \u012f \u0160v\u0117k\u0161nos speciali\u0105j\u0105 mokykl\u0105. I\u0161klausyta mokyklos vadov\u0173 ir kolektyvo nuomon\u0117 apie finansin\u0119 situacij\u0105 ir galimus pavaldumo pasikeitimus.<\/p>\n<p>Pasak mokyklos direktor\u0117s Laimos Navickien\u0117s, \u0161iemet buvo skirtas 2,7 mln. Lt valstyb\u0117s finansavimas moksleivi\u0173 krep\u0161elio ir kitoms i\u0161laidoms, tod\u0117l mokykla gal\u0117jo baigti metus be skol\u0173. Ta\u010diau Savivaldyb\u0117s administracija apie 100 t\u016bkst. Lt suma\u017eino moksleivio krep\u0161elio l\u0117\u0161\u0173 dal\u012f, perskirstydama nuostolingesn\u0117ms rajono mokykloms. Be to, Savivaldyb\u0117s administracijos sprendimu, mokyklos \u0161ildymas buvo perduotas priva\u010diai \u012fmonei ir tokiai paslaugai apmok\u0117ti prireik\u0117 53 t\u016bkst. lit\u0173 daugiau.<\/p>\n<p>Mokyklos vadov\u0117 ir pedagogai nesl\u0117p\u0117, kad yra nepatenkinti ir Savivaldyb\u0117s administracijos sprendimu moksleivi\u0173 maitinim\u0105 perleisti UAB &#8222;Kretingos maistas&#8221;. Pedagogai kalb\u0117jo, kad suma\u017e\u0117jo patiekal\u0173 porcijos, tod\u0117l vaikai nuo vieno iki kito maitinimo i\u0161alksta, tampa irzlesniais.<\/p>\n<p><strong>Apie projekto \u012fgyvendinim\u0105<\/strong><\/p>\n<p>\u0160v\u0117k\u0161nos specialiosios mokyklos kolektyvas d\u017eiaugiasi prad\u0117tu \u012fgyvendinti projektu &#8222;Speciali\u0173j\u0173 mokykl\u0173 pertvarka, metodini\u0173 centr\u0173 steigimas&#8221; ir tikisi \u010dia \u012fkurti profesional\u0173 regionin\u012f specialiojo ugdymo centr\u0105, kuris teikt\u0173 paslaugas ne vienam rajonui.<\/p>\n<p>Pasak L.Navickien\u0117s, ma\u017eai tik\u0117tina, kad rajono politik\u0173 iniciatyva atsikratyti mokyklos gali pakenkti jau prad\u0117tam \u012fgyvendinti projektui. Kolektyvas tiki, kad \u012fsteigus planuojam\u0105 centr\u0105 bus sutvarkytas vienas bendrabu\u010dio pastatas, dalis pedagog\u0173 gal\u0117s kelti kvalifikacij\u0105 u\u017esienyje ir t.t.<\/p>\n<p>Direktor\u0117 ir jos vadovaujamas kolektyvas netiki, kad mokykla gal\u0117t\u0173 b\u016bti perduota atgal \u0160vietimo ir mokslo ministerijos pavaldumui, nes ministerija siekia perduoti visas ugdymo \u012fstaigas savivaldyb\u0117ms, kuri\u0173 teritorijoje jos yra.<\/p>\n<p>Mokyklos kolektyvas nor\u0117t\u0173, kad j\u0173 mokyklai skirto finansavimo Savivaldyb\u0117s administracija neperskirstyt\u0173 ir nema\u017eint\u0173.<\/p>\n<p>A.Ge\u010das &#8222;\u0160ilut\u0117s naujienoms&#8221; sak\u0117, kad komiteto i\u0161va\u017eiuojamojo pos\u0117d\u017eio metu surinkta informacija bus pateikta kitiems rajono politikams ir administracijai.<\/p>\n","protected":false},"excerpt":{"rendered":"<p>Devyni rajono politikai pasira\u0161\u0117 kreipim\u0105si \u012f LR \u0160vietimo ir mokslo ministerij\u0105 &#8222;D\u0117l \u0160v\u0117k\u0161nos specialiosios mokyklos per\u0117mimo&#8221;. Rajono Taryboje kreipimosi ra\u0161t\u0105 perskait\u0119s mer\u0117s pavaduotojas \u0160ar\u016bnas Lau\u017eikas bei \u0160vietimo skyriaus ved\u0117ja Birut\u0117 Tekorien\u0117 kalb\u0117jo, jog skai\u010diuojant kit\u0173 met\u0173 biud\u017eet\u0105 \u0160v\u0117k\u0161nos specialiosios mokyklos reikm\u0117ms tr\u016bksta apie 0,5 mln. Lt. \u0160ioje mokykloje ugdosi vaikai su dideliais specialiaisiais ugdymosi poreikiais, [&hellip;]<\/p>\n","protected":false},"author":1,"featured_media":0,"comment_status":"open","ping_status":"open","sticky":false,"template":"","format":"standard","meta":{"footnotes":""},"categories":[2],"tags":[],"class_list":{"0":"post-10706","1":"post","2":"type-post","3":"status-publish","4":"format-standard","6":"category-aktualijos"},"yoast_head":"<!-- This site is optimized with the Yoast SEO plugin v27.5 - https:\/\/yoast.com\/product\/yoast-seo-wordpress\/ -->\n<title>Politikai nori atsikratyti \u0160v\u0117k\u0161nos specialiosios mokyklos - \u0160ilut\u0117s naujienos<\/title>\n<meta name=\"robots\" content=\"index, follow, max-snippet:-1, max-image-preview:large, max-video-preview:-1\" \/>\n<link rel=\"canonical\" href=\"https:\/\/www.silutesnaujienos.lt\/lt\/politikai-nori-atsikratyti-sveksnos-specialiosios-mokyklos\/\" \/>\n<meta property=\"og:locale\" content=\"lt_LT\" \/>\n<meta property=\"og:type\" content=\"article\" \/>\n<meta property=\"og:title\" content=\"Politikai nori atsikratyti \u0160v\u0117k\u0161nos specialiosios mokyklos - \u0160ilut\u0117s naujienos\" \/>\n<meta property=\"og:description\" content=\"Devyni rajono politikai pasira\u0161\u0117 kreipim\u0105si \u012f LR \u0160vietimo ir mokslo ministerij\u0105 &#8222;D\u0117l \u0160v\u0117k\u0161nos specialiosios mokyklos per\u0117mimo&#8221;. Rajono Taryboje kreipimosi ra\u0161t\u0105 perskait\u0119s mer\u0117s pavaduotojas \u0160ar\u016bnas Lau\u017eikas bei \u0160vietimo skyriaus ved\u0117ja Birut\u0117 Tekorien\u0117 kalb\u0117jo, jog skai\u010diuojant kit\u0173 met\u0173 biud\u017eet\u0105 \u0160v\u0117k\u0161nos specialiosios mokyklos reikm\u0117ms tr\u016bksta apie 0,5 mln. Lt. \u0160ioje mokykloje ugdosi vaikai su dideliais specialiaisiais ugdymosi poreikiais, [&hellip;]\" \/>\n<meta property=\"og:url\" content=\"https:\/\/www.silutesnaujienos.lt\/lt\/politikai-nori-atsikratyti-sveksnos-specialiosios-mokyklos\/\" \/>\n<meta property=\"og:site_name\" content=\"\u0160ilut\u0117s naujienos\" \/>\n<meta property=\"article:publisher\" content=\"https:\/\/www.facebook.com\/silutes.naujienos\/\" \/>\n<meta property=\"article:published_time\" content=\"2012-12-13T14:01:33+00:00\" \/>\n<meta property=\"og:image\" content=\"\/\/silutesnaujienos.lt\/images\/stories\/2012\/12\/11\/thumbnails\/thumb_SveksnosSanatorineMokykla.jpg\" \/>\n<meta name=\"author\" content=\"\u0160ilut\u0117s naujien\u0173 inf.\" \/>\n<meta name=\"twitter:card\" content=\"summary_large_image\" \/>\n<meta name=\"twitter:label1\" content=\"Written by\" \/>\n\t<meta name=\"twitter:data1\" content=\"\u0160ilut\u0117s naujien\u0173 inf.\" \/>\n\t<meta name=\"twitter:label2\" content=\"Est. reading time\" \/>\n\t<meta name=\"twitter:data2\" content=\"4 minut\u0117s\" \/>\n<script type=\"application\/ld+json\" class=\"yoast-schema-graph\">{\"@context\":\"https:\\\/\\\/schema.org\",\"@graph\":[{\"@type\":\"Article\",\"@id\":\"https:\\\/\\\/www.silutesnaujienos.lt\\\/lt\\\/politikai-nori-atsikratyti-sveksnos-specialiosios-mokyklos\\\/#article\",\"isPartOf\":{\"@id\":\"https:\\\/\\\/www.silutesnaujienos.lt\\\/lt\\\/politikai-nori-atsikratyti-sveksnos-specialiosios-mokyklos\\\/\"},\"author\":{\"name\":\"\u0160ilut\u0117s naujien\u0173 inf.\",\"@id\":\"https:\\\/\\\/www.silutesnaujienos.lt\\\/lt\\\/#\\\/schema\\\/person\\\/232f475ddd4a7b5f49b3abc788b17e83\"},\"headline\":\"Politikai nori atsikratyti \u0160v\u0117k\u0161nos specialiosios mokyklos\",\"datePublished\":\"2012-12-13T14:01:33+00:00\",\"mainEntityOfPage\":{\"@id\":\"https:\\\/\\\/www.silutesnaujienos.lt\\\/lt\\\/politikai-nori-atsikratyti-sveksnos-specialiosios-mokyklos\\\/\"},\"wordCount\":739,\"commentCount\":0,\"publisher\":{\"@id\":\"https:\\\/\\\/www.silutesnaujienos.lt\\\/lt\\\/#organization\"},\"articleSection\":[\"Aktualijos\"],\"inLanguage\":\"lt-LT\",\"potentialAction\":[{\"@type\":\"CommentAction\",\"name\":\"Comment\",\"target\":[\"https:\\\/\\\/www.silutesnaujienos.lt\\\/lt\\\/politikai-nori-atsikratyti-sveksnos-specialiosios-mokyklos\\\/#respond\"]}]},{\"@type\":\"WebPage\",\"@id\":\"https:\\\/\\\/www.silutesnaujienos.lt\\\/lt\\\/politikai-nori-atsikratyti-sveksnos-specialiosios-mokyklos\\\/\",\"url\":\"https:\\\/\\\/www.silutesnaujienos.lt\\\/lt\\\/politikai-nori-atsikratyti-sveksnos-specialiosios-mokyklos\\\/\",\"name\":\"Politikai nori atsikratyti \u0160v\u0117k\u0161nos specialiosios mokyklos - \u0160ilut\u0117s naujienos\",\"isPartOf\":{\"@id\":\"https:\\\/\\\/www.silutesnaujienos.lt\\\/lt\\\/#website\"},\"datePublished\":\"2012-12-13T14:01:33+00:00\",\"breadcrumb\":{\"@id\":\"https:\\\/\\\/www.silutesnaujienos.lt\\\/lt\\\/politikai-nori-atsikratyti-sveksnos-specialiosios-mokyklos\\\/#breadcrumb\"},\"inLanguage\":\"lt-LT\",\"potentialAction\":[{\"@type\":\"ReadAction\",\"target\":[\"https:\\\/\\\/www.silutesnaujienos.lt\\\/lt\\\/politikai-nori-atsikratyti-sveksnos-specialiosios-mokyklos\\\/\"]}]},{\"@type\":\"BreadcrumbList\",\"@id\":\"https:\\\/\\\/www.silutesnaujienos.lt\\\/lt\\\/politikai-nori-atsikratyti-sveksnos-specialiosios-mokyklos\\\/#breadcrumb\",\"itemListElement\":[{\"@type\":\"ListItem\",\"position\":1,\"name\":\"Home\",\"item\":\"https:\\\/\\\/www.silutesnaujienos.lt\\\/lt\\\/\"},{\"@type\":\"ListItem\",\"position\":2,\"name\":\"Politikai nori atsikratyti \u0160v\u0117k\u0161nos specialiosios mokyklos\"}]},{\"@type\":\"WebSite\",\"@id\":\"https:\\\/\\\/www.silutesnaujienos.lt\\\/lt\\\/#website\",\"url\":\"https:\\\/\\\/www.silutesnaujienos.lt\\\/lt\\\/\",\"name\":\"\u0160ilut\u0117s naujienos\",\"description\":\"B\u016bk ant naujien\u0173 bangos!\",\"publisher\":{\"@id\":\"https:\\\/\\\/www.silutesnaujienos.lt\\\/lt\\\/#organization\"},\"potentialAction\":[{\"@type\":\"SearchAction\",\"target\":{\"@type\":\"EntryPoint\",\"urlTemplate\":\"https:\\\/\\\/www.silutesnaujienos.lt\\\/lt\\\/?s={search_term_string}\"},\"query-input\":{\"@type\":\"PropertyValueSpecification\",\"valueRequired\":true,\"valueName\":\"search_term_string\"}}],\"inLanguage\":\"lt-LT\"},{\"@type\":\"Organization\",\"@id\":\"https:\\\/\\\/www.silutesnaujienos.lt\\\/lt\\\/#organization\",\"name\":\"\u0160ilut\u0117s naujienos\",\"url\":\"https:\\\/\\\/www.silutesnaujienos.lt\\\/lt\\\/\",\"logo\":{\"@type\":\"ImageObject\",\"inLanguage\":\"lt-LT\",\"@id\":\"https:\\\/\\\/www.silutesnaujienos.lt\\\/lt\\\/#\\\/schema\\\/logo\\\/image\\\/\",\"url\":\"https:\\\/\\\/www.silutesnaujienos.lt\\\/lt\\\/wp-content\\\/uploads\\\/2020\\\/06\\\/FB_MAIN.jpg\",\"contentUrl\":\"https:\\\/\\\/www.silutesnaujienos.lt\\\/lt\\\/wp-content\\\/uploads\\\/2020\\\/06\\\/FB_MAIN.jpg\",\"width\":1700,\"height\":956,\"caption\":\"\u0160ilut\u0117s naujienos\"},\"image\":{\"@id\":\"https:\\\/\\\/www.silutesnaujienos.lt\\\/lt\\\/#\\\/schema\\\/logo\\\/image\\\/\"},\"sameAs\":[\"https:\\\/\\\/www.facebook.com\\\/silutes.naujienos\\\/\",\"https:\\\/\\\/www.youtube.com\\\/channel\\\/UCxW-cgrJDt8GxIMxSTAfJZg\"]},{\"@type\":\"Person\",\"@id\":\"https:\\\/\\\/www.silutesnaujienos.lt\\\/lt\\\/#\\\/schema\\\/person\\\/232f475ddd4a7b5f49b3abc788b17e83\",\"name\":\"\u0160ilut\u0117s naujien\u0173 inf.\",\"image\":{\"@type\":\"ImageObject\",\"inLanguage\":\"lt-LT\",\"@id\":\"https:\\\/\\\/www.silutesnaujienos.lt\\\/lt\\\/wp-content\\\/uploads\\\/2020\\\/06\\\/favicon.png\",\"url\":\"https:\\\/\\\/www.silutesnaujienos.lt\\\/lt\\\/wp-content\\\/uploads\\\/2020\\\/06\\\/favicon.png\",\"contentUrl\":\"https:\\\/\\\/www.silutesnaujienos.lt\\\/lt\\\/wp-content\\\/uploads\\\/2020\\\/06\\\/favicon.png\",\"caption\":\"\u0160ilut\u0117s naujien\u0173 inf.\"},\"sameAs\":[\"https:\\\/\\\/www.silutesnaujienos.lt\\\/lt\"],\"url\":\"https:\\\/\\\/www.silutesnaujienos.lt\\\/lt\\\/author\\\/ruta\\\/\"}]}<\/script>\n<!-- \/ Yoast SEO plugin. -->","yoast_head_json":{"title":"Politikai nori atsikratyti \u0160v\u0117k\u0161nos specialiosios mokyklos - \u0160ilut\u0117s naujienos","robots":{"index":"index","follow":"follow","max-snippet":"max-snippet:-1","max-image-preview":"max-image-preview:large","max-video-preview":"max-video-preview:-1"},"canonical":"https:\/\/www.silutesnaujienos.lt\/lt\/politikai-nori-atsikratyti-sveksnos-specialiosios-mokyklos\/","og_locale":"lt_LT","og_type":"article","og_title":"Politikai nori atsikratyti \u0160v\u0117k\u0161nos specialiosios mokyklos - \u0160ilut\u0117s naujienos","og_description":"Devyni rajono politikai pasira\u0161\u0117 kreipim\u0105si \u012f LR \u0160vietimo ir mokslo ministerij\u0105 &#8222;D\u0117l \u0160v\u0117k\u0161nos specialiosios mokyklos per\u0117mimo&#8221;. Rajono Taryboje kreipimosi ra\u0161t\u0105 perskait\u0119s mer\u0117s pavaduotojas \u0160ar\u016bnas Lau\u017eikas bei \u0160vietimo skyriaus ved\u0117ja Birut\u0117 Tekorien\u0117 kalb\u0117jo, jog skai\u010diuojant kit\u0173 met\u0173 biud\u017eet\u0105 \u0160v\u0117k\u0161nos specialiosios mokyklos reikm\u0117ms tr\u016bksta apie 0,5 mln. Lt. \u0160ioje mokykloje ugdosi vaikai su dideliais specialiaisiais ugdymosi poreikiais, [&hellip;]","og_url":"https:\/\/www.silutesnaujienos.lt\/lt\/politikai-nori-atsikratyti-sveksnos-specialiosios-mokyklos\/","og_site_name":"\u0160ilut\u0117s naujienos","article_publisher":"https:\/\/www.facebook.com\/silutes.naujienos\/","article_published_time":"2012-12-13T14:01:33+00:00","og_image":[{"url":"\/\/silutesnaujienos.lt\/images\/stories\/2012\/12\/11\/thumbnails\/thumb_SveksnosSanatorineMokykla.jpg","type":"","width":"","height":""}],"author":"\u0160ilut\u0117s naujien\u0173 inf.","twitter_card":"summary_large_image","twitter_misc":{"Written by":"\u0160ilut\u0117s naujien\u0173 inf.","Est. reading time":"4 minut\u0117s"},"schema":{"@context":"https:\/\/schema.org","@graph":[{"@type":"Article","@id":"https:\/\/www.silutesnaujienos.lt\/lt\/politikai-nori-atsikratyti-sveksnos-specialiosios-mokyklos\/#article","isPartOf":{"@id":"https:\/\/www.silutesnaujienos.lt\/lt\/politikai-nori-atsikratyti-sveksnos-specialiosios-mokyklos\/"},"author":{"name":"\u0160ilut\u0117s naujien\u0173 inf.","@id":"https:\/\/www.silutesnaujienos.lt\/lt\/#\/schema\/person\/232f475ddd4a7b5f49b3abc788b17e83"},"headline":"Politikai nori atsikratyti \u0160v\u0117k\u0161nos specialiosios mokyklos","datePublished":"2012-12-13T14:01:33+00:00","mainEntityOfPage":{"@id":"https:\/\/www.silutesnaujienos.lt\/lt\/politikai-nori-atsikratyti-sveksnos-specialiosios-mokyklos\/"},"wordCount":739,"commentCount":0,"publisher":{"@id":"https:\/\/www.silutesnaujienos.lt\/lt\/#organization"},"articleSection":["Aktualijos"],"inLanguage":"lt-LT","potentialAction":[{"@type":"CommentAction","name":"Comment","target":["https:\/\/www.silutesnaujienos.lt\/lt\/politikai-nori-atsikratyti-sveksnos-specialiosios-mokyklos\/#respond"]}]},{"@type":"WebPage","@id":"https:\/\/www.silutesnaujienos.lt\/lt\/politikai-nori-atsikratyti-sveksnos-specialiosios-mokyklos\/","url":"https:\/\/www.silutesnaujienos.lt\/lt\/politikai-nori-atsikratyti-sveksnos-specialiosios-mokyklos\/","name":"Politikai nori atsikratyti \u0160v\u0117k\u0161nos specialiosios mokyklos - \u0160ilut\u0117s naujienos","isPartOf":{"@id":"https:\/\/www.silutesnaujienos.lt\/lt\/#website"},"datePublished":"2012-12-13T14:01:33+00:00","breadcrumb":{"@id":"https:\/\/www.silutesnaujienos.lt\/lt\/politikai-nori-atsikratyti-sveksnos-specialiosios-mokyklos\/#breadcrumb"},"inLanguage":"lt-LT","potentialAction":[{"@type":"ReadAction","target":["https:\/\/www.silutesnaujienos.lt\/lt\/politikai-nori-atsikratyti-sveksnos-specialiosios-mokyklos\/"]}]},{"@type":"BreadcrumbList","@id":"https:\/\/www.silutesnaujienos.lt\/lt\/politikai-nori-atsikratyti-sveksnos-specialiosios-mokyklos\/#breadcrumb","itemListElement":[{"@type":"ListItem","position":1,"name":"Home","item":"https:\/\/www.silutesnaujienos.lt\/lt\/"},{"@type":"ListItem","position":2,"name":"Politikai nori atsikratyti \u0160v\u0117k\u0161nos specialiosios mokyklos"}]},{"@type":"WebSite","@id":"https:\/\/www.silutesnaujienos.lt\/lt\/#website","url":"https:\/\/www.silutesnaujienos.lt\/lt\/","name":"\u0160ilut\u0117s naujienos","description":"B\u016bk ant naujien\u0173 bangos!","publisher":{"@id":"https:\/\/www.silutesnaujienos.lt\/lt\/#organization"},"potentialAction":[{"@type":"SearchAction","target":{"@type":"EntryPoint","urlTemplate":"https:\/\/www.silutesnaujienos.lt\/lt\/?s={search_term_string}"},"query-input":{"@type":"PropertyValueSpecification","valueRequired":true,"valueName":"search_term_string"}}],"inLanguage":"lt-LT"},{"@type":"Organization","@id":"https:\/\/www.silutesnaujienos.lt\/lt\/#organization","name":"\u0160ilut\u0117s naujienos","url":"https:\/\/www.silutesnaujienos.lt\/lt\/","logo":{"@type":"ImageObject","inLanguage":"lt-LT","@id":"https:\/\/www.silutesnaujienos.lt\/lt\/#\/schema\/logo\/image\/","url":"https:\/\/www.silutesnaujienos.lt\/lt\/wp-content\/uploads\/2020\/06\/FB_MAIN.jpg","contentUrl":"https:\/\/www.silutesnaujienos.lt\/lt\/wp-content\/uploads\/2020\/06\/FB_MAIN.jpg","width":1700,"height":956,"caption":"\u0160ilut\u0117s naujienos"},"image":{"@id":"https:\/\/www.silutesnaujienos.lt\/lt\/#\/schema\/logo\/image\/"},"sameAs":["https:\/\/www.facebook.com\/silutes.naujienos\/","https:\/\/www.youtube.com\/channel\/UCxW-cgrJDt8GxIMxSTAfJZg"]},{"@type":"Person","@id":"https:\/\/www.silutesnaujienos.lt\/lt\/#\/schema\/person\/232f475ddd4a7b5f49b3abc788b17e83","name":"\u0160ilut\u0117s naujien\u0173 inf.","image":{"@type":"ImageObject","inLanguage":"lt-LT","@id":"https:\/\/www.silutesnaujienos.lt\/lt\/wp-content\/uploads\/2020\/06\/favicon.png","url":"https:\/\/www.silutesnaujienos.lt\/lt\/wp-content\/uploads\/2020\/06\/favicon.png","contentUrl":"https:\/\/www.silutesnaujienos.lt\/lt\/wp-content\/uploads\/2020\/06\/favicon.png","caption":"\u0160ilut\u0117s naujien\u0173 inf."},"sameAs":["https:\/\/www.silutesnaujienos.lt\/lt"],"url":"https:\/\/www.silutesnaujienos.lt\/lt\/author\/ruta\/"}]}},"publishpress_future_workflow_manual_trigger":{"enabledWorkflows":[]},"amp_enabled":true,"_links":{"self":[{"href":"https:\/\/www.silutesnaujienos.lt\/lt\/wp-json\/wp\/v2\/posts\/10706","targetHints":{"allow":["GET"]}}],"collection":[{"href":"https:\/\/www.silutesnaujienos.lt\/lt\/wp-json\/wp\/v2\/posts"}],"about":[{"href":"https:\/\/www.silutesnaujienos.lt\/lt\/wp-json\/wp\/v2\/types\/post"}],"author":[{"embeddable":true,"href":"https:\/\/www.silutesnaujienos.lt\/lt\/wp-json\/wp\/v2\/users\/1"}],"replies":[{"embeddable":true,"href":"https:\/\/www.silutesnaujienos.lt\/lt\/wp-json\/wp\/v2\/comments?post=10706"}],"version-history":[{"count":0,"href":"https:\/\/www.silutesnaujienos.lt\/lt\/wp-json\/wp\/v2\/posts\/10706\/revisions"}],"wp:attachment":[{"href":"https:\/\/www.silutesnaujienos.lt\/lt\/wp-json\/wp\/v2\/media?parent=10706"}],"wp:term":[{"taxonomy":"category","embeddable":true,"href":"https:\/\/www.silutesnaujienos.lt\/lt\/wp-json\/wp\/v2\/categories?post=10706"},{"taxonomy":"post_tag","embeddable":true,"href":"https:\/\/www.silutesnaujienos.lt\/lt\/wp-json\/wp\/v2\/tags?post=10706"}],"curies":[{"name":"wp","href":"https:\/\/api.w.org\/{rel}","templated":true}]}}