{"id":10721,"date":"2013-03-05T14:00:00","date_gmt":"2013-03-05T16:00:00","guid":{"rendered":"https:\/\/www.silutesnaujienos.lt\/lt\/vilkyciu-bendruomene-pries-vejininkus-kovos-ir-toliau\/"},"modified":"2013-03-05T14:00:00","modified_gmt":"2013-03-05T16:00:00","slug":"vilkyciu-bendruomene-pries-vejininkus-kovos-ir-toliau","status":"publish","type":"post","link":"https:\/\/www.silutesnaujienos.lt\/lt\/vilkyciu-bendruomene-pries-vejininkus-kovos-ir-toliau\/","title":{"rendered":"Vilky\u010di\u0173 bendruomen\u0117 prie\u0161 v\u0117jininkus kovos ir toliau"},"content":{"rendered":"<p><a target=\"_blank\" rel=\"caption[Rolando \u017dalgevi\u010diaus nuotrauka.] noopener noreferrer\" class=\"jcepopup\" href=\"\/\/silutesnaujienos.lt\/images\/stories\/2013\/03\/05\/Jegaines_IMG_6036.jpg\" data-rel=\"lightbox-gallery-JnqE1c6Z\" data-rl_title=\"\" data-rl_caption=\"\"><img loading=\"lazy\" decoding=\"async\" style=\"margin: 5px; float: left;\" class=\"caption\" title=\"\" alt=\"Jegaines IMG 6036\" src=\"\/\/silutesnaujienos.lt\/images\/stories\/2013\/03\/05\/thumbnails\/thumb_Jegaines_IMG_6036.jpg\" height=\"230\" width=\"307\" \/><\/a><strong>Jau nebe pirmi metai su v\u0117jo j\u0117gaini\u0173 statytojais kariauja Vilky\u010di\u0173 bendruomen\u0117s centras \u201eViltis\u201c.<\/strong><\/p>\n<p><strong>Vasario pabaigoje vilkyti\u0161kiai band\u0117 pasiprie\u0161inti valstybinei komisijai, kuri sprend\u0117 \u010ci\u016bteli\u0173, Grumbli\u0173 ir Lankupi\u0173 v\u0117jo j\u0117gaini\u0173 parko tinkamumo naudoti klausim\u0105.<\/strong><\/p>\n<p>Bendruomenei nepavyko &#8211; jos nariai i\u0161 restorano \u201eGilija\u201c, kur persik\u0117l\u0117 komisijos nariai, buvo i\u0161vyti pasitelkus apsaugininkus.<br \/>Vilkyti\u0161kiai \u012fvyk\u012f pavie\u0161ino \u017einiasklaidai ir ketina kreiptis \u012f teis\u0117saugos institucijas, kad jos \u012fvertint\u0173 valstybin\u0117s komisijos darbo organizavim\u0105, nesuprantam\u0105 slaptum\u0105, visuomenei daromas kli\u016btis gauti informacij\u0105.<\/p>\n<p><strong>Vilky\u010di\u0173 bendruomen\u0117s centro \u201eVILTIS\u201c kreipimasis<\/strong><\/p>\n<p>\u201eJau beveik dveji metai Vilky\u010di\u0173 bendruomen\u0117s centras \u201eVILTIS\u201c dalyvauja teismuose prie\u0161 \u010ci\u016bteli\u0173, Grumbli\u0173 ir Lankupi\u0173 v\u0117jo j\u0117gaini\u0173 parko galimai neteis\u0117tas statybas.<\/p>\n<p>2012-08-06 Valstybin\u0117 teritorij\u0173 planavimo ir statybos inspekcija prad\u0117jo v\u0117jo j\u0117gaini\u0173 parko patikrinim\u0105. Patikrinimo metu mums buvo pasakyta, kad, kol vyks teisminiai procesai, Valstybin\u0117 teritorij\u0173 planavimo ir statybos inspekcija \u010ci\u016bteli\u0173, Grumbli\u0173 ir Lankupi\u0173 v\u0117jo j\u0117gaini\u0173 parko tinkamu naudoti nepripa\u017eins.<\/p>\n<p>2013-03-19 \u0160ilut\u0117s rajono apylink\u0117s teisme vyks pirmasis svarstomasis pos\u0117dis, kuriame, tikim\u0117s, bus nagrin\u0117jamas m\u016bs\u0173 pateiktas ie\u0161kinys. Iki \u0161iol visi pos\u0117d\u017eiai buvo tik parengiamieji.<\/p>\n<p>Mes, Vilky\u010di\u0173 bendruomen\u0117s centro \u201eVILTIS\u201c nariai, gavome informacij\u0105, jog 2013 m. vasario 27 dien\u0105 bus vykdoma \u010ci\u016bteli\u0173, Grumbli\u0173 ir Lankupi\u0173 v\u0117jo j\u0117gaini\u0173 parko pridavimo valstybinei komisijai proced\u016bra. Komisijai vadovavo Valstybin\u0117s teritorij\u0173 planavimo ir statybos inspekcijos Klaip\u0117dos teritorij\u0173 planavimo ir statybos prie\u017ei\u016bros skyriaus \u0160ilut\u0117s poskyrio vyriausiasis specialistas Egidijus \u010cerneckis. Apie vykdom\u0105 pridavim\u0105 valstybinei komisijai tiesiogiai informuoti nebuvome. \u012etardami galimus neteis\u0117tus valstybin\u0117s komisijos veiksmus, i\u0161sikviet\u0117me \u017einiasklaidos atstovus.<\/p>\n<p>Komisijos nariai, pamat\u0119 bendruomen\u0117s atstovus, akivaizd\u017eiai sutriko. Patikrin\u0119 vien\u0105 i\u0161 parko j\u0117gaini\u0173, skubiai sus\u0117do \u012f automobilius. Egidijus \u010cerneckis nieko nekomentavo, tik trumpai u\u017esimin\u0117, jog vyksta \u012f Savivaldyb\u0119 per\u017ei\u016br\u0117ti dokument\u0173.<\/p>\n<p>Nusprend\u0117me dalyvauti ir mes. S\u0117dome \u012f automobilius ir va\u017eiavome i\u0161 paskos valstybin\u0117s komisijos atstovams. Kelyje automobiliai \u0117m\u0117 nesuprantamai keisti kryptis ir skirstytis. I\u0161 bene keliolikos automobili\u0173 kolonos priva\u017eiav\u0119 \u0160ilut\u0117s miest\u0105 mat\u0117me tik tris.&nbsp; Savivaldyb\u0117s pastat\u0105 prava\u017eiavo ir reguliuojamoje \u0160ilut\u0117s sankry\u017eoje dar keli stebimi automobiliai i\u0161siskirst\u0117 skirtingomis kryptimis. Kaip v\u0117liau paai\u0161k\u0117jo, po neilgai trukusi\u0173 manevr\u0173 visi komisijos nariai v\u0117l susib\u016br\u0117 \u012f vien\u0105 viet\u0105. V\u0117jo j\u0117gaini\u0173 parko dokumentacij\u0105 jie nusprend\u0117 svarstyti ir tikrinti \u0160ilut\u0117s restorane \u201eGilija\u201c.<\/p>\n<p>Bendruomen\u0117s nariams ir \u017einiasklaidai at\u0117jus \u012f min\u0117to restorano patalpas, komisijos nariai dar labiau sutriko. Padav\u0117jai jau buvo pakeliui su kar\u0161tais patiekalais. Keli komisijos nariai mus band\u0117 stabdyti alk\u016bn\u0117mis ir ne\u012fleisti \u012f banketin\u0119 sal\u0119. \u0160iaip taip patek\u0119 vidun, Egidijui \u010cerneckiui nor\u0117jome \u012fteikti dokumentus, kurie, kaip man\u0117me, tur\u0117jo didel\u0117s \u012ftakos valstybin\u0117s komisijos priimamam sprendimui. Ta\u010diau dokumentus priimti buvo atsisakyta. Negana to, i\u0161kvietus apsaug\u0105 mes buvome i\u0161varyti.<\/p>\n<p>Taigi valstybin\u0117s komisijos pos\u0117dis vyko paslap\u010dia, \u0160ilut\u0117s restorane \u201eGilija\u201c.<\/p>\n<p>M\u016bs\u0173 nuomone, valstyb\u0117s tarnautojai yra vie\u0161i \u017emon\u0117s ir j\u0173 darbas turi b\u016bti vie\u0161as. Atsi\u017evelgiant \u012f tok\u012f j\u0173 elges\u012f, pra\u0161ome imtis veiksm\u0173 ir u\u017etikrinti valstyb\u0117s tarnautoj\u0173 veiklos vie\u0161um\u0105. Ar toks j\u0173 elgesys gali b\u016bti tinkamai vertinamas? Ar Egidijus \u010cerneckis teis\u0117tai vykd\u0117 valstybin\u0117s komisijos pos\u0117d\u012f?\u201c<\/p>\n<p><strong>Bendruomen\u0117 nesustos<\/strong><\/p>\n<p>Bendruomen\u0117s \u201eViltis\u201c pirmininkas Darius Vilius sako jau po min\u0117to pos\u0117d\u017eio kreip\u0119sis \u012f E.\u010cerneck\u012f ir pra\u0161\u0119s pateikti valstybin\u0117s komisijos pos\u0117d\u017eio protokol\u0105. Protokolo vilkyti\u0161kiai negavo. Pasak D.Viliaus, jie tik neoficialiai, kalb\u0173 lygyje gird\u0117j\u0119, jog v\u0117jo j\u0117gaini\u0173 parkas pripa\u017eintas tinkamu naudoti.<\/p>\n<p>\u201eM\u016bs\u0173 bendruomen\u0117 nesustos. Dabar ruo\u0161iame ra\u0161tus ir dar kreipsim\u0117s \u012f Vidaus reikal\u0173 ministerij\u0105, STT, prokurat\u016br\u0105 &#8211; informuosime visas \u012fmanomas institucijas. Bandysime gauti pos\u0117d\u017eio protokol\u0105 ir sk\u0173sime tok\u012f komisijos sprendim\u0105\u201c, &#8211; \u201e\u0160ilut\u0117s naujienoms\u201c sak\u0117 D.Vilius.<\/p>\n","protected":false},"excerpt":{"rendered":"<p>Jau nebe pirmi metai su v\u0117jo j\u0117gaini\u0173 statytojais kariauja Vilky\u010di\u0173 bendruomen\u0117s centras \u201eViltis\u201c. Vasario pabaigoje vilkyti\u0161kiai band\u0117 pasiprie\u0161inti valstybinei komisijai, kuri sprend\u0117 \u010ci\u016bteli\u0173, Grumbli\u0173 ir Lankupi\u0173 v\u0117jo j\u0117gaini\u0173 parko tinkamumo naudoti klausim\u0105. Bendruomenei nepavyko &#8211; jos nariai i\u0161 restorano \u201eGilija\u201c, kur persik\u0117l\u0117 komisijos nariai, buvo i\u0161vyti pasitelkus apsaugininkus.Vilkyti\u0161kiai \u012fvyk\u012f pavie\u0161ino \u017einiasklaidai ir ketina kreiptis \u012f [&hellip;]<\/p>\n","protected":false},"author":1,"featured_media":0,"comment_status":"open","ping_status":"open","sticky":false,"template":"","format":"standard","meta":{"footnotes":""},"categories":[2],"tags":[],"class_list":{"0":"post-10721","1":"post","2":"type-post","3":"status-publish","4":"format-standard","6":"category-aktualijos"},"yoast_head":"<!-- This site is optimized with the Yoast SEO plugin v27.5 - https:\/\/yoast.com\/product\/yoast-seo-wordpress\/ -->\n<title>Vilky\u010di\u0173 bendruomen\u0117 prie\u0161 v\u0117jininkus kovos ir toliau - \u0160ilut\u0117s naujienos<\/title>\n<meta name=\"robots\" content=\"index, follow, max-snippet:-1, max-image-preview:large, max-video-preview:-1\" \/>\n<link rel=\"canonical\" href=\"https:\/\/www.silutesnaujienos.lt\/lt\/vilkyciu-bendruomene-pries-vejininkus-kovos-ir-toliau\/\" \/>\n<meta property=\"og:locale\" content=\"lt_LT\" \/>\n<meta property=\"og:type\" content=\"article\" \/>\n<meta property=\"og:title\" content=\"Vilky\u010di\u0173 bendruomen\u0117 prie\u0161 v\u0117jininkus kovos ir toliau - \u0160ilut\u0117s naujienos\" \/>\n<meta property=\"og:description\" content=\"Jau nebe pirmi metai su v\u0117jo j\u0117gaini\u0173 statytojais kariauja Vilky\u010di\u0173 bendruomen\u0117s centras \u201eViltis\u201c. Vasario pabaigoje vilkyti\u0161kiai band\u0117 pasiprie\u0161inti valstybinei komisijai, kuri sprend\u0117 \u010ci\u016bteli\u0173, Grumbli\u0173 ir Lankupi\u0173 v\u0117jo j\u0117gaini\u0173 parko tinkamumo naudoti klausim\u0105. Bendruomenei nepavyko &#8211; jos nariai i\u0161 restorano \u201eGilija\u201c, kur persik\u0117l\u0117 komisijos nariai, buvo i\u0161vyti pasitelkus apsaugininkus.Vilkyti\u0161kiai \u012fvyk\u012f pavie\u0161ino \u017einiasklaidai ir ketina kreiptis \u012f [&hellip;]\" \/>\n<meta property=\"og:url\" content=\"https:\/\/www.silutesnaujienos.lt\/lt\/vilkyciu-bendruomene-pries-vejininkus-kovos-ir-toliau\/\" \/>\n<meta property=\"og:site_name\" content=\"\u0160ilut\u0117s naujienos\" \/>\n<meta property=\"article:publisher\" content=\"https:\/\/www.facebook.com\/silutes.naujienos\/\" \/>\n<meta property=\"article:published_time\" content=\"2013-03-05T16:00:00+00:00\" \/>\n<meta property=\"og:image\" content=\"\/\/silutesnaujienos.lt\/images\/stories\/2013\/03\/05\/thumbnails\/thumb_Jegaines_IMG_6036.jpg\" \/>\n<meta name=\"author\" content=\"\u0160ilut\u0117s naujien\u0173 inf.\" \/>\n<meta name=\"twitter:card\" content=\"summary_large_image\" \/>\n<meta name=\"twitter:label1\" content=\"Written by\" \/>\n\t<meta name=\"twitter:data1\" content=\"\u0160ilut\u0117s naujien\u0173 inf.\" \/>\n\t<meta name=\"twitter:label2\" content=\"Est. reading time\" \/>\n\t<meta name=\"twitter:data2\" content=\"3 minut\u0117s\" \/>\n<script type=\"application\/ld+json\" class=\"yoast-schema-graph\">{\"@context\":\"https:\\\/\\\/schema.org\",\"@graph\":[{\"@type\":\"Article\",\"@id\":\"https:\\\/\\\/www.silutesnaujienos.lt\\\/lt\\\/vilkyciu-bendruomene-pries-vejininkus-kovos-ir-toliau\\\/#article\",\"isPartOf\":{\"@id\":\"https:\\\/\\\/www.silutesnaujienos.lt\\\/lt\\\/vilkyciu-bendruomene-pries-vejininkus-kovos-ir-toliau\\\/\"},\"author\":{\"name\":\"\u0160ilut\u0117s naujien\u0173 inf.\",\"@id\":\"https:\\\/\\\/www.silutesnaujienos.lt\\\/lt\\\/#\\\/schema\\\/person\\\/232f475ddd4a7b5f49b3abc788b17e83\"},\"headline\":\"Vilky\u010di\u0173 bendruomen\u0117 prie\u0161 v\u0117jininkus kovos ir toliau\",\"datePublished\":\"2013-03-05T16:00:00+00:00\",\"mainEntityOfPage\":{\"@id\":\"https:\\\/\\\/www.silutesnaujienos.lt\\\/lt\\\/vilkyciu-bendruomene-pries-vejininkus-kovos-ir-toliau\\\/\"},\"wordCount\":661,\"commentCount\":0,\"publisher\":{\"@id\":\"https:\\\/\\\/www.silutesnaujienos.lt\\\/lt\\\/#organization\"},\"articleSection\":[\"Aktualijos\"],\"inLanguage\":\"lt-LT\",\"potentialAction\":[{\"@type\":\"CommentAction\",\"name\":\"Comment\",\"target\":[\"https:\\\/\\\/www.silutesnaujienos.lt\\\/lt\\\/vilkyciu-bendruomene-pries-vejininkus-kovos-ir-toliau\\\/#respond\"]}]},{\"@type\":\"WebPage\",\"@id\":\"https:\\\/\\\/www.silutesnaujienos.lt\\\/lt\\\/vilkyciu-bendruomene-pries-vejininkus-kovos-ir-toliau\\\/\",\"url\":\"https:\\\/\\\/www.silutesnaujienos.lt\\\/lt\\\/vilkyciu-bendruomene-pries-vejininkus-kovos-ir-toliau\\\/\",\"name\":\"Vilky\u010di\u0173 bendruomen\u0117 prie\u0161 v\u0117jininkus kovos ir toliau - \u0160ilut\u0117s naujienos\",\"isPartOf\":{\"@id\":\"https:\\\/\\\/www.silutesnaujienos.lt\\\/lt\\\/#website\"},\"datePublished\":\"2013-03-05T16:00:00+00:00\",\"breadcrumb\":{\"@id\":\"https:\\\/\\\/www.silutesnaujienos.lt\\\/lt\\\/vilkyciu-bendruomene-pries-vejininkus-kovos-ir-toliau\\\/#breadcrumb\"},\"inLanguage\":\"lt-LT\",\"potentialAction\":[{\"@type\":\"ReadAction\",\"target\":[\"https:\\\/\\\/www.silutesnaujienos.lt\\\/lt\\\/vilkyciu-bendruomene-pries-vejininkus-kovos-ir-toliau\\\/\"]}]},{\"@type\":\"BreadcrumbList\",\"@id\":\"https:\\\/\\\/www.silutesnaujienos.lt\\\/lt\\\/vilkyciu-bendruomene-pries-vejininkus-kovos-ir-toliau\\\/#breadcrumb\",\"itemListElement\":[{\"@type\":\"ListItem\",\"position\":1,\"name\":\"Home\",\"item\":\"https:\\\/\\\/www.silutesnaujienos.lt\\\/lt\\\/\"},{\"@type\":\"ListItem\",\"position\":2,\"name\":\"Vilky\u010di\u0173 bendruomen\u0117 prie\u0161 v\u0117jininkus kovos ir toliau\"}]},{\"@type\":\"WebSite\",\"@id\":\"https:\\\/\\\/www.silutesnaujienos.lt\\\/lt\\\/#website\",\"url\":\"https:\\\/\\\/www.silutesnaujienos.lt\\\/lt\\\/\",\"name\":\"\u0160ilut\u0117s naujienos\",\"description\":\"B\u016bk ant naujien\u0173 bangos!\",\"publisher\":{\"@id\":\"https:\\\/\\\/www.silutesnaujienos.lt\\\/lt\\\/#organization\"},\"potentialAction\":[{\"@type\":\"SearchAction\",\"target\":{\"@type\":\"EntryPoint\",\"urlTemplate\":\"https:\\\/\\\/www.silutesnaujienos.lt\\\/lt\\\/?s={search_term_string}\"},\"query-input\":{\"@type\":\"PropertyValueSpecification\",\"valueRequired\":true,\"valueName\":\"search_term_string\"}}],\"inLanguage\":\"lt-LT\"},{\"@type\":\"Organization\",\"@id\":\"https:\\\/\\\/www.silutesnaujienos.lt\\\/lt\\\/#organization\",\"name\":\"\u0160ilut\u0117s naujienos\",\"url\":\"https:\\\/\\\/www.silutesnaujienos.lt\\\/lt\\\/\",\"logo\":{\"@type\":\"ImageObject\",\"inLanguage\":\"lt-LT\",\"@id\":\"https:\\\/\\\/www.silutesnaujienos.lt\\\/lt\\\/#\\\/schema\\\/logo\\\/image\\\/\",\"url\":\"https:\\\/\\\/www.silutesnaujienos.lt\\\/lt\\\/wp-content\\\/uploads\\\/2020\\\/06\\\/FB_MAIN.jpg\",\"contentUrl\":\"https:\\\/\\\/www.silutesnaujienos.lt\\\/lt\\\/wp-content\\\/uploads\\\/2020\\\/06\\\/FB_MAIN.jpg\",\"width\":1700,\"height\":956,\"caption\":\"\u0160ilut\u0117s naujienos\"},\"image\":{\"@id\":\"https:\\\/\\\/www.silutesnaujienos.lt\\\/lt\\\/#\\\/schema\\\/logo\\\/image\\\/\"},\"sameAs\":[\"https:\\\/\\\/www.facebook.com\\\/silutes.naujienos\\\/\",\"https:\\\/\\\/www.youtube.com\\\/channel\\\/UCxW-cgrJDt8GxIMxSTAfJZg\"]},{\"@type\":\"Person\",\"@id\":\"https:\\\/\\\/www.silutesnaujienos.lt\\\/lt\\\/#\\\/schema\\\/person\\\/232f475ddd4a7b5f49b3abc788b17e83\",\"name\":\"\u0160ilut\u0117s naujien\u0173 inf.\",\"image\":{\"@type\":\"ImageObject\",\"inLanguage\":\"lt-LT\",\"@id\":\"https:\\\/\\\/www.silutesnaujienos.lt\\\/lt\\\/wp-content\\\/uploads\\\/2020\\\/06\\\/favicon.png\",\"url\":\"https:\\\/\\\/www.silutesnaujienos.lt\\\/lt\\\/wp-content\\\/uploads\\\/2020\\\/06\\\/favicon.png\",\"contentUrl\":\"https:\\\/\\\/www.silutesnaujienos.lt\\\/lt\\\/wp-content\\\/uploads\\\/2020\\\/06\\\/favicon.png\",\"caption\":\"\u0160ilut\u0117s naujien\u0173 inf.\"},\"sameAs\":[\"https:\\\/\\\/www.silutesnaujienos.lt\\\/lt\"],\"url\":\"https:\\\/\\\/www.silutesnaujienos.lt\\\/lt\\\/author\\\/ruta\\\/\"}]}<\/script>\n<!-- \/ Yoast SEO plugin. -->","yoast_head_json":{"title":"Vilky\u010di\u0173 bendruomen\u0117 prie\u0161 v\u0117jininkus kovos ir toliau - \u0160ilut\u0117s naujienos","robots":{"index":"index","follow":"follow","max-snippet":"max-snippet:-1","max-image-preview":"max-image-preview:large","max-video-preview":"max-video-preview:-1"},"canonical":"https:\/\/www.silutesnaujienos.lt\/lt\/vilkyciu-bendruomene-pries-vejininkus-kovos-ir-toliau\/","og_locale":"lt_LT","og_type":"article","og_title":"Vilky\u010di\u0173 bendruomen\u0117 prie\u0161 v\u0117jininkus kovos ir toliau - \u0160ilut\u0117s naujienos","og_description":"Jau nebe pirmi metai su v\u0117jo j\u0117gaini\u0173 statytojais kariauja Vilky\u010di\u0173 bendruomen\u0117s centras \u201eViltis\u201c. Vasario pabaigoje vilkyti\u0161kiai band\u0117 pasiprie\u0161inti valstybinei komisijai, kuri sprend\u0117 \u010ci\u016bteli\u0173, Grumbli\u0173 ir Lankupi\u0173 v\u0117jo j\u0117gaini\u0173 parko tinkamumo naudoti klausim\u0105. Bendruomenei nepavyko &#8211; jos nariai i\u0161 restorano \u201eGilija\u201c, kur persik\u0117l\u0117 komisijos nariai, buvo i\u0161vyti pasitelkus apsaugininkus.Vilkyti\u0161kiai \u012fvyk\u012f pavie\u0161ino \u017einiasklaidai ir ketina kreiptis \u012f [&hellip;]","og_url":"https:\/\/www.silutesnaujienos.lt\/lt\/vilkyciu-bendruomene-pries-vejininkus-kovos-ir-toliau\/","og_site_name":"\u0160ilut\u0117s naujienos","article_publisher":"https:\/\/www.facebook.com\/silutes.naujienos\/","article_published_time":"2013-03-05T16:00:00+00:00","og_image":[{"url":"\/\/silutesnaujienos.lt\/images\/stories\/2013\/03\/05\/thumbnails\/thumb_Jegaines_IMG_6036.jpg","type":"","width":"","height":""}],"author":"\u0160ilut\u0117s naujien\u0173 inf.","twitter_card":"summary_large_image","twitter_misc":{"Written by":"\u0160ilut\u0117s naujien\u0173 inf.","Est. reading time":"3 minut\u0117s"},"schema":{"@context":"https:\/\/schema.org","@graph":[{"@type":"Article","@id":"https:\/\/www.silutesnaujienos.lt\/lt\/vilkyciu-bendruomene-pries-vejininkus-kovos-ir-toliau\/#article","isPartOf":{"@id":"https:\/\/www.silutesnaujienos.lt\/lt\/vilkyciu-bendruomene-pries-vejininkus-kovos-ir-toliau\/"},"author":{"name":"\u0160ilut\u0117s naujien\u0173 inf.","@id":"https:\/\/www.silutesnaujienos.lt\/lt\/#\/schema\/person\/232f475ddd4a7b5f49b3abc788b17e83"},"headline":"Vilky\u010di\u0173 bendruomen\u0117 prie\u0161 v\u0117jininkus kovos ir toliau","datePublished":"2013-03-05T16:00:00+00:00","mainEntityOfPage":{"@id":"https:\/\/www.silutesnaujienos.lt\/lt\/vilkyciu-bendruomene-pries-vejininkus-kovos-ir-toliau\/"},"wordCount":661,"commentCount":0,"publisher":{"@id":"https:\/\/www.silutesnaujienos.lt\/lt\/#organization"},"articleSection":["Aktualijos"],"inLanguage":"lt-LT","potentialAction":[{"@type":"CommentAction","name":"Comment","target":["https:\/\/www.silutesnaujienos.lt\/lt\/vilkyciu-bendruomene-pries-vejininkus-kovos-ir-toliau\/#respond"]}]},{"@type":"WebPage","@id":"https:\/\/www.silutesnaujienos.lt\/lt\/vilkyciu-bendruomene-pries-vejininkus-kovos-ir-toliau\/","url":"https:\/\/www.silutesnaujienos.lt\/lt\/vilkyciu-bendruomene-pries-vejininkus-kovos-ir-toliau\/","name":"Vilky\u010di\u0173 bendruomen\u0117 prie\u0161 v\u0117jininkus kovos ir toliau - \u0160ilut\u0117s naujienos","isPartOf":{"@id":"https:\/\/www.silutesnaujienos.lt\/lt\/#website"},"datePublished":"2013-03-05T16:00:00+00:00","breadcrumb":{"@id":"https:\/\/www.silutesnaujienos.lt\/lt\/vilkyciu-bendruomene-pries-vejininkus-kovos-ir-toliau\/#breadcrumb"},"inLanguage":"lt-LT","potentialAction":[{"@type":"ReadAction","target":["https:\/\/www.silutesnaujienos.lt\/lt\/vilkyciu-bendruomene-pries-vejininkus-kovos-ir-toliau\/"]}]},{"@type":"BreadcrumbList","@id":"https:\/\/www.silutesnaujienos.lt\/lt\/vilkyciu-bendruomene-pries-vejininkus-kovos-ir-toliau\/#breadcrumb","itemListElement":[{"@type":"ListItem","position":1,"name":"Home","item":"https:\/\/www.silutesnaujienos.lt\/lt\/"},{"@type":"ListItem","position":2,"name":"Vilky\u010di\u0173 bendruomen\u0117 prie\u0161 v\u0117jininkus kovos ir toliau"}]},{"@type":"WebSite","@id":"https:\/\/www.silutesnaujienos.lt\/lt\/#website","url":"https:\/\/www.silutesnaujienos.lt\/lt\/","name":"\u0160ilut\u0117s naujienos","description":"B\u016bk ant naujien\u0173 bangos!","publisher":{"@id":"https:\/\/www.silutesnaujienos.lt\/lt\/#organization"},"potentialAction":[{"@type":"SearchAction","target":{"@type":"EntryPoint","urlTemplate":"https:\/\/www.silutesnaujienos.lt\/lt\/?s={search_term_string}"},"query-input":{"@type":"PropertyValueSpecification","valueRequired":true,"valueName":"search_term_string"}}],"inLanguage":"lt-LT"},{"@type":"Organization","@id":"https:\/\/www.silutesnaujienos.lt\/lt\/#organization","name":"\u0160ilut\u0117s naujienos","url":"https:\/\/www.silutesnaujienos.lt\/lt\/","logo":{"@type":"ImageObject","inLanguage":"lt-LT","@id":"https:\/\/www.silutesnaujienos.lt\/lt\/#\/schema\/logo\/image\/","url":"https:\/\/www.silutesnaujienos.lt\/lt\/wp-content\/uploads\/2020\/06\/FB_MAIN.jpg","contentUrl":"https:\/\/www.silutesnaujienos.lt\/lt\/wp-content\/uploads\/2020\/06\/FB_MAIN.jpg","width":1700,"height":956,"caption":"\u0160ilut\u0117s naujienos"},"image":{"@id":"https:\/\/www.silutesnaujienos.lt\/lt\/#\/schema\/logo\/image\/"},"sameAs":["https:\/\/www.facebook.com\/silutes.naujienos\/","https:\/\/www.youtube.com\/channel\/UCxW-cgrJDt8GxIMxSTAfJZg"]},{"@type":"Person","@id":"https:\/\/www.silutesnaujienos.lt\/lt\/#\/schema\/person\/232f475ddd4a7b5f49b3abc788b17e83","name":"\u0160ilut\u0117s naujien\u0173 inf.","image":{"@type":"ImageObject","inLanguage":"lt-LT","@id":"https:\/\/www.silutesnaujienos.lt\/lt\/wp-content\/uploads\/2020\/06\/favicon.png","url":"https:\/\/www.silutesnaujienos.lt\/lt\/wp-content\/uploads\/2020\/06\/favicon.png","contentUrl":"https:\/\/www.silutesnaujienos.lt\/lt\/wp-content\/uploads\/2020\/06\/favicon.png","caption":"\u0160ilut\u0117s naujien\u0173 inf."},"sameAs":["https:\/\/www.silutesnaujienos.lt\/lt"],"url":"https:\/\/www.silutesnaujienos.lt\/lt\/author\/ruta\/"}]}},"publishpress_future_workflow_manual_trigger":{"enabledWorkflows":[]},"amp_enabled":true,"_links":{"self":[{"href":"https:\/\/www.silutesnaujienos.lt\/lt\/wp-json\/wp\/v2\/posts\/10721","targetHints":{"allow":["GET"]}}],"collection":[{"href":"https:\/\/www.silutesnaujienos.lt\/lt\/wp-json\/wp\/v2\/posts"}],"about":[{"href":"https:\/\/www.silutesnaujienos.lt\/lt\/wp-json\/wp\/v2\/types\/post"}],"author":[{"embeddable":true,"href":"https:\/\/www.silutesnaujienos.lt\/lt\/wp-json\/wp\/v2\/users\/1"}],"replies":[{"embeddable":true,"href":"https:\/\/www.silutesnaujienos.lt\/lt\/wp-json\/wp\/v2\/comments?post=10721"}],"version-history":[{"count":0,"href":"https:\/\/www.silutesnaujienos.lt\/lt\/wp-json\/wp\/v2\/posts\/10721\/revisions"}],"wp:attachment":[{"href":"https:\/\/www.silutesnaujienos.lt\/lt\/wp-json\/wp\/v2\/media?parent=10721"}],"wp:term":[{"taxonomy":"category","embeddable":true,"href":"https:\/\/www.silutesnaujienos.lt\/lt\/wp-json\/wp\/v2\/categories?post=10721"},{"taxonomy":"post_tag","embeddable":true,"href":"https:\/\/www.silutesnaujienos.lt\/lt\/wp-json\/wp\/v2\/tags?post=10721"}],"curies":[{"name":"wp","href":"https:\/\/api.w.org\/{rel}","templated":true}]}}