{"id":10900,"date":"2015-03-03T10:30:00","date_gmt":"2015-03-03T12:30:00","guid":{"rendered":"https:\/\/www.silutesnaujienos.lt\/lt\/siulymas-keisti-rajonu-ribas-pakvipo-politine-provokacija\/"},"modified":"2015-03-03T10:30:00","modified_gmt":"2015-03-03T12:30:00","slug":"siulymas-keisti-rajonu-ribas-pakvipo-politine-provokacija","status":"publish","type":"post","link":"https:\/\/www.silutesnaujienos.lt\/lt\/siulymas-keisti-rajonu-ribas-pakvipo-politine-provokacija\/","title":{"rendered":"Si\u016blymas keisti rajon\u0173 ribas pakvipo politine provokacija"},"content":{"rendered":"<p><a target=\"_blank\" class=\"jcepopup\" href=\"\/\/silutesnaujienos.lt\/images\/stories\/2015\/KOVAS\/03\/aplinkkelis_dituva.jpg\" rel=\"noopener noreferrer\" data-rel=\"lightbox-gallery-OBLyU3sc\" data-rl_title=\"\" data-rl_caption=\"\" title=\"\"><img loading=\"lazy\" decoding=\"async\" style=\"margin: 5px; float: left;\" alt=\"aplinkkelis dituva\" src=\"\/\/silutesnaujienos.lt\/images\/stories\/2015\/KOVAS\/03\/thumbnails\/thumb_aplinkkelis_dituva.jpg\" height=\"230\" width=\"307\" \/><\/a><strong>Pra\u0117jusi\u0173 met\u0173 pabaigoje Lietuvos prezident\u0117 Dalia Grybauskait\u0117, Seimo pirminink\u0117 Loreta Grau\u017einien\u0117 ir Vyriausyb\u0117s vadovas Algirdas Butkevi\u010dius sulauk\u0117 Dituvos gyventoj\u0173 pra\u0161ymo persvarstyti Klaip\u0117dos rajono ribas ir nuo rajono centro Garg\u017ed\u0173 labiausiai nutolusias vietoves prijungti prie gretim\u0173 rajon\u0173.<\/strong><\/p>\n<p><strong>I\u0161 Prezident\u016bros persi\u0173stas ra\u0161tas Vidaus reikal\u0173 ministerijai padar\u0117 \u012fsp\u016bd\u012f ir dabar dituvi\u0161ki\u0173 pasi\u016blymus \u012fpareigotos \u012fvertinti Klaip\u0117dos, \u0160ilut\u0117s ir Kretingos rajon\u0173 savivaldyb\u0117s.<\/strong><\/p>\n<p><strong>Nepatogu pasiekti rajono centr\u0105<\/strong><\/p>\n<p>Pra\u0161ymo nepasira\u0161iusi\u0173 Dituvos kaimo gyventoj\u0173 teigimu, dabar Klaip\u0117dos rajonui priklausan\u010di\u0173 Kretingal\u0117s ir Priekul\u0117s seni\u016bnij\u0173 kaimai nuo rajono centro nutol\u0119 40\u201350 kilometr\u0173.<strong> <\/strong>Norint i\u0161 j\u0173 nuvykti \u012f Garg\u017edus \u017emon\u0117ms tenka pers\u0117sti Klaip\u0117doje, nes tiesioginio \u012f rajono centr\u0105 ve\u017ean\u010dio autobuso mar\u0161ruto n\u0117ra. D\u0117l to su reikalais \u012f rajono centr\u0105 vykstantys gyventojai sugai\u0161ta nema\u017eai laiko ir patiria daugiau i\u0161laid\u0173 kelionei.<\/p>\n<p>\u0160i\u0173 seni\u016bnij\u0173 kaim\u0173 gyventojams iki \u0160ilut\u0117s arba Kretingos ar\u010diau. Be to, aplinkini\u0173 rajon\u0173 centrus galima patogiai pasiekti ir gele\u017einkeliu.<\/p>\n<p>Pavyzd\u017eiui, nuo Kretingal\u0117s iki Kretingos centro n\u0117ra n\u0117 10 kilometr\u0173. \u010cia nuolat kursuoja tiesioginiai autobusai i\u0161 Klaip\u0117dos \u012f Kreting\u0105. Be to, i\u0161 Kretingal\u0117s Kreting\u0105 galima pasiekti traukiniu. O norint nuva\u017eiuoti iki Garg\u017ed\u0173 per Klaip\u0117d\u0105 \u017emon\u0117ms susidaro apie 40 kilometr\u0173.<\/p>\n<p>Priekuli\u0161kiams ar\u010diau u\u017e Garg\u017edus yra \u0160ilut\u0117, iki kurios irgi kursuoja traukinys.<\/p>\n<p><strong>Garg\u017edams si\u016blymas nepriimtinas<\/strong><\/p>\n<p>Dituvi\u0161kiai si\u016blo vis\u0105 Priekul\u0117s seni\u016bnij\u0105 bei dal\u012f Veivir\u017e\u0117n\u0173 seni\u016bnijos kaim\u0173 prijungti prie \u0160ilut\u0117s rajono savivaldyb\u0117s, o Kretingal\u0117s seni\u016bnij\u0105 ir dal\u012f Sendvario seni\u016bnijos kaim\u0173 \u2013 prie Kretingos rajono. \u0160\u012f pasi\u016blym\u0105 apsvars\u010diusi Kretingos rajono taryba si\u016blomam rajono rib\u0173 keitimui neprie\u0161taravo.<\/p>\n<p>Per\u0117m\u0119s Kretingal\u0117s seni\u016bnij\u0105 Kretingos rajonas gaut\u0173 pri\u0117jim\u0105 prie Baltijos j\u016bros ir b\u016bt\u0173 patrauklesnis turistams. Galim\u0105 savivaldyb\u0117s teritorijos padid\u0117jim\u0105 ir teikiam\u0105 ekonomin\u0119 naud\u0105 \u012fvertino ir rajono politikai. Ta\u010diau prie\u0161 si\u016blom\u0105 rib\u0173 keitim\u0105 piestu stoja Klaip\u0117dos rajonas.<\/p>\n<p>\u201eKaip galima rimtai svarstyti anonimin\u012f pasi\u016blym\u0105 keisti rajon\u0173 ribas, kai prie kit\u0173 rajon\u0173 si\u016blom\u0173 prijungti seni\u016bnij\u0173 gyventojai apie tai net neu\u017esimena ir d\u0117l susisiekimo su rajono centru nerei\u0161kia joki\u0173 priekai\u0161t\u0173\u201c, \u2013 steb\u0117josi Klaip\u0117dos rajono meras Vaclovas Da\u010dkauskas.<\/p>\n<p>Rajono savivaldyb\u0117je \u0161\u012f klausim\u0105 svars\u010diusi darbo grup\u0117 toki\u0105 galimyb\u0119 kategori\u0161kai atmet\u0117. Mero nuomone, toks pasi\u016blymas net gali b\u016bti prie\u0161i\u0161kai nusiteikusi\u0173 j\u0117g\u0173 provokacija.<\/p>\n<p><strong>\u017dmoni\u0173 argumentai sudomino<\/strong><\/p>\n<p>Ta\u010diau jei vyriausybei ir Seimui Dituvos kaimo gyventoj\u0173 argumentai pasirodys \u012ftikinami, Klaip\u0117dos rajono savivaldyb\u0117s nuomon\u0117s gali ir neprireikti. Teis\u0117s aktai nustato, kad kei\u010diant savivaldybi\u0173 teritorij\u0173 ribas b\u016btini t\u0173 savivaldybi\u0173 taryb\u0173 sprendimai, ta\u010diau ribos gali b\u016bti kei\u010diamos ir rajon\u0173 vald\u017eiai ir prie\u0161taraujant.<\/p>\n<p>Taip atsitiko daugiau nei prie\u0161 10 met\u0173, kai Ignalinos rajono savivaldyb\u0117 nesutiko dal\u012f teritorijos atiduoti Visagino savivaldybei, ta\u010diau \u012f tai nebuvo atsi\u017evelgta.<\/p>\n<p>Dituvi\u0161ki\u0173 pasi\u016blymus i\u0161analizavusiam vidaus reikal\u0173 viceministrui Juliui Mork\u016bnui \u017emoni\u0173 pra\u0161ymas pasirod\u0117 racionalus: \u201eKlaip\u0117dos rajono pakra\u0161\u010diuose esantys kaimai i\u0161 ties\u0173 pernelyg nutol\u0119 nuo rajono centro ir j\u0173 prijungimas prie kaimynini\u0173 rajon\u0173 yra svarstytinas.\u201c<\/p>\n<p><strong>Poky\u010diai turi b\u016bti naudingi \u017emon\u0117ms<\/strong><\/p>\n<p>Dalia Masaitien\u0117 VRM vietos savivaldos politikos skyriaus ved\u0117ja.<\/p>\n<p>\u201eLietuvoje savivaldybi\u0173 administracin\u0117s ribos kei\u010diamos Seimui priimant \u012fstatym\u0105. Pirma organizuojama vietos gyventoj\u0173 apklausa, parengiami ir su valstyb\u0117s institucijomis suderinami b\u016btini dokumentai, juos \u012fvertina VRM ir paruo\u0161ia Vyriausyb\u0117s nutarimo projekt\u0105, o j\u012f pri\u0117musi Vyriausyb\u0117 teikia pasi\u016blym\u0105 Seimui.<\/p>\n<p>Nors kei\u010diant teritorijos administracini\u0173 vienet\u0173 ribas b\u016btina konsultuotis su vietos gyventojais, j\u0173 nuomon\u0117 n\u0117ra privaloma priimant sprendim\u0105.<\/p>\n<p>Dituvos gyventoj\u0173 si\u016blomas savivaldybi\u0173 rib\u0173 keitimas b\u016bt\u0173 sud\u0117tingas procesas. Valstybei nepigiai kainuot\u0173 \u012fvairiausi\u0173 \u017eem\u0117s plan\u0173 sudarymas, administracini\u0173 \u012fra\u0161\u0173 keitimas, rajon\u0173 bendr\u0173j\u0173 plan\u0173 keitimo finansavimas. Tokiu atveju tur\u0117t\u0173 b\u016bti \u012fvertinta, ar savivaldybi\u0173 rib\u0173 keitimas \u017emon\u0117ms duos realios naudos.\u201c \u02d9<\/p>\n","protected":false},"excerpt":{"rendered":"<p>Pra\u0117jusi\u0173 met\u0173 pabaigoje Lietuvos prezident\u0117 Dalia Grybauskait\u0117, Seimo pirminink\u0117 Loreta Grau\u017einien\u0117 ir Vyriausyb\u0117s vadovas Algirdas Butkevi\u010dius sulauk\u0117 Dituvos gyventoj\u0173 pra\u0161ymo persvarstyti Klaip\u0117dos rajono ribas ir nuo rajono centro Garg\u017ed\u0173 labiausiai nutolusias vietoves prijungti prie gretim\u0173 rajon\u0173. I\u0161 Prezident\u016bros persi\u0173stas ra\u0161tas Vidaus reikal\u0173 ministerijai padar\u0117 \u012fsp\u016bd\u012f ir dabar dituvi\u0161ki\u0173 pasi\u016blymus \u012fpareigotos \u012fvertinti Klaip\u0117dos, \u0160ilut\u0117s ir Kretingos [&hellip;]<\/p>\n","protected":false},"author":1,"featured_media":0,"comment_status":"open","ping_status":"open","sticky":false,"template":"","format":"standard","meta":{"footnotes":""},"categories":[2],"tags":[],"class_list":{"0":"post-10900","1":"post","2":"type-post","3":"status-publish","4":"format-standard","6":"category-aktualijos"},"yoast_head":"<!-- This site is optimized with the Yoast SEO plugin v27.5 - https:\/\/yoast.com\/product\/yoast-seo-wordpress\/ -->\n<title>Si\u016blymas keisti rajon\u0173 ribas pakvipo politine provokacija - \u0160ilut\u0117s naujienos<\/title>\n<meta name=\"robots\" content=\"index, follow, max-snippet:-1, max-image-preview:large, max-video-preview:-1\" \/>\n<link rel=\"canonical\" href=\"https:\/\/www.silutesnaujienos.lt\/lt\/siulymas-keisti-rajonu-ribas-pakvipo-politine-provokacija\/\" \/>\n<meta property=\"og:locale\" content=\"lt_LT\" \/>\n<meta property=\"og:type\" content=\"article\" \/>\n<meta property=\"og:title\" content=\"Si\u016blymas keisti rajon\u0173 ribas pakvipo politine provokacija - \u0160ilut\u0117s naujienos\" \/>\n<meta property=\"og:description\" content=\"Pra\u0117jusi\u0173 met\u0173 pabaigoje Lietuvos prezident\u0117 Dalia Grybauskait\u0117, Seimo pirminink\u0117 Loreta Grau\u017einien\u0117 ir Vyriausyb\u0117s vadovas Algirdas Butkevi\u010dius sulauk\u0117 Dituvos gyventoj\u0173 pra\u0161ymo persvarstyti Klaip\u0117dos rajono ribas ir nuo rajono centro Garg\u017ed\u0173 labiausiai nutolusias vietoves prijungti prie gretim\u0173 rajon\u0173. I\u0161 Prezident\u016bros persi\u0173stas ra\u0161tas Vidaus reikal\u0173 ministerijai padar\u0117 \u012fsp\u016bd\u012f ir dabar dituvi\u0161ki\u0173 pasi\u016blymus \u012fpareigotos \u012fvertinti Klaip\u0117dos, \u0160ilut\u0117s ir Kretingos [&hellip;]\" \/>\n<meta property=\"og:url\" content=\"https:\/\/www.silutesnaujienos.lt\/lt\/siulymas-keisti-rajonu-ribas-pakvipo-politine-provokacija\/\" \/>\n<meta property=\"og:site_name\" content=\"\u0160ilut\u0117s naujienos\" \/>\n<meta property=\"article:publisher\" content=\"https:\/\/www.facebook.com\/silutes.naujienos\/\" \/>\n<meta property=\"article:published_time\" content=\"2015-03-03T12:30:00+00:00\" \/>\n<meta property=\"og:image\" content=\"\/\/silutesnaujienos.lt\/images\/stories\/2015\/KOVAS\/03\/thumbnails\/thumb_aplinkkelis_dituva.jpg\" \/>\n<meta name=\"author\" content=\"\u0160ilut\u0117s naujien\u0173 inf.\" \/>\n<meta name=\"twitter:card\" content=\"summary_large_image\" \/>\n<meta name=\"twitter:label1\" content=\"Written by\" \/>\n\t<meta name=\"twitter:data1\" content=\"\u0160ilut\u0117s naujien\u0173 inf.\" \/>\n\t<meta name=\"twitter:label2\" content=\"Est. reading time\" \/>\n\t<meta name=\"twitter:data2\" content=\"3 minut\u0117s\" \/>\n<script type=\"application\/ld+json\" class=\"yoast-schema-graph\">{\"@context\":\"https:\\\/\\\/schema.org\",\"@graph\":[{\"@type\":\"Article\",\"@id\":\"https:\\\/\\\/www.silutesnaujienos.lt\\\/lt\\\/siulymas-keisti-rajonu-ribas-pakvipo-politine-provokacija\\\/#article\",\"isPartOf\":{\"@id\":\"https:\\\/\\\/www.silutesnaujienos.lt\\\/lt\\\/siulymas-keisti-rajonu-ribas-pakvipo-politine-provokacija\\\/\"},\"author\":{\"name\":\"\u0160ilut\u0117s naujien\u0173 inf.\",\"@id\":\"https:\\\/\\\/www.silutesnaujienos.lt\\\/lt\\\/#\\\/schema\\\/person\\\/232f475ddd4a7b5f49b3abc788b17e83\"},\"headline\":\"Si\u016blymas keisti rajon\u0173 ribas pakvipo politine provokacija\",\"datePublished\":\"2015-03-03T12:30:00+00:00\",\"mainEntityOfPage\":{\"@id\":\"https:\\\/\\\/www.silutesnaujienos.lt\\\/lt\\\/siulymas-keisti-rajonu-ribas-pakvipo-politine-provokacija\\\/\"},\"wordCount\":660,\"commentCount\":0,\"publisher\":{\"@id\":\"https:\\\/\\\/www.silutesnaujienos.lt\\\/lt\\\/#organization\"},\"articleSection\":[\"Aktualijos\"],\"inLanguage\":\"lt-LT\",\"potentialAction\":[{\"@type\":\"CommentAction\",\"name\":\"Comment\",\"target\":[\"https:\\\/\\\/www.silutesnaujienos.lt\\\/lt\\\/siulymas-keisti-rajonu-ribas-pakvipo-politine-provokacija\\\/#respond\"]}]},{\"@type\":\"WebPage\",\"@id\":\"https:\\\/\\\/www.silutesnaujienos.lt\\\/lt\\\/siulymas-keisti-rajonu-ribas-pakvipo-politine-provokacija\\\/\",\"url\":\"https:\\\/\\\/www.silutesnaujienos.lt\\\/lt\\\/siulymas-keisti-rajonu-ribas-pakvipo-politine-provokacija\\\/\",\"name\":\"Si\u016blymas keisti rajon\u0173 ribas pakvipo politine provokacija - \u0160ilut\u0117s naujienos\",\"isPartOf\":{\"@id\":\"https:\\\/\\\/www.silutesnaujienos.lt\\\/lt\\\/#website\"},\"datePublished\":\"2015-03-03T12:30:00+00:00\",\"breadcrumb\":{\"@id\":\"https:\\\/\\\/www.silutesnaujienos.lt\\\/lt\\\/siulymas-keisti-rajonu-ribas-pakvipo-politine-provokacija\\\/#breadcrumb\"},\"inLanguage\":\"lt-LT\",\"potentialAction\":[{\"@type\":\"ReadAction\",\"target\":[\"https:\\\/\\\/www.silutesnaujienos.lt\\\/lt\\\/siulymas-keisti-rajonu-ribas-pakvipo-politine-provokacija\\\/\"]}]},{\"@type\":\"BreadcrumbList\",\"@id\":\"https:\\\/\\\/www.silutesnaujienos.lt\\\/lt\\\/siulymas-keisti-rajonu-ribas-pakvipo-politine-provokacija\\\/#breadcrumb\",\"itemListElement\":[{\"@type\":\"ListItem\",\"position\":1,\"name\":\"Home\",\"item\":\"https:\\\/\\\/www.silutesnaujienos.lt\\\/lt\\\/\"},{\"@type\":\"ListItem\",\"position\":2,\"name\":\"Si\u016blymas keisti rajon\u0173 ribas pakvipo politine provokacija\"}]},{\"@type\":\"WebSite\",\"@id\":\"https:\\\/\\\/www.silutesnaujienos.lt\\\/lt\\\/#website\",\"url\":\"https:\\\/\\\/www.silutesnaujienos.lt\\\/lt\\\/\",\"name\":\"\u0160ilut\u0117s naujienos\",\"description\":\"B\u016bk ant naujien\u0173 bangos!\",\"publisher\":{\"@id\":\"https:\\\/\\\/www.silutesnaujienos.lt\\\/lt\\\/#organization\"},\"potentialAction\":[{\"@type\":\"SearchAction\",\"target\":{\"@type\":\"EntryPoint\",\"urlTemplate\":\"https:\\\/\\\/www.silutesnaujienos.lt\\\/lt\\\/?s={search_term_string}\"},\"query-input\":{\"@type\":\"PropertyValueSpecification\",\"valueRequired\":true,\"valueName\":\"search_term_string\"}}],\"inLanguage\":\"lt-LT\"},{\"@type\":\"Organization\",\"@id\":\"https:\\\/\\\/www.silutesnaujienos.lt\\\/lt\\\/#organization\",\"name\":\"\u0160ilut\u0117s naujienos\",\"url\":\"https:\\\/\\\/www.silutesnaujienos.lt\\\/lt\\\/\",\"logo\":{\"@type\":\"ImageObject\",\"inLanguage\":\"lt-LT\",\"@id\":\"https:\\\/\\\/www.silutesnaujienos.lt\\\/lt\\\/#\\\/schema\\\/logo\\\/image\\\/\",\"url\":\"https:\\\/\\\/www.silutesnaujienos.lt\\\/lt\\\/wp-content\\\/uploads\\\/2020\\\/06\\\/FB_MAIN.jpg\",\"contentUrl\":\"https:\\\/\\\/www.silutesnaujienos.lt\\\/lt\\\/wp-content\\\/uploads\\\/2020\\\/06\\\/FB_MAIN.jpg\",\"width\":1700,\"height\":956,\"caption\":\"\u0160ilut\u0117s naujienos\"},\"image\":{\"@id\":\"https:\\\/\\\/www.silutesnaujienos.lt\\\/lt\\\/#\\\/schema\\\/logo\\\/image\\\/\"},\"sameAs\":[\"https:\\\/\\\/www.facebook.com\\\/silutes.naujienos\\\/\",\"https:\\\/\\\/www.youtube.com\\\/channel\\\/UCxW-cgrJDt8GxIMxSTAfJZg\"]},{\"@type\":\"Person\",\"@id\":\"https:\\\/\\\/www.silutesnaujienos.lt\\\/lt\\\/#\\\/schema\\\/person\\\/232f475ddd4a7b5f49b3abc788b17e83\",\"name\":\"\u0160ilut\u0117s naujien\u0173 inf.\",\"image\":{\"@type\":\"ImageObject\",\"inLanguage\":\"lt-LT\",\"@id\":\"https:\\\/\\\/www.silutesnaujienos.lt\\\/lt\\\/wp-content\\\/uploads\\\/2020\\\/06\\\/favicon.png\",\"url\":\"https:\\\/\\\/www.silutesnaujienos.lt\\\/lt\\\/wp-content\\\/uploads\\\/2020\\\/06\\\/favicon.png\",\"contentUrl\":\"https:\\\/\\\/www.silutesnaujienos.lt\\\/lt\\\/wp-content\\\/uploads\\\/2020\\\/06\\\/favicon.png\",\"caption\":\"\u0160ilut\u0117s naujien\u0173 inf.\"},\"sameAs\":[\"https:\\\/\\\/www.silutesnaujienos.lt\\\/lt\"],\"url\":\"https:\\\/\\\/www.silutesnaujienos.lt\\\/lt\\\/author\\\/ruta\\\/\"}]}<\/script>\n<!-- \/ Yoast SEO plugin. -->","yoast_head_json":{"title":"Si\u016blymas keisti rajon\u0173 ribas pakvipo politine provokacija - \u0160ilut\u0117s naujienos","robots":{"index":"index","follow":"follow","max-snippet":"max-snippet:-1","max-image-preview":"max-image-preview:large","max-video-preview":"max-video-preview:-1"},"canonical":"https:\/\/www.silutesnaujienos.lt\/lt\/siulymas-keisti-rajonu-ribas-pakvipo-politine-provokacija\/","og_locale":"lt_LT","og_type":"article","og_title":"Si\u016blymas keisti rajon\u0173 ribas pakvipo politine provokacija - \u0160ilut\u0117s naujienos","og_description":"Pra\u0117jusi\u0173 met\u0173 pabaigoje Lietuvos prezident\u0117 Dalia Grybauskait\u0117, Seimo pirminink\u0117 Loreta Grau\u017einien\u0117 ir Vyriausyb\u0117s vadovas Algirdas Butkevi\u010dius sulauk\u0117 Dituvos gyventoj\u0173 pra\u0161ymo persvarstyti Klaip\u0117dos rajono ribas ir nuo rajono centro Garg\u017ed\u0173 labiausiai nutolusias vietoves prijungti prie gretim\u0173 rajon\u0173. I\u0161 Prezident\u016bros persi\u0173stas ra\u0161tas Vidaus reikal\u0173 ministerijai padar\u0117 \u012fsp\u016bd\u012f ir dabar dituvi\u0161ki\u0173 pasi\u016blymus \u012fpareigotos \u012fvertinti Klaip\u0117dos, \u0160ilut\u0117s ir Kretingos [&hellip;]","og_url":"https:\/\/www.silutesnaujienos.lt\/lt\/siulymas-keisti-rajonu-ribas-pakvipo-politine-provokacija\/","og_site_name":"\u0160ilut\u0117s naujienos","article_publisher":"https:\/\/www.facebook.com\/silutes.naujienos\/","article_published_time":"2015-03-03T12:30:00+00:00","og_image":[{"url":"\/\/silutesnaujienos.lt\/images\/stories\/2015\/KOVAS\/03\/thumbnails\/thumb_aplinkkelis_dituva.jpg","type":"","width":"","height":""}],"author":"\u0160ilut\u0117s naujien\u0173 inf.","twitter_card":"summary_large_image","twitter_misc":{"Written by":"\u0160ilut\u0117s naujien\u0173 inf.","Est. reading time":"3 minut\u0117s"},"schema":{"@context":"https:\/\/schema.org","@graph":[{"@type":"Article","@id":"https:\/\/www.silutesnaujienos.lt\/lt\/siulymas-keisti-rajonu-ribas-pakvipo-politine-provokacija\/#article","isPartOf":{"@id":"https:\/\/www.silutesnaujienos.lt\/lt\/siulymas-keisti-rajonu-ribas-pakvipo-politine-provokacija\/"},"author":{"name":"\u0160ilut\u0117s naujien\u0173 inf.","@id":"https:\/\/www.silutesnaujienos.lt\/lt\/#\/schema\/person\/232f475ddd4a7b5f49b3abc788b17e83"},"headline":"Si\u016blymas keisti rajon\u0173 ribas pakvipo politine provokacija","datePublished":"2015-03-03T12:30:00+00:00","mainEntityOfPage":{"@id":"https:\/\/www.silutesnaujienos.lt\/lt\/siulymas-keisti-rajonu-ribas-pakvipo-politine-provokacija\/"},"wordCount":660,"commentCount":0,"publisher":{"@id":"https:\/\/www.silutesnaujienos.lt\/lt\/#organization"},"articleSection":["Aktualijos"],"inLanguage":"lt-LT","potentialAction":[{"@type":"CommentAction","name":"Comment","target":["https:\/\/www.silutesnaujienos.lt\/lt\/siulymas-keisti-rajonu-ribas-pakvipo-politine-provokacija\/#respond"]}]},{"@type":"WebPage","@id":"https:\/\/www.silutesnaujienos.lt\/lt\/siulymas-keisti-rajonu-ribas-pakvipo-politine-provokacija\/","url":"https:\/\/www.silutesnaujienos.lt\/lt\/siulymas-keisti-rajonu-ribas-pakvipo-politine-provokacija\/","name":"Si\u016blymas keisti rajon\u0173 ribas pakvipo politine provokacija - \u0160ilut\u0117s naujienos","isPartOf":{"@id":"https:\/\/www.silutesnaujienos.lt\/lt\/#website"},"datePublished":"2015-03-03T12:30:00+00:00","breadcrumb":{"@id":"https:\/\/www.silutesnaujienos.lt\/lt\/siulymas-keisti-rajonu-ribas-pakvipo-politine-provokacija\/#breadcrumb"},"inLanguage":"lt-LT","potentialAction":[{"@type":"ReadAction","target":["https:\/\/www.silutesnaujienos.lt\/lt\/siulymas-keisti-rajonu-ribas-pakvipo-politine-provokacija\/"]}]},{"@type":"BreadcrumbList","@id":"https:\/\/www.silutesnaujienos.lt\/lt\/siulymas-keisti-rajonu-ribas-pakvipo-politine-provokacija\/#breadcrumb","itemListElement":[{"@type":"ListItem","position":1,"name":"Home","item":"https:\/\/www.silutesnaujienos.lt\/lt\/"},{"@type":"ListItem","position":2,"name":"Si\u016blymas keisti rajon\u0173 ribas pakvipo politine provokacija"}]},{"@type":"WebSite","@id":"https:\/\/www.silutesnaujienos.lt\/lt\/#website","url":"https:\/\/www.silutesnaujienos.lt\/lt\/","name":"\u0160ilut\u0117s naujienos","description":"B\u016bk ant naujien\u0173 bangos!","publisher":{"@id":"https:\/\/www.silutesnaujienos.lt\/lt\/#organization"},"potentialAction":[{"@type":"SearchAction","target":{"@type":"EntryPoint","urlTemplate":"https:\/\/www.silutesnaujienos.lt\/lt\/?s={search_term_string}"},"query-input":{"@type":"PropertyValueSpecification","valueRequired":true,"valueName":"search_term_string"}}],"inLanguage":"lt-LT"},{"@type":"Organization","@id":"https:\/\/www.silutesnaujienos.lt\/lt\/#organization","name":"\u0160ilut\u0117s naujienos","url":"https:\/\/www.silutesnaujienos.lt\/lt\/","logo":{"@type":"ImageObject","inLanguage":"lt-LT","@id":"https:\/\/www.silutesnaujienos.lt\/lt\/#\/schema\/logo\/image\/","url":"https:\/\/www.silutesnaujienos.lt\/lt\/wp-content\/uploads\/2020\/06\/FB_MAIN.jpg","contentUrl":"https:\/\/www.silutesnaujienos.lt\/lt\/wp-content\/uploads\/2020\/06\/FB_MAIN.jpg","width":1700,"height":956,"caption":"\u0160ilut\u0117s naujienos"},"image":{"@id":"https:\/\/www.silutesnaujienos.lt\/lt\/#\/schema\/logo\/image\/"},"sameAs":["https:\/\/www.facebook.com\/silutes.naujienos\/","https:\/\/www.youtube.com\/channel\/UCxW-cgrJDt8GxIMxSTAfJZg"]},{"@type":"Person","@id":"https:\/\/www.silutesnaujienos.lt\/lt\/#\/schema\/person\/232f475ddd4a7b5f49b3abc788b17e83","name":"\u0160ilut\u0117s naujien\u0173 inf.","image":{"@type":"ImageObject","inLanguage":"lt-LT","@id":"https:\/\/www.silutesnaujienos.lt\/lt\/wp-content\/uploads\/2020\/06\/favicon.png","url":"https:\/\/www.silutesnaujienos.lt\/lt\/wp-content\/uploads\/2020\/06\/favicon.png","contentUrl":"https:\/\/www.silutesnaujienos.lt\/lt\/wp-content\/uploads\/2020\/06\/favicon.png","caption":"\u0160ilut\u0117s naujien\u0173 inf."},"sameAs":["https:\/\/www.silutesnaujienos.lt\/lt"],"url":"https:\/\/www.silutesnaujienos.lt\/lt\/author\/ruta\/"}]}},"publishpress_future_workflow_manual_trigger":{"enabledWorkflows":[]},"amp_enabled":true,"_links":{"self":[{"href":"https:\/\/www.silutesnaujienos.lt\/lt\/wp-json\/wp\/v2\/posts\/10900","targetHints":{"allow":["GET"]}}],"collection":[{"href":"https:\/\/www.silutesnaujienos.lt\/lt\/wp-json\/wp\/v2\/posts"}],"about":[{"href":"https:\/\/www.silutesnaujienos.lt\/lt\/wp-json\/wp\/v2\/types\/post"}],"author":[{"embeddable":true,"href":"https:\/\/www.silutesnaujienos.lt\/lt\/wp-json\/wp\/v2\/users\/1"}],"replies":[{"embeddable":true,"href":"https:\/\/www.silutesnaujienos.lt\/lt\/wp-json\/wp\/v2\/comments?post=10900"}],"version-history":[{"count":0,"href":"https:\/\/www.silutesnaujienos.lt\/lt\/wp-json\/wp\/v2\/posts\/10900\/revisions"}],"wp:attachment":[{"href":"https:\/\/www.silutesnaujienos.lt\/lt\/wp-json\/wp\/v2\/media?parent=10900"}],"wp:term":[{"taxonomy":"category","embeddable":true,"href":"https:\/\/www.silutesnaujienos.lt\/lt\/wp-json\/wp\/v2\/categories?post=10900"},{"taxonomy":"post_tag","embeddable":true,"href":"https:\/\/www.silutesnaujienos.lt\/lt\/wp-json\/wp\/v2\/tags?post=10900"}],"curies":[{"name":"wp","href":"https:\/\/api.w.org\/{rel}","templated":true}]}}