{"id":1094,"date":"2017-04-11T09:00:00","date_gmt":"2017-04-11T11:00:00","guid":{"rendered":"https:\/\/www.silutesnaujienos.lt\/lt\/garsi-lietuviu-kilmes-vokietijos-menininke-aldona-gustas-vilniuje-atidaro-paroda\/"},"modified":"2017-04-11T09:00:00","modified_gmt":"2017-04-11T11:00:00","slug":"garsi-lietuviu-kilmes-vokietijos-menininke-aldona-gustas-vilniuje-atidaro-paroda","status":"publish","type":"post","link":"https:\/\/www.silutesnaujienos.lt\/lt\/garsi-lietuviu-kilmes-vokietijos-menininke-aldona-gustas-vilniuje-atidaro-paroda\/","title":{"rendered":"Garsi lietuvi\u0173 kilm\u0117s Vokietijos meninink\u0117 Aldona Gustas Vilniuje atidaro parod\u0105"},"content":{"rendered":"<p><a href=\"\/\/silutesnaujienos.lt\/images\/stories\/2017\/04\/04_11\/1.jpg\" class=\"jcepopup\" rel=\"caption[A.Gustas. J.Colton nuotr.] noopener noreferrer\" target=\"_blank\" data-rel=\"lightbox-gallery-4itKFqxr\" data-rl_title=\"\" data-rl_caption=\"\"><img loading=\"lazy\" decoding=\"async\" src=\"\/\/silutesnaujienos.lt\/images\/stories\/2017\/04\/04_11\/thumbnails\/thumb_1.jpg\" alt=\"1\" title=\"\" class=\"caption\" style=\"margin: 5px; float: left;\" height=\"230\" width=\"307\" \/><\/a><strong>\u012e Vilni\u0173 atvyko lietuvi\u0173 kilm\u0117s Vokietijos poet\u0117 ir grafik\u0117 Aldona Gustas. Ji dalyvaus savo parodos \u201eMoterys su burnomis\u201c atidaryme Lietuvos nacionalin\u0117je Martyno Ma\u017evydo bibliotekoje, kuris vyks baland\u017eio 11 d. 18 val.<\/strong><\/p>\n<p><strong>A.Gustas gim\u0117 1932 m. \u0160ilut\u0117s rajone, \u010dia ir Klaip\u0117doje prab\u0117go jos vaikyst\u0117. Per Antr\u0105j\u012f pasaulin\u012f kar\u0105 jos \u0161eima b\u0117go i\u0161 t\u0117vyn\u0117s ir 1945 m. pasiek\u0117 (Vakar\u0173) Berlyn\u0105, kur meninink\u0117 gyvena iki \u0161iol.<\/strong><\/p>\n<p>Sulaukusi 26-eri\u0173 ji prad\u0117jo kurti eil\u0117ra\u0161\u010dius ir nuo tada yra i\u0161leidusi de\u0161imtis poezijos knyg\u0173. Kai kurie jos eil\u0117ra\u0161\u010diai virto dainomis, buvo i\u0161versti \u012f lietuvi\u0173, lenk\u0173, ispan\u0173, pranc\u016bz\u0173 ir kitas kalbas. Iki devyneri\u0173 A.Gustas kalb\u0117jo lietuvi\u0161kai. Kai jos \u0161eima atsid\u016br\u0117 Vokietijoje, ji \u0117m\u0117 kalb\u0117ti, o v\u0117liau ir ra\u0161yti voki\u0161kai. Poet\u0117s teigimu, vokie\u010di\u0173 kalba jai vis dar turi ka\u017ekokio \u201eu\u017esienieti\u0161ko \u017eavesio\u201c, ji jau\u010diasi lyg b\u016bt\u0173 pra\u0161alait\u0117, kurios \u0161aknys \u2013 lietuvi\u0161kos, net jei ji ir nemoka ra\u0161yti \u0161ia kalba.<\/p>\n<p>Daug met\u0173 A.Gustas priklaus\u0117 Vakar\u0173 Berlyno ir Kroicbergo meninink\u0173 ir literat\u0173 bendruomenei ir bi\u010diuliavosi su tokiais menininkais, kaip G\u00fcnteris Bruno Fuchsas, Robertas Wolfgangas Schnellis ar G\u00fcnteris Grassas. Pasinaudojusi \u0161iais ry\u0161iais ir siekdama sujungti literat\u016br\u0105 su tapyba, 1972 m. ji \u012fsteig\u0117 meninink\u0173 grup\u0119 \u201eBerlyno dailininkai-poetai\u201c (Berliner Malerpoeten). \u0160iai legendinei grupei priklaus\u0117 14 tapan\u010di\u0173 ra\u0161ytoj\u0173 ir ra\u0161an\u010di\u0173 tapytoj\u0173, kurie i\u0161dr\u012fso realizuoti dvejopus geb\u0117jimus \u2013 meniniu po\u017ei\u016briu gan\u0117tinai skirtingai, kiekvienas pagal savo \u012fsivaizdavim\u0105 ir savo paties sud\u0117liotus akcentus. A.Gustas buvo ne tik grup\u0117s \u201emotina\u201c, bet ir jos vadov\u0117, kurator\u0117 ir vadybinink\u0117.<\/p>\n<p>Remiama Goethe\u2018s instituto meninink\u0117 organizuodavo dailinink\u0173-poet\u0173 parodas Piet\u0173 Amerikoje (Karakase, Medeljine, Buenos Air\u0117se) bei Pietvakari\u0173 Europoje (Briuselyje, Romoje, Nansi, Strasb\u016bre, Bordo ir pan.). Be to, ji yra i\u0161leidusi kelet\u0105 Berlyno dailinink\u0173-poet\u0173 antologij\u0173. Savo pa\u010dios grafikos darbus A.Gustas eksponavo ir personalin\u0117se, ir grupin\u0117se parodose.<\/p>\n<p><a href=\"\/\/silutesnaujienos.lt\/images\/stories\/2017\/04\/04_11\/2.jpg\" class=\"jcepopup\" rel=\"caption[Cikle \u201eMoterys su burnomis\u201c puikiai atsiskleid\u017eia pagrindin\u0117s Aldonos Gustas poetin\u0117s ir pie\u0161tin\u0117s k\u016brybos temos: meil\u0117, erotika, moteri\u0161kumas, Berlynas.] noopener noreferrer\" target=\"_blank\" data-rel=\"lightbox-gallery-4itKFqxr\" data-rl_title=\"\" data-rl_caption=\"\"><img loading=\"lazy\" decoding=\"async\" src=\"\/\/silutesnaujienos.lt\/images\/stories\/2017\/04\/04_11\/thumbnails\/thumb_2.jpg\" alt=\"2\" title=\"\" class=\"caption\" style=\"margin: 5px; float: right;\" height=\"230\" width=\"307\" \/><\/a>Cikle \u201eMoterys su burnomis\u201c puikiai atsiskleid\u017eia pagrindin\u0117s Aldonos Gustas poetin\u0117s ir pie\u0161tin\u0117s k\u016brybos temos: meil\u0117, erotika, moteri\u0161kumas, Berlynas. Dauguma darb\u0173 i\u0161 gausios pie\u0161ini\u0173 serijos \u201eMoterys su burnomis\u201c buvo nupie\u0161ti 20 a. 10-ajame de\u0161. ir anks\u010diau niekur neeksponuoti.<\/p>\n<p>Tai minimalistiniai ma\u017eesnio ir didesnio formato (50&#215;32 ir 50&#215;65 cm) pie\u0161iniai, kuriuose i\u0161ry\u0161k\u0117ja paslaptingai sulink\u0119 nuogi moter\u0173 k\u016bnai, pateikti gausybe fantazijos kupin\u0173 variacij\u0173, tarsi si\u016bbuojantys lenktomis linijomis, kurios tai nery\u0161kiai, tai gana ai\u0161kiai nubr\u0117\u017eia kr\u016bt\u0173 ir lyties organ\u0173 kont\u016brus bei j\u0173 s\u0105lyt\u012f arba netik\u0117tai virsta keistomis \u017euv\u0173 ar pauk\u0161\u010di\u0173 fig\u016bromis. Da\u017eniausiai tai juodos linijos baltame popieriuje, re\u010diau \u2013 baltos rudame ar spalvotame, ta\u010diau beveik visada akcent\u0105 joms suteikia ma\u017eu\u010diai \u0161ok\u010diojantys ry\u0161kiai raudoni br\u016bk\u0161neliai ar ta\u0161kai \u2013 burnos.<\/p>\n<p>Impuls\u0105 sukurti pie\u0161ini\u0173 cikl\u0105 \u201eMoterys su burnomis\u201c, anot A.Gustas, jai suteik\u0117 ilgalaikis steb\u0117jimas, kaip savo k\u016bryboje moteris vaizduoja jos koleg\u0117s. Stebint dailininkes jai krito \u012f akis \u201edresuota\u201c burn\u0173 ir plauk\u0173 vaizdavimo maniera. A.Gustas manymu, tai vyraujan\u010di\u0173 gro\u017eio ideal\u0173 pinkl\u0117s, kuri\u0173 ji, kaip moteris meninink\u0117 turinti saugotis. <br \/>Pie\u0161ini\u0173 cikl\u0105 \u201eMoterys su burnomis\u201c es\u0105 reik\u0117t\u0173 vertinti kaip \u201ekaprizing\u0105\u201c stereotipinio moteri\u0161kumo vaizdavimo kritik\u0105. \u0160io ciklo pie\u0161iniuose burnos ir plaukai nuolat juda, tarytum kalba, i\u0161vaduoti i\u0161 visuotini\u0173 gro\u017eio ideal\u0173 pan\u010di\u0173. \u0160i\u0105 Aldonos Gustas laisv\u0119 ir pie\u0161imo manier\u0105 atitinka ir jos poetin\u0117 kalba. Eil\u0117ra\u0161\u010diai, kurie pristatomi kartu su pie\u0161iniais \u201eMoterys su burnomis\u201c, da\u017eniausiai yra trumpi ir tiksl\u016bs, jie neturi nei prad\u017eios, nei pabaigos, tod\u0117l gali be ribojan\u010dios punktuacijos laisvai atspind\u0117ti gyvenim\u0105 \u2013 tok\u012f, kok\u012f j\u012f mato meninink\u0117. Eil\u0117ra\u0161\u010dius i\u0161 vokie\u010di\u0173 \u012f lietuvi\u0173 kalb\u0105 i\u0161vert\u0117 Giedr\u0117 Bartelt. Ekspozicijos dailinink\u0117 \u2013 Egl\u0117 Kuckait\u0117.<\/p>\n<p>Aldonos Gustas k\u016bryba ir asmenyb\u0117 sulaukia vis didesnio d\u0117mesio ir pripa\u017einimo tiek Vokietijoje, tiek u\u017e jos rib\u0173. U\u017e jos veikl\u0105 Aldonai Gustas buvo \u012fteikti \u0161ie apdovanojimai: 1997 m. \u2013 Rahel\u0117s Varnhagen von Ense medalis, 1999 m. \u2013 Vokietijos kry\u017eius u\u017e nuopelnus (vok. Bundesverdienstkreuz), 2006 m. \u2013 ordino \u201eU\u017e nuopelnus Lietuvai\u201c medalis.<\/p>\n<p><span style=\"color: #008000;\"><strong><a href=\"http:\/\/kultura.lrytas.lt\/daile\/garsi-lietuviu-kilmes-vokietijos-menininke-aldona-gustas-vilniuje-atidaro-paroda.htm\"><span style=\"color: #008000;\">Lrytas.lt inf.<\/span><\/a><\/strong><\/span><\/p>\n","protected":false},"excerpt":{"rendered":"<p>\u012e Vilni\u0173 atvyko lietuvi\u0173 kilm\u0117s Vokietijos poet\u0117 ir grafik\u0117 Aldona Gustas. Ji dalyvaus savo parodos \u201eMoterys su burnomis\u201c atidaryme Lietuvos nacionalin\u0117je Martyno Ma\u017evydo bibliotekoje, kuris vyks baland\u017eio 11 d. 18 val. A.Gustas gim\u0117 1932 m. \u0160ilut\u0117s rajone, \u010dia ir Klaip\u0117doje prab\u0117go jos vaikyst\u0117. Per Antr\u0105j\u012f pasaulin\u012f kar\u0105 jos \u0161eima b\u0117go i\u0161 t\u0117vyn\u0117s ir 1945 m. [&hellip;]<\/p>\n","protected":false},"author":1,"featured_media":0,"comment_status":"open","ping_status":"open","sticky":false,"template":"","format":"standard","meta":{"footnotes":""},"categories":[52],"tags":[],"class_list":{"0":"post-1094","1":"post","2":"type-post","3":"status-publish","4":"format-standard","6":"category-gyvenimas"},"yoast_head":"<!-- This site is optimized with the Yoast SEO plugin v27.5 - https:\/\/yoast.com\/product\/yoast-seo-wordpress\/ -->\n<title>Garsi lietuvi\u0173 kilm\u0117s Vokietijos meninink\u0117 Aldona Gustas Vilniuje atidaro parod\u0105 - \u0160ilut\u0117s naujienos<\/title>\n<meta name=\"robots\" content=\"index, follow, max-snippet:-1, max-image-preview:large, max-video-preview:-1\" \/>\n<link rel=\"canonical\" href=\"https:\/\/www.silutesnaujienos.lt\/lt\/garsi-lietuviu-kilmes-vokietijos-menininke-aldona-gustas-vilniuje-atidaro-paroda\/\" \/>\n<meta property=\"og:locale\" content=\"lt_LT\" \/>\n<meta property=\"og:type\" content=\"article\" \/>\n<meta property=\"og:title\" content=\"Garsi lietuvi\u0173 kilm\u0117s Vokietijos meninink\u0117 Aldona Gustas Vilniuje atidaro parod\u0105 - \u0160ilut\u0117s naujienos\" \/>\n<meta property=\"og:description\" content=\"\u012e Vilni\u0173 atvyko lietuvi\u0173 kilm\u0117s Vokietijos poet\u0117 ir grafik\u0117 Aldona Gustas. Ji dalyvaus savo parodos \u201eMoterys su burnomis\u201c atidaryme Lietuvos nacionalin\u0117je Martyno Ma\u017evydo bibliotekoje, kuris vyks baland\u017eio 11 d. 18 val. A.Gustas gim\u0117 1932 m. \u0160ilut\u0117s rajone, \u010dia ir Klaip\u0117doje prab\u0117go jos vaikyst\u0117. Per Antr\u0105j\u012f pasaulin\u012f kar\u0105 jos \u0161eima b\u0117go i\u0161 t\u0117vyn\u0117s ir 1945 m. [&hellip;]\" \/>\n<meta property=\"og:url\" content=\"https:\/\/www.silutesnaujienos.lt\/lt\/garsi-lietuviu-kilmes-vokietijos-menininke-aldona-gustas-vilniuje-atidaro-paroda\/\" \/>\n<meta property=\"og:site_name\" content=\"\u0160ilut\u0117s naujienos\" \/>\n<meta property=\"article:publisher\" content=\"https:\/\/www.facebook.com\/silutes.naujienos\/\" \/>\n<meta property=\"article:published_time\" content=\"2017-04-11T11:00:00+00:00\" \/>\n<meta property=\"og:image\" content=\"\/\/silutesnaujienos.lt\/images\/stories\/2017\/04\/04_11\/thumbnails\/thumb_1.jpg\" \/>\n<meta name=\"author\" content=\"\u0160ilut\u0117s naujien\u0173 inf.\" \/>\n<meta name=\"twitter:card\" content=\"summary_large_image\" \/>\n<meta name=\"twitter:label1\" content=\"Written by\" \/>\n\t<meta name=\"twitter:data1\" content=\"\u0160ilut\u0117s naujien\u0173 inf.\" \/>\n\t<meta name=\"twitter:label2\" content=\"Est. reading time\" \/>\n\t<meta name=\"twitter:data2\" content=\"3 minut\u0117s\" \/>\n<script type=\"application\/ld+json\" class=\"yoast-schema-graph\">{\"@context\":\"https:\\\/\\\/schema.org\",\"@graph\":[{\"@type\":\"Article\",\"@id\":\"https:\\\/\\\/www.silutesnaujienos.lt\\\/lt\\\/garsi-lietuviu-kilmes-vokietijos-menininke-aldona-gustas-vilniuje-atidaro-paroda\\\/#article\",\"isPartOf\":{\"@id\":\"https:\\\/\\\/www.silutesnaujienos.lt\\\/lt\\\/garsi-lietuviu-kilmes-vokietijos-menininke-aldona-gustas-vilniuje-atidaro-paroda\\\/\"},\"author\":{\"name\":\"\u0160ilut\u0117s naujien\u0173 inf.\",\"@id\":\"https:\\\/\\\/www.silutesnaujienos.lt\\\/lt\\\/#\\\/schema\\\/person\\\/232f475ddd4a7b5f49b3abc788b17e83\"},\"headline\":\"Garsi lietuvi\u0173 kilm\u0117s Vokietijos meninink\u0117 Aldona Gustas Vilniuje atidaro parod\u0105\",\"datePublished\":\"2017-04-11T11:00:00+00:00\",\"mainEntityOfPage\":{\"@id\":\"https:\\\/\\\/www.silutesnaujienos.lt\\\/lt\\\/garsi-lietuviu-kilmes-vokietijos-menininke-aldona-gustas-vilniuje-atidaro-paroda\\\/\"},\"wordCount\":701,\"commentCount\":0,\"publisher\":{\"@id\":\"https:\\\/\\\/www.silutesnaujienos.lt\\\/lt\\\/#organization\"},\"articleSection\":[\"Gyvenimas\"],\"inLanguage\":\"lt-LT\",\"potentialAction\":[{\"@type\":\"CommentAction\",\"name\":\"Comment\",\"target\":[\"https:\\\/\\\/www.silutesnaujienos.lt\\\/lt\\\/garsi-lietuviu-kilmes-vokietijos-menininke-aldona-gustas-vilniuje-atidaro-paroda\\\/#respond\"]}]},{\"@type\":\"WebPage\",\"@id\":\"https:\\\/\\\/www.silutesnaujienos.lt\\\/lt\\\/garsi-lietuviu-kilmes-vokietijos-menininke-aldona-gustas-vilniuje-atidaro-paroda\\\/\",\"url\":\"https:\\\/\\\/www.silutesnaujienos.lt\\\/lt\\\/garsi-lietuviu-kilmes-vokietijos-menininke-aldona-gustas-vilniuje-atidaro-paroda\\\/\",\"name\":\"Garsi lietuvi\u0173 kilm\u0117s Vokietijos meninink\u0117 Aldona Gustas Vilniuje atidaro parod\u0105 - \u0160ilut\u0117s naujienos\",\"isPartOf\":{\"@id\":\"https:\\\/\\\/www.silutesnaujienos.lt\\\/lt\\\/#website\"},\"datePublished\":\"2017-04-11T11:00:00+00:00\",\"breadcrumb\":{\"@id\":\"https:\\\/\\\/www.silutesnaujienos.lt\\\/lt\\\/garsi-lietuviu-kilmes-vokietijos-menininke-aldona-gustas-vilniuje-atidaro-paroda\\\/#breadcrumb\"},\"inLanguage\":\"lt-LT\",\"potentialAction\":[{\"@type\":\"ReadAction\",\"target\":[\"https:\\\/\\\/www.silutesnaujienos.lt\\\/lt\\\/garsi-lietuviu-kilmes-vokietijos-menininke-aldona-gustas-vilniuje-atidaro-paroda\\\/\"]}]},{\"@type\":\"BreadcrumbList\",\"@id\":\"https:\\\/\\\/www.silutesnaujienos.lt\\\/lt\\\/garsi-lietuviu-kilmes-vokietijos-menininke-aldona-gustas-vilniuje-atidaro-paroda\\\/#breadcrumb\",\"itemListElement\":[{\"@type\":\"ListItem\",\"position\":1,\"name\":\"Home\",\"item\":\"https:\\\/\\\/www.silutesnaujienos.lt\\\/lt\\\/\"},{\"@type\":\"ListItem\",\"position\":2,\"name\":\"Garsi lietuvi\u0173 kilm\u0117s Vokietijos meninink\u0117 Aldona Gustas Vilniuje atidaro parod\u0105\"}]},{\"@type\":\"WebSite\",\"@id\":\"https:\\\/\\\/www.silutesnaujienos.lt\\\/lt\\\/#website\",\"url\":\"https:\\\/\\\/www.silutesnaujienos.lt\\\/lt\\\/\",\"name\":\"\u0160ilut\u0117s naujienos\",\"description\":\"B\u016bk ant naujien\u0173 bangos!\",\"publisher\":{\"@id\":\"https:\\\/\\\/www.silutesnaujienos.lt\\\/lt\\\/#organization\"},\"potentialAction\":[{\"@type\":\"SearchAction\",\"target\":{\"@type\":\"EntryPoint\",\"urlTemplate\":\"https:\\\/\\\/www.silutesnaujienos.lt\\\/lt\\\/?s={search_term_string}\"},\"query-input\":{\"@type\":\"PropertyValueSpecification\",\"valueRequired\":true,\"valueName\":\"search_term_string\"}}],\"inLanguage\":\"lt-LT\"},{\"@type\":\"Organization\",\"@id\":\"https:\\\/\\\/www.silutesnaujienos.lt\\\/lt\\\/#organization\",\"name\":\"\u0160ilut\u0117s naujienos\",\"url\":\"https:\\\/\\\/www.silutesnaujienos.lt\\\/lt\\\/\",\"logo\":{\"@type\":\"ImageObject\",\"inLanguage\":\"lt-LT\",\"@id\":\"https:\\\/\\\/www.silutesnaujienos.lt\\\/lt\\\/#\\\/schema\\\/logo\\\/image\\\/\",\"url\":\"https:\\\/\\\/www.silutesnaujienos.lt\\\/lt\\\/wp-content\\\/uploads\\\/2020\\\/06\\\/FB_MAIN.jpg\",\"contentUrl\":\"https:\\\/\\\/www.silutesnaujienos.lt\\\/lt\\\/wp-content\\\/uploads\\\/2020\\\/06\\\/FB_MAIN.jpg\",\"width\":1700,\"height\":956,\"caption\":\"\u0160ilut\u0117s naujienos\"},\"image\":{\"@id\":\"https:\\\/\\\/www.silutesnaujienos.lt\\\/lt\\\/#\\\/schema\\\/logo\\\/image\\\/\"},\"sameAs\":[\"https:\\\/\\\/www.facebook.com\\\/silutes.naujienos\\\/\",\"https:\\\/\\\/www.youtube.com\\\/channel\\\/UCxW-cgrJDt8GxIMxSTAfJZg\"]},{\"@type\":\"Person\",\"@id\":\"https:\\\/\\\/www.silutesnaujienos.lt\\\/lt\\\/#\\\/schema\\\/person\\\/232f475ddd4a7b5f49b3abc788b17e83\",\"name\":\"\u0160ilut\u0117s naujien\u0173 inf.\",\"image\":{\"@type\":\"ImageObject\",\"inLanguage\":\"lt-LT\",\"@id\":\"https:\\\/\\\/www.silutesnaujienos.lt\\\/lt\\\/wp-content\\\/uploads\\\/2020\\\/06\\\/favicon.png\",\"url\":\"https:\\\/\\\/www.silutesnaujienos.lt\\\/lt\\\/wp-content\\\/uploads\\\/2020\\\/06\\\/favicon.png\",\"contentUrl\":\"https:\\\/\\\/www.silutesnaujienos.lt\\\/lt\\\/wp-content\\\/uploads\\\/2020\\\/06\\\/favicon.png\",\"caption\":\"\u0160ilut\u0117s naujien\u0173 inf.\"},\"sameAs\":[\"https:\\\/\\\/www.silutesnaujienos.lt\\\/lt\"],\"url\":\"https:\\\/\\\/www.silutesnaujienos.lt\\\/lt\\\/author\\\/ruta\\\/\"}]}<\/script>\n<!-- \/ Yoast SEO plugin. -->","yoast_head_json":{"title":"Garsi lietuvi\u0173 kilm\u0117s Vokietijos meninink\u0117 Aldona Gustas Vilniuje atidaro parod\u0105 - \u0160ilut\u0117s naujienos","robots":{"index":"index","follow":"follow","max-snippet":"max-snippet:-1","max-image-preview":"max-image-preview:large","max-video-preview":"max-video-preview:-1"},"canonical":"https:\/\/www.silutesnaujienos.lt\/lt\/garsi-lietuviu-kilmes-vokietijos-menininke-aldona-gustas-vilniuje-atidaro-paroda\/","og_locale":"lt_LT","og_type":"article","og_title":"Garsi lietuvi\u0173 kilm\u0117s Vokietijos meninink\u0117 Aldona Gustas Vilniuje atidaro parod\u0105 - \u0160ilut\u0117s naujienos","og_description":"\u012e Vilni\u0173 atvyko lietuvi\u0173 kilm\u0117s Vokietijos poet\u0117 ir grafik\u0117 Aldona Gustas. Ji dalyvaus savo parodos \u201eMoterys su burnomis\u201c atidaryme Lietuvos nacionalin\u0117je Martyno Ma\u017evydo bibliotekoje, kuris vyks baland\u017eio 11 d. 18 val. A.Gustas gim\u0117 1932 m. \u0160ilut\u0117s rajone, \u010dia ir Klaip\u0117doje prab\u0117go jos vaikyst\u0117. Per Antr\u0105j\u012f pasaulin\u012f kar\u0105 jos \u0161eima b\u0117go i\u0161 t\u0117vyn\u0117s ir 1945 m. [&hellip;]","og_url":"https:\/\/www.silutesnaujienos.lt\/lt\/garsi-lietuviu-kilmes-vokietijos-menininke-aldona-gustas-vilniuje-atidaro-paroda\/","og_site_name":"\u0160ilut\u0117s naujienos","article_publisher":"https:\/\/www.facebook.com\/silutes.naujienos\/","article_published_time":"2017-04-11T11:00:00+00:00","og_image":[{"url":"\/\/silutesnaujienos.lt\/images\/stories\/2017\/04\/04_11\/thumbnails\/thumb_1.jpg","type":"","width":"","height":""}],"author":"\u0160ilut\u0117s naujien\u0173 inf.","twitter_card":"summary_large_image","twitter_misc":{"Written by":"\u0160ilut\u0117s naujien\u0173 inf.","Est. reading time":"3 minut\u0117s"},"schema":{"@context":"https:\/\/schema.org","@graph":[{"@type":"Article","@id":"https:\/\/www.silutesnaujienos.lt\/lt\/garsi-lietuviu-kilmes-vokietijos-menininke-aldona-gustas-vilniuje-atidaro-paroda\/#article","isPartOf":{"@id":"https:\/\/www.silutesnaujienos.lt\/lt\/garsi-lietuviu-kilmes-vokietijos-menininke-aldona-gustas-vilniuje-atidaro-paroda\/"},"author":{"name":"\u0160ilut\u0117s naujien\u0173 inf.","@id":"https:\/\/www.silutesnaujienos.lt\/lt\/#\/schema\/person\/232f475ddd4a7b5f49b3abc788b17e83"},"headline":"Garsi lietuvi\u0173 kilm\u0117s Vokietijos meninink\u0117 Aldona Gustas Vilniuje atidaro parod\u0105","datePublished":"2017-04-11T11:00:00+00:00","mainEntityOfPage":{"@id":"https:\/\/www.silutesnaujienos.lt\/lt\/garsi-lietuviu-kilmes-vokietijos-menininke-aldona-gustas-vilniuje-atidaro-paroda\/"},"wordCount":701,"commentCount":0,"publisher":{"@id":"https:\/\/www.silutesnaujienos.lt\/lt\/#organization"},"articleSection":["Gyvenimas"],"inLanguage":"lt-LT","potentialAction":[{"@type":"CommentAction","name":"Comment","target":["https:\/\/www.silutesnaujienos.lt\/lt\/garsi-lietuviu-kilmes-vokietijos-menininke-aldona-gustas-vilniuje-atidaro-paroda\/#respond"]}]},{"@type":"WebPage","@id":"https:\/\/www.silutesnaujienos.lt\/lt\/garsi-lietuviu-kilmes-vokietijos-menininke-aldona-gustas-vilniuje-atidaro-paroda\/","url":"https:\/\/www.silutesnaujienos.lt\/lt\/garsi-lietuviu-kilmes-vokietijos-menininke-aldona-gustas-vilniuje-atidaro-paroda\/","name":"Garsi lietuvi\u0173 kilm\u0117s Vokietijos meninink\u0117 Aldona Gustas Vilniuje atidaro parod\u0105 - \u0160ilut\u0117s naujienos","isPartOf":{"@id":"https:\/\/www.silutesnaujienos.lt\/lt\/#website"},"datePublished":"2017-04-11T11:00:00+00:00","breadcrumb":{"@id":"https:\/\/www.silutesnaujienos.lt\/lt\/garsi-lietuviu-kilmes-vokietijos-menininke-aldona-gustas-vilniuje-atidaro-paroda\/#breadcrumb"},"inLanguage":"lt-LT","potentialAction":[{"@type":"ReadAction","target":["https:\/\/www.silutesnaujienos.lt\/lt\/garsi-lietuviu-kilmes-vokietijos-menininke-aldona-gustas-vilniuje-atidaro-paroda\/"]}]},{"@type":"BreadcrumbList","@id":"https:\/\/www.silutesnaujienos.lt\/lt\/garsi-lietuviu-kilmes-vokietijos-menininke-aldona-gustas-vilniuje-atidaro-paroda\/#breadcrumb","itemListElement":[{"@type":"ListItem","position":1,"name":"Home","item":"https:\/\/www.silutesnaujienos.lt\/lt\/"},{"@type":"ListItem","position":2,"name":"Garsi lietuvi\u0173 kilm\u0117s Vokietijos meninink\u0117 Aldona Gustas Vilniuje atidaro parod\u0105"}]},{"@type":"WebSite","@id":"https:\/\/www.silutesnaujienos.lt\/lt\/#website","url":"https:\/\/www.silutesnaujienos.lt\/lt\/","name":"\u0160ilut\u0117s naujienos","description":"B\u016bk ant naujien\u0173 bangos!","publisher":{"@id":"https:\/\/www.silutesnaujienos.lt\/lt\/#organization"},"potentialAction":[{"@type":"SearchAction","target":{"@type":"EntryPoint","urlTemplate":"https:\/\/www.silutesnaujienos.lt\/lt\/?s={search_term_string}"},"query-input":{"@type":"PropertyValueSpecification","valueRequired":true,"valueName":"search_term_string"}}],"inLanguage":"lt-LT"},{"@type":"Organization","@id":"https:\/\/www.silutesnaujienos.lt\/lt\/#organization","name":"\u0160ilut\u0117s naujienos","url":"https:\/\/www.silutesnaujienos.lt\/lt\/","logo":{"@type":"ImageObject","inLanguage":"lt-LT","@id":"https:\/\/www.silutesnaujienos.lt\/lt\/#\/schema\/logo\/image\/","url":"https:\/\/www.silutesnaujienos.lt\/lt\/wp-content\/uploads\/2020\/06\/FB_MAIN.jpg","contentUrl":"https:\/\/www.silutesnaujienos.lt\/lt\/wp-content\/uploads\/2020\/06\/FB_MAIN.jpg","width":1700,"height":956,"caption":"\u0160ilut\u0117s naujienos"},"image":{"@id":"https:\/\/www.silutesnaujienos.lt\/lt\/#\/schema\/logo\/image\/"},"sameAs":["https:\/\/www.facebook.com\/silutes.naujienos\/","https:\/\/www.youtube.com\/channel\/UCxW-cgrJDt8GxIMxSTAfJZg"]},{"@type":"Person","@id":"https:\/\/www.silutesnaujienos.lt\/lt\/#\/schema\/person\/232f475ddd4a7b5f49b3abc788b17e83","name":"\u0160ilut\u0117s naujien\u0173 inf.","image":{"@type":"ImageObject","inLanguage":"lt-LT","@id":"https:\/\/www.silutesnaujienos.lt\/lt\/wp-content\/uploads\/2020\/06\/favicon.png","url":"https:\/\/www.silutesnaujienos.lt\/lt\/wp-content\/uploads\/2020\/06\/favicon.png","contentUrl":"https:\/\/www.silutesnaujienos.lt\/lt\/wp-content\/uploads\/2020\/06\/favicon.png","caption":"\u0160ilut\u0117s naujien\u0173 inf."},"sameAs":["https:\/\/www.silutesnaujienos.lt\/lt"],"url":"https:\/\/www.silutesnaujienos.lt\/lt\/author\/ruta\/"}]}},"publishpress_future_workflow_manual_trigger":{"enabledWorkflows":[]},"amp_enabled":true,"_links":{"self":[{"href":"https:\/\/www.silutesnaujienos.lt\/lt\/wp-json\/wp\/v2\/posts\/1094","targetHints":{"allow":["GET"]}}],"collection":[{"href":"https:\/\/www.silutesnaujienos.lt\/lt\/wp-json\/wp\/v2\/posts"}],"about":[{"href":"https:\/\/www.silutesnaujienos.lt\/lt\/wp-json\/wp\/v2\/types\/post"}],"author":[{"embeddable":true,"href":"https:\/\/www.silutesnaujienos.lt\/lt\/wp-json\/wp\/v2\/users\/1"}],"replies":[{"embeddable":true,"href":"https:\/\/www.silutesnaujienos.lt\/lt\/wp-json\/wp\/v2\/comments?post=1094"}],"version-history":[{"count":0,"href":"https:\/\/www.silutesnaujienos.lt\/lt\/wp-json\/wp\/v2\/posts\/1094\/revisions"}],"wp:attachment":[{"href":"https:\/\/www.silutesnaujienos.lt\/lt\/wp-json\/wp\/v2\/media?parent=1094"}],"wp:term":[{"taxonomy":"category","embeddable":true,"href":"https:\/\/www.silutesnaujienos.lt\/lt\/wp-json\/wp\/v2\/categories?post=1094"},{"taxonomy":"post_tag","embeddable":true,"href":"https:\/\/www.silutesnaujienos.lt\/lt\/wp-json\/wp\/v2\/tags?post=1094"}],"curies":[{"name":"wp","href":"https:\/\/api.w.org\/{rel}","templated":true}]}}