{"id":10992,"date":"2015-12-17T16:00:00","date_gmt":"2015-12-17T18:00:00","guid":{"rendered":"https:\/\/www.silutesnaujienos.lt\/lt\/vilkytiskiai-grazina-savo-kaima-tvarko-tvenkini\/"},"modified":"2015-12-17T16:00:00","modified_gmt":"2015-12-17T18:00:00","slug":"vilkytiskiai-grazina-savo-kaima-tvarko-tvenkini","status":"publish","type":"post","link":"https:\/\/www.silutesnaujienos.lt\/lt\/vilkytiskiai-grazina-savo-kaima-tvarko-tvenkini\/","title":{"rendered":"Vilkyti\u0161kiai gra\u017eina savo kaim\u0105 &#8211; tvarko tvenkin\u012f"},"content":{"rendered":"<p \/><a target=\"_blank\" rel=\"caption[Vilky\u010di\u0173 parke dar sovietme\u010diu i\u0161kastas tvenkinys atgimsta naujam gyvenimui.] noopener noreferrer\" class=\"jcepopup\" href=\"\/\/silutesnaujienos.lt\/images\/stories\/2015\/GRUODIS\/15\/vilkyciu_tvenkinys_tiltas.jpg\" data-rel=\"lightbox-gallery-X1dwj06A\" data-rl_title=\"\" data-rl_caption=\"\"><img loading=\"lazy\" decoding=\"async\" style=\"margin: 5px; float: left;\" class=\"caption\" title=\"\" alt=\"vilkyciu tvenkinys tiltas\" src=\"\/\/silutesnaujienos.lt\/images\/stories\/2015\/GRUODIS\/15\/thumbnails\/thumb_vilkyciu_tvenkinys_tiltas.jpg\" height=\"230\" width=\"307\" \/><\/a><strong>Saug\u0173 seni\u016bnijos Vilky\u010di\u0173 kaimo pakra\u0161tyje, \u0161alia kelio \u012f Klaip\u0117d\u0105, burzgia ekskavatorius &#8211; vietos bendruomeni\u0173 centras \u201eViltis\u201c \u012fgyvendina savo sumanym\u0105 gra\u017einti kaim\u0105.<br \/><\/strong><br \/><strong>Pavasar\u012f i\u0161k\u0117l\u0119 id\u0117j\u0105, jog reik\u0117t\u0173 naujam gyvenimui prikelti kaimo tvenkin\u012f, o vasar\u0105 prad\u0117j\u0119 darbus, vilkyti\u0161kiai iki \u017eiemos susp\u0117jo daug. Dabar jiems beliko laukti pavasario, kuomet \u0161alia tvenkinio baigs \u012frengti maudyn\u0117ms skirt\u0105 viet\u0105 ir sutvarkys aplink\u0105.<\/strong><strong><br \/><\/strong><br \/>Bevardis, dar sovietme\u010diu i\u0161kastas ir su Veivir\u017eo upeliu susisiekiantis, tad ir jo vandenimis pasipildantis Vilky\u010di\u0173 kaimo tvenkinys u\u017eima apie 1,8 hektar\u0173 plot\u0105.<a target=\"_blank\" rel=\"caption[Pavasar\u012f planuojama atve\u017eti sm\u0117lio ir \u012frengti papl\u016bdim\u012f, tinklinio aik\u0161tel\u0119 pastatyti suoliukus.] noopener noreferrer\" class=\"jcepopup\" href=\"\/\/silutesnaujienos.lt\/images\/stories\/2015\/GRUODIS\/15\/vilkyciu_tvenkinys_upelis.jpg\" data-rel=\"lightbox-gallery-X1dwj06A\" data-rl_title=\"\" data-rl_caption=\"\"><img loading=\"lazy\" decoding=\"async\" style=\"margin: 5px; float: right;\" class=\"caption\" title=\"\" alt=\"vilkyciu tvenkinys upelis\" src=\"\/\/silutesnaujienos.lt\/images\/stories\/2015\/GRUODIS\/15\/thumbnails\/thumb_vilkyciu_tvenkinys_upelis.jpg\" height=\"230\" width=\"307\" \/><\/a><\/p>\n<p>Dauguma vietos gyventoj\u0173 u\u017eaugo vasaros kar\u0161t\u012f nuplaudami jo vandeniu, tad nieko nuostabaus, kad vilkyti\u0161kiams buvo gaila, jog pastaraisiais metais vandens telkinio krantai u\u017e\u017e\u0117l\u0117 kr\u016bmais, o jis pats priaugo nendri\u0173 ir u\u017edumbl\u0117jo.<\/p>\n<p>Vilky\u010di\u0173 bendruomeni\u0173 centro \u201eViltis\u201c nariai pavasar\u012f kreip\u0117si \u012f \u0161iose apylink\u0117se v\u0117jo j\u0117gaines eksploatuojan\u010di\u0105 ir vilkyti\u0161kius finansi\u0161kai remian\u010di\u0105 UAB \u201eNaujoji energija\u201c. Buvo suskai\u010diav\u0119, kad tvenkinio ir jo aplinkos sutvarkymui gali prireikti apie 15 t\u016bkstan\u010di\u0173 eur\u0173 ir pra\u0161\u0117 leidimo bendruomenei skiriamo fondo l\u0117\u0161as panaudoti tvenkinio tvarkymui.<\/p>\n<p>\u201eNorime gra\u017einti savo kaim\u0105, o tam reikia l\u0117\u0161\u0173\u201c, &#8211; sak\u0117 vilkyti\u0161kiai. R\u0117m\u0117j\u0173 pritarimas buvo gautas.<\/p>\n<p>Dabar Manto Genio vadovaujamo bendruomeni\u0173 centro \u201eViltis\u201c nariai d\u017eiaugiasi, kad did\u017eioji dalis darb\u0173 jau padaryta. I\u0161rauti pakrant\u0117se aug\u0119 kr\u016bmai, i\u0161kirstos nendr\u0117s, i\u0161siurbta ir i\u0161kasta daug dumblo i\u0161 tvenkinio dugno, jis i\u0161lygintas ant kranto. Liko tik i\u0161rauti kelmus &#8211; juos pa\u0161alinti vilkyti\u0161kiams pasi\u017ead\u0117jo Saug\u0173 seni\u016bnija.<\/p>\n<p>M.Genys pasakoja, jog dabar lieka sulaukti pavasario. Tuomet planuojama atve\u017eti sm\u0117lio ir \u012frengti papl\u016bdim\u012f, \u012frengti tinklinio aik\u0161tel\u0119 ir pastatyti suoliukus. Taip pat numatyta atnaujinti vienoje vietoje du tvenkinio krantus jungiant\u012f liept\u0105, kuriam tur\u0117klus pasi\u017ead\u0117jo i\u0161kalti vietos meistras, daugelio iniciatyv\u0173 autorius Darius Vilius.<\/p>\n<p>Be to, vilkyti\u0161kiai nor\u0117t\u0173 tvenkinyje \u012fveisti \u017euv\u0173, mat ir anks\u010diau tvenkinyje j\u0173 buvo. Pasak M.Genio, planuojama \u012fveisti verting\u0173 veisli\u0173 \u017euv\u0173.<\/p>\n","protected":false},"excerpt":{"rendered":"<p>Saug\u0173 seni\u016bnijos Vilky\u010di\u0173 kaimo pakra\u0161tyje, \u0161alia kelio \u012f Klaip\u0117d\u0105, burzgia ekskavatorius &#8211; vietos bendruomeni\u0173 centras \u201eViltis\u201c \u012fgyvendina savo sumanym\u0105 gra\u017einti kaim\u0105.Pavasar\u012f i\u0161k\u0117l\u0119 id\u0117j\u0105, jog reik\u0117t\u0173 naujam gyvenimui prikelti kaimo tvenkin\u012f, o vasar\u0105 prad\u0117j\u0119 darbus, vilkyti\u0161kiai iki \u017eiemos susp\u0117jo daug. Dabar jiems beliko laukti pavasario, kuomet \u0161alia tvenkinio baigs \u012frengti maudyn\u0117ms skirt\u0105 viet\u0105 ir sutvarkys aplink\u0105.Bevardis, [&hellip;]<\/p>\n","protected":false},"author":1,"featured_media":0,"comment_status":"open","ping_status":"open","sticky":false,"template":"","format":"standard","meta":{"footnotes":""},"categories":[2],"tags":[],"class_list":{"0":"post-10992","1":"post","2":"type-post","3":"status-publish","4":"format-standard","6":"category-aktualijos"},"yoast_head":"<!-- This site is optimized with the Yoast SEO plugin v27.5 - https:\/\/yoast.com\/product\/yoast-seo-wordpress\/ -->\n<title>Vilkyti\u0161kiai gra\u017eina savo kaim\u0105 - tvarko tvenkin\u012f - \u0160ilut\u0117s naujienos<\/title>\n<meta name=\"robots\" content=\"index, follow, max-snippet:-1, max-image-preview:large, max-video-preview:-1\" \/>\n<link rel=\"canonical\" href=\"https:\/\/www.silutesnaujienos.lt\/lt\/vilkytiskiai-grazina-savo-kaima-tvarko-tvenkini\/\" \/>\n<meta property=\"og:locale\" content=\"lt_LT\" \/>\n<meta property=\"og:type\" content=\"article\" \/>\n<meta property=\"og:title\" content=\"Vilkyti\u0161kiai gra\u017eina savo kaim\u0105 - tvarko tvenkin\u012f - \u0160ilut\u0117s naujienos\" \/>\n<meta property=\"og:description\" content=\"Saug\u0173 seni\u016bnijos Vilky\u010di\u0173 kaimo pakra\u0161tyje, \u0161alia kelio \u012f Klaip\u0117d\u0105, burzgia ekskavatorius &#8211; vietos bendruomeni\u0173 centras \u201eViltis\u201c \u012fgyvendina savo sumanym\u0105 gra\u017einti kaim\u0105.Pavasar\u012f i\u0161k\u0117l\u0119 id\u0117j\u0105, jog reik\u0117t\u0173 naujam gyvenimui prikelti kaimo tvenkin\u012f, o vasar\u0105 prad\u0117j\u0119 darbus, vilkyti\u0161kiai iki \u017eiemos susp\u0117jo daug. Dabar jiems beliko laukti pavasario, kuomet \u0161alia tvenkinio baigs \u012frengti maudyn\u0117ms skirt\u0105 viet\u0105 ir sutvarkys aplink\u0105.Bevardis, [&hellip;]\" \/>\n<meta property=\"og:url\" content=\"https:\/\/www.silutesnaujienos.lt\/lt\/vilkytiskiai-grazina-savo-kaima-tvarko-tvenkini\/\" \/>\n<meta property=\"og:site_name\" content=\"\u0160ilut\u0117s naujienos\" \/>\n<meta property=\"article:publisher\" content=\"https:\/\/www.facebook.com\/silutes.naujienos\/\" \/>\n<meta property=\"article:published_time\" content=\"2015-12-17T18:00:00+00:00\" \/>\n<meta property=\"og:image\" content=\"\/\/silutesnaujienos.lt\/images\/stories\/2015\/GRUODIS\/15\/thumbnails\/thumb_vilkyciu_tvenkinys_tiltas.jpg\" \/>\n<meta name=\"author\" content=\"\u0160ilut\u0117s naujien\u0173 inf.\" \/>\n<meta name=\"twitter:card\" content=\"summary_large_image\" \/>\n<meta name=\"twitter:label1\" content=\"Written by\" \/>\n\t<meta name=\"twitter:data1\" content=\"\u0160ilut\u0117s naujien\u0173 inf.\" \/>\n\t<meta name=\"twitter:label2\" content=\"Est. reading time\" \/>\n\t<meta name=\"twitter:data2\" content=\"2 minut\u0117s\" \/>\n<script type=\"application\/ld+json\" class=\"yoast-schema-graph\">{\"@context\":\"https:\\\/\\\/schema.org\",\"@graph\":[{\"@type\":\"Article\",\"@id\":\"https:\\\/\\\/www.silutesnaujienos.lt\\\/lt\\\/vilkytiskiai-grazina-savo-kaima-tvarko-tvenkini\\\/#article\",\"isPartOf\":{\"@id\":\"https:\\\/\\\/www.silutesnaujienos.lt\\\/lt\\\/vilkytiskiai-grazina-savo-kaima-tvarko-tvenkini\\\/\"},\"author\":{\"name\":\"\u0160ilut\u0117s naujien\u0173 inf.\",\"@id\":\"https:\\\/\\\/www.silutesnaujienos.lt\\\/lt\\\/#\\\/schema\\\/person\\\/232f475ddd4a7b5f49b3abc788b17e83\"},\"headline\":\"Vilkyti\u0161kiai gra\u017eina savo kaim\u0105 &#8211; tvarko tvenkin\u012f\",\"datePublished\":\"2015-12-17T18:00:00+00:00\",\"mainEntityOfPage\":{\"@id\":\"https:\\\/\\\/www.silutesnaujienos.lt\\\/lt\\\/vilkytiskiai-grazina-savo-kaima-tvarko-tvenkini\\\/\"},\"wordCount\":350,\"commentCount\":0,\"publisher\":{\"@id\":\"https:\\\/\\\/www.silutesnaujienos.lt\\\/lt\\\/#organization\"},\"articleSection\":[\"Aktualijos\"],\"inLanguage\":\"lt-LT\",\"potentialAction\":[{\"@type\":\"CommentAction\",\"name\":\"Comment\",\"target\":[\"https:\\\/\\\/www.silutesnaujienos.lt\\\/lt\\\/vilkytiskiai-grazina-savo-kaima-tvarko-tvenkini\\\/#respond\"]}]},{\"@type\":\"WebPage\",\"@id\":\"https:\\\/\\\/www.silutesnaujienos.lt\\\/lt\\\/vilkytiskiai-grazina-savo-kaima-tvarko-tvenkini\\\/\",\"url\":\"https:\\\/\\\/www.silutesnaujienos.lt\\\/lt\\\/vilkytiskiai-grazina-savo-kaima-tvarko-tvenkini\\\/\",\"name\":\"Vilkyti\u0161kiai gra\u017eina savo kaim\u0105 - tvarko tvenkin\u012f - \u0160ilut\u0117s naujienos\",\"isPartOf\":{\"@id\":\"https:\\\/\\\/www.silutesnaujienos.lt\\\/lt\\\/#website\"},\"datePublished\":\"2015-12-17T18:00:00+00:00\",\"breadcrumb\":{\"@id\":\"https:\\\/\\\/www.silutesnaujienos.lt\\\/lt\\\/vilkytiskiai-grazina-savo-kaima-tvarko-tvenkini\\\/#breadcrumb\"},\"inLanguage\":\"lt-LT\",\"potentialAction\":[{\"@type\":\"ReadAction\",\"target\":[\"https:\\\/\\\/www.silutesnaujienos.lt\\\/lt\\\/vilkytiskiai-grazina-savo-kaima-tvarko-tvenkini\\\/\"]}]},{\"@type\":\"BreadcrumbList\",\"@id\":\"https:\\\/\\\/www.silutesnaujienos.lt\\\/lt\\\/vilkytiskiai-grazina-savo-kaima-tvarko-tvenkini\\\/#breadcrumb\",\"itemListElement\":[{\"@type\":\"ListItem\",\"position\":1,\"name\":\"Home\",\"item\":\"https:\\\/\\\/www.silutesnaujienos.lt\\\/lt\\\/\"},{\"@type\":\"ListItem\",\"position\":2,\"name\":\"Vilkyti\u0161kiai gra\u017eina savo kaim\u0105 &#8211; tvarko tvenkin\u012f\"}]},{\"@type\":\"WebSite\",\"@id\":\"https:\\\/\\\/www.silutesnaujienos.lt\\\/lt\\\/#website\",\"url\":\"https:\\\/\\\/www.silutesnaujienos.lt\\\/lt\\\/\",\"name\":\"\u0160ilut\u0117s naujienos\",\"description\":\"B\u016bk ant naujien\u0173 bangos!\",\"publisher\":{\"@id\":\"https:\\\/\\\/www.silutesnaujienos.lt\\\/lt\\\/#organization\"},\"potentialAction\":[{\"@type\":\"SearchAction\",\"target\":{\"@type\":\"EntryPoint\",\"urlTemplate\":\"https:\\\/\\\/www.silutesnaujienos.lt\\\/lt\\\/?s={search_term_string}\"},\"query-input\":{\"@type\":\"PropertyValueSpecification\",\"valueRequired\":true,\"valueName\":\"search_term_string\"}}],\"inLanguage\":\"lt-LT\"},{\"@type\":\"Organization\",\"@id\":\"https:\\\/\\\/www.silutesnaujienos.lt\\\/lt\\\/#organization\",\"name\":\"\u0160ilut\u0117s naujienos\",\"url\":\"https:\\\/\\\/www.silutesnaujienos.lt\\\/lt\\\/\",\"logo\":{\"@type\":\"ImageObject\",\"inLanguage\":\"lt-LT\",\"@id\":\"https:\\\/\\\/www.silutesnaujienos.lt\\\/lt\\\/#\\\/schema\\\/logo\\\/image\\\/\",\"url\":\"https:\\\/\\\/www.silutesnaujienos.lt\\\/lt\\\/wp-content\\\/uploads\\\/2020\\\/06\\\/FB_MAIN.jpg\",\"contentUrl\":\"https:\\\/\\\/www.silutesnaujienos.lt\\\/lt\\\/wp-content\\\/uploads\\\/2020\\\/06\\\/FB_MAIN.jpg\",\"width\":1700,\"height\":956,\"caption\":\"\u0160ilut\u0117s naujienos\"},\"image\":{\"@id\":\"https:\\\/\\\/www.silutesnaujienos.lt\\\/lt\\\/#\\\/schema\\\/logo\\\/image\\\/\"},\"sameAs\":[\"https:\\\/\\\/www.facebook.com\\\/silutes.naujienos\\\/\",\"https:\\\/\\\/www.youtube.com\\\/channel\\\/UCxW-cgrJDt8GxIMxSTAfJZg\"]},{\"@type\":\"Person\",\"@id\":\"https:\\\/\\\/www.silutesnaujienos.lt\\\/lt\\\/#\\\/schema\\\/person\\\/232f475ddd4a7b5f49b3abc788b17e83\",\"name\":\"\u0160ilut\u0117s naujien\u0173 inf.\",\"image\":{\"@type\":\"ImageObject\",\"inLanguage\":\"lt-LT\",\"@id\":\"https:\\\/\\\/www.silutesnaujienos.lt\\\/lt\\\/wp-content\\\/uploads\\\/2020\\\/06\\\/favicon.png\",\"url\":\"https:\\\/\\\/www.silutesnaujienos.lt\\\/lt\\\/wp-content\\\/uploads\\\/2020\\\/06\\\/favicon.png\",\"contentUrl\":\"https:\\\/\\\/www.silutesnaujienos.lt\\\/lt\\\/wp-content\\\/uploads\\\/2020\\\/06\\\/favicon.png\",\"caption\":\"\u0160ilut\u0117s naujien\u0173 inf.\"},\"sameAs\":[\"https:\\\/\\\/www.silutesnaujienos.lt\\\/lt\"],\"url\":\"https:\\\/\\\/www.silutesnaujienos.lt\\\/lt\\\/author\\\/ruta\\\/\"}]}<\/script>\n<!-- \/ Yoast SEO plugin. -->","yoast_head_json":{"title":"Vilkyti\u0161kiai gra\u017eina savo kaim\u0105 - tvarko tvenkin\u012f - \u0160ilut\u0117s naujienos","robots":{"index":"index","follow":"follow","max-snippet":"max-snippet:-1","max-image-preview":"max-image-preview:large","max-video-preview":"max-video-preview:-1"},"canonical":"https:\/\/www.silutesnaujienos.lt\/lt\/vilkytiskiai-grazina-savo-kaima-tvarko-tvenkini\/","og_locale":"lt_LT","og_type":"article","og_title":"Vilkyti\u0161kiai gra\u017eina savo kaim\u0105 - tvarko tvenkin\u012f - \u0160ilut\u0117s naujienos","og_description":"Saug\u0173 seni\u016bnijos Vilky\u010di\u0173 kaimo pakra\u0161tyje, \u0161alia kelio \u012f Klaip\u0117d\u0105, burzgia ekskavatorius &#8211; vietos bendruomeni\u0173 centras \u201eViltis\u201c \u012fgyvendina savo sumanym\u0105 gra\u017einti kaim\u0105.Pavasar\u012f i\u0161k\u0117l\u0119 id\u0117j\u0105, jog reik\u0117t\u0173 naujam gyvenimui prikelti kaimo tvenkin\u012f, o vasar\u0105 prad\u0117j\u0119 darbus, vilkyti\u0161kiai iki \u017eiemos susp\u0117jo daug. Dabar jiems beliko laukti pavasario, kuomet \u0161alia tvenkinio baigs \u012frengti maudyn\u0117ms skirt\u0105 viet\u0105 ir sutvarkys aplink\u0105.Bevardis, [&hellip;]","og_url":"https:\/\/www.silutesnaujienos.lt\/lt\/vilkytiskiai-grazina-savo-kaima-tvarko-tvenkini\/","og_site_name":"\u0160ilut\u0117s naujienos","article_publisher":"https:\/\/www.facebook.com\/silutes.naujienos\/","article_published_time":"2015-12-17T18:00:00+00:00","og_image":[{"url":"\/\/silutesnaujienos.lt\/images\/stories\/2015\/GRUODIS\/15\/thumbnails\/thumb_vilkyciu_tvenkinys_tiltas.jpg","type":"","width":"","height":""}],"author":"\u0160ilut\u0117s naujien\u0173 inf.","twitter_card":"summary_large_image","twitter_misc":{"Written by":"\u0160ilut\u0117s naujien\u0173 inf.","Est. reading time":"2 minut\u0117s"},"schema":{"@context":"https:\/\/schema.org","@graph":[{"@type":"Article","@id":"https:\/\/www.silutesnaujienos.lt\/lt\/vilkytiskiai-grazina-savo-kaima-tvarko-tvenkini\/#article","isPartOf":{"@id":"https:\/\/www.silutesnaujienos.lt\/lt\/vilkytiskiai-grazina-savo-kaima-tvarko-tvenkini\/"},"author":{"name":"\u0160ilut\u0117s naujien\u0173 inf.","@id":"https:\/\/www.silutesnaujienos.lt\/lt\/#\/schema\/person\/232f475ddd4a7b5f49b3abc788b17e83"},"headline":"Vilkyti\u0161kiai gra\u017eina savo kaim\u0105 &#8211; tvarko tvenkin\u012f","datePublished":"2015-12-17T18:00:00+00:00","mainEntityOfPage":{"@id":"https:\/\/www.silutesnaujienos.lt\/lt\/vilkytiskiai-grazina-savo-kaima-tvarko-tvenkini\/"},"wordCount":350,"commentCount":0,"publisher":{"@id":"https:\/\/www.silutesnaujienos.lt\/lt\/#organization"},"articleSection":["Aktualijos"],"inLanguage":"lt-LT","potentialAction":[{"@type":"CommentAction","name":"Comment","target":["https:\/\/www.silutesnaujienos.lt\/lt\/vilkytiskiai-grazina-savo-kaima-tvarko-tvenkini\/#respond"]}]},{"@type":"WebPage","@id":"https:\/\/www.silutesnaujienos.lt\/lt\/vilkytiskiai-grazina-savo-kaima-tvarko-tvenkini\/","url":"https:\/\/www.silutesnaujienos.lt\/lt\/vilkytiskiai-grazina-savo-kaima-tvarko-tvenkini\/","name":"Vilkyti\u0161kiai gra\u017eina savo kaim\u0105 - tvarko tvenkin\u012f - \u0160ilut\u0117s naujienos","isPartOf":{"@id":"https:\/\/www.silutesnaujienos.lt\/lt\/#website"},"datePublished":"2015-12-17T18:00:00+00:00","breadcrumb":{"@id":"https:\/\/www.silutesnaujienos.lt\/lt\/vilkytiskiai-grazina-savo-kaima-tvarko-tvenkini\/#breadcrumb"},"inLanguage":"lt-LT","potentialAction":[{"@type":"ReadAction","target":["https:\/\/www.silutesnaujienos.lt\/lt\/vilkytiskiai-grazina-savo-kaima-tvarko-tvenkini\/"]}]},{"@type":"BreadcrumbList","@id":"https:\/\/www.silutesnaujienos.lt\/lt\/vilkytiskiai-grazina-savo-kaima-tvarko-tvenkini\/#breadcrumb","itemListElement":[{"@type":"ListItem","position":1,"name":"Home","item":"https:\/\/www.silutesnaujienos.lt\/lt\/"},{"@type":"ListItem","position":2,"name":"Vilkyti\u0161kiai gra\u017eina savo kaim\u0105 &#8211; tvarko tvenkin\u012f"}]},{"@type":"WebSite","@id":"https:\/\/www.silutesnaujienos.lt\/lt\/#website","url":"https:\/\/www.silutesnaujienos.lt\/lt\/","name":"\u0160ilut\u0117s naujienos","description":"B\u016bk ant naujien\u0173 bangos!","publisher":{"@id":"https:\/\/www.silutesnaujienos.lt\/lt\/#organization"},"potentialAction":[{"@type":"SearchAction","target":{"@type":"EntryPoint","urlTemplate":"https:\/\/www.silutesnaujienos.lt\/lt\/?s={search_term_string}"},"query-input":{"@type":"PropertyValueSpecification","valueRequired":true,"valueName":"search_term_string"}}],"inLanguage":"lt-LT"},{"@type":"Organization","@id":"https:\/\/www.silutesnaujienos.lt\/lt\/#organization","name":"\u0160ilut\u0117s naujienos","url":"https:\/\/www.silutesnaujienos.lt\/lt\/","logo":{"@type":"ImageObject","inLanguage":"lt-LT","@id":"https:\/\/www.silutesnaujienos.lt\/lt\/#\/schema\/logo\/image\/","url":"https:\/\/www.silutesnaujienos.lt\/lt\/wp-content\/uploads\/2020\/06\/FB_MAIN.jpg","contentUrl":"https:\/\/www.silutesnaujienos.lt\/lt\/wp-content\/uploads\/2020\/06\/FB_MAIN.jpg","width":1700,"height":956,"caption":"\u0160ilut\u0117s naujienos"},"image":{"@id":"https:\/\/www.silutesnaujienos.lt\/lt\/#\/schema\/logo\/image\/"},"sameAs":["https:\/\/www.facebook.com\/silutes.naujienos\/","https:\/\/www.youtube.com\/channel\/UCxW-cgrJDt8GxIMxSTAfJZg"]},{"@type":"Person","@id":"https:\/\/www.silutesnaujienos.lt\/lt\/#\/schema\/person\/232f475ddd4a7b5f49b3abc788b17e83","name":"\u0160ilut\u0117s naujien\u0173 inf.","image":{"@type":"ImageObject","inLanguage":"lt-LT","@id":"https:\/\/www.silutesnaujienos.lt\/lt\/wp-content\/uploads\/2020\/06\/favicon.png","url":"https:\/\/www.silutesnaujienos.lt\/lt\/wp-content\/uploads\/2020\/06\/favicon.png","contentUrl":"https:\/\/www.silutesnaujienos.lt\/lt\/wp-content\/uploads\/2020\/06\/favicon.png","caption":"\u0160ilut\u0117s naujien\u0173 inf."},"sameAs":["https:\/\/www.silutesnaujienos.lt\/lt"],"url":"https:\/\/www.silutesnaujienos.lt\/lt\/author\/ruta\/"}]}},"publishpress_future_workflow_manual_trigger":{"enabledWorkflows":[]},"amp_enabled":true,"_links":{"self":[{"href":"https:\/\/www.silutesnaujienos.lt\/lt\/wp-json\/wp\/v2\/posts\/10992","targetHints":{"allow":["GET"]}}],"collection":[{"href":"https:\/\/www.silutesnaujienos.lt\/lt\/wp-json\/wp\/v2\/posts"}],"about":[{"href":"https:\/\/www.silutesnaujienos.lt\/lt\/wp-json\/wp\/v2\/types\/post"}],"author":[{"embeddable":true,"href":"https:\/\/www.silutesnaujienos.lt\/lt\/wp-json\/wp\/v2\/users\/1"}],"replies":[{"embeddable":true,"href":"https:\/\/www.silutesnaujienos.lt\/lt\/wp-json\/wp\/v2\/comments?post=10992"}],"version-history":[{"count":0,"href":"https:\/\/www.silutesnaujienos.lt\/lt\/wp-json\/wp\/v2\/posts\/10992\/revisions"}],"wp:attachment":[{"href":"https:\/\/www.silutesnaujienos.lt\/lt\/wp-json\/wp\/v2\/media?parent=10992"}],"wp:term":[{"taxonomy":"category","embeddable":true,"href":"https:\/\/www.silutesnaujienos.lt\/lt\/wp-json\/wp\/v2\/categories?post=10992"},{"taxonomy":"post_tag","embeddable":true,"href":"https:\/\/www.silutesnaujienos.lt\/lt\/wp-json\/wp\/v2\/tags?post=10992"}],"curies":[{"name":"wp","href":"https:\/\/api.w.org\/{rel}","templated":true}]}}