{"id":1128,"date":"2017-07-18T17:00:00","date_gmt":"2017-07-18T19:00:00","guid":{"rendered":"https:\/\/www.silutesnaujienos.lt\/lt\/90-aji-gimtadieni-pasitikusi-kintiske-dalijasi-gyvenimo-ismintimi\/"},"modified":"2017-07-18T17:00:00","modified_gmt":"2017-07-18T19:00:00","slug":"90-aji-gimtadieni-pasitikusi-kintiske-dalijasi-gyvenimo-ismintimi","status":"publish","type":"post","link":"https:\/\/www.silutesnaujienos.lt\/lt\/90-aji-gimtadieni-pasitikusi-kintiske-dalijasi-gyvenimo-ismintimi\/","title":{"rendered":"90-\u0105j\u012f gimtadien\u012f pasitikusi kinti\u0161k\u0117 dalijasi gyvenimo i\u0161mintimi"},"content":{"rendered":"<p><a href=\"\/\/silutesnaujienos.lt\/images\/stories\/2017\/07\/14\/Zilvytiene_sveikino_90_su_valdzia.jpg\" class=\"jcepopup\" rel=\"caption[Su 90-uoju gimtadieniu Eugenij\u0105 \u017dilvytien\u0119 sveikino \u0160ilut\u0117s rajono savivaldyb\u0117s ir Kint\u0173 seni\u016bnijos atstovai.] noopener noreferrer\" target=\"_blank\" data-rel=\"lightbox-gallery-L1CdGDRv\" data-rl_title=\"\" data-rl_caption=\"\"><img loading=\"lazy\" decoding=\"async\" src=\"\/\/silutesnaujienos.lt\/images\/stories\/2017\/07\/14\/thumbnails\/thumb_Zilvytiene_sveikino_90_su_valdzia.jpg\" alt=\"Zilvytiene sveikino_90_su_valdzia\" title=\"\" class=\"caption\" style=\"margin: 5px; float: left;\" height=\"230\" width=\"307\" \/><\/a><strong>Liepos 10 dien\u0105 mylim\u0173 vaik\u0173 ir an\u016bk\u0173 apsuptyje 90-\u0105j\u012f gimtadien\u012f pasitiko kinti\u0161k\u0117 Eugenija \u017dilvytien\u0117. \u201eDaug gimtadieni\u0173 buvo, bet tokio oficialaus, kad pasveikinti b\u016bt\u0173 atvyk\u0119 ir vald\u017eios atstovai, dar nebuvo\u201c, &#8211; jai parodytu d\u0117mesiu d\u017eiaug\u0117si ilgaam\u017e\u0117.<br \/><\/strong><br \/><strong>Daugyb\u0119 met\u0173 pragyvenusi visai \u0161alia mari\u0173 esan\u010dioje sodyboje, Suvern\u0173 kaime, dabar dienas senol\u0117 leid\u017eia pas vyriausi\u0105 dukr\u0105 Sigit\u0105 Kintuose. Taip visiems geriau ir ramiau.<br \/><\/strong><br \/><strong>\u201eMo\u010diut\u0117 man pa\u017e\u0117r\u0117 daugyb\u0119 gyvenimo i\u0161minties perliuk\u0173. Jos pamokymai praver\u010dia ir dabar\u201c, &#8211; atskleid\u0117 an\u016bk\u0117 Lina, t\u0105dien mylimos mo\u010diut\u0117s atva\u017eiavusi aplankyti su vyru Liudu ir vaikais.<\/strong><strong><br \/><\/strong><br \/><strong>B\u016bsimas vyras kep\u0117 pyragus<br \/><\/strong><br \/>Eugenija gim\u0117 Pakra\u017eant\u0117s kaime, Kelm\u0117s rajone. I\u0161 trij\u0173 vaik\u0173 ji buvo vyriausia. Prad\u017eios mokykloje baig\u0117 4 skyrius.<\/p>\n<p>\u201eIr karo metai, ir namas sudeg\u0117&#8230; Sunkiai buvo\u201c, &#8211; paklausta apie savo vaikyst\u0119, atsako mo\u010diut\u0117.<\/p>\n<p>O \u0161tai jos pa\u017einties istorija su vyru daug \u012fdomesn\u0117.<\/p>\n<p>Kintuose gyveno Eugenijos gimin\u0117s, pas kurias ji atva\u017eiuodavo pasisve\u010diuoti. Tam pa\u010diame name gyveno ir 14 met\u0173 u\u017e Eugenij\u0105 vyresnis Jonas &#8211; jos b\u016bsimas vyras. Juos supir\u0161o ta pati merginos pusseser\u0117, pas kuri\u0105 ji atva\u017eiuodavo.<\/p>\n<p>An\u016bk\u0117 pasakojo, jog jaunai Eugenijai labai \u201eu\u017estrig\u0119\u201c, kad kaimynas Jonas pyragus kepa. Jonas ateidavo pas Eugenijos pusseser\u0119 \u012f krosn\u012f pa\u0161auti pyrag\u0173. Mergina steb\u0117davosi tuo, galvodavo, kaip \u010dia toks vyras, jau metuose, tokiais dalykais u\u017esiima. Juk tur\u0117t\u0173 b\u016bti suk\u016br\u0119s \u0161eim\u0105, tur\u0117ti \u017emon\u0105, vaik\u0173.<\/p>\n<p>O pasirodo, Jonas savo mam\u0105 kar\u0161ino ir sak\u0117, kad neves tol, kol mama bus gyva, nes anytos nesutaria su mar\u010diomis. Jo mama mir\u0117 1951 metais, o 1952-aisiais jis susituok\u0117 su Eugenija. Jam tada buvo 39-eri, o jai &#8211; 25-eri.<\/p>\n<p>Kartu jie sulauk\u0117 penki\u0173 vaik\u0173 &#8211; Sigitos, Arvydo, Danguol\u0117s, Konstancijos ir Viktorijos. \u0160iandien Kintuose gyvena vyriausia dukra Sigita, kitos dukros &#8211; Vilniuje ir Klaip\u0117doje, o s\u016bnus \u017euv\u0119s.<\/p>\n<p>Eugenija turi 13 an\u016bk\u0173 ir 20 proan\u016bki\u0173. Visi jie \u012f mo\u010diut\u0117s gimtadien\u012f susirinks \u0161\u012f savaitgal\u012f.<\/p>\n<p><strong>Dirbo ligonin\u0117je<\/strong><a href=\"\/\/silutesnaujienos.lt\/images\/stories\/2017\/07\/14\/Zilvytiene_sveikino_90.jpg\" class=\"jcepopup\" rel=\"caption[Su 90-uoju gimtadieniu Kintuose gyvenan\u010di\u0105 Eugenij\u0105 \u017dilvytien\u0119 sveikino dukra Sigita su \u017eentu, an\u016bk\u0117 Lina vyru Liudu, proan\u016bkiai.] noopener noreferrer\" target=\"_blank\" data-rel=\"lightbox-gallery-L1CdGDRv\" data-rl_title=\"\" data-rl_caption=\"\"><img loading=\"lazy\" decoding=\"async\" src=\"\/\/silutesnaujienos.lt\/images\/stories\/2017\/07\/14\/thumbnails\/thumb_Zilvytiene_sveikino_90.jpg\" alt=\"Zilvytiene sveikino_90\" title=\"\" class=\"caption\" style=\"margin: 5px; float: right;\" height=\"230\" width=\"307\" \/><\/a><\/p>\n<p>Pra\u0117jusio am\u017eiaus viduryje Kintuose veik\u0117 ligonin\u0117, kurioje buvo atliekamos \u012fvairios proced\u016bros, priimami gimdymai.<\/p>\n<p>Ligonin\u0117je ir dirbo Eugenija: i\u0161 prad\u017ei\u0173 &#8211; sanitare, o v\u0117liau &#8211; skalbykloje.<\/p>\n<p>\u201eDarbo s\u0105lygos tikrai sunkios buvo, ypa\u010d skalbykloje. Juk nebuvo skalbimo ma\u0161inos, visk\u0105 reik\u0117davo skalbti rankomis. Kartais mamai pad\u0117ti eidavome ir mes\u201c, &#8211; prisimena dukra Sigita.<\/p>\n<p>Ji pasakojo, kad mama ir t\u0117tis buvo ram\u016bs, vaik\u0173 nei mu\u0161davo, nei bardavo. Tiesa, vienintel\u012f kart\u0105 ber\u017ein\u0117s ko\u0161\u0117s yra gav\u0119s s\u016bnus, nes supyk\u0119s gri\u016bdavo ant \u017eem\u0117s.<\/p>\n<p>Eugenija verk\u0117 ir pati, kai i\u0161 \u0161luotos i\u0161\u0117m\u0117 ryk\u0161tel\u0119 ir ja sudav\u0117 ant \u017eem\u0117s parvirtusiam s\u016bnui. Ta\u010diau tuomet vaikas pa\u0161oko ir daugiau niekada nebegri\u016bdavo, baig\u0117si visos isterijos, o t\u0117vams nereik\u0117jo net balso kelti.<\/p>\n<p>Eugenija vaikams nenurodin\u0117jo, kai jie rinkosi savo gyvenimo keli\u0105, i\u0161va\u017eiavo mokytis \u012f kitus miestus.<\/p>\n<p>\u201eNe\u012fsivaizduoju, kaip ji mus ir reng\u0117, ir maitino, ir \u012f mokslus leido. Ambulatorijoje juk gaudavo 36 rubli\u0173 atlyginim\u0105, o t\u0117tis buvo ligotas, nedirbo\u201c, &#8211; dabar stebisi Sigita.<\/p>\n<p>Nor\u0117dama \u0161eim\u0105 kuo gra\u017eiau aprengti, Eugenija daug megzdavo, drabu\u017eius persi\u016bdavo, permegzdavo.<\/p>\n<p>\u201eM\u016bs\u0173 poreikiai nebuvo dideli, d\u017eiaug\u0117m\u0117s tuo, k\u0105 turime. Kai i\u0161va\u017eiavau \u012f Vilni\u0173 mokytis, mama man persiuvo savo palt\u0105, ir buvo gerai, patenkinta buvau\u201c, &#8211; sak\u0117 Sigita.<\/p>\n<p>Eugenija daug mezg\u0117 iki paskutini\u0173 met\u0173. Dabar jau rankos nebe taip klauso, o akys pamir\u0161ta, kaip ra\u0161tus d\u0117lioti.<\/p>\n<p><strong>Vadovaujasi mo\u010diut\u0117s i\u0161mintimi<\/strong><\/p>\n<p>Kai mir\u0117 Eugenijos vyras, naktimis ji bijodavo likti viena sodyboje. Tuomet trys Sigitos dukros pasikeisdamos va\u017eiuodavo nakvoti pas mo\u010diut\u0119. \u010cia daug laiko praleido ir an\u016bk\u0117 Lina.<\/p>\n<p>\u201eSako, kad \u017emogus gali b\u016bti tris auk\u0161tuosius mokslus baig\u0119s, gali b\u016bti protingas, bet tai nerei\u0161kia, kad i\u0161mintingas. O m\u016bs\u0173 mo\u010diut\u0117 labai i\u0161mintinga\u201c, &#8211; pasakojo ji.<\/p>\n<p>Dar b\u016bdama visai ma\u017ea, Lina steb\u0117davo mo\u010diut\u0119. B\u016bdavo, ateina viena kaimyn\u0117, pasipasakoja ir i\u0161eina, v\u0117liau atb\u0117ga kita kaimyn\u0117 ir apskund\u017eia prie\u0161 tai buvusi\u0105j\u0105. O Eugenija jas tik i\u0161klauso, nei\u0161siduoda ir neap\u0161neka j\u0173.<br \/>Mo\u010diut\u0117 Linai dav\u0117 daugyb\u0119 auksini\u0173 patarim\u0173. Pavyzd\u017eiui, kaip i\u0161sirinkti vyr\u0105. An\u016bkei ji visada sak\u0117: \u201e\u017di\u016br\u0117k, kad tave myl\u0117t\u0173, o tu pamilsi\u201c.<\/p>\n<p>\u201eI\u0161tek\u0117jau, ir vyras laimingas, o a\u0161 dar laimingesn\u0117\u201c, &#8211; sako Lina.<\/p>\n<p>I\u0161mintingas buvo ir Eugenijos vyras Jonas, neg\u0117r\u0117 alkoholio. Sigita n\u0117ra ma\u010diusi t\u0117\u010dio ne tik girto, bet ir i\u0161g\u0117rusio. Ta\u010diau per \u0161ventes jis b\u016bdavo kompanijos siela, nes mok\u0117jo groti ir tur\u0117jo ger\u0105 humoro jausm\u0105.<\/p>\n","protected":false},"excerpt":{"rendered":"<p>Liepos 10 dien\u0105 mylim\u0173 vaik\u0173 ir an\u016bk\u0173 apsuptyje 90-\u0105j\u012f gimtadien\u012f pasitiko kinti\u0161k\u0117 Eugenija \u017dilvytien\u0117. \u201eDaug gimtadieni\u0173 buvo, bet tokio oficialaus, kad pasveikinti b\u016bt\u0173 atvyk\u0119 ir vald\u017eios atstovai, dar nebuvo\u201c, &#8211; jai parodytu d\u0117mesiu d\u017eiaug\u0117si ilgaam\u017e\u0117.Daugyb\u0119 met\u0173 pragyvenusi visai \u0161alia mari\u0173 esan\u010dioje sodyboje, Suvern\u0173 kaime, dabar dienas senol\u0117 leid\u017eia pas vyriausi\u0105 dukr\u0105 Sigit\u0105 Kintuose. Taip visiems [&hellip;]<\/p>\n","protected":false},"author":1,"featured_media":0,"comment_status":"open","ping_status":"open","sticky":false,"template":"","format":"standard","meta":{"footnotes":""},"categories":[52],"tags":[],"class_list":{"0":"post-1128","1":"post","2":"type-post","3":"status-publish","4":"format-standard","6":"category-gyvenimas"},"yoast_head":"<!-- This site is optimized with the Yoast SEO plugin v27.5 - https:\/\/yoast.com\/product\/yoast-seo-wordpress\/ -->\n<title>90-\u0105j\u012f gimtadien\u012f pasitikusi kinti\u0161k\u0117 dalijasi gyvenimo i\u0161mintimi - \u0160ilut\u0117s naujienos<\/title>\n<meta name=\"robots\" content=\"index, follow, max-snippet:-1, max-image-preview:large, max-video-preview:-1\" \/>\n<link rel=\"canonical\" href=\"https:\/\/www.silutesnaujienos.lt\/lt\/90-aji-gimtadieni-pasitikusi-kintiske-dalijasi-gyvenimo-ismintimi\/\" \/>\n<meta property=\"og:locale\" content=\"lt_LT\" \/>\n<meta property=\"og:type\" content=\"article\" \/>\n<meta property=\"og:title\" content=\"90-\u0105j\u012f gimtadien\u012f pasitikusi kinti\u0161k\u0117 dalijasi gyvenimo i\u0161mintimi - \u0160ilut\u0117s naujienos\" \/>\n<meta property=\"og:description\" content=\"Liepos 10 dien\u0105 mylim\u0173 vaik\u0173 ir an\u016bk\u0173 apsuptyje 90-\u0105j\u012f gimtadien\u012f pasitiko kinti\u0161k\u0117 Eugenija \u017dilvytien\u0117. \u201eDaug gimtadieni\u0173 buvo, bet tokio oficialaus, kad pasveikinti b\u016bt\u0173 atvyk\u0119 ir vald\u017eios atstovai, dar nebuvo\u201c, &#8211; jai parodytu d\u0117mesiu d\u017eiaug\u0117si ilgaam\u017e\u0117.Daugyb\u0119 met\u0173 pragyvenusi visai \u0161alia mari\u0173 esan\u010dioje sodyboje, Suvern\u0173 kaime, dabar dienas senol\u0117 leid\u017eia pas vyriausi\u0105 dukr\u0105 Sigit\u0105 Kintuose. Taip visiems [&hellip;]\" \/>\n<meta property=\"og:url\" content=\"https:\/\/www.silutesnaujienos.lt\/lt\/90-aji-gimtadieni-pasitikusi-kintiske-dalijasi-gyvenimo-ismintimi\/\" \/>\n<meta property=\"og:site_name\" content=\"\u0160ilut\u0117s naujienos\" \/>\n<meta property=\"article:publisher\" content=\"https:\/\/www.facebook.com\/silutes.naujienos\/\" \/>\n<meta property=\"article:published_time\" content=\"2017-07-18T19:00:00+00:00\" \/>\n<meta property=\"og:image\" content=\"\/\/silutesnaujienos.lt\/images\/stories\/2017\/07\/14\/thumbnails\/thumb_Zilvytiene_sveikino_90_su_valdzia.jpg\" \/>\n<meta name=\"author\" content=\"\u0160ilut\u0117s naujien\u0173 inf.\" \/>\n<meta name=\"twitter:card\" content=\"summary_large_image\" \/>\n<meta name=\"twitter:label1\" content=\"Written by\" \/>\n\t<meta name=\"twitter:data1\" content=\"\u0160ilut\u0117s naujien\u0173 inf.\" \/>\n\t<meta name=\"twitter:label2\" content=\"Est. reading time\" \/>\n\t<meta name=\"twitter:data2\" content=\"4 minut\u0117s\" \/>\n<script type=\"application\/ld+json\" class=\"yoast-schema-graph\">{\"@context\":\"https:\\\/\\\/schema.org\",\"@graph\":[{\"@type\":\"Article\",\"@id\":\"https:\\\/\\\/www.silutesnaujienos.lt\\\/lt\\\/90-aji-gimtadieni-pasitikusi-kintiske-dalijasi-gyvenimo-ismintimi\\\/#article\",\"isPartOf\":{\"@id\":\"https:\\\/\\\/www.silutesnaujienos.lt\\\/lt\\\/90-aji-gimtadieni-pasitikusi-kintiske-dalijasi-gyvenimo-ismintimi\\\/\"},\"author\":{\"name\":\"\u0160ilut\u0117s naujien\u0173 inf.\",\"@id\":\"https:\\\/\\\/www.silutesnaujienos.lt\\\/lt\\\/#\\\/schema\\\/person\\\/232f475ddd4a7b5f49b3abc788b17e83\"},\"headline\":\"90-\u0105j\u012f gimtadien\u012f pasitikusi kinti\u0161k\u0117 dalijasi gyvenimo i\u0161mintimi\",\"datePublished\":\"2017-07-18T19:00:00+00:00\",\"mainEntityOfPage\":{\"@id\":\"https:\\\/\\\/www.silutesnaujienos.lt\\\/lt\\\/90-aji-gimtadieni-pasitikusi-kintiske-dalijasi-gyvenimo-ismintimi\\\/\"},\"wordCount\":793,\"commentCount\":0,\"publisher\":{\"@id\":\"https:\\\/\\\/www.silutesnaujienos.lt\\\/lt\\\/#organization\"},\"articleSection\":[\"Gyvenimas\"],\"inLanguage\":\"lt-LT\",\"potentialAction\":[{\"@type\":\"CommentAction\",\"name\":\"Comment\",\"target\":[\"https:\\\/\\\/www.silutesnaujienos.lt\\\/lt\\\/90-aji-gimtadieni-pasitikusi-kintiske-dalijasi-gyvenimo-ismintimi\\\/#respond\"]}]},{\"@type\":\"WebPage\",\"@id\":\"https:\\\/\\\/www.silutesnaujienos.lt\\\/lt\\\/90-aji-gimtadieni-pasitikusi-kintiske-dalijasi-gyvenimo-ismintimi\\\/\",\"url\":\"https:\\\/\\\/www.silutesnaujienos.lt\\\/lt\\\/90-aji-gimtadieni-pasitikusi-kintiske-dalijasi-gyvenimo-ismintimi\\\/\",\"name\":\"90-\u0105j\u012f gimtadien\u012f pasitikusi kinti\u0161k\u0117 dalijasi gyvenimo i\u0161mintimi - \u0160ilut\u0117s naujienos\",\"isPartOf\":{\"@id\":\"https:\\\/\\\/www.silutesnaujienos.lt\\\/lt\\\/#website\"},\"datePublished\":\"2017-07-18T19:00:00+00:00\",\"breadcrumb\":{\"@id\":\"https:\\\/\\\/www.silutesnaujienos.lt\\\/lt\\\/90-aji-gimtadieni-pasitikusi-kintiske-dalijasi-gyvenimo-ismintimi\\\/#breadcrumb\"},\"inLanguage\":\"lt-LT\",\"potentialAction\":[{\"@type\":\"ReadAction\",\"target\":[\"https:\\\/\\\/www.silutesnaujienos.lt\\\/lt\\\/90-aji-gimtadieni-pasitikusi-kintiske-dalijasi-gyvenimo-ismintimi\\\/\"]}]},{\"@type\":\"BreadcrumbList\",\"@id\":\"https:\\\/\\\/www.silutesnaujienos.lt\\\/lt\\\/90-aji-gimtadieni-pasitikusi-kintiske-dalijasi-gyvenimo-ismintimi\\\/#breadcrumb\",\"itemListElement\":[{\"@type\":\"ListItem\",\"position\":1,\"name\":\"Home\",\"item\":\"https:\\\/\\\/www.silutesnaujienos.lt\\\/lt\\\/\"},{\"@type\":\"ListItem\",\"position\":2,\"name\":\"90-\u0105j\u012f gimtadien\u012f pasitikusi kinti\u0161k\u0117 dalijasi gyvenimo i\u0161mintimi\"}]},{\"@type\":\"WebSite\",\"@id\":\"https:\\\/\\\/www.silutesnaujienos.lt\\\/lt\\\/#website\",\"url\":\"https:\\\/\\\/www.silutesnaujienos.lt\\\/lt\\\/\",\"name\":\"\u0160ilut\u0117s naujienos\",\"description\":\"B\u016bk ant naujien\u0173 bangos!\",\"publisher\":{\"@id\":\"https:\\\/\\\/www.silutesnaujienos.lt\\\/lt\\\/#organization\"},\"potentialAction\":[{\"@type\":\"SearchAction\",\"target\":{\"@type\":\"EntryPoint\",\"urlTemplate\":\"https:\\\/\\\/www.silutesnaujienos.lt\\\/lt\\\/?s={search_term_string}\"},\"query-input\":{\"@type\":\"PropertyValueSpecification\",\"valueRequired\":true,\"valueName\":\"search_term_string\"}}],\"inLanguage\":\"lt-LT\"},{\"@type\":\"Organization\",\"@id\":\"https:\\\/\\\/www.silutesnaujienos.lt\\\/lt\\\/#organization\",\"name\":\"\u0160ilut\u0117s naujienos\",\"url\":\"https:\\\/\\\/www.silutesnaujienos.lt\\\/lt\\\/\",\"logo\":{\"@type\":\"ImageObject\",\"inLanguage\":\"lt-LT\",\"@id\":\"https:\\\/\\\/www.silutesnaujienos.lt\\\/lt\\\/#\\\/schema\\\/logo\\\/image\\\/\",\"url\":\"https:\\\/\\\/www.silutesnaujienos.lt\\\/lt\\\/wp-content\\\/uploads\\\/2020\\\/06\\\/FB_MAIN.jpg\",\"contentUrl\":\"https:\\\/\\\/www.silutesnaujienos.lt\\\/lt\\\/wp-content\\\/uploads\\\/2020\\\/06\\\/FB_MAIN.jpg\",\"width\":1700,\"height\":956,\"caption\":\"\u0160ilut\u0117s naujienos\"},\"image\":{\"@id\":\"https:\\\/\\\/www.silutesnaujienos.lt\\\/lt\\\/#\\\/schema\\\/logo\\\/image\\\/\"},\"sameAs\":[\"https:\\\/\\\/www.facebook.com\\\/silutes.naujienos\\\/\",\"https:\\\/\\\/www.youtube.com\\\/channel\\\/UCxW-cgrJDt8GxIMxSTAfJZg\"]},{\"@type\":\"Person\",\"@id\":\"https:\\\/\\\/www.silutesnaujienos.lt\\\/lt\\\/#\\\/schema\\\/person\\\/232f475ddd4a7b5f49b3abc788b17e83\",\"name\":\"\u0160ilut\u0117s naujien\u0173 inf.\",\"image\":{\"@type\":\"ImageObject\",\"inLanguage\":\"lt-LT\",\"@id\":\"https:\\\/\\\/www.silutesnaujienos.lt\\\/lt\\\/wp-content\\\/uploads\\\/2020\\\/06\\\/favicon.png\",\"url\":\"https:\\\/\\\/www.silutesnaujienos.lt\\\/lt\\\/wp-content\\\/uploads\\\/2020\\\/06\\\/favicon.png\",\"contentUrl\":\"https:\\\/\\\/www.silutesnaujienos.lt\\\/lt\\\/wp-content\\\/uploads\\\/2020\\\/06\\\/favicon.png\",\"caption\":\"\u0160ilut\u0117s naujien\u0173 inf.\"},\"sameAs\":[\"https:\\\/\\\/www.silutesnaujienos.lt\\\/lt\"],\"url\":\"https:\\\/\\\/www.silutesnaujienos.lt\\\/lt\\\/author\\\/ruta\\\/\"}]}<\/script>\n<!-- \/ Yoast SEO plugin. -->","yoast_head_json":{"title":"90-\u0105j\u012f gimtadien\u012f pasitikusi kinti\u0161k\u0117 dalijasi gyvenimo i\u0161mintimi - \u0160ilut\u0117s naujienos","robots":{"index":"index","follow":"follow","max-snippet":"max-snippet:-1","max-image-preview":"max-image-preview:large","max-video-preview":"max-video-preview:-1"},"canonical":"https:\/\/www.silutesnaujienos.lt\/lt\/90-aji-gimtadieni-pasitikusi-kintiske-dalijasi-gyvenimo-ismintimi\/","og_locale":"lt_LT","og_type":"article","og_title":"90-\u0105j\u012f gimtadien\u012f pasitikusi kinti\u0161k\u0117 dalijasi gyvenimo i\u0161mintimi - \u0160ilut\u0117s naujienos","og_description":"Liepos 10 dien\u0105 mylim\u0173 vaik\u0173 ir an\u016bk\u0173 apsuptyje 90-\u0105j\u012f gimtadien\u012f pasitiko kinti\u0161k\u0117 Eugenija \u017dilvytien\u0117. \u201eDaug gimtadieni\u0173 buvo, bet tokio oficialaus, kad pasveikinti b\u016bt\u0173 atvyk\u0119 ir vald\u017eios atstovai, dar nebuvo\u201c, &#8211; jai parodytu d\u0117mesiu d\u017eiaug\u0117si ilgaam\u017e\u0117.Daugyb\u0119 met\u0173 pragyvenusi visai \u0161alia mari\u0173 esan\u010dioje sodyboje, Suvern\u0173 kaime, dabar dienas senol\u0117 leid\u017eia pas vyriausi\u0105 dukr\u0105 Sigit\u0105 Kintuose. Taip visiems [&hellip;]","og_url":"https:\/\/www.silutesnaujienos.lt\/lt\/90-aji-gimtadieni-pasitikusi-kintiske-dalijasi-gyvenimo-ismintimi\/","og_site_name":"\u0160ilut\u0117s naujienos","article_publisher":"https:\/\/www.facebook.com\/silutes.naujienos\/","article_published_time":"2017-07-18T19:00:00+00:00","og_image":[{"url":"\/\/silutesnaujienos.lt\/images\/stories\/2017\/07\/14\/thumbnails\/thumb_Zilvytiene_sveikino_90_su_valdzia.jpg","type":"","width":"","height":""}],"author":"\u0160ilut\u0117s naujien\u0173 inf.","twitter_card":"summary_large_image","twitter_misc":{"Written by":"\u0160ilut\u0117s naujien\u0173 inf.","Est. reading time":"4 minut\u0117s"},"schema":{"@context":"https:\/\/schema.org","@graph":[{"@type":"Article","@id":"https:\/\/www.silutesnaujienos.lt\/lt\/90-aji-gimtadieni-pasitikusi-kintiske-dalijasi-gyvenimo-ismintimi\/#article","isPartOf":{"@id":"https:\/\/www.silutesnaujienos.lt\/lt\/90-aji-gimtadieni-pasitikusi-kintiske-dalijasi-gyvenimo-ismintimi\/"},"author":{"name":"\u0160ilut\u0117s naujien\u0173 inf.","@id":"https:\/\/www.silutesnaujienos.lt\/lt\/#\/schema\/person\/232f475ddd4a7b5f49b3abc788b17e83"},"headline":"90-\u0105j\u012f gimtadien\u012f pasitikusi kinti\u0161k\u0117 dalijasi gyvenimo i\u0161mintimi","datePublished":"2017-07-18T19:00:00+00:00","mainEntityOfPage":{"@id":"https:\/\/www.silutesnaujienos.lt\/lt\/90-aji-gimtadieni-pasitikusi-kintiske-dalijasi-gyvenimo-ismintimi\/"},"wordCount":793,"commentCount":0,"publisher":{"@id":"https:\/\/www.silutesnaujienos.lt\/lt\/#organization"},"articleSection":["Gyvenimas"],"inLanguage":"lt-LT","potentialAction":[{"@type":"CommentAction","name":"Comment","target":["https:\/\/www.silutesnaujienos.lt\/lt\/90-aji-gimtadieni-pasitikusi-kintiske-dalijasi-gyvenimo-ismintimi\/#respond"]}]},{"@type":"WebPage","@id":"https:\/\/www.silutesnaujienos.lt\/lt\/90-aji-gimtadieni-pasitikusi-kintiske-dalijasi-gyvenimo-ismintimi\/","url":"https:\/\/www.silutesnaujienos.lt\/lt\/90-aji-gimtadieni-pasitikusi-kintiske-dalijasi-gyvenimo-ismintimi\/","name":"90-\u0105j\u012f gimtadien\u012f pasitikusi kinti\u0161k\u0117 dalijasi gyvenimo i\u0161mintimi - \u0160ilut\u0117s naujienos","isPartOf":{"@id":"https:\/\/www.silutesnaujienos.lt\/lt\/#website"},"datePublished":"2017-07-18T19:00:00+00:00","breadcrumb":{"@id":"https:\/\/www.silutesnaujienos.lt\/lt\/90-aji-gimtadieni-pasitikusi-kintiske-dalijasi-gyvenimo-ismintimi\/#breadcrumb"},"inLanguage":"lt-LT","potentialAction":[{"@type":"ReadAction","target":["https:\/\/www.silutesnaujienos.lt\/lt\/90-aji-gimtadieni-pasitikusi-kintiske-dalijasi-gyvenimo-ismintimi\/"]}]},{"@type":"BreadcrumbList","@id":"https:\/\/www.silutesnaujienos.lt\/lt\/90-aji-gimtadieni-pasitikusi-kintiske-dalijasi-gyvenimo-ismintimi\/#breadcrumb","itemListElement":[{"@type":"ListItem","position":1,"name":"Home","item":"https:\/\/www.silutesnaujienos.lt\/lt\/"},{"@type":"ListItem","position":2,"name":"90-\u0105j\u012f gimtadien\u012f pasitikusi kinti\u0161k\u0117 dalijasi gyvenimo i\u0161mintimi"}]},{"@type":"WebSite","@id":"https:\/\/www.silutesnaujienos.lt\/lt\/#website","url":"https:\/\/www.silutesnaujienos.lt\/lt\/","name":"\u0160ilut\u0117s naujienos","description":"B\u016bk ant naujien\u0173 bangos!","publisher":{"@id":"https:\/\/www.silutesnaujienos.lt\/lt\/#organization"},"potentialAction":[{"@type":"SearchAction","target":{"@type":"EntryPoint","urlTemplate":"https:\/\/www.silutesnaujienos.lt\/lt\/?s={search_term_string}"},"query-input":{"@type":"PropertyValueSpecification","valueRequired":true,"valueName":"search_term_string"}}],"inLanguage":"lt-LT"},{"@type":"Organization","@id":"https:\/\/www.silutesnaujienos.lt\/lt\/#organization","name":"\u0160ilut\u0117s naujienos","url":"https:\/\/www.silutesnaujienos.lt\/lt\/","logo":{"@type":"ImageObject","inLanguage":"lt-LT","@id":"https:\/\/www.silutesnaujienos.lt\/lt\/#\/schema\/logo\/image\/","url":"https:\/\/www.silutesnaujienos.lt\/lt\/wp-content\/uploads\/2020\/06\/FB_MAIN.jpg","contentUrl":"https:\/\/www.silutesnaujienos.lt\/lt\/wp-content\/uploads\/2020\/06\/FB_MAIN.jpg","width":1700,"height":956,"caption":"\u0160ilut\u0117s naujienos"},"image":{"@id":"https:\/\/www.silutesnaujienos.lt\/lt\/#\/schema\/logo\/image\/"},"sameAs":["https:\/\/www.facebook.com\/silutes.naujienos\/","https:\/\/www.youtube.com\/channel\/UCxW-cgrJDt8GxIMxSTAfJZg"]},{"@type":"Person","@id":"https:\/\/www.silutesnaujienos.lt\/lt\/#\/schema\/person\/232f475ddd4a7b5f49b3abc788b17e83","name":"\u0160ilut\u0117s naujien\u0173 inf.","image":{"@type":"ImageObject","inLanguage":"lt-LT","@id":"https:\/\/www.silutesnaujienos.lt\/lt\/wp-content\/uploads\/2020\/06\/favicon.png","url":"https:\/\/www.silutesnaujienos.lt\/lt\/wp-content\/uploads\/2020\/06\/favicon.png","contentUrl":"https:\/\/www.silutesnaujienos.lt\/lt\/wp-content\/uploads\/2020\/06\/favicon.png","caption":"\u0160ilut\u0117s naujien\u0173 inf."},"sameAs":["https:\/\/www.silutesnaujienos.lt\/lt"],"url":"https:\/\/www.silutesnaujienos.lt\/lt\/author\/ruta\/"}]}},"publishpress_future_workflow_manual_trigger":{"enabledWorkflows":[]},"amp_enabled":true,"_links":{"self":[{"href":"https:\/\/www.silutesnaujienos.lt\/lt\/wp-json\/wp\/v2\/posts\/1128","targetHints":{"allow":["GET"]}}],"collection":[{"href":"https:\/\/www.silutesnaujienos.lt\/lt\/wp-json\/wp\/v2\/posts"}],"about":[{"href":"https:\/\/www.silutesnaujienos.lt\/lt\/wp-json\/wp\/v2\/types\/post"}],"author":[{"embeddable":true,"href":"https:\/\/www.silutesnaujienos.lt\/lt\/wp-json\/wp\/v2\/users\/1"}],"replies":[{"embeddable":true,"href":"https:\/\/www.silutesnaujienos.lt\/lt\/wp-json\/wp\/v2\/comments?post=1128"}],"version-history":[{"count":0,"href":"https:\/\/www.silutesnaujienos.lt\/lt\/wp-json\/wp\/v2\/posts\/1128\/revisions"}],"wp:attachment":[{"href":"https:\/\/www.silutesnaujienos.lt\/lt\/wp-json\/wp\/v2\/media?parent=1128"}],"wp:term":[{"taxonomy":"category","embeddable":true,"href":"https:\/\/www.silutesnaujienos.lt\/lt\/wp-json\/wp\/v2\/categories?post=1128"},{"taxonomy":"post_tag","embeddable":true,"href":"https:\/\/www.silutesnaujienos.lt\/lt\/wp-json\/wp\/v2\/tags?post=1128"}],"curies":[{"name":"wp","href":"https:\/\/api.w.org\/{rel}","templated":true}]}}