{"id":11311,"date":"2012-03-29T07:30:00","date_gmt":"2012-03-29T09:30:00","guid":{"rendered":"https:\/\/www.silutesnaujienos.lt\/lt\/meras-v-pozingis-svencia-gimtadieni\/"},"modified":"2012-03-29T07:30:00","modified_gmt":"2012-03-29T09:30:00","slug":"meras-v-pozingis-svencia-gimtadieni","status":"publish","type":"post","link":"https:\/\/www.silutesnaujienos.lt\/lt\/meras-v-pozingis-svencia-gimtadieni\/","title":{"rendered":"Meras V.Pozingis \u0161ven\u010dia gimtadien\u012f"},"content":{"rendered":"<p><a target=\"_blank\" rel=\"caption[V.Gri\u0161kevi\u010dien\u0117 V.Pozingiui \u012fteik\u0117 v\u0117trung\u0119, link\u0117dama, kad &quot;gyvent\u0173 v\u0117trung\u0117s \u0161irdy, gyvent\u0173 namuose&quot;. \/ Vilijos Budrikien\u0117s (silutesnaujienos.lt) nuotr.] noopener noreferrer\" class=\"jcepopup\" href=\"\/\/silutesnaujienos.lt\/images\/stories\/2012\/03\/26\/mero_gimtadienis.jpg\" data-rel=\"lightbox-gallery-bpX5Axqf\" data-rl_title=\"\" data-rl_caption=\"\"><img loading=\"lazy\" decoding=\"async\" style=\"margin: 5px; float: left;\" class=\"caption\" title=\"\" alt=\"mero gimtadienis\" src=\"\/\/silutesnaujienos.lt\/images\/stories\/2012\/03\/26\/thumbnails\/thumb_mero_gimtadienis.jpg\" height=\"230\" width=\"307\" \/><\/a><strong>Rajono meras Virgilijus Pozingis \u0161iandien, kovo 29 d., \u0161ven\u010dia savo 48-\u0105j\u012f gimtadien\u012f.<\/strong><\/p>\n<p><strong>Ryte kone visi savivaldyb\u0117s administracijos skyri\u0173 vadovai rikiavosi prie mero kabineto dur\u0173.<\/strong><\/p>\n<p>Meras V.Pozingis kolegas pri\u0117m\u0117 ma\u017eojoje pos\u0117d\u017ei\u0173 sal\u0117je. Puiki\u0105 puok\u0161t\u0119 rajono vadovui \u012fteikusi administracijos direktor\u0117 Ida Vasiljevien\u0117 sak\u0117, jog gra\u017ei pavasario diena atne\u0161\u0117 merui ir gra\u017ei\u0105 sukakt\u012f bei gra\u017ei\u0105 patirt\u012f ir link\u0117jo visokeriopos s\u0117km\u0117s.<\/p>\n<p>Kult\u016bros skyriaus ved\u0117ja Vilma Gri\u0161kevi\u010dien\u0117 merui \u012fteik\u0117 v\u0117trung\u0119 su palink\u0117jimu: &#8222;Tegu gyvena v\u0117trung\u0117s \u0161irdy, tegu gyvena namuose&#8221;.<\/p>\n<p>V.Pozingis ir gimtadienio proga nesusilaik\u0117 nepa\u0161maik\u0161tav\u0119s. Anot jo, paties gimtadienis &#8211; &#8222;pati durniausia \u0161vent\u0117&#8221;. Atsikeli ryte, pasi\u017ei\u016bri \u012f veidrod\u012f &#8211; nepasikeit\u0119s, bet visi sveikina&#8230; Apskritai, mero nuomone, kitus sveikinti yra lengviau, nei pa\u010diam priimti sveikinimus.<\/p>\n<p>Komunikacijos skyriaus ved\u0117jas Romuladas Eglinskas taip pat pajuokavo: anot jo, skyri\u0173 ved\u0117jai \u0161iandien leid\u017eia merui nedirbti, bet liepia b\u016bti darbe.<\/p>\n<p><a href=\"http:\/\/silutesnaujienos.lt\"><img loading=\"lazy\" decoding=\"async\" alt=\"Silutes naujienu LOGO\" src=\"\/\/silutesnaujienos.lt\/images\/stories\/LOGO\/Silutes_naujienu_LOGO.jpg\" height=\"31\" width=\"100\" \/><\/a><\/p>\n","protected":false},"excerpt":{"rendered":"<p>Rajono meras Virgilijus Pozingis \u0161iandien, kovo 29 d., \u0161ven\u010dia savo 48-\u0105j\u012f gimtadien\u012f. Ryte kone visi savivaldyb\u0117s administracijos skyri\u0173 vadovai rikiavosi prie mero kabineto dur\u0173. Meras V.Pozingis kolegas pri\u0117m\u0117 ma\u017eojoje pos\u0117d\u017ei\u0173 sal\u0117je. Puiki\u0105 puok\u0161t\u0119 rajono vadovui \u012fteikusi administracijos direktor\u0117 Ida Vasiljevien\u0117 sak\u0117, jog gra\u017ei pavasario diena atne\u0161\u0117 merui ir gra\u017ei\u0105 sukakt\u012f bei gra\u017ei\u0105 patirt\u012f ir link\u0117jo [&hellip;]<\/p>\n","protected":false},"author":1,"featured_media":0,"comment_status":"open","ping_status":"open","sticky":false,"template":"","format":"standard","meta":{"footnotes":""},"categories":[2],"tags":[],"class_list":{"0":"post-11311","1":"post","2":"type-post","3":"status-publish","4":"format-standard","6":"category-aktualijos"},"yoast_head":"<!-- This site is optimized with the Yoast SEO plugin v27.5 - https:\/\/yoast.com\/product\/yoast-seo-wordpress\/ -->\n<title>Meras V.Pozingis \u0161ven\u010dia gimtadien\u012f - \u0160ilut\u0117s naujienos<\/title>\n<meta name=\"robots\" content=\"index, follow, max-snippet:-1, max-image-preview:large, max-video-preview:-1\" \/>\n<link rel=\"canonical\" href=\"https:\/\/www.silutesnaujienos.lt\/lt\/meras-v-pozingis-svencia-gimtadieni\/\" \/>\n<meta property=\"og:locale\" content=\"lt_LT\" \/>\n<meta property=\"og:type\" content=\"article\" \/>\n<meta property=\"og:title\" content=\"Meras V.Pozingis \u0161ven\u010dia gimtadien\u012f - \u0160ilut\u0117s naujienos\" \/>\n<meta property=\"og:description\" content=\"Rajono meras Virgilijus Pozingis \u0161iandien, kovo 29 d., \u0161ven\u010dia savo 48-\u0105j\u012f gimtadien\u012f. Ryte kone visi savivaldyb\u0117s administracijos skyri\u0173 vadovai rikiavosi prie mero kabineto dur\u0173. Meras V.Pozingis kolegas pri\u0117m\u0117 ma\u017eojoje pos\u0117d\u017ei\u0173 sal\u0117je. Puiki\u0105 puok\u0161t\u0119 rajono vadovui \u012fteikusi administracijos direktor\u0117 Ida Vasiljevien\u0117 sak\u0117, jog gra\u017ei pavasario diena atne\u0161\u0117 merui ir gra\u017ei\u0105 sukakt\u012f bei gra\u017ei\u0105 patirt\u012f ir link\u0117jo [&hellip;]\" \/>\n<meta property=\"og:url\" content=\"https:\/\/www.silutesnaujienos.lt\/lt\/meras-v-pozingis-svencia-gimtadieni\/\" \/>\n<meta property=\"og:site_name\" content=\"\u0160ilut\u0117s naujienos\" \/>\n<meta property=\"article:publisher\" content=\"https:\/\/www.facebook.com\/silutes.naujienos\/\" \/>\n<meta property=\"article:published_time\" content=\"2012-03-29T09:30:00+00:00\" \/>\n<meta property=\"og:image\" content=\"\/\/silutesnaujienos.lt\/images\/stories\/2012\/03\/26\/thumbnails\/thumb_mero_gimtadienis.jpg\" \/>\n<meta name=\"author\" content=\"\u0160ilut\u0117s naujien\u0173 inf.\" \/>\n<meta name=\"twitter:card\" content=\"summary_large_image\" \/>\n<meta name=\"twitter:label1\" content=\"Written by\" \/>\n\t<meta name=\"twitter:data1\" content=\"\u0160ilut\u0117s naujien\u0173 inf.\" \/>\n\t<meta name=\"twitter:label2\" content=\"Est. reading time\" \/>\n\t<meta name=\"twitter:data2\" content=\"1 minut\u0117\" \/>\n<script type=\"application\/ld+json\" class=\"yoast-schema-graph\">{\"@context\":\"https:\\\/\\\/schema.org\",\"@graph\":[{\"@type\":\"Article\",\"@id\":\"https:\\\/\\\/www.silutesnaujienos.lt\\\/lt\\\/meras-v-pozingis-svencia-gimtadieni\\\/#article\",\"isPartOf\":{\"@id\":\"https:\\\/\\\/www.silutesnaujienos.lt\\\/lt\\\/meras-v-pozingis-svencia-gimtadieni\\\/\"},\"author\":{\"name\":\"\u0160ilut\u0117s naujien\u0173 inf.\",\"@id\":\"https:\\\/\\\/www.silutesnaujienos.lt\\\/lt\\\/#\\\/schema\\\/person\\\/232f475ddd4a7b5f49b3abc788b17e83\"},\"headline\":\"Meras V.Pozingis \u0161ven\u010dia gimtadien\u012f\",\"datePublished\":\"2012-03-29T09:30:00+00:00\",\"mainEntityOfPage\":{\"@id\":\"https:\\\/\\\/www.silutesnaujienos.lt\\\/lt\\\/meras-v-pozingis-svencia-gimtadieni\\\/\"},\"wordCount\":169,\"commentCount\":0,\"publisher\":{\"@id\":\"https:\\\/\\\/www.silutesnaujienos.lt\\\/lt\\\/#organization\"},\"articleSection\":[\"Aktualijos\"],\"inLanguage\":\"lt-LT\",\"potentialAction\":[{\"@type\":\"CommentAction\",\"name\":\"Comment\",\"target\":[\"https:\\\/\\\/www.silutesnaujienos.lt\\\/lt\\\/meras-v-pozingis-svencia-gimtadieni\\\/#respond\"]}]},{\"@type\":\"WebPage\",\"@id\":\"https:\\\/\\\/www.silutesnaujienos.lt\\\/lt\\\/meras-v-pozingis-svencia-gimtadieni\\\/\",\"url\":\"https:\\\/\\\/www.silutesnaujienos.lt\\\/lt\\\/meras-v-pozingis-svencia-gimtadieni\\\/\",\"name\":\"Meras V.Pozingis \u0161ven\u010dia gimtadien\u012f - \u0160ilut\u0117s naujienos\",\"isPartOf\":{\"@id\":\"https:\\\/\\\/www.silutesnaujienos.lt\\\/lt\\\/#website\"},\"datePublished\":\"2012-03-29T09:30:00+00:00\",\"breadcrumb\":{\"@id\":\"https:\\\/\\\/www.silutesnaujienos.lt\\\/lt\\\/meras-v-pozingis-svencia-gimtadieni\\\/#breadcrumb\"},\"inLanguage\":\"lt-LT\",\"potentialAction\":[{\"@type\":\"ReadAction\",\"target\":[\"https:\\\/\\\/www.silutesnaujienos.lt\\\/lt\\\/meras-v-pozingis-svencia-gimtadieni\\\/\"]}]},{\"@type\":\"BreadcrumbList\",\"@id\":\"https:\\\/\\\/www.silutesnaujienos.lt\\\/lt\\\/meras-v-pozingis-svencia-gimtadieni\\\/#breadcrumb\",\"itemListElement\":[{\"@type\":\"ListItem\",\"position\":1,\"name\":\"Home\",\"item\":\"https:\\\/\\\/www.silutesnaujienos.lt\\\/lt\\\/\"},{\"@type\":\"ListItem\",\"position\":2,\"name\":\"Meras V.Pozingis \u0161ven\u010dia gimtadien\u012f\"}]},{\"@type\":\"WebSite\",\"@id\":\"https:\\\/\\\/www.silutesnaujienos.lt\\\/lt\\\/#website\",\"url\":\"https:\\\/\\\/www.silutesnaujienos.lt\\\/lt\\\/\",\"name\":\"\u0160ilut\u0117s naujienos\",\"description\":\"B\u016bk ant naujien\u0173 bangos!\",\"publisher\":{\"@id\":\"https:\\\/\\\/www.silutesnaujienos.lt\\\/lt\\\/#organization\"},\"potentialAction\":[{\"@type\":\"SearchAction\",\"target\":{\"@type\":\"EntryPoint\",\"urlTemplate\":\"https:\\\/\\\/www.silutesnaujienos.lt\\\/lt\\\/?s={search_term_string}\"},\"query-input\":{\"@type\":\"PropertyValueSpecification\",\"valueRequired\":true,\"valueName\":\"search_term_string\"}}],\"inLanguage\":\"lt-LT\"},{\"@type\":\"Organization\",\"@id\":\"https:\\\/\\\/www.silutesnaujienos.lt\\\/lt\\\/#organization\",\"name\":\"\u0160ilut\u0117s naujienos\",\"url\":\"https:\\\/\\\/www.silutesnaujienos.lt\\\/lt\\\/\",\"logo\":{\"@type\":\"ImageObject\",\"inLanguage\":\"lt-LT\",\"@id\":\"https:\\\/\\\/www.silutesnaujienos.lt\\\/lt\\\/#\\\/schema\\\/logo\\\/image\\\/\",\"url\":\"https:\\\/\\\/www.silutesnaujienos.lt\\\/lt\\\/wp-content\\\/uploads\\\/2020\\\/06\\\/FB_MAIN.jpg\",\"contentUrl\":\"https:\\\/\\\/www.silutesnaujienos.lt\\\/lt\\\/wp-content\\\/uploads\\\/2020\\\/06\\\/FB_MAIN.jpg\",\"width\":1700,\"height\":956,\"caption\":\"\u0160ilut\u0117s naujienos\"},\"image\":{\"@id\":\"https:\\\/\\\/www.silutesnaujienos.lt\\\/lt\\\/#\\\/schema\\\/logo\\\/image\\\/\"},\"sameAs\":[\"https:\\\/\\\/www.facebook.com\\\/silutes.naujienos\\\/\",\"https:\\\/\\\/www.youtube.com\\\/channel\\\/UCxW-cgrJDt8GxIMxSTAfJZg\"]},{\"@type\":\"Person\",\"@id\":\"https:\\\/\\\/www.silutesnaujienos.lt\\\/lt\\\/#\\\/schema\\\/person\\\/232f475ddd4a7b5f49b3abc788b17e83\",\"name\":\"\u0160ilut\u0117s naujien\u0173 inf.\",\"image\":{\"@type\":\"ImageObject\",\"inLanguage\":\"lt-LT\",\"@id\":\"https:\\\/\\\/www.silutesnaujienos.lt\\\/lt\\\/wp-content\\\/uploads\\\/2020\\\/06\\\/favicon.png\",\"url\":\"https:\\\/\\\/www.silutesnaujienos.lt\\\/lt\\\/wp-content\\\/uploads\\\/2020\\\/06\\\/favicon.png\",\"contentUrl\":\"https:\\\/\\\/www.silutesnaujienos.lt\\\/lt\\\/wp-content\\\/uploads\\\/2020\\\/06\\\/favicon.png\",\"caption\":\"\u0160ilut\u0117s naujien\u0173 inf.\"},\"sameAs\":[\"https:\\\/\\\/www.silutesnaujienos.lt\\\/lt\"],\"url\":\"https:\\\/\\\/www.silutesnaujienos.lt\\\/lt\\\/author\\\/ruta\\\/\"}]}<\/script>\n<!-- \/ Yoast SEO plugin. -->","yoast_head_json":{"title":"Meras V.Pozingis \u0161ven\u010dia gimtadien\u012f - \u0160ilut\u0117s naujienos","robots":{"index":"index","follow":"follow","max-snippet":"max-snippet:-1","max-image-preview":"max-image-preview:large","max-video-preview":"max-video-preview:-1"},"canonical":"https:\/\/www.silutesnaujienos.lt\/lt\/meras-v-pozingis-svencia-gimtadieni\/","og_locale":"lt_LT","og_type":"article","og_title":"Meras V.Pozingis \u0161ven\u010dia gimtadien\u012f - \u0160ilut\u0117s naujienos","og_description":"Rajono meras Virgilijus Pozingis \u0161iandien, kovo 29 d., \u0161ven\u010dia savo 48-\u0105j\u012f gimtadien\u012f. Ryte kone visi savivaldyb\u0117s administracijos skyri\u0173 vadovai rikiavosi prie mero kabineto dur\u0173. Meras V.Pozingis kolegas pri\u0117m\u0117 ma\u017eojoje pos\u0117d\u017ei\u0173 sal\u0117je. Puiki\u0105 puok\u0161t\u0119 rajono vadovui \u012fteikusi administracijos direktor\u0117 Ida Vasiljevien\u0117 sak\u0117, jog gra\u017ei pavasario diena atne\u0161\u0117 merui ir gra\u017ei\u0105 sukakt\u012f bei gra\u017ei\u0105 patirt\u012f ir link\u0117jo [&hellip;]","og_url":"https:\/\/www.silutesnaujienos.lt\/lt\/meras-v-pozingis-svencia-gimtadieni\/","og_site_name":"\u0160ilut\u0117s naujienos","article_publisher":"https:\/\/www.facebook.com\/silutes.naujienos\/","article_published_time":"2012-03-29T09:30:00+00:00","og_image":[{"url":"\/\/silutesnaujienos.lt\/images\/stories\/2012\/03\/26\/thumbnails\/thumb_mero_gimtadienis.jpg","type":"","width":"","height":""}],"author":"\u0160ilut\u0117s naujien\u0173 inf.","twitter_card":"summary_large_image","twitter_misc":{"Written by":"\u0160ilut\u0117s naujien\u0173 inf.","Est. reading time":"1 minut\u0117"},"schema":{"@context":"https:\/\/schema.org","@graph":[{"@type":"Article","@id":"https:\/\/www.silutesnaujienos.lt\/lt\/meras-v-pozingis-svencia-gimtadieni\/#article","isPartOf":{"@id":"https:\/\/www.silutesnaujienos.lt\/lt\/meras-v-pozingis-svencia-gimtadieni\/"},"author":{"name":"\u0160ilut\u0117s naujien\u0173 inf.","@id":"https:\/\/www.silutesnaujienos.lt\/lt\/#\/schema\/person\/232f475ddd4a7b5f49b3abc788b17e83"},"headline":"Meras V.Pozingis \u0161ven\u010dia gimtadien\u012f","datePublished":"2012-03-29T09:30:00+00:00","mainEntityOfPage":{"@id":"https:\/\/www.silutesnaujienos.lt\/lt\/meras-v-pozingis-svencia-gimtadieni\/"},"wordCount":169,"commentCount":0,"publisher":{"@id":"https:\/\/www.silutesnaujienos.lt\/lt\/#organization"},"articleSection":["Aktualijos"],"inLanguage":"lt-LT","potentialAction":[{"@type":"CommentAction","name":"Comment","target":["https:\/\/www.silutesnaujienos.lt\/lt\/meras-v-pozingis-svencia-gimtadieni\/#respond"]}]},{"@type":"WebPage","@id":"https:\/\/www.silutesnaujienos.lt\/lt\/meras-v-pozingis-svencia-gimtadieni\/","url":"https:\/\/www.silutesnaujienos.lt\/lt\/meras-v-pozingis-svencia-gimtadieni\/","name":"Meras V.Pozingis \u0161ven\u010dia gimtadien\u012f - \u0160ilut\u0117s naujienos","isPartOf":{"@id":"https:\/\/www.silutesnaujienos.lt\/lt\/#website"},"datePublished":"2012-03-29T09:30:00+00:00","breadcrumb":{"@id":"https:\/\/www.silutesnaujienos.lt\/lt\/meras-v-pozingis-svencia-gimtadieni\/#breadcrumb"},"inLanguage":"lt-LT","potentialAction":[{"@type":"ReadAction","target":["https:\/\/www.silutesnaujienos.lt\/lt\/meras-v-pozingis-svencia-gimtadieni\/"]}]},{"@type":"BreadcrumbList","@id":"https:\/\/www.silutesnaujienos.lt\/lt\/meras-v-pozingis-svencia-gimtadieni\/#breadcrumb","itemListElement":[{"@type":"ListItem","position":1,"name":"Home","item":"https:\/\/www.silutesnaujienos.lt\/lt\/"},{"@type":"ListItem","position":2,"name":"Meras V.Pozingis \u0161ven\u010dia gimtadien\u012f"}]},{"@type":"WebSite","@id":"https:\/\/www.silutesnaujienos.lt\/lt\/#website","url":"https:\/\/www.silutesnaujienos.lt\/lt\/","name":"\u0160ilut\u0117s naujienos","description":"B\u016bk ant naujien\u0173 bangos!","publisher":{"@id":"https:\/\/www.silutesnaujienos.lt\/lt\/#organization"},"potentialAction":[{"@type":"SearchAction","target":{"@type":"EntryPoint","urlTemplate":"https:\/\/www.silutesnaujienos.lt\/lt\/?s={search_term_string}"},"query-input":{"@type":"PropertyValueSpecification","valueRequired":true,"valueName":"search_term_string"}}],"inLanguage":"lt-LT"},{"@type":"Organization","@id":"https:\/\/www.silutesnaujienos.lt\/lt\/#organization","name":"\u0160ilut\u0117s naujienos","url":"https:\/\/www.silutesnaujienos.lt\/lt\/","logo":{"@type":"ImageObject","inLanguage":"lt-LT","@id":"https:\/\/www.silutesnaujienos.lt\/lt\/#\/schema\/logo\/image\/","url":"https:\/\/www.silutesnaujienos.lt\/lt\/wp-content\/uploads\/2020\/06\/FB_MAIN.jpg","contentUrl":"https:\/\/www.silutesnaujienos.lt\/lt\/wp-content\/uploads\/2020\/06\/FB_MAIN.jpg","width":1700,"height":956,"caption":"\u0160ilut\u0117s naujienos"},"image":{"@id":"https:\/\/www.silutesnaujienos.lt\/lt\/#\/schema\/logo\/image\/"},"sameAs":["https:\/\/www.facebook.com\/silutes.naujienos\/","https:\/\/www.youtube.com\/channel\/UCxW-cgrJDt8GxIMxSTAfJZg"]},{"@type":"Person","@id":"https:\/\/www.silutesnaujienos.lt\/lt\/#\/schema\/person\/232f475ddd4a7b5f49b3abc788b17e83","name":"\u0160ilut\u0117s naujien\u0173 inf.","image":{"@type":"ImageObject","inLanguage":"lt-LT","@id":"https:\/\/www.silutesnaujienos.lt\/lt\/wp-content\/uploads\/2020\/06\/favicon.png","url":"https:\/\/www.silutesnaujienos.lt\/lt\/wp-content\/uploads\/2020\/06\/favicon.png","contentUrl":"https:\/\/www.silutesnaujienos.lt\/lt\/wp-content\/uploads\/2020\/06\/favicon.png","caption":"\u0160ilut\u0117s naujien\u0173 inf."},"sameAs":["https:\/\/www.silutesnaujienos.lt\/lt"],"url":"https:\/\/www.silutesnaujienos.lt\/lt\/author\/ruta\/"}]}},"publishpress_future_workflow_manual_trigger":{"enabledWorkflows":[]},"amp_enabled":true,"_links":{"self":[{"href":"https:\/\/www.silutesnaujienos.lt\/lt\/wp-json\/wp\/v2\/posts\/11311","targetHints":{"allow":["GET"]}}],"collection":[{"href":"https:\/\/www.silutesnaujienos.lt\/lt\/wp-json\/wp\/v2\/posts"}],"about":[{"href":"https:\/\/www.silutesnaujienos.lt\/lt\/wp-json\/wp\/v2\/types\/post"}],"author":[{"embeddable":true,"href":"https:\/\/www.silutesnaujienos.lt\/lt\/wp-json\/wp\/v2\/users\/1"}],"replies":[{"embeddable":true,"href":"https:\/\/www.silutesnaujienos.lt\/lt\/wp-json\/wp\/v2\/comments?post=11311"}],"version-history":[{"count":0,"href":"https:\/\/www.silutesnaujienos.lt\/lt\/wp-json\/wp\/v2\/posts\/11311\/revisions"}],"wp:attachment":[{"href":"https:\/\/www.silutesnaujienos.lt\/lt\/wp-json\/wp\/v2\/media?parent=11311"}],"wp:term":[{"taxonomy":"category","embeddable":true,"href":"https:\/\/www.silutesnaujienos.lt\/lt\/wp-json\/wp\/v2\/categories?post=11311"},{"taxonomy":"post_tag","embeddable":true,"href":"https:\/\/www.silutesnaujienos.lt\/lt\/wp-json\/wp\/v2\/tags?post=11311"}],"curies":[{"name":"wp","href":"https:\/\/api.w.org\/{rel}","templated":true}]}}