{"id":11366,"date":"2012-10-29T05:00:00","date_gmt":"2012-10-29T07:00:00","guid":{"rendered":"https:\/\/www.silutesnaujienos.lt\/lt\/is-darbo-isejo-issikvepusi-jaunimo-ir-sporto-reikalu-koordinatore\/"},"modified":"2012-10-29T05:00:00","modified_gmt":"2012-10-29T07:00:00","slug":"is-darbo-isejo-issikvepusi-jaunimo-ir-sporto-reikalu-koordinatore","status":"publish","type":"post","link":"https:\/\/www.silutesnaujienos.lt\/lt\/is-darbo-isejo-issikvepusi-jaunimo-ir-sporto-reikalu-koordinatore\/","title":{"rendered":"I\u0161 darbo i\u0161\u0117jo i\u0161sikv\u0117pusi jaunimo ir sporto reikal\u0173 koordinator\u0117"},"content":{"rendered":"<p><a target=\"_blank\" rel=\"caption[I\u0161 darbo i\u0161\u0117jo 12 met\u0173 \u0160ilut\u0117s rajono savivaldyb\u0117je pradirbusi jaunimo reikal\u0173 ir sporto koordinator\u0117 J.Gurevi\u010di\u016bt\u0117. \/ Martynos \u017dilionyt\u0117s (\u201eAp\u017evalga\u201c) nuotrauka.] noopener noreferrer\" class=\"jcepopup\" href=\"\/\/silutesnaujienos.lt\/images\/stories\/2012\/10\/26\/jurgita_gureviciute_martynos_zilionytes_apzvalga_nuotr.jpg\" data-rel=\"lightbox-gallery-yLPp6hWX\" data-rl_title=\"\" data-rl_caption=\"\"><img loading=\"lazy\" decoding=\"async\" style=\"margin: 5px; float: left;\" class=\"caption\" title=\"\" alt=\"jurgita gureviciute martynos zilionytes apzvalga nuotr\" src=\"\/\/silutesnaujienos.lt\/images\/stories\/2012\/10\/26\/thumbnails\/thumb_jurgita_gureviciute_martynos_zilionytes_apzvalga_nuotr.jpg\" height=\"230\" width=\"307\" \/><\/a><strong>Jaunimo reikal\u0173 ir sporto koordinator\u0117 Jurgita Gurevi\u010di\u016bt\u0117 po 12 met\u0173 darbo \u0160ilut\u0117s rajono savivaldyb\u0117je savo noru i\u0161\u0117jo i\u0161 darbo. Per \u0161iuos darbo metus jos veikla buvo vertinama nevienareik\u0161mi\u0161kai. Pa\u010dios jaunimo organizacijos net kelis kartus band\u0117 inicijuoti jos nu\u0161alinim\u0105 i\u0161 pareig\u0173, i\u0161sak\u0117 gausyb\u0119 priekai\u0161t\u0173, ta\u010diau Savivaldyb\u0117s administracij\u0105 jos darbas tenkino.<\/strong><\/p>\n<p>Neoficialiais duomenimis, specialist\u0117s nor\u0105 i\u0161eiti i\u0161 darbo paskatino administracijos valdymo strukt\u016bros pakeitimai. Iki \u0161iol buvusi savaranki\u0161ka jaunimo reikal\u0173 ir sporto koordinator\u0117s pareigyb\u0117 priskirta \u0160vietimo skyriui. Atsiradus priklausomybei, specialist\u0117 nepanoro, kad jos darbas b\u016bt\u0173 kontroliuojamas.<\/p>\n<p>Diplomati\u0161kai buvusios koordinator\u0117s darb\u0105 \u012fvertin\u0119 rajono vadovai pabr\u0117\u017eia, jog i\u0161 naujo darbuotojo tikimasi, kad koordinatorius bus tas \u017emogus, apie kurio egzistavim\u0105 jaunimas \u017eino, apie kur\u012f sukasi ir \u012f kur\u012f nebijo kreiptis bet kokiu klausimu.<\/p>\n<p><strong>Darbu skund\u0117si jaunimas<\/strong><\/p>\n<p>J.Gurevi\u010di\u016bt\u0117 Savivaldyb\u0119 paliko \u0161ali\u0173 susitarimu. Pasak administracijos direktoriaus Raimundo Ambrozai\u010dio, specialist\u0117 prisipa\u017eino, jog jai galb\u016bt reik\u0117t\u0173 kito pob\u016bd\u017eio darbo, nes per tiek laiko i\u0161sikv\u0117p\u0117.<\/p>\n<p>Per darbo metus jaunimas ne kart\u0105 vie\u0161ai piktinosi d\u0117l koordinator\u0117s neveiklumo ir nor\u0117jo j\u0105 nuversti i\u0161 posto. \u0160iemet kov\u0105 susik\u016brusios <a href=\"index.php\/kultra-ir-laisvalaikis\/jaunimo-banga\/1949-steigta-pamario-jaunim-vienijanti-asociacija\">asociacijos \u201ePamario jaunimas\u201c atstovai steigiamajame susirinkime nesl\u0117p\u0117 apmaudo<\/a>, kad specialist\u0117 net kvie\u010diama nesiteik\u0117 ateiti \u012f j\u0173 organizuotus susirinkimus. Guod\u0117si, kad j\u0173 iniciatyvos negerbia ir nevertina.<\/p>\n<p>\u201eKol koordinator\u0117 dirbo, Savivaldyb\u0117s poreikius tenkino. Ai\u0161ku, tobul\u0117jimui rib\u0173 n\u0117ra\u201c, &#8211; diplomati\u0161kai kalb\u0117jo R.Ambrozaitis. Ta\u010diau jis pripa\u017eino, jog gimnazijose vykusi\u0173 susitikim\u0173 metu moksleiviai prisipa\u017eino apie tok\u012f koordinatori\u0173 i\u0161vis negird\u0117j\u0119.<\/p>\n<p>Administracijos direktoriaus manymu, reikia u\u017esiauginti jaunuol\u012f, kuris \u017einot\u0173, kur kreiptis d\u0117l savo iniciatyv\u0173. B\u016bsimas jaunimo reikal\u0173 ir sporto koordinatorius tur\u0117t\u0173 b\u016bti tas \u017emogus, kuris pateisint\u0173 jaunimo l\u016bkes\u010dius.<\/p>\n<p>\u0160iuo metu laikinai, kad numatyti darbai nestov\u0117t\u0173 vietoje, koordinatore paskirta \u0160ilut\u0117s kult\u016bros ir pramog\u0173 centro vadybininke dirbusi Rimant\u0117 Vitkauskait\u0117. Pasak administracijos direktoriaus R.Ambrozai\u010dio, kol kas neskubama skelbti vie\u0161ojo konkurso eiti \u0161ias pareigas.<\/p>\n<p>\u201ePerskirst\u0119 pareigybes norime pa\u017ei\u016br\u0117ti, kaip eisis jaunimo reikal\u0173 ir sporto koordinatoriaus darbas \u0160vietimo skyriaus sud\u0117tyje, pamatyti, kokia kryptimi mums eiti ir kokio specialisto labiausiai reik\u0117t\u0173. V\u0117liau pra\u0161ysime \u0160vietimo skyriaus pateikti rekomendacijas\u201c, &#8211; komentavo R.Ambrozaitis.<\/p>\n<p>Mer\u0117 Daiva \u017debelien\u0117 i\u0161 b\u016bsimo koordinatoriaus tikisi veiklumo, energingumo ir tikro darbo. Ji pastebi, jog reik\u0117t\u0173 daugiau projektin\u0117s veiklos, gana apleista yra sporto pad\u0117tis \u0160ilut\u0117s rajone, tod\u0117l reik\u0117t\u0173 ie\u0161koti \u012fvairi\u0173 projektinio finansavimo \u0161altini\u0173.<\/p>\n<p><strong>Pavieniai specialistai priskirti skyriams<\/strong><\/p>\n<p>Administracijos direktorius ai\u0161kino, jog, prad\u0117j\u0119s dirbti, per kelet\u0105 m\u0117nesi\u0173 susid\u016br\u0117 su problema, kai iki \u0161iol jokiam skyriui nepriskirti specialistai i\u0161eidavo atostog\u0173, susirgdavo, o j\u0173 darb\u0173 neb\u016bdavo kam atlikti. Norint optimizuoti ir konsoliduoti j\u0117gas, nutarta pavienius specialistus priskirti tam tikriems skyriams, kuri\u0173 veikla pagal pob\u016bd\u012f artima specialist\u0173 darbui.<\/p>\n<p>\u201ePavaldumas ir skyriaus vadov\u0173 kontrol\u0117 tur\u0117t\u0173 pagerinti t\u0173 specialist\u0173 darbo kokyb\u0119. Dirbant skyriuje galima dalintis informacija, naujomis id\u0117jomis, nes vienas \u017emogus tikrai i\u0161sisemia. Be to, esant reikalui, bus kas specialist\u0105 pavaduoja\u201c, &#8211; administracijos strukt\u016bros patobulinim\u0105 komentavo R.Ambrozaitis.<\/p>\n<p>Civilin\u0117s, prie\u0161gaisrin\u0117s ir gyventoj\u0173 saugos skyriui priskirti vyr. specialistai &#8211; savivaldyb\u0117s gydytojas, sanitarijos inspektorius ir vyr. specialistas korupcijos prevencijai ir mobilizacijai. \u016akio skyriui &#8211; gamtosaugininkas ir trys specialistai, atministruojantys atliek\u0173 tvarkym\u0105. Pastarieji dirbs prie\u0161ais Savivaldyb\u0119, kitoje gatv\u0117s pus\u0117je esan\u010diame pastate, kur \u012fsik\u016br\u0119s Kaimo reikal\u0173 skyrius.<\/p>\n<p>\u201eVieno langelio\u201c tarnyboje \u017emones konsultuojan\u010dios specialist\u0117s priskirtos nebe Komunikacijos, o Kanceliarijos skyriui. R.Ambrozai\u010dio manymu, \u0161is perskirstymas leis tolygiau paskirstyti darbus ir sustiprins skyrius. Vis\u0173 priskirt\u0173 specialist\u0173 pareigyb\u0117s i\u0161lieka tos pa\u010dios.<\/p>\n","protected":false},"excerpt":{"rendered":"<p>Jaunimo reikal\u0173 ir sporto koordinator\u0117 Jurgita Gurevi\u010di\u016bt\u0117 po 12 met\u0173 darbo \u0160ilut\u0117s rajono savivaldyb\u0117je savo noru i\u0161\u0117jo i\u0161 darbo. Per \u0161iuos darbo metus jos veikla buvo vertinama nevienareik\u0161mi\u0161kai. Pa\u010dios jaunimo organizacijos net kelis kartus band\u0117 inicijuoti jos nu\u0161alinim\u0105 i\u0161 pareig\u0173, i\u0161sak\u0117 gausyb\u0119 priekai\u0161t\u0173, ta\u010diau Savivaldyb\u0117s administracij\u0105 jos darbas tenkino. Neoficialiais duomenimis, specialist\u0117s nor\u0105 i\u0161eiti i\u0161 [&hellip;]<\/p>\n","protected":false},"author":1,"featured_media":0,"comment_status":"open","ping_status":"open","sticky":false,"template":"","format":"standard","meta":{"footnotes":""},"categories":[2],"tags":[],"class_list":{"0":"post-11366","1":"post","2":"type-post","3":"status-publish","4":"format-standard","6":"category-aktualijos"},"yoast_head":"<!-- This site is optimized with the Yoast SEO plugin v27.5 - https:\/\/yoast.com\/product\/yoast-seo-wordpress\/ -->\n<title>I\u0161 darbo i\u0161\u0117jo i\u0161sikv\u0117pusi jaunimo ir sporto reikal\u0173 koordinator\u0117 - \u0160ilut\u0117s naujienos<\/title>\n<meta name=\"robots\" content=\"index, follow, max-snippet:-1, max-image-preview:large, max-video-preview:-1\" \/>\n<link rel=\"canonical\" href=\"https:\/\/www.silutesnaujienos.lt\/lt\/is-darbo-isejo-issikvepusi-jaunimo-ir-sporto-reikalu-koordinatore\/\" \/>\n<meta property=\"og:locale\" content=\"lt_LT\" \/>\n<meta property=\"og:type\" content=\"article\" \/>\n<meta property=\"og:title\" content=\"I\u0161 darbo i\u0161\u0117jo i\u0161sikv\u0117pusi jaunimo ir sporto reikal\u0173 koordinator\u0117 - \u0160ilut\u0117s naujienos\" \/>\n<meta property=\"og:description\" content=\"Jaunimo reikal\u0173 ir sporto koordinator\u0117 Jurgita Gurevi\u010di\u016bt\u0117 po 12 met\u0173 darbo \u0160ilut\u0117s rajono savivaldyb\u0117je savo noru i\u0161\u0117jo i\u0161 darbo. Per \u0161iuos darbo metus jos veikla buvo vertinama nevienareik\u0161mi\u0161kai. Pa\u010dios jaunimo organizacijos net kelis kartus band\u0117 inicijuoti jos nu\u0161alinim\u0105 i\u0161 pareig\u0173, i\u0161sak\u0117 gausyb\u0119 priekai\u0161t\u0173, ta\u010diau Savivaldyb\u0117s administracij\u0105 jos darbas tenkino. Neoficialiais duomenimis, specialist\u0117s nor\u0105 i\u0161eiti i\u0161 [&hellip;]\" \/>\n<meta property=\"og:url\" content=\"https:\/\/www.silutesnaujienos.lt\/lt\/is-darbo-isejo-issikvepusi-jaunimo-ir-sporto-reikalu-koordinatore\/\" \/>\n<meta property=\"og:site_name\" content=\"\u0160ilut\u0117s naujienos\" \/>\n<meta property=\"article:publisher\" content=\"https:\/\/www.facebook.com\/silutes.naujienos\/\" \/>\n<meta property=\"article:published_time\" content=\"2012-10-29T07:00:00+00:00\" \/>\n<meta property=\"og:image\" content=\"\/\/silutesnaujienos.lt\/images\/stories\/2012\/10\/26\/thumbnails\/thumb_jurgita_gureviciute_martynos_zilionytes_apzvalga_nuotr.jpg\" \/>\n<meta name=\"author\" content=\"\u0160ilut\u0117s naujien\u0173 inf.\" \/>\n<meta name=\"twitter:card\" content=\"summary_large_image\" \/>\n<meta name=\"twitter:label1\" content=\"Written by\" \/>\n\t<meta name=\"twitter:data1\" content=\"\u0160ilut\u0117s naujien\u0173 inf.\" \/>\n\t<meta name=\"twitter:label2\" content=\"Est. reading time\" \/>\n\t<meta name=\"twitter:data2\" content=\"3 minut\u0117s\" \/>\n<script type=\"application\/ld+json\" class=\"yoast-schema-graph\">{\"@context\":\"https:\\\/\\\/schema.org\",\"@graph\":[{\"@type\":\"Article\",\"@id\":\"https:\\\/\\\/www.silutesnaujienos.lt\\\/lt\\\/is-darbo-isejo-issikvepusi-jaunimo-ir-sporto-reikalu-koordinatore\\\/#article\",\"isPartOf\":{\"@id\":\"https:\\\/\\\/www.silutesnaujienos.lt\\\/lt\\\/is-darbo-isejo-issikvepusi-jaunimo-ir-sporto-reikalu-koordinatore\\\/\"},\"author\":{\"name\":\"\u0160ilut\u0117s naujien\u0173 inf.\",\"@id\":\"https:\\\/\\\/www.silutesnaujienos.lt\\\/lt\\\/#\\\/schema\\\/person\\\/232f475ddd4a7b5f49b3abc788b17e83\"},\"headline\":\"I\u0161 darbo i\u0161\u0117jo i\u0161sikv\u0117pusi jaunimo ir sporto reikal\u0173 koordinator\u0117\",\"datePublished\":\"2012-10-29T07:00:00+00:00\",\"mainEntityOfPage\":{\"@id\":\"https:\\\/\\\/www.silutesnaujienos.lt\\\/lt\\\/is-darbo-isejo-issikvepusi-jaunimo-ir-sporto-reikalu-koordinatore\\\/\"},\"wordCount\":630,\"commentCount\":0,\"publisher\":{\"@id\":\"https:\\\/\\\/www.silutesnaujienos.lt\\\/lt\\\/#organization\"},\"articleSection\":[\"Aktualijos\"],\"inLanguage\":\"lt-LT\",\"potentialAction\":[{\"@type\":\"CommentAction\",\"name\":\"Comment\",\"target\":[\"https:\\\/\\\/www.silutesnaujienos.lt\\\/lt\\\/is-darbo-isejo-issikvepusi-jaunimo-ir-sporto-reikalu-koordinatore\\\/#respond\"]}]},{\"@type\":\"WebPage\",\"@id\":\"https:\\\/\\\/www.silutesnaujienos.lt\\\/lt\\\/is-darbo-isejo-issikvepusi-jaunimo-ir-sporto-reikalu-koordinatore\\\/\",\"url\":\"https:\\\/\\\/www.silutesnaujienos.lt\\\/lt\\\/is-darbo-isejo-issikvepusi-jaunimo-ir-sporto-reikalu-koordinatore\\\/\",\"name\":\"I\u0161 darbo i\u0161\u0117jo i\u0161sikv\u0117pusi jaunimo ir sporto reikal\u0173 koordinator\u0117 - \u0160ilut\u0117s naujienos\",\"isPartOf\":{\"@id\":\"https:\\\/\\\/www.silutesnaujienos.lt\\\/lt\\\/#website\"},\"datePublished\":\"2012-10-29T07:00:00+00:00\",\"breadcrumb\":{\"@id\":\"https:\\\/\\\/www.silutesnaujienos.lt\\\/lt\\\/is-darbo-isejo-issikvepusi-jaunimo-ir-sporto-reikalu-koordinatore\\\/#breadcrumb\"},\"inLanguage\":\"lt-LT\",\"potentialAction\":[{\"@type\":\"ReadAction\",\"target\":[\"https:\\\/\\\/www.silutesnaujienos.lt\\\/lt\\\/is-darbo-isejo-issikvepusi-jaunimo-ir-sporto-reikalu-koordinatore\\\/\"]}]},{\"@type\":\"BreadcrumbList\",\"@id\":\"https:\\\/\\\/www.silutesnaujienos.lt\\\/lt\\\/is-darbo-isejo-issikvepusi-jaunimo-ir-sporto-reikalu-koordinatore\\\/#breadcrumb\",\"itemListElement\":[{\"@type\":\"ListItem\",\"position\":1,\"name\":\"Home\",\"item\":\"https:\\\/\\\/www.silutesnaujienos.lt\\\/lt\\\/\"},{\"@type\":\"ListItem\",\"position\":2,\"name\":\"I\u0161 darbo i\u0161\u0117jo i\u0161sikv\u0117pusi jaunimo ir sporto reikal\u0173 koordinator\u0117\"}]},{\"@type\":\"WebSite\",\"@id\":\"https:\\\/\\\/www.silutesnaujienos.lt\\\/lt\\\/#website\",\"url\":\"https:\\\/\\\/www.silutesnaujienos.lt\\\/lt\\\/\",\"name\":\"\u0160ilut\u0117s naujienos\",\"description\":\"B\u016bk ant naujien\u0173 bangos!\",\"publisher\":{\"@id\":\"https:\\\/\\\/www.silutesnaujienos.lt\\\/lt\\\/#organization\"},\"potentialAction\":[{\"@type\":\"SearchAction\",\"target\":{\"@type\":\"EntryPoint\",\"urlTemplate\":\"https:\\\/\\\/www.silutesnaujienos.lt\\\/lt\\\/?s={search_term_string}\"},\"query-input\":{\"@type\":\"PropertyValueSpecification\",\"valueRequired\":true,\"valueName\":\"search_term_string\"}}],\"inLanguage\":\"lt-LT\"},{\"@type\":\"Organization\",\"@id\":\"https:\\\/\\\/www.silutesnaujienos.lt\\\/lt\\\/#organization\",\"name\":\"\u0160ilut\u0117s naujienos\",\"url\":\"https:\\\/\\\/www.silutesnaujienos.lt\\\/lt\\\/\",\"logo\":{\"@type\":\"ImageObject\",\"inLanguage\":\"lt-LT\",\"@id\":\"https:\\\/\\\/www.silutesnaujienos.lt\\\/lt\\\/#\\\/schema\\\/logo\\\/image\\\/\",\"url\":\"https:\\\/\\\/www.silutesnaujienos.lt\\\/lt\\\/wp-content\\\/uploads\\\/2020\\\/06\\\/FB_MAIN.jpg\",\"contentUrl\":\"https:\\\/\\\/www.silutesnaujienos.lt\\\/lt\\\/wp-content\\\/uploads\\\/2020\\\/06\\\/FB_MAIN.jpg\",\"width\":1700,\"height\":956,\"caption\":\"\u0160ilut\u0117s naujienos\"},\"image\":{\"@id\":\"https:\\\/\\\/www.silutesnaujienos.lt\\\/lt\\\/#\\\/schema\\\/logo\\\/image\\\/\"},\"sameAs\":[\"https:\\\/\\\/www.facebook.com\\\/silutes.naujienos\\\/\",\"https:\\\/\\\/www.youtube.com\\\/channel\\\/UCxW-cgrJDt8GxIMxSTAfJZg\"]},{\"@type\":\"Person\",\"@id\":\"https:\\\/\\\/www.silutesnaujienos.lt\\\/lt\\\/#\\\/schema\\\/person\\\/232f475ddd4a7b5f49b3abc788b17e83\",\"name\":\"\u0160ilut\u0117s naujien\u0173 inf.\",\"image\":{\"@type\":\"ImageObject\",\"inLanguage\":\"lt-LT\",\"@id\":\"https:\\\/\\\/www.silutesnaujienos.lt\\\/lt\\\/wp-content\\\/uploads\\\/2020\\\/06\\\/favicon.png\",\"url\":\"https:\\\/\\\/www.silutesnaujienos.lt\\\/lt\\\/wp-content\\\/uploads\\\/2020\\\/06\\\/favicon.png\",\"contentUrl\":\"https:\\\/\\\/www.silutesnaujienos.lt\\\/lt\\\/wp-content\\\/uploads\\\/2020\\\/06\\\/favicon.png\",\"caption\":\"\u0160ilut\u0117s naujien\u0173 inf.\"},\"sameAs\":[\"https:\\\/\\\/www.silutesnaujienos.lt\\\/lt\"],\"url\":\"https:\\\/\\\/www.silutesnaujienos.lt\\\/lt\\\/author\\\/ruta\\\/\"}]}<\/script>\n<!-- \/ Yoast SEO plugin. -->","yoast_head_json":{"title":"I\u0161 darbo i\u0161\u0117jo i\u0161sikv\u0117pusi jaunimo ir sporto reikal\u0173 koordinator\u0117 - \u0160ilut\u0117s naujienos","robots":{"index":"index","follow":"follow","max-snippet":"max-snippet:-1","max-image-preview":"max-image-preview:large","max-video-preview":"max-video-preview:-1"},"canonical":"https:\/\/www.silutesnaujienos.lt\/lt\/is-darbo-isejo-issikvepusi-jaunimo-ir-sporto-reikalu-koordinatore\/","og_locale":"lt_LT","og_type":"article","og_title":"I\u0161 darbo i\u0161\u0117jo i\u0161sikv\u0117pusi jaunimo ir sporto reikal\u0173 koordinator\u0117 - \u0160ilut\u0117s naujienos","og_description":"Jaunimo reikal\u0173 ir sporto koordinator\u0117 Jurgita Gurevi\u010di\u016bt\u0117 po 12 met\u0173 darbo \u0160ilut\u0117s rajono savivaldyb\u0117je savo noru i\u0161\u0117jo i\u0161 darbo. Per \u0161iuos darbo metus jos veikla buvo vertinama nevienareik\u0161mi\u0161kai. Pa\u010dios jaunimo organizacijos net kelis kartus band\u0117 inicijuoti jos nu\u0161alinim\u0105 i\u0161 pareig\u0173, i\u0161sak\u0117 gausyb\u0119 priekai\u0161t\u0173, ta\u010diau Savivaldyb\u0117s administracij\u0105 jos darbas tenkino. Neoficialiais duomenimis, specialist\u0117s nor\u0105 i\u0161eiti i\u0161 [&hellip;]","og_url":"https:\/\/www.silutesnaujienos.lt\/lt\/is-darbo-isejo-issikvepusi-jaunimo-ir-sporto-reikalu-koordinatore\/","og_site_name":"\u0160ilut\u0117s naujienos","article_publisher":"https:\/\/www.facebook.com\/silutes.naujienos\/","article_published_time":"2012-10-29T07:00:00+00:00","og_image":[{"url":"\/\/silutesnaujienos.lt\/images\/stories\/2012\/10\/26\/thumbnails\/thumb_jurgita_gureviciute_martynos_zilionytes_apzvalga_nuotr.jpg","type":"","width":"","height":""}],"author":"\u0160ilut\u0117s naujien\u0173 inf.","twitter_card":"summary_large_image","twitter_misc":{"Written by":"\u0160ilut\u0117s naujien\u0173 inf.","Est. reading time":"3 minut\u0117s"},"schema":{"@context":"https:\/\/schema.org","@graph":[{"@type":"Article","@id":"https:\/\/www.silutesnaujienos.lt\/lt\/is-darbo-isejo-issikvepusi-jaunimo-ir-sporto-reikalu-koordinatore\/#article","isPartOf":{"@id":"https:\/\/www.silutesnaujienos.lt\/lt\/is-darbo-isejo-issikvepusi-jaunimo-ir-sporto-reikalu-koordinatore\/"},"author":{"name":"\u0160ilut\u0117s naujien\u0173 inf.","@id":"https:\/\/www.silutesnaujienos.lt\/lt\/#\/schema\/person\/232f475ddd4a7b5f49b3abc788b17e83"},"headline":"I\u0161 darbo i\u0161\u0117jo i\u0161sikv\u0117pusi jaunimo ir sporto reikal\u0173 koordinator\u0117","datePublished":"2012-10-29T07:00:00+00:00","mainEntityOfPage":{"@id":"https:\/\/www.silutesnaujienos.lt\/lt\/is-darbo-isejo-issikvepusi-jaunimo-ir-sporto-reikalu-koordinatore\/"},"wordCount":630,"commentCount":0,"publisher":{"@id":"https:\/\/www.silutesnaujienos.lt\/lt\/#organization"},"articleSection":["Aktualijos"],"inLanguage":"lt-LT","potentialAction":[{"@type":"CommentAction","name":"Comment","target":["https:\/\/www.silutesnaujienos.lt\/lt\/is-darbo-isejo-issikvepusi-jaunimo-ir-sporto-reikalu-koordinatore\/#respond"]}]},{"@type":"WebPage","@id":"https:\/\/www.silutesnaujienos.lt\/lt\/is-darbo-isejo-issikvepusi-jaunimo-ir-sporto-reikalu-koordinatore\/","url":"https:\/\/www.silutesnaujienos.lt\/lt\/is-darbo-isejo-issikvepusi-jaunimo-ir-sporto-reikalu-koordinatore\/","name":"I\u0161 darbo i\u0161\u0117jo i\u0161sikv\u0117pusi jaunimo ir sporto reikal\u0173 koordinator\u0117 - \u0160ilut\u0117s naujienos","isPartOf":{"@id":"https:\/\/www.silutesnaujienos.lt\/lt\/#website"},"datePublished":"2012-10-29T07:00:00+00:00","breadcrumb":{"@id":"https:\/\/www.silutesnaujienos.lt\/lt\/is-darbo-isejo-issikvepusi-jaunimo-ir-sporto-reikalu-koordinatore\/#breadcrumb"},"inLanguage":"lt-LT","potentialAction":[{"@type":"ReadAction","target":["https:\/\/www.silutesnaujienos.lt\/lt\/is-darbo-isejo-issikvepusi-jaunimo-ir-sporto-reikalu-koordinatore\/"]}]},{"@type":"BreadcrumbList","@id":"https:\/\/www.silutesnaujienos.lt\/lt\/is-darbo-isejo-issikvepusi-jaunimo-ir-sporto-reikalu-koordinatore\/#breadcrumb","itemListElement":[{"@type":"ListItem","position":1,"name":"Home","item":"https:\/\/www.silutesnaujienos.lt\/lt\/"},{"@type":"ListItem","position":2,"name":"I\u0161 darbo i\u0161\u0117jo i\u0161sikv\u0117pusi jaunimo ir sporto reikal\u0173 koordinator\u0117"}]},{"@type":"WebSite","@id":"https:\/\/www.silutesnaujienos.lt\/lt\/#website","url":"https:\/\/www.silutesnaujienos.lt\/lt\/","name":"\u0160ilut\u0117s naujienos","description":"B\u016bk ant naujien\u0173 bangos!","publisher":{"@id":"https:\/\/www.silutesnaujienos.lt\/lt\/#organization"},"potentialAction":[{"@type":"SearchAction","target":{"@type":"EntryPoint","urlTemplate":"https:\/\/www.silutesnaujienos.lt\/lt\/?s={search_term_string}"},"query-input":{"@type":"PropertyValueSpecification","valueRequired":true,"valueName":"search_term_string"}}],"inLanguage":"lt-LT"},{"@type":"Organization","@id":"https:\/\/www.silutesnaujienos.lt\/lt\/#organization","name":"\u0160ilut\u0117s naujienos","url":"https:\/\/www.silutesnaujienos.lt\/lt\/","logo":{"@type":"ImageObject","inLanguage":"lt-LT","@id":"https:\/\/www.silutesnaujienos.lt\/lt\/#\/schema\/logo\/image\/","url":"https:\/\/www.silutesnaujienos.lt\/lt\/wp-content\/uploads\/2020\/06\/FB_MAIN.jpg","contentUrl":"https:\/\/www.silutesnaujienos.lt\/lt\/wp-content\/uploads\/2020\/06\/FB_MAIN.jpg","width":1700,"height":956,"caption":"\u0160ilut\u0117s naujienos"},"image":{"@id":"https:\/\/www.silutesnaujienos.lt\/lt\/#\/schema\/logo\/image\/"},"sameAs":["https:\/\/www.facebook.com\/silutes.naujienos\/","https:\/\/www.youtube.com\/channel\/UCxW-cgrJDt8GxIMxSTAfJZg"]},{"@type":"Person","@id":"https:\/\/www.silutesnaujienos.lt\/lt\/#\/schema\/person\/232f475ddd4a7b5f49b3abc788b17e83","name":"\u0160ilut\u0117s naujien\u0173 inf.","image":{"@type":"ImageObject","inLanguage":"lt-LT","@id":"https:\/\/www.silutesnaujienos.lt\/lt\/wp-content\/uploads\/2020\/06\/favicon.png","url":"https:\/\/www.silutesnaujienos.lt\/lt\/wp-content\/uploads\/2020\/06\/favicon.png","contentUrl":"https:\/\/www.silutesnaujienos.lt\/lt\/wp-content\/uploads\/2020\/06\/favicon.png","caption":"\u0160ilut\u0117s naujien\u0173 inf."},"sameAs":["https:\/\/www.silutesnaujienos.lt\/lt"],"url":"https:\/\/www.silutesnaujienos.lt\/lt\/author\/ruta\/"}]}},"publishpress_future_workflow_manual_trigger":{"enabledWorkflows":[]},"amp_enabled":true,"_links":{"self":[{"href":"https:\/\/www.silutesnaujienos.lt\/lt\/wp-json\/wp\/v2\/posts\/11366","targetHints":{"allow":["GET"]}}],"collection":[{"href":"https:\/\/www.silutesnaujienos.lt\/lt\/wp-json\/wp\/v2\/posts"}],"about":[{"href":"https:\/\/www.silutesnaujienos.lt\/lt\/wp-json\/wp\/v2\/types\/post"}],"author":[{"embeddable":true,"href":"https:\/\/www.silutesnaujienos.lt\/lt\/wp-json\/wp\/v2\/users\/1"}],"replies":[{"embeddable":true,"href":"https:\/\/www.silutesnaujienos.lt\/lt\/wp-json\/wp\/v2\/comments?post=11366"}],"version-history":[{"count":0,"href":"https:\/\/www.silutesnaujienos.lt\/lt\/wp-json\/wp\/v2\/posts\/11366\/revisions"}],"wp:attachment":[{"href":"https:\/\/www.silutesnaujienos.lt\/lt\/wp-json\/wp\/v2\/media?parent=11366"}],"wp:term":[{"taxonomy":"category","embeddable":true,"href":"https:\/\/www.silutesnaujienos.lt\/lt\/wp-json\/wp\/v2\/categories?post=11366"},{"taxonomy":"post_tag","embeddable":true,"href":"https:\/\/www.silutesnaujienos.lt\/lt\/wp-json\/wp\/v2\/tags?post=11366"}],"curies":[{"name":"wp","href":"https:\/\/api.w.org\/{rel}","templated":true}]}}