{"id":11369,"date":"2012-11-13T12:05:04","date_gmt":"2012-11-13T14:05:04","guid":{"rendered":"https:\/\/www.silutesnaujienos.lt\/lt\/silutes-valdininkai-isvyko-semtis-gerosios-patirties-i-portugalija\/"},"modified":"2012-11-13T12:05:04","modified_gmt":"2012-11-13T14:05:04","slug":"silutes-valdininkai-isvyko-semtis-gerosios-patirties-i-portugalija","status":"publish","type":"post","link":"https:\/\/www.silutesnaujienos.lt\/lt\/silutes-valdininkai-isvyko-semtis-gerosios-patirties-i-portugalija\/","title":{"rendered":"\u0160ilut\u0117s valdininkai i\u0161vyko semtis gerosios patirties \u012f Portugalij\u0105"},"content":{"rendered":"<p style=\"text-align: left;\" align=\"justify\"><a target=\"_blank\" rel=\"caption[Portugalija. \/ Martinos Pu\u017eait\u0117s (silutesnaujienos.lt) nuotr.] noopener noreferrer\" class=\"jcepopup\" href=\"\/\/silutesnaujienos.lt\/images\/stories\/2012\/11\/13\/portugalija.jpg\" data-rel=\"lightbox-gallery-grOWvmO5\" data-rl_title=\"\" data-rl_caption=\"\"><img loading=\"lazy\" decoding=\"async\" style=\"margin: 5px; float: left;\" class=\"caption\" title=\"\" alt=\"portugalija\" src=\"\/\/silutesnaujienos.lt\/images\/stories\/2012\/11\/13\/thumbnails\/thumb_portugalija.jpg\" height=\"230\" width=\"307\" \/><\/a><strong>Vykdydami projekt\u0105 &#8222;Gerosios patirties pritaikymas ir sklaida \u0160ilut\u0117s rajone&#8221;, 6 asmen\u0173 delegacija, sudaryta i\u0161 \u0160ilut\u0117s rajono savivaldyb\u0117s ir asociacijos &#8222;Lamatos \u017eem\u0117&#8221; atstov\u0173, \u0161.m. lapkri\u010dio 12-16 dienomis i\u0161vyko \u012f tarptautinius teminius susitikimus Portugalijoje, informuoja \u0160ilut\u0117s rajono savivaldyb\u0117s Komunikacijos skyrius.<\/strong><\/p>\n<p style=\"text-align: left;\" align=\"justify\">Projekto tikslas \u2013 pristatyti savo bei susipa\u017einti su \u0160iaur\u0117s Portugalijos ger\u0105ja patirtimi, \u012fg\u016bd\u017eiais ir \u017einiomis \u017eem\u0117s \u016bkyje, maisto \u016bkyje, kaimo pl\u0117tros srityse.<\/p>\n<p style=\"text-align: left;\" align=\"justify\">Delegacij\u0105 sudaryta i\u0161 \u0160ilut\u0117s r. savivaldyb\u0117s administracijos direktoriaus pavaduotojo Alvido \u0160imelionio, Tarybos nar\u0117s, Teritorij\u0173 ir kaimo reikal\u0173 komiteto nar\u0117s Birut\u0117s Kleinait\u0117s, Tarybos nario, Asociacijos \u201eLamatos \u017eem\u0117\u201c pirmininko, Vainuto seni\u016bnijos bendruomen\u0117s pirmininko Vytauto Laurinai\u010dio, Planavimo ir pl\u0117tros skyriaus ved\u0117jo Remigijaus Budriko, Planavimo ir pl\u0117tros skyriaus ved\u0117jo pavaduotojos Dianos Benkunskien\u0117s, Asociacijos \u201eLamatos \u017eem\u0117\u201c koordinator\u0117s &#8211; konsultant\u0117s Linos Misiukonyt\u0117s,&nbsp;<\/p>\n<p style=\"text-align: left;\" align=\"justify\">Pagrindin\u0117 projekto veikla \u2013 dalyvavimas tarptautiniuose teminiuose susitikimuose, gerosios praktikos pavyzd\u017ei\u0173 ap\u017ei\u016bra, kuri\u0173 metu \u0160ilut\u0117s rajono delegacija pasidalins savo bei susipa\u017eins su \u0160iaur\u0117s Portugalijos ger\u0105ja patirtimi, \u012fg\u016bd\u017eiais ir \u017einiomis \u017eem\u0117s \u016bkyje, maisto \u016bkyje, kaimo pl\u0117tros srityse, bendradarbiavimo tarp atskir\u0173 kaimo pl\u0117tros proceso dalyvi\u0173, taip pat ir institucij\u0173, \u012fstaig\u0173 b\u016bdais ir galimyb\u0117mis.<\/p>\n<p style=\"text-align: left;\" align=\"justify\">Pasak Komunikacijos skyriaus prane\u0161imo, \u0161ios patirties pritaikymas \u0160ilut\u0117s rajone prisid\u0117t\u0173 prie gyvenimo kokyb\u0117s kaime gerinimo, kaimo gyventoj\u0173 interesus atstovaujan\u010di\u0173 vietos veiklos grupi\u0173, bendruomeni\u0173, organizacij\u0173 aktyvumo skatinimo, j\u0173 bendradarbiavimo tarpusavyje bei su vietos savivaldos institucijomis,&nbsp; taip pat ir pa\u010di\u0173 kaimo gyventoj\u0173 aktyvumo skatinimo.<\/p>\n<p style=\"text-align: left;\" align=\"justify\">Projektas<b> <\/b>finansuojamas pagal Lietuvos kaimo pl\u0117tros 2007\u20132013 met\u0173 programos priemon\u0117s \u201eTechnin\u0117 pagalba\u201c veiklos srit\u012f \u201eNacionalinis kaimo tinklas\u201c<b> <\/b>&nbsp;i\u0161 Europos \u017eem\u0117s \u016bkio fondo kaimo pl\u0117trai ir bendrojo finansavimo l\u0117\u0161\u0173, numatyt\u0173 valstyb\u0117s biud\u017eete.<\/p>\n","protected":false},"excerpt":{"rendered":"<p>Vykdydami projekt\u0105 &#8222;Gerosios patirties pritaikymas ir sklaida \u0160ilut\u0117s rajone&#8221;, 6 asmen\u0173 delegacija, sudaryta i\u0161 \u0160ilut\u0117s rajono savivaldyb\u0117s ir asociacijos &#8222;Lamatos \u017eem\u0117&#8221; atstov\u0173, \u0161.m. lapkri\u010dio 12-16 dienomis i\u0161vyko \u012f tarptautinius teminius susitikimus Portugalijoje, informuoja \u0160ilut\u0117s rajono savivaldyb\u0117s Komunikacijos skyrius. Projekto tikslas \u2013 pristatyti savo bei susipa\u017einti su \u0160iaur\u0117s Portugalijos ger\u0105ja patirtimi, \u012fg\u016bd\u017eiais ir \u017einiomis \u017eem\u0117s \u016bkyje, [&hellip;]<\/p>\n","protected":false},"author":1,"featured_media":0,"comment_status":"open","ping_status":"open","sticky":false,"template":"","format":"standard","meta":{"footnotes":""},"categories":[2],"tags":[],"class_list":{"0":"post-11369","1":"post","2":"type-post","3":"status-publish","4":"format-standard","6":"category-aktualijos"},"yoast_head":"<!-- This site is optimized with the Yoast SEO plugin v27.5 - https:\/\/yoast.com\/product\/yoast-seo-wordpress\/ -->\n<title>\u0160ilut\u0117s valdininkai i\u0161vyko semtis gerosios patirties \u012f Portugalij\u0105 - \u0160ilut\u0117s naujienos<\/title>\n<meta name=\"robots\" content=\"index, follow, max-snippet:-1, max-image-preview:large, max-video-preview:-1\" \/>\n<link rel=\"canonical\" href=\"https:\/\/www.silutesnaujienos.lt\/lt\/silutes-valdininkai-isvyko-semtis-gerosios-patirties-i-portugalija\/\" \/>\n<meta property=\"og:locale\" content=\"lt_LT\" \/>\n<meta property=\"og:type\" content=\"article\" \/>\n<meta property=\"og:title\" content=\"\u0160ilut\u0117s valdininkai i\u0161vyko semtis gerosios patirties \u012f Portugalij\u0105 - \u0160ilut\u0117s naujienos\" \/>\n<meta property=\"og:description\" content=\"Vykdydami projekt\u0105 &#8222;Gerosios patirties pritaikymas ir sklaida \u0160ilut\u0117s rajone&#8221;, 6 asmen\u0173 delegacija, sudaryta i\u0161 \u0160ilut\u0117s rajono savivaldyb\u0117s ir asociacijos &#8222;Lamatos \u017eem\u0117&#8221; atstov\u0173, \u0161.m. lapkri\u010dio 12-16 dienomis i\u0161vyko \u012f tarptautinius teminius susitikimus Portugalijoje, informuoja \u0160ilut\u0117s rajono savivaldyb\u0117s Komunikacijos skyrius. Projekto tikslas \u2013 pristatyti savo bei susipa\u017einti su \u0160iaur\u0117s Portugalijos ger\u0105ja patirtimi, \u012fg\u016bd\u017eiais ir \u017einiomis \u017eem\u0117s \u016bkyje, [&hellip;]\" \/>\n<meta property=\"og:url\" content=\"https:\/\/www.silutesnaujienos.lt\/lt\/silutes-valdininkai-isvyko-semtis-gerosios-patirties-i-portugalija\/\" \/>\n<meta property=\"og:site_name\" content=\"\u0160ilut\u0117s naujienos\" \/>\n<meta property=\"article:publisher\" content=\"https:\/\/www.facebook.com\/silutes.naujienos\/\" \/>\n<meta property=\"article:published_time\" content=\"2012-11-13T14:05:04+00:00\" \/>\n<meta property=\"og:image\" content=\"\/\/silutesnaujienos.lt\/images\/stories\/2012\/11\/13\/thumbnails\/thumb_portugalija.jpg\" \/>\n<meta name=\"author\" content=\"\u0160ilut\u0117s naujien\u0173 inf.\" \/>\n<meta name=\"twitter:card\" content=\"summary_large_image\" \/>\n<meta name=\"twitter:label1\" content=\"Written by\" \/>\n\t<meta name=\"twitter:data1\" content=\"\u0160ilut\u0117s naujien\u0173 inf.\" \/>\n\t<meta name=\"twitter:label2\" content=\"Est. reading time\" \/>\n\t<meta name=\"twitter:data2\" content=\"1 minut\u0117\" \/>\n<script type=\"application\/ld+json\" class=\"yoast-schema-graph\">{\"@context\":\"https:\\\/\\\/schema.org\",\"@graph\":[{\"@type\":\"Article\",\"@id\":\"https:\\\/\\\/www.silutesnaujienos.lt\\\/lt\\\/silutes-valdininkai-isvyko-semtis-gerosios-patirties-i-portugalija\\\/#article\",\"isPartOf\":{\"@id\":\"https:\\\/\\\/www.silutesnaujienos.lt\\\/lt\\\/silutes-valdininkai-isvyko-semtis-gerosios-patirties-i-portugalija\\\/\"},\"author\":{\"name\":\"\u0160ilut\u0117s naujien\u0173 inf.\",\"@id\":\"https:\\\/\\\/www.silutesnaujienos.lt\\\/lt\\\/#\\\/schema\\\/person\\\/232f475ddd4a7b5f49b3abc788b17e83\"},\"headline\":\"\u0160ilut\u0117s valdininkai i\u0161vyko semtis gerosios patirties \u012f Portugalij\u0105\",\"datePublished\":\"2012-11-13T14:05:04+00:00\",\"mainEntityOfPage\":{\"@id\":\"https:\\\/\\\/www.silutesnaujienos.lt\\\/lt\\\/silutes-valdininkai-isvyko-semtis-gerosios-patirties-i-portugalija\\\/\"},\"wordCount\":304,\"commentCount\":0,\"publisher\":{\"@id\":\"https:\\\/\\\/www.silutesnaujienos.lt\\\/lt\\\/#organization\"},\"articleSection\":[\"Aktualijos\"],\"inLanguage\":\"lt-LT\",\"potentialAction\":[{\"@type\":\"CommentAction\",\"name\":\"Comment\",\"target\":[\"https:\\\/\\\/www.silutesnaujienos.lt\\\/lt\\\/silutes-valdininkai-isvyko-semtis-gerosios-patirties-i-portugalija\\\/#respond\"]}]},{\"@type\":\"WebPage\",\"@id\":\"https:\\\/\\\/www.silutesnaujienos.lt\\\/lt\\\/silutes-valdininkai-isvyko-semtis-gerosios-patirties-i-portugalija\\\/\",\"url\":\"https:\\\/\\\/www.silutesnaujienos.lt\\\/lt\\\/silutes-valdininkai-isvyko-semtis-gerosios-patirties-i-portugalija\\\/\",\"name\":\"\u0160ilut\u0117s valdininkai i\u0161vyko semtis gerosios patirties \u012f Portugalij\u0105 - \u0160ilut\u0117s naujienos\",\"isPartOf\":{\"@id\":\"https:\\\/\\\/www.silutesnaujienos.lt\\\/lt\\\/#website\"},\"datePublished\":\"2012-11-13T14:05:04+00:00\",\"breadcrumb\":{\"@id\":\"https:\\\/\\\/www.silutesnaujienos.lt\\\/lt\\\/silutes-valdininkai-isvyko-semtis-gerosios-patirties-i-portugalija\\\/#breadcrumb\"},\"inLanguage\":\"lt-LT\",\"potentialAction\":[{\"@type\":\"ReadAction\",\"target\":[\"https:\\\/\\\/www.silutesnaujienos.lt\\\/lt\\\/silutes-valdininkai-isvyko-semtis-gerosios-patirties-i-portugalija\\\/\"]}]},{\"@type\":\"BreadcrumbList\",\"@id\":\"https:\\\/\\\/www.silutesnaujienos.lt\\\/lt\\\/silutes-valdininkai-isvyko-semtis-gerosios-patirties-i-portugalija\\\/#breadcrumb\",\"itemListElement\":[{\"@type\":\"ListItem\",\"position\":1,\"name\":\"Home\",\"item\":\"https:\\\/\\\/www.silutesnaujienos.lt\\\/lt\\\/\"},{\"@type\":\"ListItem\",\"position\":2,\"name\":\"\u0160ilut\u0117s valdininkai i\u0161vyko semtis gerosios patirties \u012f Portugalij\u0105\"}]},{\"@type\":\"WebSite\",\"@id\":\"https:\\\/\\\/www.silutesnaujienos.lt\\\/lt\\\/#website\",\"url\":\"https:\\\/\\\/www.silutesnaujienos.lt\\\/lt\\\/\",\"name\":\"\u0160ilut\u0117s naujienos\",\"description\":\"B\u016bk ant naujien\u0173 bangos!\",\"publisher\":{\"@id\":\"https:\\\/\\\/www.silutesnaujienos.lt\\\/lt\\\/#organization\"},\"potentialAction\":[{\"@type\":\"SearchAction\",\"target\":{\"@type\":\"EntryPoint\",\"urlTemplate\":\"https:\\\/\\\/www.silutesnaujienos.lt\\\/lt\\\/?s={search_term_string}\"},\"query-input\":{\"@type\":\"PropertyValueSpecification\",\"valueRequired\":true,\"valueName\":\"search_term_string\"}}],\"inLanguage\":\"lt-LT\"},{\"@type\":\"Organization\",\"@id\":\"https:\\\/\\\/www.silutesnaujienos.lt\\\/lt\\\/#organization\",\"name\":\"\u0160ilut\u0117s naujienos\",\"url\":\"https:\\\/\\\/www.silutesnaujienos.lt\\\/lt\\\/\",\"logo\":{\"@type\":\"ImageObject\",\"inLanguage\":\"lt-LT\",\"@id\":\"https:\\\/\\\/www.silutesnaujienos.lt\\\/lt\\\/#\\\/schema\\\/logo\\\/image\\\/\",\"url\":\"https:\\\/\\\/www.silutesnaujienos.lt\\\/lt\\\/wp-content\\\/uploads\\\/2020\\\/06\\\/FB_MAIN.jpg\",\"contentUrl\":\"https:\\\/\\\/www.silutesnaujienos.lt\\\/lt\\\/wp-content\\\/uploads\\\/2020\\\/06\\\/FB_MAIN.jpg\",\"width\":1700,\"height\":956,\"caption\":\"\u0160ilut\u0117s naujienos\"},\"image\":{\"@id\":\"https:\\\/\\\/www.silutesnaujienos.lt\\\/lt\\\/#\\\/schema\\\/logo\\\/image\\\/\"},\"sameAs\":[\"https:\\\/\\\/www.facebook.com\\\/silutes.naujienos\\\/\",\"https:\\\/\\\/www.youtube.com\\\/channel\\\/UCxW-cgrJDt8GxIMxSTAfJZg\"]},{\"@type\":\"Person\",\"@id\":\"https:\\\/\\\/www.silutesnaujienos.lt\\\/lt\\\/#\\\/schema\\\/person\\\/232f475ddd4a7b5f49b3abc788b17e83\",\"name\":\"\u0160ilut\u0117s naujien\u0173 inf.\",\"image\":{\"@type\":\"ImageObject\",\"inLanguage\":\"lt-LT\",\"@id\":\"https:\\\/\\\/www.silutesnaujienos.lt\\\/lt\\\/wp-content\\\/uploads\\\/2020\\\/06\\\/favicon.png\",\"url\":\"https:\\\/\\\/www.silutesnaujienos.lt\\\/lt\\\/wp-content\\\/uploads\\\/2020\\\/06\\\/favicon.png\",\"contentUrl\":\"https:\\\/\\\/www.silutesnaujienos.lt\\\/lt\\\/wp-content\\\/uploads\\\/2020\\\/06\\\/favicon.png\",\"caption\":\"\u0160ilut\u0117s naujien\u0173 inf.\"},\"sameAs\":[\"https:\\\/\\\/www.silutesnaujienos.lt\\\/lt\"],\"url\":\"https:\\\/\\\/www.silutesnaujienos.lt\\\/lt\\\/author\\\/ruta\\\/\"}]}<\/script>\n<!-- \/ Yoast SEO plugin. -->","yoast_head_json":{"title":"\u0160ilut\u0117s valdininkai i\u0161vyko semtis gerosios patirties \u012f Portugalij\u0105 - \u0160ilut\u0117s naujienos","robots":{"index":"index","follow":"follow","max-snippet":"max-snippet:-1","max-image-preview":"max-image-preview:large","max-video-preview":"max-video-preview:-1"},"canonical":"https:\/\/www.silutesnaujienos.lt\/lt\/silutes-valdininkai-isvyko-semtis-gerosios-patirties-i-portugalija\/","og_locale":"lt_LT","og_type":"article","og_title":"\u0160ilut\u0117s valdininkai i\u0161vyko semtis gerosios patirties \u012f Portugalij\u0105 - \u0160ilut\u0117s naujienos","og_description":"Vykdydami projekt\u0105 &#8222;Gerosios patirties pritaikymas ir sklaida \u0160ilut\u0117s rajone&#8221;, 6 asmen\u0173 delegacija, sudaryta i\u0161 \u0160ilut\u0117s rajono savivaldyb\u0117s ir asociacijos &#8222;Lamatos \u017eem\u0117&#8221; atstov\u0173, \u0161.m. lapkri\u010dio 12-16 dienomis i\u0161vyko \u012f tarptautinius teminius susitikimus Portugalijoje, informuoja \u0160ilut\u0117s rajono savivaldyb\u0117s Komunikacijos skyrius. Projekto tikslas \u2013 pristatyti savo bei susipa\u017einti su \u0160iaur\u0117s Portugalijos ger\u0105ja patirtimi, \u012fg\u016bd\u017eiais ir \u017einiomis \u017eem\u0117s \u016bkyje, [&hellip;]","og_url":"https:\/\/www.silutesnaujienos.lt\/lt\/silutes-valdininkai-isvyko-semtis-gerosios-patirties-i-portugalija\/","og_site_name":"\u0160ilut\u0117s naujienos","article_publisher":"https:\/\/www.facebook.com\/silutes.naujienos\/","article_published_time":"2012-11-13T14:05:04+00:00","og_image":[{"url":"\/\/silutesnaujienos.lt\/images\/stories\/2012\/11\/13\/thumbnails\/thumb_portugalija.jpg","type":"","width":"","height":""}],"author":"\u0160ilut\u0117s naujien\u0173 inf.","twitter_card":"summary_large_image","twitter_misc":{"Written by":"\u0160ilut\u0117s naujien\u0173 inf.","Est. reading time":"1 minut\u0117"},"schema":{"@context":"https:\/\/schema.org","@graph":[{"@type":"Article","@id":"https:\/\/www.silutesnaujienos.lt\/lt\/silutes-valdininkai-isvyko-semtis-gerosios-patirties-i-portugalija\/#article","isPartOf":{"@id":"https:\/\/www.silutesnaujienos.lt\/lt\/silutes-valdininkai-isvyko-semtis-gerosios-patirties-i-portugalija\/"},"author":{"name":"\u0160ilut\u0117s naujien\u0173 inf.","@id":"https:\/\/www.silutesnaujienos.lt\/lt\/#\/schema\/person\/232f475ddd4a7b5f49b3abc788b17e83"},"headline":"\u0160ilut\u0117s valdininkai i\u0161vyko semtis gerosios patirties \u012f Portugalij\u0105","datePublished":"2012-11-13T14:05:04+00:00","mainEntityOfPage":{"@id":"https:\/\/www.silutesnaujienos.lt\/lt\/silutes-valdininkai-isvyko-semtis-gerosios-patirties-i-portugalija\/"},"wordCount":304,"commentCount":0,"publisher":{"@id":"https:\/\/www.silutesnaujienos.lt\/lt\/#organization"},"articleSection":["Aktualijos"],"inLanguage":"lt-LT","potentialAction":[{"@type":"CommentAction","name":"Comment","target":["https:\/\/www.silutesnaujienos.lt\/lt\/silutes-valdininkai-isvyko-semtis-gerosios-patirties-i-portugalija\/#respond"]}]},{"@type":"WebPage","@id":"https:\/\/www.silutesnaujienos.lt\/lt\/silutes-valdininkai-isvyko-semtis-gerosios-patirties-i-portugalija\/","url":"https:\/\/www.silutesnaujienos.lt\/lt\/silutes-valdininkai-isvyko-semtis-gerosios-patirties-i-portugalija\/","name":"\u0160ilut\u0117s valdininkai i\u0161vyko semtis gerosios patirties \u012f Portugalij\u0105 - \u0160ilut\u0117s naujienos","isPartOf":{"@id":"https:\/\/www.silutesnaujienos.lt\/lt\/#website"},"datePublished":"2012-11-13T14:05:04+00:00","breadcrumb":{"@id":"https:\/\/www.silutesnaujienos.lt\/lt\/silutes-valdininkai-isvyko-semtis-gerosios-patirties-i-portugalija\/#breadcrumb"},"inLanguage":"lt-LT","potentialAction":[{"@type":"ReadAction","target":["https:\/\/www.silutesnaujienos.lt\/lt\/silutes-valdininkai-isvyko-semtis-gerosios-patirties-i-portugalija\/"]}]},{"@type":"BreadcrumbList","@id":"https:\/\/www.silutesnaujienos.lt\/lt\/silutes-valdininkai-isvyko-semtis-gerosios-patirties-i-portugalija\/#breadcrumb","itemListElement":[{"@type":"ListItem","position":1,"name":"Home","item":"https:\/\/www.silutesnaujienos.lt\/lt\/"},{"@type":"ListItem","position":2,"name":"\u0160ilut\u0117s valdininkai i\u0161vyko semtis gerosios patirties \u012f Portugalij\u0105"}]},{"@type":"WebSite","@id":"https:\/\/www.silutesnaujienos.lt\/lt\/#website","url":"https:\/\/www.silutesnaujienos.lt\/lt\/","name":"\u0160ilut\u0117s naujienos","description":"B\u016bk ant naujien\u0173 bangos!","publisher":{"@id":"https:\/\/www.silutesnaujienos.lt\/lt\/#organization"},"potentialAction":[{"@type":"SearchAction","target":{"@type":"EntryPoint","urlTemplate":"https:\/\/www.silutesnaujienos.lt\/lt\/?s={search_term_string}"},"query-input":{"@type":"PropertyValueSpecification","valueRequired":true,"valueName":"search_term_string"}}],"inLanguage":"lt-LT"},{"@type":"Organization","@id":"https:\/\/www.silutesnaujienos.lt\/lt\/#organization","name":"\u0160ilut\u0117s naujienos","url":"https:\/\/www.silutesnaujienos.lt\/lt\/","logo":{"@type":"ImageObject","inLanguage":"lt-LT","@id":"https:\/\/www.silutesnaujienos.lt\/lt\/#\/schema\/logo\/image\/","url":"https:\/\/www.silutesnaujienos.lt\/lt\/wp-content\/uploads\/2020\/06\/FB_MAIN.jpg","contentUrl":"https:\/\/www.silutesnaujienos.lt\/lt\/wp-content\/uploads\/2020\/06\/FB_MAIN.jpg","width":1700,"height":956,"caption":"\u0160ilut\u0117s naujienos"},"image":{"@id":"https:\/\/www.silutesnaujienos.lt\/lt\/#\/schema\/logo\/image\/"},"sameAs":["https:\/\/www.facebook.com\/silutes.naujienos\/","https:\/\/www.youtube.com\/channel\/UCxW-cgrJDt8GxIMxSTAfJZg"]},{"@type":"Person","@id":"https:\/\/www.silutesnaujienos.lt\/lt\/#\/schema\/person\/232f475ddd4a7b5f49b3abc788b17e83","name":"\u0160ilut\u0117s naujien\u0173 inf.","image":{"@type":"ImageObject","inLanguage":"lt-LT","@id":"https:\/\/www.silutesnaujienos.lt\/lt\/wp-content\/uploads\/2020\/06\/favicon.png","url":"https:\/\/www.silutesnaujienos.lt\/lt\/wp-content\/uploads\/2020\/06\/favicon.png","contentUrl":"https:\/\/www.silutesnaujienos.lt\/lt\/wp-content\/uploads\/2020\/06\/favicon.png","caption":"\u0160ilut\u0117s naujien\u0173 inf."},"sameAs":["https:\/\/www.silutesnaujienos.lt\/lt"],"url":"https:\/\/www.silutesnaujienos.lt\/lt\/author\/ruta\/"}]}},"publishpress_future_workflow_manual_trigger":{"enabledWorkflows":[]},"amp_enabled":true,"_links":{"self":[{"href":"https:\/\/www.silutesnaujienos.lt\/lt\/wp-json\/wp\/v2\/posts\/11369","targetHints":{"allow":["GET"]}}],"collection":[{"href":"https:\/\/www.silutesnaujienos.lt\/lt\/wp-json\/wp\/v2\/posts"}],"about":[{"href":"https:\/\/www.silutesnaujienos.lt\/lt\/wp-json\/wp\/v2\/types\/post"}],"author":[{"embeddable":true,"href":"https:\/\/www.silutesnaujienos.lt\/lt\/wp-json\/wp\/v2\/users\/1"}],"replies":[{"embeddable":true,"href":"https:\/\/www.silutesnaujienos.lt\/lt\/wp-json\/wp\/v2\/comments?post=11369"}],"version-history":[{"count":0,"href":"https:\/\/www.silutesnaujienos.lt\/lt\/wp-json\/wp\/v2\/posts\/11369\/revisions"}],"wp:attachment":[{"href":"https:\/\/www.silutesnaujienos.lt\/lt\/wp-json\/wp\/v2\/media?parent=11369"}],"wp:term":[{"taxonomy":"category","embeddable":true,"href":"https:\/\/www.silutesnaujienos.lt\/lt\/wp-json\/wp\/v2\/categories?post=11369"},{"taxonomy":"post_tag","embeddable":true,"href":"https:\/\/www.silutesnaujienos.lt\/lt\/wp-json\/wp\/v2\/tags?post=11369"}],"curies":[{"name":"wp","href":"https:\/\/api.w.org\/{rel}","templated":true}]}}