{"id":11370,"date":"2012-11-16T07:47:44","date_gmt":"2012-11-16T09:47:44","guid":{"rendered":"https:\/\/www.silutesnaujienos.lt\/lt\/v-griskeviciene-paskirta-i-lietuvos-kulturos-ir-meno-taryba\/"},"modified":"2012-11-16T07:47:44","modified_gmt":"2012-11-16T09:47:44","slug":"v-griskeviciene-paskirta-i-lietuvos-kulturos-ir-meno-taryba","status":"publish","type":"post","link":"https:\/\/www.silutesnaujienos.lt\/lt\/v-griskeviciene-paskirta-i-lietuvos-kulturos-ir-meno-taryba\/","title":{"rendered":"V.Gri\u0161kevi\u010dien\u0117 paskirta \u012f Lietuvos kult\u016bros ir meno taryb\u0105"},"content":{"rendered":"<p style=\"text-align: left;\" align=\"justify\"><a target=\"_blank\" rel=\"caption[\u0160ilut\u0117s r. savivaldyb\u0117s Kult\u016bros skyriaus ved\u0117ja V.Gri\u0161kevi\u010dien\u0117. \/ Simonos Pu\u017eait\u0117s (silutesnaujienos.lt) nuotr.] noopener noreferrer\" class=\"jcepopup\" href=\"\/\/silutesnaujienos.lt\/images\/stories\/2012\/11\/15\/silutiskiai_Vilniuje_012.JPG\" data-rel=\"lightbox-gallery-3I4sBXQr\" data-rl_title=\"\" data-rl_caption=\"\"><img loading=\"lazy\" decoding=\"async\" style=\"margin: 5px; float: left;\" class=\"caption\" title=\"\" alt=\"\u0160ilut\u0117s r. savivaldyb\u0117s Kult\u016bros skyriaus ved\u0117ja V.Gri\u0161kevi\u010dien\u0117. \/ Simonos Pu\u017eait\u0117s (silutesnaujienos.lt) nuotr.\" src=\"\/\/silutesnaujienos.lt\/images\/stories\/2012\/11\/15\/thumbnails\/thumb_silutiskiai_Vilniuje_012.JPG\" height=\"230\" width=\"307\" \/><\/a><strong>Lietuvos Respublikos kult\u016bros ministras \u0161.m. spalio 9 d. \u012fsakymu \u012f Lietuvos kult\u016bros ir meno taryb\u0105 paskyr\u0117 \u0160ilut\u0117s rajono savivaldyb\u0117s administracijos Kult\u016bros skyriaus ved\u0117j\u0105, asociacijos \u201eKult\u016bros savivaldos kolegija\u201c kancler\u0119 Vilm\u0105 Gri\u0161kevi\u010dien\u0119.<\/strong><\/p>\n<p style=\"text-align: left;\" align=\"justify\">Lietuvos kult\u016bros ir meno taryba yra patariamojo balso teis\u0119 turinti institucija, atliekanti eksperto ir konsultanto funkcijas, sprend\u017eiant kult\u016bros politikos formavimo ir jos \u012fgyvendinimo klausimus. Tarybos u\u017edavinys yra teikti Kult\u016bros ministerijai pasi\u016blymus d\u0117l kult\u016bros politikos formavimo bei \u0161ios politikos \u012fgyvendinimo.<\/p>\n<p>\u012estatyme \u012ftvirtinta, kad Taryba turi sudaryti s\u0105lygas \u012fvairiapusei kult\u016bros ir meno pl\u0117trai, u\u017etikrinant racional\u0173 ir pagr\u012fst\u0105 skirstom\u0173 l\u0117\u0161\u0173 panaudojim\u0105; pagal kompetencij\u0105 \u012fgyvendina kult\u016bros politik\u0105; analizuoja kult\u016bros ir meno procesus, daran\u010dius \u012ftak\u0105 kult\u016bros politikai.<\/p>\n<p>Siekdama jai pavest\u0173 tiksl\u0173 Taryba finansuos kult\u016bros ir meno programas, projektus ir kitokias priemones; administruoja Kult\u016bros r\u0117mimo fond\u0105; skiria kult\u016bros ir meno k\u016br\u0117jams stipendijas ir kitoki\u0105 finansin\u0119 param\u0105.<\/p>\n<p>Pagal \u012fstatym\u0105, Taryba organizuoja kult\u016bros ir meno tyrimus ir koordinuoja \u0161i\u0173 tyrim\u0173 \u012fgyvendinim\u0105; atlieka vykdom\u0173 kult\u016bros ir meno projekt\u0173 steb\u0117sen\u0105; pagal kompetencij\u0105 rengia ir teikia i\u0161vadas d\u0117l apdovanojimo Kult\u016bros ministerijos \u012fsteigtomis premijomis.<\/p>\n<p>Taryba taip pat dalyvauja rengiant ir \u012fgyvendinant Europos S\u0105jungos ir kit\u0173 valstybi\u0173 finansin\u0117s paramos programas, pagal kompetencij\u0105 administruoja kult\u016bros sektoriui skirtas paramos l\u0117\u0161as, savo iniciatyva ar pagal u\u017eklausas teikia si\u016blymus ir ekspert\u0173 i\u0161vadas kult\u016bros ir meno politikos klausimais Kult\u016bros ministerijai ir kitoms valstyb\u0117s institucijoms.<\/p>\n<p style=\"text-align: left;\" align=\"justify\">Lietuvos kult\u016bros ir meno taryboje \u0161iuo metu yra 15 nari\u0173: Raimundas Balza &#8211; \u0160iauli\u0173 \u201eAu\u0161ros\u201c muziejaus direktorius; Gintautas Bla\u017ei\u016bnas &#8211; Lietuvos architekt\u0173 s\u0105jungos pirmininkas; Zita Bru\u017eait\u0117 &#8211; Lietuvos kompozitori\u0173 s\u0105jungos pirminink\u0117; Antanas Gailius &#8211; poetas, vert\u0117jas;Vilma Gri\u0161kevi\u010dien\u0117 &#8211; asociacijos \u201eKult\u016bros savivaldos kolegijos kancler\u0117; Giedr\u0117 Jankevi\u010di\u016bt\u0117 &#8211; Vilniaus dail\u0117s akademijos profesor\u0117, dail\u0117s istorik\u0117;Alina Jask\u016bnien\u0117 &#8211; Bir\u0161tono vie\u0161osios bibliotekos direktor\u0117; Audrius Klimas &#8211; Vilniaus dail\u0117s akademijos rektorius; Gintautas Ma\u017eeikis &#8211; Vytauto Did\u017eiojo universiteto profesorius, filosofas; Rasa Pauk\u0161tyt\u0117 &#8211; teatro ir kino kritik\u0117; Jonas Rudzinskas &#8211; Lietuvos tautodail\u0117s k\u016br\u0117j\u0173 asociacijos pirmininkas; R\u016bta Stanevi\u010di\u016bt\u0117-Kelmickien\u0117 &#8211; Lietuvos muzikos ir teatro akademijos docent\u0117; Jonas Staselis &#8211; Lietuvos fotomeninink\u0173 s\u0105jungos pirmininkas; Eimutis Valentinas Sventickas &#8211; ra\u0161ytojas, literat\u016bros kritikas; Edita Utarien\u0117 &#8211; Lietuvos dailinink\u0173 s\u0105jungos pirminink\u0117.<\/p>\n","protected":false},"excerpt":{"rendered":"<p>Lietuvos Respublikos kult\u016bros ministras \u0161.m. spalio 9 d. \u012fsakymu \u012f Lietuvos kult\u016bros ir meno taryb\u0105 paskyr\u0117 \u0160ilut\u0117s rajono savivaldyb\u0117s administracijos Kult\u016bros skyriaus ved\u0117j\u0105, asociacijos \u201eKult\u016bros savivaldos kolegija\u201c kancler\u0119 Vilm\u0105 Gri\u0161kevi\u010dien\u0119. Lietuvos kult\u016bros ir meno taryba yra patariamojo balso teis\u0119 turinti institucija, atliekanti eksperto ir konsultanto funkcijas, sprend\u017eiant kult\u016bros politikos formavimo ir jos \u012fgyvendinimo klausimus. Tarybos [&hellip;]<\/p>\n","protected":false},"author":1,"featured_media":0,"comment_status":"open","ping_status":"open","sticky":false,"template":"","format":"standard","meta":{"footnotes":""},"categories":[2],"tags":[],"class_list":{"0":"post-11370","1":"post","2":"type-post","3":"status-publish","4":"format-standard","6":"category-aktualijos"},"yoast_head":"<!-- This site is optimized with the Yoast SEO plugin v27.5 - https:\/\/yoast.com\/product\/yoast-seo-wordpress\/ -->\n<title>V.Gri\u0161kevi\u010dien\u0117 paskirta \u012f Lietuvos kult\u016bros ir meno taryb\u0105 - \u0160ilut\u0117s naujienos<\/title>\n<meta name=\"robots\" content=\"index, follow, max-snippet:-1, max-image-preview:large, max-video-preview:-1\" \/>\n<link rel=\"canonical\" href=\"https:\/\/www.silutesnaujienos.lt\/lt\/v-griskeviciene-paskirta-i-lietuvos-kulturos-ir-meno-taryba\/\" \/>\n<meta property=\"og:locale\" content=\"lt_LT\" \/>\n<meta property=\"og:type\" content=\"article\" \/>\n<meta property=\"og:title\" content=\"V.Gri\u0161kevi\u010dien\u0117 paskirta \u012f Lietuvos kult\u016bros ir meno taryb\u0105 - \u0160ilut\u0117s naujienos\" \/>\n<meta property=\"og:description\" content=\"Lietuvos Respublikos kult\u016bros ministras \u0161.m. spalio 9 d. \u012fsakymu \u012f Lietuvos kult\u016bros ir meno taryb\u0105 paskyr\u0117 \u0160ilut\u0117s rajono savivaldyb\u0117s administracijos Kult\u016bros skyriaus ved\u0117j\u0105, asociacijos \u201eKult\u016bros savivaldos kolegija\u201c kancler\u0119 Vilm\u0105 Gri\u0161kevi\u010dien\u0119. Lietuvos kult\u016bros ir meno taryba yra patariamojo balso teis\u0119 turinti institucija, atliekanti eksperto ir konsultanto funkcijas, sprend\u017eiant kult\u016bros politikos formavimo ir jos \u012fgyvendinimo klausimus. Tarybos [&hellip;]\" \/>\n<meta property=\"og:url\" content=\"https:\/\/www.silutesnaujienos.lt\/lt\/v-griskeviciene-paskirta-i-lietuvos-kulturos-ir-meno-taryba\/\" \/>\n<meta property=\"og:site_name\" content=\"\u0160ilut\u0117s naujienos\" \/>\n<meta property=\"article:publisher\" content=\"https:\/\/www.facebook.com\/silutes.naujienos\/\" \/>\n<meta property=\"article:published_time\" content=\"2012-11-16T09:47:44+00:00\" \/>\n<meta property=\"og:image\" content=\"\/\/silutesnaujienos.lt\/images\/stories\/2012\/11\/15\/thumbnails\/thumb_silutiskiai_Vilniuje_012.JPG\" \/>\n<meta name=\"author\" content=\"\u0160ilut\u0117s naujien\u0173 inf.\" \/>\n<meta name=\"twitter:card\" content=\"summary_large_image\" \/>\n<meta name=\"twitter:label1\" content=\"Written by\" \/>\n\t<meta name=\"twitter:data1\" content=\"\u0160ilut\u0117s naujien\u0173 inf.\" \/>\n\t<meta name=\"twitter:label2\" content=\"Est. reading time\" \/>\n\t<meta name=\"twitter:data2\" content=\"2 minut\u0117s\" \/>\n<script type=\"application\/ld+json\" class=\"yoast-schema-graph\">{\"@context\":\"https:\\\/\\\/schema.org\",\"@graph\":[{\"@type\":\"Article\",\"@id\":\"https:\\\/\\\/www.silutesnaujienos.lt\\\/lt\\\/v-griskeviciene-paskirta-i-lietuvos-kulturos-ir-meno-taryba\\\/#article\",\"isPartOf\":{\"@id\":\"https:\\\/\\\/www.silutesnaujienos.lt\\\/lt\\\/v-griskeviciene-paskirta-i-lietuvos-kulturos-ir-meno-taryba\\\/\"},\"author\":{\"name\":\"\u0160ilut\u0117s naujien\u0173 inf.\",\"@id\":\"https:\\\/\\\/www.silutesnaujienos.lt\\\/lt\\\/#\\\/schema\\\/person\\\/232f475ddd4a7b5f49b3abc788b17e83\"},\"headline\":\"V.Gri\u0161kevi\u010dien\u0117 paskirta \u012f Lietuvos kult\u016bros ir meno taryb\u0105\",\"datePublished\":\"2012-11-16T09:47:44+00:00\",\"mainEntityOfPage\":{\"@id\":\"https:\\\/\\\/www.silutesnaujienos.lt\\\/lt\\\/v-griskeviciene-paskirta-i-lietuvos-kulturos-ir-meno-taryba\\\/\"},\"wordCount\":415,\"commentCount\":0,\"publisher\":{\"@id\":\"https:\\\/\\\/www.silutesnaujienos.lt\\\/lt\\\/#organization\"},\"articleSection\":[\"Aktualijos\"],\"inLanguage\":\"lt-LT\",\"potentialAction\":[{\"@type\":\"CommentAction\",\"name\":\"Comment\",\"target\":[\"https:\\\/\\\/www.silutesnaujienos.lt\\\/lt\\\/v-griskeviciene-paskirta-i-lietuvos-kulturos-ir-meno-taryba\\\/#respond\"]}]},{\"@type\":\"WebPage\",\"@id\":\"https:\\\/\\\/www.silutesnaujienos.lt\\\/lt\\\/v-griskeviciene-paskirta-i-lietuvos-kulturos-ir-meno-taryba\\\/\",\"url\":\"https:\\\/\\\/www.silutesnaujienos.lt\\\/lt\\\/v-griskeviciene-paskirta-i-lietuvos-kulturos-ir-meno-taryba\\\/\",\"name\":\"V.Gri\u0161kevi\u010dien\u0117 paskirta \u012f Lietuvos kult\u016bros ir meno taryb\u0105 - \u0160ilut\u0117s naujienos\",\"isPartOf\":{\"@id\":\"https:\\\/\\\/www.silutesnaujienos.lt\\\/lt\\\/#website\"},\"datePublished\":\"2012-11-16T09:47:44+00:00\",\"breadcrumb\":{\"@id\":\"https:\\\/\\\/www.silutesnaujienos.lt\\\/lt\\\/v-griskeviciene-paskirta-i-lietuvos-kulturos-ir-meno-taryba\\\/#breadcrumb\"},\"inLanguage\":\"lt-LT\",\"potentialAction\":[{\"@type\":\"ReadAction\",\"target\":[\"https:\\\/\\\/www.silutesnaujienos.lt\\\/lt\\\/v-griskeviciene-paskirta-i-lietuvos-kulturos-ir-meno-taryba\\\/\"]}]},{\"@type\":\"BreadcrumbList\",\"@id\":\"https:\\\/\\\/www.silutesnaujienos.lt\\\/lt\\\/v-griskeviciene-paskirta-i-lietuvos-kulturos-ir-meno-taryba\\\/#breadcrumb\",\"itemListElement\":[{\"@type\":\"ListItem\",\"position\":1,\"name\":\"Home\",\"item\":\"https:\\\/\\\/www.silutesnaujienos.lt\\\/lt\\\/\"},{\"@type\":\"ListItem\",\"position\":2,\"name\":\"V.Gri\u0161kevi\u010dien\u0117 paskirta \u012f Lietuvos kult\u016bros ir meno taryb\u0105\"}]},{\"@type\":\"WebSite\",\"@id\":\"https:\\\/\\\/www.silutesnaujienos.lt\\\/lt\\\/#website\",\"url\":\"https:\\\/\\\/www.silutesnaujienos.lt\\\/lt\\\/\",\"name\":\"\u0160ilut\u0117s naujienos\",\"description\":\"B\u016bk ant naujien\u0173 bangos!\",\"publisher\":{\"@id\":\"https:\\\/\\\/www.silutesnaujienos.lt\\\/lt\\\/#organization\"},\"potentialAction\":[{\"@type\":\"SearchAction\",\"target\":{\"@type\":\"EntryPoint\",\"urlTemplate\":\"https:\\\/\\\/www.silutesnaujienos.lt\\\/lt\\\/?s={search_term_string}\"},\"query-input\":{\"@type\":\"PropertyValueSpecification\",\"valueRequired\":true,\"valueName\":\"search_term_string\"}}],\"inLanguage\":\"lt-LT\"},{\"@type\":\"Organization\",\"@id\":\"https:\\\/\\\/www.silutesnaujienos.lt\\\/lt\\\/#organization\",\"name\":\"\u0160ilut\u0117s naujienos\",\"url\":\"https:\\\/\\\/www.silutesnaujienos.lt\\\/lt\\\/\",\"logo\":{\"@type\":\"ImageObject\",\"inLanguage\":\"lt-LT\",\"@id\":\"https:\\\/\\\/www.silutesnaujienos.lt\\\/lt\\\/#\\\/schema\\\/logo\\\/image\\\/\",\"url\":\"https:\\\/\\\/www.silutesnaujienos.lt\\\/lt\\\/wp-content\\\/uploads\\\/2020\\\/06\\\/FB_MAIN.jpg\",\"contentUrl\":\"https:\\\/\\\/www.silutesnaujienos.lt\\\/lt\\\/wp-content\\\/uploads\\\/2020\\\/06\\\/FB_MAIN.jpg\",\"width\":1700,\"height\":956,\"caption\":\"\u0160ilut\u0117s naujienos\"},\"image\":{\"@id\":\"https:\\\/\\\/www.silutesnaujienos.lt\\\/lt\\\/#\\\/schema\\\/logo\\\/image\\\/\"},\"sameAs\":[\"https:\\\/\\\/www.facebook.com\\\/silutes.naujienos\\\/\",\"https:\\\/\\\/www.youtube.com\\\/channel\\\/UCxW-cgrJDt8GxIMxSTAfJZg\"]},{\"@type\":\"Person\",\"@id\":\"https:\\\/\\\/www.silutesnaujienos.lt\\\/lt\\\/#\\\/schema\\\/person\\\/232f475ddd4a7b5f49b3abc788b17e83\",\"name\":\"\u0160ilut\u0117s naujien\u0173 inf.\",\"image\":{\"@type\":\"ImageObject\",\"inLanguage\":\"lt-LT\",\"@id\":\"https:\\\/\\\/www.silutesnaujienos.lt\\\/lt\\\/wp-content\\\/uploads\\\/2020\\\/06\\\/favicon.png\",\"url\":\"https:\\\/\\\/www.silutesnaujienos.lt\\\/lt\\\/wp-content\\\/uploads\\\/2020\\\/06\\\/favicon.png\",\"contentUrl\":\"https:\\\/\\\/www.silutesnaujienos.lt\\\/lt\\\/wp-content\\\/uploads\\\/2020\\\/06\\\/favicon.png\",\"caption\":\"\u0160ilut\u0117s naujien\u0173 inf.\"},\"sameAs\":[\"https:\\\/\\\/www.silutesnaujienos.lt\\\/lt\"],\"url\":\"https:\\\/\\\/www.silutesnaujienos.lt\\\/lt\\\/author\\\/ruta\\\/\"}]}<\/script>\n<!-- \/ Yoast SEO plugin. -->","yoast_head_json":{"title":"V.Gri\u0161kevi\u010dien\u0117 paskirta \u012f Lietuvos kult\u016bros ir meno taryb\u0105 - \u0160ilut\u0117s naujienos","robots":{"index":"index","follow":"follow","max-snippet":"max-snippet:-1","max-image-preview":"max-image-preview:large","max-video-preview":"max-video-preview:-1"},"canonical":"https:\/\/www.silutesnaujienos.lt\/lt\/v-griskeviciene-paskirta-i-lietuvos-kulturos-ir-meno-taryba\/","og_locale":"lt_LT","og_type":"article","og_title":"V.Gri\u0161kevi\u010dien\u0117 paskirta \u012f Lietuvos kult\u016bros ir meno taryb\u0105 - \u0160ilut\u0117s naujienos","og_description":"Lietuvos Respublikos kult\u016bros ministras \u0161.m. spalio 9 d. \u012fsakymu \u012f Lietuvos kult\u016bros ir meno taryb\u0105 paskyr\u0117 \u0160ilut\u0117s rajono savivaldyb\u0117s administracijos Kult\u016bros skyriaus ved\u0117j\u0105, asociacijos \u201eKult\u016bros savivaldos kolegija\u201c kancler\u0119 Vilm\u0105 Gri\u0161kevi\u010dien\u0119. Lietuvos kult\u016bros ir meno taryba yra patariamojo balso teis\u0119 turinti institucija, atliekanti eksperto ir konsultanto funkcijas, sprend\u017eiant kult\u016bros politikos formavimo ir jos \u012fgyvendinimo klausimus. Tarybos [&hellip;]","og_url":"https:\/\/www.silutesnaujienos.lt\/lt\/v-griskeviciene-paskirta-i-lietuvos-kulturos-ir-meno-taryba\/","og_site_name":"\u0160ilut\u0117s naujienos","article_publisher":"https:\/\/www.facebook.com\/silutes.naujienos\/","article_published_time":"2012-11-16T09:47:44+00:00","og_image":[{"url":"\/\/silutesnaujienos.lt\/images\/stories\/2012\/11\/15\/thumbnails\/thumb_silutiskiai_Vilniuje_012.JPG","type":"","width":"","height":""}],"author":"\u0160ilut\u0117s naujien\u0173 inf.","twitter_card":"summary_large_image","twitter_misc":{"Written by":"\u0160ilut\u0117s naujien\u0173 inf.","Est. reading time":"2 minut\u0117s"},"schema":{"@context":"https:\/\/schema.org","@graph":[{"@type":"Article","@id":"https:\/\/www.silutesnaujienos.lt\/lt\/v-griskeviciene-paskirta-i-lietuvos-kulturos-ir-meno-taryba\/#article","isPartOf":{"@id":"https:\/\/www.silutesnaujienos.lt\/lt\/v-griskeviciene-paskirta-i-lietuvos-kulturos-ir-meno-taryba\/"},"author":{"name":"\u0160ilut\u0117s naujien\u0173 inf.","@id":"https:\/\/www.silutesnaujienos.lt\/lt\/#\/schema\/person\/232f475ddd4a7b5f49b3abc788b17e83"},"headline":"V.Gri\u0161kevi\u010dien\u0117 paskirta \u012f Lietuvos kult\u016bros ir meno taryb\u0105","datePublished":"2012-11-16T09:47:44+00:00","mainEntityOfPage":{"@id":"https:\/\/www.silutesnaujienos.lt\/lt\/v-griskeviciene-paskirta-i-lietuvos-kulturos-ir-meno-taryba\/"},"wordCount":415,"commentCount":0,"publisher":{"@id":"https:\/\/www.silutesnaujienos.lt\/lt\/#organization"},"articleSection":["Aktualijos"],"inLanguage":"lt-LT","potentialAction":[{"@type":"CommentAction","name":"Comment","target":["https:\/\/www.silutesnaujienos.lt\/lt\/v-griskeviciene-paskirta-i-lietuvos-kulturos-ir-meno-taryba\/#respond"]}]},{"@type":"WebPage","@id":"https:\/\/www.silutesnaujienos.lt\/lt\/v-griskeviciene-paskirta-i-lietuvos-kulturos-ir-meno-taryba\/","url":"https:\/\/www.silutesnaujienos.lt\/lt\/v-griskeviciene-paskirta-i-lietuvos-kulturos-ir-meno-taryba\/","name":"V.Gri\u0161kevi\u010dien\u0117 paskirta \u012f Lietuvos kult\u016bros ir meno taryb\u0105 - \u0160ilut\u0117s naujienos","isPartOf":{"@id":"https:\/\/www.silutesnaujienos.lt\/lt\/#website"},"datePublished":"2012-11-16T09:47:44+00:00","breadcrumb":{"@id":"https:\/\/www.silutesnaujienos.lt\/lt\/v-griskeviciene-paskirta-i-lietuvos-kulturos-ir-meno-taryba\/#breadcrumb"},"inLanguage":"lt-LT","potentialAction":[{"@type":"ReadAction","target":["https:\/\/www.silutesnaujienos.lt\/lt\/v-griskeviciene-paskirta-i-lietuvos-kulturos-ir-meno-taryba\/"]}]},{"@type":"BreadcrumbList","@id":"https:\/\/www.silutesnaujienos.lt\/lt\/v-griskeviciene-paskirta-i-lietuvos-kulturos-ir-meno-taryba\/#breadcrumb","itemListElement":[{"@type":"ListItem","position":1,"name":"Home","item":"https:\/\/www.silutesnaujienos.lt\/lt\/"},{"@type":"ListItem","position":2,"name":"V.Gri\u0161kevi\u010dien\u0117 paskirta \u012f Lietuvos kult\u016bros ir meno taryb\u0105"}]},{"@type":"WebSite","@id":"https:\/\/www.silutesnaujienos.lt\/lt\/#website","url":"https:\/\/www.silutesnaujienos.lt\/lt\/","name":"\u0160ilut\u0117s naujienos","description":"B\u016bk ant naujien\u0173 bangos!","publisher":{"@id":"https:\/\/www.silutesnaujienos.lt\/lt\/#organization"},"potentialAction":[{"@type":"SearchAction","target":{"@type":"EntryPoint","urlTemplate":"https:\/\/www.silutesnaujienos.lt\/lt\/?s={search_term_string}"},"query-input":{"@type":"PropertyValueSpecification","valueRequired":true,"valueName":"search_term_string"}}],"inLanguage":"lt-LT"},{"@type":"Organization","@id":"https:\/\/www.silutesnaujienos.lt\/lt\/#organization","name":"\u0160ilut\u0117s naujienos","url":"https:\/\/www.silutesnaujienos.lt\/lt\/","logo":{"@type":"ImageObject","inLanguage":"lt-LT","@id":"https:\/\/www.silutesnaujienos.lt\/lt\/#\/schema\/logo\/image\/","url":"https:\/\/www.silutesnaujienos.lt\/lt\/wp-content\/uploads\/2020\/06\/FB_MAIN.jpg","contentUrl":"https:\/\/www.silutesnaujienos.lt\/lt\/wp-content\/uploads\/2020\/06\/FB_MAIN.jpg","width":1700,"height":956,"caption":"\u0160ilut\u0117s naujienos"},"image":{"@id":"https:\/\/www.silutesnaujienos.lt\/lt\/#\/schema\/logo\/image\/"},"sameAs":["https:\/\/www.facebook.com\/silutes.naujienos\/","https:\/\/www.youtube.com\/channel\/UCxW-cgrJDt8GxIMxSTAfJZg"]},{"@type":"Person","@id":"https:\/\/www.silutesnaujienos.lt\/lt\/#\/schema\/person\/232f475ddd4a7b5f49b3abc788b17e83","name":"\u0160ilut\u0117s naujien\u0173 inf.","image":{"@type":"ImageObject","inLanguage":"lt-LT","@id":"https:\/\/www.silutesnaujienos.lt\/lt\/wp-content\/uploads\/2020\/06\/favicon.png","url":"https:\/\/www.silutesnaujienos.lt\/lt\/wp-content\/uploads\/2020\/06\/favicon.png","contentUrl":"https:\/\/www.silutesnaujienos.lt\/lt\/wp-content\/uploads\/2020\/06\/favicon.png","caption":"\u0160ilut\u0117s naujien\u0173 inf."},"sameAs":["https:\/\/www.silutesnaujienos.lt\/lt"],"url":"https:\/\/www.silutesnaujienos.lt\/lt\/author\/ruta\/"}]}},"publishpress_future_workflow_manual_trigger":{"enabledWorkflows":[]},"amp_enabled":true,"_links":{"self":[{"href":"https:\/\/www.silutesnaujienos.lt\/lt\/wp-json\/wp\/v2\/posts\/11370","targetHints":{"allow":["GET"]}}],"collection":[{"href":"https:\/\/www.silutesnaujienos.lt\/lt\/wp-json\/wp\/v2\/posts"}],"about":[{"href":"https:\/\/www.silutesnaujienos.lt\/lt\/wp-json\/wp\/v2\/types\/post"}],"author":[{"embeddable":true,"href":"https:\/\/www.silutesnaujienos.lt\/lt\/wp-json\/wp\/v2\/users\/1"}],"replies":[{"embeddable":true,"href":"https:\/\/www.silutesnaujienos.lt\/lt\/wp-json\/wp\/v2\/comments?post=11370"}],"version-history":[{"count":0,"href":"https:\/\/www.silutesnaujienos.lt\/lt\/wp-json\/wp\/v2\/posts\/11370\/revisions"}],"wp:attachment":[{"href":"https:\/\/www.silutesnaujienos.lt\/lt\/wp-json\/wp\/v2\/media?parent=11370"}],"wp:term":[{"taxonomy":"category","embeddable":true,"href":"https:\/\/www.silutesnaujienos.lt\/lt\/wp-json\/wp\/v2\/categories?post=11370"},{"taxonomy":"post_tag","embeddable":true,"href":"https:\/\/www.silutesnaujienos.lt\/lt\/wp-json\/wp\/v2\/tags?post=11370"}],"curies":[{"name":"wp","href":"https:\/\/api.w.org\/{rel}","templated":true}]}}