{"id":11372,"date":"2012-11-26T07:08:51","date_gmt":"2012-11-26T09:08:51","guid":{"rendered":"https:\/\/www.silutesnaujienos.lt\/lt\/savivaldybes-delegacija-pateike-gerosios-patirties-dalijimosi-portugalijoje-atsaskaita\/"},"modified":"2012-11-26T07:08:51","modified_gmt":"2012-11-26T09:08:51","slug":"savivaldybes-delegacija-pateike-gerosios-patirties-dalijimosi-portugalijoje-atsaskaita","status":"publish","type":"post","link":"https:\/\/www.silutesnaujienos.lt\/lt\/savivaldybes-delegacija-pateike-gerosios-patirties-dalijimosi-portugalijoje-atsaskaita\/","title":{"rendered":"Savivaldyb\u0117s delegacija pateik\u0117 gerosios patirties dalijimosi Portugalijoje atsaskait\u0105"},"content":{"rendered":"<p><a target=\"_blank\" rel=\"caption[Gerosios patirties dalijimasis Portugalijoje. \/ \u0160ilut\u0117s r. savivaldyb\u0117s nuotr.];group[a] noopener noreferrer\" class=\"jcepopup\" href=\"\/\/silutesnaujienos.lt\/images\/stories\/2012\/11\/23\/0001-portugalijoje01.jpg\" data-rel=\"lightbox-gallery-GMxMMA1K\" data-rl_title=\"\" data-rl_caption=\"\"><img loading=\"lazy\" decoding=\"async\" style=\"margin: 5px; float: left;\" class=\"caption\" title=\"\" alt=\"Gerosios patirties dalijimasis Portugalijoje. \/ \u0160ilut\u0117s r. savivaldyb\u0117s nuotr.\" src=\"\/\/silutesnaujienos.lt\/images\/stories\/2012\/11\/23\/thumbnails\/thumb_0001-portugalijoje01.jpg\" height=\"230\" width=\"307\" \/><\/a><strong>\u0160ilut\u0117s rajono savivaldyb\u0117s delegacija, lapkri\u010dio 12-16 dienomis vykusi \u012f tarptautinius teminius susitikimus \u0160iaur\u0117s Portugalijoje, pateik\u0117 ataskait\u0105. Per savait\u0119 delegacijos nariai lank\u0117 kaimo turizmo verslo atstovus, dom\u0117josi miestelio muziejaus ir mal\u016bno \u012frengimo projektu, susitiko su Perdes savivaldyb\u0117s atstovais ir kita.<\/strong><\/p>\n<p>\u0160ilut\u0117s rajono savivaldyb\u0117s delegacija buvo sudaryta i\u0161 administracijos direktoriaus pavaduotojo Alvido \u0160imelionio, tarybos nar\u0117s, Teritorij\u0173 ir kaimo reikal\u0173 komiteto nar\u0117s Birut\u0117s Kleinait\u0117s, tarybos nario, Asociacijos &#8222;Lamatos \u017eem\u0117&#8221; pirmininko, Vainuto seni\u016bnijos bendruomen\u0117s pirmininko Vytauto Laurinai\u010dio, administracijos Planavimo ir pl\u0117tros skyriaus ved\u0117jo Remigijaus Budriko, administracijos Planavimo ir pl\u0117tros skyriaus ved\u0117jo pavaduotojos Dianos Benkunskien\u0117s, Asociajos &#8222;Lamatos \u017eem\u0117&#8221; koordinator\u0117s \u2013 konsultant\u0117s Linos Misiukonyt\u0117s.<\/p>\n<p>Tarptautiniai teminiai susitikimai finansuojami pagal projekt\u0105 \u201eGerosios patirties pritaikymas ir sklaida \u0160ilut\u0117s rajone\u201c, \u012fgyvendinam\u0105 pagal Lietuvos kaimo pl\u0117tros 2007\u20132013 met\u0173 programos priemon\u0117s \u201eTechnin\u0117 pagalba\u201c veiklos srit\u012f \u201eNacionalinis kaimo tinklas\u201c i\u0161 Europos \u017eem\u0117s \u016bkio fondo kaimo pl\u0117trai ir bendrojo finansavimo l\u0117\u0161\u0173, numatyt\u0173 valstyb\u0117s biud\u017eete.<\/p>\n<p><strong>1-as susitikimas.<\/strong> Vizitas \u012f Aldeia do Pontido kaimo turizmo vietov\u0119 (Fafe savivaldyb\u0117je). Pristatomas 4 broli\u0173 sukurtas kaimo turizmo verslas (restoranas, 10 kambari\u0173, mal\u016bnas) finansuotas i\u0161 LEADER programos. Bendra projekto vert\u0117 1 000 000 Lt. Finansavimo intensyvumas 50 proc. \u2013 ES, 50 proc.- savo \u012fna\u0161as. Yra reikalavimas 5 metus po projekto u\u017ebaigimo i\u0161laikyti versl\u0105. \u012egyvendinant projekt\u0105 nebuvo susidurta su jokiais sunkumais. Dabar d\u0117l migracijos ir ma\u017eo gimstamumo \u0161iek tiek suma\u017e\u0117j\u0119s lankytoj\u0173 skai\u010dius.<\/p>\n<p><a type=\"image\" class=\"jcepopup\" target=\"_blank\" rel=\"caption[Gerosios patirties dalijimasis Portugalijoje. \/ \u0160ilut\u0117s r. savivaldyb\u0117s nuotr.];group[a] noopener noreferrer\" href=\"\/\/silutesnaujienos.lt\/images\/stories\/2012\/11\/23\/0002-portugalijoje02.jpg\" data-rel=\"lightbox-gallery-GMxMMA1K\" data-rl_title=\"\" data-rl_caption=\"\"><img loading=\"lazy\" decoding=\"async\" style=\"margin: 5px; float: left;\" class=\"caption\" title=\"\" alt=\"0002-portugalijoje02\" src=\"\/\/silutesnaujienos.lt\/images\/stories\/2012\/11\/23\/thumbnails\/thumb_0002-portugalijoje02.jpg\" height=\"230\" width=\"307\" \/><\/a>Vietin\u0117 VVG apima 82 000 gyventoj\u0173, 8 savivaldybes. Strategijos vert\u0117 5 metams 6 000 000 eur\u0173. VVG dirba 30 darbuotoj\u0173. Apima daug skirting\u0173 finansavimo program\u0173. Labai akcentuojamos profesinio mokymo programos, nes labai didel\u0117 bedarbyst\u0117. Mokymo program\u0173 kryptis nurodo vietin\u0117 vald\u017eia, nors ir pati VVG atlieka savo tyrimus. Savivaldyb\u0117s aktyviai dalyvauja VVG veikloje, bet finansavimu neprisideda. Savivaldyb\u0117s bendradarbiauja su verslininkais ir pristato galimas finansavimo galimybes.<\/p>\n<p>VVG aktyviai dalyvauja socialiniuose projektuose ir aktyviai bendrauja su seni\u016bnais, nes jie tiksliausiai \u017eino ko jiems reikia. VVG savo veikl\u0105 vykdo nuo 1992 ir LEADER programoje dalyvauja nuo 1997 met\u0173. Dabar \u012fgyvendinamas tre\u010dias LEADER programos etapas. LEADER daugiausia remia turizm\u0105.<\/p>\n<p><strong>2-3-as susitikimai.<\/strong> Aboim (Fafe savivaldyb\u0117) miestelio muziejaus ir mal\u016bno projekto pristatymas. Miestelio muziejaus ir mal\u016bno \u012frengimo projektas buvo finansuotas i\u0161 LEADER+ ir LEADER program\u0173. Projekto tikslai buvo \u012fkurti muziej\u0173 ir atstatyti mal\u016bn\u0105. \u0160ios 2 veiklos ir buvo \u012fgyvendintos. Anks\u010diau dabar \u012fsik\u016brusio muziejaus patalpose buvo pradin\u0117 mokykla, kuriai i\u0161sik\u0117lus ir buvo \u012frengtas muziejus.<\/p>\n<p>Muziejaus patalpose veikia ir vaik\u0173 edukacinis centras. Projektui pasibaigus muziej\u0173 i\u0161laiko Lisabonos verslo kompanija. Projekto vert\u0117 100 000 eur\u0173. Finansavimas: 50 proc. ES pinigai, 50 proc. priva\u010dios verslo l\u0117\u0161os. Projektas buvo \u012fgyvendinamas 2 etapais. 1 projekto etapas muziejaus ir mokyklos \u012frengimas, 2 etapas \u2013 mal\u016bno atstatymas. Projekto reng\u0117jai mano, kad tai brangus projektas, nes reik\u0117jo atlikti daug paveldosaugini\u0173 prie\u0161 projektini\u0173 tyrim\u0173.<\/p>\n<p><a target=\"_blank\" rel=\"caption[Gerosios patirties dalijimasis Portugalijoje. \/ \u0160ilut\u0117s r. savivaldyb\u0117s nuotr.];group[a] noopener noreferrer\" class=\"jcepopup\" href=\"\/\/silutesnaujienos.lt\/images\/stories\/2012\/11\/23\/0003-portugalijoje03.jpg\" data-rel=\"lightbox-gallery-GMxMMA1K\" data-rl_title=\"\" data-rl_caption=\"\"><img loading=\"lazy\" decoding=\"async\" style=\"margin: 5px; float: right;\" class=\"caption\" title=\"\" alt=\"0003-portugalijoje03\" src=\"\/\/silutesnaujienos.lt\/images\/stories\/2012\/11\/23\/thumbnails\/thumb_0003-portugalijoje03.jpg\" height=\"230\" width=\"307\" \/><\/a><strong>4-as susitikimas.<\/strong> Vizitas \u012f Paredes savivaldyb\u0119 ir jos \u012fgyvendinam\u0173 projekt\u0173 pristatymas. Susitikime dalyvavo Paredes savivaldyb\u0117s meras ir kiti savivaldyb\u0117s atstovai. Buvo pristatytas vieno langelio projektas. Projektu buvo siekiama, kad gyventojai gaut\u0173 kuo daugiau jiems reikiamos informacijos, gal\u0117t\u0173 tiesiogiai bendrauti su savivaldyb\u0117s darbuotojais ir suma\u017e\u0117t\u0173 popierizmo.<\/p>\n<p>Yra \u012fsteigta vie\u0161a gyventoj\u0173 pri\u0117mimo vieta, kur jie gali kreiptis su savo pageidavimais. Anks\u010diau, kad i\u0161spr\u0119st\u0173 jiems r\u016bpimus klausimus gyventojai tur\u0117davo kreiptis \u012f kelias institucijas, o dabar u\u017etenka savo u\u017eklausim\u0105 palikti viename langelyje.<\/p>\n<p>Gyventojai visa tai gali atlikti ir internetu, bet jie mieliau ateina \u012f viet\u0105. Paredes savivaldyb\u0117je gyvena 90 000 gyventoj\u0173. Buvo pristatyta savivaldyb\u0117s strukt\u016bra. Mer\u0105 ir 4 patar\u0117jus 4 metams renka \u017emon\u0117s. Yra 24 seni\u016bnijos. Visus sprendimus priima meras. Yra 2 pagrindin\u0117s partijos: centro kairieji ir centro de\u0161inieji. Metinis savivaldyb\u0117s biud\u017eetas 97 mln. eur\u0173. Savivaldyb\u0117je ir jos \u012fstaigose dirba 1500 darbuotoj\u0173. Vidutinis atlyginimas 750 eur\u0173. Buvo pristatytas personalo skyriaus darbas.<\/p>\n<p><strong>5-as susitikimas.<\/strong> Apsilankymas Quintandona kaimelyje. Susitikimas su Penafiel savivaldyb\u0117s tarybos nare ir Larges Parish tarybos pirmininku. Buvo pristatytas Quintandona kaimelio projektas, kuriame labai aktyviai dalyvavo vietos gyventojai. \u0160ioje gyvenviet\u0117je labai aktyvi VVG grup\u0117, kuri i\u0161 projekto atliko istorinius tyrimus. Investicijos \u012f projekt\u0105 taip pat at\u0117jo ir i\u0161 privataus kapitalo. I\u0161 projekto buvo atstatytas senovinis kaimelis, kuriame dabar gyvena \u017emon\u0117s.<\/p>\n<p><strong>6-as susitikimas.<\/strong> Susitikimas Ferreira vienuolyne-informacijos centre, kuriame buvo pristatytas Rota do Romanico projektas. Projektas apima 12 savivaldybi\u0173 (520 000 gyventoj\u0173, kuriuose yra 58 paveldo objektai). Pagrindinis projekto tikslas \u2013 paveldo i\u0161saugojimas. Projekto u\u017edaviniai: skatinti regionin\u012f planavim\u0105, i\u0161saugant paveld\u0105, sukurti nauj\u0105 produktyv\u0173 sektori\u0173, kuris kurt\u0173 gerov\u0119, pakeisti vidaus ir i\u0161or\u0117s regiono \u012fvaizd\u012f, kelti regiono \u017emoni\u0173 kvalifikacij\u0105, u\u017etikrinti kvalifikuot\u0105 \u012fsidarbinim\u0105.<\/p>\n<p><strong>7-as susitikimas.<\/strong> Susitikimas su Felgueiras savivaldyb\u0117s tarybos pirmininku ir Felgueiras VVG pirmininku. Pasidalinimas patirtimi \u012fgyvendinant ES projektus, aptariant b\u016bsimas bendradarbiavimo galimybes. Susitikim\u0173 apibendrinimas. Atsisveikinimas.<\/p>\n","protected":false},"excerpt":{"rendered":"<p>\u0160ilut\u0117s rajono savivaldyb\u0117s delegacija, lapkri\u010dio 12-16 dienomis vykusi \u012f tarptautinius teminius susitikimus \u0160iaur\u0117s Portugalijoje, pateik\u0117 ataskait\u0105. Per savait\u0119 delegacijos nariai lank\u0117 kaimo turizmo verslo atstovus, dom\u0117josi miestelio muziejaus ir mal\u016bno \u012frengimo projektu, susitiko su Perdes savivaldyb\u0117s atstovais ir kita. \u0160ilut\u0117s rajono savivaldyb\u0117s delegacija buvo sudaryta i\u0161 administracijos direktoriaus pavaduotojo Alvido \u0160imelionio, tarybos nar\u0117s, Teritorij\u0173 ir [&hellip;]<\/p>\n","protected":false},"author":1,"featured_media":0,"comment_status":"open","ping_status":"open","sticky":false,"template":"","format":"standard","meta":{"footnotes":""},"categories":[2],"tags":[],"class_list":{"0":"post-11372","1":"post","2":"type-post","3":"status-publish","4":"format-standard","6":"category-aktualijos"},"yoast_head":"<!-- This site is optimized with the Yoast SEO plugin v27.5 - https:\/\/yoast.com\/product\/yoast-seo-wordpress\/ -->\n<title>Savivaldyb\u0117s delegacija pateik\u0117 gerosios patirties dalijimosi Portugalijoje atsaskait\u0105 - \u0160ilut\u0117s naujienos<\/title>\n<meta name=\"robots\" content=\"index, follow, max-snippet:-1, max-image-preview:large, max-video-preview:-1\" \/>\n<link rel=\"canonical\" href=\"https:\/\/www.silutesnaujienos.lt\/lt\/savivaldybes-delegacija-pateike-gerosios-patirties-dalijimosi-portugalijoje-atsaskaita\/\" \/>\n<meta property=\"og:locale\" content=\"lt_LT\" \/>\n<meta property=\"og:type\" content=\"article\" \/>\n<meta property=\"og:title\" content=\"Savivaldyb\u0117s delegacija pateik\u0117 gerosios patirties dalijimosi Portugalijoje atsaskait\u0105 - \u0160ilut\u0117s naujienos\" \/>\n<meta property=\"og:description\" content=\"\u0160ilut\u0117s rajono savivaldyb\u0117s delegacija, lapkri\u010dio 12-16 dienomis vykusi \u012f tarptautinius teminius susitikimus \u0160iaur\u0117s Portugalijoje, pateik\u0117 ataskait\u0105. Per savait\u0119 delegacijos nariai lank\u0117 kaimo turizmo verslo atstovus, dom\u0117josi miestelio muziejaus ir mal\u016bno \u012frengimo projektu, susitiko su Perdes savivaldyb\u0117s atstovais ir kita. \u0160ilut\u0117s rajono savivaldyb\u0117s delegacija buvo sudaryta i\u0161 administracijos direktoriaus pavaduotojo Alvido \u0160imelionio, tarybos nar\u0117s, Teritorij\u0173 ir [&hellip;]\" \/>\n<meta property=\"og:url\" content=\"https:\/\/www.silutesnaujienos.lt\/lt\/savivaldybes-delegacija-pateike-gerosios-patirties-dalijimosi-portugalijoje-atsaskaita\/\" \/>\n<meta property=\"og:site_name\" content=\"\u0160ilut\u0117s naujienos\" \/>\n<meta property=\"article:publisher\" content=\"https:\/\/www.facebook.com\/silutes.naujienos\/\" \/>\n<meta property=\"article:published_time\" content=\"2012-11-26T09:08:51+00:00\" \/>\n<meta property=\"og:image\" content=\"\/\/silutesnaujienos.lt\/images\/stories\/2012\/11\/23\/thumbnails\/thumb_0001-portugalijoje01.jpg\" \/>\n<meta name=\"author\" content=\"\u0160ilut\u0117s naujien\u0173 inf.\" \/>\n<meta name=\"twitter:card\" content=\"summary_large_image\" \/>\n<meta name=\"twitter:label1\" content=\"Written by\" \/>\n\t<meta name=\"twitter:data1\" content=\"\u0160ilut\u0117s naujien\u0173 inf.\" \/>\n\t<meta name=\"twitter:label2\" content=\"Est. reading time\" \/>\n\t<meta name=\"twitter:data2\" content=\"4 minut\u0117s\" \/>\n<script type=\"application\/ld+json\" class=\"yoast-schema-graph\">{\"@context\":\"https:\\\/\\\/schema.org\",\"@graph\":[{\"@type\":\"Article\",\"@id\":\"https:\\\/\\\/www.silutesnaujienos.lt\\\/lt\\\/savivaldybes-delegacija-pateike-gerosios-patirties-dalijimosi-portugalijoje-atsaskaita\\\/#article\",\"isPartOf\":{\"@id\":\"https:\\\/\\\/www.silutesnaujienos.lt\\\/lt\\\/savivaldybes-delegacija-pateike-gerosios-patirties-dalijimosi-portugalijoje-atsaskaita\\\/\"},\"author\":{\"name\":\"\u0160ilut\u0117s naujien\u0173 inf.\",\"@id\":\"https:\\\/\\\/www.silutesnaujienos.lt\\\/lt\\\/#\\\/schema\\\/person\\\/232f475ddd4a7b5f49b3abc788b17e83\"},\"headline\":\"Savivaldyb\u0117s delegacija pateik\u0117 gerosios patirties dalijimosi Portugalijoje atsaskait\u0105\",\"datePublished\":\"2012-11-26T09:08:51+00:00\",\"mainEntityOfPage\":{\"@id\":\"https:\\\/\\\/www.silutesnaujienos.lt\\\/lt\\\/savivaldybes-delegacija-pateike-gerosios-patirties-dalijimosi-portugalijoje-atsaskaita\\\/\"},\"wordCount\":774,\"commentCount\":0,\"publisher\":{\"@id\":\"https:\\\/\\\/www.silutesnaujienos.lt\\\/lt\\\/#organization\"},\"articleSection\":[\"Aktualijos\"],\"inLanguage\":\"lt-LT\",\"potentialAction\":[{\"@type\":\"CommentAction\",\"name\":\"Comment\",\"target\":[\"https:\\\/\\\/www.silutesnaujienos.lt\\\/lt\\\/savivaldybes-delegacija-pateike-gerosios-patirties-dalijimosi-portugalijoje-atsaskaita\\\/#respond\"]}]},{\"@type\":\"WebPage\",\"@id\":\"https:\\\/\\\/www.silutesnaujienos.lt\\\/lt\\\/savivaldybes-delegacija-pateike-gerosios-patirties-dalijimosi-portugalijoje-atsaskaita\\\/\",\"url\":\"https:\\\/\\\/www.silutesnaujienos.lt\\\/lt\\\/savivaldybes-delegacija-pateike-gerosios-patirties-dalijimosi-portugalijoje-atsaskaita\\\/\",\"name\":\"Savivaldyb\u0117s delegacija pateik\u0117 gerosios patirties dalijimosi Portugalijoje atsaskait\u0105 - \u0160ilut\u0117s naujienos\",\"isPartOf\":{\"@id\":\"https:\\\/\\\/www.silutesnaujienos.lt\\\/lt\\\/#website\"},\"datePublished\":\"2012-11-26T09:08:51+00:00\",\"breadcrumb\":{\"@id\":\"https:\\\/\\\/www.silutesnaujienos.lt\\\/lt\\\/savivaldybes-delegacija-pateike-gerosios-patirties-dalijimosi-portugalijoje-atsaskaita\\\/#breadcrumb\"},\"inLanguage\":\"lt-LT\",\"potentialAction\":[{\"@type\":\"ReadAction\",\"target\":[\"https:\\\/\\\/www.silutesnaujienos.lt\\\/lt\\\/savivaldybes-delegacija-pateike-gerosios-patirties-dalijimosi-portugalijoje-atsaskaita\\\/\"]}]},{\"@type\":\"BreadcrumbList\",\"@id\":\"https:\\\/\\\/www.silutesnaujienos.lt\\\/lt\\\/savivaldybes-delegacija-pateike-gerosios-patirties-dalijimosi-portugalijoje-atsaskaita\\\/#breadcrumb\",\"itemListElement\":[{\"@type\":\"ListItem\",\"position\":1,\"name\":\"Home\",\"item\":\"https:\\\/\\\/www.silutesnaujienos.lt\\\/lt\\\/\"},{\"@type\":\"ListItem\",\"position\":2,\"name\":\"Savivaldyb\u0117s delegacija pateik\u0117 gerosios patirties dalijimosi Portugalijoje atsaskait\u0105\"}]},{\"@type\":\"WebSite\",\"@id\":\"https:\\\/\\\/www.silutesnaujienos.lt\\\/lt\\\/#website\",\"url\":\"https:\\\/\\\/www.silutesnaujienos.lt\\\/lt\\\/\",\"name\":\"\u0160ilut\u0117s naujienos\",\"description\":\"B\u016bk ant naujien\u0173 bangos!\",\"publisher\":{\"@id\":\"https:\\\/\\\/www.silutesnaujienos.lt\\\/lt\\\/#organization\"},\"potentialAction\":[{\"@type\":\"SearchAction\",\"target\":{\"@type\":\"EntryPoint\",\"urlTemplate\":\"https:\\\/\\\/www.silutesnaujienos.lt\\\/lt\\\/?s={search_term_string}\"},\"query-input\":{\"@type\":\"PropertyValueSpecification\",\"valueRequired\":true,\"valueName\":\"search_term_string\"}}],\"inLanguage\":\"lt-LT\"},{\"@type\":\"Organization\",\"@id\":\"https:\\\/\\\/www.silutesnaujienos.lt\\\/lt\\\/#organization\",\"name\":\"\u0160ilut\u0117s naujienos\",\"url\":\"https:\\\/\\\/www.silutesnaujienos.lt\\\/lt\\\/\",\"logo\":{\"@type\":\"ImageObject\",\"inLanguage\":\"lt-LT\",\"@id\":\"https:\\\/\\\/www.silutesnaujienos.lt\\\/lt\\\/#\\\/schema\\\/logo\\\/image\\\/\",\"url\":\"https:\\\/\\\/www.silutesnaujienos.lt\\\/lt\\\/wp-content\\\/uploads\\\/2020\\\/06\\\/FB_MAIN.jpg\",\"contentUrl\":\"https:\\\/\\\/www.silutesnaujienos.lt\\\/lt\\\/wp-content\\\/uploads\\\/2020\\\/06\\\/FB_MAIN.jpg\",\"width\":1700,\"height\":956,\"caption\":\"\u0160ilut\u0117s naujienos\"},\"image\":{\"@id\":\"https:\\\/\\\/www.silutesnaujienos.lt\\\/lt\\\/#\\\/schema\\\/logo\\\/image\\\/\"},\"sameAs\":[\"https:\\\/\\\/www.facebook.com\\\/silutes.naujienos\\\/\",\"https:\\\/\\\/www.youtube.com\\\/channel\\\/UCxW-cgrJDt8GxIMxSTAfJZg\"]},{\"@type\":\"Person\",\"@id\":\"https:\\\/\\\/www.silutesnaujienos.lt\\\/lt\\\/#\\\/schema\\\/person\\\/232f475ddd4a7b5f49b3abc788b17e83\",\"name\":\"\u0160ilut\u0117s naujien\u0173 inf.\",\"image\":{\"@type\":\"ImageObject\",\"inLanguage\":\"lt-LT\",\"@id\":\"https:\\\/\\\/www.silutesnaujienos.lt\\\/lt\\\/wp-content\\\/uploads\\\/2020\\\/06\\\/favicon.png\",\"url\":\"https:\\\/\\\/www.silutesnaujienos.lt\\\/lt\\\/wp-content\\\/uploads\\\/2020\\\/06\\\/favicon.png\",\"contentUrl\":\"https:\\\/\\\/www.silutesnaujienos.lt\\\/lt\\\/wp-content\\\/uploads\\\/2020\\\/06\\\/favicon.png\",\"caption\":\"\u0160ilut\u0117s naujien\u0173 inf.\"},\"sameAs\":[\"https:\\\/\\\/www.silutesnaujienos.lt\\\/lt\"],\"url\":\"https:\\\/\\\/www.silutesnaujienos.lt\\\/lt\\\/author\\\/ruta\\\/\"}]}<\/script>\n<!-- \/ Yoast SEO plugin. -->","yoast_head_json":{"title":"Savivaldyb\u0117s delegacija pateik\u0117 gerosios patirties dalijimosi Portugalijoje atsaskait\u0105 - \u0160ilut\u0117s naujienos","robots":{"index":"index","follow":"follow","max-snippet":"max-snippet:-1","max-image-preview":"max-image-preview:large","max-video-preview":"max-video-preview:-1"},"canonical":"https:\/\/www.silutesnaujienos.lt\/lt\/savivaldybes-delegacija-pateike-gerosios-patirties-dalijimosi-portugalijoje-atsaskaita\/","og_locale":"lt_LT","og_type":"article","og_title":"Savivaldyb\u0117s delegacija pateik\u0117 gerosios patirties dalijimosi Portugalijoje atsaskait\u0105 - \u0160ilut\u0117s naujienos","og_description":"\u0160ilut\u0117s rajono savivaldyb\u0117s delegacija, lapkri\u010dio 12-16 dienomis vykusi \u012f tarptautinius teminius susitikimus \u0160iaur\u0117s Portugalijoje, pateik\u0117 ataskait\u0105. Per savait\u0119 delegacijos nariai lank\u0117 kaimo turizmo verslo atstovus, dom\u0117josi miestelio muziejaus ir mal\u016bno \u012frengimo projektu, susitiko su Perdes savivaldyb\u0117s atstovais ir kita. \u0160ilut\u0117s rajono savivaldyb\u0117s delegacija buvo sudaryta i\u0161 administracijos direktoriaus pavaduotojo Alvido \u0160imelionio, tarybos nar\u0117s, Teritorij\u0173 ir [&hellip;]","og_url":"https:\/\/www.silutesnaujienos.lt\/lt\/savivaldybes-delegacija-pateike-gerosios-patirties-dalijimosi-portugalijoje-atsaskaita\/","og_site_name":"\u0160ilut\u0117s naujienos","article_publisher":"https:\/\/www.facebook.com\/silutes.naujienos\/","article_published_time":"2012-11-26T09:08:51+00:00","og_image":[{"url":"\/\/silutesnaujienos.lt\/images\/stories\/2012\/11\/23\/thumbnails\/thumb_0001-portugalijoje01.jpg","type":"","width":"","height":""}],"author":"\u0160ilut\u0117s naujien\u0173 inf.","twitter_card":"summary_large_image","twitter_misc":{"Written by":"\u0160ilut\u0117s naujien\u0173 inf.","Est. reading time":"4 minut\u0117s"},"schema":{"@context":"https:\/\/schema.org","@graph":[{"@type":"Article","@id":"https:\/\/www.silutesnaujienos.lt\/lt\/savivaldybes-delegacija-pateike-gerosios-patirties-dalijimosi-portugalijoje-atsaskaita\/#article","isPartOf":{"@id":"https:\/\/www.silutesnaujienos.lt\/lt\/savivaldybes-delegacija-pateike-gerosios-patirties-dalijimosi-portugalijoje-atsaskaita\/"},"author":{"name":"\u0160ilut\u0117s naujien\u0173 inf.","@id":"https:\/\/www.silutesnaujienos.lt\/lt\/#\/schema\/person\/232f475ddd4a7b5f49b3abc788b17e83"},"headline":"Savivaldyb\u0117s delegacija pateik\u0117 gerosios patirties dalijimosi Portugalijoje atsaskait\u0105","datePublished":"2012-11-26T09:08:51+00:00","mainEntityOfPage":{"@id":"https:\/\/www.silutesnaujienos.lt\/lt\/savivaldybes-delegacija-pateike-gerosios-patirties-dalijimosi-portugalijoje-atsaskaita\/"},"wordCount":774,"commentCount":0,"publisher":{"@id":"https:\/\/www.silutesnaujienos.lt\/lt\/#organization"},"articleSection":["Aktualijos"],"inLanguage":"lt-LT","potentialAction":[{"@type":"CommentAction","name":"Comment","target":["https:\/\/www.silutesnaujienos.lt\/lt\/savivaldybes-delegacija-pateike-gerosios-patirties-dalijimosi-portugalijoje-atsaskaita\/#respond"]}]},{"@type":"WebPage","@id":"https:\/\/www.silutesnaujienos.lt\/lt\/savivaldybes-delegacija-pateike-gerosios-patirties-dalijimosi-portugalijoje-atsaskaita\/","url":"https:\/\/www.silutesnaujienos.lt\/lt\/savivaldybes-delegacija-pateike-gerosios-patirties-dalijimosi-portugalijoje-atsaskaita\/","name":"Savivaldyb\u0117s delegacija pateik\u0117 gerosios patirties dalijimosi Portugalijoje atsaskait\u0105 - \u0160ilut\u0117s naujienos","isPartOf":{"@id":"https:\/\/www.silutesnaujienos.lt\/lt\/#website"},"datePublished":"2012-11-26T09:08:51+00:00","breadcrumb":{"@id":"https:\/\/www.silutesnaujienos.lt\/lt\/savivaldybes-delegacija-pateike-gerosios-patirties-dalijimosi-portugalijoje-atsaskaita\/#breadcrumb"},"inLanguage":"lt-LT","potentialAction":[{"@type":"ReadAction","target":["https:\/\/www.silutesnaujienos.lt\/lt\/savivaldybes-delegacija-pateike-gerosios-patirties-dalijimosi-portugalijoje-atsaskaita\/"]}]},{"@type":"BreadcrumbList","@id":"https:\/\/www.silutesnaujienos.lt\/lt\/savivaldybes-delegacija-pateike-gerosios-patirties-dalijimosi-portugalijoje-atsaskaita\/#breadcrumb","itemListElement":[{"@type":"ListItem","position":1,"name":"Home","item":"https:\/\/www.silutesnaujienos.lt\/lt\/"},{"@type":"ListItem","position":2,"name":"Savivaldyb\u0117s delegacija pateik\u0117 gerosios patirties dalijimosi Portugalijoje atsaskait\u0105"}]},{"@type":"WebSite","@id":"https:\/\/www.silutesnaujienos.lt\/lt\/#website","url":"https:\/\/www.silutesnaujienos.lt\/lt\/","name":"\u0160ilut\u0117s naujienos","description":"B\u016bk ant naujien\u0173 bangos!","publisher":{"@id":"https:\/\/www.silutesnaujienos.lt\/lt\/#organization"},"potentialAction":[{"@type":"SearchAction","target":{"@type":"EntryPoint","urlTemplate":"https:\/\/www.silutesnaujienos.lt\/lt\/?s={search_term_string}"},"query-input":{"@type":"PropertyValueSpecification","valueRequired":true,"valueName":"search_term_string"}}],"inLanguage":"lt-LT"},{"@type":"Organization","@id":"https:\/\/www.silutesnaujienos.lt\/lt\/#organization","name":"\u0160ilut\u0117s naujienos","url":"https:\/\/www.silutesnaujienos.lt\/lt\/","logo":{"@type":"ImageObject","inLanguage":"lt-LT","@id":"https:\/\/www.silutesnaujienos.lt\/lt\/#\/schema\/logo\/image\/","url":"https:\/\/www.silutesnaujienos.lt\/lt\/wp-content\/uploads\/2020\/06\/FB_MAIN.jpg","contentUrl":"https:\/\/www.silutesnaujienos.lt\/lt\/wp-content\/uploads\/2020\/06\/FB_MAIN.jpg","width":1700,"height":956,"caption":"\u0160ilut\u0117s naujienos"},"image":{"@id":"https:\/\/www.silutesnaujienos.lt\/lt\/#\/schema\/logo\/image\/"},"sameAs":["https:\/\/www.facebook.com\/silutes.naujienos\/","https:\/\/www.youtube.com\/channel\/UCxW-cgrJDt8GxIMxSTAfJZg"]},{"@type":"Person","@id":"https:\/\/www.silutesnaujienos.lt\/lt\/#\/schema\/person\/232f475ddd4a7b5f49b3abc788b17e83","name":"\u0160ilut\u0117s naujien\u0173 inf.","image":{"@type":"ImageObject","inLanguage":"lt-LT","@id":"https:\/\/www.silutesnaujienos.lt\/lt\/wp-content\/uploads\/2020\/06\/favicon.png","url":"https:\/\/www.silutesnaujienos.lt\/lt\/wp-content\/uploads\/2020\/06\/favicon.png","contentUrl":"https:\/\/www.silutesnaujienos.lt\/lt\/wp-content\/uploads\/2020\/06\/favicon.png","caption":"\u0160ilut\u0117s naujien\u0173 inf."},"sameAs":["https:\/\/www.silutesnaujienos.lt\/lt"],"url":"https:\/\/www.silutesnaujienos.lt\/lt\/author\/ruta\/"}]}},"publishpress_future_workflow_manual_trigger":{"enabledWorkflows":[]},"amp_enabled":true,"_links":{"self":[{"href":"https:\/\/www.silutesnaujienos.lt\/lt\/wp-json\/wp\/v2\/posts\/11372","targetHints":{"allow":["GET"]}}],"collection":[{"href":"https:\/\/www.silutesnaujienos.lt\/lt\/wp-json\/wp\/v2\/posts"}],"about":[{"href":"https:\/\/www.silutesnaujienos.lt\/lt\/wp-json\/wp\/v2\/types\/post"}],"author":[{"embeddable":true,"href":"https:\/\/www.silutesnaujienos.lt\/lt\/wp-json\/wp\/v2\/users\/1"}],"replies":[{"embeddable":true,"href":"https:\/\/www.silutesnaujienos.lt\/lt\/wp-json\/wp\/v2\/comments?post=11372"}],"version-history":[{"count":0,"href":"https:\/\/www.silutesnaujienos.lt\/lt\/wp-json\/wp\/v2\/posts\/11372\/revisions"}],"wp:attachment":[{"href":"https:\/\/www.silutesnaujienos.lt\/lt\/wp-json\/wp\/v2\/media?parent=11372"}],"wp:term":[{"taxonomy":"category","embeddable":true,"href":"https:\/\/www.silutesnaujienos.lt\/lt\/wp-json\/wp\/v2\/categories?post=11372"},{"taxonomy":"post_tag","embeddable":true,"href":"https:\/\/www.silutesnaujienos.lt\/lt\/wp-json\/wp\/v2\/tags?post=11372"}],"curies":[{"name":"wp","href":"https:\/\/api.w.org\/{rel}","templated":true}]}}