{"id":11377,"date":"2012-12-13T09:00:00","date_gmt":"2012-12-13T11:00:00","guid":{"rendered":"https:\/\/www.silutesnaujienos.lt\/lt\/silute-ruosiasi-zemaiciu-kriksto-jubiliejui-ir-tikejimo-metams\/"},"modified":"2012-12-13T09:00:00","modified_gmt":"2012-12-13T11:00:00","slug":"silute-ruosiasi-zemaiciu-kriksto-jubiliejui-ir-tikejimo-metams","status":"publish","type":"post","link":"https:\/\/www.silutesnaujienos.lt\/lt\/silute-ruosiasi-zemaiciu-kriksto-jubiliejui-ir-tikejimo-metams\/","title":{"rendered":"\u0160ilut\u0117 ruo\u0161iasi \u017demai\u010di\u0173 krik\u0161to jubiliejui ir Tik\u0117jimo metams"},"content":{"rendered":"<p><a target=\"_blank\" rel=\"caption[Rajono mer\u0117 D.\u017debelien\u0117 ir Kult\u016bros skyriaus ved\u0117ja V.Gri\u0161kevi\u010dien\u0117 su kunigais aptar\u0117 ateinan\u010di\u0173 Tik\u0117jimo met\u0173 rengini\u0173 program\u0105.] noopener noreferrer\" class=\"jcepopup\" href=\"\/\/silutesnaujienos.lt\/images\/stories\/2012\/12\/11\/kunigai_pas_mere.jpg\" data-rel=\"lightbox-gallery-7Ua7ORNO\" data-rl_title=\"\" data-rl_caption=\"\"><img loading=\"lazy\" decoding=\"async\" style=\"margin: 5px; float: left;\" class=\"caption\" title=\"\" alt=\"kunigai pas mere\" src=\"\/\/silutesnaujienos.lt\/images\/stories\/2012\/12\/11\/thumbnails\/thumb_kunigai_pas_mere.jpg\" height=\"230\" width=\"307\" \/><\/a><strong>Ateinan\u010diais metais visa katalik\u0173 bendruomen\u0117 min\u0117s \u017demai\u010di\u0173 krik\u0161to 600 met\u0173 jubiliej\u0173, be to, 2013-ieji paskelbti Tik\u0117jimo metais. \u0160ioms datoms bus skirta nema\u017eai rengini\u0173, prisid\u0117ti juos organizuojant pakviestos ir rajon\u0173 savivaldyb\u0117s.<\/strong><\/p>\n<p><strong>Koks gal\u0117t\u0173 b\u016bti m\u016bs\u0173 rajono savivaldyb\u0117s ind\u0117lis ir kokios paramos reik\u0117t\u0173 m\u016bs\u0173 dvasi\u0161kiams? Pasitarti apie tai panorusi rajono mer\u0117 Daiva \u017debelien\u0117 penktadien\u012f sukviet\u0117 kataliki\u0161k\u0173 parapij\u0173 klebonus.<\/strong><\/p>\n<p><strong>Rinks kry\u017edirbi\u0173 kry\u017edirb\u012f<\/strong><\/p>\n<p>\u012e susitikim\u0105 atvyko \u0160ilut\u0117s, Vainuto, \u0160v\u0117k\u0161nos ir Gardamo klebonai Stasys Toleikis, Dainoras \u017didackas, Saulius Katkus ir Antanas Gylys. <\/p>\n<p>Neseniai Tel\u0161i\u0173 vyskupijoje surengtame pasitarime dalyvavusi Kult\u016bros skyriaus ved\u0117ja Vilma Gri\u0161kevi\u010dien\u0117 pristat\u0117 numatytus renginius. O j\u0173 \u017demai\u010di\u0173 krik\u0161to jubiliejaus ir Tik\u0117jimo met\u0173 proga bus nema\u017eai.<\/p>\n<p>Tel\u0161i\u0173 vyskupas Jonas Boruta \u012f pasitarim\u0105 sukviestiems savivaldybi\u0173 atstovams primin\u0117, kad \u017eemai\u010di\u0173 krik\u0161tas kunigaik\u0161\u010di\u0173 Vytauto ir Jogailos buvo prad\u0117tas 1413 metais, o baigtas 1417 metais Varniuose \u012fsteigiant \u017demai\u010di\u0173 vyskupyst\u0119. Tai buvo did\u017eiulis politinis religinis Lietuvos Did\u017eiosios Kunigaik\u0161tyst\u0117s pasiekimas. \u012ek\u016brus \u0161i\u0105 vyskupij\u0105, fakti\u0161kai buvo baigtas \u017demaitijos krik\u0161tas, suteik\u0119s politin\u012f pagrind\u0105 sujungti \u017demaitij\u0105 su Lietuvos valstybe. &nbsp; <br \/>&nbsp; <br \/>Tel\u0161i\u0173 savivaldyb\u0117s meras Vytautas Kleiva kviet\u0117 aktyviai dalyvauti visuose renginiuose, rengti min\u0117jimus savo miestuose bei rugpj\u016b\u010dio 4 d. atvykti \u012f visuotin\u0119 \u0161vent\u0119 Tel\u0161iuose. Joje tikimasi sulaukti sve\u010di\u0173 net i\u0161 Romos, jie perduos Popie\u017eiaus sveikinim\u0105.<br \/>Tel\u0161iai, kurie tampa \u017demai\u010di\u0173 krik\u0161to 600-me\u010dio sukakties centru, anot V.Gri\u0161kevi\u010dien\u0117s, sugalvojo \u012fdomi\u0105 id\u0117j\u0105 &#8211; toki\u0105, kokios Lietuvoje dar nebuvo: surengti kry\u017edirbi\u0173 mug\u0119. Mug\u0117 tur\u0117t\u0173 \u012fvykti rugpj\u016b\u010dio 3 dien\u0105, joje bus renkamas kry\u017edirbi\u0173 kry\u017edirbys. Kry\u017edirbi\u0173, kurie gal\u0117t\u0173 joje atstovauti m\u016bs\u0173 kra\u0161tui, bus ie\u0161koma ir \u0160ilut\u0117s rajone.<\/p>\n<p>Eucharistiniai kongresai vyks ir dekanatuose, \u0160ilut\u0117s dekanate bir\u017eelio 9 d. Liepos m\u0117nes\u012f Tel\u0161iuose bus surengta skaut\u0173 stovykla, planuojama, kad joje stovyklaus apie 2000 \u017emoni\u0173, bus sve\u010di\u0173 i\u0161 u\u017esienio.<\/p>\n<p><strong>\u012e Rom\u0105 vyks merai ir parapijie\u010diai<\/strong><\/p>\n<p>Bene \u012fsp\u016bdingiausia \u017eada b\u016bti m\u016bs\u0173 kra\u0161to maldinink\u0173 kelion\u0117 \u012f Rom\u0105, Vatikan\u0105. Planuojama, kad Lietuvai atstovauti vyks dvi delegacijos &#8211; rajon\u0173 savivaldybi\u0173 vadov\u0173 ir parapijie\u010di\u0173. Kelion\u0117s i\u0161laidos vienam \u017emogui tur\u0117t\u0173 siekti ne ma\u017eiau 2000 lit\u0173, juos teks mok\u0117ti patiems keliauninkams. Pirmoji grup\u0117 tur\u0117t\u0173 skristi l\u0117ktuvu, mat nutarta, kad rajon\u0173 merai yra labai u\u017eimti \u017emon\u0117s, jie neturi galimyb\u0117s kelionei skirti net 10 dien\u0173. Paprasti parapijie\u010diai va\u017eiuos autobusais. Pa\u010dioje Romoje Lietuvos maldininkai vie\u0161\u0117s kovo 2-6 dienomis.<\/p>\n<p>Maldinink\u0173 pra\u0161oma tur\u0117ti v\u0117liavas (Lietuvos, \u017demaitijos, \u0160ilut\u0117s) ir vienodas skareles su u\u017era\u0161ais.<br \/>\u0160ios kelion\u0117s koordinatoriumi paskelbtas kunigas Vilius Viktoravi\u010dius.<\/p>\n<p>\u0160ventajame mieste maldininkai tur\u0117s \u012fdomi\u0105 program\u0105. Jie dalyvaus mi\u0161iose prie popie\u017eiaus Jono Pauliaus II kapo, mi\u0161iose Did\u017eiojoje ir \u0161v. Pauliaus bazilikose, aplankys katakombas ir Loterano ba\u017eny\u010di\u0105, jiems bus skirta audiencija pas Popie\u017ei\u0173.<\/p>\n<p>Susitikime su mere D.\u017debeliene dalyvav\u0119 dvasininkai sak\u0117, kad artimiausiu metu apie kelion\u0119 paskelbs ba\u017eny\u010diose ir lauksi\u0105 \u017emoni\u0173 reakcijos. Kiek bus norin\u010di\u0173j\u0173 leistis tokion kelion\u0117n, sp\u0117lioti nesiimama, nes kelion\u0117 ilga, nelengva ir nepigi. Parapijos klebonui apie nor\u0105 vykti \u012f Rom\u0105 tikintieji tur\u0117t\u0173 prane\u0161ti iki gruod\u017eio 23 dienos.<\/p>\n","protected":false},"excerpt":{"rendered":"<p>Ateinan\u010diais metais visa katalik\u0173 bendruomen\u0117 min\u0117s \u017demai\u010di\u0173 krik\u0161to 600 met\u0173 jubiliej\u0173, be to, 2013-ieji paskelbti Tik\u0117jimo metais. \u0160ioms datoms bus skirta nema\u017eai rengini\u0173, prisid\u0117ti juos organizuojant pakviestos ir rajon\u0173 savivaldyb\u0117s. Koks gal\u0117t\u0173 b\u016bti m\u016bs\u0173 rajono savivaldyb\u0117s ind\u0117lis ir kokios paramos reik\u0117t\u0173 m\u016bs\u0173 dvasi\u0161kiams? Pasitarti apie tai panorusi rajono mer\u0117 Daiva \u017debelien\u0117 penktadien\u012f sukviet\u0117 kataliki\u0161k\u0173 parapij\u0173 [&hellip;]<\/p>\n","protected":false},"author":1,"featured_media":0,"comment_status":"open","ping_status":"open","sticky":false,"template":"","format":"standard","meta":{"footnotes":""},"categories":[2],"tags":[],"class_list":{"0":"post-11377","1":"post","2":"type-post","3":"status-publish","4":"format-standard","6":"category-aktualijos"},"yoast_head":"<!-- This site is optimized with the Yoast SEO plugin v27.5 - https:\/\/yoast.com\/product\/yoast-seo-wordpress\/ -->\n<title>\u0160ilut\u0117 ruo\u0161iasi \u017demai\u010di\u0173 krik\u0161to jubiliejui ir Tik\u0117jimo metams - \u0160ilut\u0117s naujienos<\/title>\n<meta name=\"robots\" content=\"index, follow, max-snippet:-1, max-image-preview:large, max-video-preview:-1\" \/>\n<link rel=\"canonical\" href=\"https:\/\/www.silutesnaujienos.lt\/lt\/silute-ruosiasi-zemaiciu-kriksto-jubiliejui-ir-tikejimo-metams\/\" \/>\n<meta property=\"og:locale\" content=\"lt_LT\" \/>\n<meta property=\"og:type\" content=\"article\" \/>\n<meta property=\"og:title\" content=\"\u0160ilut\u0117 ruo\u0161iasi \u017demai\u010di\u0173 krik\u0161to jubiliejui ir Tik\u0117jimo metams - \u0160ilut\u0117s naujienos\" \/>\n<meta property=\"og:description\" content=\"Ateinan\u010diais metais visa katalik\u0173 bendruomen\u0117 min\u0117s \u017demai\u010di\u0173 krik\u0161to 600 met\u0173 jubiliej\u0173, be to, 2013-ieji paskelbti Tik\u0117jimo metais. \u0160ioms datoms bus skirta nema\u017eai rengini\u0173, prisid\u0117ti juos organizuojant pakviestos ir rajon\u0173 savivaldyb\u0117s. Koks gal\u0117t\u0173 b\u016bti m\u016bs\u0173 rajono savivaldyb\u0117s ind\u0117lis ir kokios paramos reik\u0117t\u0173 m\u016bs\u0173 dvasi\u0161kiams? Pasitarti apie tai panorusi rajono mer\u0117 Daiva \u017debelien\u0117 penktadien\u012f sukviet\u0117 kataliki\u0161k\u0173 parapij\u0173 [&hellip;]\" \/>\n<meta property=\"og:url\" content=\"https:\/\/www.silutesnaujienos.lt\/lt\/silute-ruosiasi-zemaiciu-kriksto-jubiliejui-ir-tikejimo-metams\/\" \/>\n<meta property=\"og:site_name\" content=\"\u0160ilut\u0117s naujienos\" \/>\n<meta property=\"article:publisher\" content=\"https:\/\/www.facebook.com\/silutes.naujienos\/\" \/>\n<meta property=\"article:published_time\" content=\"2012-12-13T11:00:00+00:00\" \/>\n<meta property=\"og:image\" content=\"\/\/silutesnaujienos.lt\/images\/stories\/2012\/12\/11\/thumbnails\/thumb_kunigai_pas_mere.jpg\" \/>\n<meta name=\"author\" content=\"\u0160ilut\u0117s naujien\u0173 inf.\" \/>\n<meta name=\"twitter:card\" content=\"summary_large_image\" \/>\n<meta name=\"twitter:label1\" content=\"Written by\" \/>\n\t<meta name=\"twitter:data1\" content=\"\u0160ilut\u0117s naujien\u0173 inf.\" \/>\n\t<meta name=\"twitter:label2\" content=\"Est. reading time\" \/>\n\t<meta name=\"twitter:data2\" content=\"3 minut\u0117s\" \/>\n<script type=\"application\/ld+json\" class=\"yoast-schema-graph\">{\"@context\":\"https:\\\/\\\/schema.org\",\"@graph\":[{\"@type\":\"Article\",\"@id\":\"https:\\\/\\\/www.silutesnaujienos.lt\\\/lt\\\/silute-ruosiasi-zemaiciu-kriksto-jubiliejui-ir-tikejimo-metams\\\/#article\",\"isPartOf\":{\"@id\":\"https:\\\/\\\/www.silutesnaujienos.lt\\\/lt\\\/silute-ruosiasi-zemaiciu-kriksto-jubiliejui-ir-tikejimo-metams\\\/\"},\"author\":{\"name\":\"\u0160ilut\u0117s naujien\u0173 inf.\",\"@id\":\"https:\\\/\\\/www.silutesnaujienos.lt\\\/lt\\\/#\\\/schema\\\/person\\\/232f475ddd4a7b5f49b3abc788b17e83\"},\"headline\":\"\u0160ilut\u0117 ruo\u0161iasi \u017demai\u010di\u0173 krik\u0161to jubiliejui ir Tik\u0117jimo metams\",\"datePublished\":\"2012-12-13T11:00:00+00:00\",\"mainEntityOfPage\":{\"@id\":\"https:\\\/\\\/www.silutesnaujienos.lt\\\/lt\\\/silute-ruosiasi-zemaiciu-kriksto-jubiliejui-ir-tikejimo-metams\\\/\"},\"wordCount\":561,\"commentCount\":0,\"publisher\":{\"@id\":\"https:\\\/\\\/www.silutesnaujienos.lt\\\/lt\\\/#organization\"},\"articleSection\":[\"Aktualijos\"],\"inLanguage\":\"lt-LT\",\"potentialAction\":[{\"@type\":\"CommentAction\",\"name\":\"Comment\",\"target\":[\"https:\\\/\\\/www.silutesnaujienos.lt\\\/lt\\\/silute-ruosiasi-zemaiciu-kriksto-jubiliejui-ir-tikejimo-metams\\\/#respond\"]}]},{\"@type\":\"WebPage\",\"@id\":\"https:\\\/\\\/www.silutesnaujienos.lt\\\/lt\\\/silute-ruosiasi-zemaiciu-kriksto-jubiliejui-ir-tikejimo-metams\\\/\",\"url\":\"https:\\\/\\\/www.silutesnaujienos.lt\\\/lt\\\/silute-ruosiasi-zemaiciu-kriksto-jubiliejui-ir-tikejimo-metams\\\/\",\"name\":\"\u0160ilut\u0117 ruo\u0161iasi \u017demai\u010di\u0173 krik\u0161to jubiliejui ir Tik\u0117jimo metams - \u0160ilut\u0117s naujienos\",\"isPartOf\":{\"@id\":\"https:\\\/\\\/www.silutesnaujienos.lt\\\/lt\\\/#website\"},\"datePublished\":\"2012-12-13T11:00:00+00:00\",\"breadcrumb\":{\"@id\":\"https:\\\/\\\/www.silutesnaujienos.lt\\\/lt\\\/silute-ruosiasi-zemaiciu-kriksto-jubiliejui-ir-tikejimo-metams\\\/#breadcrumb\"},\"inLanguage\":\"lt-LT\",\"potentialAction\":[{\"@type\":\"ReadAction\",\"target\":[\"https:\\\/\\\/www.silutesnaujienos.lt\\\/lt\\\/silute-ruosiasi-zemaiciu-kriksto-jubiliejui-ir-tikejimo-metams\\\/\"]}]},{\"@type\":\"BreadcrumbList\",\"@id\":\"https:\\\/\\\/www.silutesnaujienos.lt\\\/lt\\\/silute-ruosiasi-zemaiciu-kriksto-jubiliejui-ir-tikejimo-metams\\\/#breadcrumb\",\"itemListElement\":[{\"@type\":\"ListItem\",\"position\":1,\"name\":\"Home\",\"item\":\"https:\\\/\\\/www.silutesnaujienos.lt\\\/lt\\\/\"},{\"@type\":\"ListItem\",\"position\":2,\"name\":\"\u0160ilut\u0117 ruo\u0161iasi \u017demai\u010di\u0173 krik\u0161to jubiliejui ir Tik\u0117jimo metams\"}]},{\"@type\":\"WebSite\",\"@id\":\"https:\\\/\\\/www.silutesnaujienos.lt\\\/lt\\\/#website\",\"url\":\"https:\\\/\\\/www.silutesnaujienos.lt\\\/lt\\\/\",\"name\":\"\u0160ilut\u0117s naujienos\",\"description\":\"B\u016bk ant naujien\u0173 bangos!\",\"publisher\":{\"@id\":\"https:\\\/\\\/www.silutesnaujienos.lt\\\/lt\\\/#organization\"},\"potentialAction\":[{\"@type\":\"SearchAction\",\"target\":{\"@type\":\"EntryPoint\",\"urlTemplate\":\"https:\\\/\\\/www.silutesnaujienos.lt\\\/lt\\\/?s={search_term_string}\"},\"query-input\":{\"@type\":\"PropertyValueSpecification\",\"valueRequired\":true,\"valueName\":\"search_term_string\"}}],\"inLanguage\":\"lt-LT\"},{\"@type\":\"Organization\",\"@id\":\"https:\\\/\\\/www.silutesnaujienos.lt\\\/lt\\\/#organization\",\"name\":\"\u0160ilut\u0117s naujienos\",\"url\":\"https:\\\/\\\/www.silutesnaujienos.lt\\\/lt\\\/\",\"logo\":{\"@type\":\"ImageObject\",\"inLanguage\":\"lt-LT\",\"@id\":\"https:\\\/\\\/www.silutesnaujienos.lt\\\/lt\\\/#\\\/schema\\\/logo\\\/image\\\/\",\"url\":\"https:\\\/\\\/www.silutesnaujienos.lt\\\/lt\\\/wp-content\\\/uploads\\\/2020\\\/06\\\/FB_MAIN.jpg\",\"contentUrl\":\"https:\\\/\\\/www.silutesnaujienos.lt\\\/lt\\\/wp-content\\\/uploads\\\/2020\\\/06\\\/FB_MAIN.jpg\",\"width\":1700,\"height\":956,\"caption\":\"\u0160ilut\u0117s naujienos\"},\"image\":{\"@id\":\"https:\\\/\\\/www.silutesnaujienos.lt\\\/lt\\\/#\\\/schema\\\/logo\\\/image\\\/\"},\"sameAs\":[\"https:\\\/\\\/www.facebook.com\\\/silutes.naujienos\\\/\",\"https:\\\/\\\/www.youtube.com\\\/channel\\\/UCxW-cgrJDt8GxIMxSTAfJZg\"]},{\"@type\":\"Person\",\"@id\":\"https:\\\/\\\/www.silutesnaujienos.lt\\\/lt\\\/#\\\/schema\\\/person\\\/232f475ddd4a7b5f49b3abc788b17e83\",\"name\":\"\u0160ilut\u0117s naujien\u0173 inf.\",\"image\":{\"@type\":\"ImageObject\",\"inLanguage\":\"lt-LT\",\"@id\":\"https:\\\/\\\/www.silutesnaujienos.lt\\\/lt\\\/wp-content\\\/uploads\\\/2020\\\/06\\\/favicon.png\",\"url\":\"https:\\\/\\\/www.silutesnaujienos.lt\\\/lt\\\/wp-content\\\/uploads\\\/2020\\\/06\\\/favicon.png\",\"contentUrl\":\"https:\\\/\\\/www.silutesnaujienos.lt\\\/lt\\\/wp-content\\\/uploads\\\/2020\\\/06\\\/favicon.png\",\"caption\":\"\u0160ilut\u0117s naujien\u0173 inf.\"},\"sameAs\":[\"https:\\\/\\\/www.silutesnaujienos.lt\\\/lt\"],\"url\":\"https:\\\/\\\/www.silutesnaujienos.lt\\\/lt\\\/author\\\/ruta\\\/\"}]}<\/script>\n<!-- \/ Yoast SEO plugin. -->","yoast_head_json":{"title":"\u0160ilut\u0117 ruo\u0161iasi \u017demai\u010di\u0173 krik\u0161to jubiliejui ir Tik\u0117jimo metams - \u0160ilut\u0117s naujienos","robots":{"index":"index","follow":"follow","max-snippet":"max-snippet:-1","max-image-preview":"max-image-preview:large","max-video-preview":"max-video-preview:-1"},"canonical":"https:\/\/www.silutesnaujienos.lt\/lt\/silute-ruosiasi-zemaiciu-kriksto-jubiliejui-ir-tikejimo-metams\/","og_locale":"lt_LT","og_type":"article","og_title":"\u0160ilut\u0117 ruo\u0161iasi \u017demai\u010di\u0173 krik\u0161to jubiliejui ir Tik\u0117jimo metams - \u0160ilut\u0117s naujienos","og_description":"Ateinan\u010diais metais visa katalik\u0173 bendruomen\u0117 min\u0117s \u017demai\u010di\u0173 krik\u0161to 600 met\u0173 jubiliej\u0173, be to, 2013-ieji paskelbti Tik\u0117jimo metais. \u0160ioms datoms bus skirta nema\u017eai rengini\u0173, prisid\u0117ti juos organizuojant pakviestos ir rajon\u0173 savivaldyb\u0117s. Koks gal\u0117t\u0173 b\u016bti m\u016bs\u0173 rajono savivaldyb\u0117s ind\u0117lis ir kokios paramos reik\u0117t\u0173 m\u016bs\u0173 dvasi\u0161kiams? Pasitarti apie tai panorusi rajono mer\u0117 Daiva \u017debelien\u0117 penktadien\u012f sukviet\u0117 kataliki\u0161k\u0173 parapij\u0173 [&hellip;]","og_url":"https:\/\/www.silutesnaujienos.lt\/lt\/silute-ruosiasi-zemaiciu-kriksto-jubiliejui-ir-tikejimo-metams\/","og_site_name":"\u0160ilut\u0117s naujienos","article_publisher":"https:\/\/www.facebook.com\/silutes.naujienos\/","article_published_time":"2012-12-13T11:00:00+00:00","og_image":[{"url":"\/\/silutesnaujienos.lt\/images\/stories\/2012\/12\/11\/thumbnails\/thumb_kunigai_pas_mere.jpg","type":"","width":"","height":""}],"author":"\u0160ilut\u0117s naujien\u0173 inf.","twitter_card":"summary_large_image","twitter_misc":{"Written by":"\u0160ilut\u0117s naujien\u0173 inf.","Est. reading time":"3 minut\u0117s"},"schema":{"@context":"https:\/\/schema.org","@graph":[{"@type":"Article","@id":"https:\/\/www.silutesnaujienos.lt\/lt\/silute-ruosiasi-zemaiciu-kriksto-jubiliejui-ir-tikejimo-metams\/#article","isPartOf":{"@id":"https:\/\/www.silutesnaujienos.lt\/lt\/silute-ruosiasi-zemaiciu-kriksto-jubiliejui-ir-tikejimo-metams\/"},"author":{"name":"\u0160ilut\u0117s naujien\u0173 inf.","@id":"https:\/\/www.silutesnaujienos.lt\/lt\/#\/schema\/person\/232f475ddd4a7b5f49b3abc788b17e83"},"headline":"\u0160ilut\u0117 ruo\u0161iasi \u017demai\u010di\u0173 krik\u0161to jubiliejui ir Tik\u0117jimo metams","datePublished":"2012-12-13T11:00:00+00:00","mainEntityOfPage":{"@id":"https:\/\/www.silutesnaujienos.lt\/lt\/silute-ruosiasi-zemaiciu-kriksto-jubiliejui-ir-tikejimo-metams\/"},"wordCount":561,"commentCount":0,"publisher":{"@id":"https:\/\/www.silutesnaujienos.lt\/lt\/#organization"},"articleSection":["Aktualijos"],"inLanguage":"lt-LT","potentialAction":[{"@type":"CommentAction","name":"Comment","target":["https:\/\/www.silutesnaujienos.lt\/lt\/silute-ruosiasi-zemaiciu-kriksto-jubiliejui-ir-tikejimo-metams\/#respond"]}]},{"@type":"WebPage","@id":"https:\/\/www.silutesnaujienos.lt\/lt\/silute-ruosiasi-zemaiciu-kriksto-jubiliejui-ir-tikejimo-metams\/","url":"https:\/\/www.silutesnaujienos.lt\/lt\/silute-ruosiasi-zemaiciu-kriksto-jubiliejui-ir-tikejimo-metams\/","name":"\u0160ilut\u0117 ruo\u0161iasi \u017demai\u010di\u0173 krik\u0161to jubiliejui ir Tik\u0117jimo metams - \u0160ilut\u0117s naujienos","isPartOf":{"@id":"https:\/\/www.silutesnaujienos.lt\/lt\/#website"},"datePublished":"2012-12-13T11:00:00+00:00","breadcrumb":{"@id":"https:\/\/www.silutesnaujienos.lt\/lt\/silute-ruosiasi-zemaiciu-kriksto-jubiliejui-ir-tikejimo-metams\/#breadcrumb"},"inLanguage":"lt-LT","potentialAction":[{"@type":"ReadAction","target":["https:\/\/www.silutesnaujienos.lt\/lt\/silute-ruosiasi-zemaiciu-kriksto-jubiliejui-ir-tikejimo-metams\/"]}]},{"@type":"BreadcrumbList","@id":"https:\/\/www.silutesnaujienos.lt\/lt\/silute-ruosiasi-zemaiciu-kriksto-jubiliejui-ir-tikejimo-metams\/#breadcrumb","itemListElement":[{"@type":"ListItem","position":1,"name":"Home","item":"https:\/\/www.silutesnaujienos.lt\/lt\/"},{"@type":"ListItem","position":2,"name":"\u0160ilut\u0117 ruo\u0161iasi \u017demai\u010di\u0173 krik\u0161to jubiliejui ir Tik\u0117jimo metams"}]},{"@type":"WebSite","@id":"https:\/\/www.silutesnaujienos.lt\/lt\/#website","url":"https:\/\/www.silutesnaujienos.lt\/lt\/","name":"\u0160ilut\u0117s naujienos","description":"B\u016bk ant naujien\u0173 bangos!","publisher":{"@id":"https:\/\/www.silutesnaujienos.lt\/lt\/#organization"},"potentialAction":[{"@type":"SearchAction","target":{"@type":"EntryPoint","urlTemplate":"https:\/\/www.silutesnaujienos.lt\/lt\/?s={search_term_string}"},"query-input":{"@type":"PropertyValueSpecification","valueRequired":true,"valueName":"search_term_string"}}],"inLanguage":"lt-LT"},{"@type":"Organization","@id":"https:\/\/www.silutesnaujienos.lt\/lt\/#organization","name":"\u0160ilut\u0117s naujienos","url":"https:\/\/www.silutesnaujienos.lt\/lt\/","logo":{"@type":"ImageObject","inLanguage":"lt-LT","@id":"https:\/\/www.silutesnaujienos.lt\/lt\/#\/schema\/logo\/image\/","url":"https:\/\/www.silutesnaujienos.lt\/lt\/wp-content\/uploads\/2020\/06\/FB_MAIN.jpg","contentUrl":"https:\/\/www.silutesnaujienos.lt\/lt\/wp-content\/uploads\/2020\/06\/FB_MAIN.jpg","width":1700,"height":956,"caption":"\u0160ilut\u0117s naujienos"},"image":{"@id":"https:\/\/www.silutesnaujienos.lt\/lt\/#\/schema\/logo\/image\/"},"sameAs":["https:\/\/www.facebook.com\/silutes.naujienos\/","https:\/\/www.youtube.com\/channel\/UCxW-cgrJDt8GxIMxSTAfJZg"]},{"@type":"Person","@id":"https:\/\/www.silutesnaujienos.lt\/lt\/#\/schema\/person\/232f475ddd4a7b5f49b3abc788b17e83","name":"\u0160ilut\u0117s naujien\u0173 inf.","image":{"@type":"ImageObject","inLanguage":"lt-LT","@id":"https:\/\/www.silutesnaujienos.lt\/lt\/wp-content\/uploads\/2020\/06\/favicon.png","url":"https:\/\/www.silutesnaujienos.lt\/lt\/wp-content\/uploads\/2020\/06\/favicon.png","contentUrl":"https:\/\/www.silutesnaujienos.lt\/lt\/wp-content\/uploads\/2020\/06\/favicon.png","caption":"\u0160ilut\u0117s naujien\u0173 inf."},"sameAs":["https:\/\/www.silutesnaujienos.lt\/lt"],"url":"https:\/\/www.silutesnaujienos.lt\/lt\/author\/ruta\/"}]}},"publishpress_future_workflow_manual_trigger":{"enabledWorkflows":[]},"amp_enabled":true,"_links":{"self":[{"href":"https:\/\/www.silutesnaujienos.lt\/lt\/wp-json\/wp\/v2\/posts\/11377","targetHints":{"allow":["GET"]}}],"collection":[{"href":"https:\/\/www.silutesnaujienos.lt\/lt\/wp-json\/wp\/v2\/posts"}],"about":[{"href":"https:\/\/www.silutesnaujienos.lt\/lt\/wp-json\/wp\/v2\/types\/post"}],"author":[{"embeddable":true,"href":"https:\/\/www.silutesnaujienos.lt\/lt\/wp-json\/wp\/v2\/users\/1"}],"replies":[{"embeddable":true,"href":"https:\/\/www.silutesnaujienos.lt\/lt\/wp-json\/wp\/v2\/comments?post=11377"}],"version-history":[{"count":0,"href":"https:\/\/www.silutesnaujienos.lt\/lt\/wp-json\/wp\/v2\/posts\/11377\/revisions"}],"wp:attachment":[{"href":"https:\/\/www.silutesnaujienos.lt\/lt\/wp-json\/wp\/v2\/media?parent=11377"}],"wp:term":[{"taxonomy":"category","embeddable":true,"href":"https:\/\/www.silutesnaujienos.lt\/lt\/wp-json\/wp\/v2\/categories?post=11377"},{"taxonomy":"post_tag","embeddable":true,"href":"https:\/\/www.silutesnaujienos.lt\/lt\/wp-json\/wp\/v2\/tags?post=11377"}],"curies":[{"name":"wp","href":"https:\/\/api.w.org\/{rel}","templated":true}]}}