{"id":11379,"date":"2013-01-23T10:00:00","date_gmt":"2013-01-23T12:00:00","guid":{"rendered":"https:\/\/www.silutesnaujienos.lt\/lt\/silutes-rajono-valdzia-varsto-ministru-duris\/"},"modified":"2013-01-23T10:00:00","modified_gmt":"2013-01-23T12:00:00","slug":"silutes-rajono-valdzia-varsto-ministru-duris","status":"publish","type":"post","link":"https:\/\/www.silutesnaujienos.lt\/lt\/silutes-rajono-valdzia-varsto-ministru-duris\/","title":{"rendered":"\u0160ilut\u0117s rajono vald\u017eia varsto ministr\u0173 duris"},"content":{"rendered":"<p><a target=\"_blank\" rel=\"caption[Rusn\u0117s estakados vizualizacija.] noopener noreferrer\" class=\"jcepopup\" href=\"\/\/silutesnaujienos.lt\/images\/stories\/2013\/01\/22\/estakada_mmaketas.jpg\" data-rel=\"lightbox-gallery-3h1VPwse\" data-rl_title=\"\" data-rl_caption=\"\"><img loading=\"lazy\" decoding=\"async\" style=\"margin: 5px; float: left;\" class=\"caption\" title=\"\" alt=\"estakada mmaketas\" src=\"\/\/silutesnaujienos.lt\/images\/stories\/2013\/01\/22\/thumbnails\/thumb_estakada_mmaketas.jpg\" height=\"230\" width=\"307\" \/><\/a><strong>\u0160ilut\u0117s rajono savivaldyb\u0117 gali pretenduoti \u012f valstyb\u0117s ne\u012fgyvendint\u0173 investicini\u0173 projekt\u0173 liku\u010dius. Toki\u0105 \u017eini\u0105 parsive\u017e\u0117 m\u016bs\u0173 rajono mer\u0117 Daiva \u017debelien\u0117 su pavaduotoju Algirdu Bal\u010dy\u010diu bei savivaldyb\u0117s administracijos direktoriumi Raimundu Ambrozai\u010diu sugr\u012f\u017e\u0119 i\u0161 vie\u0161nag\u0117s Vilniuje, kur aplank\u0117 naujos kadencijos Vyriausyb\u0117s vadovus, ministrus ir Seimo narius.<\/strong><\/p>\n<p>Susitikimus su ministru pirmininku Algirdu Butkevi\u010diumi, \u016bkio ministre Birute V\u0117saite, aplinkos viceministru Almantu Petkumi bei Keli\u0173 direkcijos vadovybe suderino ir organizavo m\u016bs\u0173 rajone i\u0161rinktas Seimo narys, Ekonomikos ir finans\u0173 komiteto pirmininko pavaduotojas Art\u016bras Skard\u017eius.<\/p>\n<p><strong>\u0160ilutei investicij\u0173 nesuplanuota<\/strong><\/p>\n<p>\u0160ilut\u0117s rajono vadovai yra gerokai sunerim\u0119 d\u0117l \u0161i\u0173 met\u0173 valstyb\u0117s investicij\u0173 plano. Nuo vald\u017eios nu\u0161alinta konservatori\u0173 Vyriausyb\u0117 2013 met\u0173 valstyb\u0117s biud\u017eete m\u016bs\u0173 rajono investiciniams projektams \u012fgyvendinti nebuvo suplanavusi joki\u0173 investicij\u0173.<\/p>\n<p>Dabar tik lieka svarstyti, kod\u0117l m\u016bs\u0173 \u017eemie\u010diai, pra\u0117jusios kadencijos Seimo nariai &#8211; Audrius Endzinas, Remigijus \u017demaitaitis ar K\u0119stas Komskis &#8211; snaud\u0117 ar tiesiog nesugeb\u0117jo atlikti lobizmo pareigos savo kra\u0161tui.<\/p>\n<p>Neturi kuo pasigirti, kad \u0161ioje srityje k\u0105 nors nuveik\u0117, ir daugiau nei pusmet\u012f prie rajono vald\u017eios vairo jau stovintys \u012ftakingi m\u016bs\u0173 rajono politikai &#8211; vicemeras konservatorius \u0160ar\u016bnas Lau\u017eikas ar Savivaldyb\u0117s administracijos direktorius liberals\u0105j\u016bdietis Raimundas Ambrozaitis. Jie vadovavo m\u016bs\u0173 rajono vald\u017eiai dar tada, kai Vyriausybei vadovavo j\u0173 partie\u010diai &#8211; konservatoriai ir liberals\u0105j\u016bdie\u010diai.<\/p>\n<p>Rajono mer\u0117 D.\u017debelien\u0117 jau ne kart\u0105 yra u\u017esiminusi, kad valstyb\u0117s investicini\u0173 l\u0117\u0161\u0173 tr\u016bkumas gali suma\u017einti Savivaldyb\u0117s darb\u0173 u\u017esakym\u0173 apimtis. Tod\u0117l b\u016btina visus m\u016bs\u0173 kra\u0161te i\u0161rinktus Seimo narius, rajono politikus bei administracijos darbuotojus sutelkti vieningam tikslui &#8211; kad dar \u0161iemet b\u016bt\u0173 galima gauti nauj\u0173 investicij\u0173. Tod\u0117l, pasak mer\u0117s, vizit\u0173 pas Vyriausyb\u0117s vadov\u0105 ir ministerijas bus daugiau.<\/p>\n<p><strong>Premjeras estakados neatsi\u017eada<\/strong><\/p>\n<p>Prie\u0161 kelion\u0119 pas ministr\u0105 pirminink\u0105 A.Butkevi\u010di\u0173, mero pavaduotojas Algirdas Bal\u010dytis \u201e\u0160ilut\u0117s naujienoms\u201c yra sak\u0119s, kad netik\u0117tas \u0161i\u0173 met\u0173 \u017eiemos potvynis \u201eyra pa\u010diu laiku\u201c. Tikriausiai, dabar, kai m\u016bs\u0173 kra\u0161to \u017emoni\u0173 vargai kasdien mirga \u0161alies \u017einiasklaidos prane\u0161imuose, n\u0117 vienam Vyriausyb\u0117s valdininkui nekyla abejoni\u0173, jog estakada reikalinga.<\/p>\n<p>Pra\u0117jus\u012f ketvirtadien\u012f susitikime su A.Butkevi\u010diumi m\u016bs\u0173 rajono vadovai buvo u\u017etikrinti, kad estakados statybos tikslingumu niekas neabejoja. A.Butkevi\u010diaus par\u0117dymu, sausio 28 dien\u0105 \u0160ilut\u0117je bus surengtas vis\u0173 estakados statyba suinteresuot\u0173 institucij\u0173 atstov\u0173 susirinkimas ir pristatyta, kokie darbai jau atlikti ir kas tur\u0117t\u0173 b\u016bti toliau daroma.<\/p>\n<p>\u0160iluti\u0161kiai gerai pamena, kad prie\u0161 kelerius metus savivaldyb\u0117s administracijos direktorius jau buvo pasira\u0161\u0119s estakados projektavimo sutart\u012f, tam jau i\u0161leista 250 t\u016bkst. lit\u0173. D\u0117l \u0161ios sutarties bylin\u0117tasi teismuose, bet jokio u\u017ebaigto darbo n\u0117ra.<\/p>\n<p>Naujajam ministrui pirmininkui \u0160ilut\u0117s vadovai pasiguod\u0117 ir d\u0117l katastrofi\u0161kai ma\u017eo finansavimo polderi\u0173 sistemos prie\u017ei\u016brai. Buvo pra\u0161oma bent i\u0161 dalies spr\u0119sti problem\u0105 ma\u017einant polderi\u0173 siurblin\u0117se sunaudojamos elektros energijos tarif\u0105. Dabar jis yra toks pat kaip ir kitiems vartotojams.<\/p>\n<p><strong>Liko nebaigt\u0173 darb\u0173<\/strong><\/p>\n<p>\u016akio ministr\u0119 B.V\u0117sait\u0119 rajono vadovai informavo apie \u0160ilut\u0117je prad\u0117tus pastat\u0173 renovacijos darbus, kuriems baigti \u0161iemet reik\u0117s l\u0117\u0161\u0173, ta\u010diau valstyb\u0117s investicij\u0173 programoje pinig\u0173 tam nenumatyta. Did\u017eiausi\u0105 r\u016bpest\u012f rajono vadovai turi d\u0117l H.\u0160ojaus dvaro renovacijos &#8211; i\u0161 \u016akio ministerijos biud\u017eeto pra\u0161oma skirti tr\u016bkstamus 2 mln. lit\u0173.<\/p>\n<p>Be to, Savivaldyb\u0117s administracija turi parengt\u0105 Juknai\u010di\u0173 pagrindin\u0117s mokyklos energetikos taupymo projekto II etapo renovacijos dokumentacij\u0105. Mokyklos i\u0161or\u0117 sutvarkyta, ta\u010diau vidaus darbai neprad\u0117ti.<\/p>\n<p>Aplinkos ministerijoje kalb\u0117dami su viceministru A.Petkumi m\u016bs\u0173 rajono vadovai i\u0161siai\u0161kino nauj\u0105 daugiabu\u010di\u0173 nam\u0173 renovacijos tvark\u0105. \u0160ilut\u0117s rajone daugiabu\u010di\u0173 nam\u0173 renovacija su valstyb\u0117s parama dar neprad\u0117ta. Pagal nauj\u0105j\u0105 tvark\u0105, inicijuojant toki\u0173 nam\u0173 renovacij\u0105 aktyv\u0173 vaidmen\u012f tur\u0117s atlikti b\u016btent Savivaldyb\u0117.<\/p>\n<p>Keli\u0173 direkcijoje rajono vadovai ne tik aptar\u0117 estakados projektavimo atnaujinimo ir b\u016bsim\u0173 statybos darb\u0173 reikalus, bet ir \u012fteik\u0117 ra\u0161t\u0105 d\u0117l \u0160v\u0117k\u0161nos centrin\u0117s gatv\u0117s sutvarkymo. \u0160v\u0117k\u0161nos miestelio pagrindin\u0117 gatv\u0117 nuo ba\u017eny\u010dios iki kapini\u0173 yra su sena danga, neturi \u0161aligatvi\u0173, neap\u0161viesta. Direkcija papra\u0161yta spr\u0119sti aktualiausi\u0105 \u0160v\u0117k\u0161nos problem\u0105.<\/p>\n<p>Visuose susitikimuose rajono vadovai paliko Savivaldyb\u0117s administracijos parengtus pra\u0161ym\u0173 ra\u0161tus bei b\u016btinus kitus dokumentus.<\/p>\n<p>Rajono vadovai D.\u017debelien\u0117 ir R.Ambrozaitis gerai vertina tok\u012f pirm\u0105 rajono r\u016bpes\u010di\u0173 pristatym\u0105 naujajai \u0161alies Vyriausybei. <\/p>\n<p>Juos d\u017eiugina ir pa\u017eadas, kad \u0160ilut\u0117s rajonui \u0161iemet bus skirtos papildomos investicijos, jeigu kur nors kitur bus atsisakyta suplanuot\u0173 investicij\u0173. Rajono vadovai tiki, kad m\u016bs\u0173 rink\u0117j\u0173 i\u0161rinkti Seimo nariai R.\u017demaitaitis ir A.Skard\u017eius, vadovaujantys Seimo Ekonomikos ir finans\u0173 komitetui, sugeb\u0117s tuos liku\u010dius investuoti m\u016bs\u0173 rajone.<\/p>\n","protected":false},"excerpt":{"rendered":"<p>\u0160ilut\u0117s rajono savivaldyb\u0117 gali pretenduoti \u012f valstyb\u0117s ne\u012fgyvendint\u0173 investicini\u0173 projekt\u0173 liku\u010dius. Toki\u0105 \u017eini\u0105 parsive\u017e\u0117 m\u016bs\u0173 rajono mer\u0117 Daiva \u017debelien\u0117 su pavaduotoju Algirdu Bal\u010dy\u010diu bei savivaldyb\u0117s administracijos direktoriumi Raimundu Ambrozai\u010diu sugr\u012f\u017e\u0119 i\u0161 vie\u0161nag\u0117s Vilniuje, kur aplank\u0117 naujos kadencijos Vyriausyb\u0117s vadovus, ministrus ir Seimo narius. Susitikimus su ministru pirmininku Algirdu Butkevi\u010diumi, \u016bkio ministre Birute V\u0117saite, aplinkos viceministru [&hellip;]<\/p>\n","protected":false},"author":1,"featured_media":0,"comment_status":"open","ping_status":"open","sticky":false,"template":"","format":"standard","meta":{"footnotes":""},"categories":[2],"tags":[],"class_list":{"0":"post-11379","1":"post","2":"type-post","3":"status-publish","4":"format-standard","6":"category-aktualijos"},"yoast_head":"<!-- This site is optimized with the Yoast SEO plugin v27.5 - https:\/\/yoast.com\/product\/yoast-seo-wordpress\/ -->\n<title>\u0160ilut\u0117s rajono vald\u017eia varsto ministr\u0173 duris - \u0160ilut\u0117s naujienos<\/title>\n<meta name=\"robots\" content=\"index, follow, max-snippet:-1, max-image-preview:large, max-video-preview:-1\" \/>\n<link rel=\"canonical\" href=\"https:\/\/www.silutesnaujienos.lt\/lt\/silutes-rajono-valdzia-varsto-ministru-duris\/\" \/>\n<meta property=\"og:locale\" content=\"lt_LT\" \/>\n<meta property=\"og:type\" content=\"article\" \/>\n<meta property=\"og:title\" content=\"\u0160ilut\u0117s rajono vald\u017eia varsto ministr\u0173 duris - \u0160ilut\u0117s naujienos\" \/>\n<meta property=\"og:description\" content=\"\u0160ilut\u0117s rajono savivaldyb\u0117 gali pretenduoti \u012f valstyb\u0117s ne\u012fgyvendint\u0173 investicini\u0173 projekt\u0173 liku\u010dius. Toki\u0105 \u017eini\u0105 parsive\u017e\u0117 m\u016bs\u0173 rajono mer\u0117 Daiva \u017debelien\u0117 su pavaduotoju Algirdu Bal\u010dy\u010diu bei savivaldyb\u0117s administracijos direktoriumi Raimundu Ambrozai\u010diu sugr\u012f\u017e\u0119 i\u0161 vie\u0161nag\u0117s Vilniuje, kur aplank\u0117 naujos kadencijos Vyriausyb\u0117s vadovus, ministrus ir Seimo narius. Susitikimus su ministru pirmininku Algirdu Butkevi\u010diumi, \u016bkio ministre Birute V\u0117saite, aplinkos viceministru [&hellip;]\" \/>\n<meta property=\"og:url\" content=\"https:\/\/www.silutesnaujienos.lt\/lt\/silutes-rajono-valdzia-varsto-ministru-duris\/\" \/>\n<meta property=\"og:site_name\" content=\"\u0160ilut\u0117s naujienos\" \/>\n<meta property=\"article:publisher\" content=\"https:\/\/www.facebook.com\/silutes.naujienos\/\" \/>\n<meta property=\"article:published_time\" content=\"2013-01-23T12:00:00+00:00\" \/>\n<meta property=\"og:image\" content=\"\/\/silutesnaujienos.lt\/images\/stories\/2013\/01\/22\/thumbnails\/thumb_estakada_mmaketas.jpg\" \/>\n<meta name=\"author\" content=\"\u0160ilut\u0117s naujien\u0173 inf.\" \/>\n<meta name=\"twitter:card\" content=\"summary_large_image\" \/>\n<meta name=\"twitter:label1\" content=\"Written by\" \/>\n\t<meta name=\"twitter:data1\" content=\"\u0160ilut\u0117s naujien\u0173 inf.\" \/>\n\t<meta name=\"twitter:label2\" content=\"Est. reading time\" \/>\n\t<meta name=\"twitter:data2\" content=\"4 minut\u0117s\" \/>\n<script type=\"application\/ld+json\" class=\"yoast-schema-graph\">{\"@context\":\"https:\\\/\\\/schema.org\",\"@graph\":[{\"@type\":\"Article\",\"@id\":\"https:\\\/\\\/www.silutesnaujienos.lt\\\/lt\\\/silutes-rajono-valdzia-varsto-ministru-duris\\\/#article\",\"isPartOf\":{\"@id\":\"https:\\\/\\\/www.silutesnaujienos.lt\\\/lt\\\/silutes-rajono-valdzia-varsto-ministru-duris\\\/\"},\"author\":{\"name\":\"\u0160ilut\u0117s naujien\u0173 inf.\",\"@id\":\"https:\\\/\\\/www.silutesnaujienos.lt\\\/lt\\\/#\\\/schema\\\/person\\\/232f475ddd4a7b5f49b3abc788b17e83\"},\"headline\":\"\u0160ilut\u0117s rajono vald\u017eia varsto ministr\u0173 duris\",\"datePublished\":\"2013-01-23T12:00:00+00:00\",\"mainEntityOfPage\":{\"@id\":\"https:\\\/\\\/www.silutesnaujienos.lt\\\/lt\\\/silutes-rajono-valdzia-varsto-ministru-duris\\\/\"},\"wordCount\":806,\"commentCount\":0,\"publisher\":{\"@id\":\"https:\\\/\\\/www.silutesnaujienos.lt\\\/lt\\\/#organization\"},\"articleSection\":[\"Aktualijos\"],\"inLanguage\":\"lt-LT\",\"potentialAction\":[{\"@type\":\"CommentAction\",\"name\":\"Comment\",\"target\":[\"https:\\\/\\\/www.silutesnaujienos.lt\\\/lt\\\/silutes-rajono-valdzia-varsto-ministru-duris\\\/#respond\"]}]},{\"@type\":\"WebPage\",\"@id\":\"https:\\\/\\\/www.silutesnaujienos.lt\\\/lt\\\/silutes-rajono-valdzia-varsto-ministru-duris\\\/\",\"url\":\"https:\\\/\\\/www.silutesnaujienos.lt\\\/lt\\\/silutes-rajono-valdzia-varsto-ministru-duris\\\/\",\"name\":\"\u0160ilut\u0117s rajono vald\u017eia varsto ministr\u0173 duris - \u0160ilut\u0117s naujienos\",\"isPartOf\":{\"@id\":\"https:\\\/\\\/www.silutesnaujienos.lt\\\/lt\\\/#website\"},\"datePublished\":\"2013-01-23T12:00:00+00:00\",\"breadcrumb\":{\"@id\":\"https:\\\/\\\/www.silutesnaujienos.lt\\\/lt\\\/silutes-rajono-valdzia-varsto-ministru-duris\\\/#breadcrumb\"},\"inLanguage\":\"lt-LT\",\"potentialAction\":[{\"@type\":\"ReadAction\",\"target\":[\"https:\\\/\\\/www.silutesnaujienos.lt\\\/lt\\\/silutes-rajono-valdzia-varsto-ministru-duris\\\/\"]}]},{\"@type\":\"BreadcrumbList\",\"@id\":\"https:\\\/\\\/www.silutesnaujienos.lt\\\/lt\\\/silutes-rajono-valdzia-varsto-ministru-duris\\\/#breadcrumb\",\"itemListElement\":[{\"@type\":\"ListItem\",\"position\":1,\"name\":\"Home\",\"item\":\"https:\\\/\\\/www.silutesnaujienos.lt\\\/lt\\\/\"},{\"@type\":\"ListItem\",\"position\":2,\"name\":\"\u0160ilut\u0117s rajono vald\u017eia varsto ministr\u0173 duris\"}]},{\"@type\":\"WebSite\",\"@id\":\"https:\\\/\\\/www.silutesnaujienos.lt\\\/lt\\\/#website\",\"url\":\"https:\\\/\\\/www.silutesnaujienos.lt\\\/lt\\\/\",\"name\":\"\u0160ilut\u0117s naujienos\",\"description\":\"B\u016bk ant naujien\u0173 bangos!\",\"publisher\":{\"@id\":\"https:\\\/\\\/www.silutesnaujienos.lt\\\/lt\\\/#organization\"},\"potentialAction\":[{\"@type\":\"SearchAction\",\"target\":{\"@type\":\"EntryPoint\",\"urlTemplate\":\"https:\\\/\\\/www.silutesnaujienos.lt\\\/lt\\\/?s={search_term_string}\"},\"query-input\":{\"@type\":\"PropertyValueSpecification\",\"valueRequired\":true,\"valueName\":\"search_term_string\"}}],\"inLanguage\":\"lt-LT\"},{\"@type\":\"Organization\",\"@id\":\"https:\\\/\\\/www.silutesnaujienos.lt\\\/lt\\\/#organization\",\"name\":\"\u0160ilut\u0117s naujienos\",\"url\":\"https:\\\/\\\/www.silutesnaujienos.lt\\\/lt\\\/\",\"logo\":{\"@type\":\"ImageObject\",\"inLanguage\":\"lt-LT\",\"@id\":\"https:\\\/\\\/www.silutesnaujienos.lt\\\/lt\\\/#\\\/schema\\\/logo\\\/image\\\/\",\"url\":\"https:\\\/\\\/www.silutesnaujienos.lt\\\/lt\\\/wp-content\\\/uploads\\\/2020\\\/06\\\/FB_MAIN.jpg\",\"contentUrl\":\"https:\\\/\\\/www.silutesnaujienos.lt\\\/lt\\\/wp-content\\\/uploads\\\/2020\\\/06\\\/FB_MAIN.jpg\",\"width\":1700,\"height\":956,\"caption\":\"\u0160ilut\u0117s naujienos\"},\"image\":{\"@id\":\"https:\\\/\\\/www.silutesnaujienos.lt\\\/lt\\\/#\\\/schema\\\/logo\\\/image\\\/\"},\"sameAs\":[\"https:\\\/\\\/www.facebook.com\\\/silutes.naujienos\\\/\",\"https:\\\/\\\/www.youtube.com\\\/channel\\\/UCxW-cgrJDt8GxIMxSTAfJZg\"]},{\"@type\":\"Person\",\"@id\":\"https:\\\/\\\/www.silutesnaujienos.lt\\\/lt\\\/#\\\/schema\\\/person\\\/232f475ddd4a7b5f49b3abc788b17e83\",\"name\":\"\u0160ilut\u0117s naujien\u0173 inf.\",\"image\":{\"@type\":\"ImageObject\",\"inLanguage\":\"lt-LT\",\"@id\":\"https:\\\/\\\/www.silutesnaujienos.lt\\\/lt\\\/wp-content\\\/uploads\\\/2020\\\/06\\\/favicon.png\",\"url\":\"https:\\\/\\\/www.silutesnaujienos.lt\\\/lt\\\/wp-content\\\/uploads\\\/2020\\\/06\\\/favicon.png\",\"contentUrl\":\"https:\\\/\\\/www.silutesnaujienos.lt\\\/lt\\\/wp-content\\\/uploads\\\/2020\\\/06\\\/favicon.png\",\"caption\":\"\u0160ilut\u0117s naujien\u0173 inf.\"},\"sameAs\":[\"https:\\\/\\\/www.silutesnaujienos.lt\\\/lt\"],\"url\":\"https:\\\/\\\/www.silutesnaujienos.lt\\\/lt\\\/author\\\/ruta\\\/\"}]}<\/script>\n<!-- \/ Yoast SEO plugin. -->","yoast_head_json":{"title":"\u0160ilut\u0117s rajono vald\u017eia varsto ministr\u0173 duris - \u0160ilut\u0117s naujienos","robots":{"index":"index","follow":"follow","max-snippet":"max-snippet:-1","max-image-preview":"max-image-preview:large","max-video-preview":"max-video-preview:-1"},"canonical":"https:\/\/www.silutesnaujienos.lt\/lt\/silutes-rajono-valdzia-varsto-ministru-duris\/","og_locale":"lt_LT","og_type":"article","og_title":"\u0160ilut\u0117s rajono vald\u017eia varsto ministr\u0173 duris - \u0160ilut\u0117s naujienos","og_description":"\u0160ilut\u0117s rajono savivaldyb\u0117 gali pretenduoti \u012f valstyb\u0117s ne\u012fgyvendint\u0173 investicini\u0173 projekt\u0173 liku\u010dius. Toki\u0105 \u017eini\u0105 parsive\u017e\u0117 m\u016bs\u0173 rajono mer\u0117 Daiva \u017debelien\u0117 su pavaduotoju Algirdu Bal\u010dy\u010diu bei savivaldyb\u0117s administracijos direktoriumi Raimundu Ambrozai\u010diu sugr\u012f\u017e\u0119 i\u0161 vie\u0161nag\u0117s Vilniuje, kur aplank\u0117 naujos kadencijos Vyriausyb\u0117s vadovus, ministrus ir Seimo narius. Susitikimus su ministru pirmininku Algirdu Butkevi\u010diumi, \u016bkio ministre Birute V\u0117saite, aplinkos viceministru [&hellip;]","og_url":"https:\/\/www.silutesnaujienos.lt\/lt\/silutes-rajono-valdzia-varsto-ministru-duris\/","og_site_name":"\u0160ilut\u0117s naujienos","article_publisher":"https:\/\/www.facebook.com\/silutes.naujienos\/","article_published_time":"2013-01-23T12:00:00+00:00","og_image":[{"url":"\/\/silutesnaujienos.lt\/images\/stories\/2013\/01\/22\/thumbnails\/thumb_estakada_mmaketas.jpg","type":"","width":"","height":""}],"author":"\u0160ilut\u0117s naujien\u0173 inf.","twitter_card":"summary_large_image","twitter_misc":{"Written by":"\u0160ilut\u0117s naujien\u0173 inf.","Est. reading time":"4 minut\u0117s"},"schema":{"@context":"https:\/\/schema.org","@graph":[{"@type":"Article","@id":"https:\/\/www.silutesnaujienos.lt\/lt\/silutes-rajono-valdzia-varsto-ministru-duris\/#article","isPartOf":{"@id":"https:\/\/www.silutesnaujienos.lt\/lt\/silutes-rajono-valdzia-varsto-ministru-duris\/"},"author":{"name":"\u0160ilut\u0117s naujien\u0173 inf.","@id":"https:\/\/www.silutesnaujienos.lt\/lt\/#\/schema\/person\/232f475ddd4a7b5f49b3abc788b17e83"},"headline":"\u0160ilut\u0117s rajono vald\u017eia varsto ministr\u0173 duris","datePublished":"2013-01-23T12:00:00+00:00","mainEntityOfPage":{"@id":"https:\/\/www.silutesnaujienos.lt\/lt\/silutes-rajono-valdzia-varsto-ministru-duris\/"},"wordCount":806,"commentCount":0,"publisher":{"@id":"https:\/\/www.silutesnaujienos.lt\/lt\/#organization"},"articleSection":["Aktualijos"],"inLanguage":"lt-LT","potentialAction":[{"@type":"CommentAction","name":"Comment","target":["https:\/\/www.silutesnaujienos.lt\/lt\/silutes-rajono-valdzia-varsto-ministru-duris\/#respond"]}]},{"@type":"WebPage","@id":"https:\/\/www.silutesnaujienos.lt\/lt\/silutes-rajono-valdzia-varsto-ministru-duris\/","url":"https:\/\/www.silutesnaujienos.lt\/lt\/silutes-rajono-valdzia-varsto-ministru-duris\/","name":"\u0160ilut\u0117s rajono vald\u017eia varsto ministr\u0173 duris - \u0160ilut\u0117s naujienos","isPartOf":{"@id":"https:\/\/www.silutesnaujienos.lt\/lt\/#website"},"datePublished":"2013-01-23T12:00:00+00:00","breadcrumb":{"@id":"https:\/\/www.silutesnaujienos.lt\/lt\/silutes-rajono-valdzia-varsto-ministru-duris\/#breadcrumb"},"inLanguage":"lt-LT","potentialAction":[{"@type":"ReadAction","target":["https:\/\/www.silutesnaujienos.lt\/lt\/silutes-rajono-valdzia-varsto-ministru-duris\/"]}]},{"@type":"BreadcrumbList","@id":"https:\/\/www.silutesnaujienos.lt\/lt\/silutes-rajono-valdzia-varsto-ministru-duris\/#breadcrumb","itemListElement":[{"@type":"ListItem","position":1,"name":"Home","item":"https:\/\/www.silutesnaujienos.lt\/lt\/"},{"@type":"ListItem","position":2,"name":"\u0160ilut\u0117s rajono vald\u017eia varsto ministr\u0173 duris"}]},{"@type":"WebSite","@id":"https:\/\/www.silutesnaujienos.lt\/lt\/#website","url":"https:\/\/www.silutesnaujienos.lt\/lt\/","name":"\u0160ilut\u0117s naujienos","description":"B\u016bk ant naujien\u0173 bangos!","publisher":{"@id":"https:\/\/www.silutesnaujienos.lt\/lt\/#organization"},"potentialAction":[{"@type":"SearchAction","target":{"@type":"EntryPoint","urlTemplate":"https:\/\/www.silutesnaujienos.lt\/lt\/?s={search_term_string}"},"query-input":{"@type":"PropertyValueSpecification","valueRequired":true,"valueName":"search_term_string"}}],"inLanguage":"lt-LT"},{"@type":"Organization","@id":"https:\/\/www.silutesnaujienos.lt\/lt\/#organization","name":"\u0160ilut\u0117s naujienos","url":"https:\/\/www.silutesnaujienos.lt\/lt\/","logo":{"@type":"ImageObject","inLanguage":"lt-LT","@id":"https:\/\/www.silutesnaujienos.lt\/lt\/#\/schema\/logo\/image\/","url":"https:\/\/www.silutesnaujienos.lt\/lt\/wp-content\/uploads\/2020\/06\/FB_MAIN.jpg","contentUrl":"https:\/\/www.silutesnaujienos.lt\/lt\/wp-content\/uploads\/2020\/06\/FB_MAIN.jpg","width":1700,"height":956,"caption":"\u0160ilut\u0117s naujienos"},"image":{"@id":"https:\/\/www.silutesnaujienos.lt\/lt\/#\/schema\/logo\/image\/"},"sameAs":["https:\/\/www.facebook.com\/silutes.naujienos\/","https:\/\/www.youtube.com\/channel\/UCxW-cgrJDt8GxIMxSTAfJZg"]},{"@type":"Person","@id":"https:\/\/www.silutesnaujienos.lt\/lt\/#\/schema\/person\/232f475ddd4a7b5f49b3abc788b17e83","name":"\u0160ilut\u0117s naujien\u0173 inf.","image":{"@type":"ImageObject","inLanguage":"lt-LT","@id":"https:\/\/www.silutesnaujienos.lt\/lt\/wp-content\/uploads\/2020\/06\/favicon.png","url":"https:\/\/www.silutesnaujienos.lt\/lt\/wp-content\/uploads\/2020\/06\/favicon.png","contentUrl":"https:\/\/www.silutesnaujienos.lt\/lt\/wp-content\/uploads\/2020\/06\/favicon.png","caption":"\u0160ilut\u0117s naujien\u0173 inf."},"sameAs":["https:\/\/www.silutesnaujienos.lt\/lt"],"url":"https:\/\/www.silutesnaujienos.lt\/lt\/author\/ruta\/"}]}},"publishpress_future_workflow_manual_trigger":{"enabledWorkflows":[]},"amp_enabled":true,"_links":{"self":[{"href":"https:\/\/www.silutesnaujienos.lt\/lt\/wp-json\/wp\/v2\/posts\/11379","targetHints":{"allow":["GET"]}}],"collection":[{"href":"https:\/\/www.silutesnaujienos.lt\/lt\/wp-json\/wp\/v2\/posts"}],"about":[{"href":"https:\/\/www.silutesnaujienos.lt\/lt\/wp-json\/wp\/v2\/types\/post"}],"author":[{"embeddable":true,"href":"https:\/\/www.silutesnaujienos.lt\/lt\/wp-json\/wp\/v2\/users\/1"}],"replies":[{"embeddable":true,"href":"https:\/\/www.silutesnaujienos.lt\/lt\/wp-json\/wp\/v2\/comments?post=11379"}],"version-history":[{"count":0,"href":"https:\/\/www.silutesnaujienos.lt\/lt\/wp-json\/wp\/v2\/posts\/11379\/revisions"}],"wp:attachment":[{"href":"https:\/\/www.silutesnaujienos.lt\/lt\/wp-json\/wp\/v2\/media?parent=11379"}],"wp:term":[{"taxonomy":"category","embeddable":true,"href":"https:\/\/www.silutesnaujienos.lt\/lt\/wp-json\/wp\/v2\/categories?post=11379"},{"taxonomy":"post_tag","embeddable":true,"href":"https:\/\/www.silutesnaujienos.lt\/lt\/wp-json\/wp\/v2\/tags?post=11379"}],"curies":[{"name":"wp","href":"https:\/\/api.w.org\/{rel}","templated":true}]}}