{"id":11382,"date":"2013-01-28T13:05:40","date_gmt":"2013-01-28T15:05:40","guid":{"rendered":"https:\/\/www.silutesnaujienos.lt\/lt\/tevu-apleisti-vaikai-iki-paauglystes-nezino-kas-yra-stomatologas\/"},"modified":"2013-01-28T13:05:40","modified_gmt":"2013-01-28T15:05:40","slug":"tevu-apleisti-vaikai-iki-paauglystes-nezino-kas-yra-stomatologas","status":"publish","type":"post","link":"https:\/\/www.silutesnaujienos.lt\/lt\/tevu-apleisti-vaikai-iki-paauglystes-nezino-kas-yra-stomatologas\/","title":{"rendered":"T\u0117v\u0173 apleisti vaikai iki paauglyst\u0117s ne\u017eino, kas yra stomatologas"},"content":{"rendered":"<p><a target=\"_blank\" rel=\"caption[Bendruomen\u0117s vaiko teisi\u0173 apsaugos tarybos pos\u0117dis. \/ Komunikacijos skyriaus nuotr.] noopener noreferrer\" class=\"jcepopup\" href=\"\/\/silutesnaujienos.lt\/images\/stories\/2013\/01\/28\/i8t10c1125.png\" data-rel=\"lightbox-gallery-PyiihwSc\" data-rl_title=\"\" data-rl_caption=\"\"><img loading=\"lazy\" decoding=\"async\" style=\"margin: 5px; float: left;\" class=\"caption\" title=\"\" alt=\"i8t10c1125\" src=\"\/\/silutesnaujienos.lt\/images\/stories\/2013\/01\/28\/thumbnails\/thumb_i8t10c1125.png\" height=\"230\" width=\"307\" \/><\/a><strong>\u0160ilut\u0117s rajono savivaldyb\u0117je \u012f pirm\u0105j\u012f \u0161i\u0173 met\u0173 pos\u0117d\u012f susirinko atnaujinta Bendruomen\u0117s vaiko teisi\u0173 apsaugos taryba, prane\u0161a Komunikacijos skyrius. Aptarta pra\u0117jusi\u0173 met\u0173 tarybos veikla, \u0161i\u0173 met\u0173 planai. I\u0161keltos problemos d\u0117l bendradarbiavimo su sveikatos prie\u017ei\u016bros ir socialiniais darbuotojais d\u0117l informacijos apie vaiko sveikat\u0105.<br \/><\/strong><\/p>\n<p>Tarybai pirmininkavo \u0160ilut\u0117s rajono savivaldyb\u0117s administracijos direktoriaus pavaduotojas Alvidas \u0160imelionis. J\u0105 sudaro Savivaldyb\u0117s, \u0161vietimo \u012fstaig\u0173, policijos, medik\u0173 atstovai.<\/p>\n<p>Vaiko teisi\u0173 apsaugos skyriaus ved\u0117ja Indra Pranaitien\u0117 ap\u017evelg\u0117 pra\u0117jusi\u0173 met\u0173 Tarybos veikl\u0105. 2012 m. \u012fvyko 6 pos\u0117d\u017eiai, kuriuose buvo nagrin\u0117jami Saug\u0173 vaik\u0173 globos nam\u0173 veikla d\u0117l Vaiko lankymo ir sve\u010diavimosi \u0161eimose vasaros atostog\u0173 metu tvarkos ir esamos situacijos, vaik\u0173, kuri\u0173 t\u0117vai i\u0161vyk\u0119 \u012f u\u017esien\u012f dirbti ir palik\u0119 juos globoti kitiems asmenims, pad\u0117timi, nauj\u0173 teis\u0117s akt\u0173, skirt\u0173 vaiko teis\u0117ms ginti, praktinio \u012fgyvendinimo ir kt. reikalai, lankytasi \u0161eimose ir pan.<\/p>\n<p>Skyriaus ved\u0117ja pabr\u0117\u017e\u0117, kad jau \u0161iais metais Seimas tur\u0117t\u0173 priimti ilgai laukt\u0105 Vaiko gerov\u0117s \u012fstatym\u0105 (\u0161iuo metu galioja \u012fstatymas, kuris priimtas dar 1994 m.). Ji taip pat naujus tarybos narius supa\u017eindino su tarybos nuostatais ir pasi\u016bl\u0117 priemones, kurias nor\u0117t\u0173 \u012fra\u0161yti \u012f tarybos metin\u012f darbo plan\u0105.<\/p>\n<p>Administracijos direktoriaus pavaduotojas A.\u0160imelionis si\u016bl\u0117 kartu su \u0160v\u0117k\u0161nos seni\u016bnija organizuoti i\u0161va\u017eiuojam\u0105j\u012f pos\u0117d\u012f \u0160v\u0117k\u0161nos specialiojoje mokykloje ir pasidom\u0117ti \u0161ios mokyklos veikla vaiko teisi\u0173 apsaugos reikalais.<\/p>\n<p>Socialin\u0117s paramos skyriaus ved\u0117jo pavaduotoja Audra Barauskien\u0117 si\u016bl\u0117 rengti pos\u0117d\u017eius kartu su sveikatos prie\u017ei\u016bros ir socialiniais darbuotojais, nes tr\u016bksta informacijos apie vaiko sveikatos prie\u017ei\u016br\u0105 ir ypa\u010d apie privalomus naujagimi\u0173 lankymus j\u0173 t\u0117v\u0173 namuose. Tam pritar\u0117 ir Saug\u0173 vaik\u0173 globos nam\u0173 direktorius Eugenijus Judeikis.<\/p>\n<p>Anot jo, net trylikame\u010diai (apie 80 proc.), apsigyven\u0119 vaik\u0173 globos namuose, ne\u017eino kas yra stomatologas ir n\u0117 karto n\u0117ra lank\u0119si pas dant\u0173 gydytoj\u0105. Dauguma tarybos nari\u0173 akcentavo, kad ypa\u010d pasigendama supratingo ry\u0161io d\u0117l informacijos pasikeitimo apie vaik\u0173 sveikatos b\u016bkl\u0119 su priva\u010diomis medicinos \u012fstaigomis.<\/p>\n<p>Savivaldyb\u0117s gydytojas Marius Bartkus si\u016bl\u0117 ypating\u0105 d\u0117mes\u012f atkreipti \u012f t\u0173 \u0161eim\u0173 vaikus, kuri\u0173 t\u0117vai serga atvira tuberkulioze \u2013 vaikai laikinai tur\u0117t\u0173 b\u016bti izoliuoti nuo sergan\u010di\u0173 t\u0117v\u0173.<\/p>\n<p>Diskusij\u0173 metu Tarybos nariai sutar\u0117, kad per m\u0117nes\u012f sudarys darbo plano projekt\u0105 ir kitame pos\u0117dyje j\u012f patvirtins.<\/p>\n","protected":false},"excerpt":{"rendered":"<p>\u0160ilut\u0117s rajono savivaldyb\u0117je \u012f pirm\u0105j\u012f \u0161i\u0173 met\u0173 pos\u0117d\u012f susirinko atnaujinta Bendruomen\u0117s vaiko teisi\u0173 apsaugos taryba, prane\u0161a Komunikacijos skyrius. Aptarta pra\u0117jusi\u0173 met\u0173 tarybos veikla, \u0161i\u0173 met\u0173 planai. I\u0161keltos problemos d\u0117l bendradarbiavimo su sveikatos prie\u017ei\u016bros ir socialiniais darbuotojais d\u0117l informacijos apie vaiko sveikat\u0105. Tarybai pirmininkavo \u0160ilut\u0117s rajono savivaldyb\u0117s administracijos direktoriaus pavaduotojas Alvidas \u0160imelionis. J\u0105 sudaro Savivaldyb\u0117s, \u0161vietimo [&hellip;]<\/p>\n","protected":false},"author":1,"featured_media":0,"comment_status":"open","ping_status":"open","sticky":false,"template":"","format":"standard","meta":{"footnotes":""},"categories":[2],"tags":[],"class_list":{"0":"post-11382","1":"post","2":"type-post","3":"status-publish","4":"format-standard","6":"category-aktualijos"},"yoast_head":"<!-- This site is optimized with the Yoast SEO plugin v27.5 - https:\/\/yoast.com\/product\/yoast-seo-wordpress\/ -->\n<title>T\u0117v\u0173 apleisti vaikai iki paauglyst\u0117s ne\u017eino, kas yra stomatologas - \u0160ilut\u0117s naujienos<\/title>\n<meta name=\"robots\" content=\"index, follow, max-snippet:-1, max-image-preview:large, max-video-preview:-1\" \/>\n<link rel=\"canonical\" href=\"https:\/\/www.silutesnaujienos.lt\/lt\/tevu-apleisti-vaikai-iki-paauglystes-nezino-kas-yra-stomatologas\/\" \/>\n<meta property=\"og:locale\" content=\"lt_LT\" \/>\n<meta property=\"og:type\" content=\"article\" \/>\n<meta property=\"og:title\" content=\"T\u0117v\u0173 apleisti vaikai iki paauglyst\u0117s ne\u017eino, kas yra stomatologas - \u0160ilut\u0117s naujienos\" \/>\n<meta property=\"og:description\" content=\"\u0160ilut\u0117s rajono savivaldyb\u0117je \u012f pirm\u0105j\u012f \u0161i\u0173 met\u0173 pos\u0117d\u012f susirinko atnaujinta Bendruomen\u0117s vaiko teisi\u0173 apsaugos taryba, prane\u0161a Komunikacijos skyrius. Aptarta pra\u0117jusi\u0173 met\u0173 tarybos veikla, \u0161i\u0173 met\u0173 planai. I\u0161keltos problemos d\u0117l bendradarbiavimo su sveikatos prie\u017ei\u016bros ir socialiniais darbuotojais d\u0117l informacijos apie vaiko sveikat\u0105. Tarybai pirmininkavo \u0160ilut\u0117s rajono savivaldyb\u0117s administracijos direktoriaus pavaduotojas Alvidas \u0160imelionis. J\u0105 sudaro Savivaldyb\u0117s, \u0161vietimo [&hellip;]\" \/>\n<meta property=\"og:url\" content=\"https:\/\/www.silutesnaujienos.lt\/lt\/tevu-apleisti-vaikai-iki-paauglystes-nezino-kas-yra-stomatologas\/\" \/>\n<meta property=\"og:site_name\" content=\"\u0160ilut\u0117s naujienos\" \/>\n<meta property=\"article:publisher\" content=\"https:\/\/www.facebook.com\/silutes.naujienos\/\" \/>\n<meta property=\"article:published_time\" content=\"2013-01-28T15:05:40+00:00\" \/>\n<meta property=\"og:image\" content=\"\/\/silutesnaujienos.lt\/images\/stories\/2013\/01\/28\/thumbnails\/thumb_i8t10c1125.png\" \/>\n<meta name=\"author\" content=\"\u0160ilut\u0117s naujien\u0173 inf.\" \/>\n<meta name=\"twitter:card\" content=\"summary_large_image\" \/>\n<meta name=\"twitter:label1\" content=\"Written by\" \/>\n\t<meta name=\"twitter:data1\" content=\"\u0160ilut\u0117s naujien\u0173 inf.\" \/>\n\t<meta name=\"twitter:label2\" content=\"Est. reading time\" \/>\n\t<meta name=\"twitter:data2\" content=\"2 minut\u0117s\" \/>\n<script type=\"application\/ld+json\" class=\"yoast-schema-graph\">{\"@context\":\"https:\\\/\\\/schema.org\",\"@graph\":[{\"@type\":\"Article\",\"@id\":\"https:\\\/\\\/www.silutesnaujienos.lt\\\/lt\\\/tevu-apleisti-vaikai-iki-paauglystes-nezino-kas-yra-stomatologas\\\/#article\",\"isPartOf\":{\"@id\":\"https:\\\/\\\/www.silutesnaujienos.lt\\\/lt\\\/tevu-apleisti-vaikai-iki-paauglystes-nezino-kas-yra-stomatologas\\\/\"},\"author\":{\"name\":\"\u0160ilut\u0117s naujien\u0173 inf.\",\"@id\":\"https:\\\/\\\/www.silutesnaujienos.lt\\\/lt\\\/#\\\/schema\\\/person\\\/232f475ddd4a7b5f49b3abc788b17e83\"},\"headline\":\"T\u0117v\u0173 apleisti vaikai iki paauglyst\u0117s ne\u017eino, kas yra stomatologas\",\"datePublished\":\"2013-01-28T15:05:40+00:00\",\"mainEntityOfPage\":{\"@id\":\"https:\\\/\\\/www.silutesnaujienos.lt\\\/lt\\\/tevu-apleisti-vaikai-iki-paauglystes-nezino-kas-yra-stomatologas\\\/\"},\"wordCount\":405,\"commentCount\":0,\"publisher\":{\"@id\":\"https:\\\/\\\/www.silutesnaujienos.lt\\\/lt\\\/#organization\"},\"articleSection\":[\"Aktualijos\"],\"inLanguage\":\"lt-LT\",\"potentialAction\":[{\"@type\":\"CommentAction\",\"name\":\"Comment\",\"target\":[\"https:\\\/\\\/www.silutesnaujienos.lt\\\/lt\\\/tevu-apleisti-vaikai-iki-paauglystes-nezino-kas-yra-stomatologas\\\/#respond\"]}]},{\"@type\":\"WebPage\",\"@id\":\"https:\\\/\\\/www.silutesnaujienos.lt\\\/lt\\\/tevu-apleisti-vaikai-iki-paauglystes-nezino-kas-yra-stomatologas\\\/\",\"url\":\"https:\\\/\\\/www.silutesnaujienos.lt\\\/lt\\\/tevu-apleisti-vaikai-iki-paauglystes-nezino-kas-yra-stomatologas\\\/\",\"name\":\"T\u0117v\u0173 apleisti vaikai iki paauglyst\u0117s ne\u017eino, kas yra stomatologas - \u0160ilut\u0117s naujienos\",\"isPartOf\":{\"@id\":\"https:\\\/\\\/www.silutesnaujienos.lt\\\/lt\\\/#website\"},\"datePublished\":\"2013-01-28T15:05:40+00:00\",\"breadcrumb\":{\"@id\":\"https:\\\/\\\/www.silutesnaujienos.lt\\\/lt\\\/tevu-apleisti-vaikai-iki-paauglystes-nezino-kas-yra-stomatologas\\\/#breadcrumb\"},\"inLanguage\":\"lt-LT\",\"potentialAction\":[{\"@type\":\"ReadAction\",\"target\":[\"https:\\\/\\\/www.silutesnaujienos.lt\\\/lt\\\/tevu-apleisti-vaikai-iki-paauglystes-nezino-kas-yra-stomatologas\\\/\"]}]},{\"@type\":\"BreadcrumbList\",\"@id\":\"https:\\\/\\\/www.silutesnaujienos.lt\\\/lt\\\/tevu-apleisti-vaikai-iki-paauglystes-nezino-kas-yra-stomatologas\\\/#breadcrumb\",\"itemListElement\":[{\"@type\":\"ListItem\",\"position\":1,\"name\":\"Home\",\"item\":\"https:\\\/\\\/www.silutesnaujienos.lt\\\/lt\\\/\"},{\"@type\":\"ListItem\",\"position\":2,\"name\":\"T\u0117v\u0173 apleisti vaikai iki paauglyst\u0117s ne\u017eino, kas yra stomatologas\"}]},{\"@type\":\"WebSite\",\"@id\":\"https:\\\/\\\/www.silutesnaujienos.lt\\\/lt\\\/#website\",\"url\":\"https:\\\/\\\/www.silutesnaujienos.lt\\\/lt\\\/\",\"name\":\"\u0160ilut\u0117s naujienos\",\"description\":\"B\u016bk ant naujien\u0173 bangos!\",\"publisher\":{\"@id\":\"https:\\\/\\\/www.silutesnaujienos.lt\\\/lt\\\/#organization\"},\"potentialAction\":[{\"@type\":\"SearchAction\",\"target\":{\"@type\":\"EntryPoint\",\"urlTemplate\":\"https:\\\/\\\/www.silutesnaujienos.lt\\\/lt\\\/?s={search_term_string}\"},\"query-input\":{\"@type\":\"PropertyValueSpecification\",\"valueRequired\":true,\"valueName\":\"search_term_string\"}}],\"inLanguage\":\"lt-LT\"},{\"@type\":\"Organization\",\"@id\":\"https:\\\/\\\/www.silutesnaujienos.lt\\\/lt\\\/#organization\",\"name\":\"\u0160ilut\u0117s naujienos\",\"url\":\"https:\\\/\\\/www.silutesnaujienos.lt\\\/lt\\\/\",\"logo\":{\"@type\":\"ImageObject\",\"inLanguage\":\"lt-LT\",\"@id\":\"https:\\\/\\\/www.silutesnaujienos.lt\\\/lt\\\/#\\\/schema\\\/logo\\\/image\\\/\",\"url\":\"https:\\\/\\\/www.silutesnaujienos.lt\\\/lt\\\/wp-content\\\/uploads\\\/2020\\\/06\\\/FB_MAIN.jpg\",\"contentUrl\":\"https:\\\/\\\/www.silutesnaujienos.lt\\\/lt\\\/wp-content\\\/uploads\\\/2020\\\/06\\\/FB_MAIN.jpg\",\"width\":1700,\"height\":956,\"caption\":\"\u0160ilut\u0117s naujienos\"},\"image\":{\"@id\":\"https:\\\/\\\/www.silutesnaujienos.lt\\\/lt\\\/#\\\/schema\\\/logo\\\/image\\\/\"},\"sameAs\":[\"https:\\\/\\\/www.facebook.com\\\/silutes.naujienos\\\/\",\"https:\\\/\\\/www.youtube.com\\\/channel\\\/UCxW-cgrJDt8GxIMxSTAfJZg\"]},{\"@type\":\"Person\",\"@id\":\"https:\\\/\\\/www.silutesnaujienos.lt\\\/lt\\\/#\\\/schema\\\/person\\\/232f475ddd4a7b5f49b3abc788b17e83\",\"name\":\"\u0160ilut\u0117s naujien\u0173 inf.\",\"image\":{\"@type\":\"ImageObject\",\"inLanguage\":\"lt-LT\",\"@id\":\"https:\\\/\\\/www.silutesnaujienos.lt\\\/lt\\\/wp-content\\\/uploads\\\/2020\\\/06\\\/favicon.png\",\"url\":\"https:\\\/\\\/www.silutesnaujienos.lt\\\/lt\\\/wp-content\\\/uploads\\\/2020\\\/06\\\/favicon.png\",\"contentUrl\":\"https:\\\/\\\/www.silutesnaujienos.lt\\\/lt\\\/wp-content\\\/uploads\\\/2020\\\/06\\\/favicon.png\",\"caption\":\"\u0160ilut\u0117s naujien\u0173 inf.\"},\"sameAs\":[\"https:\\\/\\\/www.silutesnaujienos.lt\\\/lt\"],\"url\":\"https:\\\/\\\/www.silutesnaujienos.lt\\\/lt\\\/author\\\/ruta\\\/\"}]}<\/script>\n<!-- \/ Yoast SEO plugin. -->","yoast_head_json":{"title":"T\u0117v\u0173 apleisti vaikai iki paauglyst\u0117s ne\u017eino, kas yra stomatologas - \u0160ilut\u0117s naujienos","robots":{"index":"index","follow":"follow","max-snippet":"max-snippet:-1","max-image-preview":"max-image-preview:large","max-video-preview":"max-video-preview:-1"},"canonical":"https:\/\/www.silutesnaujienos.lt\/lt\/tevu-apleisti-vaikai-iki-paauglystes-nezino-kas-yra-stomatologas\/","og_locale":"lt_LT","og_type":"article","og_title":"T\u0117v\u0173 apleisti vaikai iki paauglyst\u0117s ne\u017eino, kas yra stomatologas - \u0160ilut\u0117s naujienos","og_description":"\u0160ilut\u0117s rajono savivaldyb\u0117je \u012f pirm\u0105j\u012f \u0161i\u0173 met\u0173 pos\u0117d\u012f susirinko atnaujinta Bendruomen\u0117s vaiko teisi\u0173 apsaugos taryba, prane\u0161a Komunikacijos skyrius. Aptarta pra\u0117jusi\u0173 met\u0173 tarybos veikla, \u0161i\u0173 met\u0173 planai. I\u0161keltos problemos d\u0117l bendradarbiavimo su sveikatos prie\u017ei\u016bros ir socialiniais darbuotojais d\u0117l informacijos apie vaiko sveikat\u0105. Tarybai pirmininkavo \u0160ilut\u0117s rajono savivaldyb\u0117s administracijos direktoriaus pavaduotojas Alvidas \u0160imelionis. J\u0105 sudaro Savivaldyb\u0117s, \u0161vietimo [&hellip;]","og_url":"https:\/\/www.silutesnaujienos.lt\/lt\/tevu-apleisti-vaikai-iki-paauglystes-nezino-kas-yra-stomatologas\/","og_site_name":"\u0160ilut\u0117s naujienos","article_publisher":"https:\/\/www.facebook.com\/silutes.naujienos\/","article_published_time":"2013-01-28T15:05:40+00:00","og_image":[{"url":"\/\/silutesnaujienos.lt\/images\/stories\/2013\/01\/28\/thumbnails\/thumb_i8t10c1125.png","type":"","width":"","height":""}],"author":"\u0160ilut\u0117s naujien\u0173 inf.","twitter_card":"summary_large_image","twitter_misc":{"Written by":"\u0160ilut\u0117s naujien\u0173 inf.","Est. reading time":"2 minut\u0117s"},"schema":{"@context":"https:\/\/schema.org","@graph":[{"@type":"Article","@id":"https:\/\/www.silutesnaujienos.lt\/lt\/tevu-apleisti-vaikai-iki-paauglystes-nezino-kas-yra-stomatologas\/#article","isPartOf":{"@id":"https:\/\/www.silutesnaujienos.lt\/lt\/tevu-apleisti-vaikai-iki-paauglystes-nezino-kas-yra-stomatologas\/"},"author":{"name":"\u0160ilut\u0117s naujien\u0173 inf.","@id":"https:\/\/www.silutesnaujienos.lt\/lt\/#\/schema\/person\/232f475ddd4a7b5f49b3abc788b17e83"},"headline":"T\u0117v\u0173 apleisti vaikai iki paauglyst\u0117s ne\u017eino, kas yra stomatologas","datePublished":"2013-01-28T15:05:40+00:00","mainEntityOfPage":{"@id":"https:\/\/www.silutesnaujienos.lt\/lt\/tevu-apleisti-vaikai-iki-paauglystes-nezino-kas-yra-stomatologas\/"},"wordCount":405,"commentCount":0,"publisher":{"@id":"https:\/\/www.silutesnaujienos.lt\/lt\/#organization"},"articleSection":["Aktualijos"],"inLanguage":"lt-LT","potentialAction":[{"@type":"CommentAction","name":"Comment","target":["https:\/\/www.silutesnaujienos.lt\/lt\/tevu-apleisti-vaikai-iki-paauglystes-nezino-kas-yra-stomatologas\/#respond"]}]},{"@type":"WebPage","@id":"https:\/\/www.silutesnaujienos.lt\/lt\/tevu-apleisti-vaikai-iki-paauglystes-nezino-kas-yra-stomatologas\/","url":"https:\/\/www.silutesnaujienos.lt\/lt\/tevu-apleisti-vaikai-iki-paauglystes-nezino-kas-yra-stomatologas\/","name":"T\u0117v\u0173 apleisti vaikai iki paauglyst\u0117s ne\u017eino, kas yra stomatologas - \u0160ilut\u0117s naujienos","isPartOf":{"@id":"https:\/\/www.silutesnaujienos.lt\/lt\/#website"},"datePublished":"2013-01-28T15:05:40+00:00","breadcrumb":{"@id":"https:\/\/www.silutesnaujienos.lt\/lt\/tevu-apleisti-vaikai-iki-paauglystes-nezino-kas-yra-stomatologas\/#breadcrumb"},"inLanguage":"lt-LT","potentialAction":[{"@type":"ReadAction","target":["https:\/\/www.silutesnaujienos.lt\/lt\/tevu-apleisti-vaikai-iki-paauglystes-nezino-kas-yra-stomatologas\/"]}]},{"@type":"BreadcrumbList","@id":"https:\/\/www.silutesnaujienos.lt\/lt\/tevu-apleisti-vaikai-iki-paauglystes-nezino-kas-yra-stomatologas\/#breadcrumb","itemListElement":[{"@type":"ListItem","position":1,"name":"Home","item":"https:\/\/www.silutesnaujienos.lt\/lt\/"},{"@type":"ListItem","position":2,"name":"T\u0117v\u0173 apleisti vaikai iki paauglyst\u0117s ne\u017eino, kas yra stomatologas"}]},{"@type":"WebSite","@id":"https:\/\/www.silutesnaujienos.lt\/lt\/#website","url":"https:\/\/www.silutesnaujienos.lt\/lt\/","name":"\u0160ilut\u0117s naujienos","description":"B\u016bk ant naujien\u0173 bangos!","publisher":{"@id":"https:\/\/www.silutesnaujienos.lt\/lt\/#organization"},"potentialAction":[{"@type":"SearchAction","target":{"@type":"EntryPoint","urlTemplate":"https:\/\/www.silutesnaujienos.lt\/lt\/?s={search_term_string}"},"query-input":{"@type":"PropertyValueSpecification","valueRequired":true,"valueName":"search_term_string"}}],"inLanguage":"lt-LT"},{"@type":"Organization","@id":"https:\/\/www.silutesnaujienos.lt\/lt\/#organization","name":"\u0160ilut\u0117s naujienos","url":"https:\/\/www.silutesnaujienos.lt\/lt\/","logo":{"@type":"ImageObject","inLanguage":"lt-LT","@id":"https:\/\/www.silutesnaujienos.lt\/lt\/#\/schema\/logo\/image\/","url":"https:\/\/www.silutesnaujienos.lt\/lt\/wp-content\/uploads\/2020\/06\/FB_MAIN.jpg","contentUrl":"https:\/\/www.silutesnaujienos.lt\/lt\/wp-content\/uploads\/2020\/06\/FB_MAIN.jpg","width":1700,"height":956,"caption":"\u0160ilut\u0117s naujienos"},"image":{"@id":"https:\/\/www.silutesnaujienos.lt\/lt\/#\/schema\/logo\/image\/"},"sameAs":["https:\/\/www.facebook.com\/silutes.naujienos\/","https:\/\/www.youtube.com\/channel\/UCxW-cgrJDt8GxIMxSTAfJZg"]},{"@type":"Person","@id":"https:\/\/www.silutesnaujienos.lt\/lt\/#\/schema\/person\/232f475ddd4a7b5f49b3abc788b17e83","name":"\u0160ilut\u0117s naujien\u0173 inf.","image":{"@type":"ImageObject","inLanguage":"lt-LT","@id":"https:\/\/www.silutesnaujienos.lt\/lt\/wp-content\/uploads\/2020\/06\/favicon.png","url":"https:\/\/www.silutesnaujienos.lt\/lt\/wp-content\/uploads\/2020\/06\/favicon.png","contentUrl":"https:\/\/www.silutesnaujienos.lt\/lt\/wp-content\/uploads\/2020\/06\/favicon.png","caption":"\u0160ilut\u0117s naujien\u0173 inf."},"sameAs":["https:\/\/www.silutesnaujienos.lt\/lt"],"url":"https:\/\/www.silutesnaujienos.lt\/lt\/author\/ruta\/"}]}},"publishpress_future_workflow_manual_trigger":{"enabledWorkflows":[]},"amp_enabled":true,"_links":{"self":[{"href":"https:\/\/www.silutesnaujienos.lt\/lt\/wp-json\/wp\/v2\/posts\/11382","targetHints":{"allow":["GET"]}}],"collection":[{"href":"https:\/\/www.silutesnaujienos.lt\/lt\/wp-json\/wp\/v2\/posts"}],"about":[{"href":"https:\/\/www.silutesnaujienos.lt\/lt\/wp-json\/wp\/v2\/types\/post"}],"author":[{"embeddable":true,"href":"https:\/\/www.silutesnaujienos.lt\/lt\/wp-json\/wp\/v2\/users\/1"}],"replies":[{"embeddable":true,"href":"https:\/\/www.silutesnaujienos.lt\/lt\/wp-json\/wp\/v2\/comments?post=11382"}],"version-history":[{"count":0,"href":"https:\/\/www.silutesnaujienos.lt\/lt\/wp-json\/wp\/v2\/posts\/11382\/revisions"}],"wp:attachment":[{"href":"https:\/\/www.silutesnaujienos.lt\/lt\/wp-json\/wp\/v2\/media?parent=11382"}],"wp:term":[{"taxonomy":"category","embeddable":true,"href":"https:\/\/www.silutesnaujienos.lt\/lt\/wp-json\/wp\/v2\/categories?post=11382"},{"taxonomy":"post_tag","embeddable":true,"href":"https:\/\/www.silutesnaujienos.lt\/lt\/wp-json\/wp\/v2\/tags?post=11382"}],"curies":[{"name":"wp","href":"https:\/\/api.w.org\/{rel}","templated":true}]}}