{"id":11383,"date":"2013-01-29T07:00:00","date_gmt":"2013-01-29T09:00:00","guid":{"rendered":"https:\/\/www.silutesnaujienos.lt\/lt\/seimo-vicepirmininkas-k-komskis-del-didsiliu-vejo-jegainiu-kvieciasi-keturiu-ministeriju-atstovus\/"},"modified":"2013-01-29T07:00:00","modified_gmt":"2013-01-29T09:00:00","slug":"seimo-vicepirmininkas-k-komskis-del-didsiliu-vejo-jegainiu-kvieciasi-keturiu-ministeriju-atstovus","status":"publish","type":"post","link":"https:\/\/www.silutesnaujienos.lt\/lt\/seimo-vicepirmininkas-k-komskis-del-didsiliu-vejo-jegainiu-kvieciasi-keturiu-ministeriju-atstovus\/","title":{"rendered":"Seimo vicepirmininkas K.Komskis d\u0117l Did\u0161ili\u0173 v\u0117jo j\u0117gaini\u0173 kvie\u010diasi keturi\u0173 ministerij\u0173 atstovus"},"content":{"rendered":"<p><a target=\"_blank\" rel=\"caption[V\u0117jo j\u0117gain\u0117. \/ Asociatyvi Stock.XCHNG nuotr.] noopener noreferrer\" class=\"jcepopup\" href=\"\/\/silutesnaujienos.lt\/images\/stories\/2013\/01\/28\/936829_22692229.jpg\" data-rel=\"lightbox-gallery-BzuBKXFM\" data-rl_title=\"\" data-rl_caption=\"\"><img loading=\"lazy\" decoding=\"async\" style=\"margin: 5px; float: left;\" class=\"caption\" title=\"\" alt=\"936829 22692229\" src=\"\/\/silutesnaujienos.lt\/images\/stories\/2013\/01\/28\/thumbnails\/thumb_936829_22692229.jpg\" height=\"230\" width=\"307\" \/><\/a><strong>\u0160iandien Seimo Pirmininko pavaduotojo K\u0119sto Komskio iniciatyva Did\u0161ili\u0173 kaime (\u0160ilut\u0117s seni\u016bnija) vyks keturi\u0173 ministerij\u0173 atstov\u0173, \u012fvairi\u0173 specialist\u0173 bei vietos gyventoj\u0173 susitikimas d\u0117l \u0161ioje vietov\u0117je pastatyt\u0173 ir dar ketinam\u0173 statyti v\u0117jo j\u0117gaini\u0173.<\/strong><\/p>\n<p>\u012e Seimo vicepirminink\u0105 kreip\u0117si ne tik Did\u0161ili\u0173 kaimo gyventojai, sk\u0173sdamiesi neigiamu poveikiu sveikatai, bet ir Valstyb\u0117s sienos apsaugos tarnybos pareig\u016bnai, kurie teigia, kad besisukan\u010dios v\u0117jo j\u0117gain\u0117s trikdo radiolokatori\u0173, stebin\u010di\u0173 oro erdv\u0119, skland\u0173 veikim\u0105 ir taip sudaro kli\u016btis radiolokacin\u0117ms bangoms plisti ir sukelia priimam\u0173 duomen\u0173 apdorojimo klaidas.<\/p>\n<p>Anot K.Komskio, tokios prie\u017eastys kelia itin didel\u012f susir\u016bpinim\u0105, tod\u0117l b\u016btina prad\u0117ti \u0161ia situacija dom\u0117tis i\u0161 esm\u0117s ir kuo grei\u010diau imtis spr\u0119sti kilusi\u0105 problem\u0105.<\/p>\n<p><a type=\"image\" rel=\"caption[K.Komskis. \/ \u00a9 silutesnaujienos.lt] noopener noreferrer\" class=\"jcepopup\" target=\"_blank\" href=\"\/\/silutesnaujienos.lt\/images\/stories\/2013\/01\/28\/komskis_kestas_kabinete.jpg\" data-rel=\"lightbox-gallery-BzuBKXFM\" data-rl_title=\"\" data-rl_caption=\"\"><img loading=\"lazy\" decoding=\"async\" class=\"caption\" title=\"\" style=\"margin: 5px; float: left;\" alt=\"komskis kestas kabinete\" src=\"\/\/silutesnaujienos.lt\/images\/stories\/2013\/01\/28\/thumbnails\/thumb_komskis_kestas_kabinete.jpg\" height=\"230\" width=\"307\" \/><\/a>\u201e\u017dmon\u0117s teigia, kad keturios v\u0117jo j\u0117gain\u0117s buvo pastatytos be poveikio aplinkai ir gyventoj\u0173 sveikatai vertinim\u0173, visai \u0161alia sodyb\u0173. Jos kelia didel\u012f triuk\u0161m\u0105, jau\u010diama ir nuo j\u0173 sklindanti vibracija. Netoliese esan\u010di\u0173 sodyb\u0173 gyventojai d\u0117l to negali i\u0161simiegoti naktimis, patiria \u012fvairi\u0173 sveikatos sutrikim\u0173. Jau pasteb\u0117ti nuostoliai ir \u016bkin\u0117je veikloje, mat nesveikuoja ir galvijai. <\/p>\n<p>Be to, \u012f gyventoj\u0173 skundus nereaguoja nei savivaldyb\u0117, nei policija, nei prokurat\u016bra. Did\u0161ili\u0173 kaimo teritorijoje ketinama statyti dar penkias v\u0117jo j\u0117gaines. B\u016btina laiku i\u0161siai\u0161kinti, ar j\u0173 statyba netur\u0117t\u0173 b\u016bti sustabdyta, jei jos i\u0161 ties\u0173 kelia rimt\u0105 gr\u0117sm\u0119 m\u016bs\u0173 sienos saugumui bei vietos gyventojams\u201c, &#8211; teig\u0117 vicepirmininkas K.Komskis.<\/p>\n<p>Ap\u017ei\u016br\u0117ti ir \u012fvertinti situacij\u0105 bei asmeni\u0161kai tai aptarti su gyventojais \u012f Did\u0161ili\u0173 kaim\u0105 \u0161iandien atvyks Seimo Pirmininko pavaduotojas K.Komskis, Valstybin\u0117s teritorij\u0173 planavimo ir statybos inspekcijos vir\u0161ininko pavaduotojas Antanas Luko\u0161ius ir Teritorij\u0173 planavimo valstybin\u0117s prie\u017ei\u016bros skyriaus vyr. specialistas Aidas Valys, sveikatos apsaugos viceministras Erikas Ma\u010di\u016bnas, Visuomen\u0117s sveikatos departamento direktorius Audrius \u0160\u010deponavi\u010dius, Visuomen\u0117s sveikatos saugos skyriaus vyr. specialistas Valdas Uscila, kra\u0161to apsaugos ministro patar\u0117jas Mantas Vara\u0161ka, Lietuvos kariuomen\u0117s jungtinio \u0161tabo karininkas majoras Gediminas Sungaila. Buvo kviesti ir Energetikos ministerijos atstovai. Tikimasis, kad jie taip pat gal\u0117s dalyvauti.<\/p>\n<p><strong>Suinteresuoti gyventojai sausio 29 d. (antradien\u012f) 13 val. \u0160ilut\u0117s seni\u016bnijoje (Lietuvinink\u0173 g. 17, \u0160ilut\u0117) kvie\u010diami susitikti su min\u0117t\u0173 ministerij\u0173 atstovais ir specialistais.<\/strong><\/p>\n","protected":false},"excerpt":{"rendered":"<p>\u0160iandien Seimo Pirmininko pavaduotojo K\u0119sto Komskio iniciatyva Did\u0161ili\u0173 kaime (\u0160ilut\u0117s seni\u016bnija) vyks keturi\u0173 ministerij\u0173 atstov\u0173, \u012fvairi\u0173 specialist\u0173 bei vietos gyventoj\u0173 susitikimas d\u0117l \u0161ioje vietov\u0117je pastatyt\u0173 ir dar ketinam\u0173 statyti v\u0117jo j\u0117gaini\u0173. \u012e Seimo vicepirminink\u0105 kreip\u0117si ne tik Did\u0161ili\u0173 kaimo gyventojai, sk\u0173sdamiesi neigiamu poveikiu sveikatai, bet ir Valstyb\u0117s sienos apsaugos tarnybos pareig\u016bnai, kurie teigia, kad besisukan\u010dios [&hellip;]<\/p>\n","protected":false},"author":1,"featured_media":0,"comment_status":"open","ping_status":"open","sticky":false,"template":"","format":"standard","meta":{"footnotes":""},"categories":[2],"tags":[],"class_list":{"0":"post-11383","1":"post","2":"type-post","3":"status-publish","4":"format-standard","6":"category-aktualijos"},"yoast_head":"<!-- This site is optimized with the Yoast SEO plugin v27.4 - https:\/\/yoast.com\/product\/yoast-seo-wordpress\/ -->\n<title>Seimo vicepirmininkas K.Komskis d\u0117l Did\u0161ili\u0173 v\u0117jo j\u0117gaini\u0173 kvie\u010diasi keturi\u0173 ministerij\u0173 atstovus - \u0160ilut\u0117s naujienos<\/title>\n<meta name=\"robots\" content=\"index, follow, max-snippet:-1, max-image-preview:large, max-video-preview:-1\" \/>\n<link rel=\"canonical\" href=\"https:\/\/www.silutesnaujienos.lt\/lt\/seimo-vicepirmininkas-k-komskis-del-didsiliu-vejo-jegainiu-kvieciasi-keturiu-ministeriju-atstovus\/\" \/>\n<meta property=\"og:locale\" content=\"lt_LT\" \/>\n<meta property=\"og:type\" content=\"article\" \/>\n<meta property=\"og:title\" content=\"Seimo vicepirmininkas K.Komskis d\u0117l Did\u0161ili\u0173 v\u0117jo j\u0117gaini\u0173 kvie\u010diasi keturi\u0173 ministerij\u0173 atstovus - \u0160ilut\u0117s naujienos\" \/>\n<meta property=\"og:description\" content=\"\u0160iandien Seimo Pirmininko pavaduotojo K\u0119sto Komskio iniciatyva Did\u0161ili\u0173 kaime (\u0160ilut\u0117s seni\u016bnija) vyks keturi\u0173 ministerij\u0173 atstov\u0173, \u012fvairi\u0173 specialist\u0173 bei vietos gyventoj\u0173 susitikimas d\u0117l \u0161ioje vietov\u0117je pastatyt\u0173 ir dar ketinam\u0173 statyti v\u0117jo j\u0117gaini\u0173. \u012e Seimo vicepirminink\u0105 kreip\u0117si ne tik Did\u0161ili\u0173 kaimo gyventojai, sk\u0173sdamiesi neigiamu poveikiu sveikatai, bet ir Valstyb\u0117s sienos apsaugos tarnybos pareig\u016bnai, kurie teigia, kad besisukan\u010dios [&hellip;]\" \/>\n<meta property=\"og:url\" content=\"https:\/\/www.silutesnaujienos.lt\/lt\/seimo-vicepirmininkas-k-komskis-del-didsiliu-vejo-jegainiu-kvieciasi-keturiu-ministeriju-atstovus\/\" \/>\n<meta property=\"og:site_name\" content=\"\u0160ilut\u0117s naujienos\" \/>\n<meta property=\"article:publisher\" content=\"https:\/\/www.facebook.com\/silutes.naujienos\/\" \/>\n<meta property=\"article:published_time\" content=\"2013-01-29T09:00:00+00:00\" \/>\n<meta property=\"og:image\" content=\"\/\/silutesnaujienos.lt\/images\/stories\/2013\/01\/28\/thumbnails\/thumb_936829_22692229.jpg\" \/>\n<meta name=\"author\" content=\"\u0160ilut\u0117s naujien\u0173 inf.\" \/>\n<meta name=\"twitter:card\" content=\"summary_large_image\" \/>\n<meta name=\"twitter:label1\" content=\"Written by\" \/>\n\t<meta name=\"twitter:data1\" content=\"\u0160ilut\u0117s naujien\u0173 inf.\" \/>\n\t<meta name=\"twitter:label2\" content=\"Est. reading time\" \/>\n\t<meta name=\"twitter:data2\" content=\"2 minut\u0117s\" \/>\n<script type=\"application\/ld+json\" class=\"yoast-schema-graph\">{\"@context\":\"https:\\\/\\\/schema.org\",\"@graph\":[{\"@type\":\"Article\",\"@id\":\"https:\\\/\\\/www.silutesnaujienos.lt\\\/lt\\\/seimo-vicepirmininkas-k-komskis-del-didsiliu-vejo-jegainiu-kvieciasi-keturiu-ministeriju-atstovus\\\/#article\",\"isPartOf\":{\"@id\":\"https:\\\/\\\/www.silutesnaujienos.lt\\\/lt\\\/seimo-vicepirmininkas-k-komskis-del-didsiliu-vejo-jegainiu-kvieciasi-keturiu-ministeriju-atstovus\\\/\"},\"author\":{\"name\":\"\u0160ilut\u0117s naujien\u0173 inf.\",\"@id\":\"https:\\\/\\\/www.silutesnaujienos.lt\\\/lt\\\/#\\\/schema\\\/person\\\/232f475ddd4a7b5f49b3abc788b17e83\"},\"headline\":\"Seimo vicepirmininkas K.Komskis d\u0117l Did\u0161ili\u0173 v\u0117jo j\u0117gaini\u0173 kvie\u010diasi keturi\u0173 ministerij\u0173 atstovus\",\"datePublished\":\"2013-01-29T09:00:00+00:00\",\"mainEntityOfPage\":{\"@id\":\"https:\\\/\\\/www.silutesnaujienos.lt\\\/lt\\\/seimo-vicepirmininkas-k-komskis-del-didsiliu-vejo-jegainiu-kvieciasi-keturiu-ministeriju-atstovus\\\/\"},\"wordCount\":395,\"commentCount\":0,\"publisher\":{\"@id\":\"https:\\\/\\\/www.silutesnaujienos.lt\\\/lt\\\/#organization\"},\"articleSection\":[\"Aktualijos\"],\"inLanguage\":\"lt-LT\",\"potentialAction\":[{\"@type\":\"CommentAction\",\"name\":\"Comment\",\"target\":[\"https:\\\/\\\/www.silutesnaujienos.lt\\\/lt\\\/seimo-vicepirmininkas-k-komskis-del-didsiliu-vejo-jegainiu-kvieciasi-keturiu-ministeriju-atstovus\\\/#respond\"]}]},{\"@type\":\"WebPage\",\"@id\":\"https:\\\/\\\/www.silutesnaujienos.lt\\\/lt\\\/seimo-vicepirmininkas-k-komskis-del-didsiliu-vejo-jegainiu-kvieciasi-keturiu-ministeriju-atstovus\\\/\",\"url\":\"https:\\\/\\\/www.silutesnaujienos.lt\\\/lt\\\/seimo-vicepirmininkas-k-komskis-del-didsiliu-vejo-jegainiu-kvieciasi-keturiu-ministeriju-atstovus\\\/\",\"name\":\"Seimo vicepirmininkas K.Komskis d\u0117l Did\u0161ili\u0173 v\u0117jo j\u0117gaini\u0173 kvie\u010diasi keturi\u0173 ministerij\u0173 atstovus - \u0160ilut\u0117s naujienos\",\"isPartOf\":{\"@id\":\"https:\\\/\\\/www.silutesnaujienos.lt\\\/lt\\\/#website\"},\"datePublished\":\"2013-01-29T09:00:00+00:00\",\"breadcrumb\":{\"@id\":\"https:\\\/\\\/www.silutesnaujienos.lt\\\/lt\\\/seimo-vicepirmininkas-k-komskis-del-didsiliu-vejo-jegainiu-kvieciasi-keturiu-ministeriju-atstovus\\\/#breadcrumb\"},\"inLanguage\":\"lt-LT\",\"potentialAction\":[{\"@type\":\"ReadAction\",\"target\":[\"https:\\\/\\\/www.silutesnaujienos.lt\\\/lt\\\/seimo-vicepirmininkas-k-komskis-del-didsiliu-vejo-jegainiu-kvieciasi-keturiu-ministeriju-atstovus\\\/\"]}]},{\"@type\":\"BreadcrumbList\",\"@id\":\"https:\\\/\\\/www.silutesnaujienos.lt\\\/lt\\\/seimo-vicepirmininkas-k-komskis-del-didsiliu-vejo-jegainiu-kvieciasi-keturiu-ministeriju-atstovus\\\/#breadcrumb\",\"itemListElement\":[{\"@type\":\"ListItem\",\"position\":1,\"name\":\"Home\",\"item\":\"https:\\\/\\\/www.silutesnaujienos.lt\\\/lt\\\/\"},{\"@type\":\"ListItem\",\"position\":2,\"name\":\"Seimo vicepirmininkas K.Komskis d\u0117l Did\u0161ili\u0173 v\u0117jo j\u0117gaini\u0173 kvie\u010diasi keturi\u0173 ministerij\u0173 atstovus\"}]},{\"@type\":\"WebSite\",\"@id\":\"https:\\\/\\\/www.silutesnaujienos.lt\\\/lt\\\/#website\",\"url\":\"https:\\\/\\\/www.silutesnaujienos.lt\\\/lt\\\/\",\"name\":\"\u0160ilut\u0117s naujienos\",\"description\":\"B\u016bk ant naujien\u0173 bangos!\",\"publisher\":{\"@id\":\"https:\\\/\\\/www.silutesnaujienos.lt\\\/lt\\\/#organization\"},\"potentialAction\":[{\"@type\":\"SearchAction\",\"target\":{\"@type\":\"EntryPoint\",\"urlTemplate\":\"https:\\\/\\\/www.silutesnaujienos.lt\\\/lt\\\/?s={search_term_string}\"},\"query-input\":{\"@type\":\"PropertyValueSpecification\",\"valueRequired\":true,\"valueName\":\"search_term_string\"}}],\"inLanguage\":\"lt-LT\"},{\"@type\":\"Organization\",\"@id\":\"https:\\\/\\\/www.silutesnaujienos.lt\\\/lt\\\/#organization\",\"name\":\"\u0160ilut\u0117s naujienos\",\"url\":\"https:\\\/\\\/www.silutesnaujienos.lt\\\/lt\\\/\",\"logo\":{\"@type\":\"ImageObject\",\"inLanguage\":\"lt-LT\",\"@id\":\"https:\\\/\\\/www.silutesnaujienos.lt\\\/lt\\\/#\\\/schema\\\/logo\\\/image\\\/\",\"url\":\"https:\\\/\\\/www.silutesnaujienos.lt\\\/lt\\\/wp-content\\\/uploads\\\/2020\\\/06\\\/FB_MAIN.jpg\",\"contentUrl\":\"https:\\\/\\\/www.silutesnaujienos.lt\\\/lt\\\/wp-content\\\/uploads\\\/2020\\\/06\\\/FB_MAIN.jpg\",\"width\":1700,\"height\":956,\"caption\":\"\u0160ilut\u0117s naujienos\"},\"image\":{\"@id\":\"https:\\\/\\\/www.silutesnaujienos.lt\\\/lt\\\/#\\\/schema\\\/logo\\\/image\\\/\"},\"sameAs\":[\"https:\\\/\\\/www.facebook.com\\\/silutes.naujienos\\\/\",\"https:\\\/\\\/www.youtube.com\\\/channel\\\/UCxW-cgrJDt8GxIMxSTAfJZg\"]},{\"@type\":\"Person\",\"@id\":\"https:\\\/\\\/www.silutesnaujienos.lt\\\/lt\\\/#\\\/schema\\\/person\\\/232f475ddd4a7b5f49b3abc788b17e83\",\"name\":\"\u0160ilut\u0117s naujien\u0173 inf.\",\"image\":{\"@type\":\"ImageObject\",\"inLanguage\":\"lt-LT\",\"@id\":\"https:\\\/\\\/www.silutesnaujienos.lt\\\/lt\\\/wp-content\\\/uploads\\\/2020\\\/06\\\/favicon.png\",\"url\":\"https:\\\/\\\/www.silutesnaujienos.lt\\\/lt\\\/wp-content\\\/uploads\\\/2020\\\/06\\\/favicon.png\",\"contentUrl\":\"https:\\\/\\\/www.silutesnaujienos.lt\\\/lt\\\/wp-content\\\/uploads\\\/2020\\\/06\\\/favicon.png\",\"caption\":\"\u0160ilut\u0117s naujien\u0173 inf.\"},\"sameAs\":[\"https:\\\/\\\/www.silutesnaujienos.lt\\\/lt\"],\"url\":\"https:\\\/\\\/www.silutesnaujienos.lt\\\/lt\\\/author\\\/ruta\\\/\"}]}<\/script>\n<!-- \/ Yoast SEO plugin. -->","yoast_head_json":{"title":"Seimo vicepirmininkas K.Komskis d\u0117l Did\u0161ili\u0173 v\u0117jo j\u0117gaini\u0173 kvie\u010diasi keturi\u0173 ministerij\u0173 atstovus - \u0160ilut\u0117s naujienos","robots":{"index":"index","follow":"follow","max-snippet":"max-snippet:-1","max-image-preview":"max-image-preview:large","max-video-preview":"max-video-preview:-1"},"canonical":"https:\/\/www.silutesnaujienos.lt\/lt\/seimo-vicepirmininkas-k-komskis-del-didsiliu-vejo-jegainiu-kvieciasi-keturiu-ministeriju-atstovus\/","og_locale":"lt_LT","og_type":"article","og_title":"Seimo vicepirmininkas K.Komskis d\u0117l Did\u0161ili\u0173 v\u0117jo j\u0117gaini\u0173 kvie\u010diasi keturi\u0173 ministerij\u0173 atstovus - \u0160ilut\u0117s naujienos","og_description":"\u0160iandien Seimo Pirmininko pavaduotojo K\u0119sto Komskio iniciatyva Did\u0161ili\u0173 kaime (\u0160ilut\u0117s seni\u016bnija) vyks keturi\u0173 ministerij\u0173 atstov\u0173, \u012fvairi\u0173 specialist\u0173 bei vietos gyventoj\u0173 susitikimas d\u0117l \u0161ioje vietov\u0117je pastatyt\u0173 ir dar ketinam\u0173 statyti v\u0117jo j\u0117gaini\u0173. \u012e Seimo vicepirminink\u0105 kreip\u0117si ne tik Did\u0161ili\u0173 kaimo gyventojai, sk\u0173sdamiesi neigiamu poveikiu sveikatai, bet ir Valstyb\u0117s sienos apsaugos tarnybos pareig\u016bnai, kurie teigia, kad besisukan\u010dios [&hellip;]","og_url":"https:\/\/www.silutesnaujienos.lt\/lt\/seimo-vicepirmininkas-k-komskis-del-didsiliu-vejo-jegainiu-kvieciasi-keturiu-ministeriju-atstovus\/","og_site_name":"\u0160ilut\u0117s naujienos","article_publisher":"https:\/\/www.facebook.com\/silutes.naujienos\/","article_published_time":"2013-01-29T09:00:00+00:00","og_image":[{"url":"\/\/silutesnaujienos.lt\/images\/stories\/2013\/01\/28\/thumbnails\/thumb_936829_22692229.jpg","type":"","width":"","height":""}],"author":"\u0160ilut\u0117s naujien\u0173 inf.","twitter_card":"summary_large_image","twitter_misc":{"Written by":"\u0160ilut\u0117s naujien\u0173 inf.","Est. reading time":"2 minut\u0117s"},"schema":{"@context":"https:\/\/schema.org","@graph":[{"@type":"Article","@id":"https:\/\/www.silutesnaujienos.lt\/lt\/seimo-vicepirmininkas-k-komskis-del-didsiliu-vejo-jegainiu-kvieciasi-keturiu-ministeriju-atstovus\/#article","isPartOf":{"@id":"https:\/\/www.silutesnaujienos.lt\/lt\/seimo-vicepirmininkas-k-komskis-del-didsiliu-vejo-jegainiu-kvieciasi-keturiu-ministeriju-atstovus\/"},"author":{"name":"\u0160ilut\u0117s naujien\u0173 inf.","@id":"https:\/\/www.silutesnaujienos.lt\/lt\/#\/schema\/person\/232f475ddd4a7b5f49b3abc788b17e83"},"headline":"Seimo vicepirmininkas K.Komskis d\u0117l Did\u0161ili\u0173 v\u0117jo j\u0117gaini\u0173 kvie\u010diasi keturi\u0173 ministerij\u0173 atstovus","datePublished":"2013-01-29T09:00:00+00:00","mainEntityOfPage":{"@id":"https:\/\/www.silutesnaujienos.lt\/lt\/seimo-vicepirmininkas-k-komskis-del-didsiliu-vejo-jegainiu-kvieciasi-keturiu-ministeriju-atstovus\/"},"wordCount":395,"commentCount":0,"publisher":{"@id":"https:\/\/www.silutesnaujienos.lt\/lt\/#organization"},"articleSection":["Aktualijos"],"inLanguage":"lt-LT","potentialAction":[{"@type":"CommentAction","name":"Comment","target":["https:\/\/www.silutesnaujienos.lt\/lt\/seimo-vicepirmininkas-k-komskis-del-didsiliu-vejo-jegainiu-kvieciasi-keturiu-ministeriju-atstovus\/#respond"]}]},{"@type":"WebPage","@id":"https:\/\/www.silutesnaujienos.lt\/lt\/seimo-vicepirmininkas-k-komskis-del-didsiliu-vejo-jegainiu-kvieciasi-keturiu-ministeriju-atstovus\/","url":"https:\/\/www.silutesnaujienos.lt\/lt\/seimo-vicepirmininkas-k-komskis-del-didsiliu-vejo-jegainiu-kvieciasi-keturiu-ministeriju-atstovus\/","name":"Seimo vicepirmininkas K.Komskis d\u0117l Did\u0161ili\u0173 v\u0117jo j\u0117gaini\u0173 kvie\u010diasi keturi\u0173 ministerij\u0173 atstovus - \u0160ilut\u0117s naujienos","isPartOf":{"@id":"https:\/\/www.silutesnaujienos.lt\/lt\/#website"},"datePublished":"2013-01-29T09:00:00+00:00","breadcrumb":{"@id":"https:\/\/www.silutesnaujienos.lt\/lt\/seimo-vicepirmininkas-k-komskis-del-didsiliu-vejo-jegainiu-kvieciasi-keturiu-ministeriju-atstovus\/#breadcrumb"},"inLanguage":"lt-LT","potentialAction":[{"@type":"ReadAction","target":["https:\/\/www.silutesnaujienos.lt\/lt\/seimo-vicepirmininkas-k-komskis-del-didsiliu-vejo-jegainiu-kvieciasi-keturiu-ministeriju-atstovus\/"]}]},{"@type":"BreadcrumbList","@id":"https:\/\/www.silutesnaujienos.lt\/lt\/seimo-vicepirmininkas-k-komskis-del-didsiliu-vejo-jegainiu-kvieciasi-keturiu-ministeriju-atstovus\/#breadcrumb","itemListElement":[{"@type":"ListItem","position":1,"name":"Home","item":"https:\/\/www.silutesnaujienos.lt\/lt\/"},{"@type":"ListItem","position":2,"name":"Seimo vicepirmininkas K.Komskis d\u0117l Did\u0161ili\u0173 v\u0117jo j\u0117gaini\u0173 kvie\u010diasi keturi\u0173 ministerij\u0173 atstovus"}]},{"@type":"WebSite","@id":"https:\/\/www.silutesnaujienos.lt\/lt\/#website","url":"https:\/\/www.silutesnaujienos.lt\/lt\/","name":"\u0160ilut\u0117s naujienos","description":"B\u016bk ant naujien\u0173 bangos!","publisher":{"@id":"https:\/\/www.silutesnaujienos.lt\/lt\/#organization"},"potentialAction":[{"@type":"SearchAction","target":{"@type":"EntryPoint","urlTemplate":"https:\/\/www.silutesnaujienos.lt\/lt\/?s={search_term_string}"},"query-input":{"@type":"PropertyValueSpecification","valueRequired":true,"valueName":"search_term_string"}}],"inLanguage":"lt-LT"},{"@type":"Organization","@id":"https:\/\/www.silutesnaujienos.lt\/lt\/#organization","name":"\u0160ilut\u0117s naujienos","url":"https:\/\/www.silutesnaujienos.lt\/lt\/","logo":{"@type":"ImageObject","inLanguage":"lt-LT","@id":"https:\/\/www.silutesnaujienos.lt\/lt\/#\/schema\/logo\/image\/","url":"https:\/\/www.silutesnaujienos.lt\/lt\/wp-content\/uploads\/2020\/06\/FB_MAIN.jpg","contentUrl":"https:\/\/www.silutesnaujienos.lt\/lt\/wp-content\/uploads\/2020\/06\/FB_MAIN.jpg","width":1700,"height":956,"caption":"\u0160ilut\u0117s naujienos"},"image":{"@id":"https:\/\/www.silutesnaujienos.lt\/lt\/#\/schema\/logo\/image\/"},"sameAs":["https:\/\/www.facebook.com\/silutes.naujienos\/","https:\/\/www.youtube.com\/channel\/UCxW-cgrJDt8GxIMxSTAfJZg"]},{"@type":"Person","@id":"https:\/\/www.silutesnaujienos.lt\/lt\/#\/schema\/person\/232f475ddd4a7b5f49b3abc788b17e83","name":"\u0160ilut\u0117s naujien\u0173 inf.","image":{"@type":"ImageObject","inLanguage":"lt-LT","@id":"https:\/\/www.silutesnaujienos.lt\/lt\/wp-content\/uploads\/2020\/06\/favicon.png","url":"https:\/\/www.silutesnaujienos.lt\/lt\/wp-content\/uploads\/2020\/06\/favicon.png","contentUrl":"https:\/\/www.silutesnaujienos.lt\/lt\/wp-content\/uploads\/2020\/06\/favicon.png","caption":"\u0160ilut\u0117s naujien\u0173 inf."},"sameAs":["https:\/\/www.silutesnaujienos.lt\/lt"],"url":"https:\/\/www.silutesnaujienos.lt\/lt\/author\/ruta\/"}]}},"publishpress_future_workflow_manual_trigger":{"enabledWorkflows":[]},"amp_enabled":true,"_links":{"self":[{"href":"https:\/\/www.silutesnaujienos.lt\/lt\/wp-json\/wp\/v2\/posts\/11383","targetHints":{"allow":["GET"]}}],"collection":[{"href":"https:\/\/www.silutesnaujienos.lt\/lt\/wp-json\/wp\/v2\/posts"}],"about":[{"href":"https:\/\/www.silutesnaujienos.lt\/lt\/wp-json\/wp\/v2\/types\/post"}],"author":[{"embeddable":true,"href":"https:\/\/www.silutesnaujienos.lt\/lt\/wp-json\/wp\/v2\/users\/1"}],"replies":[{"embeddable":true,"href":"https:\/\/www.silutesnaujienos.lt\/lt\/wp-json\/wp\/v2\/comments?post=11383"}],"version-history":[{"count":0,"href":"https:\/\/www.silutesnaujienos.lt\/lt\/wp-json\/wp\/v2\/posts\/11383\/revisions"}],"wp:attachment":[{"href":"https:\/\/www.silutesnaujienos.lt\/lt\/wp-json\/wp\/v2\/media?parent=11383"}],"wp:term":[{"taxonomy":"category","embeddable":true,"href":"https:\/\/www.silutesnaujienos.lt\/lt\/wp-json\/wp\/v2\/categories?post=11383"},{"taxonomy":"post_tag","embeddable":true,"href":"https:\/\/www.silutesnaujienos.lt\/lt\/wp-json\/wp\/v2\/tags?post=11383"}],"curies":[{"name":"wp","href":"https:\/\/api.w.org\/{rel}","templated":true}]}}