{"id":11396,"date":"2013-02-17T14:00:00","date_gmt":"2013-02-17T16:00:00","guid":{"rendered":"https:\/\/www.silutesnaujienos.lt\/lt\/silutes-senamiestis-ruosiasi-atgimimui\/"},"modified":"2013-02-17T14:00:00","modified_gmt":"2013-02-17T16:00:00","slug":"silutes-senamiestis-ruosiasi-atgimimui","status":"publish","type":"post","link":"https:\/\/www.silutesnaujienos.lt\/lt\/silutes-senamiestis-ruosiasi-atgimimui\/","title":{"rendered":"\u0160ilut\u0117s senamiestis ruo\u0161iasi atgimimui"},"content":{"rendered":"<p><a target=\"_blank\" rel=\"caption[A.Jako vadovaujama darbo grup\u0117 suskubo rengti \u0160ilut\u0117s \u0160ilokar\u010demos kvartalo renovacijos ir rekonstrukcijos koncepcijos konkurs\u0105.] noopener noreferrer\" class=\"jcepopup\" href=\"\/\/silutesnaujienos.lt\/images\/stories\/2013\/02\/14\/silokarcemos_kvartalo_vizija.jpg\" data-rel=\"lightbox-gallery-FSY95Mmx\" data-rl_title=\"\" data-rl_caption=\"\"><img loading=\"lazy\" decoding=\"async\" style=\"margin: 5px; float: left;\" class=\"caption\" title=\"\" alt=\"silokarcemos kvartalo vizija\" src=\"\/\/silutesnaujienos.lt\/images\/stories\/2013\/02\/14\/thumbnails\/thumb_silokarcemos_kvartalo_vizija.jpg\" height=\"230\" width=\"307\" \/><\/a><strong>Po keleri\u0173 met\u0173 \u0160ilut\u0117s miesto senamiestis gali atgimti ir tapti reprezentacine vieta: \u0161iluti\u0161kiai ir miesto sve\u010diai vaik\u0161tin\u0117s renovuotomis \u0160ilokar\u010demos kvartalo gatvel\u0117mis, g\u0117r\u0117sis naujomis spalvomis nu\u0161vitusiais \u010dia stovin\u010diais \u012fdomios architekt\u016bros namais, u\u017esuks \u012f \u010dia esan\u010dias kavinukes ir suvenyr\u0173 parduotuv\u0117les.<\/strong><\/p>\n<p><strong>Toki\u0105 vilt\u012f teikia \u0160ilut\u0117s r. savivaldyb\u0117s tarybos narys, Ekonomikos ir finans\u0173 komiteto pirmininkas Arvydas JAKAS, kuris toliau judina jo paties parengt\u0105 sprendimo projekt\u0105 d\u0117l seniausios \u0160ilut\u0117s miesto dalies renovacijos.<\/strong><\/p>\n<p>Jei pavyks laiku parengti detaliuosius ir techninius planus bei surengti \u0160ilokar\u010demos kvartalo vizijos k\u016br\u0117j\u0173 konkurs\u0105, tikimasi, kad kvartalo rekonstrukcijai l\u0117\u0161\u0173 pavyks gauti i\u0161 Europos S\u0105jungos strukt\u016brini\u0173 fond\u0173.<\/p>\n<p><\/p>\n<p>Pra\u0117jusi\u0105 savait\u0119 Savivaldyb\u0117je kelis kartus pos\u0117d\u017eiavusi darbo grup\u0117 \u0160ilokar\u010demos senamies\u010dio rekonstrukcijos ir renovacijos vizij\u0105 dar kart\u0105 aptar\u0117 ir su Klaip\u0117dos architektais.<\/p>\n<p><strong>Iniciatyvos prad\u017eia &#8211; 2009-ieji<\/strong><\/p>\n<p>Vargu ar kas begal\u0117t\u0173 tiksliai pasakyti, kiek jau met\u0173 \u0160ilut\u0117je kalbama apie tai, kad reik\u0117t\u0173 atgaivinti \u0160ilokar\u010demos senamiest\u012f, sugr\u0105\u017einant jam istorin\u012f veid\u0105. Ta\u010diau tam reik\u0117t\u0173 toki\u0173 investicij\u0173, koki\u0173 rajono vadovai ir politikai jau \u201eN\u201c met\u0173 neranda.<br \/>\u0160ilokar\u010demos senamies\u010diu vadinama senojo turgaus aik\u0161t\u0117s, Klaip\u0117dos, Turgaus, Piev\u0173, \u017duv\u0173, Uosto, Vandens ir Rusn\u0117s, Dariaus ir Gir\u0117no bei Kalinausko gatvi\u0173 teritorija.<\/p>\n<p>2009-aisiais judinti \u0161\u012f reikal\u0105\u00a0 \u0117m\u0117si A.Jakas, tuomet pareng\u0119s sprendimo projekt\u0105 d\u0117l pritarimo rengti \u0160ilut\u0117s miesto \u0160ilokar\u010demos senamies\u010dio pastat\u0173 ir vie\u0161osios infrastrukt\u016bros rekonstrukcijos ir renovacijos technin\u012f projekt\u0105. Ta\u010diau Ekonomikos ir finans\u0173 komitete pirm\u0105 kart\u0105 \u0161is projektas svarstytas tik v\u0117lyv\u0105 2011-\u0173j\u0173 pavasar\u012f.<\/p>\n<p>Jau tuomet nuomoni\u0173 skirtumas buvo akivaizdus: vieni entuziastingai pritar\u0117 A.Jako si\u016blymui, kiti tvirtino, jog neverta n\u0117 prad\u0117ti projektuoti, ne\u017einant, ar bus gauta reikaling\u0173 milijon\u0173.<\/p>\n<p>Pasikeitus vald\u017eiai, pernai sudaryta darbo grup\u0117 \u0161\u012f reikal\u0105 v\u0117l \u0117m\u0117 judinti.<\/p>\n<p><strong>\u012e konkurs\u0105 kvie\u010dia profesionalus<\/strong><\/p>\n<p>A.Jakas teigia, kad \u0160ilokar\u010demos kvartalo sutvarkymas ir atgaivinimas gal\u0117t\u0173 tapti prioritetiniu strateginiu rajono projektu, kur\u012f Savivaldyb\u0117 gal\u0117t\u0173 teikti Europos S\u0105jungos strukt\u016briniams fondams 2014-2020 met\u0173 laikotarpio finansinei paramai gauti. \u0160iuo laikotarpiu Lietuvai yra numatytos didel\u0117s l\u0117\u0161os. \u201e\u0160ilutei reik\u0117t\u0173 suskubti paruo\u0161ti rimt\u0105 investicin\u012f projekt\u0105\u201c, &#8211; sako darbo grup\u0117s pirmininkas A.Jakas.<\/p>\n<p>Pirmojo etapo darbas tur\u0117t\u0173 b\u016bti rekonstrukcijos techninio projekto parengimas tai kvartalo daliai, kuri apima teritorij\u0105 nuo \u0160ilut\u0117s uosto iki Klaip\u0117dos gatv\u0117s. Antruoju etapu reik\u0117t\u0173 projekto likusiai viso kvartalo daliai, apiman\u010diai teritorij\u0105 nuo savivaldyb\u0117s iki Kalinausko ir Dariaus ir Gir\u0117no gatvi\u0173. Tada b\u016bt\u0173 galima rengti detaliuosius planus.<\/p>\n<p>Bet pirmiausia tur\u0117t\u0173 \u012fvykti konkursas i\u0161rinkti viso kvartalo vizij\u0105. Konkurse tur\u0117t\u0173 dalyvauti profesionalai. Tod\u0117l darbo grup\u0117 nutar\u0117 kviestis uostamies\u010dio architektus ir projektuotojus.<\/p>\n<p><strong>Si\u016blo svarstyti ir visuomenei<\/strong><\/p>\n<p>\u012e darbo grup\u0117s pos\u0117d\u012f atvyk\u0119 Lietuvos architekt\u0173 s\u0105jungos (LAS) Klaip\u0117dos skyriaus vadovas Vaidotas Dapkevi\u010dius ir atsakingasis sekretorius Darius Rai\u0161utis pasid\u017eiaug\u0117 \u0161iluti\u0161ki\u0173 sumanymu pasitelkti profesional\u0173 paj\u0117gas bei \u017evelgti pla\u010diau.<\/p>\n<p>Uostamies\u010dio architektai mielai sutiko bendradarbiauti su \u0161iluti\u0161kiais bei patar\u0117 \u012ftraukti \u012f \u0161\u012f darb\u0105 ir Kult\u016bros paveldo departamento atstovus. Pastarieji specialistai gal\u0117t\u0173 recenzuoti pasi\u016blymus, kuri\u0173 bus sulaukta, be to, taip b\u016bt\u0173 i\u0161vengta galim\u0173 konflikt\u0173 su paveldosaugininkais ateityje, nes visas rekonstruotinas plotas yra saugomoje urbanistin\u0117je teritorijoje. Apie tai sve\u010dius informavo Kult\u016bros skyriaus specialist\u0117 Reda \u0160velni\u016bt\u0117.<\/p>\n<p>Tiesa, minimoje teritorijoje, kuri u\u017eima 13,5 hektaro plot\u0105, yra daug priva\u010dios nuosavyb\u0117s, bet visos teritorijos vientisumas tur\u0117s b\u016bti i\u0161laikytas.<\/p>\n<p>V.Dapkevi\u010dius ir D.Rai\u0161utis rekomendavo, kad tuomet, kai bus gauti konkret\u016bs kvartalo rekonstrukcijos pasi\u016blymai, savo nuomones apie juos i\u0161sakyt\u0173 ne tik profesional\u016bs recenzentai, bet ir \u0160ilut\u0117s bendruomen\u0117 vie\u0161o svarstymo metu.<\/p>\n<p><strong>Autenti\u0161kumas tur\u0117s i\u0161likti<\/strong> <\/p>\n<p>\u0160iluti\u0161kiai darbo grup\u0117s nariai viliasi, jog bus parengta ne viena koncepcija, kaip po rekonstrukcijos tur\u0117t\u0173 atrodyti \u0160ilokar\u010demos kvartalo aik\u0161t\u0117, gatv\u0117s, namai. Gal kelios j\u0173 papildyt\u0173 viena kit\u0105, ir jose b\u016bt\u0173 galima \u012f\u017evelgti visos \u0160ilut\u0117s vizij\u0105 po keleri\u0173 met\u0173.<\/p>\n<p>\u201eBe abejo, \u0160ilokar\u010demos kvartale tur\u0117t\u0173 i\u0161likti autenti\u0161kumas, spalv\u0173 ir u\u017era\u0161\u0173 gamos\u201c, &#8211; toki\u0105 vizij\u0105 mato A.Jakas.<br \/>O Savivaldyb\u0117s Architekt\u016bros ir urbanistikos skyriaus ved\u0117jas Viktoras Bi\u010dkauskas, be kita ko, si\u016blo kaip nors \u010dia \u012fam\u017einti ir \u017eymi\u0173 \u0161io kra\u0161to \u017emoni\u0173 atminim\u0105.<\/p>\n<p>\u201eTurime suskubti, nes tik tur\u0117dami koncepcij\u0105 gal\u0117sime ie\u0161koti finansin\u0117s paramos europiniuose fonduose\u201c, &#8211; sako A.Jakas.<br \/>Vien tik koncepcijos konkursui surengti, anot jo, labai preliminariais skai\u010diavimais reik\u0117t\u0173 gal 50 t\u016bkst. lit\u0173.<\/p>\n<p>Kiek atsieit\u0173 viso kvartalo rekonstrukcija? Pasak A.Jako, ne ma\u017eiau 10 milijon\u0173 lit\u0173.<\/p>\n<p><strong>Buvo ir kitoki\u0173 nuomoni\u0173<\/strong><\/p>\n<p>Dar 2011-aisiais b\u016bta ir kitoki\u0173 nuomoni\u0173 d\u0117l \u0160ilokar\u010demos kvartalo ateities. \u0160tai dabartinis vicemeras \u0160ar\u016bnas Lau\u017eikas \u0161iam projektui si\u016bl\u0117 suteikti komercin\u012f atspalv\u012f &#8211; leisti priva\u010diam kapitalui atstatyti \u010dia buvusius pastatus, kuriuose v\u0117liau verslininkai jau gal\u0117t\u0173 pl\u0117sti savo veikl\u0105.<\/p>\n<p>Tuometinei A.Jako iniciatyvai, kad \u0160ilokar\u010demos kvartalo renovacijos projekto imt\u0173si Savivaldyb\u0117, nepritar\u0117 ir Vaidas Pavilonis, Algimantas \u010ceponis, Edvardas Vitkauskas. Pastarasis A.Jako parengt\u0105 sprendimo projekt\u0105 pavadino \u201evisi\u0161kai tu\u0161\u010diu pasi\u016blymu, nepagr\u012fstu jokiais ekonominiais skai\u010diavimais\u201c. Anot jo, pirma der\u0117t\u0173 atsakingai susid\u0117lioti prioritetus, kur nukreipti investicijas, o ne skub\u0117ti pildyti kiekvieno politiko u\u017egaidas. \u201eToki\u0173 projekt\u0173, kurie met\u0173 metus d\u016bla stal\u010diuose, jau ir taip nema\u017eai turime\u201c, &#8211; tuomet sak\u0117 E.Vitkauskas.<\/p>\n<p>\u0160iandien E.Vitkauskas sako jau tikintis projekto s\u0117kme, nes 2014-2020 metais Lietuva gali pretenduoti \u012f dideles ES l\u0117\u0161as. Realus tokio projekto \u012fgyvendinimas E.Vitkauskui atrodo ir tod\u0117l, kad pakviesti profesionalai, kurie, E.Vitkausko \u017eod\u017eiais, \u201egali parengti civilizuotus projektus\u201c.<\/p>\n<p>\u0160.Lau\u017eiko nuomon\u0117 nepasikeit\u0117, jis ir \u0161iandien sako manantis, jog \u012fgyvendinti tokius ambicingus planus gerokai pad\u0117t\u0173 privataus kapitalo pritraukimas.<\/p>\n","protected":false},"excerpt":{"rendered":"<p>Po keleri\u0173 met\u0173 \u0160ilut\u0117s miesto senamiestis gali atgimti ir tapti reprezentacine vieta: \u0161iluti\u0161kiai ir miesto sve\u010diai vaik\u0161tin\u0117s renovuotomis \u0160ilokar\u010demos kvartalo gatvel\u0117mis, g\u0117r\u0117sis naujomis spalvomis nu\u0161vitusiais \u010dia stovin\u010diais \u012fdomios architekt\u016bros namais, u\u017esuks \u012f \u010dia esan\u010dias kavinukes ir suvenyr\u0173 parduotuv\u0117les. Toki\u0105 vilt\u012f teikia \u0160ilut\u0117s r. savivaldyb\u0117s tarybos narys, Ekonomikos ir finans\u0173 komiteto pirmininkas Arvydas JAKAS, kuris toliau [&hellip;]<\/p>\n","protected":false},"author":1,"featured_media":0,"comment_status":"open","ping_status":"open","sticky":false,"template":"","format":"standard","meta":{"footnotes":""},"categories":[2],"tags":[],"class_list":{"0":"post-11396","1":"post","2":"type-post","3":"status-publish","4":"format-standard","6":"category-aktualijos"},"yoast_head":"<!-- This site is optimized with the Yoast SEO plugin v27.5 - https:\/\/yoast.com\/product\/yoast-seo-wordpress\/ -->\n<title>\u0160ilut\u0117s senamiestis ruo\u0161iasi atgimimui - \u0160ilut\u0117s naujienos<\/title>\n<meta name=\"robots\" content=\"index, follow, max-snippet:-1, max-image-preview:large, max-video-preview:-1\" \/>\n<link rel=\"canonical\" href=\"https:\/\/www.silutesnaujienos.lt\/lt\/silutes-senamiestis-ruosiasi-atgimimui\/\" \/>\n<meta property=\"og:locale\" content=\"lt_LT\" \/>\n<meta property=\"og:type\" content=\"article\" \/>\n<meta property=\"og:title\" content=\"\u0160ilut\u0117s senamiestis ruo\u0161iasi atgimimui - \u0160ilut\u0117s naujienos\" \/>\n<meta property=\"og:description\" content=\"Po keleri\u0173 met\u0173 \u0160ilut\u0117s miesto senamiestis gali atgimti ir tapti reprezentacine vieta: \u0161iluti\u0161kiai ir miesto sve\u010diai vaik\u0161tin\u0117s renovuotomis \u0160ilokar\u010demos kvartalo gatvel\u0117mis, g\u0117r\u0117sis naujomis spalvomis nu\u0161vitusiais \u010dia stovin\u010diais \u012fdomios architekt\u016bros namais, u\u017esuks \u012f \u010dia esan\u010dias kavinukes ir suvenyr\u0173 parduotuv\u0117les. Toki\u0105 vilt\u012f teikia \u0160ilut\u0117s r. savivaldyb\u0117s tarybos narys, Ekonomikos ir finans\u0173 komiteto pirmininkas Arvydas JAKAS, kuris toliau [&hellip;]\" \/>\n<meta property=\"og:url\" content=\"https:\/\/www.silutesnaujienos.lt\/lt\/silutes-senamiestis-ruosiasi-atgimimui\/\" \/>\n<meta property=\"og:site_name\" content=\"\u0160ilut\u0117s naujienos\" \/>\n<meta property=\"article:publisher\" content=\"https:\/\/www.facebook.com\/silutes.naujienos\/\" \/>\n<meta property=\"article:published_time\" content=\"2013-02-17T16:00:00+00:00\" \/>\n<meta property=\"og:image\" content=\"\/\/silutesnaujienos.lt\/images\/stories\/2013\/02\/14\/thumbnails\/thumb_silokarcemos_kvartalo_vizija.jpg\" \/>\n<meta name=\"author\" content=\"\u0160ilut\u0117s naujien\u0173 inf.\" \/>\n<meta name=\"twitter:card\" content=\"summary_large_image\" \/>\n<meta name=\"twitter:label1\" content=\"Written by\" \/>\n\t<meta name=\"twitter:data1\" content=\"\u0160ilut\u0117s naujien\u0173 inf.\" \/>\n\t<meta name=\"twitter:label2\" content=\"Est. reading time\" \/>\n\t<meta name=\"twitter:data2\" content=\"5 minut\u0117s\" \/>\n<script type=\"application\/ld+json\" class=\"yoast-schema-graph\">{\"@context\":\"https:\\\/\\\/schema.org\",\"@graph\":[{\"@type\":\"Article\",\"@id\":\"https:\\\/\\\/www.silutesnaujienos.lt\\\/lt\\\/silutes-senamiestis-ruosiasi-atgimimui\\\/#article\",\"isPartOf\":{\"@id\":\"https:\\\/\\\/www.silutesnaujienos.lt\\\/lt\\\/silutes-senamiestis-ruosiasi-atgimimui\\\/\"},\"author\":{\"name\":\"\u0160ilut\u0117s naujien\u0173 inf.\",\"@id\":\"https:\\\/\\\/www.silutesnaujienos.lt\\\/lt\\\/#\\\/schema\\\/person\\\/232f475ddd4a7b5f49b3abc788b17e83\"},\"headline\":\"\u0160ilut\u0117s senamiestis ruo\u0161iasi atgimimui\",\"datePublished\":\"2013-02-17T16:00:00+00:00\",\"mainEntityOfPage\":{\"@id\":\"https:\\\/\\\/www.silutesnaujienos.lt\\\/lt\\\/silutes-senamiestis-ruosiasi-atgimimui\\\/\"},\"wordCount\":979,\"commentCount\":0,\"publisher\":{\"@id\":\"https:\\\/\\\/www.silutesnaujienos.lt\\\/lt\\\/#organization\"},\"articleSection\":[\"Aktualijos\"],\"inLanguage\":\"lt-LT\",\"potentialAction\":[{\"@type\":\"CommentAction\",\"name\":\"Comment\",\"target\":[\"https:\\\/\\\/www.silutesnaujienos.lt\\\/lt\\\/silutes-senamiestis-ruosiasi-atgimimui\\\/#respond\"]}]},{\"@type\":\"WebPage\",\"@id\":\"https:\\\/\\\/www.silutesnaujienos.lt\\\/lt\\\/silutes-senamiestis-ruosiasi-atgimimui\\\/\",\"url\":\"https:\\\/\\\/www.silutesnaujienos.lt\\\/lt\\\/silutes-senamiestis-ruosiasi-atgimimui\\\/\",\"name\":\"\u0160ilut\u0117s senamiestis ruo\u0161iasi atgimimui - \u0160ilut\u0117s naujienos\",\"isPartOf\":{\"@id\":\"https:\\\/\\\/www.silutesnaujienos.lt\\\/lt\\\/#website\"},\"datePublished\":\"2013-02-17T16:00:00+00:00\",\"breadcrumb\":{\"@id\":\"https:\\\/\\\/www.silutesnaujienos.lt\\\/lt\\\/silutes-senamiestis-ruosiasi-atgimimui\\\/#breadcrumb\"},\"inLanguage\":\"lt-LT\",\"potentialAction\":[{\"@type\":\"ReadAction\",\"target\":[\"https:\\\/\\\/www.silutesnaujienos.lt\\\/lt\\\/silutes-senamiestis-ruosiasi-atgimimui\\\/\"]}]},{\"@type\":\"BreadcrumbList\",\"@id\":\"https:\\\/\\\/www.silutesnaujienos.lt\\\/lt\\\/silutes-senamiestis-ruosiasi-atgimimui\\\/#breadcrumb\",\"itemListElement\":[{\"@type\":\"ListItem\",\"position\":1,\"name\":\"Home\",\"item\":\"https:\\\/\\\/www.silutesnaujienos.lt\\\/lt\\\/\"},{\"@type\":\"ListItem\",\"position\":2,\"name\":\"\u0160ilut\u0117s senamiestis ruo\u0161iasi atgimimui\"}]},{\"@type\":\"WebSite\",\"@id\":\"https:\\\/\\\/www.silutesnaujienos.lt\\\/lt\\\/#website\",\"url\":\"https:\\\/\\\/www.silutesnaujienos.lt\\\/lt\\\/\",\"name\":\"\u0160ilut\u0117s naujienos\",\"description\":\"B\u016bk ant naujien\u0173 bangos!\",\"publisher\":{\"@id\":\"https:\\\/\\\/www.silutesnaujienos.lt\\\/lt\\\/#organization\"},\"potentialAction\":[{\"@type\":\"SearchAction\",\"target\":{\"@type\":\"EntryPoint\",\"urlTemplate\":\"https:\\\/\\\/www.silutesnaujienos.lt\\\/lt\\\/?s={search_term_string}\"},\"query-input\":{\"@type\":\"PropertyValueSpecification\",\"valueRequired\":true,\"valueName\":\"search_term_string\"}}],\"inLanguage\":\"lt-LT\"},{\"@type\":\"Organization\",\"@id\":\"https:\\\/\\\/www.silutesnaujienos.lt\\\/lt\\\/#organization\",\"name\":\"\u0160ilut\u0117s naujienos\",\"url\":\"https:\\\/\\\/www.silutesnaujienos.lt\\\/lt\\\/\",\"logo\":{\"@type\":\"ImageObject\",\"inLanguage\":\"lt-LT\",\"@id\":\"https:\\\/\\\/www.silutesnaujienos.lt\\\/lt\\\/#\\\/schema\\\/logo\\\/image\\\/\",\"url\":\"https:\\\/\\\/www.silutesnaujienos.lt\\\/lt\\\/wp-content\\\/uploads\\\/2020\\\/06\\\/FB_MAIN.jpg\",\"contentUrl\":\"https:\\\/\\\/www.silutesnaujienos.lt\\\/lt\\\/wp-content\\\/uploads\\\/2020\\\/06\\\/FB_MAIN.jpg\",\"width\":1700,\"height\":956,\"caption\":\"\u0160ilut\u0117s naujienos\"},\"image\":{\"@id\":\"https:\\\/\\\/www.silutesnaujienos.lt\\\/lt\\\/#\\\/schema\\\/logo\\\/image\\\/\"},\"sameAs\":[\"https:\\\/\\\/www.facebook.com\\\/silutes.naujienos\\\/\",\"https:\\\/\\\/www.youtube.com\\\/channel\\\/UCxW-cgrJDt8GxIMxSTAfJZg\"]},{\"@type\":\"Person\",\"@id\":\"https:\\\/\\\/www.silutesnaujienos.lt\\\/lt\\\/#\\\/schema\\\/person\\\/232f475ddd4a7b5f49b3abc788b17e83\",\"name\":\"\u0160ilut\u0117s naujien\u0173 inf.\",\"image\":{\"@type\":\"ImageObject\",\"inLanguage\":\"lt-LT\",\"@id\":\"https:\\\/\\\/www.silutesnaujienos.lt\\\/lt\\\/wp-content\\\/uploads\\\/2020\\\/06\\\/favicon.png\",\"url\":\"https:\\\/\\\/www.silutesnaujienos.lt\\\/lt\\\/wp-content\\\/uploads\\\/2020\\\/06\\\/favicon.png\",\"contentUrl\":\"https:\\\/\\\/www.silutesnaujienos.lt\\\/lt\\\/wp-content\\\/uploads\\\/2020\\\/06\\\/favicon.png\",\"caption\":\"\u0160ilut\u0117s naujien\u0173 inf.\"},\"sameAs\":[\"https:\\\/\\\/www.silutesnaujienos.lt\\\/lt\"],\"url\":\"https:\\\/\\\/www.silutesnaujienos.lt\\\/lt\\\/author\\\/ruta\\\/\"}]}<\/script>\n<!-- \/ Yoast SEO plugin. -->","yoast_head_json":{"title":"\u0160ilut\u0117s senamiestis ruo\u0161iasi atgimimui - \u0160ilut\u0117s naujienos","robots":{"index":"index","follow":"follow","max-snippet":"max-snippet:-1","max-image-preview":"max-image-preview:large","max-video-preview":"max-video-preview:-1"},"canonical":"https:\/\/www.silutesnaujienos.lt\/lt\/silutes-senamiestis-ruosiasi-atgimimui\/","og_locale":"lt_LT","og_type":"article","og_title":"\u0160ilut\u0117s senamiestis ruo\u0161iasi atgimimui - \u0160ilut\u0117s naujienos","og_description":"Po keleri\u0173 met\u0173 \u0160ilut\u0117s miesto senamiestis gali atgimti ir tapti reprezentacine vieta: \u0161iluti\u0161kiai ir miesto sve\u010diai vaik\u0161tin\u0117s renovuotomis \u0160ilokar\u010demos kvartalo gatvel\u0117mis, g\u0117r\u0117sis naujomis spalvomis nu\u0161vitusiais \u010dia stovin\u010diais \u012fdomios architekt\u016bros namais, u\u017esuks \u012f \u010dia esan\u010dias kavinukes ir suvenyr\u0173 parduotuv\u0117les. Toki\u0105 vilt\u012f teikia \u0160ilut\u0117s r. savivaldyb\u0117s tarybos narys, Ekonomikos ir finans\u0173 komiteto pirmininkas Arvydas JAKAS, kuris toliau [&hellip;]","og_url":"https:\/\/www.silutesnaujienos.lt\/lt\/silutes-senamiestis-ruosiasi-atgimimui\/","og_site_name":"\u0160ilut\u0117s naujienos","article_publisher":"https:\/\/www.facebook.com\/silutes.naujienos\/","article_published_time":"2013-02-17T16:00:00+00:00","og_image":[{"url":"\/\/silutesnaujienos.lt\/images\/stories\/2013\/02\/14\/thumbnails\/thumb_silokarcemos_kvartalo_vizija.jpg","type":"","width":"","height":""}],"author":"\u0160ilut\u0117s naujien\u0173 inf.","twitter_card":"summary_large_image","twitter_misc":{"Written by":"\u0160ilut\u0117s naujien\u0173 inf.","Est. reading time":"5 minut\u0117s"},"schema":{"@context":"https:\/\/schema.org","@graph":[{"@type":"Article","@id":"https:\/\/www.silutesnaujienos.lt\/lt\/silutes-senamiestis-ruosiasi-atgimimui\/#article","isPartOf":{"@id":"https:\/\/www.silutesnaujienos.lt\/lt\/silutes-senamiestis-ruosiasi-atgimimui\/"},"author":{"name":"\u0160ilut\u0117s naujien\u0173 inf.","@id":"https:\/\/www.silutesnaujienos.lt\/lt\/#\/schema\/person\/232f475ddd4a7b5f49b3abc788b17e83"},"headline":"\u0160ilut\u0117s senamiestis ruo\u0161iasi atgimimui","datePublished":"2013-02-17T16:00:00+00:00","mainEntityOfPage":{"@id":"https:\/\/www.silutesnaujienos.lt\/lt\/silutes-senamiestis-ruosiasi-atgimimui\/"},"wordCount":979,"commentCount":0,"publisher":{"@id":"https:\/\/www.silutesnaujienos.lt\/lt\/#organization"},"articleSection":["Aktualijos"],"inLanguage":"lt-LT","potentialAction":[{"@type":"CommentAction","name":"Comment","target":["https:\/\/www.silutesnaujienos.lt\/lt\/silutes-senamiestis-ruosiasi-atgimimui\/#respond"]}]},{"@type":"WebPage","@id":"https:\/\/www.silutesnaujienos.lt\/lt\/silutes-senamiestis-ruosiasi-atgimimui\/","url":"https:\/\/www.silutesnaujienos.lt\/lt\/silutes-senamiestis-ruosiasi-atgimimui\/","name":"\u0160ilut\u0117s senamiestis ruo\u0161iasi atgimimui - \u0160ilut\u0117s naujienos","isPartOf":{"@id":"https:\/\/www.silutesnaujienos.lt\/lt\/#website"},"datePublished":"2013-02-17T16:00:00+00:00","breadcrumb":{"@id":"https:\/\/www.silutesnaujienos.lt\/lt\/silutes-senamiestis-ruosiasi-atgimimui\/#breadcrumb"},"inLanguage":"lt-LT","potentialAction":[{"@type":"ReadAction","target":["https:\/\/www.silutesnaujienos.lt\/lt\/silutes-senamiestis-ruosiasi-atgimimui\/"]}]},{"@type":"BreadcrumbList","@id":"https:\/\/www.silutesnaujienos.lt\/lt\/silutes-senamiestis-ruosiasi-atgimimui\/#breadcrumb","itemListElement":[{"@type":"ListItem","position":1,"name":"Home","item":"https:\/\/www.silutesnaujienos.lt\/lt\/"},{"@type":"ListItem","position":2,"name":"\u0160ilut\u0117s senamiestis ruo\u0161iasi atgimimui"}]},{"@type":"WebSite","@id":"https:\/\/www.silutesnaujienos.lt\/lt\/#website","url":"https:\/\/www.silutesnaujienos.lt\/lt\/","name":"\u0160ilut\u0117s naujienos","description":"B\u016bk ant naujien\u0173 bangos!","publisher":{"@id":"https:\/\/www.silutesnaujienos.lt\/lt\/#organization"},"potentialAction":[{"@type":"SearchAction","target":{"@type":"EntryPoint","urlTemplate":"https:\/\/www.silutesnaujienos.lt\/lt\/?s={search_term_string}"},"query-input":{"@type":"PropertyValueSpecification","valueRequired":true,"valueName":"search_term_string"}}],"inLanguage":"lt-LT"},{"@type":"Organization","@id":"https:\/\/www.silutesnaujienos.lt\/lt\/#organization","name":"\u0160ilut\u0117s naujienos","url":"https:\/\/www.silutesnaujienos.lt\/lt\/","logo":{"@type":"ImageObject","inLanguage":"lt-LT","@id":"https:\/\/www.silutesnaujienos.lt\/lt\/#\/schema\/logo\/image\/","url":"https:\/\/www.silutesnaujienos.lt\/lt\/wp-content\/uploads\/2020\/06\/FB_MAIN.jpg","contentUrl":"https:\/\/www.silutesnaujienos.lt\/lt\/wp-content\/uploads\/2020\/06\/FB_MAIN.jpg","width":1700,"height":956,"caption":"\u0160ilut\u0117s naujienos"},"image":{"@id":"https:\/\/www.silutesnaujienos.lt\/lt\/#\/schema\/logo\/image\/"},"sameAs":["https:\/\/www.facebook.com\/silutes.naujienos\/","https:\/\/www.youtube.com\/channel\/UCxW-cgrJDt8GxIMxSTAfJZg"]},{"@type":"Person","@id":"https:\/\/www.silutesnaujienos.lt\/lt\/#\/schema\/person\/232f475ddd4a7b5f49b3abc788b17e83","name":"\u0160ilut\u0117s naujien\u0173 inf.","image":{"@type":"ImageObject","inLanguage":"lt-LT","@id":"https:\/\/www.silutesnaujienos.lt\/lt\/wp-content\/uploads\/2020\/06\/favicon.png","url":"https:\/\/www.silutesnaujienos.lt\/lt\/wp-content\/uploads\/2020\/06\/favicon.png","contentUrl":"https:\/\/www.silutesnaujienos.lt\/lt\/wp-content\/uploads\/2020\/06\/favicon.png","caption":"\u0160ilut\u0117s naujien\u0173 inf."},"sameAs":["https:\/\/www.silutesnaujienos.lt\/lt"],"url":"https:\/\/www.silutesnaujienos.lt\/lt\/author\/ruta\/"}]}},"publishpress_future_workflow_manual_trigger":{"enabledWorkflows":[]},"amp_enabled":true,"_links":{"self":[{"href":"https:\/\/www.silutesnaujienos.lt\/lt\/wp-json\/wp\/v2\/posts\/11396","targetHints":{"allow":["GET"]}}],"collection":[{"href":"https:\/\/www.silutesnaujienos.lt\/lt\/wp-json\/wp\/v2\/posts"}],"about":[{"href":"https:\/\/www.silutesnaujienos.lt\/lt\/wp-json\/wp\/v2\/types\/post"}],"author":[{"embeddable":true,"href":"https:\/\/www.silutesnaujienos.lt\/lt\/wp-json\/wp\/v2\/users\/1"}],"replies":[{"embeddable":true,"href":"https:\/\/www.silutesnaujienos.lt\/lt\/wp-json\/wp\/v2\/comments?post=11396"}],"version-history":[{"count":0,"href":"https:\/\/www.silutesnaujienos.lt\/lt\/wp-json\/wp\/v2\/posts\/11396\/revisions"}],"wp:attachment":[{"href":"https:\/\/www.silutesnaujienos.lt\/lt\/wp-json\/wp\/v2\/media?parent=11396"}],"wp:term":[{"taxonomy":"category","embeddable":true,"href":"https:\/\/www.silutesnaujienos.lt\/lt\/wp-json\/wp\/v2\/categories?post=11396"},{"taxonomy":"post_tag","embeddable":true,"href":"https:\/\/www.silutesnaujienos.lt\/lt\/wp-json\/wp\/v2\/tags?post=11396"}],"curies":[{"name":"wp","href":"https:\/\/api.w.org\/{rel}","templated":true}]}}