{"id":11402,"date":"2013-02-25T12:00:00","date_gmt":"2013-02-25T14:00:00","guid":{"rendered":"https:\/\/www.silutesnaujienos.lt\/lt\/savivaldybes-vadovai-nuo-zurnalistu-pasislepe-uz-iesmininkiu\/"},"modified":"2013-02-25T12:00:00","modified_gmt":"2013-02-25T14:00:00","slug":"savivaldybes-vadovai-nuo-zurnalistu-pasislepe-uz-iesmininkiu","status":"publish","type":"post","link":"https:\/\/www.silutesnaujienos.lt\/lt\/savivaldybes-vadovai-nuo-zurnalistu-pasislepe-uz-iesmininkiu\/","title":{"rendered":"Savivaldyb\u0117s vadovai nuo \u017eurnalist\u0173 pasisl\u0117p\u0117 u\u017e \u201eie\u0161mininki\u0173\u201c"},"content":{"rendered":"<p><a target=\"_blank\" rel=\"caption[2011 met\u0173 vasar\u0105 A.\u0160imelionis (de\u0161in\u0117je) ne kart\u0105 ai\u0161kinosi konflikto Dienos paslaug\u0173 centre esm\u0119, bet respublikinei televizijai jos nei\u0161sak\u0117.] noopener noreferrer\" class=\"jcepopup\" href=\"\/\/silutesnaujienos.lt\/images\/stories\/2013\/02\/22\/dienos_centras_P8290055.jpg\" data-rel=\"lightbox-gallery-yTUxXH9i\" data-rl_title=\"\" data-rl_caption=\"\"><img loading=\"lazy\" decoding=\"async\" style=\"margin: 5px; float: left;\" class=\"caption\" title=\"\" alt=\"dienos centras P8290055\" src=\"\/\/silutesnaujienos.lt\/images\/stories\/2013\/02\/22\/thumbnails\/thumb_dienos_centras_P8290055.jpg\" height=\"230\" width=\"307\" \/><\/a><strong>Vakar socialinius klausimus bent minimaliai nutuokiantys \u0161iluti\u0161kiai, o ypa\u010d &#8211; rajono Savivaldyb\u0117s skyri\u0173 darbuotojai \u016b\u017e\u0117 it bit\u0117s avilyje. \u016a\u017e\u0117 tod\u0117l, kad kone kiekvienam bjaur\u0173 kart\u0117l\u012f paliko rajono savivaldyb\u0117s vadov\u0173 pozicija, atsispind\u0117jusi i\u0161vakar\u0117se TV3 televizijos parodytoje laidoje apie konflikt\u0105 \u0160ilut\u0117s dienos paslaug\u0173 centre.<\/strong><\/p>\n<p>Savivaldyb\u0117s vadov\u0173 pozicij\u0105 i\u0161siai\u0161kinti panor\u0119 televizijos laidos \u201eAkistata\u201c \u017eurnalistai liko it mus\u0119 kand\u0119: nuo j\u0173 m\u016bs\u0173 rajono savivaldyb\u0117s mer\u0117, administracijos direktorius ir jo pavaduotojai atsitv\u0117r\u0117 ne tik stiklo pertvara, bet ir tyla. Atsimu\u0161in\u0117ti nuo \u017eurnalist\u0173 paliko jaun\u0105 mergin\u0105, dirban\u010di\u0105 \u201evieno langelio\u201c tarnyboje. B\u016btent jai teko raudonuojant ai\u0161kintis, es\u0105 visi m\u016bs\u0173 rajono vadovai taip u\u017eimti, kad n\u0117 vienas neranda 5 minu\u010di\u0173 susitikti su atvyk\u0117liais i\u0161 sostin\u0117s&#8230;<\/p>\n<p>O tereik\u0117jo tiek nedaug: tik paai\u0161kinti, k\u0105 ketinama daryti, kad nebe pirmus metus Dienos paslaug\u0173 centre besit\u0119siantis konfliktas tarp ten ugdom\u0173 jaunuoli\u0173 t\u0117v\u0173 ir \u012fstaigos direktor\u0117s pagaliau nuslopt\u0173.<\/p>\n<p><strong>Kulkosvaid\u017ei\u0173 ugn\u012f atlaik\u0117 V.Paulauskien\u0117<\/strong><\/p>\n<p>Apie kelerius metus besit\u0119siant\u012f konflikt\u0105 \u0160ilut\u0117s dienos paslaug\u0173 centre \u201e\u0160ilut\u0117s naujienos\u201c ra\u0161\u0117 jau ne vien\u0105 kart\u0105, tod\u0117l \u0161\u012fkart istorijos nekartosime. Televizijos laidos anonsai apie \u0161iluti\u0161ki\u0173 rietenas irgi r\u0117kte r\u0117k\u0117 jau nuo savaitgalio.<\/p>\n<p>B\u016btent riksm\u0173, o ne konstruktyvi\u0173 abiej\u0173 pusi\u0173 paai\u0161kinim\u0173 apstu buvo ir min\u0117toje laidoje. Deja, laidoje nesuteikta galimyb\u0117 i\u0161sakyti nuomones Dienos paslaug\u0173 centro darbuotojams, nors j\u0173 \u010dia dirba bene keliolika.<\/p>\n<p>Bet pik\u010diausia, kad netur\u0117jome galimyb\u0117s i\u0161girsti argumentus t\u0173, kurie tiesiogiai yra atsakingi u\u017e \u0161io centro darbuotoj\u0173 ir lankytoj\u0173 ramyb\u0119 ir konstruktyv\u0173 darb\u0105, kuriems privalu ai\u0161kintis problemas, o i\u0161siai\u0161kinus priimti atitinkamus sprendimus. Sprendimus, po kuri\u0173 ramyb\u0117 nusistov\u0117t\u0173, o darbas i\u0161ties tapt\u0173 konstruktyvus.<\/p>\n<p>\u201eTaip ir nesupratome, kod\u0117l atlaikyti vis\u0105 \u017einiasklaidos kulkosvaid\u017ei\u0173 ugn\u012f buvo priversta bene 8 m\u0117nesius vis dar laikinai Socialin\u0117s paramos skyriaus ved\u0117jos pareigas einanti Virginija Paulauskien\u0117. Juk tuomet, kai prie\u0161 por\u0105 met\u0173 konfliktas tiesiog sprogo ir jo purslai apta\u0161k\u0117 tuometin\u0119 rajono vald\u017ei\u0105, V.Paulauskien\u0117 buvo tik skyriaus vyriausioji specialist\u0117 ir tos problemos nesprend\u0117. Juk vis\u0105 konflikt\u0105 gerai \u017eino direktoriaus pavaduotojas Alvidas \u0160imelionis, bet jis n\u0117 aki\u0173 nerod\u0117\u201c, &#8211; vakar tarpusavyje kalb\u0117josi kai kuri\u0173 savivaldyb\u0117s skyri\u0173 darbuotojai.<\/p>\n<p><strong>Savivaldyb\u0117je &#8211; suged\u0119 telefonai?<\/strong><\/p>\n<p>T\u0105 \u201ekod\u0117l?\u201c adresuojame \u017emogui, kuris apie abiej\u0173 pusi\u0173 &#8211; Dienos paslaug\u0173 centro vadov\u0117s Onos Klasauskien\u0117s ir j\u012f lankan\u010di\u0173 ne\u012fgali\u0173 vaik\u0173 t\u0117v\u0173 &#8211; konflikt\u0105 \u017eino daugiausiai &#8211; A.\u0160imelioniui, kuris anks\u010diau buvo Socialin\u0117s paramos skyriaus ved\u0117jas, o dabar administracijos direktoriaus pavaduotojas, atsakingas u\u017e socialin\u0119 srit\u012f.<\/p>\n<p>\u201eNiekad neb\u0117gau nuo \u017einiasklaidos, net tada, kai kalb\u0117ti teko nemaloniomis temomis\u201c, &#8211; \u201e\u0160ilut\u0117s naujienoms\u201c teig\u0117 A.\u0160imelionis ir \u010dia pat prid\u016br\u0117, kad ne jis privalo ie\u0161koti \u017eurnalist\u0173, jog atsakyt\u0173 \u012f j\u0173 klausimus. O TV3 laidos k\u016br\u0117jai, anot A.\u0160imelionio, greit spruko i\u0161 Savivaldyb\u0117s, vos pakalbin\u0119 u\u017e langelio s\u0117din\u010di\u0105 pri\u0117mimo skyriaus darbuotoj\u0105.<\/p>\n<p>Jis tvirtina, kad vos su\u017einoj\u0119s apie atvykstan\u010dius \u017eurnalistus nu\u0117j\u0119s \u012f Socialin\u0117s paramos skyri\u0173 pasiimti su \u0161iuo reikalu susijusi\u0173 dokument\u0173 ir lauk\u0119s sve\u010di\u0173 savo kabinete. Kod\u0117l pirmame auk\u0161te s\u0117dinti \u201evieno langelio\u201c skyriaus darbuotoja Dovil\u0117 Pauparyt\u0117 sve\u010diams prane\u0161\u0117, es\u0105 visi Savivaldyb\u0117s vadovai pos\u0117d\u017eiauja, kai tuo metu jokio pos\u0117d\u017eio nebuvo, A.\u0160imelionis ne\u017eino.<\/p>\n<p>\u201eGal kuri sekretor\u0117, klausiama, kur tuo metu yra mer\u0117 ir administracijos vadovai, kalb\u0117dama prid\u0117jo \u017eod\u012f \u201epos\u0117dis\u201c, taip viskas ir i\u0161sirutuliojo\u201c, &#8211; pasvarst\u0117 administracijos direktoriaus pavaduotojas.<\/p>\n<p>Kaip tuomet jis vertina D.Pauparyt\u0117s darb\u0105? \u201eBlogai, jai teks pasiai\u0161kinti\u201c, &#8211; i\u0161girdome atsakym\u0105.<\/p>\n<p>Dar A.\u0160imelionis pasvarst\u0117, kad lieka tik sp\u0117lioti, ar vienpusi\u0161ka vadinamos laidos k\u016br\u0117jai b\u016bt\u0173 parod\u0119 kitos pus\u0117s atsakymus, jei tokius ir b\u016bt\u0173 i\u0161gird\u0119.<\/p>\n<p>Pasak A.\u0160imelionio, jei Dienos paslaug\u0173 centro vadov\u0119 O.Klasauskien\u0119 b\u016bt\u0173 buv\u0119 u\u017e k\u0105 atleisti, ji jau b\u016bt\u0173 atleista. Ta\u010diau patikrinimo metu prie\u0161 por\u0105 met\u0173 \u012fstaigos darbe nustatyti pa\u017eeidimai nebuvo grub\u016bs. Jei Savivaldyb\u0117 b\u016bt\u0173 paklususi centro ugdytini\u0173 t\u0117v\u0173 reikalavimams atleisti direktor\u0119 i\u0161 pareig\u0173, direktor\u0117 per teism\u0105 b\u016bt\u0173 gal\u0117jusi susigr\u0105\u017einti pareigas.<\/p>\n<p>Deja, visa Lietuva pastar\u0173j\u0173 argument\u0173 nei\u0161girdo&#8230;<\/p>\n","protected":false},"excerpt":{"rendered":"<p>Vakar socialinius klausimus bent minimaliai nutuokiantys \u0161iluti\u0161kiai, o ypa\u010d &#8211; rajono Savivaldyb\u0117s skyri\u0173 darbuotojai \u016b\u017e\u0117 it bit\u0117s avilyje. \u016a\u017e\u0117 tod\u0117l, kad kone kiekvienam bjaur\u0173 kart\u0117l\u012f paliko rajono savivaldyb\u0117s vadov\u0173 pozicija, atsispind\u0117jusi i\u0161vakar\u0117se TV3 televizijos parodytoje laidoje apie konflikt\u0105 \u0160ilut\u0117s dienos paslaug\u0173 centre. Savivaldyb\u0117s vadov\u0173 pozicij\u0105 i\u0161siai\u0161kinti panor\u0119 televizijos laidos \u201eAkistata\u201c \u017eurnalistai liko it mus\u0119 kand\u0119: [&hellip;]<\/p>\n","protected":false},"author":1,"featured_media":0,"comment_status":"open","ping_status":"open","sticky":false,"template":"","format":"standard","meta":{"footnotes":""},"categories":[2],"tags":[],"class_list":{"0":"post-11402","1":"post","2":"type-post","3":"status-publish","4":"format-standard","6":"category-aktualijos"},"yoast_head":"<!-- This site is optimized with the Yoast SEO plugin v27.5 - https:\/\/yoast.com\/product\/yoast-seo-wordpress\/ -->\n<title>Savivaldyb\u0117s vadovai nuo \u017eurnalist\u0173 pasisl\u0117p\u0117 u\u017e \u201eie\u0161mininki\u0173\u201c - \u0160ilut\u0117s naujienos<\/title>\n<meta name=\"robots\" content=\"index, follow, max-snippet:-1, max-image-preview:large, max-video-preview:-1\" \/>\n<link rel=\"canonical\" href=\"https:\/\/www.silutesnaujienos.lt\/lt\/savivaldybes-vadovai-nuo-zurnalistu-pasislepe-uz-iesmininkiu\/\" \/>\n<meta property=\"og:locale\" content=\"lt_LT\" \/>\n<meta property=\"og:type\" content=\"article\" \/>\n<meta property=\"og:title\" content=\"Savivaldyb\u0117s vadovai nuo \u017eurnalist\u0173 pasisl\u0117p\u0117 u\u017e \u201eie\u0161mininki\u0173\u201c - \u0160ilut\u0117s naujienos\" \/>\n<meta property=\"og:description\" content=\"Vakar socialinius klausimus bent minimaliai nutuokiantys \u0161iluti\u0161kiai, o ypa\u010d &#8211; rajono Savivaldyb\u0117s skyri\u0173 darbuotojai \u016b\u017e\u0117 it bit\u0117s avilyje. \u016a\u017e\u0117 tod\u0117l, kad kone kiekvienam bjaur\u0173 kart\u0117l\u012f paliko rajono savivaldyb\u0117s vadov\u0173 pozicija, atsispind\u0117jusi i\u0161vakar\u0117se TV3 televizijos parodytoje laidoje apie konflikt\u0105 \u0160ilut\u0117s dienos paslaug\u0173 centre. Savivaldyb\u0117s vadov\u0173 pozicij\u0105 i\u0161siai\u0161kinti panor\u0119 televizijos laidos \u201eAkistata\u201c \u017eurnalistai liko it mus\u0119 kand\u0119: [&hellip;]\" \/>\n<meta property=\"og:url\" content=\"https:\/\/www.silutesnaujienos.lt\/lt\/savivaldybes-vadovai-nuo-zurnalistu-pasislepe-uz-iesmininkiu\/\" \/>\n<meta property=\"og:site_name\" content=\"\u0160ilut\u0117s naujienos\" \/>\n<meta property=\"article:publisher\" content=\"https:\/\/www.facebook.com\/silutes.naujienos\/\" \/>\n<meta property=\"article:published_time\" content=\"2013-02-25T14:00:00+00:00\" \/>\n<meta property=\"og:image\" content=\"\/\/silutesnaujienos.lt\/images\/stories\/2013\/02\/22\/thumbnails\/thumb_dienos_centras_P8290055.jpg\" \/>\n<meta name=\"author\" content=\"\u0160ilut\u0117s naujien\u0173 inf.\" \/>\n<meta name=\"twitter:card\" content=\"summary_large_image\" \/>\n<meta name=\"twitter:label1\" content=\"Written by\" \/>\n\t<meta name=\"twitter:data1\" content=\"\u0160ilut\u0117s naujien\u0173 inf.\" \/>\n\t<meta name=\"twitter:label2\" content=\"Est. reading time\" \/>\n\t<meta name=\"twitter:data2\" content=\"4 minut\u0117s\" \/>\n<script type=\"application\/ld+json\" class=\"yoast-schema-graph\">{\"@context\":\"https:\\\/\\\/schema.org\",\"@graph\":[{\"@type\":\"Article\",\"@id\":\"https:\\\/\\\/www.silutesnaujienos.lt\\\/lt\\\/savivaldybes-vadovai-nuo-zurnalistu-pasislepe-uz-iesmininkiu\\\/#article\",\"isPartOf\":{\"@id\":\"https:\\\/\\\/www.silutesnaujienos.lt\\\/lt\\\/savivaldybes-vadovai-nuo-zurnalistu-pasislepe-uz-iesmininkiu\\\/\"},\"author\":{\"name\":\"\u0160ilut\u0117s naujien\u0173 inf.\",\"@id\":\"https:\\\/\\\/www.silutesnaujienos.lt\\\/lt\\\/#\\\/schema\\\/person\\\/232f475ddd4a7b5f49b3abc788b17e83\"},\"headline\":\"Savivaldyb\u0117s vadovai nuo \u017eurnalist\u0173 pasisl\u0117p\u0117 u\u017e \u201eie\u0161mininki\u0173\u201c\",\"datePublished\":\"2013-02-25T14:00:00+00:00\",\"mainEntityOfPage\":{\"@id\":\"https:\\\/\\\/www.silutesnaujienos.lt\\\/lt\\\/savivaldybes-vadovai-nuo-zurnalistu-pasislepe-uz-iesmininkiu\\\/\"},\"wordCount\":715,\"commentCount\":0,\"publisher\":{\"@id\":\"https:\\\/\\\/www.silutesnaujienos.lt\\\/lt\\\/#organization\"},\"articleSection\":[\"Aktualijos\"],\"inLanguage\":\"lt-LT\",\"potentialAction\":[{\"@type\":\"CommentAction\",\"name\":\"Comment\",\"target\":[\"https:\\\/\\\/www.silutesnaujienos.lt\\\/lt\\\/savivaldybes-vadovai-nuo-zurnalistu-pasislepe-uz-iesmininkiu\\\/#respond\"]}]},{\"@type\":\"WebPage\",\"@id\":\"https:\\\/\\\/www.silutesnaujienos.lt\\\/lt\\\/savivaldybes-vadovai-nuo-zurnalistu-pasislepe-uz-iesmininkiu\\\/\",\"url\":\"https:\\\/\\\/www.silutesnaujienos.lt\\\/lt\\\/savivaldybes-vadovai-nuo-zurnalistu-pasislepe-uz-iesmininkiu\\\/\",\"name\":\"Savivaldyb\u0117s vadovai nuo \u017eurnalist\u0173 pasisl\u0117p\u0117 u\u017e \u201eie\u0161mininki\u0173\u201c - \u0160ilut\u0117s naujienos\",\"isPartOf\":{\"@id\":\"https:\\\/\\\/www.silutesnaujienos.lt\\\/lt\\\/#website\"},\"datePublished\":\"2013-02-25T14:00:00+00:00\",\"breadcrumb\":{\"@id\":\"https:\\\/\\\/www.silutesnaujienos.lt\\\/lt\\\/savivaldybes-vadovai-nuo-zurnalistu-pasislepe-uz-iesmininkiu\\\/#breadcrumb\"},\"inLanguage\":\"lt-LT\",\"potentialAction\":[{\"@type\":\"ReadAction\",\"target\":[\"https:\\\/\\\/www.silutesnaujienos.lt\\\/lt\\\/savivaldybes-vadovai-nuo-zurnalistu-pasislepe-uz-iesmininkiu\\\/\"]}]},{\"@type\":\"BreadcrumbList\",\"@id\":\"https:\\\/\\\/www.silutesnaujienos.lt\\\/lt\\\/savivaldybes-vadovai-nuo-zurnalistu-pasislepe-uz-iesmininkiu\\\/#breadcrumb\",\"itemListElement\":[{\"@type\":\"ListItem\",\"position\":1,\"name\":\"Home\",\"item\":\"https:\\\/\\\/www.silutesnaujienos.lt\\\/lt\\\/\"},{\"@type\":\"ListItem\",\"position\":2,\"name\":\"Savivaldyb\u0117s vadovai nuo \u017eurnalist\u0173 pasisl\u0117p\u0117 u\u017e \u201eie\u0161mininki\u0173\u201c\"}]},{\"@type\":\"WebSite\",\"@id\":\"https:\\\/\\\/www.silutesnaujienos.lt\\\/lt\\\/#website\",\"url\":\"https:\\\/\\\/www.silutesnaujienos.lt\\\/lt\\\/\",\"name\":\"\u0160ilut\u0117s naujienos\",\"description\":\"B\u016bk ant naujien\u0173 bangos!\",\"publisher\":{\"@id\":\"https:\\\/\\\/www.silutesnaujienos.lt\\\/lt\\\/#organization\"},\"potentialAction\":[{\"@type\":\"SearchAction\",\"target\":{\"@type\":\"EntryPoint\",\"urlTemplate\":\"https:\\\/\\\/www.silutesnaujienos.lt\\\/lt\\\/?s={search_term_string}\"},\"query-input\":{\"@type\":\"PropertyValueSpecification\",\"valueRequired\":true,\"valueName\":\"search_term_string\"}}],\"inLanguage\":\"lt-LT\"},{\"@type\":\"Organization\",\"@id\":\"https:\\\/\\\/www.silutesnaujienos.lt\\\/lt\\\/#organization\",\"name\":\"\u0160ilut\u0117s naujienos\",\"url\":\"https:\\\/\\\/www.silutesnaujienos.lt\\\/lt\\\/\",\"logo\":{\"@type\":\"ImageObject\",\"inLanguage\":\"lt-LT\",\"@id\":\"https:\\\/\\\/www.silutesnaujienos.lt\\\/lt\\\/#\\\/schema\\\/logo\\\/image\\\/\",\"url\":\"https:\\\/\\\/www.silutesnaujienos.lt\\\/lt\\\/wp-content\\\/uploads\\\/2020\\\/06\\\/FB_MAIN.jpg\",\"contentUrl\":\"https:\\\/\\\/www.silutesnaujienos.lt\\\/lt\\\/wp-content\\\/uploads\\\/2020\\\/06\\\/FB_MAIN.jpg\",\"width\":1700,\"height\":956,\"caption\":\"\u0160ilut\u0117s naujienos\"},\"image\":{\"@id\":\"https:\\\/\\\/www.silutesnaujienos.lt\\\/lt\\\/#\\\/schema\\\/logo\\\/image\\\/\"},\"sameAs\":[\"https:\\\/\\\/www.facebook.com\\\/silutes.naujienos\\\/\",\"https:\\\/\\\/www.youtube.com\\\/channel\\\/UCxW-cgrJDt8GxIMxSTAfJZg\"]},{\"@type\":\"Person\",\"@id\":\"https:\\\/\\\/www.silutesnaujienos.lt\\\/lt\\\/#\\\/schema\\\/person\\\/232f475ddd4a7b5f49b3abc788b17e83\",\"name\":\"\u0160ilut\u0117s naujien\u0173 inf.\",\"image\":{\"@type\":\"ImageObject\",\"inLanguage\":\"lt-LT\",\"@id\":\"https:\\\/\\\/www.silutesnaujienos.lt\\\/lt\\\/wp-content\\\/uploads\\\/2020\\\/06\\\/favicon.png\",\"url\":\"https:\\\/\\\/www.silutesnaujienos.lt\\\/lt\\\/wp-content\\\/uploads\\\/2020\\\/06\\\/favicon.png\",\"contentUrl\":\"https:\\\/\\\/www.silutesnaujienos.lt\\\/lt\\\/wp-content\\\/uploads\\\/2020\\\/06\\\/favicon.png\",\"caption\":\"\u0160ilut\u0117s naujien\u0173 inf.\"},\"sameAs\":[\"https:\\\/\\\/www.silutesnaujienos.lt\\\/lt\"],\"url\":\"https:\\\/\\\/www.silutesnaujienos.lt\\\/lt\\\/author\\\/ruta\\\/\"}]}<\/script>\n<!-- \/ Yoast SEO plugin. -->","yoast_head_json":{"title":"Savivaldyb\u0117s vadovai nuo \u017eurnalist\u0173 pasisl\u0117p\u0117 u\u017e \u201eie\u0161mininki\u0173\u201c - \u0160ilut\u0117s naujienos","robots":{"index":"index","follow":"follow","max-snippet":"max-snippet:-1","max-image-preview":"max-image-preview:large","max-video-preview":"max-video-preview:-1"},"canonical":"https:\/\/www.silutesnaujienos.lt\/lt\/savivaldybes-vadovai-nuo-zurnalistu-pasislepe-uz-iesmininkiu\/","og_locale":"lt_LT","og_type":"article","og_title":"Savivaldyb\u0117s vadovai nuo \u017eurnalist\u0173 pasisl\u0117p\u0117 u\u017e \u201eie\u0161mininki\u0173\u201c - \u0160ilut\u0117s naujienos","og_description":"Vakar socialinius klausimus bent minimaliai nutuokiantys \u0161iluti\u0161kiai, o ypa\u010d &#8211; rajono Savivaldyb\u0117s skyri\u0173 darbuotojai \u016b\u017e\u0117 it bit\u0117s avilyje. \u016a\u017e\u0117 tod\u0117l, kad kone kiekvienam bjaur\u0173 kart\u0117l\u012f paliko rajono savivaldyb\u0117s vadov\u0173 pozicija, atsispind\u0117jusi i\u0161vakar\u0117se TV3 televizijos parodytoje laidoje apie konflikt\u0105 \u0160ilut\u0117s dienos paslaug\u0173 centre. Savivaldyb\u0117s vadov\u0173 pozicij\u0105 i\u0161siai\u0161kinti panor\u0119 televizijos laidos \u201eAkistata\u201c \u017eurnalistai liko it mus\u0119 kand\u0119: [&hellip;]","og_url":"https:\/\/www.silutesnaujienos.lt\/lt\/savivaldybes-vadovai-nuo-zurnalistu-pasislepe-uz-iesmininkiu\/","og_site_name":"\u0160ilut\u0117s naujienos","article_publisher":"https:\/\/www.facebook.com\/silutes.naujienos\/","article_published_time":"2013-02-25T14:00:00+00:00","og_image":[{"url":"\/\/silutesnaujienos.lt\/images\/stories\/2013\/02\/22\/thumbnails\/thumb_dienos_centras_P8290055.jpg","type":"","width":"","height":""}],"author":"\u0160ilut\u0117s naujien\u0173 inf.","twitter_card":"summary_large_image","twitter_misc":{"Written by":"\u0160ilut\u0117s naujien\u0173 inf.","Est. reading time":"4 minut\u0117s"},"schema":{"@context":"https:\/\/schema.org","@graph":[{"@type":"Article","@id":"https:\/\/www.silutesnaujienos.lt\/lt\/savivaldybes-vadovai-nuo-zurnalistu-pasislepe-uz-iesmininkiu\/#article","isPartOf":{"@id":"https:\/\/www.silutesnaujienos.lt\/lt\/savivaldybes-vadovai-nuo-zurnalistu-pasislepe-uz-iesmininkiu\/"},"author":{"name":"\u0160ilut\u0117s naujien\u0173 inf.","@id":"https:\/\/www.silutesnaujienos.lt\/lt\/#\/schema\/person\/232f475ddd4a7b5f49b3abc788b17e83"},"headline":"Savivaldyb\u0117s vadovai nuo \u017eurnalist\u0173 pasisl\u0117p\u0117 u\u017e \u201eie\u0161mininki\u0173\u201c","datePublished":"2013-02-25T14:00:00+00:00","mainEntityOfPage":{"@id":"https:\/\/www.silutesnaujienos.lt\/lt\/savivaldybes-vadovai-nuo-zurnalistu-pasislepe-uz-iesmininkiu\/"},"wordCount":715,"commentCount":0,"publisher":{"@id":"https:\/\/www.silutesnaujienos.lt\/lt\/#organization"},"articleSection":["Aktualijos"],"inLanguage":"lt-LT","potentialAction":[{"@type":"CommentAction","name":"Comment","target":["https:\/\/www.silutesnaujienos.lt\/lt\/savivaldybes-vadovai-nuo-zurnalistu-pasislepe-uz-iesmininkiu\/#respond"]}]},{"@type":"WebPage","@id":"https:\/\/www.silutesnaujienos.lt\/lt\/savivaldybes-vadovai-nuo-zurnalistu-pasislepe-uz-iesmininkiu\/","url":"https:\/\/www.silutesnaujienos.lt\/lt\/savivaldybes-vadovai-nuo-zurnalistu-pasislepe-uz-iesmininkiu\/","name":"Savivaldyb\u0117s vadovai nuo \u017eurnalist\u0173 pasisl\u0117p\u0117 u\u017e \u201eie\u0161mininki\u0173\u201c - \u0160ilut\u0117s naujienos","isPartOf":{"@id":"https:\/\/www.silutesnaujienos.lt\/lt\/#website"},"datePublished":"2013-02-25T14:00:00+00:00","breadcrumb":{"@id":"https:\/\/www.silutesnaujienos.lt\/lt\/savivaldybes-vadovai-nuo-zurnalistu-pasislepe-uz-iesmininkiu\/#breadcrumb"},"inLanguage":"lt-LT","potentialAction":[{"@type":"ReadAction","target":["https:\/\/www.silutesnaujienos.lt\/lt\/savivaldybes-vadovai-nuo-zurnalistu-pasislepe-uz-iesmininkiu\/"]}]},{"@type":"BreadcrumbList","@id":"https:\/\/www.silutesnaujienos.lt\/lt\/savivaldybes-vadovai-nuo-zurnalistu-pasislepe-uz-iesmininkiu\/#breadcrumb","itemListElement":[{"@type":"ListItem","position":1,"name":"Home","item":"https:\/\/www.silutesnaujienos.lt\/lt\/"},{"@type":"ListItem","position":2,"name":"Savivaldyb\u0117s vadovai nuo \u017eurnalist\u0173 pasisl\u0117p\u0117 u\u017e \u201eie\u0161mininki\u0173\u201c"}]},{"@type":"WebSite","@id":"https:\/\/www.silutesnaujienos.lt\/lt\/#website","url":"https:\/\/www.silutesnaujienos.lt\/lt\/","name":"\u0160ilut\u0117s naujienos","description":"B\u016bk ant naujien\u0173 bangos!","publisher":{"@id":"https:\/\/www.silutesnaujienos.lt\/lt\/#organization"},"potentialAction":[{"@type":"SearchAction","target":{"@type":"EntryPoint","urlTemplate":"https:\/\/www.silutesnaujienos.lt\/lt\/?s={search_term_string}"},"query-input":{"@type":"PropertyValueSpecification","valueRequired":true,"valueName":"search_term_string"}}],"inLanguage":"lt-LT"},{"@type":"Organization","@id":"https:\/\/www.silutesnaujienos.lt\/lt\/#organization","name":"\u0160ilut\u0117s naujienos","url":"https:\/\/www.silutesnaujienos.lt\/lt\/","logo":{"@type":"ImageObject","inLanguage":"lt-LT","@id":"https:\/\/www.silutesnaujienos.lt\/lt\/#\/schema\/logo\/image\/","url":"https:\/\/www.silutesnaujienos.lt\/lt\/wp-content\/uploads\/2020\/06\/FB_MAIN.jpg","contentUrl":"https:\/\/www.silutesnaujienos.lt\/lt\/wp-content\/uploads\/2020\/06\/FB_MAIN.jpg","width":1700,"height":956,"caption":"\u0160ilut\u0117s naujienos"},"image":{"@id":"https:\/\/www.silutesnaujienos.lt\/lt\/#\/schema\/logo\/image\/"},"sameAs":["https:\/\/www.facebook.com\/silutes.naujienos\/","https:\/\/www.youtube.com\/channel\/UCxW-cgrJDt8GxIMxSTAfJZg"]},{"@type":"Person","@id":"https:\/\/www.silutesnaujienos.lt\/lt\/#\/schema\/person\/232f475ddd4a7b5f49b3abc788b17e83","name":"\u0160ilut\u0117s naujien\u0173 inf.","image":{"@type":"ImageObject","inLanguage":"lt-LT","@id":"https:\/\/www.silutesnaujienos.lt\/lt\/wp-content\/uploads\/2020\/06\/favicon.png","url":"https:\/\/www.silutesnaujienos.lt\/lt\/wp-content\/uploads\/2020\/06\/favicon.png","contentUrl":"https:\/\/www.silutesnaujienos.lt\/lt\/wp-content\/uploads\/2020\/06\/favicon.png","caption":"\u0160ilut\u0117s naujien\u0173 inf."},"sameAs":["https:\/\/www.silutesnaujienos.lt\/lt"],"url":"https:\/\/www.silutesnaujienos.lt\/lt\/author\/ruta\/"}]}},"publishpress_future_workflow_manual_trigger":{"enabledWorkflows":[]},"amp_enabled":true,"_links":{"self":[{"href":"https:\/\/www.silutesnaujienos.lt\/lt\/wp-json\/wp\/v2\/posts\/11402","targetHints":{"allow":["GET"]}}],"collection":[{"href":"https:\/\/www.silutesnaujienos.lt\/lt\/wp-json\/wp\/v2\/posts"}],"about":[{"href":"https:\/\/www.silutesnaujienos.lt\/lt\/wp-json\/wp\/v2\/types\/post"}],"author":[{"embeddable":true,"href":"https:\/\/www.silutesnaujienos.lt\/lt\/wp-json\/wp\/v2\/users\/1"}],"replies":[{"embeddable":true,"href":"https:\/\/www.silutesnaujienos.lt\/lt\/wp-json\/wp\/v2\/comments?post=11402"}],"version-history":[{"count":0,"href":"https:\/\/www.silutesnaujienos.lt\/lt\/wp-json\/wp\/v2\/posts\/11402\/revisions"}],"wp:attachment":[{"href":"https:\/\/www.silutesnaujienos.lt\/lt\/wp-json\/wp\/v2\/media?parent=11402"}],"wp:term":[{"taxonomy":"category","embeddable":true,"href":"https:\/\/www.silutesnaujienos.lt\/lt\/wp-json\/wp\/v2\/categories?post=11402"},{"taxonomy":"post_tag","embeddable":true,"href":"https:\/\/www.silutesnaujienos.lt\/lt\/wp-json\/wp\/v2\/tags?post=11402"}],"curies":[{"name":"wp","href":"https:\/\/api.w.org\/{rel}","templated":true}]}}