{"id":11466,"date":"2013-08-01T17:00:00","date_gmt":"2013-08-01T19:00:00","guid":{"rendered":"https:\/\/www.silutesnaujienos.lt\/lt\/meres-atostogos-isryskino-kuris-vicemeras-svarbesnis\/"},"modified":"2013-08-01T17:00:00","modified_gmt":"2013-08-01T19:00:00","slug":"meres-atostogos-isryskino-kuris-vicemeras-svarbesnis","status":"publish","type":"post","link":"https:\/\/www.silutesnaujienos.lt\/lt\/meres-atostogos-isryskino-kuris-vicemeras-svarbesnis\/","title":{"rendered":"Mer\u0117s atostogos i\u0161ry\u0161kino, kuris vicemeras &#8211; svarbesnis"},"content":{"rendered":"<p><a target=\"_blank\" rel=\"caption[Daugel\u012f rajono politik\u0173 nustebino, kad mer\u0117s atostog\u0173 metu vadovu taps vicemeras \u0160.Lau\u017eikas, iki \u0161iol retai pasirodydav\u0119s Savivaldyb\u0117je. O nuolat Savivaldyb\u0117je dirban\u010diam vicemerui A.Bal\u010dy\u010diui \u0161ios pareigos nepatik\u0117tos, nes jis - tik antrasis vicemeras.] noopener noreferrer\" class=\"jcepopup\" href=\"\/\/silutesnaujienos.lt\/images\/stories\/2013\/07\/30\/A._LAUZIKAS_copy.jpg\" data-rel=\"lightbox-gallery-YXkBCNSV\" data-rl_title=\"\" data-rl_caption=\"\"><img loading=\"lazy\" decoding=\"async\" style=\"margin: 5px; float: left;\" class=\"caption\" title=\"\" alt=\"A. LAUZIKAS copy\" src=\"\/\/silutesnaujienos.lt\/images\/stories\/2013\/07\/30\/thumbnails\/thumb_A._LAUZIKAS_copy.jpg\" height=\"230\" width=\"307\" \/><\/a><strong>Rajono Taryba, iki rugs\u0117jo vidurio i\u0161einanti atostogauti, ketvirtadien\u012f sureng\u0117 paskutin\u012fj\u012f \u0161i\u0173 met\u0173 pirmojo pusme\u010dio pos\u0117d\u012f. \u0160io pos\u0117d\u017eio metu politikai i\u0161leido atostog\u0173 ir mer\u0119 Daiv\u0105 \u017debelien\u0119 ir liko nustebinti, kad j\u0105 pavaduos ne nuolat Savivaldyb\u0117je dirbantis mer\u0117s pavaduotojas Algirdas Bal\u010dytis, o beveik savivaldyb\u0117s reikalais nesidomintis vicemeras \u0160ar\u016bnas Lau\u017eikas.<\/strong><\/p>\n<p><strong>Kod\u0117l \u0160.Lau\u017eikas &#8211; pirmasis?<\/strong><\/p>\n<p>Rajono politikai tikriausiai ir dabar ne\u017eino principo, pagal kur\u012f vienas i\u0161 dviej\u0173 mero pavaduotoj\u0173 yra vadinamas pirmuoju pavaduotoju, o kitas &#8211; antruoju. Nes perskai\u010dius sprendimo projekt\u0105 d\u0117l rajono mer\u0117s atostog\u0173, nuskamb\u0117jo klausimas, kod\u0117l sprendime n\u0117ra \u012fra\u0161yta pavaduojan\u010dio asmens pavard\u0117, o tik pareigos &#8211; pirmasis pavaduotojas.<\/p>\n<p>Mer\u0117 D.\u017debelien\u0117 paai\u0161kino, kad rajono Taryba yra anks\u010diau nusprendusi, kad rajono mer\u0117s atostog\u0173 metu, ar d\u0117l kitos prie\u017easties, kai ji negalinti eiti pareig\u0173, j\u0105 turi pavaduoti pirmasis vicemeras.<\/p>\n<p>Tada net keli rajono politikai vienu balsu paklaus\u0117, tai kuris i\u0161 dviej\u0173 mero pavaduotoj\u0173 yra pirmasis. Tuomet D.\u017debelienei teko atsakyti tiesiai: pirmasis jos pavaduotojas yra konservatorius \u0160ar\u016bnas Lau\u017eikas.<\/p>\n<p>Darbo (leiborist\u0173) frakcijos vadovas Saulius Stankevi\u010dius garsiai nusisteb\u0117jo tokiu paskyrimu. Jis klaus\u0117, kaip \u0160.Lau\u017eikas pavaduos mer\u0119, kad jis visai neina \u012f darb\u0105?.. <\/p>\n<p>Tiek mer\u0117, tiek pirmasis vicemeras vietoj atsakymo tik \u0161ypsojosi.<\/p>\n<p>Daugeliui net nekilt\u0173 abejoni\u0173, kad vis\u0105 darbo dien\u0105 Savivaldyb\u0117s reikaluose paskend\u0119s socialdemokratas A.Bal\u010dytis tur\u0117t\u0173 b\u016bti pirmuoju vicemeru.<\/p>\n<p>Abu vicemerai kadencijos prad\u017eioje yra \u012fsipareigoj\u0119 pareigas atlikti visuomeniniais pagrindais &#8211; negaudami atlygio. Ta\u010diau netrukus visi, ne tik rajono politikai, pasteb\u0117jo, kad visuomeninis vicemeras \u0160.Lau\u017eikas Savivaldyb\u0117je sugai\u0161ta ne ilgiau kaip eilinis rajono Tarybos narys. Ties\u0105 pasakius, gal net ir ma\u017eiau. Da\u017enai \u0160.Lau\u017eikas, at\u0117j\u0119s \u012f jam, kaip Tarybos nariui, privalom\u0105 Ekonomikos ir finans\u0173 komiteto pos\u0117d\u012f, nesulauk\u0119s pos\u0117d\u017eio pabaigos i\u0161skuba \u201esu reikalais\u201c.<\/p>\n<p>D.\u017debelien\u0117 \u201e\u0160ilut\u0117s naujienoms\u201c paai\u0161kino vicemer\u0173 eili\u0161kumo princip\u0105. Ji sak\u0117, kad rajono Tarybos nariai tikriausiai primir\u0161o vicemer\u0173 skyrimo sprendimo projektus, kuriuose buvo pa\u017eym\u0117ta, kuris vicemeras yra pirmasis, o kuris &#8211; antrasis. \u0160.Lau\u017eikas tuomet pavadintas pirmuoju, nes jam pavesta kuruoti Savivaldyb\u0117s ekonomikos ir finans\u0173 sritis. Ankstesni\u0173 kadencij\u0173 vadovyb\u0117je buvo \u012fprasta, kad pirmuoju vicemeru vadintas tas pavaduotojas, kuris kuravo b\u016btent ekonomikos ir finans\u0173 sritis.<\/p>\n<p><strong>A.Bal\u010dy\u010diui &#8211; ne pirmas akibrok\u0161tas<\/strong><\/p>\n<p>A.Bal\u010dytis niekaip nereagavo \u012f diskusij\u0105 d\u0117l vicemer\u0173 pirmumo. <\/p>\n<p>Tos dienos rajono Tarybos pos\u0117dyje tai buvo ne pirmas su juo susij\u0119s akibrok\u0161tas, parodantis jo \u012ftak\u0105 ar darbo \u012fvertinim\u0105.<br \/>Tarybos pos\u0117d\u017eio prad\u017eioje A.Bal\u010dytis pats papra\u0161\u0117 v\u0117l i\u0161 darbotvark\u0117s i\u0161braukti klausim\u0105 d\u0117l jam si\u016blomo skirti atlyginimo &#8211; 5550 Lt (\u0161ioje sumoje yra ir 1771 Lt privalom\u0173 mokes\u010di\u0173 valstybei ir \u201eSodrai\u201c).<\/p>\n<p>Prie\u0161 m\u0117nes\u012f tok\u012f sprendimo projekt\u0105 d\u0117l atlyginimo skyrimo A.Bal\u010dy\u010diui inicijavo opozicijos politikas &#8211; Darbo (leiborist\u0173) frakcijos pirmininkas S.Stankevi\u010dius. T\u0105kart A.Bal\u010dytis, nesulauk\u0119s valdan\u010diosios daugumos politik\u0173 palaikymo, papra\u0161\u0117 \u0161io klausimo nesvarstyti rajono Tarybos pos\u0117dyje.<\/p>\n<p>\u0160\u012f kart\u0105 analogi\u0161k\u0105 sprendimo projekt\u0105 pareng\u0117 A.Bal\u010dy\u010dio partijos bi\u010diuliai &#8211; socialdemokratai Saulius Vytuvis, Alfonsas Vanagas ir Antanas Kubaitis. Bet ir \u0161\u012f kart\u0105 vicemeras A.Bal\u010dytis buvo priverstas atsisakyti atlyginimo, nes dar prie\u0161 pos\u0117d\u012f tam v\u0117l prie\u0161taravo didesn\u0117 dalis valdan\u010diosios koalicijos politik\u0173.<\/p>\n<p>Liberals\u0105j\u016bdietis Edvardas Vitkauskas \u201e\u0160ilut\u0117s naujienoms\u201c atviravo, kad niekas neabejoja, jog A.Bal\u010dytis atlyginim\u0105 u\u017esidirba, ta\u010diau \u0161iemet rajono biud\u017eete n\u0117ra numatyta pinig\u0173 vicemero atlyginimui mok\u0117ti.<\/p>\n<p>A.Bal\u010dytis antr\u0105 savo atsisakym\u0105 svarstyti klausim\u0105 d\u0117l atlyginimo \u201e\u0160ilut\u0117s naujienoms\u201c ai\u0161kino taip: jis nor\u0117t\u0173, jog atlyginimas jam b\u016bt\u0173 skirtas bendru rajono Tarybos politik\u0173 sutarimu. Dabar vieni si\u016blo mok\u0117ti atlyginim\u0105, kiti prie\u0161tarauja. \u201eNenoriu, kad d\u0117l man\u0119s kilt\u0173 erzelis\u201c, &#8211; kalb\u0117jo be poilsio Savivaldyb\u0117je dirbantis antrasis vicemeras.<\/p>\n","protected":false},"excerpt":{"rendered":"<p>Rajono Taryba, iki rugs\u0117jo vidurio i\u0161einanti atostogauti, ketvirtadien\u012f sureng\u0117 paskutin\u012fj\u012f \u0161i\u0173 met\u0173 pirmojo pusme\u010dio pos\u0117d\u012f. \u0160io pos\u0117d\u017eio metu politikai i\u0161leido atostog\u0173 ir mer\u0119 Daiv\u0105 \u017debelien\u0119 ir liko nustebinti, kad j\u0105 pavaduos ne nuolat Savivaldyb\u0117je dirbantis mer\u0117s pavaduotojas Algirdas Bal\u010dytis, o beveik savivaldyb\u0117s reikalais nesidomintis vicemeras \u0160ar\u016bnas Lau\u017eikas. Kod\u0117l \u0160.Lau\u017eikas &#8211; pirmasis? Rajono politikai tikriausiai ir [&hellip;]<\/p>\n","protected":false},"author":1,"featured_media":0,"comment_status":"open","ping_status":"open","sticky":false,"template":"","format":"standard","meta":{"footnotes":""},"categories":[2],"tags":[],"class_list":{"0":"post-11466","1":"post","2":"type-post","3":"status-publish","4":"format-standard","6":"category-aktualijos"},"yoast_head":"<!-- This site is optimized with the Yoast SEO plugin v27.5 - https:\/\/yoast.com\/product\/yoast-seo-wordpress\/ -->\n<title>Mer\u0117s atostogos i\u0161ry\u0161kino, kuris vicemeras - svarbesnis - \u0160ilut\u0117s naujienos<\/title>\n<meta name=\"robots\" content=\"index, follow, max-snippet:-1, max-image-preview:large, max-video-preview:-1\" \/>\n<link rel=\"canonical\" href=\"https:\/\/www.silutesnaujienos.lt\/lt\/meres-atostogos-isryskino-kuris-vicemeras-svarbesnis\/\" \/>\n<meta property=\"og:locale\" content=\"lt_LT\" \/>\n<meta property=\"og:type\" content=\"article\" \/>\n<meta property=\"og:title\" content=\"Mer\u0117s atostogos i\u0161ry\u0161kino, kuris vicemeras - svarbesnis - \u0160ilut\u0117s naujienos\" \/>\n<meta property=\"og:description\" content=\"Rajono Taryba, iki rugs\u0117jo vidurio i\u0161einanti atostogauti, ketvirtadien\u012f sureng\u0117 paskutin\u012fj\u012f \u0161i\u0173 met\u0173 pirmojo pusme\u010dio pos\u0117d\u012f. \u0160io pos\u0117d\u017eio metu politikai i\u0161leido atostog\u0173 ir mer\u0119 Daiv\u0105 \u017debelien\u0119 ir liko nustebinti, kad j\u0105 pavaduos ne nuolat Savivaldyb\u0117je dirbantis mer\u0117s pavaduotojas Algirdas Bal\u010dytis, o beveik savivaldyb\u0117s reikalais nesidomintis vicemeras \u0160ar\u016bnas Lau\u017eikas. Kod\u0117l \u0160.Lau\u017eikas &#8211; pirmasis? Rajono politikai tikriausiai ir [&hellip;]\" \/>\n<meta property=\"og:url\" content=\"https:\/\/www.silutesnaujienos.lt\/lt\/meres-atostogos-isryskino-kuris-vicemeras-svarbesnis\/\" \/>\n<meta property=\"og:site_name\" content=\"\u0160ilut\u0117s naujienos\" \/>\n<meta property=\"article:publisher\" content=\"https:\/\/www.facebook.com\/silutes.naujienos\/\" \/>\n<meta property=\"article:published_time\" content=\"2013-08-01T19:00:00+00:00\" \/>\n<meta property=\"og:image\" content=\"\/\/silutesnaujienos.lt\/images\/stories\/2013\/07\/30\/thumbnails\/thumb_A._LAUZIKAS_copy.jpg\" \/>\n<meta name=\"author\" content=\"\u0160ilut\u0117s naujien\u0173 inf.\" \/>\n<meta name=\"twitter:card\" content=\"summary_large_image\" \/>\n<meta name=\"twitter:label1\" content=\"Written by\" \/>\n\t<meta name=\"twitter:data1\" content=\"\u0160ilut\u0117s naujien\u0173 inf.\" \/>\n\t<meta name=\"twitter:label2\" content=\"Est. reading time\" \/>\n\t<meta name=\"twitter:data2\" content=\"3 minut\u0117s\" \/>\n<script type=\"application\/ld+json\" class=\"yoast-schema-graph\">{\"@context\":\"https:\\\/\\\/schema.org\",\"@graph\":[{\"@type\":\"Article\",\"@id\":\"https:\\\/\\\/www.silutesnaujienos.lt\\\/lt\\\/meres-atostogos-isryskino-kuris-vicemeras-svarbesnis\\\/#article\",\"isPartOf\":{\"@id\":\"https:\\\/\\\/www.silutesnaujienos.lt\\\/lt\\\/meres-atostogos-isryskino-kuris-vicemeras-svarbesnis\\\/\"},\"author\":{\"name\":\"\u0160ilut\u0117s naujien\u0173 inf.\",\"@id\":\"https:\\\/\\\/www.silutesnaujienos.lt\\\/lt\\\/#\\\/schema\\\/person\\\/232f475ddd4a7b5f49b3abc788b17e83\"},\"headline\":\"Mer\u0117s atostogos i\u0161ry\u0161kino, kuris vicemeras &#8211; svarbesnis\",\"datePublished\":\"2013-08-01T19:00:00+00:00\",\"mainEntityOfPage\":{\"@id\":\"https:\\\/\\\/www.silutesnaujienos.lt\\\/lt\\\/meres-atostogos-isryskino-kuris-vicemeras-svarbesnis\\\/\"},\"wordCount\":665,\"commentCount\":0,\"publisher\":{\"@id\":\"https:\\\/\\\/www.silutesnaujienos.lt\\\/lt\\\/#organization\"},\"articleSection\":[\"Aktualijos\"],\"inLanguage\":\"lt-LT\",\"potentialAction\":[{\"@type\":\"CommentAction\",\"name\":\"Comment\",\"target\":[\"https:\\\/\\\/www.silutesnaujienos.lt\\\/lt\\\/meres-atostogos-isryskino-kuris-vicemeras-svarbesnis\\\/#respond\"]}]},{\"@type\":\"WebPage\",\"@id\":\"https:\\\/\\\/www.silutesnaujienos.lt\\\/lt\\\/meres-atostogos-isryskino-kuris-vicemeras-svarbesnis\\\/\",\"url\":\"https:\\\/\\\/www.silutesnaujienos.lt\\\/lt\\\/meres-atostogos-isryskino-kuris-vicemeras-svarbesnis\\\/\",\"name\":\"Mer\u0117s atostogos i\u0161ry\u0161kino, kuris vicemeras - svarbesnis - \u0160ilut\u0117s naujienos\",\"isPartOf\":{\"@id\":\"https:\\\/\\\/www.silutesnaujienos.lt\\\/lt\\\/#website\"},\"datePublished\":\"2013-08-01T19:00:00+00:00\",\"breadcrumb\":{\"@id\":\"https:\\\/\\\/www.silutesnaujienos.lt\\\/lt\\\/meres-atostogos-isryskino-kuris-vicemeras-svarbesnis\\\/#breadcrumb\"},\"inLanguage\":\"lt-LT\",\"potentialAction\":[{\"@type\":\"ReadAction\",\"target\":[\"https:\\\/\\\/www.silutesnaujienos.lt\\\/lt\\\/meres-atostogos-isryskino-kuris-vicemeras-svarbesnis\\\/\"]}]},{\"@type\":\"BreadcrumbList\",\"@id\":\"https:\\\/\\\/www.silutesnaujienos.lt\\\/lt\\\/meres-atostogos-isryskino-kuris-vicemeras-svarbesnis\\\/#breadcrumb\",\"itemListElement\":[{\"@type\":\"ListItem\",\"position\":1,\"name\":\"Home\",\"item\":\"https:\\\/\\\/www.silutesnaujienos.lt\\\/lt\\\/\"},{\"@type\":\"ListItem\",\"position\":2,\"name\":\"Mer\u0117s atostogos i\u0161ry\u0161kino, kuris vicemeras &#8211; svarbesnis\"}]},{\"@type\":\"WebSite\",\"@id\":\"https:\\\/\\\/www.silutesnaujienos.lt\\\/lt\\\/#website\",\"url\":\"https:\\\/\\\/www.silutesnaujienos.lt\\\/lt\\\/\",\"name\":\"\u0160ilut\u0117s naujienos\",\"description\":\"B\u016bk ant naujien\u0173 bangos!\",\"publisher\":{\"@id\":\"https:\\\/\\\/www.silutesnaujienos.lt\\\/lt\\\/#organization\"},\"potentialAction\":[{\"@type\":\"SearchAction\",\"target\":{\"@type\":\"EntryPoint\",\"urlTemplate\":\"https:\\\/\\\/www.silutesnaujienos.lt\\\/lt\\\/?s={search_term_string}\"},\"query-input\":{\"@type\":\"PropertyValueSpecification\",\"valueRequired\":true,\"valueName\":\"search_term_string\"}}],\"inLanguage\":\"lt-LT\"},{\"@type\":\"Organization\",\"@id\":\"https:\\\/\\\/www.silutesnaujienos.lt\\\/lt\\\/#organization\",\"name\":\"\u0160ilut\u0117s naujienos\",\"url\":\"https:\\\/\\\/www.silutesnaujienos.lt\\\/lt\\\/\",\"logo\":{\"@type\":\"ImageObject\",\"inLanguage\":\"lt-LT\",\"@id\":\"https:\\\/\\\/www.silutesnaujienos.lt\\\/lt\\\/#\\\/schema\\\/logo\\\/image\\\/\",\"url\":\"https:\\\/\\\/www.silutesnaujienos.lt\\\/lt\\\/wp-content\\\/uploads\\\/2020\\\/06\\\/FB_MAIN.jpg\",\"contentUrl\":\"https:\\\/\\\/www.silutesnaujienos.lt\\\/lt\\\/wp-content\\\/uploads\\\/2020\\\/06\\\/FB_MAIN.jpg\",\"width\":1700,\"height\":956,\"caption\":\"\u0160ilut\u0117s naujienos\"},\"image\":{\"@id\":\"https:\\\/\\\/www.silutesnaujienos.lt\\\/lt\\\/#\\\/schema\\\/logo\\\/image\\\/\"},\"sameAs\":[\"https:\\\/\\\/www.facebook.com\\\/silutes.naujienos\\\/\",\"https:\\\/\\\/www.youtube.com\\\/channel\\\/UCxW-cgrJDt8GxIMxSTAfJZg\"]},{\"@type\":\"Person\",\"@id\":\"https:\\\/\\\/www.silutesnaujienos.lt\\\/lt\\\/#\\\/schema\\\/person\\\/232f475ddd4a7b5f49b3abc788b17e83\",\"name\":\"\u0160ilut\u0117s naujien\u0173 inf.\",\"image\":{\"@type\":\"ImageObject\",\"inLanguage\":\"lt-LT\",\"@id\":\"https:\\\/\\\/www.silutesnaujienos.lt\\\/lt\\\/wp-content\\\/uploads\\\/2020\\\/06\\\/favicon.png\",\"url\":\"https:\\\/\\\/www.silutesnaujienos.lt\\\/lt\\\/wp-content\\\/uploads\\\/2020\\\/06\\\/favicon.png\",\"contentUrl\":\"https:\\\/\\\/www.silutesnaujienos.lt\\\/lt\\\/wp-content\\\/uploads\\\/2020\\\/06\\\/favicon.png\",\"caption\":\"\u0160ilut\u0117s naujien\u0173 inf.\"},\"sameAs\":[\"https:\\\/\\\/www.silutesnaujienos.lt\\\/lt\"],\"url\":\"https:\\\/\\\/www.silutesnaujienos.lt\\\/lt\\\/author\\\/ruta\\\/\"}]}<\/script>\n<!-- \/ Yoast SEO plugin. -->","yoast_head_json":{"title":"Mer\u0117s atostogos i\u0161ry\u0161kino, kuris vicemeras - svarbesnis - \u0160ilut\u0117s naujienos","robots":{"index":"index","follow":"follow","max-snippet":"max-snippet:-1","max-image-preview":"max-image-preview:large","max-video-preview":"max-video-preview:-1"},"canonical":"https:\/\/www.silutesnaujienos.lt\/lt\/meres-atostogos-isryskino-kuris-vicemeras-svarbesnis\/","og_locale":"lt_LT","og_type":"article","og_title":"Mer\u0117s atostogos i\u0161ry\u0161kino, kuris vicemeras - svarbesnis - \u0160ilut\u0117s naujienos","og_description":"Rajono Taryba, iki rugs\u0117jo vidurio i\u0161einanti atostogauti, ketvirtadien\u012f sureng\u0117 paskutin\u012fj\u012f \u0161i\u0173 met\u0173 pirmojo pusme\u010dio pos\u0117d\u012f. \u0160io pos\u0117d\u017eio metu politikai i\u0161leido atostog\u0173 ir mer\u0119 Daiv\u0105 \u017debelien\u0119 ir liko nustebinti, kad j\u0105 pavaduos ne nuolat Savivaldyb\u0117je dirbantis mer\u0117s pavaduotojas Algirdas Bal\u010dytis, o beveik savivaldyb\u0117s reikalais nesidomintis vicemeras \u0160ar\u016bnas Lau\u017eikas. Kod\u0117l \u0160.Lau\u017eikas &#8211; pirmasis? Rajono politikai tikriausiai ir [&hellip;]","og_url":"https:\/\/www.silutesnaujienos.lt\/lt\/meres-atostogos-isryskino-kuris-vicemeras-svarbesnis\/","og_site_name":"\u0160ilut\u0117s naujienos","article_publisher":"https:\/\/www.facebook.com\/silutes.naujienos\/","article_published_time":"2013-08-01T19:00:00+00:00","og_image":[{"url":"\/\/silutesnaujienos.lt\/images\/stories\/2013\/07\/30\/thumbnails\/thumb_A._LAUZIKAS_copy.jpg","type":"","width":"","height":""}],"author":"\u0160ilut\u0117s naujien\u0173 inf.","twitter_card":"summary_large_image","twitter_misc":{"Written by":"\u0160ilut\u0117s naujien\u0173 inf.","Est. reading time":"3 minut\u0117s"},"schema":{"@context":"https:\/\/schema.org","@graph":[{"@type":"Article","@id":"https:\/\/www.silutesnaujienos.lt\/lt\/meres-atostogos-isryskino-kuris-vicemeras-svarbesnis\/#article","isPartOf":{"@id":"https:\/\/www.silutesnaujienos.lt\/lt\/meres-atostogos-isryskino-kuris-vicemeras-svarbesnis\/"},"author":{"name":"\u0160ilut\u0117s naujien\u0173 inf.","@id":"https:\/\/www.silutesnaujienos.lt\/lt\/#\/schema\/person\/232f475ddd4a7b5f49b3abc788b17e83"},"headline":"Mer\u0117s atostogos i\u0161ry\u0161kino, kuris vicemeras &#8211; svarbesnis","datePublished":"2013-08-01T19:00:00+00:00","mainEntityOfPage":{"@id":"https:\/\/www.silutesnaujienos.lt\/lt\/meres-atostogos-isryskino-kuris-vicemeras-svarbesnis\/"},"wordCount":665,"commentCount":0,"publisher":{"@id":"https:\/\/www.silutesnaujienos.lt\/lt\/#organization"},"articleSection":["Aktualijos"],"inLanguage":"lt-LT","potentialAction":[{"@type":"CommentAction","name":"Comment","target":["https:\/\/www.silutesnaujienos.lt\/lt\/meres-atostogos-isryskino-kuris-vicemeras-svarbesnis\/#respond"]}]},{"@type":"WebPage","@id":"https:\/\/www.silutesnaujienos.lt\/lt\/meres-atostogos-isryskino-kuris-vicemeras-svarbesnis\/","url":"https:\/\/www.silutesnaujienos.lt\/lt\/meres-atostogos-isryskino-kuris-vicemeras-svarbesnis\/","name":"Mer\u0117s atostogos i\u0161ry\u0161kino, kuris vicemeras - svarbesnis - \u0160ilut\u0117s naujienos","isPartOf":{"@id":"https:\/\/www.silutesnaujienos.lt\/lt\/#website"},"datePublished":"2013-08-01T19:00:00+00:00","breadcrumb":{"@id":"https:\/\/www.silutesnaujienos.lt\/lt\/meres-atostogos-isryskino-kuris-vicemeras-svarbesnis\/#breadcrumb"},"inLanguage":"lt-LT","potentialAction":[{"@type":"ReadAction","target":["https:\/\/www.silutesnaujienos.lt\/lt\/meres-atostogos-isryskino-kuris-vicemeras-svarbesnis\/"]}]},{"@type":"BreadcrumbList","@id":"https:\/\/www.silutesnaujienos.lt\/lt\/meres-atostogos-isryskino-kuris-vicemeras-svarbesnis\/#breadcrumb","itemListElement":[{"@type":"ListItem","position":1,"name":"Home","item":"https:\/\/www.silutesnaujienos.lt\/lt\/"},{"@type":"ListItem","position":2,"name":"Mer\u0117s atostogos i\u0161ry\u0161kino, kuris vicemeras &#8211; svarbesnis"}]},{"@type":"WebSite","@id":"https:\/\/www.silutesnaujienos.lt\/lt\/#website","url":"https:\/\/www.silutesnaujienos.lt\/lt\/","name":"\u0160ilut\u0117s naujienos","description":"B\u016bk ant naujien\u0173 bangos!","publisher":{"@id":"https:\/\/www.silutesnaujienos.lt\/lt\/#organization"},"potentialAction":[{"@type":"SearchAction","target":{"@type":"EntryPoint","urlTemplate":"https:\/\/www.silutesnaujienos.lt\/lt\/?s={search_term_string}"},"query-input":{"@type":"PropertyValueSpecification","valueRequired":true,"valueName":"search_term_string"}}],"inLanguage":"lt-LT"},{"@type":"Organization","@id":"https:\/\/www.silutesnaujienos.lt\/lt\/#organization","name":"\u0160ilut\u0117s naujienos","url":"https:\/\/www.silutesnaujienos.lt\/lt\/","logo":{"@type":"ImageObject","inLanguage":"lt-LT","@id":"https:\/\/www.silutesnaujienos.lt\/lt\/#\/schema\/logo\/image\/","url":"https:\/\/www.silutesnaujienos.lt\/lt\/wp-content\/uploads\/2020\/06\/FB_MAIN.jpg","contentUrl":"https:\/\/www.silutesnaujienos.lt\/lt\/wp-content\/uploads\/2020\/06\/FB_MAIN.jpg","width":1700,"height":956,"caption":"\u0160ilut\u0117s naujienos"},"image":{"@id":"https:\/\/www.silutesnaujienos.lt\/lt\/#\/schema\/logo\/image\/"},"sameAs":["https:\/\/www.facebook.com\/silutes.naujienos\/","https:\/\/www.youtube.com\/channel\/UCxW-cgrJDt8GxIMxSTAfJZg"]},{"@type":"Person","@id":"https:\/\/www.silutesnaujienos.lt\/lt\/#\/schema\/person\/232f475ddd4a7b5f49b3abc788b17e83","name":"\u0160ilut\u0117s naujien\u0173 inf.","image":{"@type":"ImageObject","inLanguage":"lt-LT","@id":"https:\/\/www.silutesnaujienos.lt\/lt\/wp-content\/uploads\/2020\/06\/favicon.png","url":"https:\/\/www.silutesnaujienos.lt\/lt\/wp-content\/uploads\/2020\/06\/favicon.png","contentUrl":"https:\/\/www.silutesnaujienos.lt\/lt\/wp-content\/uploads\/2020\/06\/favicon.png","caption":"\u0160ilut\u0117s naujien\u0173 inf."},"sameAs":["https:\/\/www.silutesnaujienos.lt\/lt"],"url":"https:\/\/www.silutesnaujienos.lt\/lt\/author\/ruta\/"}]}},"publishpress_future_workflow_manual_trigger":{"enabledWorkflows":[]},"amp_enabled":true,"_links":{"self":[{"href":"https:\/\/www.silutesnaujienos.lt\/lt\/wp-json\/wp\/v2\/posts\/11466","targetHints":{"allow":["GET"]}}],"collection":[{"href":"https:\/\/www.silutesnaujienos.lt\/lt\/wp-json\/wp\/v2\/posts"}],"about":[{"href":"https:\/\/www.silutesnaujienos.lt\/lt\/wp-json\/wp\/v2\/types\/post"}],"author":[{"embeddable":true,"href":"https:\/\/www.silutesnaujienos.lt\/lt\/wp-json\/wp\/v2\/users\/1"}],"replies":[{"embeddable":true,"href":"https:\/\/www.silutesnaujienos.lt\/lt\/wp-json\/wp\/v2\/comments?post=11466"}],"version-history":[{"count":0,"href":"https:\/\/www.silutesnaujienos.lt\/lt\/wp-json\/wp\/v2\/posts\/11466\/revisions"}],"wp:attachment":[{"href":"https:\/\/www.silutesnaujienos.lt\/lt\/wp-json\/wp\/v2\/media?parent=11466"}],"wp:term":[{"taxonomy":"category","embeddable":true,"href":"https:\/\/www.silutesnaujienos.lt\/lt\/wp-json\/wp\/v2\/categories?post=11466"},{"taxonomy":"post_tag","embeddable":true,"href":"https:\/\/www.silutesnaujienos.lt\/lt\/wp-json\/wp\/v2\/tags?post=11466"}],"curies":[{"name":"wp","href":"https:\/\/api.w.org\/{rel}","templated":true}]}}