{"id":11643,"date":"2014-11-04T18:00:00","date_gmt":"2014-11-04T20:00:00","guid":{"rendered":"https:\/\/www.silutesnaujienos.lt\/lt\/kriminalines-policijos-vadovas-apie-sklandancias-antis-ir-laukiancias-reformas\/"},"modified":"2014-11-04T18:00:00","modified_gmt":"2014-11-04T20:00:00","slug":"kriminalines-policijos-vadovas-apie-sklandancias-antis-ir-laukiancias-reformas","status":"publish","type":"post","link":"https:\/\/www.silutesnaujienos.lt\/lt\/kriminalines-policijos-vadovas-apie-sklandancias-antis-ir-laukiancias-reformas\/","title":{"rendered":"Kriminalin\u0117s policijos vadovas &#8211; apie  sklandan\u010dias \u201eantis\u201c ir laukian\u010dias reformas"},"content":{"rendered":"<p><a target=\"_blank\" rel=\"caption[Kriminalin\u0117s policijos vadovas V.Petni\u016bnas sako, kad jo skyriaus pareig\u016bnai atlieka tok\u012f didel\u012f darb\u0105, jog jis jiems tikrai para\u0161yt\u0173 tvirt\u0105 a\u0161tuonet\u0105.] noopener noreferrer\" class=\"jcepopup\" href=\"\/\/silutesnaujienos.lt\/images\/stories\/2014\/SPALIS\/31\/kriminalistai_petniunas_vaidas.jpg\" data-rel=\"lightbox-gallery-np0yXU7b\" data-rl_title=\"\" data-rl_caption=\"\"><img loading=\"lazy\" decoding=\"async\" style=\"margin: 5px; float: left;\" class=\"caption\" title=\"\" alt=\"kriminalistai petniunas vaidas\" src=\"\/\/silutesnaujienos.lt\/images\/stories\/2014\/SPALIS\/31\/thumbnails\/thumb_kriminalistai_petniunas_vaidas.jpg\" height=\"230\" width=\"307\" \/><\/a><strong>J\u0173 darbas netelpa nei \u012f visiems \u012fprastas darbo valandas, nei \u012f 5 dien\u0173 darbo savait\u0119, jie bet kada gali b\u016bti (ir b\u016bna) keliami i\u0161 miego, at\u0161aukiami i\u0161 atostog\u0173, ir nemurm\u0117dami kyla, nes tokia j\u0173 darbo specifika.<\/strong><\/p>\n<p><strong>Jie &#8211; Kriminalin\u0117s policijos pareig\u016bnai, pirmadien\u012f pamin\u0117j\u0119 savo profesijos \u0161vent\u0119. \u0160ios dienos i\u0161vakar\u0117se keletas \u0160ilut\u0117s policijos \u0161io skyriaus pareig\u016bn\u0173 peln\u0117 Taurag\u0117s apskrities vyriausiojo policijos komisariato apdovanojimus.<\/strong><\/p>\n<p><strong>Bet ne tik apie gra\u017ei\u0105j\u0105 darbo pus\u0119 \u0161\u012fkart kalbam\u0117s su skyriaus vadovu Vaidu PETNI\u016aNU &#8211; dar ir apie nusikalstamum\u0105, i\u0161ai\u0161kinamum\u0105, gyventoj\u0173 pagalb\u0105, kuri tiriant nusikaltimus ypa\u010d reikalinga, prisimename ir vie\u0161ojoje erdv\u0117je sklandan\u010dias \u201eantis\u201c bei tuoj tuoj startuosian\u010di\u0105 Kriminalin\u0117s policijos reform\u0105.<\/strong><\/p>\n<p><strong>Dirba operatyvininkai, tyr\u0117jai ir \u017evalgai<\/strong><\/p>\n<p>\u0160ilut\u0117s r. Kriminalin\u0117s policijos skyriuje dirba arti dviej\u0173 de\u0161im\u010di\u0173 pareig\u016bn\u0173, o j\u0173 vadovas Vaidas Petni\u016bnas jau beveik 2 metai \u0161ias pareigas eina vis dar laikinai &#8211; kol bus priimtas teismo sprendimas, leid\u017eiantis atleisti i\u0161 darbo prie\u0161 kelerius metus \u0160ilut\u0117s policij\u0105 sukr\u0117tusio skandalo kaltinink\u0105, tuometin\u012f Kriminalin\u0117s policijos skyriaus vadov\u0105 Art\u016br\u0105 Rimk\u0173, \u012ftariam\u0105 piktnaud\u017eiavimu tarnyba ir nusikalstama veika.<\/p>\n<p>Pristatydamas skyriaus sud\u0117t\u012f, V.Petni\u016bnas pirmiausia mini Operatyvin\u0119 grup\u0119, kurioje yra 5 pareig\u016bnai. Tai jie, dirbdami pamainomis po 12 valand\u0173, pirmieji reaguoja \u012f visus i\u0161 Bendrojo pagalbos centro gaunamus prane\u0161imus, jie surenka pirmin\u0119 med\u017eiag\u0105 bet kokio nusikaltimo vietoje.<\/p>\n<p>J\u0173 darbo vaisiai keliauja ant 17-kos tyr\u0117j\u0173 darbo stal\u0173. I\u0161 tyr\u0117j\u0173 i\u0161skiriami 5 kriminaliniai \u017evalgai, dar neseniai vadinti tiesiog operatyvininkais. Kartu su \u0161iuo penketuku kriminalinio \u017evalgo darb\u0105 dirba ir skyriaus vadovas.<br \/>9 tyr\u0117jos dirba su ikiteisminio tyrimo bylomis, j\u0173 darb\u0105 kuruoja vyriausioji tyr\u0117ja Jurgita Naus\u0117dien\u0117.<\/p>\n<p>Dar skyriuje dirba techninius duomenis apdorojanti specialist\u0117.<\/p>\n<p><strong>U\u017e darb\u0105 ra\u0161yt\u0173 stipr\u0173 a\u0161tuonet\u0105<\/strong> <\/p>\n<p>\u0160iemet nuo met\u0173 prad\u017eios iki Kriminalin\u0117s policijos dienos skyriaus specialistai prad\u0117jo 892 ikiteisminius tyrimus. Bent apytikriai nusakyti, kiek laiko atima vienas toks tyrimas, skyriaus vadovas negali &#8211; tai labai skirtinga ir priklauso nuo daugelio aplinkybi\u0173. Bet kiekvienas tyrimas turi \u201etilpti\u201c \u012f Baud\u017eiamajame kodekse nurodytus terminus, atsi\u017evelgiant \u012f tai, kuriai grupei &#8211; nesunki\u0173, apysunki\u0173, sunki\u0173, labai sunki\u0173 ar tik baud\u017eiam\u0173j\u0173 nusi\u017eengim\u0173 grupei &#8211; jie priskiriami.<br \/>Ai\u0161ku viena &#8211; tai mil\u017eini\u0161kas kr\u016bvis, kuriam atlikti reik\u0117t\u0173 kur kas daugiau \u017emoni\u0173.<\/p>\n<p>\u201eBe abejo, stengiam\u0117s tirti kuo skubiau, bet esam\u0173 m\u016bs\u0173 paj\u0117g\u0173 ne visada u\u017etenka. Tod\u0117l ir \u201enetelpam\u201c nei \u012f darbo valandas, nei 5 dien\u0173 darbo savait\u0119. Kartais ir man pa\u010diam b\u016bna nesuvokiama, kaip toks palyginus negausus m\u016bs\u0173 b\u016brys padaro tiek darbo\u201c, &#8211; prisipa\u017e\u012fsta V.Petni\u016bnas.<\/p>\n<p>Bet toks jau policininko darbas, kad jis kiekvien\u0105 valand\u0105 turi b\u016bti pasireng\u0119s i\u0161vykti \u012fvykio vieton, kad bet kada gali b\u016bti pakeltas i\u0161 lovos ar nuo stalo, at\u0161auktas i\u0161 atostog\u0173 ar poilsio dien\u0173.<br \/>Pasvarst\u0119s jis sako, jog savajam kolektyvui u\u017e darb\u0105 de\u0161imtbal\u0117je sistemoje ra\u0161yt\u0173 stipr\u0173 a\u0161tuonet\u0105.<\/p>\n<p>Skyriuje labiausiai tr\u016bksta kriminalini\u0173 \u017evalg\u0173: kad darbas vykt\u0173 tikrai operatyviai, j\u0173 reik\u0117t\u0173 tiek pat, kiek yra tyr\u0117j\u0173.<\/p>\n<p>\u201e\u0160alyje metas daryti radikalias permainas, kad \u012f kriminalini\u0173 tyrim\u0173 srit\u012f b\u016bt\u0173 pritraukta kuo daugiau jaun\u0173, i\u0161silavinusi\u0173 \u017emoni\u0173. Antraip nebetoli tas laikas, kai nebeliks kam tirti nusikaltimus\u201c, &#8211; apie specialist\u0173 tr\u016bkum\u0105 \u0160ilut\u0117s kriminalist\u0173 vadovas nesibaimina prabilti vie\u0161ai.<\/p>\n<p>Svarbiausia, anot V.Petni\u016bno, kad jo vadovaujamas kolektyvas jau yra darnus ir susigyven\u0119s, o su tais, kurie dirbti nenor\u0117jo, jau atsisveikinta.<\/p>\n<p><strong>Labai svarbus \u017emoni\u0173 bendradarbiavimas<\/strong><\/p>\n<p>Neseniai nuskamb\u0117j\u0119s \u016bkini\u0173 pastat\u0173 Lau\u010di\u0173 kaime padegimas buvo i\u0161ai\u0161kintas itin operatyviai &#8211; dar t\u0105 pat\u012f vakar\u0105 kriminalistai \u201esurinko\u201c visus \u0161iuo nusikaltimu \u012ftariamus kaimo jaunuolius. Beje, j\u0173 grupel\u0117 ne tik padeg\u0117 tvartus, bet ir, kaimo gyventoj\u0173 teigimu, jau seniai terorizavo vietinius \u017emones.<\/p>\n<p>Ikiteisminis \u012fvykio tyrimas dar vyksta, bet kriminalistams jis jau ai\u0161kus. V.Petni\u016bnas pabr\u0117\u017eia ypating\u0105 Lau\u010di\u0173 gyventoj\u0173 pagalb\u0105: padegimai yra vieni sunkiausiai \u012frodom\u0173 nusikaltim\u0173, bet \u0161io kaimo \u017emon\u0117s noriai bendradarbiavo su pareig\u016bnais, nebijodami kalb\u0117jo apie blogybes. Tai buvo viena prie\u017eas\u010di\u0173, kod\u0117l padeg\u0117jus pavyko rasti i\u0161 karto. Kai kurie j\u0173 jau buvo \u012fmig\u0119, bet buvo i\u0161kelti i\u0161 lov\u0173 ir \u201eapnakvindinti\u201c policijos are\u0161tin\u0117je.<\/p>\n<p>Beje, tai buvo vienas t\u0173 \u012fvyki\u0173, kuomet kriminalin\u0117s policijos \u017evalgai irgi buvo i\u0161kviesti i\u0161 nam\u0173 jau art\u0117jant vidurnak\u010diui.<\/p>\n<p>Jau nustatytas ir padeg\u0117jas, pernai ruden\u012f suple\u0161kin\u0119s Saug\u0173 seni\u016bnijos Kebeli\u0173 kaimo \u016bkininko tvartus ir \u017eiemai paruo\u0161to \u0161ieno atsargas. Paai\u0161k\u0117jo, kad tai buvo anks\u010diau pas \u016bkinink\u0105 dirb\u0119s vyras, iki tol nepatek\u0119s policijos akiratin. Byla jau keliauja \u012f teism\u0105.<\/p>\n<p>Tiesa, Sak\u016bt\u0117li\u0173 kaime buvusi\u0173 dviej\u0173 padegim\u0173 tyrimais pasid\u017eiaugti kriminalistai negali &#8211; \u010dia siaut\u0117j\u0119s padeg\u0117jas dar vis ne\u017einomas.<br \/>\u0160iemet rajone u\u017efiksuotas tik 1 nu\u017eudymas &#8211; gegu\u017e\u0117s pabaigoje Saugose girtaujant namuose sesuo nu\u017eud\u0117 seser\u012f. \u0160is \u012fvykis jau i\u0161tirtas ir perduodamas teismui.<br \/>Tiriamas ir dar vienas atvejis, kai Rusn\u0117je dingo vyras, bet ar jis buvo nu\u017eudytas, dar neai\u0161ku. <\/p>\n<p>Ta\u010diau s\u0117km\u0117 nelyd\u0117jo tiriant kone pus\u0117s milijono lit\u0173 vert\u0117s vagyst\u0119 i\u0161 \u0160v\u0117k\u0161nos verslininko nam\u0173. Patikrintos \u012fvairios versijos, bet rezultat\u0173 kol kas n\u0117ra.<br \/>\u012etariam\u0173j\u0173 dar nenustatyta ir tiriant 56 t\u016bkst. lit\u0173 vert\u0117s vagyst\u0119 i\u0161 \u0161iluti\u0161kio gydytojo ir politiko nam\u0173.<\/p>\n<p>Apskritai, vagyst\u0117s nuolat pirmauja \u0160ilut\u0117s rajono nusikalstamumo statistikoje. \u0160tai per 9 \u0161i\u0173 met\u0173 m\u0117nesius j\u0173 u\u017eregistruota 295, i\u0161tirta 87, t.y., 29,5 proc.<br \/>V.Petni\u016bnas pastebi, kad neretai d\u0117l vagys\u010di\u0173 b\u016bna ir pa\u010di\u0173 apvogt\u0173j\u0173 kalt\u0117s, nes savo turt\u0105 \u017emon\u0117s saugo labai prastai. Ypa\u010d daug pavagiama dvira\u010di\u0173, o ne vienas j\u012f prarad\u0119s \u0161iluti\u0161kis buvo palik\u0119s tiesiog laiptin\u0117je ar \u0161alia jos.<\/p>\n<p>Da\u017enokai vagys nune\u0161a net ir u\u017erakintus dvira\u010dius, tad ir spyna jau neb\u0117ra panac\u0117ja nuo ilgapir\u0161\u010di\u0173.<\/p>\n<p><strong>Kaip tyr\u0117, taip ir tirs<\/strong><\/p>\n<p>Visai neseniai vie\u0161ojoje erdv\u0117je nuskamb\u0117jo planuojamos tokios policijos darbo \u201enaujov\u0117s\u201c, kurios \u0161okiravo visuomen\u0119 ir buvo itin pla\u010diai aptarin\u0117jamos. Kalbame apie teiginius, es\u0105 policija nebevyks tirti t\u0173 \u012fvyki\u0173, kuri\u0173 metu bus padaryta menkesn\u0117 nei 32 t\u016bkstan\u010di\u0173 lit\u0173 \u017eala&#8230;<\/p>\n<p>V.Petni\u016bnas nedelsdamas patikina, jog tai buvo ne\u017einia kieno paleista \u201eantis\u201c, apie kuri\u0105, anot jo, net diskutuoti g\u0117da. Pasklido ji tod\u0117l, kad buvo atsisakyta ne vagyst\u0119 tirti, bet ie\u0161koti pamesto daikto.<\/p>\n<p>Bet V.Petni\u016bnas sako, jog nuo kit\u0173 met\u0173 sausio 1-osios i\u0161ties startuos Kriminalin\u0117s policijos reforma. Ji rengiama siekiant optimizuoti kriminalist\u0173 darb\u0105, tiksliau paskirstyti prioritetus tiriant nusikaltimus.<\/p>\n<p>B\u016bsimos naujov\u0117s vis dar svarstomos ir Vyriausyb\u0117je, ir Seime, ir Generalin\u0117je prokurat\u016broje, tad kas konkre\u010diai bus reformuojama, kalb\u0117ti anksti.<br \/>\u201eAi\u0161ku viena: kaip tyr\u0117me visus nusikaltimus, taip tirsime ir toliau\u201c, &#8211; sako \u0160ilut\u0117s kriminalist\u0173 vadovas.<\/p>\n","protected":false},"excerpt":{"rendered":"<p>J\u0173 darbas netelpa nei \u012f visiems \u012fprastas darbo valandas, nei \u012f 5 dien\u0173 darbo savait\u0119, jie bet kada gali b\u016bti (ir b\u016bna) keliami i\u0161 miego, at\u0161aukiami i\u0161 atostog\u0173, ir nemurm\u0117dami kyla, nes tokia j\u0173 darbo specifika. Jie &#8211; Kriminalin\u0117s policijos pareig\u016bnai, pirmadien\u012f pamin\u0117j\u0119 savo profesijos \u0161vent\u0119. \u0160ios dienos i\u0161vakar\u0117se keletas \u0160ilut\u0117s policijos \u0161io skyriaus pareig\u016bn\u0173 [&hellip;]<\/p>\n","protected":false},"author":1,"featured_media":0,"comment_status":"open","ping_status":"open","sticky":false,"template":"","format":"standard","meta":{"footnotes":""},"categories":[2],"tags":[],"class_list":{"0":"post-11643","1":"post","2":"type-post","3":"status-publish","4":"format-standard","6":"category-aktualijos"},"yoast_head":"<!-- This site is optimized with the Yoast SEO plugin v27.5 - https:\/\/yoast.com\/product\/yoast-seo-wordpress\/ -->\n<title>Kriminalin\u0117s policijos vadovas - apie sklandan\u010dias \u201eantis\u201c ir laukian\u010dias reformas - \u0160ilut\u0117s naujienos<\/title>\n<meta name=\"robots\" content=\"index, follow, max-snippet:-1, max-image-preview:large, max-video-preview:-1\" \/>\n<link rel=\"canonical\" href=\"https:\/\/www.silutesnaujienos.lt\/lt\/kriminalines-policijos-vadovas-apie-sklandancias-antis-ir-laukiancias-reformas\/\" \/>\n<meta property=\"og:locale\" content=\"lt_LT\" \/>\n<meta property=\"og:type\" content=\"article\" \/>\n<meta property=\"og:title\" content=\"Kriminalin\u0117s policijos vadovas - apie sklandan\u010dias \u201eantis\u201c ir laukian\u010dias reformas - \u0160ilut\u0117s naujienos\" \/>\n<meta property=\"og:description\" content=\"J\u0173 darbas netelpa nei \u012f visiems \u012fprastas darbo valandas, nei \u012f 5 dien\u0173 darbo savait\u0119, jie bet kada gali b\u016bti (ir b\u016bna) keliami i\u0161 miego, at\u0161aukiami i\u0161 atostog\u0173, ir nemurm\u0117dami kyla, nes tokia j\u0173 darbo specifika. Jie &#8211; Kriminalin\u0117s policijos pareig\u016bnai, pirmadien\u012f pamin\u0117j\u0119 savo profesijos \u0161vent\u0119. \u0160ios dienos i\u0161vakar\u0117se keletas \u0160ilut\u0117s policijos \u0161io skyriaus pareig\u016bn\u0173 [&hellip;]\" \/>\n<meta property=\"og:url\" content=\"https:\/\/www.silutesnaujienos.lt\/lt\/kriminalines-policijos-vadovas-apie-sklandancias-antis-ir-laukiancias-reformas\/\" \/>\n<meta property=\"og:site_name\" content=\"\u0160ilut\u0117s naujienos\" \/>\n<meta property=\"article:publisher\" content=\"https:\/\/www.facebook.com\/silutes.naujienos\/\" \/>\n<meta property=\"article:published_time\" content=\"2014-11-04T20:00:00+00:00\" \/>\n<meta property=\"og:image\" content=\"\/\/silutesnaujienos.lt\/images\/stories\/2014\/SPALIS\/31\/thumbnails\/thumb_kriminalistai_petniunas_vaidas.jpg\" \/>\n<meta name=\"author\" content=\"\u0160ilut\u0117s naujien\u0173 inf.\" \/>\n<meta name=\"twitter:card\" content=\"summary_large_image\" \/>\n<meta name=\"twitter:label1\" content=\"Written by\" \/>\n\t<meta name=\"twitter:data1\" content=\"\u0160ilut\u0117s naujien\u0173 inf.\" \/>\n\t<meta name=\"twitter:label2\" content=\"Est. reading time\" \/>\n\t<meta name=\"twitter:data2\" content=\"6 minut\u0117s\" \/>\n<script type=\"application\/ld+json\" class=\"yoast-schema-graph\">{\"@context\":\"https:\\\/\\\/schema.org\",\"@graph\":[{\"@type\":\"Article\",\"@id\":\"https:\\\/\\\/www.silutesnaujienos.lt\\\/lt\\\/kriminalines-policijos-vadovas-apie-sklandancias-antis-ir-laukiancias-reformas\\\/#article\",\"isPartOf\":{\"@id\":\"https:\\\/\\\/www.silutesnaujienos.lt\\\/lt\\\/kriminalines-policijos-vadovas-apie-sklandancias-antis-ir-laukiancias-reformas\\\/\"},\"author\":{\"name\":\"\u0160ilut\u0117s naujien\u0173 inf.\",\"@id\":\"https:\\\/\\\/www.silutesnaujienos.lt\\\/lt\\\/#\\\/schema\\\/person\\\/232f475ddd4a7b5f49b3abc788b17e83\"},\"headline\":\"Kriminalin\u0117s policijos vadovas &#8211; apie sklandan\u010dias \u201eantis\u201c ir laukian\u010dias reformas\",\"datePublished\":\"2014-11-04T20:00:00+00:00\",\"mainEntityOfPage\":{\"@id\":\"https:\\\/\\\/www.silutesnaujienos.lt\\\/lt\\\/kriminalines-policijos-vadovas-apie-sklandancias-antis-ir-laukiancias-reformas\\\/\"},\"wordCount\":1153,\"commentCount\":0,\"publisher\":{\"@id\":\"https:\\\/\\\/www.silutesnaujienos.lt\\\/lt\\\/#organization\"},\"articleSection\":[\"Aktualijos\"],\"inLanguage\":\"lt-LT\",\"potentialAction\":[{\"@type\":\"CommentAction\",\"name\":\"Comment\",\"target\":[\"https:\\\/\\\/www.silutesnaujienos.lt\\\/lt\\\/kriminalines-policijos-vadovas-apie-sklandancias-antis-ir-laukiancias-reformas\\\/#respond\"]}]},{\"@type\":\"WebPage\",\"@id\":\"https:\\\/\\\/www.silutesnaujienos.lt\\\/lt\\\/kriminalines-policijos-vadovas-apie-sklandancias-antis-ir-laukiancias-reformas\\\/\",\"url\":\"https:\\\/\\\/www.silutesnaujienos.lt\\\/lt\\\/kriminalines-policijos-vadovas-apie-sklandancias-antis-ir-laukiancias-reformas\\\/\",\"name\":\"Kriminalin\u0117s policijos vadovas - apie sklandan\u010dias \u201eantis\u201c ir laukian\u010dias reformas - \u0160ilut\u0117s naujienos\",\"isPartOf\":{\"@id\":\"https:\\\/\\\/www.silutesnaujienos.lt\\\/lt\\\/#website\"},\"datePublished\":\"2014-11-04T20:00:00+00:00\",\"breadcrumb\":{\"@id\":\"https:\\\/\\\/www.silutesnaujienos.lt\\\/lt\\\/kriminalines-policijos-vadovas-apie-sklandancias-antis-ir-laukiancias-reformas\\\/#breadcrumb\"},\"inLanguage\":\"lt-LT\",\"potentialAction\":[{\"@type\":\"ReadAction\",\"target\":[\"https:\\\/\\\/www.silutesnaujienos.lt\\\/lt\\\/kriminalines-policijos-vadovas-apie-sklandancias-antis-ir-laukiancias-reformas\\\/\"]}]},{\"@type\":\"BreadcrumbList\",\"@id\":\"https:\\\/\\\/www.silutesnaujienos.lt\\\/lt\\\/kriminalines-policijos-vadovas-apie-sklandancias-antis-ir-laukiancias-reformas\\\/#breadcrumb\",\"itemListElement\":[{\"@type\":\"ListItem\",\"position\":1,\"name\":\"Home\",\"item\":\"https:\\\/\\\/www.silutesnaujienos.lt\\\/lt\\\/\"},{\"@type\":\"ListItem\",\"position\":2,\"name\":\"Kriminalin\u0117s policijos vadovas &#8211; apie sklandan\u010dias \u201eantis\u201c ir laukian\u010dias reformas\"}]},{\"@type\":\"WebSite\",\"@id\":\"https:\\\/\\\/www.silutesnaujienos.lt\\\/lt\\\/#website\",\"url\":\"https:\\\/\\\/www.silutesnaujienos.lt\\\/lt\\\/\",\"name\":\"\u0160ilut\u0117s naujienos\",\"description\":\"B\u016bk ant naujien\u0173 bangos!\",\"publisher\":{\"@id\":\"https:\\\/\\\/www.silutesnaujienos.lt\\\/lt\\\/#organization\"},\"potentialAction\":[{\"@type\":\"SearchAction\",\"target\":{\"@type\":\"EntryPoint\",\"urlTemplate\":\"https:\\\/\\\/www.silutesnaujienos.lt\\\/lt\\\/?s={search_term_string}\"},\"query-input\":{\"@type\":\"PropertyValueSpecification\",\"valueRequired\":true,\"valueName\":\"search_term_string\"}}],\"inLanguage\":\"lt-LT\"},{\"@type\":\"Organization\",\"@id\":\"https:\\\/\\\/www.silutesnaujienos.lt\\\/lt\\\/#organization\",\"name\":\"\u0160ilut\u0117s naujienos\",\"url\":\"https:\\\/\\\/www.silutesnaujienos.lt\\\/lt\\\/\",\"logo\":{\"@type\":\"ImageObject\",\"inLanguage\":\"lt-LT\",\"@id\":\"https:\\\/\\\/www.silutesnaujienos.lt\\\/lt\\\/#\\\/schema\\\/logo\\\/image\\\/\",\"url\":\"https:\\\/\\\/www.silutesnaujienos.lt\\\/lt\\\/wp-content\\\/uploads\\\/2020\\\/06\\\/FB_MAIN.jpg\",\"contentUrl\":\"https:\\\/\\\/www.silutesnaujienos.lt\\\/lt\\\/wp-content\\\/uploads\\\/2020\\\/06\\\/FB_MAIN.jpg\",\"width\":1700,\"height\":956,\"caption\":\"\u0160ilut\u0117s naujienos\"},\"image\":{\"@id\":\"https:\\\/\\\/www.silutesnaujienos.lt\\\/lt\\\/#\\\/schema\\\/logo\\\/image\\\/\"},\"sameAs\":[\"https:\\\/\\\/www.facebook.com\\\/silutes.naujienos\\\/\",\"https:\\\/\\\/www.youtube.com\\\/channel\\\/UCxW-cgrJDt8GxIMxSTAfJZg\"]},{\"@type\":\"Person\",\"@id\":\"https:\\\/\\\/www.silutesnaujienos.lt\\\/lt\\\/#\\\/schema\\\/person\\\/232f475ddd4a7b5f49b3abc788b17e83\",\"name\":\"\u0160ilut\u0117s naujien\u0173 inf.\",\"image\":{\"@type\":\"ImageObject\",\"inLanguage\":\"lt-LT\",\"@id\":\"https:\\\/\\\/www.silutesnaujienos.lt\\\/lt\\\/wp-content\\\/uploads\\\/2020\\\/06\\\/favicon.png\",\"url\":\"https:\\\/\\\/www.silutesnaujienos.lt\\\/lt\\\/wp-content\\\/uploads\\\/2020\\\/06\\\/favicon.png\",\"contentUrl\":\"https:\\\/\\\/www.silutesnaujienos.lt\\\/lt\\\/wp-content\\\/uploads\\\/2020\\\/06\\\/favicon.png\",\"caption\":\"\u0160ilut\u0117s naujien\u0173 inf.\"},\"sameAs\":[\"https:\\\/\\\/www.silutesnaujienos.lt\\\/lt\"],\"url\":\"https:\\\/\\\/www.silutesnaujienos.lt\\\/lt\\\/author\\\/ruta\\\/\"}]}<\/script>\n<!-- \/ Yoast SEO plugin. -->","yoast_head_json":{"title":"Kriminalin\u0117s policijos vadovas - apie sklandan\u010dias \u201eantis\u201c ir laukian\u010dias reformas - \u0160ilut\u0117s naujienos","robots":{"index":"index","follow":"follow","max-snippet":"max-snippet:-1","max-image-preview":"max-image-preview:large","max-video-preview":"max-video-preview:-1"},"canonical":"https:\/\/www.silutesnaujienos.lt\/lt\/kriminalines-policijos-vadovas-apie-sklandancias-antis-ir-laukiancias-reformas\/","og_locale":"lt_LT","og_type":"article","og_title":"Kriminalin\u0117s policijos vadovas - apie sklandan\u010dias \u201eantis\u201c ir laukian\u010dias reformas - \u0160ilut\u0117s naujienos","og_description":"J\u0173 darbas netelpa nei \u012f visiems \u012fprastas darbo valandas, nei \u012f 5 dien\u0173 darbo savait\u0119, jie bet kada gali b\u016bti (ir b\u016bna) keliami i\u0161 miego, at\u0161aukiami i\u0161 atostog\u0173, ir nemurm\u0117dami kyla, nes tokia j\u0173 darbo specifika. Jie &#8211; Kriminalin\u0117s policijos pareig\u016bnai, pirmadien\u012f pamin\u0117j\u0119 savo profesijos \u0161vent\u0119. \u0160ios dienos i\u0161vakar\u0117se keletas \u0160ilut\u0117s policijos \u0161io skyriaus pareig\u016bn\u0173 [&hellip;]","og_url":"https:\/\/www.silutesnaujienos.lt\/lt\/kriminalines-policijos-vadovas-apie-sklandancias-antis-ir-laukiancias-reformas\/","og_site_name":"\u0160ilut\u0117s naujienos","article_publisher":"https:\/\/www.facebook.com\/silutes.naujienos\/","article_published_time":"2014-11-04T20:00:00+00:00","og_image":[{"url":"\/\/silutesnaujienos.lt\/images\/stories\/2014\/SPALIS\/31\/thumbnails\/thumb_kriminalistai_petniunas_vaidas.jpg","type":"","width":"","height":""}],"author":"\u0160ilut\u0117s naujien\u0173 inf.","twitter_card":"summary_large_image","twitter_misc":{"Written by":"\u0160ilut\u0117s naujien\u0173 inf.","Est. reading time":"6 minut\u0117s"},"schema":{"@context":"https:\/\/schema.org","@graph":[{"@type":"Article","@id":"https:\/\/www.silutesnaujienos.lt\/lt\/kriminalines-policijos-vadovas-apie-sklandancias-antis-ir-laukiancias-reformas\/#article","isPartOf":{"@id":"https:\/\/www.silutesnaujienos.lt\/lt\/kriminalines-policijos-vadovas-apie-sklandancias-antis-ir-laukiancias-reformas\/"},"author":{"name":"\u0160ilut\u0117s naujien\u0173 inf.","@id":"https:\/\/www.silutesnaujienos.lt\/lt\/#\/schema\/person\/232f475ddd4a7b5f49b3abc788b17e83"},"headline":"Kriminalin\u0117s policijos vadovas &#8211; apie sklandan\u010dias \u201eantis\u201c ir laukian\u010dias reformas","datePublished":"2014-11-04T20:00:00+00:00","mainEntityOfPage":{"@id":"https:\/\/www.silutesnaujienos.lt\/lt\/kriminalines-policijos-vadovas-apie-sklandancias-antis-ir-laukiancias-reformas\/"},"wordCount":1153,"commentCount":0,"publisher":{"@id":"https:\/\/www.silutesnaujienos.lt\/lt\/#organization"},"articleSection":["Aktualijos"],"inLanguage":"lt-LT","potentialAction":[{"@type":"CommentAction","name":"Comment","target":["https:\/\/www.silutesnaujienos.lt\/lt\/kriminalines-policijos-vadovas-apie-sklandancias-antis-ir-laukiancias-reformas\/#respond"]}]},{"@type":"WebPage","@id":"https:\/\/www.silutesnaujienos.lt\/lt\/kriminalines-policijos-vadovas-apie-sklandancias-antis-ir-laukiancias-reformas\/","url":"https:\/\/www.silutesnaujienos.lt\/lt\/kriminalines-policijos-vadovas-apie-sklandancias-antis-ir-laukiancias-reformas\/","name":"Kriminalin\u0117s policijos vadovas - apie sklandan\u010dias \u201eantis\u201c ir laukian\u010dias reformas - \u0160ilut\u0117s naujienos","isPartOf":{"@id":"https:\/\/www.silutesnaujienos.lt\/lt\/#website"},"datePublished":"2014-11-04T20:00:00+00:00","breadcrumb":{"@id":"https:\/\/www.silutesnaujienos.lt\/lt\/kriminalines-policijos-vadovas-apie-sklandancias-antis-ir-laukiancias-reformas\/#breadcrumb"},"inLanguage":"lt-LT","potentialAction":[{"@type":"ReadAction","target":["https:\/\/www.silutesnaujienos.lt\/lt\/kriminalines-policijos-vadovas-apie-sklandancias-antis-ir-laukiancias-reformas\/"]}]},{"@type":"BreadcrumbList","@id":"https:\/\/www.silutesnaujienos.lt\/lt\/kriminalines-policijos-vadovas-apie-sklandancias-antis-ir-laukiancias-reformas\/#breadcrumb","itemListElement":[{"@type":"ListItem","position":1,"name":"Home","item":"https:\/\/www.silutesnaujienos.lt\/lt\/"},{"@type":"ListItem","position":2,"name":"Kriminalin\u0117s policijos vadovas &#8211; apie sklandan\u010dias \u201eantis\u201c ir laukian\u010dias reformas"}]},{"@type":"WebSite","@id":"https:\/\/www.silutesnaujienos.lt\/lt\/#website","url":"https:\/\/www.silutesnaujienos.lt\/lt\/","name":"\u0160ilut\u0117s naujienos","description":"B\u016bk ant naujien\u0173 bangos!","publisher":{"@id":"https:\/\/www.silutesnaujienos.lt\/lt\/#organization"},"potentialAction":[{"@type":"SearchAction","target":{"@type":"EntryPoint","urlTemplate":"https:\/\/www.silutesnaujienos.lt\/lt\/?s={search_term_string}"},"query-input":{"@type":"PropertyValueSpecification","valueRequired":true,"valueName":"search_term_string"}}],"inLanguage":"lt-LT"},{"@type":"Organization","@id":"https:\/\/www.silutesnaujienos.lt\/lt\/#organization","name":"\u0160ilut\u0117s naujienos","url":"https:\/\/www.silutesnaujienos.lt\/lt\/","logo":{"@type":"ImageObject","inLanguage":"lt-LT","@id":"https:\/\/www.silutesnaujienos.lt\/lt\/#\/schema\/logo\/image\/","url":"https:\/\/www.silutesnaujienos.lt\/lt\/wp-content\/uploads\/2020\/06\/FB_MAIN.jpg","contentUrl":"https:\/\/www.silutesnaujienos.lt\/lt\/wp-content\/uploads\/2020\/06\/FB_MAIN.jpg","width":1700,"height":956,"caption":"\u0160ilut\u0117s naujienos"},"image":{"@id":"https:\/\/www.silutesnaujienos.lt\/lt\/#\/schema\/logo\/image\/"},"sameAs":["https:\/\/www.facebook.com\/silutes.naujienos\/","https:\/\/www.youtube.com\/channel\/UCxW-cgrJDt8GxIMxSTAfJZg"]},{"@type":"Person","@id":"https:\/\/www.silutesnaujienos.lt\/lt\/#\/schema\/person\/232f475ddd4a7b5f49b3abc788b17e83","name":"\u0160ilut\u0117s naujien\u0173 inf.","image":{"@type":"ImageObject","inLanguage":"lt-LT","@id":"https:\/\/www.silutesnaujienos.lt\/lt\/wp-content\/uploads\/2020\/06\/favicon.png","url":"https:\/\/www.silutesnaujienos.lt\/lt\/wp-content\/uploads\/2020\/06\/favicon.png","contentUrl":"https:\/\/www.silutesnaujienos.lt\/lt\/wp-content\/uploads\/2020\/06\/favicon.png","caption":"\u0160ilut\u0117s naujien\u0173 inf."},"sameAs":["https:\/\/www.silutesnaujienos.lt\/lt"],"url":"https:\/\/www.silutesnaujienos.lt\/lt\/author\/ruta\/"}]}},"publishpress_future_workflow_manual_trigger":{"enabledWorkflows":[]},"amp_enabled":true,"_links":{"self":[{"href":"https:\/\/www.silutesnaujienos.lt\/lt\/wp-json\/wp\/v2\/posts\/11643","targetHints":{"allow":["GET"]}}],"collection":[{"href":"https:\/\/www.silutesnaujienos.lt\/lt\/wp-json\/wp\/v2\/posts"}],"about":[{"href":"https:\/\/www.silutesnaujienos.lt\/lt\/wp-json\/wp\/v2\/types\/post"}],"author":[{"embeddable":true,"href":"https:\/\/www.silutesnaujienos.lt\/lt\/wp-json\/wp\/v2\/users\/1"}],"replies":[{"embeddable":true,"href":"https:\/\/www.silutesnaujienos.lt\/lt\/wp-json\/wp\/v2\/comments?post=11643"}],"version-history":[{"count":0,"href":"https:\/\/www.silutesnaujienos.lt\/lt\/wp-json\/wp\/v2\/posts\/11643\/revisions"}],"wp:attachment":[{"href":"https:\/\/www.silutesnaujienos.lt\/lt\/wp-json\/wp\/v2\/media?parent=11643"}],"wp:term":[{"taxonomy":"category","embeddable":true,"href":"https:\/\/www.silutesnaujienos.lt\/lt\/wp-json\/wp\/v2\/categories?post=11643"},{"taxonomy":"post_tag","embeddable":true,"href":"https:\/\/www.silutesnaujienos.lt\/lt\/wp-json\/wp\/v2\/tags?post=11643"}],"curies":[{"name":"wp","href":"https:\/\/api.w.org\/{rel}","templated":true}]}}