{"id":11824,"date":"2015-10-14T15:00:00","date_gmt":"2015-10-14T17:00:00","guid":{"rendered":"https:\/\/www.silutesnaujienos.lt\/lt\/vetrungiu-kelias-tiesia-naujus-greitkelius\/"},"modified":"2015-10-14T15:00:00","modified_gmt":"2015-10-14T17:00:00","slug":"vetrungiu-kelias-tiesia-naujus-greitkelius","status":"publish","type":"post","link":"https:\/\/www.silutesnaujienos.lt\/lt\/vetrungiu-kelias-tiesia-naujus-greitkelius\/","title":{"rendered":"\u201eV\u0117trungi\u0173 kelias\u201c tiesia naujus greitkelius"},"content":{"rendered":"<p><a target=\"_blank\" rel=\"caption[ Projekto \u201eV\u0117trungi\u0173 kelias\u201c partneriai aptar\u0117 \u0161iemetin\u0119 veikl\u0105 ir numat\u0117 kito sezono darbus.] noopener noreferrer\" class=\"jcepopup\" href=\"\/\/silutesnaujienos.lt\/images\/stories\/2015\/SPALIS\/13\/vetrungiu_kelias_aptarimas_ziurovai.jpg\" data-rel=\"lightbox-gallery-aGJEc27W\" data-rl_title=\"\" data-rl_caption=\"\"><img loading=\"lazy\" decoding=\"async\" style=\"margin: 5px; float: left;\" class=\"caption\" title=\"\" alt=\"vetrungiu kelias aptarimas ziurovai\" src=\"\/\/silutesnaujienos.lt\/images\/stories\/2015\/SPALIS\/13\/thumbnails\/thumb_vetrungiu_kelias_aptarimas_ziurovai.jpg\" height=\"230\" width=\"307\" \/><\/a><strong>Jau treti metai s\u0117kmingai vystomas \u0160ilut\u0117s kult\u016bros ir pramog\u0173 centro inicijuotas projektas \u201eV\u0117trungi\u0173 kelias\u201c \u012f veiksm\u0173 s\u016bkur\u012f \u012ftraukia \u012fsp\u016bd\u017eiautojus bei naujus partnerius. O j\u0173 jau yra net 24.<br \/><\/strong><br \/><strong>D\u017eiaugdamasi, kad id\u0117ja skleisti \u017eini\u0105 bei istorij\u0105 apie Ma\u017eosios Lietuvos kra\u0161to simbol\u012f &#8211; v\u0117trung\u0119 atveria naujus kelius, KPC direktor\u0117 J\u016brat\u0117 Pancerova sak\u0117, jog \u0161iemet partneri\u0173 gretas papild\u0117 Lietuvos j\u016br\u0173 muziejus, Neringos savivaldyb\u0117, radijo stotis \u201eLal\u016bna\u201c, netrukus \u012fsilies ir Pag\u0117gi\u0173 kra\u0161to turizmo centras.<br \/><\/strong><br \/><strong>Spalio 6-\u0105j\u0105 prie apskritojo stalo rinkosi projekto \u012fgyvendintojai bei aptar\u0117 pra\u0117jusius metus ir naujus planus.<\/strong><strong><br \/><\/strong><br \/><strong>D\u017eiaug\u0117si naujais partneriais<br \/><\/strong><br \/>Kult\u016brinio projekto aptarimas prasid\u0117jo pad\u0117komis, skirtomis \u201eV\u0117trungi\u0173 kelio\u201c koordinatorei \u0160ilut\u0117s KPC direktorei J.Pancerovai.<\/p>\n<p>U\u017e bendradarbiavim\u0105 rengiant vaik\u0173 ir jaunimo etnokult\u016brin\u0119 stovykl\u0105 \u201eV\u0117lungis 2015\u201c, bei id\u0117jas pirmoji pad\u0117kos ra\u0161t\u0105 kolegei J\u016bratei \u012fteik\u0117 Klaip\u0117dos miesto savivaldyb\u0117s etnokult\u016bros centro direktor\u0117 Nijol\u0117 Sliu\u017einskien\u0117. \u201eSkol\u0105\u201c u\u017e ger\u0105j\u0105 patirt\u012f atidav\u0117 ir Rambyno regioninio parko direkcijos vadov\u0117 Diana Mila\u0161auskien\u0117, padovanodama kompaktin\u0119 plok\u0161tel\u0119 su kasmetin\u0117s \u0161vent\u0117s \u201ePalaunag\u0117 (pavakariai) Bit\u0117nuose\u201c vaizdo med\u017eiaga. \u0160ios \u0161vent\u0117s metu, anot D.Mila\u0161auskien\u0117s, buvo sukurta v\u0117trung\u0117, kuri jau puo\u0161ia Pag\u0117gi\u0173 kra\u0161to turizmo ir informacijos centro laiv\u0105 \u201eSkalvis\u201c.<\/p>\n<p>Pristatydama \u0161i\u0173 met\u0173 projekto ataskait\u0105 J.Pancerova d\u017eiaug\u0117si ne tik naujais partneriais, bet ir pagrindiniu \u201eV\u0117trungi\u0173 kelio\u201c tikslu, kuriuo siekiama pristatyti istorin\u012f, etnografin\u012f paveld\u0105 bei \u012ftraukti kult\u016brines, turizmo \u012fstaigas, saugomas teritorijas ir bibliotekas. Anot J.Pancerovos, nors i\u0161 pirmo \u017evilgsnio atrodo, jog apie v\u0117trunges \u017eini\u0173 yra nema\u017eai, ta\u010diau, giliau jas patyrin\u0117jus, i\u0161vados prie\u0161ingos.<\/p>\n<p><strong>V\u0117trung\u0117li\u0173 ie\u0161kojo ma\u017eiau \u012fsp\u016bd\u017eiautoj\u0173<\/strong><a target=\"_blank\" rel=\"caption[Projekto koordinator\u0117 J.Pancerova sulauk\u0117 pad\u0117k\u0173 i\u0161 partneri\u0173 u\u017e naujas id\u0117jas. ] noopener noreferrer\" class=\"jcepopup\" href=\"\/\/silutesnaujienos.lt\/images\/stories\/2015\/SPALIS\/13\/vetrungiu_kelias_aptarimas_pancerova.jpg\" data-rel=\"lightbox-gallery-aGJEc27W\" data-rl_title=\"\" data-rl_caption=\"\"><img loading=\"lazy\" decoding=\"async\" style=\"margin: 5px; float: right;\" class=\"caption\" title=\"\" alt=\"vetrungiu kelias aptarimas pancerova\" src=\"\/\/silutesnaujienos.lt\/images\/stories\/2015\/SPALIS\/13\/thumbnails\/thumb_vetrungiu_kelias_aptarimas_pancerova.jpg\" height=\"230\" width=\"307\" \/><\/a><\/p>\n<p>\u0160iemet buvo patobulintas ir i\u0161pl\u0117stas atraktyvaus projekto \u017eaidimo \u201eSurask v\u0117trung\u0117l\u0119\u201c kelias. \u017daidimas startavo su v\u0117trungi\u0173 gimtadieniu, bir\u017eelio 26 d., u\u017ebaigtas Turizmo dienos i\u0161vakar\u0117se, spalio 26-\u0105j\u0105. Ta\u010diau statistika rodo, kad pernai \u017eaidim\u0105 u\u017ebaig\u0117 ir v\u0117trung\u0117l\u0119, kaip pagrindin\u012f priz\u0105 gavo 67 asmenys ar grup\u0117s, o \u0161iemet &#8211; tik 9.<\/p>\n<p>Pernai \u012fsp\u016bd\u017eiautojams tereik\u0117jo aplankyti si\u016blomus objektus ir surinkti po 7 \u017eaidimo antspaudus, o \u0161iemet taisykl\u0117s buvo grie\u017etesn\u0117s. Norintieji dalyvauti \u017eaidime gal\u0117jo registruotis \u012fkurtoje svetain\u0117je www.vetrungiukelias.lt, kurioje buvo pateiktas \u017eem\u0117lapis su pa\u017eym\u0117tomis lankytinomis vietov\u0117mis. Reik\u0117jo surasti visas 9 \u017eaidimo v\u0117trung\u0117les ir atsi\u0173sti tai \u012frodan\u010dias nuotraukas. Prizus gavo grup\u0117s, kurios atliko \u0161ias u\u017eduotis.<\/p>\n<p>Projekto partneri\u0173 atstovai sak\u0117, jog labiausiai koj\u0105 ki\u0161o tai, kad \u0161iemet \u017eaidimo dalyviams negavo popierinio \u017eem\u0117lapio, rodan\u010dio objektus, kur gal\u0117t\u0173 b\u016bti pasl\u0117ptos v\u0117trung\u0117l\u0117s. Kitiems dalyviams buvo nepatogus laikas, nes savaitgaliais nema\u017eai muziej\u0173, turizmo ir informacijos centr\u0173 bei kit\u0173 kult\u016brini\u0173 \u012fstaig\u0173 nedirba. Taip pat \u017eaidim\u0105 sunkino ir gausyb\u0117 virtualiame \u017eem\u0117lapyje pa\u017eym\u0117t\u0173 lankytin\u0173 objekt\u0173 (37), tarp kuri\u0173 tik devyniuose buvo \u017eaidimo simboliai.<\/p>\n<p>Dar viena problema ta, jog \u017eaidimo dalyviai d\u0117mes\u012f koncentravo ne \u012f pa\u017eintis su lankytinomis vietomis, istorija, o skub\u0117jo grei\u010diau pasiekti fini\u0161\u0105.<\/p>\n<p>Anot \u0160ilut\u0117s muziejaus direktor\u0117s Rozos \u0160ik\u0161nien\u0117s, pirmaisiais metais \u012fsp\u016bd\u017eiautojai&nbsp; lankytinoje vietoje dom\u0117josiistorija, eksponatais, o \u0161iemet dauguma, deja, \u017eaid\u0117 vardan \u017eaidimo ir, tik atvyk\u0119 bei u\u017efiksav\u0119 save su V\u0117trung\u0117s simboliu, skub\u0117jo \u012f kitas paie\u0161kas.<\/p>\n<p>\u0160iam pasteb\u0117jimui pritar\u0117 kiti susitikime dalyvav\u0119 partneriai, sakydami, jog \u012fsp\u016bd\u017eiautojai nelabai pageidavo ekskursij\u0173, pasakojim\u0173.<\/p>\n<p>J.Pancerova sak\u0117, jog naujame \u017eaidimo sezone bus stengiamasi neriboti \u017eaidimo laiko ir parengti u\u017eduotis, pana\u0161ias \u012f lobio ie\u0161kojim\u0105. Dalyviams teks minti m\u012fsles, taikyti i\u0161girstas \u017einias, istorijas bei ie\u0161koti v\u0117trung\u0117l\u0117s simboli\u0173 gamtoje.<\/p>\n<p><strong>Gal\u0117jo \u012fsp\u016bd\u017eiauti ir virtualiai<\/strong><\/p>\n<p>Kad turistams b\u016bt\u0173 patogiau, buvo sukurtos interneto svetain\u0117 www.vetrungiukelias.lt bei socialinio tinklo \u201eFacebook\u201c paskyra, kurios pad\u0117jo pl\u0117sti ir steb\u0117ti lankytoj\u0173 skai\u010di\u0173. Dalyviai gal\u0117jo bendrauti su \u017eaidimo koordinatoriumi &#8211; klausti, i\u0161sakyti savo nuomon\u0119.<\/p>\n<p>Anot J.Pancerovos, nema\u017eai lankytoj\u0173 sulauk\u0117 b\u016btent virtualus \u017eaidimas \u201eV\u0117trungi\u0173 kelias\u201c. Interneto svetain\u0117je apsilank\u0117 7 737 lankytojai, \u010dia u\u017esiregistravusi\u0173 \u017eaidimo dalyvi\u0173 buvo 32, socialinio tinklo \u201eFacebook\u201c paskyroje &#8211; 198 draugai ir \u010dia \u017eaidime dalyvavo 78 \u017eaid\u0117jai, i\u0161 kuri\u0173 laim\u0117tojais paskelbti 5 asmenys.<\/p>\n<p>Be to, virtualioje erdv\u0117je \u017emon\u0117s gal\u0117jo rasti informacijos apie projekto partneri\u0173 renginius, \u012fvairias veiklas visame regione, susipa\u017einti su naujienomis. I\u0161 viso internetin\u0117je svetain\u0117je paskelbta 20 informacini\u0173 prane\u0161im\u0173, straipsni\u0173, pristatyti 48 renginiai.<\/p>\n<p><strong>I\u0161versta knyga laukia leid\u0117jo<\/strong><\/p>\n<p>Susitikime pristatytas dar vienas kult\u016brinio projekto \u201eV\u0117trungi\u0173 kelias\u201c vaisius &#8211; istoriko Romualdo Adomavi\u010diaus i\u0161 vokie\u010di\u0173 kalbos i\u0161versta H.Woede knyga \u201eWimpel der Kurenk\u00f5hne\u201c (W\u00b3rzburg, 1965).<\/p>\n<p>Istorikas R.Adomavi\u010dius sak\u0117, jog ver\u010diant knyg\u0105 teko susipa\u017einti su visa med\u017eiaga apie v\u0117trunges. \u201eKnygos autorius padar\u0117 didel\u012f darb\u0105, nes knygoje apie v\u0117trunges detaliai sura\u0161yti visi registrai pagal vietoves, laik\u0105, nurodyti \u0161altiniai\u201c, &#8211; sak\u0117 R.Adomavi\u010dius.<\/p>\n<p>Ver\u010diant tekstus reik\u0117jo ir tam tikr\u0173 korekcij\u0173, nes ne visk\u0105 i\u0161 vokie\u010di\u0173 kalbos galima i\u0161versti pa\u017eod\u017eiui. Net ir knygos pavadinimas yra \u0161iek tiek pakeistas: vertimas pavadintas \u201eKur\u0161i\u0173 mari\u0173 \u017evej\u0173 burval\u010di\u0173 v\u0117trung\u0117s\u201c, o pa\u017eod\u017eiui pavadinimas skamb\u0117t\u0173 taip: \u201eKur\u0161i\u0173 val\u010di\u0173 vimpelai\u201c.<\/p>\n<p>Diskusijos metu i\u0161kilo klausim\u0173 d\u0117l knygos leidimo. Savivaldyb\u0117s Kult\u016bros skyriaus ved\u0117ja Vilma Gri\u0161kevi\u010dien\u0117 mano, jog net svarstyti nereik\u0117t\u0173 apie tai, ar knyg\u0105 reikia spausdinti. \u201eJau turime knyg\u0105 i\u0161verst\u0105, tod\u0117l reikia kuo skubiau imtis veiksm\u0173, kad ji b\u016bt\u0173 ir i\u0161leista\u201c, &#8211; sak\u0117 ji.<\/p>\n<p><strong>Autorini\u0173 teisi\u0173 klausimai<\/strong><\/p>\n<p>Ta\u010diau leid\u017eiant kit\u0173 autori\u0173 knygas pirmiausia reikia i\u0161spr\u0119sti autorini\u0173 teisi\u0173 klausimus. \u0160iuo atveju jos priklauso H.Woede giminai\u010diams, gyvenantiems Vokietijoje. Kol kas n\u0117ra \u017einoma, kas jie ir kokia j\u0173 nuomon\u0117 d\u0117l knygos vertimo spausdinimo.<\/p>\n<p>Sprendim\u0105 pasi\u016bl\u0117 muziejaus direktor\u0117 R.\u0160ik\u0161nien\u0117. Ji perskait\u0117 Vokietijoje gyvenan\u010dio buvusio \u0161i\u0161ioni\u0161kio Hartmuto Toleikio lai\u0161k\u0105, kuriuo jis, atsiliepdamas \u012f \u0161iluti\u0161ki\u0173 muziejinink\u0173 pra\u0161ym\u0105, pad\u0117jo surasti ir nupirko bei v\u0117liau muziejui padovanojo originali\u0105 H.Woede knyg\u0105. H.Toleikis ra\u0161\u0117, kad jei \u0161iluti\u0161kiai sumanyt\u0173 \u0161i\u0105 knyg\u0105 i\u0161leisti lietuvi\u0173 kalba, jis pad\u0117t\u0173 surasti H.Woede giminai\u010dius.<\/p>\n<p>Pokalbio metu buvo ir daugiau pasi\u016blym\u0173. Gal papras\u010diau b\u016bt\u0173, jei visus knygos leidimo darbus atlikt\u0173 samdyta leidykla? Kiti si\u016bl\u0117 kreiptis \u012f kra\u0161tiet\u012f istorik\u0105 K\u0119stut\u012f Demereck\u0105, kuris turi nema\u017eai knyg\u0173 leidybos patirties, arba \u012f Klaip\u0117dos akademin\u0119 universiteto leidykl\u0105.<\/p>\n<p>Sutarta skubiai ie\u0161koti geriausi\u0173 variant\u0173, o autorini\u0173 teisi\u0173 klausimus spr\u0119sti su pagalb\u0105 pasi\u016bliusiu H.Toleikiu.<\/p>\n<p>H.Woede knygos \u201eWimpel der Kurenk\u00f5hne\u201c i\u0161leidimas lietuvi\u0173 kalba &#8211; svarbus \u017eingsnis ne tik \u012fgyvendinant projekt\u0105 \u201eV\u0117trungi\u0173 kelias\u201c, bet ir sudarys galimyb\u0119 platesniam ratui besidominan\u010di\u0173 v\u0117trung\u0117mis susipa\u017einti su vienu i\u0161samiausi\u0173 \u0161altini\u0173 apie istorines v\u0117trunges.<img decoding=\"async\" src=\"\/\/silutesnaujienos.lt\/images\/stories\/LOGO\/spaudos_remimo_fondas.JPG\" alt=\"\" \/><\/p>\n","protected":false},"excerpt":{"rendered":"<p>Jau treti metai s\u0117kmingai vystomas \u0160ilut\u0117s kult\u016bros ir pramog\u0173 centro inicijuotas projektas \u201eV\u0117trungi\u0173 kelias\u201c \u012f veiksm\u0173 s\u016bkur\u012f \u012ftraukia \u012fsp\u016bd\u017eiautojus bei naujus partnerius. O j\u0173 jau yra net 24.D\u017eiaugdamasi, kad id\u0117ja skleisti \u017eini\u0105 bei istorij\u0105 apie Ma\u017eosios Lietuvos kra\u0161to simbol\u012f &#8211; v\u0117trung\u0119 atveria naujus kelius, KPC direktor\u0117 J\u016brat\u0117 Pancerova sak\u0117, jog \u0161iemet partneri\u0173 gretas papild\u0117 Lietuvos [&hellip;]<\/p>\n","protected":false},"author":1,"featured_media":0,"comment_status":"open","ping_status":"open","sticky":false,"template":"","format":"standard","meta":{"footnotes":""},"categories":[2],"tags":[],"class_list":{"0":"post-11824","1":"post","2":"type-post","3":"status-publish","4":"format-standard","6":"category-aktualijos"},"yoast_head":"<!-- This site is optimized with the Yoast SEO plugin v27.5 - https:\/\/yoast.com\/product\/yoast-seo-wordpress\/ -->\n<title>\u201eV\u0117trungi\u0173 kelias\u201c tiesia naujus greitkelius - \u0160ilut\u0117s naujienos<\/title>\n<meta name=\"robots\" content=\"index, follow, max-snippet:-1, max-image-preview:large, max-video-preview:-1\" \/>\n<link rel=\"canonical\" href=\"https:\/\/www.silutesnaujienos.lt\/lt\/vetrungiu-kelias-tiesia-naujus-greitkelius\/\" \/>\n<meta property=\"og:locale\" content=\"lt_LT\" \/>\n<meta property=\"og:type\" content=\"article\" \/>\n<meta property=\"og:title\" content=\"\u201eV\u0117trungi\u0173 kelias\u201c tiesia naujus greitkelius - \u0160ilut\u0117s naujienos\" \/>\n<meta property=\"og:description\" content=\"Jau treti metai s\u0117kmingai vystomas \u0160ilut\u0117s kult\u016bros ir pramog\u0173 centro inicijuotas projektas \u201eV\u0117trungi\u0173 kelias\u201c \u012f veiksm\u0173 s\u016bkur\u012f \u012ftraukia \u012fsp\u016bd\u017eiautojus bei naujus partnerius. O j\u0173 jau yra net 24.D\u017eiaugdamasi, kad id\u0117ja skleisti \u017eini\u0105 bei istorij\u0105 apie Ma\u017eosios Lietuvos kra\u0161to simbol\u012f &#8211; v\u0117trung\u0119 atveria naujus kelius, KPC direktor\u0117 J\u016brat\u0117 Pancerova sak\u0117, jog \u0161iemet partneri\u0173 gretas papild\u0117 Lietuvos [&hellip;]\" \/>\n<meta property=\"og:url\" content=\"https:\/\/www.silutesnaujienos.lt\/lt\/vetrungiu-kelias-tiesia-naujus-greitkelius\/\" \/>\n<meta property=\"og:site_name\" content=\"\u0160ilut\u0117s naujienos\" \/>\n<meta property=\"article:publisher\" content=\"https:\/\/www.facebook.com\/silutes.naujienos\/\" \/>\n<meta property=\"article:published_time\" content=\"2015-10-14T17:00:00+00:00\" \/>\n<meta property=\"og:image\" content=\"\/\/silutesnaujienos.lt\/images\/stories\/2015\/SPALIS\/13\/thumbnails\/thumb_vetrungiu_kelias_aptarimas_ziurovai.jpg\" \/>\n<meta name=\"author\" content=\"\u0160ilut\u0117s naujien\u0173 inf.\" \/>\n<meta name=\"twitter:card\" content=\"summary_large_image\" \/>\n<meta name=\"twitter:label1\" content=\"Written by\" \/>\n\t<meta name=\"twitter:data1\" content=\"\u0160ilut\u0117s naujien\u0173 inf.\" \/>\n\t<meta name=\"twitter:label2\" content=\"Est. reading time\" \/>\n\t<meta name=\"twitter:data2\" content=\"6 minut\u0117s\" \/>\n<script type=\"application\/ld+json\" class=\"yoast-schema-graph\">{\"@context\":\"https:\\\/\\\/schema.org\",\"@graph\":[{\"@type\":\"Article\",\"@id\":\"https:\\\/\\\/www.silutesnaujienos.lt\\\/lt\\\/vetrungiu-kelias-tiesia-naujus-greitkelius\\\/#article\",\"isPartOf\":{\"@id\":\"https:\\\/\\\/www.silutesnaujienos.lt\\\/lt\\\/vetrungiu-kelias-tiesia-naujus-greitkelius\\\/\"},\"author\":{\"name\":\"\u0160ilut\u0117s naujien\u0173 inf.\",\"@id\":\"https:\\\/\\\/www.silutesnaujienos.lt\\\/lt\\\/#\\\/schema\\\/person\\\/232f475ddd4a7b5f49b3abc788b17e83\"},\"headline\":\"\u201eV\u0117trungi\u0173 kelias\u201c tiesia naujus greitkelius\",\"datePublished\":\"2015-10-14T17:00:00+00:00\",\"mainEntityOfPage\":{\"@id\":\"https:\\\/\\\/www.silutesnaujienos.lt\\\/lt\\\/vetrungiu-kelias-tiesia-naujus-greitkelius\\\/\"},\"wordCount\":1156,\"commentCount\":0,\"publisher\":{\"@id\":\"https:\\\/\\\/www.silutesnaujienos.lt\\\/lt\\\/#organization\"},\"articleSection\":[\"Aktualijos\"],\"inLanguage\":\"lt-LT\",\"potentialAction\":[{\"@type\":\"CommentAction\",\"name\":\"Comment\",\"target\":[\"https:\\\/\\\/www.silutesnaujienos.lt\\\/lt\\\/vetrungiu-kelias-tiesia-naujus-greitkelius\\\/#respond\"]}]},{\"@type\":\"WebPage\",\"@id\":\"https:\\\/\\\/www.silutesnaujienos.lt\\\/lt\\\/vetrungiu-kelias-tiesia-naujus-greitkelius\\\/\",\"url\":\"https:\\\/\\\/www.silutesnaujienos.lt\\\/lt\\\/vetrungiu-kelias-tiesia-naujus-greitkelius\\\/\",\"name\":\"\u201eV\u0117trungi\u0173 kelias\u201c tiesia naujus greitkelius - \u0160ilut\u0117s naujienos\",\"isPartOf\":{\"@id\":\"https:\\\/\\\/www.silutesnaujienos.lt\\\/lt\\\/#website\"},\"datePublished\":\"2015-10-14T17:00:00+00:00\",\"breadcrumb\":{\"@id\":\"https:\\\/\\\/www.silutesnaujienos.lt\\\/lt\\\/vetrungiu-kelias-tiesia-naujus-greitkelius\\\/#breadcrumb\"},\"inLanguage\":\"lt-LT\",\"potentialAction\":[{\"@type\":\"ReadAction\",\"target\":[\"https:\\\/\\\/www.silutesnaujienos.lt\\\/lt\\\/vetrungiu-kelias-tiesia-naujus-greitkelius\\\/\"]}]},{\"@type\":\"BreadcrumbList\",\"@id\":\"https:\\\/\\\/www.silutesnaujienos.lt\\\/lt\\\/vetrungiu-kelias-tiesia-naujus-greitkelius\\\/#breadcrumb\",\"itemListElement\":[{\"@type\":\"ListItem\",\"position\":1,\"name\":\"Home\",\"item\":\"https:\\\/\\\/www.silutesnaujienos.lt\\\/lt\\\/\"},{\"@type\":\"ListItem\",\"position\":2,\"name\":\"\u201eV\u0117trungi\u0173 kelias\u201c tiesia naujus greitkelius\"}]},{\"@type\":\"WebSite\",\"@id\":\"https:\\\/\\\/www.silutesnaujienos.lt\\\/lt\\\/#website\",\"url\":\"https:\\\/\\\/www.silutesnaujienos.lt\\\/lt\\\/\",\"name\":\"\u0160ilut\u0117s naujienos\",\"description\":\"B\u016bk ant naujien\u0173 bangos!\",\"publisher\":{\"@id\":\"https:\\\/\\\/www.silutesnaujienos.lt\\\/lt\\\/#organization\"},\"potentialAction\":[{\"@type\":\"SearchAction\",\"target\":{\"@type\":\"EntryPoint\",\"urlTemplate\":\"https:\\\/\\\/www.silutesnaujienos.lt\\\/lt\\\/?s={search_term_string}\"},\"query-input\":{\"@type\":\"PropertyValueSpecification\",\"valueRequired\":true,\"valueName\":\"search_term_string\"}}],\"inLanguage\":\"lt-LT\"},{\"@type\":\"Organization\",\"@id\":\"https:\\\/\\\/www.silutesnaujienos.lt\\\/lt\\\/#organization\",\"name\":\"\u0160ilut\u0117s naujienos\",\"url\":\"https:\\\/\\\/www.silutesnaujienos.lt\\\/lt\\\/\",\"logo\":{\"@type\":\"ImageObject\",\"inLanguage\":\"lt-LT\",\"@id\":\"https:\\\/\\\/www.silutesnaujienos.lt\\\/lt\\\/#\\\/schema\\\/logo\\\/image\\\/\",\"url\":\"https:\\\/\\\/www.silutesnaujienos.lt\\\/lt\\\/wp-content\\\/uploads\\\/2020\\\/06\\\/FB_MAIN.jpg\",\"contentUrl\":\"https:\\\/\\\/www.silutesnaujienos.lt\\\/lt\\\/wp-content\\\/uploads\\\/2020\\\/06\\\/FB_MAIN.jpg\",\"width\":1700,\"height\":956,\"caption\":\"\u0160ilut\u0117s naujienos\"},\"image\":{\"@id\":\"https:\\\/\\\/www.silutesnaujienos.lt\\\/lt\\\/#\\\/schema\\\/logo\\\/image\\\/\"},\"sameAs\":[\"https:\\\/\\\/www.facebook.com\\\/silutes.naujienos\\\/\",\"https:\\\/\\\/www.youtube.com\\\/channel\\\/UCxW-cgrJDt8GxIMxSTAfJZg\"]},{\"@type\":\"Person\",\"@id\":\"https:\\\/\\\/www.silutesnaujienos.lt\\\/lt\\\/#\\\/schema\\\/person\\\/232f475ddd4a7b5f49b3abc788b17e83\",\"name\":\"\u0160ilut\u0117s naujien\u0173 inf.\",\"image\":{\"@type\":\"ImageObject\",\"inLanguage\":\"lt-LT\",\"@id\":\"https:\\\/\\\/www.silutesnaujienos.lt\\\/lt\\\/wp-content\\\/uploads\\\/2020\\\/06\\\/favicon.png\",\"url\":\"https:\\\/\\\/www.silutesnaujienos.lt\\\/lt\\\/wp-content\\\/uploads\\\/2020\\\/06\\\/favicon.png\",\"contentUrl\":\"https:\\\/\\\/www.silutesnaujienos.lt\\\/lt\\\/wp-content\\\/uploads\\\/2020\\\/06\\\/favicon.png\",\"caption\":\"\u0160ilut\u0117s naujien\u0173 inf.\"},\"sameAs\":[\"https:\\\/\\\/www.silutesnaujienos.lt\\\/lt\"],\"url\":\"https:\\\/\\\/www.silutesnaujienos.lt\\\/lt\\\/author\\\/ruta\\\/\"}]}<\/script>\n<!-- \/ Yoast SEO plugin. -->","yoast_head_json":{"title":"\u201eV\u0117trungi\u0173 kelias\u201c tiesia naujus greitkelius - \u0160ilut\u0117s naujienos","robots":{"index":"index","follow":"follow","max-snippet":"max-snippet:-1","max-image-preview":"max-image-preview:large","max-video-preview":"max-video-preview:-1"},"canonical":"https:\/\/www.silutesnaujienos.lt\/lt\/vetrungiu-kelias-tiesia-naujus-greitkelius\/","og_locale":"lt_LT","og_type":"article","og_title":"\u201eV\u0117trungi\u0173 kelias\u201c tiesia naujus greitkelius - \u0160ilut\u0117s naujienos","og_description":"Jau treti metai s\u0117kmingai vystomas \u0160ilut\u0117s kult\u016bros ir pramog\u0173 centro inicijuotas projektas \u201eV\u0117trungi\u0173 kelias\u201c \u012f veiksm\u0173 s\u016bkur\u012f \u012ftraukia \u012fsp\u016bd\u017eiautojus bei naujus partnerius. O j\u0173 jau yra net 24.D\u017eiaugdamasi, kad id\u0117ja skleisti \u017eini\u0105 bei istorij\u0105 apie Ma\u017eosios Lietuvos kra\u0161to simbol\u012f &#8211; v\u0117trung\u0119 atveria naujus kelius, KPC direktor\u0117 J\u016brat\u0117 Pancerova sak\u0117, jog \u0161iemet partneri\u0173 gretas papild\u0117 Lietuvos [&hellip;]","og_url":"https:\/\/www.silutesnaujienos.lt\/lt\/vetrungiu-kelias-tiesia-naujus-greitkelius\/","og_site_name":"\u0160ilut\u0117s naujienos","article_publisher":"https:\/\/www.facebook.com\/silutes.naujienos\/","article_published_time":"2015-10-14T17:00:00+00:00","og_image":[{"url":"\/\/silutesnaujienos.lt\/images\/stories\/2015\/SPALIS\/13\/thumbnails\/thumb_vetrungiu_kelias_aptarimas_ziurovai.jpg","type":"","width":"","height":""}],"author":"\u0160ilut\u0117s naujien\u0173 inf.","twitter_card":"summary_large_image","twitter_misc":{"Written by":"\u0160ilut\u0117s naujien\u0173 inf.","Est. reading time":"6 minut\u0117s"},"schema":{"@context":"https:\/\/schema.org","@graph":[{"@type":"Article","@id":"https:\/\/www.silutesnaujienos.lt\/lt\/vetrungiu-kelias-tiesia-naujus-greitkelius\/#article","isPartOf":{"@id":"https:\/\/www.silutesnaujienos.lt\/lt\/vetrungiu-kelias-tiesia-naujus-greitkelius\/"},"author":{"name":"\u0160ilut\u0117s naujien\u0173 inf.","@id":"https:\/\/www.silutesnaujienos.lt\/lt\/#\/schema\/person\/232f475ddd4a7b5f49b3abc788b17e83"},"headline":"\u201eV\u0117trungi\u0173 kelias\u201c tiesia naujus greitkelius","datePublished":"2015-10-14T17:00:00+00:00","mainEntityOfPage":{"@id":"https:\/\/www.silutesnaujienos.lt\/lt\/vetrungiu-kelias-tiesia-naujus-greitkelius\/"},"wordCount":1156,"commentCount":0,"publisher":{"@id":"https:\/\/www.silutesnaujienos.lt\/lt\/#organization"},"articleSection":["Aktualijos"],"inLanguage":"lt-LT","potentialAction":[{"@type":"CommentAction","name":"Comment","target":["https:\/\/www.silutesnaujienos.lt\/lt\/vetrungiu-kelias-tiesia-naujus-greitkelius\/#respond"]}]},{"@type":"WebPage","@id":"https:\/\/www.silutesnaujienos.lt\/lt\/vetrungiu-kelias-tiesia-naujus-greitkelius\/","url":"https:\/\/www.silutesnaujienos.lt\/lt\/vetrungiu-kelias-tiesia-naujus-greitkelius\/","name":"\u201eV\u0117trungi\u0173 kelias\u201c tiesia naujus greitkelius - \u0160ilut\u0117s naujienos","isPartOf":{"@id":"https:\/\/www.silutesnaujienos.lt\/lt\/#website"},"datePublished":"2015-10-14T17:00:00+00:00","breadcrumb":{"@id":"https:\/\/www.silutesnaujienos.lt\/lt\/vetrungiu-kelias-tiesia-naujus-greitkelius\/#breadcrumb"},"inLanguage":"lt-LT","potentialAction":[{"@type":"ReadAction","target":["https:\/\/www.silutesnaujienos.lt\/lt\/vetrungiu-kelias-tiesia-naujus-greitkelius\/"]}]},{"@type":"BreadcrumbList","@id":"https:\/\/www.silutesnaujienos.lt\/lt\/vetrungiu-kelias-tiesia-naujus-greitkelius\/#breadcrumb","itemListElement":[{"@type":"ListItem","position":1,"name":"Home","item":"https:\/\/www.silutesnaujienos.lt\/lt\/"},{"@type":"ListItem","position":2,"name":"\u201eV\u0117trungi\u0173 kelias\u201c tiesia naujus greitkelius"}]},{"@type":"WebSite","@id":"https:\/\/www.silutesnaujienos.lt\/lt\/#website","url":"https:\/\/www.silutesnaujienos.lt\/lt\/","name":"\u0160ilut\u0117s naujienos","description":"B\u016bk ant naujien\u0173 bangos!","publisher":{"@id":"https:\/\/www.silutesnaujienos.lt\/lt\/#organization"},"potentialAction":[{"@type":"SearchAction","target":{"@type":"EntryPoint","urlTemplate":"https:\/\/www.silutesnaujienos.lt\/lt\/?s={search_term_string}"},"query-input":{"@type":"PropertyValueSpecification","valueRequired":true,"valueName":"search_term_string"}}],"inLanguage":"lt-LT"},{"@type":"Organization","@id":"https:\/\/www.silutesnaujienos.lt\/lt\/#organization","name":"\u0160ilut\u0117s naujienos","url":"https:\/\/www.silutesnaujienos.lt\/lt\/","logo":{"@type":"ImageObject","inLanguage":"lt-LT","@id":"https:\/\/www.silutesnaujienos.lt\/lt\/#\/schema\/logo\/image\/","url":"https:\/\/www.silutesnaujienos.lt\/lt\/wp-content\/uploads\/2020\/06\/FB_MAIN.jpg","contentUrl":"https:\/\/www.silutesnaujienos.lt\/lt\/wp-content\/uploads\/2020\/06\/FB_MAIN.jpg","width":1700,"height":956,"caption":"\u0160ilut\u0117s naujienos"},"image":{"@id":"https:\/\/www.silutesnaujienos.lt\/lt\/#\/schema\/logo\/image\/"},"sameAs":["https:\/\/www.facebook.com\/silutes.naujienos\/","https:\/\/www.youtube.com\/channel\/UCxW-cgrJDt8GxIMxSTAfJZg"]},{"@type":"Person","@id":"https:\/\/www.silutesnaujienos.lt\/lt\/#\/schema\/person\/232f475ddd4a7b5f49b3abc788b17e83","name":"\u0160ilut\u0117s naujien\u0173 inf.","image":{"@type":"ImageObject","inLanguage":"lt-LT","@id":"https:\/\/www.silutesnaujienos.lt\/lt\/wp-content\/uploads\/2020\/06\/favicon.png","url":"https:\/\/www.silutesnaujienos.lt\/lt\/wp-content\/uploads\/2020\/06\/favicon.png","contentUrl":"https:\/\/www.silutesnaujienos.lt\/lt\/wp-content\/uploads\/2020\/06\/favicon.png","caption":"\u0160ilut\u0117s naujien\u0173 inf."},"sameAs":["https:\/\/www.silutesnaujienos.lt\/lt"],"url":"https:\/\/www.silutesnaujienos.lt\/lt\/author\/ruta\/"}]}},"publishpress_future_workflow_manual_trigger":{"enabledWorkflows":[]},"amp_enabled":true,"_links":{"self":[{"href":"https:\/\/www.silutesnaujienos.lt\/lt\/wp-json\/wp\/v2\/posts\/11824","targetHints":{"allow":["GET"]}}],"collection":[{"href":"https:\/\/www.silutesnaujienos.lt\/lt\/wp-json\/wp\/v2\/posts"}],"about":[{"href":"https:\/\/www.silutesnaujienos.lt\/lt\/wp-json\/wp\/v2\/types\/post"}],"author":[{"embeddable":true,"href":"https:\/\/www.silutesnaujienos.lt\/lt\/wp-json\/wp\/v2\/users\/1"}],"replies":[{"embeddable":true,"href":"https:\/\/www.silutesnaujienos.lt\/lt\/wp-json\/wp\/v2\/comments?post=11824"}],"version-history":[{"count":0,"href":"https:\/\/www.silutesnaujienos.lt\/lt\/wp-json\/wp\/v2\/posts\/11824\/revisions"}],"wp:attachment":[{"href":"https:\/\/www.silutesnaujienos.lt\/lt\/wp-json\/wp\/v2\/media?parent=11824"}],"wp:term":[{"taxonomy":"category","embeddable":true,"href":"https:\/\/www.silutesnaujienos.lt\/lt\/wp-json\/wp\/v2\/categories?post=11824"},{"taxonomy":"post_tag","embeddable":true,"href":"https:\/\/www.silutesnaujienos.lt\/lt\/wp-json\/wp\/v2\/tags?post=11824"}],"curies":[{"name":"wp","href":"https:\/\/api.w.org\/{rel}","templated":true}]}}