{"id":11827,"date":"2015-10-15T07:00:00","date_gmt":"2015-10-15T09:00:00","guid":{"rendered":"https:\/\/www.silutesnaujienos.lt\/lt\/sugalvota-kaip-sumazinti-kamscius-miesto-centre\/"},"modified":"2015-10-15T07:00:00","modified_gmt":"2015-10-15T09:00:00","slug":"sugalvota-kaip-sumazinti-kamscius-miesto-centre","status":"publish","type":"post","link":"https:\/\/www.silutesnaujienos.lt\/lt\/sugalvota-kaip-sumazinti-kamscius-miesto-centre\/","title":{"rendered":"Sugalvota, kaip suma\u017einti kam\u0161\u010dius miesto centre"},"content":{"rendered":"<p><a target=\"_blank\" rel=\"caption[\u0160i\u0173 betonini\u0173 u\u017etvar\u0173 Parko gatv\u0117s gale tur\u0117t\u0173 nebelikti.] noopener noreferrer\" class=\"jcepopup\" href=\"\/\/silutesnaujienos.lt\/images\/stories\/2015\/SPALIS\/13\/Parko_gatve_1.jpg\" data-rel=\"lightbox-gallery-XOWNlvRp\" data-rl_title=\"\" data-rl_caption=\"\"><img loading=\"lazy\" decoding=\"async\" style=\"margin: 5px; float: left;\" class=\"caption\" title=\"\" alt=\"Parko gatve 1\" src=\"\/\/silutesnaujienos.lt\/images\/stories\/2015\/SPALIS\/13\/thumbnails\/thumb_Parko_gatve_1.jpg\" height=\"230\" width=\"307\" \/><\/a><strong>\u0160i\u0105 savait\u0119 vykusiame Eismo saugumo komisijos pos\u0117dyje priimtas sprendimas, kuris tur\u0117t\u0173 pad\u0117ti bent \u0161iek tiek suma\u017einti rytini\u0173 automobili\u0173 sp\u016bs\u010di\u0173 problem\u0105 vakarin\u0117je miesto dalyje: pritarta pasi\u016blymui sujungti Parko ir Birut\u0117s gatves, kuri\u0173 sand\u016broje iki \u0161iol stovi seni\u016bnijos iniciatyva \u012frengtos u\u017etvaros.<br \/><\/strong><br \/><strong>Kai tos u\u017etvaros bus nugriautos (po keli\u0173 m\u0117nesi\u0173 ar po keleri\u0173 met\u0173), i\u0161 Parko gatv\u0117s laisvai gal\u0117sime i\u0161va\u017eiuoti \u012f Liep\u0173, Birut\u0117s, o ja &#8211; ir \u012f \u017dalgirio bei Darbinink\u0173 gatves.<\/strong><br \/><strong>Pad\u0117t\u0173 suma\u017einti <\/strong><strong>rytinius kam\u0161\u010dius<br \/><\/strong><br \/>Ir Eismo saugumo komisijos nariai, ir seni\u016bnija, ir \u201e\u0160ilut\u0117s naujien\u0173\u201c redakcija yra gavusios daug \u0161iluti\u0161ki\u0173 paklausim\u0173, kod\u0117l vaizdingoje vietoje esanti &#8211; palei \u0160y\u0161os up\u0119 einanti &#8211; Parko gatv\u0117 yra tapusi tarsi i\u0161rinkt\u0173j\u0173 zona. \u0160ia gatvele galima priva\u017eiuoti tik iki \u010dia stovin\u010di\u0173 individuali\u0173 nam\u0173, o i\u0161sukti \u012f visai \u0161alia esan\u010dias Liep\u0173, Birut\u0117s ir \u017dalgirio gatves ne\u012fmanoma &#8211; gatv\u0119 u\u017etveria betono u\u017etvaros.<\/p>\n<p>\u0160ias u\u017etvaras kadaise pastat\u0117 seni\u016bnija, kad b\u016bt\u0173 sustabdytas nevaldomas kai kuri\u0173 jaun\u0173 vairuotoj\u0173 noras ma\u0161inomis pasiva\u017ein\u0117ti net pylimu \u0161alia \u0160y\u0161os.<\/p>\n<p>\u0160ilut\u0117s r. policijos komisariato Vie\u0161osios policijos vadovo Alvydo Baland\u017eio nuomone, jei \u0161ioje vietoje neb\u016bt\u0173 u\u017etvar\u0173, dalis automobili\u0173, rytais pl\u016bstan\u010di\u0173 \u012f \u0160ilut\u0117s centr\u0105, j\u012f gal\u0117t\u0173 apva\u017eiuoti Parko ir Birut\u0117s gatv\u0117mis, o jomis patekti tiesiai \u012f \u017dalgirio gatv\u0119. Tai pad\u0117t\u0173 gerokai suma\u017einti rytinius kam\u0161\u010dius.<\/p>\n<p>Komisijos nariai abejoja, ar tokioje siauroje gatvel\u0117je kaip Parko gatv\u0117 ir i\u0161va\u017eiavimas \u012f Birut\u0117s gatv\u0119 pavyks \u012frengti dviej\u0173 pusi\u0173 eism\u0105. Bet neabejojama, kad ir vienos pus\u0117s eismas bent \u0161iek tiek pad\u0117t\u0173 i\u0161spr\u0119sti vakarin\u0117je miesto dalyje susidaran\u010dius automobili\u0173 kam\u0161\u010dius.<a target=\"_blank\" rel=\"caption[Eismo saugumo komisija nusprend\u0117 \u0161i\u0105 Parko gatv\u0117s dal\u012f sujungti su tol\u0117liau esan\u010dia Birut\u0117s gatve.] noopener noreferrer\" class=\"jcepopup\" href=\"\/\/silutesnaujienos.lt\/images\/stories\/2015\/SPALIS\/13\/Parko_gatve_2.jpg\" data-rel=\"lightbox-gallery-XOWNlvRp\" data-rl_title=\"\" data-rl_caption=\"\"><img loading=\"lazy\" decoding=\"async\" style=\"margin: 5px; float: right;\" class=\"caption\" title=\"\" alt=\"Parko gatve 2\" src=\"\/\/silutesnaujienos.lt\/images\/stories\/2015\/SPALIS\/13\/thumbnails\/thumb_Parko_gatve_2.jpg\" height=\"230\" width=\"307\" \/><\/a><\/p>\n<p><strong>Problema aktuali daugeliui \u017emoni\u0173<\/strong><\/p>\n<p>Savivaldyb\u0117s Architekt\u016bros ir urbanistikos skyriaus ved\u0117jas Viktoras Bi\u010dkauskas ir \u0160ilut\u0117s seni\u016bno pavaduotojas Algirdas Ivanauskas sako gerai prisimenantys, jog dar prie\u0161 kone du de\u0161imtme\u010dius, kuomet buvo rekonstruojama Birut\u0117s gatv\u0117, buvo numatyta, kad ji sujungs Parko ir \u017dalgirio gatves ir nuims bent kiek transporto sraut\u0173 nuo centrin\u0117s Lietuvinink\u0173 gatv\u0117s. Net tam reikalinga pinig\u0173 suma tuomet jau buvo numatyta.<\/p>\n<p>I\u0161ties, \u012f vakarin\u0117je miesto dalyje esan\u010dias \u012fstaigas &#8211; rajono Savivaldyb\u0119, Kaimo reikal\u0173 skyri\u0173, \u0160ilut\u0117s kult\u016bros ir pramog\u0173 centr\u0105, H.\u0160ojaus dvare esant\u012f muziej\u0173 ir kitas kasdien atva\u017eiuoja daugyb\u0117 \u017emoni\u0173. Jie \u010dia patekti ir i\u0161 \u010dia v\u0117liau i\u0161va\u017eiuoti gal\u0117t\u0173 nesukdami per centr\u0105, o tiesiog Parko ir Birut\u0117s gatv\u0117mis pasiek\u0119 Darbinink\u0173 gatv\u0119 ir v\u0117liau i\u0161va\u017eiav\u0119 tiesiog \u012f Til\u017e\u0117s gatv\u0119.&nbsp; <\/p>\n<p>\u201eParko gatv\u0117 yra gatv\u0117, vadinasi, ji turi b\u016bti perva\u017eiuojama\u201c, &#8211; konstatuoja A.Ivanauskas.<\/p>\n<p>Prad\u0117ti r\u016bpintis dviej\u0173 gatvi\u0173 sujungimo projektu teks \u0160ilut\u0117s seni\u016bnijai, Savivaldyb\u0117 skelbs to projekto parengimo konkurs\u0105. A.Ivanausko nuomone, projekt\u0105 gal\u0117tume tur\u0117ti jau kit\u0105met, o tada liks laukti finansavimo. L\u0117\u0161os \u0161iai rekonstrukcijai b\u016bt\u0173 skirtos i\u0161 Keli\u0173 prie\u017ei\u016bros ir pl\u0117tros programos. <\/p>\n<p>Kiek laiko atims \u0161ios ir kitos privalomos proced\u016bros, niekas nesiima prognozuoti. Bet, anot V.Bi\u010dkausko, miestas gyvuos ne 10 met\u0173, \u0161i problema aktuali didelei rajono gyventoj\u0173 grupei, vadinasi, j\u0105 reikia spr\u0119sti.<\/p>\n<p>Gali b\u016bti, kad savo nuomon\u0119 \u0161iuo klausimu dar gal\u0117s pareik\u0161ti ir \u0161iluti\u0161kiai &#8211; neatmetama, kad bus organizuotos ir gyventoj\u0173 apklausos.<\/p>\n","protected":false},"excerpt":{"rendered":"<p>\u0160i\u0105 savait\u0119 vykusiame Eismo saugumo komisijos pos\u0117dyje priimtas sprendimas, kuris tur\u0117t\u0173 pad\u0117ti bent \u0161iek tiek suma\u017einti rytini\u0173 automobili\u0173 sp\u016bs\u010di\u0173 problem\u0105 vakarin\u0117je miesto dalyje: pritarta pasi\u016blymui sujungti Parko ir Birut\u0117s gatves, kuri\u0173 sand\u016broje iki \u0161iol stovi seni\u016bnijos iniciatyva \u012frengtos u\u017etvaros.Kai tos u\u017etvaros bus nugriautos (po keli\u0173 m\u0117nesi\u0173 ar po keleri\u0173 met\u0173), i\u0161 Parko gatv\u0117s laisvai gal\u0117sime [&hellip;]<\/p>\n","protected":false},"author":1,"featured_media":0,"comment_status":"open","ping_status":"open","sticky":false,"template":"","format":"standard","meta":{"footnotes":""},"categories":[2],"tags":[],"class_list":{"0":"post-11827","1":"post","2":"type-post","3":"status-publish","4":"format-standard","6":"category-aktualijos"},"yoast_head":"<!-- This site is optimized with the Yoast SEO plugin v27.5 - https:\/\/yoast.com\/product\/yoast-seo-wordpress\/ -->\n<title>Sugalvota, kaip suma\u017einti kam\u0161\u010dius miesto centre - \u0160ilut\u0117s naujienos<\/title>\n<meta name=\"robots\" content=\"index, follow, max-snippet:-1, max-image-preview:large, max-video-preview:-1\" \/>\n<link rel=\"canonical\" href=\"https:\/\/www.silutesnaujienos.lt\/lt\/sugalvota-kaip-sumazinti-kamscius-miesto-centre\/\" \/>\n<meta property=\"og:locale\" content=\"lt_LT\" \/>\n<meta property=\"og:type\" content=\"article\" \/>\n<meta property=\"og:title\" content=\"Sugalvota, kaip suma\u017einti kam\u0161\u010dius miesto centre - \u0160ilut\u0117s naujienos\" \/>\n<meta property=\"og:description\" content=\"\u0160i\u0105 savait\u0119 vykusiame Eismo saugumo komisijos pos\u0117dyje priimtas sprendimas, kuris tur\u0117t\u0173 pad\u0117ti bent \u0161iek tiek suma\u017einti rytini\u0173 automobili\u0173 sp\u016bs\u010di\u0173 problem\u0105 vakarin\u0117je miesto dalyje: pritarta pasi\u016blymui sujungti Parko ir Birut\u0117s gatves, kuri\u0173 sand\u016broje iki \u0161iol stovi seni\u016bnijos iniciatyva \u012frengtos u\u017etvaros.Kai tos u\u017etvaros bus nugriautos (po keli\u0173 m\u0117nesi\u0173 ar po keleri\u0173 met\u0173), i\u0161 Parko gatv\u0117s laisvai gal\u0117sime [&hellip;]\" \/>\n<meta property=\"og:url\" content=\"https:\/\/www.silutesnaujienos.lt\/lt\/sugalvota-kaip-sumazinti-kamscius-miesto-centre\/\" \/>\n<meta property=\"og:site_name\" content=\"\u0160ilut\u0117s naujienos\" \/>\n<meta property=\"article:publisher\" content=\"https:\/\/www.facebook.com\/silutes.naujienos\/\" \/>\n<meta property=\"article:published_time\" content=\"2015-10-15T09:00:00+00:00\" \/>\n<meta property=\"og:image\" content=\"\/\/silutesnaujienos.lt\/images\/stories\/2015\/SPALIS\/13\/thumbnails\/thumb_Parko_gatve_1.jpg\" \/>\n<meta name=\"author\" content=\"\u0160ilut\u0117s naujien\u0173 inf.\" \/>\n<meta name=\"twitter:card\" content=\"summary_large_image\" \/>\n<meta name=\"twitter:label1\" content=\"Written by\" \/>\n\t<meta name=\"twitter:data1\" content=\"\u0160ilut\u0117s naujien\u0173 inf.\" \/>\n\t<meta name=\"twitter:label2\" content=\"Est. reading time\" \/>\n\t<meta name=\"twitter:data2\" content=\"3 minut\u0117s\" \/>\n<script type=\"application\/ld+json\" class=\"yoast-schema-graph\">{\"@context\":\"https:\\\/\\\/schema.org\",\"@graph\":[{\"@type\":\"Article\",\"@id\":\"https:\\\/\\\/www.silutesnaujienos.lt\\\/lt\\\/sugalvota-kaip-sumazinti-kamscius-miesto-centre\\\/#article\",\"isPartOf\":{\"@id\":\"https:\\\/\\\/www.silutesnaujienos.lt\\\/lt\\\/sugalvota-kaip-sumazinti-kamscius-miesto-centre\\\/\"},\"author\":{\"name\":\"\u0160ilut\u0117s naujien\u0173 inf.\",\"@id\":\"https:\\\/\\\/www.silutesnaujienos.lt\\\/lt\\\/#\\\/schema\\\/person\\\/232f475ddd4a7b5f49b3abc788b17e83\"},\"headline\":\"Sugalvota, kaip suma\u017einti kam\u0161\u010dius miesto centre\",\"datePublished\":\"2015-10-15T09:00:00+00:00\",\"mainEntityOfPage\":{\"@id\":\"https:\\\/\\\/www.silutesnaujienos.lt\\\/lt\\\/sugalvota-kaip-sumazinti-kamscius-miesto-centre\\\/\"},\"wordCount\":571,\"commentCount\":0,\"publisher\":{\"@id\":\"https:\\\/\\\/www.silutesnaujienos.lt\\\/lt\\\/#organization\"},\"articleSection\":[\"Aktualijos\"],\"inLanguage\":\"lt-LT\",\"potentialAction\":[{\"@type\":\"CommentAction\",\"name\":\"Comment\",\"target\":[\"https:\\\/\\\/www.silutesnaujienos.lt\\\/lt\\\/sugalvota-kaip-sumazinti-kamscius-miesto-centre\\\/#respond\"]}]},{\"@type\":\"WebPage\",\"@id\":\"https:\\\/\\\/www.silutesnaujienos.lt\\\/lt\\\/sugalvota-kaip-sumazinti-kamscius-miesto-centre\\\/\",\"url\":\"https:\\\/\\\/www.silutesnaujienos.lt\\\/lt\\\/sugalvota-kaip-sumazinti-kamscius-miesto-centre\\\/\",\"name\":\"Sugalvota, kaip suma\u017einti kam\u0161\u010dius miesto centre - \u0160ilut\u0117s naujienos\",\"isPartOf\":{\"@id\":\"https:\\\/\\\/www.silutesnaujienos.lt\\\/lt\\\/#website\"},\"datePublished\":\"2015-10-15T09:00:00+00:00\",\"breadcrumb\":{\"@id\":\"https:\\\/\\\/www.silutesnaujienos.lt\\\/lt\\\/sugalvota-kaip-sumazinti-kamscius-miesto-centre\\\/#breadcrumb\"},\"inLanguage\":\"lt-LT\",\"potentialAction\":[{\"@type\":\"ReadAction\",\"target\":[\"https:\\\/\\\/www.silutesnaujienos.lt\\\/lt\\\/sugalvota-kaip-sumazinti-kamscius-miesto-centre\\\/\"]}]},{\"@type\":\"BreadcrumbList\",\"@id\":\"https:\\\/\\\/www.silutesnaujienos.lt\\\/lt\\\/sugalvota-kaip-sumazinti-kamscius-miesto-centre\\\/#breadcrumb\",\"itemListElement\":[{\"@type\":\"ListItem\",\"position\":1,\"name\":\"Home\",\"item\":\"https:\\\/\\\/www.silutesnaujienos.lt\\\/lt\\\/\"},{\"@type\":\"ListItem\",\"position\":2,\"name\":\"Sugalvota, kaip suma\u017einti kam\u0161\u010dius miesto centre\"}]},{\"@type\":\"WebSite\",\"@id\":\"https:\\\/\\\/www.silutesnaujienos.lt\\\/lt\\\/#website\",\"url\":\"https:\\\/\\\/www.silutesnaujienos.lt\\\/lt\\\/\",\"name\":\"\u0160ilut\u0117s naujienos\",\"description\":\"B\u016bk ant naujien\u0173 bangos!\",\"publisher\":{\"@id\":\"https:\\\/\\\/www.silutesnaujienos.lt\\\/lt\\\/#organization\"},\"potentialAction\":[{\"@type\":\"SearchAction\",\"target\":{\"@type\":\"EntryPoint\",\"urlTemplate\":\"https:\\\/\\\/www.silutesnaujienos.lt\\\/lt\\\/?s={search_term_string}\"},\"query-input\":{\"@type\":\"PropertyValueSpecification\",\"valueRequired\":true,\"valueName\":\"search_term_string\"}}],\"inLanguage\":\"lt-LT\"},{\"@type\":\"Organization\",\"@id\":\"https:\\\/\\\/www.silutesnaujienos.lt\\\/lt\\\/#organization\",\"name\":\"\u0160ilut\u0117s naujienos\",\"url\":\"https:\\\/\\\/www.silutesnaujienos.lt\\\/lt\\\/\",\"logo\":{\"@type\":\"ImageObject\",\"inLanguage\":\"lt-LT\",\"@id\":\"https:\\\/\\\/www.silutesnaujienos.lt\\\/lt\\\/#\\\/schema\\\/logo\\\/image\\\/\",\"url\":\"https:\\\/\\\/www.silutesnaujienos.lt\\\/lt\\\/wp-content\\\/uploads\\\/2020\\\/06\\\/FB_MAIN.jpg\",\"contentUrl\":\"https:\\\/\\\/www.silutesnaujienos.lt\\\/lt\\\/wp-content\\\/uploads\\\/2020\\\/06\\\/FB_MAIN.jpg\",\"width\":1700,\"height\":956,\"caption\":\"\u0160ilut\u0117s naujienos\"},\"image\":{\"@id\":\"https:\\\/\\\/www.silutesnaujienos.lt\\\/lt\\\/#\\\/schema\\\/logo\\\/image\\\/\"},\"sameAs\":[\"https:\\\/\\\/www.facebook.com\\\/silutes.naujienos\\\/\",\"https:\\\/\\\/www.youtube.com\\\/channel\\\/UCxW-cgrJDt8GxIMxSTAfJZg\"]},{\"@type\":\"Person\",\"@id\":\"https:\\\/\\\/www.silutesnaujienos.lt\\\/lt\\\/#\\\/schema\\\/person\\\/232f475ddd4a7b5f49b3abc788b17e83\",\"name\":\"\u0160ilut\u0117s naujien\u0173 inf.\",\"image\":{\"@type\":\"ImageObject\",\"inLanguage\":\"lt-LT\",\"@id\":\"https:\\\/\\\/www.silutesnaujienos.lt\\\/lt\\\/wp-content\\\/uploads\\\/2020\\\/06\\\/favicon.png\",\"url\":\"https:\\\/\\\/www.silutesnaujienos.lt\\\/lt\\\/wp-content\\\/uploads\\\/2020\\\/06\\\/favicon.png\",\"contentUrl\":\"https:\\\/\\\/www.silutesnaujienos.lt\\\/lt\\\/wp-content\\\/uploads\\\/2020\\\/06\\\/favicon.png\",\"caption\":\"\u0160ilut\u0117s naujien\u0173 inf.\"},\"sameAs\":[\"https:\\\/\\\/www.silutesnaujienos.lt\\\/lt\"],\"url\":\"https:\\\/\\\/www.silutesnaujienos.lt\\\/lt\\\/author\\\/ruta\\\/\"}]}<\/script>\n<!-- \/ Yoast SEO plugin. -->","yoast_head_json":{"title":"Sugalvota, kaip suma\u017einti kam\u0161\u010dius miesto centre - \u0160ilut\u0117s naujienos","robots":{"index":"index","follow":"follow","max-snippet":"max-snippet:-1","max-image-preview":"max-image-preview:large","max-video-preview":"max-video-preview:-1"},"canonical":"https:\/\/www.silutesnaujienos.lt\/lt\/sugalvota-kaip-sumazinti-kamscius-miesto-centre\/","og_locale":"lt_LT","og_type":"article","og_title":"Sugalvota, kaip suma\u017einti kam\u0161\u010dius miesto centre - \u0160ilut\u0117s naujienos","og_description":"\u0160i\u0105 savait\u0119 vykusiame Eismo saugumo komisijos pos\u0117dyje priimtas sprendimas, kuris tur\u0117t\u0173 pad\u0117ti bent \u0161iek tiek suma\u017einti rytini\u0173 automobili\u0173 sp\u016bs\u010di\u0173 problem\u0105 vakarin\u0117je miesto dalyje: pritarta pasi\u016blymui sujungti Parko ir Birut\u0117s gatves, kuri\u0173 sand\u016broje iki \u0161iol stovi seni\u016bnijos iniciatyva \u012frengtos u\u017etvaros.Kai tos u\u017etvaros bus nugriautos (po keli\u0173 m\u0117nesi\u0173 ar po keleri\u0173 met\u0173), i\u0161 Parko gatv\u0117s laisvai gal\u0117sime [&hellip;]","og_url":"https:\/\/www.silutesnaujienos.lt\/lt\/sugalvota-kaip-sumazinti-kamscius-miesto-centre\/","og_site_name":"\u0160ilut\u0117s naujienos","article_publisher":"https:\/\/www.facebook.com\/silutes.naujienos\/","article_published_time":"2015-10-15T09:00:00+00:00","og_image":[{"url":"\/\/silutesnaujienos.lt\/images\/stories\/2015\/SPALIS\/13\/thumbnails\/thumb_Parko_gatve_1.jpg","type":"","width":"","height":""}],"author":"\u0160ilut\u0117s naujien\u0173 inf.","twitter_card":"summary_large_image","twitter_misc":{"Written by":"\u0160ilut\u0117s naujien\u0173 inf.","Est. reading time":"3 minut\u0117s"},"schema":{"@context":"https:\/\/schema.org","@graph":[{"@type":"Article","@id":"https:\/\/www.silutesnaujienos.lt\/lt\/sugalvota-kaip-sumazinti-kamscius-miesto-centre\/#article","isPartOf":{"@id":"https:\/\/www.silutesnaujienos.lt\/lt\/sugalvota-kaip-sumazinti-kamscius-miesto-centre\/"},"author":{"name":"\u0160ilut\u0117s naujien\u0173 inf.","@id":"https:\/\/www.silutesnaujienos.lt\/lt\/#\/schema\/person\/232f475ddd4a7b5f49b3abc788b17e83"},"headline":"Sugalvota, kaip suma\u017einti kam\u0161\u010dius miesto centre","datePublished":"2015-10-15T09:00:00+00:00","mainEntityOfPage":{"@id":"https:\/\/www.silutesnaujienos.lt\/lt\/sugalvota-kaip-sumazinti-kamscius-miesto-centre\/"},"wordCount":571,"commentCount":0,"publisher":{"@id":"https:\/\/www.silutesnaujienos.lt\/lt\/#organization"},"articleSection":["Aktualijos"],"inLanguage":"lt-LT","potentialAction":[{"@type":"CommentAction","name":"Comment","target":["https:\/\/www.silutesnaujienos.lt\/lt\/sugalvota-kaip-sumazinti-kamscius-miesto-centre\/#respond"]}]},{"@type":"WebPage","@id":"https:\/\/www.silutesnaujienos.lt\/lt\/sugalvota-kaip-sumazinti-kamscius-miesto-centre\/","url":"https:\/\/www.silutesnaujienos.lt\/lt\/sugalvota-kaip-sumazinti-kamscius-miesto-centre\/","name":"Sugalvota, kaip suma\u017einti kam\u0161\u010dius miesto centre - \u0160ilut\u0117s naujienos","isPartOf":{"@id":"https:\/\/www.silutesnaujienos.lt\/lt\/#website"},"datePublished":"2015-10-15T09:00:00+00:00","breadcrumb":{"@id":"https:\/\/www.silutesnaujienos.lt\/lt\/sugalvota-kaip-sumazinti-kamscius-miesto-centre\/#breadcrumb"},"inLanguage":"lt-LT","potentialAction":[{"@type":"ReadAction","target":["https:\/\/www.silutesnaujienos.lt\/lt\/sugalvota-kaip-sumazinti-kamscius-miesto-centre\/"]}]},{"@type":"BreadcrumbList","@id":"https:\/\/www.silutesnaujienos.lt\/lt\/sugalvota-kaip-sumazinti-kamscius-miesto-centre\/#breadcrumb","itemListElement":[{"@type":"ListItem","position":1,"name":"Home","item":"https:\/\/www.silutesnaujienos.lt\/lt\/"},{"@type":"ListItem","position":2,"name":"Sugalvota, kaip suma\u017einti kam\u0161\u010dius miesto centre"}]},{"@type":"WebSite","@id":"https:\/\/www.silutesnaujienos.lt\/lt\/#website","url":"https:\/\/www.silutesnaujienos.lt\/lt\/","name":"\u0160ilut\u0117s naujienos","description":"B\u016bk ant naujien\u0173 bangos!","publisher":{"@id":"https:\/\/www.silutesnaujienos.lt\/lt\/#organization"},"potentialAction":[{"@type":"SearchAction","target":{"@type":"EntryPoint","urlTemplate":"https:\/\/www.silutesnaujienos.lt\/lt\/?s={search_term_string}"},"query-input":{"@type":"PropertyValueSpecification","valueRequired":true,"valueName":"search_term_string"}}],"inLanguage":"lt-LT"},{"@type":"Organization","@id":"https:\/\/www.silutesnaujienos.lt\/lt\/#organization","name":"\u0160ilut\u0117s naujienos","url":"https:\/\/www.silutesnaujienos.lt\/lt\/","logo":{"@type":"ImageObject","inLanguage":"lt-LT","@id":"https:\/\/www.silutesnaujienos.lt\/lt\/#\/schema\/logo\/image\/","url":"https:\/\/www.silutesnaujienos.lt\/lt\/wp-content\/uploads\/2020\/06\/FB_MAIN.jpg","contentUrl":"https:\/\/www.silutesnaujienos.lt\/lt\/wp-content\/uploads\/2020\/06\/FB_MAIN.jpg","width":1700,"height":956,"caption":"\u0160ilut\u0117s naujienos"},"image":{"@id":"https:\/\/www.silutesnaujienos.lt\/lt\/#\/schema\/logo\/image\/"},"sameAs":["https:\/\/www.facebook.com\/silutes.naujienos\/","https:\/\/www.youtube.com\/channel\/UCxW-cgrJDt8GxIMxSTAfJZg"]},{"@type":"Person","@id":"https:\/\/www.silutesnaujienos.lt\/lt\/#\/schema\/person\/232f475ddd4a7b5f49b3abc788b17e83","name":"\u0160ilut\u0117s naujien\u0173 inf.","image":{"@type":"ImageObject","inLanguage":"lt-LT","@id":"https:\/\/www.silutesnaujienos.lt\/lt\/wp-content\/uploads\/2020\/06\/favicon.png","url":"https:\/\/www.silutesnaujienos.lt\/lt\/wp-content\/uploads\/2020\/06\/favicon.png","contentUrl":"https:\/\/www.silutesnaujienos.lt\/lt\/wp-content\/uploads\/2020\/06\/favicon.png","caption":"\u0160ilut\u0117s naujien\u0173 inf."},"sameAs":["https:\/\/www.silutesnaujienos.lt\/lt"],"url":"https:\/\/www.silutesnaujienos.lt\/lt\/author\/ruta\/"}]}},"publishpress_future_workflow_manual_trigger":{"enabledWorkflows":[]},"amp_enabled":true,"_links":{"self":[{"href":"https:\/\/www.silutesnaujienos.lt\/lt\/wp-json\/wp\/v2\/posts\/11827","targetHints":{"allow":["GET"]}}],"collection":[{"href":"https:\/\/www.silutesnaujienos.lt\/lt\/wp-json\/wp\/v2\/posts"}],"about":[{"href":"https:\/\/www.silutesnaujienos.lt\/lt\/wp-json\/wp\/v2\/types\/post"}],"author":[{"embeddable":true,"href":"https:\/\/www.silutesnaujienos.lt\/lt\/wp-json\/wp\/v2\/users\/1"}],"replies":[{"embeddable":true,"href":"https:\/\/www.silutesnaujienos.lt\/lt\/wp-json\/wp\/v2\/comments?post=11827"}],"version-history":[{"count":0,"href":"https:\/\/www.silutesnaujienos.lt\/lt\/wp-json\/wp\/v2\/posts\/11827\/revisions"}],"wp:attachment":[{"href":"https:\/\/www.silutesnaujienos.lt\/lt\/wp-json\/wp\/v2\/media?parent=11827"}],"wp:term":[{"taxonomy":"category","embeddable":true,"href":"https:\/\/www.silutesnaujienos.lt\/lt\/wp-json\/wp\/v2\/categories?post=11827"},{"taxonomy":"post_tag","embeddable":true,"href":"https:\/\/www.silutesnaujienos.lt\/lt\/wp-json\/wp\/v2\/tags?post=11827"}],"curies":[{"name":"wp","href":"https:\/\/api.w.org\/{rel}","templated":true}]}}