{"id":11861,"date":"2015-12-15T06:00:00","date_gmt":"2015-12-15T08:00:00","guid":{"rendered":"https:\/\/www.silutesnaujienos.lt\/lt\/vtek-tirs-ar-planavimo-ir-pletros-skyriaus-vedejas-nesupainiojo-viesuju-ir-privaciu-interesu\/"},"modified":"2015-12-15T06:00:00","modified_gmt":"2015-12-15T08:00:00","slug":"vtek-tirs-ar-planavimo-ir-pletros-skyriaus-vedejas-nesupainiojo-viesuju-ir-privaciu-interesu","status":"publish","type":"post","link":"https:\/\/www.silutesnaujienos.lt\/lt\/vtek-tirs-ar-planavimo-ir-pletros-skyriaus-vedejas-nesupainiojo-viesuju-ir-privaciu-interesu\/","title":{"rendered":"VTEK tirs, ar Planavimo ir pl\u0117tros skyriaus ved\u0117jas nesupainiojo vie\u0161\u0173j\u0173 ir priva\u010di\u0173 interes\u0173"},"content":{"rendered":"<p \/><a target=\"_blank\" rel=\"caption[R.Budrikas ] noopener noreferrer\" class=\"jcepopup\" href=\"\/\/silutesnaujienos.lt\/images\/stories\/2015\/GRUODIS\/11\/Budrikas.jpg\" data-rel=\"lightbox-gallery-FEwhgLQG\" data-rl_title=\"\" data-rl_caption=\"\"><img loading=\"lazy\" decoding=\"async\" style=\"margin: 5px; float: left;\" class=\"caption\" title=\"\" alt=\"Budrikas\" src=\"\/\/silutesnaujienos.lt\/images\/stories\/2015\/GRUODIS\/11\/thumbnails\/thumb_Budrikas.jpg\" height=\"230\" width=\"307\" \/><\/a><strong>Vyriausioji tarnybin\u0117s etikos komisija nusprend\u0117 tirti, ar \u0160ilut\u0117s rajono savivaldyb\u0117s administracijos Planavimo ir pl\u0117tros skyriaus ved\u0117jas Remigijus Budrikas nepa\u017eeid\u0117 Vie\u0161\u0173j\u0173 ir priva\u010di\u0173 interes\u0173 derinimo valstybin\u0117je tarnyboje \u012fstatymo.<\/strong><strong><br \/><\/strong><br \/>Vakar\u0173 Lietuvos \u017euvininkyst\u0117s regiono vietos veiklos grup\u0117s (VL\u017dRVVG) direktor\u0117 Edita Rimk\u0117 kreip\u0117si \u012f Vyriausi\u0105j\u0105 tarnybin\u0117s etikos komisij\u0105, informuodama, jog b\u016bdamas kitos pana\u0161ios asociacijos &#8211; \u201e\u017duv\u0117j\u0173 kra\u0161tas\u201c &#8211; pirmininku R.Budrikas \u0160ilut\u0117s rajono savivaldyb\u0117je sprend\u0117 klausimus, susijusius su \u0161ios asociacijos konkurente &#8211; VL\u017dRVVG.<\/p>\n<p>Interes\u0173 konflikt\u0105 VL\u017dRVVG atstovai pasteb\u0117jo tada, kai Savivaldyb\u0117s Taryboje buvo sprend\u017eiamas klausimas, ar reikia Savivaldybei dalyvauti Vakar\u0173 Lietuvos \u017euvininkyst\u0117s regiono vietos veiklos grup\u0117s veikloje. VL\u017dRVVG politik\u0173 pra\u0161\u0117 deleguoti atstov\u0105 \u012f \u0161ios asociacijos valdyb\u0105.<\/p>\n<p>Ta\u010diau politikai atstovo nedelegavo ir nesutiko, kad \u0160ilut\u0117s r. savivaldyb\u0117 dalyvaut\u0173 VL\u017dRVVG veikloje.<\/p>\n<p>VL\u017dRVVG vadovai mano, kad tokiam \u0160ilut\u0117s politik\u0173 sprendimui \u012ftakos gal\u0117jo tur\u0117ti ir R.Budriko pasisakymai savivaldyb\u0117s Tarybos komitet\u0173 pos\u0117d\u017eiuose, nes sprendimo projekto autorius &#8211; Planavimo bei ekonomin\u0117s pl\u0117tros skyriaus vyr. specialistas Tomas Paulius ir pats \u0161io skyriaus ved\u0117jas R.Budrikas neigiamai kalb\u0117jo apie tokio sprendimo pasekmes. \u201e\u0160ilut\u0117s naujenos\u201c apie tai ra\u0161\u0117 spalio 27 d. straipsnyje \u201eSavivaldyb\u0117 nenori dalintis su kaimynais \u017duvininkystei skirtomis l\u0117\u0161omis?\u201c.<\/p>\n<p>R.Budrikas, kuris yra ir \u0160ilut\u0117s rajono \u017euvinink\u0173 VVG \u201e\u017duv\u0117j\u0173 kra\u0161tas\u201c vadovas, tuomet politikams pasakojo, kad \u0160ilut\u0117s savivaldybei sutikus deleguoti savo atstov\u0105 \u012f regionin\u0119 VL\u017dRVVG, gali tekti su kit\u0173 savivaldybi\u0173 \u017evej\u0173 \u012fmon\u0117mis ir bendruomen\u0117mis dalintis l\u0117\u0161as (1,6 mln. eur\u0173), kuri\u0173 tikimasi gauti rajono \u017euvinink\u0173 VVG projektams. Tokios prielaidos nebuvo paremtos jokiais dokumentais.<\/p>\n<p>Vakar\u0173 Lietuvos \u017euvininkyst\u0117s regiono vietos veiklos grup\u0117s nari\u0173 nuomone, tokiais savo veiksmais R.Budrikas \u012fsipainiojo \u012f vie\u0161\u0173j\u0173 ir priva\u010di\u0173 interes\u0173 konflikt\u0105.<\/p>\n<p>VL\u017dRVVG skund\u0105 gavusi Vyriausioji tarnybin\u0117s etikos komisija gruod\u017eio 2 dienos pos\u0117dyje nusprend\u0117 prad\u0117ti tyrim\u0105 d\u0117l Remigijaus Budriko elgesio.<\/p>\n","protected":false},"excerpt":{"rendered":"<p>Vyriausioji tarnybin\u0117s etikos komisija nusprend\u0117 tirti, ar \u0160ilut\u0117s rajono savivaldyb\u0117s administracijos Planavimo ir pl\u0117tros skyriaus ved\u0117jas Remigijus Budrikas nepa\u017eeid\u0117 Vie\u0161\u0173j\u0173 ir priva\u010di\u0173 interes\u0173 derinimo valstybin\u0117je tarnyboje \u012fstatymo.Vakar\u0173 Lietuvos \u017euvininkyst\u0117s regiono vietos veiklos grup\u0117s (VL\u017dRVVG) direktor\u0117 Edita Rimk\u0117 kreip\u0117si \u012f Vyriausi\u0105j\u0105 tarnybin\u0117s etikos komisij\u0105, informuodama, jog b\u016bdamas kitos pana\u0161ios asociacijos &#8211; \u201e\u017duv\u0117j\u0173 kra\u0161tas\u201c &#8211; pirmininku R.Budrikas [&hellip;]<\/p>\n","protected":false},"author":1,"featured_media":0,"comment_status":"open","ping_status":"open","sticky":false,"template":"","format":"standard","meta":{"footnotes":""},"categories":[2],"tags":[],"class_list":{"0":"post-11861","1":"post","2":"type-post","3":"status-publish","4":"format-standard","6":"category-aktualijos"},"yoast_head":"<!-- This site is optimized with the Yoast SEO plugin v27.5 - https:\/\/yoast.com\/product\/yoast-seo-wordpress\/ -->\n<title>VTEK tirs, ar Planavimo ir pl\u0117tros skyriaus ved\u0117jas nesupainiojo vie\u0161\u0173j\u0173 ir priva\u010di\u0173 interes\u0173 - \u0160ilut\u0117s naujienos<\/title>\n<meta name=\"robots\" content=\"index, follow, max-snippet:-1, max-image-preview:large, max-video-preview:-1\" \/>\n<link rel=\"canonical\" href=\"https:\/\/www.silutesnaujienos.lt\/lt\/vtek-tirs-ar-planavimo-ir-pletros-skyriaus-vedejas-nesupainiojo-viesuju-ir-privaciu-interesu\/\" \/>\n<meta property=\"og:locale\" content=\"lt_LT\" \/>\n<meta property=\"og:type\" content=\"article\" \/>\n<meta property=\"og:title\" content=\"VTEK tirs, ar Planavimo ir pl\u0117tros skyriaus ved\u0117jas nesupainiojo vie\u0161\u0173j\u0173 ir priva\u010di\u0173 interes\u0173 - \u0160ilut\u0117s naujienos\" \/>\n<meta property=\"og:description\" content=\"Vyriausioji tarnybin\u0117s etikos komisija nusprend\u0117 tirti, ar \u0160ilut\u0117s rajono savivaldyb\u0117s administracijos Planavimo ir pl\u0117tros skyriaus ved\u0117jas Remigijus Budrikas nepa\u017eeid\u0117 Vie\u0161\u0173j\u0173 ir priva\u010di\u0173 interes\u0173 derinimo valstybin\u0117je tarnyboje \u012fstatymo.Vakar\u0173 Lietuvos \u017euvininkyst\u0117s regiono vietos veiklos grup\u0117s (VL\u017dRVVG) direktor\u0117 Edita Rimk\u0117 kreip\u0117si \u012f Vyriausi\u0105j\u0105 tarnybin\u0117s etikos komisij\u0105, informuodama, jog b\u016bdamas kitos pana\u0161ios asociacijos &#8211; \u201e\u017duv\u0117j\u0173 kra\u0161tas\u201c &#8211; pirmininku R.Budrikas [&hellip;]\" \/>\n<meta property=\"og:url\" content=\"https:\/\/www.silutesnaujienos.lt\/lt\/vtek-tirs-ar-planavimo-ir-pletros-skyriaus-vedejas-nesupainiojo-viesuju-ir-privaciu-interesu\/\" \/>\n<meta property=\"og:site_name\" content=\"\u0160ilut\u0117s naujienos\" \/>\n<meta property=\"article:publisher\" content=\"https:\/\/www.facebook.com\/silutes.naujienos\/\" \/>\n<meta property=\"article:published_time\" content=\"2015-12-15T08:00:00+00:00\" \/>\n<meta property=\"og:image\" content=\"\/\/silutesnaujienos.lt\/images\/stories\/2015\/GRUODIS\/11\/thumbnails\/thumb_Budrikas.jpg\" \/>\n<meta name=\"author\" content=\"\u0160ilut\u0117s naujien\u0173 inf.\" \/>\n<meta name=\"twitter:card\" content=\"summary_large_image\" \/>\n<meta name=\"twitter:label1\" content=\"Written by\" \/>\n\t<meta name=\"twitter:data1\" content=\"\u0160ilut\u0117s naujien\u0173 inf.\" \/>\n\t<meta name=\"twitter:label2\" content=\"Est. reading time\" \/>\n\t<meta name=\"twitter:data2\" content=\"2 minut\u0117s\" \/>\n<script type=\"application\/ld+json\" class=\"yoast-schema-graph\">{\"@context\":\"https:\\\/\\\/schema.org\",\"@graph\":[{\"@type\":\"Article\",\"@id\":\"https:\\\/\\\/www.silutesnaujienos.lt\\\/lt\\\/vtek-tirs-ar-planavimo-ir-pletros-skyriaus-vedejas-nesupainiojo-viesuju-ir-privaciu-interesu\\\/#article\",\"isPartOf\":{\"@id\":\"https:\\\/\\\/www.silutesnaujienos.lt\\\/lt\\\/vtek-tirs-ar-planavimo-ir-pletros-skyriaus-vedejas-nesupainiojo-viesuju-ir-privaciu-interesu\\\/\"},\"author\":{\"name\":\"\u0160ilut\u0117s naujien\u0173 inf.\",\"@id\":\"https:\\\/\\\/www.silutesnaujienos.lt\\\/lt\\\/#\\\/schema\\\/person\\\/232f475ddd4a7b5f49b3abc788b17e83\"},\"headline\":\"VTEK tirs, ar Planavimo ir pl\u0117tros skyriaus ved\u0117jas nesupainiojo vie\u0161\u0173j\u0173 ir priva\u010di\u0173 interes\u0173\",\"datePublished\":\"2015-12-15T08:00:00+00:00\",\"mainEntityOfPage\":{\"@id\":\"https:\\\/\\\/www.silutesnaujienos.lt\\\/lt\\\/vtek-tirs-ar-planavimo-ir-pletros-skyriaus-vedejas-nesupainiojo-viesuju-ir-privaciu-interesu\\\/\"},\"wordCount\":342,\"commentCount\":0,\"publisher\":{\"@id\":\"https:\\\/\\\/www.silutesnaujienos.lt\\\/lt\\\/#organization\"},\"articleSection\":[\"Aktualijos\"],\"inLanguage\":\"lt-LT\",\"potentialAction\":[{\"@type\":\"CommentAction\",\"name\":\"Comment\",\"target\":[\"https:\\\/\\\/www.silutesnaujienos.lt\\\/lt\\\/vtek-tirs-ar-planavimo-ir-pletros-skyriaus-vedejas-nesupainiojo-viesuju-ir-privaciu-interesu\\\/#respond\"]}]},{\"@type\":\"WebPage\",\"@id\":\"https:\\\/\\\/www.silutesnaujienos.lt\\\/lt\\\/vtek-tirs-ar-planavimo-ir-pletros-skyriaus-vedejas-nesupainiojo-viesuju-ir-privaciu-interesu\\\/\",\"url\":\"https:\\\/\\\/www.silutesnaujienos.lt\\\/lt\\\/vtek-tirs-ar-planavimo-ir-pletros-skyriaus-vedejas-nesupainiojo-viesuju-ir-privaciu-interesu\\\/\",\"name\":\"VTEK tirs, ar Planavimo ir pl\u0117tros skyriaus ved\u0117jas nesupainiojo vie\u0161\u0173j\u0173 ir priva\u010di\u0173 interes\u0173 - \u0160ilut\u0117s naujienos\",\"isPartOf\":{\"@id\":\"https:\\\/\\\/www.silutesnaujienos.lt\\\/lt\\\/#website\"},\"datePublished\":\"2015-12-15T08:00:00+00:00\",\"breadcrumb\":{\"@id\":\"https:\\\/\\\/www.silutesnaujienos.lt\\\/lt\\\/vtek-tirs-ar-planavimo-ir-pletros-skyriaus-vedejas-nesupainiojo-viesuju-ir-privaciu-interesu\\\/#breadcrumb\"},\"inLanguage\":\"lt-LT\",\"potentialAction\":[{\"@type\":\"ReadAction\",\"target\":[\"https:\\\/\\\/www.silutesnaujienos.lt\\\/lt\\\/vtek-tirs-ar-planavimo-ir-pletros-skyriaus-vedejas-nesupainiojo-viesuju-ir-privaciu-interesu\\\/\"]}]},{\"@type\":\"BreadcrumbList\",\"@id\":\"https:\\\/\\\/www.silutesnaujienos.lt\\\/lt\\\/vtek-tirs-ar-planavimo-ir-pletros-skyriaus-vedejas-nesupainiojo-viesuju-ir-privaciu-interesu\\\/#breadcrumb\",\"itemListElement\":[{\"@type\":\"ListItem\",\"position\":1,\"name\":\"Home\",\"item\":\"https:\\\/\\\/www.silutesnaujienos.lt\\\/lt\\\/\"},{\"@type\":\"ListItem\",\"position\":2,\"name\":\"VTEK tirs, ar Planavimo ir pl\u0117tros skyriaus ved\u0117jas nesupainiojo vie\u0161\u0173j\u0173 ir priva\u010di\u0173 interes\u0173\"}]},{\"@type\":\"WebSite\",\"@id\":\"https:\\\/\\\/www.silutesnaujienos.lt\\\/lt\\\/#website\",\"url\":\"https:\\\/\\\/www.silutesnaujienos.lt\\\/lt\\\/\",\"name\":\"\u0160ilut\u0117s naujienos\",\"description\":\"B\u016bk ant naujien\u0173 bangos!\",\"publisher\":{\"@id\":\"https:\\\/\\\/www.silutesnaujienos.lt\\\/lt\\\/#organization\"},\"potentialAction\":[{\"@type\":\"SearchAction\",\"target\":{\"@type\":\"EntryPoint\",\"urlTemplate\":\"https:\\\/\\\/www.silutesnaujienos.lt\\\/lt\\\/?s={search_term_string}\"},\"query-input\":{\"@type\":\"PropertyValueSpecification\",\"valueRequired\":true,\"valueName\":\"search_term_string\"}}],\"inLanguage\":\"lt-LT\"},{\"@type\":\"Organization\",\"@id\":\"https:\\\/\\\/www.silutesnaujienos.lt\\\/lt\\\/#organization\",\"name\":\"\u0160ilut\u0117s naujienos\",\"url\":\"https:\\\/\\\/www.silutesnaujienos.lt\\\/lt\\\/\",\"logo\":{\"@type\":\"ImageObject\",\"inLanguage\":\"lt-LT\",\"@id\":\"https:\\\/\\\/www.silutesnaujienos.lt\\\/lt\\\/#\\\/schema\\\/logo\\\/image\\\/\",\"url\":\"https:\\\/\\\/www.silutesnaujienos.lt\\\/lt\\\/wp-content\\\/uploads\\\/2020\\\/06\\\/FB_MAIN.jpg\",\"contentUrl\":\"https:\\\/\\\/www.silutesnaujienos.lt\\\/lt\\\/wp-content\\\/uploads\\\/2020\\\/06\\\/FB_MAIN.jpg\",\"width\":1700,\"height\":956,\"caption\":\"\u0160ilut\u0117s naujienos\"},\"image\":{\"@id\":\"https:\\\/\\\/www.silutesnaujienos.lt\\\/lt\\\/#\\\/schema\\\/logo\\\/image\\\/\"},\"sameAs\":[\"https:\\\/\\\/www.facebook.com\\\/silutes.naujienos\\\/\",\"https:\\\/\\\/www.youtube.com\\\/channel\\\/UCxW-cgrJDt8GxIMxSTAfJZg\"]},{\"@type\":\"Person\",\"@id\":\"https:\\\/\\\/www.silutesnaujienos.lt\\\/lt\\\/#\\\/schema\\\/person\\\/232f475ddd4a7b5f49b3abc788b17e83\",\"name\":\"\u0160ilut\u0117s naujien\u0173 inf.\",\"image\":{\"@type\":\"ImageObject\",\"inLanguage\":\"lt-LT\",\"@id\":\"https:\\\/\\\/www.silutesnaujienos.lt\\\/lt\\\/wp-content\\\/uploads\\\/2020\\\/06\\\/favicon.png\",\"url\":\"https:\\\/\\\/www.silutesnaujienos.lt\\\/lt\\\/wp-content\\\/uploads\\\/2020\\\/06\\\/favicon.png\",\"contentUrl\":\"https:\\\/\\\/www.silutesnaujienos.lt\\\/lt\\\/wp-content\\\/uploads\\\/2020\\\/06\\\/favicon.png\",\"caption\":\"\u0160ilut\u0117s naujien\u0173 inf.\"},\"sameAs\":[\"https:\\\/\\\/www.silutesnaujienos.lt\\\/lt\"],\"url\":\"https:\\\/\\\/www.silutesnaujienos.lt\\\/lt\\\/author\\\/ruta\\\/\"}]}<\/script>\n<!-- \/ Yoast SEO plugin. -->","yoast_head_json":{"title":"VTEK tirs, ar Planavimo ir pl\u0117tros skyriaus ved\u0117jas nesupainiojo vie\u0161\u0173j\u0173 ir priva\u010di\u0173 interes\u0173 - \u0160ilut\u0117s naujienos","robots":{"index":"index","follow":"follow","max-snippet":"max-snippet:-1","max-image-preview":"max-image-preview:large","max-video-preview":"max-video-preview:-1"},"canonical":"https:\/\/www.silutesnaujienos.lt\/lt\/vtek-tirs-ar-planavimo-ir-pletros-skyriaus-vedejas-nesupainiojo-viesuju-ir-privaciu-interesu\/","og_locale":"lt_LT","og_type":"article","og_title":"VTEK tirs, ar Planavimo ir pl\u0117tros skyriaus ved\u0117jas nesupainiojo vie\u0161\u0173j\u0173 ir priva\u010di\u0173 interes\u0173 - \u0160ilut\u0117s naujienos","og_description":"Vyriausioji tarnybin\u0117s etikos komisija nusprend\u0117 tirti, ar \u0160ilut\u0117s rajono savivaldyb\u0117s administracijos Planavimo ir pl\u0117tros skyriaus ved\u0117jas Remigijus Budrikas nepa\u017eeid\u0117 Vie\u0161\u0173j\u0173 ir priva\u010di\u0173 interes\u0173 derinimo valstybin\u0117je tarnyboje \u012fstatymo.Vakar\u0173 Lietuvos \u017euvininkyst\u0117s regiono vietos veiklos grup\u0117s (VL\u017dRVVG) direktor\u0117 Edita Rimk\u0117 kreip\u0117si \u012f Vyriausi\u0105j\u0105 tarnybin\u0117s etikos komisij\u0105, informuodama, jog b\u016bdamas kitos pana\u0161ios asociacijos &#8211; \u201e\u017duv\u0117j\u0173 kra\u0161tas\u201c &#8211; pirmininku R.Budrikas [&hellip;]","og_url":"https:\/\/www.silutesnaujienos.lt\/lt\/vtek-tirs-ar-planavimo-ir-pletros-skyriaus-vedejas-nesupainiojo-viesuju-ir-privaciu-interesu\/","og_site_name":"\u0160ilut\u0117s naujienos","article_publisher":"https:\/\/www.facebook.com\/silutes.naujienos\/","article_published_time":"2015-12-15T08:00:00+00:00","og_image":[{"url":"\/\/silutesnaujienos.lt\/images\/stories\/2015\/GRUODIS\/11\/thumbnails\/thumb_Budrikas.jpg","type":"","width":"","height":""}],"author":"\u0160ilut\u0117s naujien\u0173 inf.","twitter_card":"summary_large_image","twitter_misc":{"Written by":"\u0160ilut\u0117s naujien\u0173 inf.","Est. reading time":"2 minut\u0117s"},"schema":{"@context":"https:\/\/schema.org","@graph":[{"@type":"Article","@id":"https:\/\/www.silutesnaujienos.lt\/lt\/vtek-tirs-ar-planavimo-ir-pletros-skyriaus-vedejas-nesupainiojo-viesuju-ir-privaciu-interesu\/#article","isPartOf":{"@id":"https:\/\/www.silutesnaujienos.lt\/lt\/vtek-tirs-ar-planavimo-ir-pletros-skyriaus-vedejas-nesupainiojo-viesuju-ir-privaciu-interesu\/"},"author":{"name":"\u0160ilut\u0117s naujien\u0173 inf.","@id":"https:\/\/www.silutesnaujienos.lt\/lt\/#\/schema\/person\/232f475ddd4a7b5f49b3abc788b17e83"},"headline":"VTEK tirs, ar Planavimo ir pl\u0117tros skyriaus ved\u0117jas nesupainiojo vie\u0161\u0173j\u0173 ir priva\u010di\u0173 interes\u0173","datePublished":"2015-12-15T08:00:00+00:00","mainEntityOfPage":{"@id":"https:\/\/www.silutesnaujienos.lt\/lt\/vtek-tirs-ar-planavimo-ir-pletros-skyriaus-vedejas-nesupainiojo-viesuju-ir-privaciu-interesu\/"},"wordCount":342,"commentCount":0,"publisher":{"@id":"https:\/\/www.silutesnaujienos.lt\/lt\/#organization"},"articleSection":["Aktualijos"],"inLanguage":"lt-LT","potentialAction":[{"@type":"CommentAction","name":"Comment","target":["https:\/\/www.silutesnaujienos.lt\/lt\/vtek-tirs-ar-planavimo-ir-pletros-skyriaus-vedejas-nesupainiojo-viesuju-ir-privaciu-interesu\/#respond"]}]},{"@type":"WebPage","@id":"https:\/\/www.silutesnaujienos.lt\/lt\/vtek-tirs-ar-planavimo-ir-pletros-skyriaus-vedejas-nesupainiojo-viesuju-ir-privaciu-interesu\/","url":"https:\/\/www.silutesnaujienos.lt\/lt\/vtek-tirs-ar-planavimo-ir-pletros-skyriaus-vedejas-nesupainiojo-viesuju-ir-privaciu-interesu\/","name":"VTEK tirs, ar Planavimo ir pl\u0117tros skyriaus ved\u0117jas nesupainiojo vie\u0161\u0173j\u0173 ir priva\u010di\u0173 interes\u0173 - \u0160ilut\u0117s naujienos","isPartOf":{"@id":"https:\/\/www.silutesnaujienos.lt\/lt\/#website"},"datePublished":"2015-12-15T08:00:00+00:00","breadcrumb":{"@id":"https:\/\/www.silutesnaujienos.lt\/lt\/vtek-tirs-ar-planavimo-ir-pletros-skyriaus-vedejas-nesupainiojo-viesuju-ir-privaciu-interesu\/#breadcrumb"},"inLanguage":"lt-LT","potentialAction":[{"@type":"ReadAction","target":["https:\/\/www.silutesnaujienos.lt\/lt\/vtek-tirs-ar-planavimo-ir-pletros-skyriaus-vedejas-nesupainiojo-viesuju-ir-privaciu-interesu\/"]}]},{"@type":"BreadcrumbList","@id":"https:\/\/www.silutesnaujienos.lt\/lt\/vtek-tirs-ar-planavimo-ir-pletros-skyriaus-vedejas-nesupainiojo-viesuju-ir-privaciu-interesu\/#breadcrumb","itemListElement":[{"@type":"ListItem","position":1,"name":"Home","item":"https:\/\/www.silutesnaujienos.lt\/lt\/"},{"@type":"ListItem","position":2,"name":"VTEK tirs, ar Planavimo ir pl\u0117tros skyriaus ved\u0117jas nesupainiojo vie\u0161\u0173j\u0173 ir priva\u010di\u0173 interes\u0173"}]},{"@type":"WebSite","@id":"https:\/\/www.silutesnaujienos.lt\/lt\/#website","url":"https:\/\/www.silutesnaujienos.lt\/lt\/","name":"\u0160ilut\u0117s naujienos","description":"B\u016bk ant naujien\u0173 bangos!","publisher":{"@id":"https:\/\/www.silutesnaujienos.lt\/lt\/#organization"},"potentialAction":[{"@type":"SearchAction","target":{"@type":"EntryPoint","urlTemplate":"https:\/\/www.silutesnaujienos.lt\/lt\/?s={search_term_string}"},"query-input":{"@type":"PropertyValueSpecification","valueRequired":true,"valueName":"search_term_string"}}],"inLanguage":"lt-LT"},{"@type":"Organization","@id":"https:\/\/www.silutesnaujienos.lt\/lt\/#organization","name":"\u0160ilut\u0117s naujienos","url":"https:\/\/www.silutesnaujienos.lt\/lt\/","logo":{"@type":"ImageObject","inLanguage":"lt-LT","@id":"https:\/\/www.silutesnaujienos.lt\/lt\/#\/schema\/logo\/image\/","url":"https:\/\/www.silutesnaujienos.lt\/lt\/wp-content\/uploads\/2020\/06\/FB_MAIN.jpg","contentUrl":"https:\/\/www.silutesnaujienos.lt\/lt\/wp-content\/uploads\/2020\/06\/FB_MAIN.jpg","width":1700,"height":956,"caption":"\u0160ilut\u0117s naujienos"},"image":{"@id":"https:\/\/www.silutesnaujienos.lt\/lt\/#\/schema\/logo\/image\/"},"sameAs":["https:\/\/www.facebook.com\/silutes.naujienos\/","https:\/\/www.youtube.com\/channel\/UCxW-cgrJDt8GxIMxSTAfJZg"]},{"@type":"Person","@id":"https:\/\/www.silutesnaujienos.lt\/lt\/#\/schema\/person\/232f475ddd4a7b5f49b3abc788b17e83","name":"\u0160ilut\u0117s naujien\u0173 inf.","image":{"@type":"ImageObject","inLanguage":"lt-LT","@id":"https:\/\/www.silutesnaujienos.lt\/lt\/wp-content\/uploads\/2020\/06\/favicon.png","url":"https:\/\/www.silutesnaujienos.lt\/lt\/wp-content\/uploads\/2020\/06\/favicon.png","contentUrl":"https:\/\/www.silutesnaujienos.lt\/lt\/wp-content\/uploads\/2020\/06\/favicon.png","caption":"\u0160ilut\u0117s naujien\u0173 inf."},"sameAs":["https:\/\/www.silutesnaujienos.lt\/lt"],"url":"https:\/\/www.silutesnaujienos.lt\/lt\/author\/ruta\/"}]}},"publishpress_future_workflow_manual_trigger":{"enabledWorkflows":[]},"amp_enabled":true,"_links":{"self":[{"href":"https:\/\/www.silutesnaujienos.lt\/lt\/wp-json\/wp\/v2\/posts\/11861","targetHints":{"allow":["GET"]}}],"collection":[{"href":"https:\/\/www.silutesnaujienos.lt\/lt\/wp-json\/wp\/v2\/posts"}],"about":[{"href":"https:\/\/www.silutesnaujienos.lt\/lt\/wp-json\/wp\/v2\/types\/post"}],"author":[{"embeddable":true,"href":"https:\/\/www.silutesnaujienos.lt\/lt\/wp-json\/wp\/v2\/users\/1"}],"replies":[{"embeddable":true,"href":"https:\/\/www.silutesnaujienos.lt\/lt\/wp-json\/wp\/v2\/comments?post=11861"}],"version-history":[{"count":0,"href":"https:\/\/www.silutesnaujienos.lt\/lt\/wp-json\/wp\/v2\/posts\/11861\/revisions"}],"wp:attachment":[{"href":"https:\/\/www.silutesnaujienos.lt\/lt\/wp-json\/wp\/v2\/media?parent=11861"}],"wp:term":[{"taxonomy":"category","embeddable":true,"href":"https:\/\/www.silutesnaujienos.lt\/lt\/wp-json\/wp\/v2\/categories?post=11861"},{"taxonomy":"post_tag","embeddable":true,"href":"https:\/\/www.silutesnaujienos.lt\/lt\/wp-json\/wp\/v2\/tags?post=11861"}],"curies":[{"name":"wp","href":"https:\/\/api.w.org\/{rel}","templated":true}]}}