{"id":11862,"date":"2015-12-17T12:00:00","date_gmt":"2015-12-17T14:00:00","guid":{"rendered":"https:\/\/www.silutesnaujienos.lt\/lt\/silutes-pspc-stebetoju-taryba-laukia-teisininku-isvadu\/"},"modified":"2015-12-17T12:00:00","modified_gmt":"2015-12-17T14:00:00","slug":"silutes-pspc-stebetoju-taryba-laukia-teisininku-isvadu","status":"publish","type":"post","link":"https:\/\/www.silutesnaujienos.lt\/lt\/silutes-pspc-stebetoju-taryba-laukia-teisininku-isvadu\/","title":{"rendered":"\u0160ilut\u0117s PSPC steb\u0117toj\u0173 taryba laukia teisinink\u0173 i\u0161vad\u0173"},"content":{"rendered":"<p>\u00a0<\/p>\n<p><a target=\"_blank\" rel=\"caption[\u0160ilut\u0117s PSPC steb\u0117toj\u0173 taryba abejoja planuojamo \u012fstaigos prijungimo prie \u0160ilut\u0117s ligonin\u0117s teis\u0117tumu.] noopener noreferrer\" class=\"jcepopup\" href=\"\/\/silutesnaujienos.lt\/images\/stories\/2015\/GRUODIS\/15\/PSPC_1.jpg\" data-rel=\"lightbox-gallery-cuc92Ylq\" data-rl_title=\"\" data-rl_caption=\"\"><img loading=\"lazy\" decoding=\"async\" style=\"margin: 5px; float: left;\" class=\"caption\" title=\"\" alt=\"PSPC 1\" src=\"\/\/silutesnaujienos.lt\/images\/stories\/2015\/GRUODIS\/15\/thumbnails\/thumb_PSPC_1.jpg\" height=\"230\" width=\"307\" \/><\/a><strong>\u0160ilut\u0117s rajono savivaldyb\u0117s vadovai jau atvirai kalba apie V\u0161\u012e \u0160ilut\u0117s pirmin\u0117s sveikatos prie\u017ei\u016bros centro (PSPC) reorganizavim\u0105, prijungiant \u0161i\u0105 \u012fstaig\u0105 prie savivaldyb\u0117s valdomos V\u0161\u012e \u0160ilut\u0117s ligonin\u0117s. \u012e \u0161i\u0173 met\u0173 paskutinio savivaldyb\u0117s Tarybos pos\u0117d\u017eio dienotvark\u0119 jau \u012fra\u0161ytas klausimas apie \u0161i\u0105 reorganizacij\u0105.<br \/><\/strong><br \/><strong>Tik PSPC steb\u0117toj\u0173 taryba abejoja, ar tokia reorganizacija yra \u012fmanoma, nes n\u0117ra gavusi joki\u0173 teisini\u0173 dokument\u0173, \u012frodan\u010di\u0173, kad pirmin\u0117s sveikatos prie\u017ei\u016bros \u012fstaiga gali b\u016bti prijungta prie antrinio lygio sveikatos prie\u017ei\u016bros \u012fstaigos.<\/strong><\/p>\n<p>\u0160ilut\u0117s PSPC steb\u0117toj\u0173 taryba, kuriai vadovauja rajono politik\u0117, VRK \u201eU\u017e \u017emoni\u0173 vald\u017ei\u0105\u201c atstov\u0117 Daiva \u017debelien\u0117 ir politikams dar atstovauja \u201etvarkiet\u0117\u201c Laimut\u0117 Uselien\u0117, ketvirtadien\u012f sureng\u0117 pos\u0117d\u012f, kuriame band\u0117 i\u0161siai\u0161kinti, ar tikrai galima apjungti dvi skirting\u0105 finansavim\u0105 gaunan\u010dias sveikatos prie\u017ei\u016bros \u012fstaigas.<\/p>\n<p>\u0160ilut\u0117s rajono savivaldyb\u0117s administracijos Vie\u0161\u0173j\u0173 paslaug\u0173 skyriaus vyriausiasis specialistas &#8211; savivaldyb\u0117s gydytojas Marius Bartkus \u0160ilut\u0117s PSPC steb\u0117toj\u0173 tarybos pos\u0117dyje teig\u0117, kad d\u0117l min\u0117t\u0173 \u012fstaig\u0173 apjungimo tartasi dar tuomet, kai sveikatos apsaugos ministro pareigas \u0117jo Vytenis Andriukaitis. Ministras tada teig\u0117, kad dviej\u0173 \u0161i\u0173 \u012fstaig\u0173 apjungimas yra galimas. Ta\u010diau M.Bartkus negal\u0117jo pateikti jokio dokumento, kuris pagr\u012fst\u0173 toki\u0105 galimyb\u0119.<\/p>\n<p>PSPC direktorius Liutauras Indriu\u0161ka abejoja vald\u017eios sumanymu prijungti jo vadovaujam\u0105 \u012fstaig\u0105 prie \u0160ilut\u0117s ligonin\u0117s, nes turi visai kitoki\u0105 informacij\u0105 apie tokio prijungimo teis\u0117tum\u0105. Jis citavo galiojan\u010dio \u012fstatymo nuostatas, kad pirmin\u0117s sveikatos prie\u017ei\u016bros paslaugos negali b\u016bti teikiamos antrinio sveikatos prie\u017ei\u016bros lygio \u012fstaigoje. L.Indriu\u0161ka sak\u0117 bendrav\u0119s su dabartine sveikatos apsaugos ministre Rimante \u0160ala\u0161evi\u010di\u016bte ir \u017eino jos nuomon\u0119, kad ie\u0161kant racionaliausio sprendimo reik\u0117t\u0173 ne \u0160ilut\u0117s PSPC jungti prie ligonin\u0117s, bet visas rajone veikian\u010dias vie\u0161\u0105sias pirmin\u0117s sveikatos prie\u017ei\u016bros \u012fstaigas sujungti \u012f vien\u0105 ir tokiu b\u016bdu taupyti \u012fstaig\u0173 valdymui skiriamas l\u0117\u0161as.<\/p>\n<p>\u0160ilut\u0117s PSPC steb\u0117toj\u0173 tarybos pirminink\u0117 D.\u017debelien\u0117 dom\u0117josi, kokios finansin\u0117s naudos tikimasi po \u0160ilut\u0117s PSPC apjungimo, ir ar po reorganizacijos nenukent\u0117s viduriniosios grandies medikai ir darbuotojai, nes gali b\u016bti suma\u017eintas \u012fstaigos dirban\u010di\u0173j\u0173 skai\u010dius. Pasak D.\u017debelien\u0117s, nesinor\u0117t\u0173, kad \u017emon\u0117s prarast\u0173 darbus.<\/p>\n<p>M.Bartkus teig\u0117, kad po reorganizacijos tikimasi kasmet sutaupyti apie 100 t\u016bkst. eur\u0173. Bet, jo teigimu, tai tik preliminar\u016bs skai\u010diavimai, nes tiksli\u0173 ekonomini\u0173 skai\u010diavim\u0173 n\u0117ra.<\/p>\n<p>\u0160ilut\u0117s PSPC steb\u0117toj\u0173 taryboje esan\u010dios dvi politik\u0117s neketina inicijuoti, kad i\u0161 savivaldyb\u0117s Tarybos pos\u0117d\u017eio darbotvark\u0117s b\u016bt\u0173 i\u0161brauktas ar atid\u0117tas v\u0117lesniam laikui sprendimo projektas apie \u0160ilut\u0117s PSPC ir \u0160ilut\u0117s ligonin\u0117s sujungim\u0105.<\/p>\n<p>\u0160ilut\u0117s PSPC steb\u0117toj\u0173 taryba nutar\u0117 sulaukti teisin\u0117s informacijos apie reorganizacijos teis\u0117tum\u0105 ir tik tuomet spr\u0119sti, ar pritarti reorganizacijai, ar ne. Tikimasi, kad Vyriausyb\u0117s atstovo Klaip\u0117dos apskrityje tarnyba pateiks savo i\u0161vad\u0105 apie parengto savivaldyb\u0117s tarybos sprendimo projekto d\u0117l PSPC prijungimo prie ligonin\u0117s teis\u0117tum\u0105.<\/p>\n","protected":false},"excerpt":{"rendered":"<p>\u00a0 \u0160ilut\u0117s rajono savivaldyb\u0117s vadovai jau atvirai kalba apie V\u0161\u012e \u0160ilut\u0117s pirmin\u0117s sveikatos prie\u017ei\u016bros centro (PSPC) reorganizavim\u0105, prijungiant \u0161i\u0105 \u012fstaig\u0105 prie savivaldyb\u0117s valdomos V\u0161\u012e \u0160ilut\u0117s ligonin\u0117s. \u012e \u0161i\u0173 met\u0173 paskutinio savivaldyb\u0117s Tarybos pos\u0117d\u017eio dienotvark\u0119 jau \u012fra\u0161ytas klausimas apie \u0161i\u0105 reorganizacij\u0105.Tik PSPC steb\u0117toj\u0173 taryba abejoja, ar tokia reorganizacija yra \u012fmanoma, nes n\u0117ra gavusi joki\u0173 teisini\u0173 dokument\u0173, [&hellip;]<\/p>\n","protected":false},"author":1,"featured_media":0,"comment_status":"open","ping_status":"open","sticky":false,"template":"","format":"standard","meta":{"footnotes":""},"categories":[2],"tags":[],"class_list":{"0":"post-11862","1":"post","2":"type-post","3":"status-publish","4":"format-standard","6":"category-aktualijos"},"yoast_head":"<!-- This site is optimized with the Yoast SEO plugin v27.5 - https:\/\/yoast.com\/product\/yoast-seo-wordpress\/ -->\n<title>\u0160ilut\u0117s PSPC steb\u0117toj\u0173 taryba laukia teisinink\u0173 i\u0161vad\u0173 - \u0160ilut\u0117s naujienos<\/title>\n<meta name=\"robots\" content=\"index, follow, max-snippet:-1, max-image-preview:large, max-video-preview:-1\" \/>\n<link rel=\"canonical\" href=\"https:\/\/www.silutesnaujienos.lt\/lt\/silutes-pspc-stebetoju-taryba-laukia-teisininku-isvadu\/\" \/>\n<meta property=\"og:locale\" content=\"lt_LT\" \/>\n<meta property=\"og:type\" content=\"article\" \/>\n<meta property=\"og:title\" content=\"\u0160ilut\u0117s PSPC steb\u0117toj\u0173 taryba laukia teisinink\u0173 i\u0161vad\u0173 - \u0160ilut\u0117s naujienos\" \/>\n<meta property=\"og:description\" content=\"\u00a0 \u0160ilut\u0117s rajono savivaldyb\u0117s vadovai jau atvirai kalba apie V\u0161\u012e \u0160ilut\u0117s pirmin\u0117s sveikatos prie\u017ei\u016bros centro (PSPC) reorganizavim\u0105, prijungiant \u0161i\u0105 \u012fstaig\u0105 prie savivaldyb\u0117s valdomos V\u0161\u012e \u0160ilut\u0117s ligonin\u0117s. \u012e \u0161i\u0173 met\u0173 paskutinio savivaldyb\u0117s Tarybos pos\u0117d\u017eio dienotvark\u0119 jau \u012fra\u0161ytas klausimas apie \u0161i\u0105 reorganizacij\u0105.Tik PSPC steb\u0117toj\u0173 taryba abejoja, ar tokia reorganizacija yra \u012fmanoma, nes n\u0117ra gavusi joki\u0173 teisini\u0173 dokument\u0173, [&hellip;]\" \/>\n<meta property=\"og:url\" content=\"https:\/\/www.silutesnaujienos.lt\/lt\/silutes-pspc-stebetoju-taryba-laukia-teisininku-isvadu\/\" \/>\n<meta property=\"og:site_name\" content=\"\u0160ilut\u0117s naujienos\" \/>\n<meta property=\"article:publisher\" content=\"https:\/\/www.facebook.com\/silutes.naujienos\/\" \/>\n<meta property=\"article:published_time\" content=\"2015-12-17T14:00:00+00:00\" \/>\n<meta property=\"og:image\" content=\"\/\/silutesnaujienos.lt\/images\/stories\/2015\/GRUODIS\/15\/thumbnails\/thumb_PSPC_1.jpg\" \/>\n<meta name=\"author\" content=\"\u0160ilut\u0117s naujien\u0173 inf.\" \/>\n<meta name=\"twitter:card\" content=\"summary_large_image\" \/>\n<meta name=\"twitter:label1\" content=\"Written by\" \/>\n\t<meta name=\"twitter:data1\" content=\"\u0160ilut\u0117s naujien\u0173 inf.\" \/>\n\t<meta name=\"twitter:label2\" content=\"Est. reading time\" \/>\n\t<meta name=\"twitter:data2\" content=\"3 minut\u0117s\" \/>\n<script type=\"application\/ld+json\" class=\"yoast-schema-graph\">{\"@context\":\"https:\\\/\\\/schema.org\",\"@graph\":[{\"@type\":\"Article\",\"@id\":\"https:\\\/\\\/www.silutesnaujienos.lt\\\/lt\\\/silutes-pspc-stebetoju-taryba-laukia-teisininku-isvadu\\\/#article\",\"isPartOf\":{\"@id\":\"https:\\\/\\\/www.silutesnaujienos.lt\\\/lt\\\/silutes-pspc-stebetoju-taryba-laukia-teisininku-isvadu\\\/\"},\"author\":{\"name\":\"\u0160ilut\u0117s naujien\u0173 inf.\",\"@id\":\"https:\\\/\\\/www.silutesnaujienos.lt\\\/lt\\\/#\\\/schema\\\/person\\\/232f475ddd4a7b5f49b3abc788b17e83\"},\"headline\":\"\u0160ilut\u0117s PSPC steb\u0117toj\u0173 taryba laukia teisinink\u0173 i\u0161vad\u0173\",\"datePublished\":\"2015-12-17T14:00:00+00:00\",\"mainEntityOfPage\":{\"@id\":\"https:\\\/\\\/www.silutesnaujienos.lt\\\/lt\\\/silutes-pspc-stebetoju-taryba-laukia-teisininku-isvadu\\\/\"},\"wordCount\":515,\"commentCount\":0,\"publisher\":{\"@id\":\"https:\\\/\\\/www.silutesnaujienos.lt\\\/lt\\\/#organization\"},\"articleSection\":[\"Aktualijos\"],\"inLanguage\":\"lt-LT\",\"potentialAction\":[{\"@type\":\"CommentAction\",\"name\":\"Comment\",\"target\":[\"https:\\\/\\\/www.silutesnaujienos.lt\\\/lt\\\/silutes-pspc-stebetoju-taryba-laukia-teisininku-isvadu\\\/#respond\"]}]},{\"@type\":\"WebPage\",\"@id\":\"https:\\\/\\\/www.silutesnaujienos.lt\\\/lt\\\/silutes-pspc-stebetoju-taryba-laukia-teisininku-isvadu\\\/\",\"url\":\"https:\\\/\\\/www.silutesnaujienos.lt\\\/lt\\\/silutes-pspc-stebetoju-taryba-laukia-teisininku-isvadu\\\/\",\"name\":\"\u0160ilut\u0117s PSPC steb\u0117toj\u0173 taryba laukia teisinink\u0173 i\u0161vad\u0173 - \u0160ilut\u0117s naujienos\",\"isPartOf\":{\"@id\":\"https:\\\/\\\/www.silutesnaujienos.lt\\\/lt\\\/#website\"},\"datePublished\":\"2015-12-17T14:00:00+00:00\",\"breadcrumb\":{\"@id\":\"https:\\\/\\\/www.silutesnaujienos.lt\\\/lt\\\/silutes-pspc-stebetoju-taryba-laukia-teisininku-isvadu\\\/#breadcrumb\"},\"inLanguage\":\"lt-LT\",\"potentialAction\":[{\"@type\":\"ReadAction\",\"target\":[\"https:\\\/\\\/www.silutesnaujienos.lt\\\/lt\\\/silutes-pspc-stebetoju-taryba-laukia-teisininku-isvadu\\\/\"]}]},{\"@type\":\"BreadcrumbList\",\"@id\":\"https:\\\/\\\/www.silutesnaujienos.lt\\\/lt\\\/silutes-pspc-stebetoju-taryba-laukia-teisininku-isvadu\\\/#breadcrumb\",\"itemListElement\":[{\"@type\":\"ListItem\",\"position\":1,\"name\":\"Home\",\"item\":\"https:\\\/\\\/www.silutesnaujienos.lt\\\/lt\\\/\"},{\"@type\":\"ListItem\",\"position\":2,\"name\":\"\u0160ilut\u0117s PSPC steb\u0117toj\u0173 taryba laukia teisinink\u0173 i\u0161vad\u0173\"}]},{\"@type\":\"WebSite\",\"@id\":\"https:\\\/\\\/www.silutesnaujienos.lt\\\/lt\\\/#website\",\"url\":\"https:\\\/\\\/www.silutesnaujienos.lt\\\/lt\\\/\",\"name\":\"\u0160ilut\u0117s naujienos\",\"description\":\"B\u016bk ant naujien\u0173 bangos!\",\"publisher\":{\"@id\":\"https:\\\/\\\/www.silutesnaujienos.lt\\\/lt\\\/#organization\"},\"potentialAction\":[{\"@type\":\"SearchAction\",\"target\":{\"@type\":\"EntryPoint\",\"urlTemplate\":\"https:\\\/\\\/www.silutesnaujienos.lt\\\/lt\\\/?s={search_term_string}\"},\"query-input\":{\"@type\":\"PropertyValueSpecification\",\"valueRequired\":true,\"valueName\":\"search_term_string\"}}],\"inLanguage\":\"lt-LT\"},{\"@type\":\"Organization\",\"@id\":\"https:\\\/\\\/www.silutesnaujienos.lt\\\/lt\\\/#organization\",\"name\":\"\u0160ilut\u0117s naujienos\",\"url\":\"https:\\\/\\\/www.silutesnaujienos.lt\\\/lt\\\/\",\"logo\":{\"@type\":\"ImageObject\",\"inLanguage\":\"lt-LT\",\"@id\":\"https:\\\/\\\/www.silutesnaujienos.lt\\\/lt\\\/#\\\/schema\\\/logo\\\/image\\\/\",\"url\":\"https:\\\/\\\/www.silutesnaujienos.lt\\\/lt\\\/wp-content\\\/uploads\\\/2020\\\/06\\\/FB_MAIN.jpg\",\"contentUrl\":\"https:\\\/\\\/www.silutesnaujienos.lt\\\/lt\\\/wp-content\\\/uploads\\\/2020\\\/06\\\/FB_MAIN.jpg\",\"width\":1700,\"height\":956,\"caption\":\"\u0160ilut\u0117s naujienos\"},\"image\":{\"@id\":\"https:\\\/\\\/www.silutesnaujienos.lt\\\/lt\\\/#\\\/schema\\\/logo\\\/image\\\/\"},\"sameAs\":[\"https:\\\/\\\/www.facebook.com\\\/silutes.naujienos\\\/\",\"https:\\\/\\\/www.youtube.com\\\/channel\\\/UCxW-cgrJDt8GxIMxSTAfJZg\"]},{\"@type\":\"Person\",\"@id\":\"https:\\\/\\\/www.silutesnaujienos.lt\\\/lt\\\/#\\\/schema\\\/person\\\/232f475ddd4a7b5f49b3abc788b17e83\",\"name\":\"\u0160ilut\u0117s naujien\u0173 inf.\",\"image\":{\"@type\":\"ImageObject\",\"inLanguage\":\"lt-LT\",\"@id\":\"https:\\\/\\\/www.silutesnaujienos.lt\\\/lt\\\/wp-content\\\/uploads\\\/2020\\\/06\\\/favicon.png\",\"url\":\"https:\\\/\\\/www.silutesnaujienos.lt\\\/lt\\\/wp-content\\\/uploads\\\/2020\\\/06\\\/favicon.png\",\"contentUrl\":\"https:\\\/\\\/www.silutesnaujienos.lt\\\/lt\\\/wp-content\\\/uploads\\\/2020\\\/06\\\/favicon.png\",\"caption\":\"\u0160ilut\u0117s naujien\u0173 inf.\"},\"sameAs\":[\"https:\\\/\\\/www.silutesnaujienos.lt\\\/lt\"],\"url\":\"https:\\\/\\\/www.silutesnaujienos.lt\\\/lt\\\/author\\\/ruta\\\/\"}]}<\/script>\n<!-- \/ Yoast SEO plugin. -->","yoast_head_json":{"title":"\u0160ilut\u0117s PSPC steb\u0117toj\u0173 taryba laukia teisinink\u0173 i\u0161vad\u0173 - \u0160ilut\u0117s naujienos","robots":{"index":"index","follow":"follow","max-snippet":"max-snippet:-1","max-image-preview":"max-image-preview:large","max-video-preview":"max-video-preview:-1"},"canonical":"https:\/\/www.silutesnaujienos.lt\/lt\/silutes-pspc-stebetoju-taryba-laukia-teisininku-isvadu\/","og_locale":"lt_LT","og_type":"article","og_title":"\u0160ilut\u0117s PSPC steb\u0117toj\u0173 taryba laukia teisinink\u0173 i\u0161vad\u0173 - \u0160ilut\u0117s naujienos","og_description":"\u00a0 \u0160ilut\u0117s rajono savivaldyb\u0117s vadovai jau atvirai kalba apie V\u0161\u012e \u0160ilut\u0117s pirmin\u0117s sveikatos prie\u017ei\u016bros centro (PSPC) reorganizavim\u0105, prijungiant \u0161i\u0105 \u012fstaig\u0105 prie savivaldyb\u0117s valdomos V\u0161\u012e \u0160ilut\u0117s ligonin\u0117s. \u012e \u0161i\u0173 met\u0173 paskutinio savivaldyb\u0117s Tarybos pos\u0117d\u017eio dienotvark\u0119 jau \u012fra\u0161ytas klausimas apie \u0161i\u0105 reorganizacij\u0105.Tik PSPC steb\u0117toj\u0173 taryba abejoja, ar tokia reorganizacija yra \u012fmanoma, nes n\u0117ra gavusi joki\u0173 teisini\u0173 dokument\u0173, [&hellip;]","og_url":"https:\/\/www.silutesnaujienos.lt\/lt\/silutes-pspc-stebetoju-taryba-laukia-teisininku-isvadu\/","og_site_name":"\u0160ilut\u0117s naujienos","article_publisher":"https:\/\/www.facebook.com\/silutes.naujienos\/","article_published_time":"2015-12-17T14:00:00+00:00","og_image":[{"url":"\/\/silutesnaujienos.lt\/images\/stories\/2015\/GRUODIS\/15\/thumbnails\/thumb_PSPC_1.jpg","type":"","width":"","height":""}],"author":"\u0160ilut\u0117s naujien\u0173 inf.","twitter_card":"summary_large_image","twitter_misc":{"Written by":"\u0160ilut\u0117s naujien\u0173 inf.","Est. reading time":"3 minut\u0117s"},"schema":{"@context":"https:\/\/schema.org","@graph":[{"@type":"Article","@id":"https:\/\/www.silutesnaujienos.lt\/lt\/silutes-pspc-stebetoju-taryba-laukia-teisininku-isvadu\/#article","isPartOf":{"@id":"https:\/\/www.silutesnaujienos.lt\/lt\/silutes-pspc-stebetoju-taryba-laukia-teisininku-isvadu\/"},"author":{"name":"\u0160ilut\u0117s naujien\u0173 inf.","@id":"https:\/\/www.silutesnaujienos.lt\/lt\/#\/schema\/person\/232f475ddd4a7b5f49b3abc788b17e83"},"headline":"\u0160ilut\u0117s PSPC steb\u0117toj\u0173 taryba laukia teisinink\u0173 i\u0161vad\u0173","datePublished":"2015-12-17T14:00:00+00:00","mainEntityOfPage":{"@id":"https:\/\/www.silutesnaujienos.lt\/lt\/silutes-pspc-stebetoju-taryba-laukia-teisininku-isvadu\/"},"wordCount":515,"commentCount":0,"publisher":{"@id":"https:\/\/www.silutesnaujienos.lt\/lt\/#organization"},"articleSection":["Aktualijos"],"inLanguage":"lt-LT","potentialAction":[{"@type":"CommentAction","name":"Comment","target":["https:\/\/www.silutesnaujienos.lt\/lt\/silutes-pspc-stebetoju-taryba-laukia-teisininku-isvadu\/#respond"]}]},{"@type":"WebPage","@id":"https:\/\/www.silutesnaujienos.lt\/lt\/silutes-pspc-stebetoju-taryba-laukia-teisininku-isvadu\/","url":"https:\/\/www.silutesnaujienos.lt\/lt\/silutes-pspc-stebetoju-taryba-laukia-teisininku-isvadu\/","name":"\u0160ilut\u0117s PSPC steb\u0117toj\u0173 taryba laukia teisinink\u0173 i\u0161vad\u0173 - \u0160ilut\u0117s naujienos","isPartOf":{"@id":"https:\/\/www.silutesnaujienos.lt\/lt\/#website"},"datePublished":"2015-12-17T14:00:00+00:00","breadcrumb":{"@id":"https:\/\/www.silutesnaujienos.lt\/lt\/silutes-pspc-stebetoju-taryba-laukia-teisininku-isvadu\/#breadcrumb"},"inLanguage":"lt-LT","potentialAction":[{"@type":"ReadAction","target":["https:\/\/www.silutesnaujienos.lt\/lt\/silutes-pspc-stebetoju-taryba-laukia-teisininku-isvadu\/"]}]},{"@type":"BreadcrumbList","@id":"https:\/\/www.silutesnaujienos.lt\/lt\/silutes-pspc-stebetoju-taryba-laukia-teisininku-isvadu\/#breadcrumb","itemListElement":[{"@type":"ListItem","position":1,"name":"Home","item":"https:\/\/www.silutesnaujienos.lt\/lt\/"},{"@type":"ListItem","position":2,"name":"\u0160ilut\u0117s PSPC steb\u0117toj\u0173 taryba laukia teisinink\u0173 i\u0161vad\u0173"}]},{"@type":"WebSite","@id":"https:\/\/www.silutesnaujienos.lt\/lt\/#website","url":"https:\/\/www.silutesnaujienos.lt\/lt\/","name":"\u0160ilut\u0117s naujienos","description":"B\u016bk ant naujien\u0173 bangos!","publisher":{"@id":"https:\/\/www.silutesnaujienos.lt\/lt\/#organization"},"potentialAction":[{"@type":"SearchAction","target":{"@type":"EntryPoint","urlTemplate":"https:\/\/www.silutesnaujienos.lt\/lt\/?s={search_term_string}"},"query-input":{"@type":"PropertyValueSpecification","valueRequired":true,"valueName":"search_term_string"}}],"inLanguage":"lt-LT"},{"@type":"Organization","@id":"https:\/\/www.silutesnaujienos.lt\/lt\/#organization","name":"\u0160ilut\u0117s naujienos","url":"https:\/\/www.silutesnaujienos.lt\/lt\/","logo":{"@type":"ImageObject","inLanguage":"lt-LT","@id":"https:\/\/www.silutesnaujienos.lt\/lt\/#\/schema\/logo\/image\/","url":"https:\/\/www.silutesnaujienos.lt\/lt\/wp-content\/uploads\/2020\/06\/FB_MAIN.jpg","contentUrl":"https:\/\/www.silutesnaujienos.lt\/lt\/wp-content\/uploads\/2020\/06\/FB_MAIN.jpg","width":1700,"height":956,"caption":"\u0160ilut\u0117s naujienos"},"image":{"@id":"https:\/\/www.silutesnaujienos.lt\/lt\/#\/schema\/logo\/image\/"},"sameAs":["https:\/\/www.facebook.com\/silutes.naujienos\/","https:\/\/www.youtube.com\/channel\/UCxW-cgrJDt8GxIMxSTAfJZg"]},{"@type":"Person","@id":"https:\/\/www.silutesnaujienos.lt\/lt\/#\/schema\/person\/232f475ddd4a7b5f49b3abc788b17e83","name":"\u0160ilut\u0117s naujien\u0173 inf.","image":{"@type":"ImageObject","inLanguage":"lt-LT","@id":"https:\/\/www.silutesnaujienos.lt\/lt\/wp-content\/uploads\/2020\/06\/favicon.png","url":"https:\/\/www.silutesnaujienos.lt\/lt\/wp-content\/uploads\/2020\/06\/favicon.png","contentUrl":"https:\/\/www.silutesnaujienos.lt\/lt\/wp-content\/uploads\/2020\/06\/favicon.png","caption":"\u0160ilut\u0117s naujien\u0173 inf."},"sameAs":["https:\/\/www.silutesnaujienos.lt\/lt"],"url":"https:\/\/www.silutesnaujienos.lt\/lt\/author\/ruta\/"}]}},"publishpress_future_workflow_manual_trigger":{"enabledWorkflows":[]},"amp_enabled":true,"_links":{"self":[{"href":"https:\/\/www.silutesnaujienos.lt\/lt\/wp-json\/wp\/v2\/posts\/11862","targetHints":{"allow":["GET"]}}],"collection":[{"href":"https:\/\/www.silutesnaujienos.lt\/lt\/wp-json\/wp\/v2\/posts"}],"about":[{"href":"https:\/\/www.silutesnaujienos.lt\/lt\/wp-json\/wp\/v2\/types\/post"}],"author":[{"embeddable":true,"href":"https:\/\/www.silutesnaujienos.lt\/lt\/wp-json\/wp\/v2\/users\/1"}],"replies":[{"embeddable":true,"href":"https:\/\/www.silutesnaujienos.lt\/lt\/wp-json\/wp\/v2\/comments?post=11862"}],"version-history":[{"count":0,"href":"https:\/\/www.silutesnaujienos.lt\/lt\/wp-json\/wp\/v2\/posts\/11862\/revisions"}],"wp:attachment":[{"href":"https:\/\/www.silutesnaujienos.lt\/lt\/wp-json\/wp\/v2\/media?parent=11862"}],"wp:term":[{"taxonomy":"category","embeddable":true,"href":"https:\/\/www.silutesnaujienos.lt\/lt\/wp-json\/wp\/v2\/categories?post=11862"},{"taxonomy":"post_tag","embeddable":true,"href":"https:\/\/www.silutesnaujienos.lt\/lt\/wp-json\/wp\/v2\/tags?post=11862"}],"curies":[{"name":"wp","href":"https:\/\/api.w.org\/{rel}","templated":true}]}}