{"id":12298,"date":"2017-04-03T10:34:37","date_gmt":"2017-04-03T12:34:37","guid":{"rendered":"https:\/\/www.silutesnaujienos.lt\/lt\/apvogtam-ispanui-apgautu-ukininku-priekaistai-ir-ieskiniai\/"},"modified":"2017-04-03T10:34:37","modified_gmt":"2017-04-03T12:34:37","slug":"apvogtam-ispanui-apgautu-ukininku-priekaistai-ir-ieskiniai","status":"publish","type":"post","link":"https:\/\/www.silutesnaujienos.lt\/lt\/apvogtam-ispanui-apgautu-ukininku-priekaistai-ir-ieskiniai\/","title":{"rendered":"Apvogtam ispanui \u2013 apgaut\u0173 \u016bkinink\u0173 priekai\u0161tai ir ie\u0161kiniai"},"content":{"rendered":"<p><a href=\"\/\/silutesnaujienos.lt\/images\/stories\/2017\/03\/31\/Untitled-3_copy.jpg\" class=\"jcepopup\" rel=\"caption[\u0160iauli\u0173 apygardos teisme 2008 metais u\u017e grasinim\u0105 nu\u017eudyti ir savavald\u017eiavim\u0105 bei neteis\u0117t\u0105 \u0161aunamojo ginklo laikym\u0105 90 par\u0173 nuteistas A.Marquezas Luque d\u0117l j\u012f u\u017eklupusi\u0173 b\u0117d\u0173 kaltino \u017emon\u0105. R.Vitkaus nuotr.] noopener noreferrer\" target=\"_blank\" data-rel=\"lightbox-gallery-D3UqFcjB\" data-rl_title=\"\" data-rl_caption=\"\"><img loading=\"lazy\" decoding=\"async\" src=\"\/\/silutesnaujienos.lt\/images\/stories\/2017\/03\/31\/thumbnails\/thumb_Untitled-3_copy.jpg\" alt=\"Untitled-3 copy\" title=\"\" class=\"caption\" style=\"margin: 5px; float: left;\" height=\"230\" width=\"307\" \/><\/a><strong>\u201eNe\u017einau, kaip tam ispanui nutiko su jo meile lietuvaitei, ne\u017einau ir jo vedybinio gyvenimo peripetij\u0173, bet tai ne tas \u017emogus, kuris vertas pasigail\u0117jimo. Jis yra apgav\u0119s daug \u017eirg\u0173 auginimu besiver\u010dian\u010di\u0173 \u016bkinink\u0173\u201c, \u2013 portalui lrytas.lt apie neseniai nuo vagi\u0173 nukent\u0117jus\u012f Ispanijos piliet\u012f 63 met\u0173 Antonio Marquez\u0105 Luque atsiliep\u0117 \u0160ilut\u0117s rajone \u017eirgyn\u0105 turintis Gedmantas Grygelis.<\/strong><\/p>\n<p><strong>Prane\u0161\u0117 apie patirtus nuostolius<\/strong><\/p>\n<p>Ispanijoje apsaugos firm\u0105 vald\u0119s A.Marquezas Luque gyventi \u012f Lietuv\u0105 atsikraust\u0117 2003 metais susituok\u0119s su dvigubai u\u017e save jaunesne lietuvaite Akvile M. Joni\u0161kio rajone nam\u0105, \u017eem\u0117s ir \u017eirgyno akcij\u0173 \u012fsigij\u0119 sutuoktiniai u\u017esi\u0117m\u0117 \u017eirg\u0173 prekyba.<\/p>\n<p>\u0160eima i\u0161iro, kai ispanas jaun\u0105 \u017emon\u0105 \u0117m\u0117 \u012ftarin\u0117ti nei\u0161tikimybe, o pastaroji j\u012f apkaltino smurtu. \u017dmon\u0105 sumu\u0161\u0119s ir durklu nu\u017eudyti pagrasin\u0119s A.Marquezas Luque atsid\u016br\u0117 teisiam\u0173j\u0173 suole ir 2008 metais 90 par\u0173 are\u0161to buvo nuteistas u\u017e grasinim\u0105 nu\u017eudyti, savavald\u017eiavim\u0105 ir neteis\u0117t\u0105 \u0161aunamojo ginklo laikym\u0105.<\/p>\n<p>V\u0117liau su Akvile M. i\u0161siskyr\u0119s Ispanijos pilietis liko gyventi Lietuvoje, \u010dia toliau vert\u0117si \u017eirg\u0173 prekyba. \u012e vie\u0161um\u0105 A.Marquezas Luque v\u0117l pateko prane\u0161\u0119s apie 35 t\u016bkstan\u010di\u0173 600 eur\u0173 \u012fvertint\u0173 dviej\u0173 hanoveri\u0173 veisl\u0117s \u017eirg\u0173 ir tely\u010dios netekt\u012f. \u0160ie gyvuliai, ispano teigimu, buvo pavogti kovo m\u0117nes\u012f i\u0161 \u016bkinio pastato Brid\u0173 (\u0160iauli\u0173 r.) kaime.<\/p>\n<p>Ikiteismin\u012f tyrim\u0105 d\u0117l vagyst\u0117s prad\u0117j\u0119 pareig\u016bnai ap\u017ei\u016br\u0117jo \u016bkin\u012f pastat\u0105, kuriame buvo laikomi \u017eirgai ir tely\u010dia, ta\u010diau joki\u0173 \u012fsilau\u017eimo \u017eymi\u0173 nerado.<\/p>\n<p><strong>Atkreip\u0117 d\u0117mes\u012f \u012f skelbim\u0105<\/strong><\/p>\n<p>\u201eKai su\u017einojau apie \u0161i\u0105 vagyst\u0119, \u012f galv\u0105 i\u0161kart \u0161ov\u0117 mintis, kad tai eilin\u0117 \u0161io ispano afera. Pernai lankiausi A.Marquezo Luque arklid\u0117se, kai jis man u\u017e negr\u0105\u017eint\u0105 skol\u0105 pa\u017ead\u0117jo atiduoti \u017eirg\u0105. Skolos taip ir neatgavau, ta\u010diau jo \u017eirgus ma\u010diau. Ka\u017ein ar kiekvienas j\u0173 vertas ir t\u016bkstan\u010dio eur\u0173, o \u010dia dviej\u0173 \u017eirg\u0173 ir tely\u010dios, kurios a\u0161 tada \u016bkiniame pastate net nema\u010diau, netekt\u012f A.Marquezas Luque \u012fvertino net 35 t\u016bkstan\u010diais eur\u0173. \u010cia ka\u017ekoks kosmosas\u201c, \u2013 steb\u0117josi skolos u\u017e parduot\u0105 \u017eirg\u0105 i\u0161 ispano atgauti negalintis G.Grygelis.<\/p>\n<p>\u017dirgus auginantis lietuvis \u016bkininkas sak\u0117 atkreip\u0119s d\u0117mes\u012f \u012f portale skelbiu.lt publikuot\u0105 skelbim\u0105 apie parduodamus du arklius. \u201ePardav\u0117jas u\u017e \u0161iuos \u017eirgus pra\u0161\u0117 po 800 eur\u0173, o vienas skelbimo komentatorius dar klaus\u0117: \u201eAr \u010dia visi ispano arkliai?\u201c \u2013 jam \u012f ak\u012f kritus\u012f skelbim\u0105 prisimin\u0117 G.Grygelis.<\/p>\n<p><strong>Band\u0117 suversti kalt\u0119 kitam \u017emogui<\/strong><\/p>\n<p>\u0160ilut\u0117s rajone \u016bkininkaujantis ir \u017eirgus auginantis G.Grygelis sak\u0117, kad pa\u017eintis su A.Marquezu Luque u\u017esimezg\u0117 prie\u0161 ketverius penkerius metus. \u201eJis i\u0161 man\u0119s \u012fsigijo du jauniklius \u017eirgus. U\u017e vien\u0105 pinigus atidav\u0117, o u\u017e kit\u0105 \u2013 ne. Papra\u0161ytas atsiskaityti ispanas b\u0117d\u0105 suvert\u0117 neva su juo Ispanijoje neatsiskai\u010diusiam \u017eirg\u0173 pirk\u0117jui. A\u0161 paklausiau to pirk\u0117jo pavard\u0117s ir papra\u0161iau savo Ispanijoje gyvenan\u010di\u0173 pa\u017e\u012fstam\u0173 nuva\u017eiuoti su juo pasikalb\u0117ti. Paai\u0161k\u0117jo, kad tai niekuo d\u0117tas \u017emogus, kuris turi vaisi\u0173 ir dar\u017eovi\u0173 krautuv\u0117l\u0119, o apie jokius \u017eigus n\u0117ra net gird\u0117j\u0119s\u201c, \u2013 sak\u0117 G.Grygelis.<\/p>\n<p><strong>Provokuodavo pasielgti neapgalvotai<\/strong><\/p>\n<p>Tai su\u017einoj\u0119s lietuvis \u016bkininkas v\u0117l pasikalb\u0117jo su A.Marquezu Luque ir neatgav\u0119s pinig\u0173 paband\u0117 skol\u0105 i\u0161sireikalauti teisiniu b\u016bdu. \u201eNervai kainuoja brangiau \u2013 galiausiai mes pasira\u0161\u0117me taikos sutart\u012f, be to, A.Marquezas Luque u\u017e skol\u0105 pa\u017ead\u0117jo atiduoti vien\u0105 savo \u017eirg\u0105. Kai atva\u017eiavau to \u017eirgo pasiimti, jis joki\u0173 dokument\u0173 pateikti negal\u0117jo ir nieko a\u0161 negavau. I\u0161vis tai labai keistas \u017emogus \u2013 kalbantis d\u0117l skolos gr\u0105\u017einimo jis vis stengdavosi sukelti konflikt\u0105, lyg provokuot\u0173 j\u012f stumtel\u0117ti ar k\u0105 kit\u0105 padaryti. Neabejoju, kad pasidavus emocijoms, viskas b\u016bt\u0173 pasibaig\u0119 parei\u0161kimu policijai\u201c, \u2013 sp\u0117jo G.Grygelis.<\/p>\n<p><strong>Pinig\u0173 neatgavus\u012f kelmi\u0161k\u012f pakirto infarktas<\/strong><\/p>\n<p>Nuo Ispanijos pilie\u010dio nukent\u0117j\u0119s lietuvis \u016bkininkas sak\u0117, kad toki\u0173 kaip jis \u2013 ne vienas ir ne du. A.Marquezas Luque laiku neatsiskait\u0117 su keliolika jam \u017eirgus parduoti patik\u0117jusi\u0173 \u017emoni\u0173. \u201eDviej\u0173 i\u0161 Ispanijos pilie\u010dio pinig\u0173 u\u017e parduotus \u017eirgus neatgavusi\u0173 \u017emoni\u0173 jau neb\u0117ra tarp gyv\u0173j\u0173. Vienas skolos taip ir neatgav\u0119s Kelm\u0117s rajono \u016bkininkas mir\u0117 i\u0161tikus infarktui\u201c, \u2013 tvirtino G.Grygelis.<\/p>\n<p><strong>Ispano auginami \u017eirgai menkaver\u010diai?<\/strong><\/p>\n<p>G.Grygeliui antrino ir Kurtuv\u0117n\u0173 regioninio parko \u017eirgyno program\u0173 vadovas Vytautas Martinavi\u010dius. Prie\u0161 ketverius metus du \u017eirgus A.Marquezui Luque pardav\u0119s V.Martinavi\u010dius taip ir neatgavo 2 t\u016bkstan\u010di\u0173 400 eur\u0173.<\/p>\n<p>\u201eIspanas mane ilg\u0105 laik\u0105 maitino pa\u017eadais. Kai netek\u0119s kantryb\u0117s kreipiausi \u012f teism\u0105, jis \u0117m\u0117 teisintis, kad pinig\u0173 neatidav\u0117, nes ir pats buvo apgautas. Kitiems kreditoriams jis dar si\u016bl\u0117si skol\u0105 gra\u017einti paties auginamais \u017eirgais. Man gr\u0105\u017einti skolos \u017eirgais A.Marquezas Luque nesi\u016bl\u0117, bet a\u0161 d\u0117l to ir nei\u0161gyvenu, nes jo auginami \u017eirgai yra menkaver\u010diai\u201c \u2013 sak\u0117 V.Martinavi\u010dius.<\/p>\n<p><strong>\u012e b\u0117d\u017ei\u0173 u\u017esienietis nepana\u0161us<\/strong><\/p>\n<p>Teismo priteistas skolas i\u0161 Ispanijos pilie\u010dio, pasak Kurtuv\u0117n\u0173 \u017eirgyno program\u0173 vadovo, bando i\u0161ie\u0161koti antstoliai, ta\u010diau \u0161is procesas vyksta vangiai. \u201eNeai\u0161ku, kaip ten yra: tas ispanas lyg ir tebepl\u0117toja veikl\u0105, bet arba jis tai daro svetimu vardu, arba sugeba visk\u0105 nusl\u0117pti nuo antstoli\u0173. A.Marquezas Luque visiems tik ir skelbiasi, koks jis yra nelaimingas ir kaip vis\u0173 skriaud\u017eiamas, ta\u010diau \u012f didel\u012f varg\u0161\u0105 ar nelaim\u0117l\u012f, koks bando pasirodyti, jis tikrai n\u0117ra pana\u0161us\u201c, \u2013 sak\u0117 pinig\u0173 u\u017e Ispanijos pilie\u010diui prie\u0161 ketverius metus parduotus \u017eirgus iki \u0161iol taip ir neatgav\u0119s V.Martinavi\u010dius.<\/p>\n<p><strong>Skolas i\u0161ie\u0161ko antstoliai<\/strong><\/p>\n<p>Teismo priteist\u0173 skol\u0173 i\u0161ie\u0161kojimu i\u0161 A.Marquezo Luque u\u017esiima antstol\u0117s Vaivos \u0160imkien\u0117s kontoros darbuotojai. \u201eNegaliu atskleisti tikslios informacijos apie skol\u0173 i\u0161ie\u0161kojim\u0105 i\u0161 \u0161io pilie\u010dio, tik galiu patvirtinti, kad procesas vyksta\u201c, \u2013 sak\u0117 antstol\u0117s V.\u0160imkien\u0117s kontoros darbuotoja. Portalo lrytas.lt duomenimis, teismo A.Marquezui Luque priteist\u0173 skol\u0173 dydis yra keliolika t\u016bkstan\u010di\u0173 eur\u0173.<\/p>\n<p>Dal\u012f skol\u0173 jau i\u0161ie\u0161koj\u0119 antstoliai yra are\u0161tav\u0119 ir A.Marquezo Luque vardu registruoto turto.<\/p>\n<p><a href=\"http:\/\/lietuvosdiena.lrytas.lt\/aktualijos\/apvogtam-ispanui-apgautu-ukininku-priekaistai-ir-ieskiniai.htm\">Lrytas.lt inf.<\/a><\/p>\n","protected":false},"excerpt":{"rendered":"<p>\u201eNe\u017einau, kaip tam ispanui nutiko su jo meile lietuvaitei, ne\u017einau ir jo vedybinio gyvenimo peripetij\u0173, bet tai ne tas \u017emogus, kuris vertas pasigail\u0117jimo. Jis yra apgav\u0119s daug \u017eirg\u0173 auginimu besiver\u010dian\u010di\u0173 \u016bkinink\u0173\u201c, \u2013 portalui lrytas.lt apie neseniai nuo vagi\u0173 nukent\u0117jus\u012f Ispanijos piliet\u012f 63 met\u0173 Antonio Marquez\u0105 Luque atsiliep\u0117 \u0160ilut\u0117s rajone \u017eirgyn\u0105 turintis Gedmantas Grygelis. Prane\u0161\u0117 apie [&hellip;]<\/p>\n","protected":false},"author":1,"featured_media":0,"comment_status":"open","ping_status":"open","sticky":false,"template":"","format":"standard","meta":{"footnotes":""},"categories":[2],"tags":[],"class_list":{"0":"post-12298","1":"post","2":"type-post","3":"status-publish","4":"format-standard","6":"category-aktualijos"},"yoast_head":"<!-- This site is optimized with the Yoast SEO plugin v27.5 - https:\/\/yoast.com\/product\/yoast-seo-wordpress\/ -->\n<title>Apvogtam ispanui \u2013 apgaut\u0173 \u016bkinink\u0173 priekai\u0161tai ir ie\u0161kiniai - \u0160ilut\u0117s naujienos<\/title>\n<meta name=\"robots\" content=\"index, follow, max-snippet:-1, max-image-preview:large, max-video-preview:-1\" \/>\n<link rel=\"canonical\" href=\"https:\/\/www.silutesnaujienos.lt\/lt\/apvogtam-ispanui-apgautu-ukininku-priekaistai-ir-ieskiniai\/\" \/>\n<meta property=\"og:locale\" content=\"lt_LT\" \/>\n<meta property=\"og:type\" content=\"article\" \/>\n<meta property=\"og:title\" content=\"Apvogtam ispanui \u2013 apgaut\u0173 \u016bkinink\u0173 priekai\u0161tai ir ie\u0161kiniai - \u0160ilut\u0117s naujienos\" \/>\n<meta property=\"og:description\" content=\"\u201eNe\u017einau, kaip tam ispanui nutiko su jo meile lietuvaitei, ne\u017einau ir jo vedybinio gyvenimo peripetij\u0173, bet tai ne tas \u017emogus, kuris vertas pasigail\u0117jimo. Jis yra apgav\u0119s daug \u017eirg\u0173 auginimu besiver\u010dian\u010di\u0173 \u016bkinink\u0173\u201c, \u2013 portalui lrytas.lt apie neseniai nuo vagi\u0173 nukent\u0117jus\u012f Ispanijos piliet\u012f 63 met\u0173 Antonio Marquez\u0105 Luque atsiliep\u0117 \u0160ilut\u0117s rajone \u017eirgyn\u0105 turintis Gedmantas Grygelis. Prane\u0161\u0117 apie [&hellip;]\" \/>\n<meta property=\"og:url\" content=\"https:\/\/www.silutesnaujienos.lt\/lt\/apvogtam-ispanui-apgautu-ukininku-priekaistai-ir-ieskiniai\/\" \/>\n<meta property=\"og:site_name\" content=\"\u0160ilut\u0117s naujienos\" \/>\n<meta property=\"article:publisher\" content=\"https:\/\/www.facebook.com\/silutes.naujienos\/\" \/>\n<meta property=\"article:published_time\" content=\"2017-04-03T12:34:37+00:00\" \/>\n<meta property=\"og:image\" content=\"\/\/silutesnaujienos.lt\/images\/stories\/2017\/03\/31\/thumbnails\/thumb_Untitled-3_copy.jpg\" \/>\n<meta name=\"author\" content=\"\u0160ilut\u0117s naujien\u0173 inf.\" \/>\n<meta name=\"twitter:card\" content=\"summary_large_image\" \/>\n<meta name=\"twitter:label1\" content=\"Written by\" \/>\n\t<meta name=\"twitter:data1\" content=\"\u0160ilut\u0117s naujien\u0173 inf.\" \/>\n\t<meta name=\"twitter:label2\" content=\"Est. reading time\" \/>\n\t<meta name=\"twitter:data2\" content=\"5 minut\u0117s\" \/>\n<script type=\"application\/ld+json\" class=\"yoast-schema-graph\">{\"@context\":\"https:\\\/\\\/schema.org\",\"@graph\":[{\"@type\":\"Article\",\"@id\":\"https:\\\/\\\/www.silutesnaujienos.lt\\\/lt\\\/apvogtam-ispanui-apgautu-ukininku-priekaistai-ir-ieskiniai\\\/#article\",\"isPartOf\":{\"@id\":\"https:\\\/\\\/www.silutesnaujienos.lt\\\/lt\\\/apvogtam-ispanui-apgautu-ukininku-priekaistai-ir-ieskiniai\\\/\"},\"author\":{\"name\":\"\u0160ilut\u0117s naujien\u0173 inf.\",\"@id\":\"https:\\\/\\\/www.silutesnaujienos.lt\\\/lt\\\/#\\\/schema\\\/person\\\/232f475ddd4a7b5f49b3abc788b17e83\"},\"headline\":\"Apvogtam ispanui \u2013 apgaut\u0173 \u016bkinink\u0173 priekai\u0161tai ir ie\u0161kiniai\",\"datePublished\":\"2017-04-03T12:34:37+00:00\",\"mainEntityOfPage\":{\"@id\":\"https:\\\/\\\/www.silutesnaujienos.lt\\\/lt\\\/apvogtam-ispanui-apgautu-ukininku-priekaistai-ir-ieskiniai\\\/\"},\"wordCount\":995,\"commentCount\":0,\"publisher\":{\"@id\":\"https:\\\/\\\/www.silutesnaujienos.lt\\\/lt\\\/#organization\"},\"articleSection\":[\"Aktualijos\"],\"inLanguage\":\"lt-LT\",\"potentialAction\":[{\"@type\":\"CommentAction\",\"name\":\"Comment\",\"target\":[\"https:\\\/\\\/www.silutesnaujienos.lt\\\/lt\\\/apvogtam-ispanui-apgautu-ukininku-priekaistai-ir-ieskiniai\\\/#respond\"]}]},{\"@type\":\"WebPage\",\"@id\":\"https:\\\/\\\/www.silutesnaujienos.lt\\\/lt\\\/apvogtam-ispanui-apgautu-ukininku-priekaistai-ir-ieskiniai\\\/\",\"url\":\"https:\\\/\\\/www.silutesnaujienos.lt\\\/lt\\\/apvogtam-ispanui-apgautu-ukininku-priekaistai-ir-ieskiniai\\\/\",\"name\":\"Apvogtam ispanui \u2013 apgaut\u0173 \u016bkinink\u0173 priekai\u0161tai ir ie\u0161kiniai - \u0160ilut\u0117s naujienos\",\"isPartOf\":{\"@id\":\"https:\\\/\\\/www.silutesnaujienos.lt\\\/lt\\\/#website\"},\"datePublished\":\"2017-04-03T12:34:37+00:00\",\"breadcrumb\":{\"@id\":\"https:\\\/\\\/www.silutesnaujienos.lt\\\/lt\\\/apvogtam-ispanui-apgautu-ukininku-priekaistai-ir-ieskiniai\\\/#breadcrumb\"},\"inLanguage\":\"lt-LT\",\"potentialAction\":[{\"@type\":\"ReadAction\",\"target\":[\"https:\\\/\\\/www.silutesnaujienos.lt\\\/lt\\\/apvogtam-ispanui-apgautu-ukininku-priekaistai-ir-ieskiniai\\\/\"]}]},{\"@type\":\"BreadcrumbList\",\"@id\":\"https:\\\/\\\/www.silutesnaujienos.lt\\\/lt\\\/apvogtam-ispanui-apgautu-ukininku-priekaistai-ir-ieskiniai\\\/#breadcrumb\",\"itemListElement\":[{\"@type\":\"ListItem\",\"position\":1,\"name\":\"Home\",\"item\":\"https:\\\/\\\/www.silutesnaujienos.lt\\\/lt\\\/\"},{\"@type\":\"ListItem\",\"position\":2,\"name\":\"Apvogtam ispanui \u2013 apgaut\u0173 \u016bkinink\u0173 priekai\u0161tai ir ie\u0161kiniai\"}]},{\"@type\":\"WebSite\",\"@id\":\"https:\\\/\\\/www.silutesnaujienos.lt\\\/lt\\\/#website\",\"url\":\"https:\\\/\\\/www.silutesnaujienos.lt\\\/lt\\\/\",\"name\":\"\u0160ilut\u0117s naujienos\",\"description\":\"B\u016bk ant naujien\u0173 bangos!\",\"publisher\":{\"@id\":\"https:\\\/\\\/www.silutesnaujienos.lt\\\/lt\\\/#organization\"},\"potentialAction\":[{\"@type\":\"SearchAction\",\"target\":{\"@type\":\"EntryPoint\",\"urlTemplate\":\"https:\\\/\\\/www.silutesnaujienos.lt\\\/lt\\\/?s={search_term_string}\"},\"query-input\":{\"@type\":\"PropertyValueSpecification\",\"valueRequired\":true,\"valueName\":\"search_term_string\"}}],\"inLanguage\":\"lt-LT\"},{\"@type\":\"Organization\",\"@id\":\"https:\\\/\\\/www.silutesnaujienos.lt\\\/lt\\\/#organization\",\"name\":\"\u0160ilut\u0117s naujienos\",\"url\":\"https:\\\/\\\/www.silutesnaujienos.lt\\\/lt\\\/\",\"logo\":{\"@type\":\"ImageObject\",\"inLanguage\":\"lt-LT\",\"@id\":\"https:\\\/\\\/www.silutesnaujienos.lt\\\/lt\\\/#\\\/schema\\\/logo\\\/image\\\/\",\"url\":\"https:\\\/\\\/www.silutesnaujienos.lt\\\/lt\\\/wp-content\\\/uploads\\\/2020\\\/06\\\/FB_MAIN.jpg\",\"contentUrl\":\"https:\\\/\\\/www.silutesnaujienos.lt\\\/lt\\\/wp-content\\\/uploads\\\/2020\\\/06\\\/FB_MAIN.jpg\",\"width\":1700,\"height\":956,\"caption\":\"\u0160ilut\u0117s naujienos\"},\"image\":{\"@id\":\"https:\\\/\\\/www.silutesnaujienos.lt\\\/lt\\\/#\\\/schema\\\/logo\\\/image\\\/\"},\"sameAs\":[\"https:\\\/\\\/www.facebook.com\\\/silutes.naujienos\\\/\",\"https:\\\/\\\/www.youtube.com\\\/channel\\\/UCxW-cgrJDt8GxIMxSTAfJZg\"]},{\"@type\":\"Person\",\"@id\":\"https:\\\/\\\/www.silutesnaujienos.lt\\\/lt\\\/#\\\/schema\\\/person\\\/232f475ddd4a7b5f49b3abc788b17e83\",\"name\":\"\u0160ilut\u0117s naujien\u0173 inf.\",\"image\":{\"@type\":\"ImageObject\",\"inLanguage\":\"lt-LT\",\"@id\":\"https:\\\/\\\/www.silutesnaujienos.lt\\\/lt\\\/wp-content\\\/uploads\\\/2020\\\/06\\\/favicon.png\",\"url\":\"https:\\\/\\\/www.silutesnaujienos.lt\\\/lt\\\/wp-content\\\/uploads\\\/2020\\\/06\\\/favicon.png\",\"contentUrl\":\"https:\\\/\\\/www.silutesnaujienos.lt\\\/lt\\\/wp-content\\\/uploads\\\/2020\\\/06\\\/favicon.png\",\"caption\":\"\u0160ilut\u0117s naujien\u0173 inf.\"},\"sameAs\":[\"https:\\\/\\\/www.silutesnaujienos.lt\\\/lt\"],\"url\":\"https:\\\/\\\/www.silutesnaujienos.lt\\\/lt\\\/author\\\/ruta\\\/\"}]}<\/script>\n<!-- \/ Yoast SEO plugin. -->","yoast_head_json":{"title":"Apvogtam ispanui \u2013 apgaut\u0173 \u016bkinink\u0173 priekai\u0161tai ir ie\u0161kiniai - \u0160ilut\u0117s naujienos","robots":{"index":"index","follow":"follow","max-snippet":"max-snippet:-1","max-image-preview":"max-image-preview:large","max-video-preview":"max-video-preview:-1"},"canonical":"https:\/\/www.silutesnaujienos.lt\/lt\/apvogtam-ispanui-apgautu-ukininku-priekaistai-ir-ieskiniai\/","og_locale":"lt_LT","og_type":"article","og_title":"Apvogtam ispanui \u2013 apgaut\u0173 \u016bkinink\u0173 priekai\u0161tai ir ie\u0161kiniai - \u0160ilut\u0117s naujienos","og_description":"\u201eNe\u017einau, kaip tam ispanui nutiko su jo meile lietuvaitei, ne\u017einau ir jo vedybinio gyvenimo peripetij\u0173, bet tai ne tas \u017emogus, kuris vertas pasigail\u0117jimo. Jis yra apgav\u0119s daug \u017eirg\u0173 auginimu besiver\u010dian\u010di\u0173 \u016bkinink\u0173\u201c, \u2013 portalui lrytas.lt apie neseniai nuo vagi\u0173 nukent\u0117jus\u012f Ispanijos piliet\u012f 63 met\u0173 Antonio Marquez\u0105 Luque atsiliep\u0117 \u0160ilut\u0117s rajone \u017eirgyn\u0105 turintis Gedmantas Grygelis. Prane\u0161\u0117 apie [&hellip;]","og_url":"https:\/\/www.silutesnaujienos.lt\/lt\/apvogtam-ispanui-apgautu-ukininku-priekaistai-ir-ieskiniai\/","og_site_name":"\u0160ilut\u0117s naujienos","article_publisher":"https:\/\/www.facebook.com\/silutes.naujienos\/","article_published_time":"2017-04-03T12:34:37+00:00","og_image":[{"url":"\/\/silutesnaujienos.lt\/images\/stories\/2017\/03\/31\/thumbnails\/thumb_Untitled-3_copy.jpg","type":"","width":"","height":""}],"author":"\u0160ilut\u0117s naujien\u0173 inf.","twitter_card":"summary_large_image","twitter_misc":{"Written by":"\u0160ilut\u0117s naujien\u0173 inf.","Est. reading time":"5 minut\u0117s"},"schema":{"@context":"https:\/\/schema.org","@graph":[{"@type":"Article","@id":"https:\/\/www.silutesnaujienos.lt\/lt\/apvogtam-ispanui-apgautu-ukininku-priekaistai-ir-ieskiniai\/#article","isPartOf":{"@id":"https:\/\/www.silutesnaujienos.lt\/lt\/apvogtam-ispanui-apgautu-ukininku-priekaistai-ir-ieskiniai\/"},"author":{"name":"\u0160ilut\u0117s naujien\u0173 inf.","@id":"https:\/\/www.silutesnaujienos.lt\/lt\/#\/schema\/person\/232f475ddd4a7b5f49b3abc788b17e83"},"headline":"Apvogtam ispanui \u2013 apgaut\u0173 \u016bkinink\u0173 priekai\u0161tai ir ie\u0161kiniai","datePublished":"2017-04-03T12:34:37+00:00","mainEntityOfPage":{"@id":"https:\/\/www.silutesnaujienos.lt\/lt\/apvogtam-ispanui-apgautu-ukininku-priekaistai-ir-ieskiniai\/"},"wordCount":995,"commentCount":0,"publisher":{"@id":"https:\/\/www.silutesnaujienos.lt\/lt\/#organization"},"articleSection":["Aktualijos"],"inLanguage":"lt-LT","potentialAction":[{"@type":"CommentAction","name":"Comment","target":["https:\/\/www.silutesnaujienos.lt\/lt\/apvogtam-ispanui-apgautu-ukininku-priekaistai-ir-ieskiniai\/#respond"]}]},{"@type":"WebPage","@id":"https:\/\/www.silutesnaujienos.lt\/lt\/apvogtam-ispanui-apgautu-ukininku-priekaistai-ir-ieskiniai\/","url":"https:\/\/www.silutesnaujienos.lt\/lt\/apvogtam-ispanui-apgautu-ukininku-priekaistai-ir-ieskiniai\/","name":"Apvogtam ispanui \u2013 apgaut\u0173 \u016bkinink\u0173 priekai\u0161tai ir ie\u0161kiniai - \u0160ilut\u0117s naujienos","isPartOf":{"@id":"https:\/\/www.silutesnaujienos.lt\/lt\/#website"},"datePublished":"2017-04-03T12:34:37+00:00","breadcrumb":{"@id":"https:\/\/www.silutesnaujienos.lt\/lt\/apvogtam-ispanui-apgautu-ukininku-priekaistai-ir-ieskiniai\/#breadcrumb"},"inLanguage":"lt-LT","potentialAction":[{"@type":"ReadAction","target":["https:\/\/www.silutesnaujienos.lt\/lt\/apvogtam-ispanui-apgautu-ukininku-priekaistai-ir-ieskiniai\/"]}]},{"@type":"BreadcrumbList","@id":"https:\/\/www.silutesnaujienos.lt\/lt\/apvogtam-ispanui-apgautu-ukininku-priekaistai-ir-ieskiniai\/#breadcrumb","itemListElement":[{"@type":"ListItem","position":1,"name":"Home","item":"https:\/\/www.silutesnaujienos.lt\/lt\/"},{"@type":"ListItem","position":2,"name":"Apvogtam ispanui \u2013 apgaut\u0173 \u016bkinink\u0173 priekai\u0161tai ir ie\u0161kiniai"}]},{"@type":"WebSite","@id":"https:\/\/www.silutesnaujienos.lt\/lt\/#website","url":"https:\/\/www.silutesnaujienos.lt\/lt\/","name":"\u0160ilut\u0117s naujienos","description":"B\u016bk ant naujien\u0173 bangos!","publisher":{"@id":"https:\/\/www.silutesnaujienos.lt\/lt\/#organization"},"potentialAction":[{"@type":"SearchAction","target":{"@type":"EntryPoint","urlTemplate":"https:\/\/www.silutesnaujienos.lt\/lt\/?s={search_term_string}"},"query-input":{"@type":"PropertyValueSpecification","valueRequired":true,"valueName":"search_term_string"}}],"inLanguage":"lt-LT"},{"@type":"Organization","@id":"https:\/\/www.silutesnaujienos.lt\/lt\/#organization","name":"\u0160ilut\u0117s naujienos","url":"https:\/\/www.silutesnaujienos.lt\/lt\/","logo":{"@type":"ImageObject","inLanguage":"lt-LT","@id":"https:\/\/www.silutesnaujienos.lt\/lt\/#\/schema\/logo\/image\/","url":"https:\/\/www.silutesnaujienos.lt\/lt\/wp-content\/uploads\/2020\/06\/FB_MAIN.jpg","contentUrl":"https:\/\/www.silutesnaujienos.lt\/lt\/wp-content\/uploads\/2020\/06\/FB_MAIN.jpg","width":1700,"height":956,"caption":"\u0160ilut\u0117s naujienos"},"image":{"@id":"https:\/\/www.silutesnaujienos.lt\/lt\/#\/schema\/logo\/image\/"},"sameAs":["https:\/\/www.facebook.com\/silutes.naujienos\/","https:\/\/www.youtube.com\/channel\/UCxW-cgrJDt8GxIMxSTAfJZg"]},{"@type":"Person","@id":"https:\/\/www.silutesnaujienos.lt\/lt\/#\/schema\/person\/232f475ddd4a7b5f49b3abc788b17e83","name":"\u0160ilut\u0117s naujien\u0173 inf.","image":{"@type":"ImageObject","inLanguage":"lt-LT","@id":"https:\/\/www.silutesnaujienos.lt\/lt\/wp-content\/uploads\/2020\/06\/favicon.png","url":"https:\/\/www.silutesnaujienos.lt\/lt\/wp-content\/uploads\/2020\/06\/favicon.png","contentUrl":"https:\/\/www.silutesnaujienos.lt\/lt\/wp-content\/uploads\/2020\/06\/favicon.png","caption":"\u0160ilut\u0117s naujien\u0173 inf."},"sameAs":["https:\/\/www.silutesnaujienos.lt\/lt"],"url":"https:\/\/www.silutesnaujienos.lt\/lt\/author\/ruta\/"}]}},"publishpress_future_workflow_manual_trigger":{"enabledWorkflows":[]},"amp_enabled":true,"_links":{"self":[{"href":"https:\/\/www.silutesnaujienos.lt\/lt\/wp-json\/wp\/v2\/posts\/12298","targetHints":{"allow":["GET"]}}],"collection":[{"href":"https:\/\/www.silutesnaujienos.lt\/lt\/wp-json\/wp\/v2\/posts"}],"about":[{"href":"https:\/\/www.silutesnaujienos.lt\/lt\/wp-json\/wp\/v2\/types\/post"}],"author":[{"embeddable":true,"href":"https:\/\/www.silutesnaujienos.lt\/lt\/wp-json\/wp\/v2\/users\/1"}],"replies":[{"embeddable":true,"href":"https:\/\/www.silutesnaujienos.lt\/lt\/wp-json\/wp\/v2\/comments?post=12298"}],"version-history":[{"count":0,"href":"https:\/\/www.silutesnaujienos.lt\/lt\/wp-json\/wp\/v2\/posts\/12298\/revisions"}],"wp:attachment":[{"href":"https:\/\/www.silutesnaujienos.lt\/lt\/wp-json\/wp\/v2\/media?parent=12298"}],"wp:term":[{"taxonomy":"category","embeddable":true,"href":"https:\/\/www.silutesnaujienos.lt\/lt\/wp-json\/wp\/v2\/categories?post=12298"},{"taxonomy":"post_tag","embeddable":true,"href":"https:\/\/www.silutesnaujienos.lt\/lt\/wp-json\/wp\/v2\/tags?post=12298"}],"curies":[{"name":"wp","href":"https:\/\/api.w.org\/{rel}","templated":true}]}}