{"id":12324,"date":"2017-04-21T09:06:28","date_gmt":"2017-04-21T11:06:28","guid":{"rendered":"https:\/\/www.silutesnaujienos.lt\/lt\/premjeras-vyriausybe-pasiryzusi-pastatyti-estakada-rusneje-2018-metais\/"},"modified":"2017-04-21T09:06:28","modified_gmt":"2017-04-21T11:06:28","slug":"premjeras-vyriausybe-pasiryzusi-pastatyti-estakada-rusneje-2018-metais","status":"publish","type":"post","link":"https:\/\/www.silutesnaujienos.lt\/lt\/premjeras-vyriausybe-pasiryzusi-pastatyti-estakada-rusneje-2018-metais\/","title":{"rendered":"Premjeras: Vyriausyb\u0117 pasiry\u017eusi pastatyti estakad\u0105 Rusn\u0117je 2018 metais"},"content":{"rendered":"<p><a href=\"\/\/silutesnaujienos.lt\/images\/stories\/2017\/04\/04_20\/19652_17408_d419519b291e4eb0310472829adbb64e.jpg\" class=\"jcepopup\" target=\"_blank\" rel=\"noopener noreferrer\" data-rel=\"lightbox-gallery-jQeFXO27\" data-rl_title=\"\" data-rl_caption=\"\" title=\"\"><img loading=\"lazy\" decoding=\"async\" src=\"\/\/silutesnaujienos.lt\/images\/stories\/2017\/04\/04_20\/thumbnails\/thumb_19652_17408_d419519b291e4eb0310472829adbb64e.jpg\" alt=\"19652 17408_d419519b291e4eb0310472829adbb64e\" style=\"margin: 5px; float: left;\" height=\"230\" width=\"307\" \/><\/a><strong>\u0160iandien Ministras Pirmininkas Saulius Skvernelis lank\u0117si Rusn\u0117je, kur su \u0160ilut\u0117s rajono savivaldyb\u0117s ir vietos bendruomen\u0117s atstovais aptar\u0117 potvyni\u0173 u\u017eliejamo kelio \u012f Rusn\u0119 problem\u0105 ir galimus jos sprendimo b\u016bdus. Ap\u017ei\u016br\u0117j\u0119s potvyni\u0173 u\u017eliejamo kelio atkarp\u0105, premjeras pabr\u0117\u017e\u0117, kad visas kelio ruo\u0161as nuo \u0160ilut\u0117 iki Rusn\u0117 yra tragi\u0161kos b\u016bkl\u0117s.<\/strong><\/p>\n<p>\u201eVyriausyb\u0117 yra pasiry\u017eusi padaryti du dalykus: pirma, pastatyti estakad\u0105 2018 metais, antra, rekonstruoti vis\u0105 kelio ruo\u017e\u0105 nuo \u0160ilut\u0117s iki Rusn\u0117s\u201c, \u2013 susitikimo su Rusn\u0117s bendruomene metu teig\u0117 S. Skvernelis.<\/p>\n<p>Vyriausyb\u0117s vadovo teigimu, jeigu konkursas bus paskelbtas s\u0105\u017einingai, konkurencingai projekto \u012fgyvendinimui tur\u0117t\u0173 u\u017etekti 10 mln. eur\u0173.<\/p>\n<p>\u201eNors pinig\u0173 \u0161iais metais n\u0117ra, projektavimo darbai, konkursas bus skelbiamas, kad 2018-aisiais, kai tik pasibaigs potvynis, gal\u0117tume prad\u0117ti statybas. Jeigu nebus teismini\u0173 gin\u010d\u0173, kaip da\u017enai nutinka. Keli\u0173 direkcija beveik garantavo, kad 2018-aisiais projektas gali b\u016bti prad\u0117tas ir pabaigtas\u201c, \u2013 sak\u0117 Vyriausyb\u0117 vadovas.<\/p>\n<p>Anot Ministro Pirmininko, estakada b\u016bt\u0173 gra\u017ei dovana Rusn\u0117s bendruomenei minint Valstyb\u0117s atk\u016brimo \u0161imtmet\u012f.<\/p>\n<p>T\u0119sdamas savo vizit\u0105 \u0160ilut\u0117s rajone S. Skvernelis taip pat lankysis biokuro ir kuro durpi\u0173 gamybos ir tiekimo veikl\u0105 Lietuvoje vykdan\u010dioje UAB \u201eKlasmann-Deilmann Bioenergy\u201c, susitiks su \u0160ilut\u0117s \u017eem\u0117s \u016bkio mokyklos bendruomene, ap\u017ei\u016br\u0117s&nbsp; 2015 m. atidaryt\u0105 vienintel\u012f Baltijos \u0161alyse \u017duvininkyst\u0117s sektorinio praktinio mokymo centr\u0105.<\/p>\n<p>I\u0161va\u017eiuojamo vizito metu \u0161iandien Vyriausyb\u0117s vadovas susitiks ir su Taurag\u0117s rajono savivaldyb\u0117s atstovais, lankysis Taurag\u0117s industriniame parke.<\/p>\n","protected":false},"excerpt":{"rendered":"<p>\u0160iandien Ministras Pirmininkas Saulius Skvernelis lank\u0117si Rusn\u0117je, kur su \u0160ilut\u0117s rajono savivaldyb\u0117s ir vietos bendruomen\u0117s atstovais aptar\u0117 potvyni\u0173 u\u017eliejamo kelio \u012f Rusn\u0119 problem\u0105 ir galimus jos sprendimo b\u016bdus. Ap\u017ei\u016br\u0117j\u0119s potvyni\u0173 u\u017eliejamo kelio atkarp\u0105, premjeras pabr\u0117\u017e\u0117, kad visas kelio ruo\u0161as nuo \u0160ilut\u0117 iki Rusn\u0117 yra tragi\u0161kos b\u016bkl\u0117s. \u201eVyriausyb\u0117 yra pasiry\u017eusi padaryti du dalykus: pirma, pastatyti estakad\u0105 [&hellip;]<\/p>\n","protected":false},"author":1,"featured_media":0,"comment_status":"open","ping_status":"open","sticky":false,"template":"","format":"standard","meta":{"footnotes":""},"categories":[2],"tags":[],"class_list":{"0":"post-12324","1":"post","2":"type-post","3":"status-publish","4":"format-standard","6":"category-aktualijos"},"yoast_head":"<!-- This site is optimized with the Yoast SEO plugin v27.5 - https:\/\/yoast.com\/product\/yoast-seo-wordpress\/ -->\n<title>Premjeras: Vyriausyb\u0117 pasiry\u017eusi pastatyti estakad\u0105 Rusn\u0117je 2018 metais - \u0160ilut\u0117s naujienos<\/title>\n<meta name=\"robots\" content=\"index, follow, max-snippet:-1, max-image-preview:large, max-video-preview:-1\" \/>\n<link rel=\"canonical\" href=\"https:\/\/www.silutesnaujienos.lt\/lt\/premjeras-vyriausybe-pasiryzusi-pastatyti-estakada-rusneje-2018-metais\/\" \/>\n<meta property=\"og:locale\" content=\"lt_LT\" \/>\n<meta property=\"og:type\" content=\"article\" \/>\n<meta property=\"og:title\" content=\"Premjeras: Vyriausyb\u0117 pasiry\u017eusi pastatyti estakad\u0105 Rusn\u0117je 2018 metais - \u0160ilut\u0117s naujienos\" \/>\n<meta property=\"og:description\" content=\"\u0160iandien Ministras Pirmininkas Saulius Skvernelis lank\u0117si Rusn\u0117je, kur su \u0160ilut\u0117s rajono savivaldyb\u0117s ir vietos bendruomen\u0117s atstovais aptar\u0117 potvyni\u0173 u\u017eliejamo kelio \u012f Rusn\u0119 problem\u0105 ir galimus jos sprendimo b\u016bdus. Ap\u017ei\u016br\u0117j\u0119s potvyni\u0173 u\u017eliejamo kelio atkarp\u0105, premjeras pabr\u0117\u017e\u0117, kad visas kelio ruo\u0161as nuo \u0160ilut\u0117 iki Rusn\u0117 yra tragi\u0161kos b\u016bkl\u0117s. \u201eVyriausyb\u0117 yra pasiry\u017eusi padaryti du dalykus: pirma, pastatyti estakad\u0105 [&hellip;]\" \/>\n<meta property=\"og:url\" content=\"https:\/\/www.silutesnaujienos.lt\/lt\/premjeras-vyriausybe-pasiryzusi-pastatyti-estakada-rusneje-2018-metais\/\" \/>\n<meta property=\"og:site_name\" content=\"\u0160ilut\u0117s naujienos\" \/>\n<meta property=\"article:publisher\" content=\"https:\/\/www.facebook.com\/silutes.naujienos\/\" \/>\n<meta property=\"article:published_time\" content=\"2017-04-21T11:06:28+00:00\" \/>\n<meta property=\"og:image\" content=\"\/\/silutesnaujienos.lt\/images\/stories\/2017\/04\/04_20\/thumbnails\/thumb_19652_17408_d419519b291e4eb0310472829adbb64e.jpg\" \/>\n<meta name=\"author\" content=\"\u0160ilut\u0117s naujien\u0173 inf.\" \/>\n<meta name=\"twitter:card\" content=\"summary_large_image\" \/>\n<meta name=\"twitter:label1\" content=\"Written by\" \/>\n\t<meta name=\"twitter:data1\" content=\"\u0160ilut\u0117s naujien\u0173 inf.\" \/>\n\t<meta name=\"twitter:label2\" content=\"Est. reading time\" \/>\n\t<meta name=\"twitter:data2\" content=\"1 minut\u0117\" \/>\n<script type=\"application\/ld+json\" class=\"yoast-schema-graph\">{\"@context\":\"https:\\\/\\\/schema.org\",\"@graph\":[{\"@type\":\"Article\",\"@id\":\"https:\\\/\\\/www.silutesnaujienos.lt\\\/lt\\\/premjeras-vyriausybe-pasiryzusi-pastatyti-estakada-rusneje-2018-metais\\\/#article\",\"isPartOf\":{\"@id\":\"https:\\\/\\\/www.silutesnaujienos.lt\\\/lt\\\/premjeras-vyriausybe-pasiryzusi-pastatyti-estakada-rusneje-2018-metais\\\/\"},\"author\":{\"name\":\"\u0160ilut\u0117s naujien\u0173 inf.\",\"@id\":\"https:\\\/\\\/www.silutesnaujienos.lt\\\/lt\\\/#\\\/schema\\\/person\\\/232f475ddd4a7b5f49b3abc788b17e83\"},\"headline\":\"Premjeras: Vyriausyb\u0117 pasiry\u017eusi pastatyti estakad\u0105 Rusn\u0117je 2018 metais\",\"datePublished\":\"2017-04-21T11:06:28+00:00\",\"mainEntityOfPage\":{\"@id\":\"https:\\\/\\\/www.silutesnaujienos.lt\\\/lt\\\/premjeras-vyriausybe-pasiryzusi-pastatyti-estakada-rusneje-2018-metais\\\/\"},\"wordCount\":259,\"commentCount\":0,\"publisher\":{\"@id\":\"https:\\\/\\\/www.silutesnaujienos.lt\\\/lt\\\/#organization\"},\"articleSection\":[\"Aktualijos\"],\"inLanguage\":\"lt-LT\",\"potentialAction\":[{\"@type\":\"CommentAction\",\"name\":\"Comment\",\"target\":[\"https:\\\/\\\/www.silutesnaujienos.lt\\\/lt\\\/premjeras-vyriausybe-pasiryzusi-pastatyti-estakada-rusneje-2018-metais\\\/#respond\"]}]},{\"@type\":\"WebPage\",\"@id\":\"https:\\\/\\\/www.silutesnaujienos.lt\\\/lt\\\/premjeras-vyriausybe-pasiryzusi-pastatyti-estakada-rusneje-2018-metais\\\/\",\"url\":\"https:\\\/\\\/www.silutesnaujienos.lt\\\/lt\\\/premjeras-vyriausybe-pasiryzusi-pastatyti-estakada-rusneje-2018-metais\\\/\",\"name\":\"Premjeras: Vyriausyb\u0117 pasiry\u017eusi pastatyti estakad\u0105 Rusn\u0117je 2018 metais - \u0160ilut\u0117s naujienos\",\"isPartOf\":{\"@id\":\"https:\\\/\\\/www.silutesnaujienos.lt\\\/lt\\\/#website\"},\"datePublished\":\"2017-04-21T11:06:28+00:00\",\"breadcrumb\":{\"@id\":\"https:\\\/\\\/www.silutesnaujienos.lt\\\/lt\\\/premjeras-vyriausybe-pasiryzusi-pastatyti-estakada-rusneje-2018-metais\\\/#breadcrumb\"},\"inLanguage\":\"lt-LT\",\"potentialAction\":[{\"@type\":\"ReadAction\",\"target\":[\"https:\\\/\\\/www.silutesnaujienos.lt\\\/lt\\\/premjeras-vyriausybe-pasiryzusi-pastatyti-estakada-rusneje-2018-metais\\\/\"]}]},{\"@type\":\"BreadcrumbList\",\"@id\":\"https:\\\/\\\/www.silutesnaujienos.lt\\\/lt\\\/premjeras-vyriausybe-pasiryzusi-pastatyti-estakada-rusneje-2018-metais\\\/#breadcrumb\",\"itemListElement\":[{\"@type\":\"ListItem\",\"position\":1,\"name\":\"Home\",\"item\":\"https:\\\/\\\/www.silutesnaujienos.lt\\\/lt\\\/\"},{\"@type\":\"ListItem\",\"position\":2,\"name\":\"Premjeras: Vyriausyb\u0117 pasiry\u017eusi pastatyti estakad\u0105 Rusn\u0117je 2018 metais\"}]},{\"@type\":\"WebSite\",\"@id\":\"https:\\\/\\\/www.silutesnaujienos.lt\\\/lt\\\/#website\",\"url\":\"https:\\\/\\\/www.silutesnaujienos.lt\\\/lt\\\/\",\"name\":\"\u0160ilut\u0117s naujienos\",\"description\":\"B\u016bk ant naujien\u0173 bangos!\",\"publisher\":{\"@id\":\"https:\\\/\\\/www.silutesnaujienos.lt\\\/lt\\\/#organization\"},\"potentialAction\":[{\"@type\":\"SearchAction\",\"target\":{\"@type\":\"EntryPoint\",\"urlTemplate\":\"https:\\\/\\\/www.silutesnaujienos.lt\\\/lt\\\/?s={search_term_string}\"},\"query-input\":{\"@type\":\"PropertyValueSpecification\",\"valueRequired\":true,\"valueName\":\"search_term_string\"}}],\"inLanguage\":\"lt-LT\"},{\"@type\":\"Organization\",\"@id\":\"https:\\\/\\\/www.silutesnaujienos.lt\\\/lt\\\/#organization\",\"name\":\"\u0160ilut\u0117s naujienos\",\"url\":\"https:\\\/\\\/www.silutesnaujienos.lt\\\/lt\\\/\",\"logo\":{\"@type\":\"ImageObject\",\"inLanguage\":\"lt-LT\",\"@id\":\"https:\\\/\\\/www.silutesnaujienos.lt\\\/lt\\\/#\\\/schema\\\/logo\\\/image\\\/\",\"url\":\"https:\\\/\\\/www.silutesnaujienos.lt\\\/lt\\\/wp-content\\\/uploads\\\/2020\\\/06\\\/FB_MAIN.jpg\",\"contentUrl\":\"https:\\\/\\\/www.silutesnaujienos.lt\\\/lt\\\/wp-content\\\/uploads\\\/2020\\\/06\\\/FB_MAIN.jpg\",\"width\":1700,\"height\":956,\"caption\":\"\u0160ilut\u0117s naujienos\"},\"image\":{\"@id\":\"https:\\\/\\\/www.silutesnaujienos.lt\\\/lt\\\/#\\\/schema\\\/logo\\\/image\\\/\"},\"sameAs\":[\"https:\\\/\\\/www.facebook.com\\\/silutes.naujienos\\\/\",\"https:\\\/\\\/www.youtube.com\\\/channel\\\/UCxW-cgrJDt8GxIMxSTAfJZg\"]},{\"@type\":\"Person\",\"@id\":\"https:\\\/\\\/www.silutesnaujienos.lt\\\/lt\\\/#\\\/schema\\\/person\\\/232f475ddd4a7b5f49b3abc788b17e83\",\"name\":\"\u0160ilut\u0117s naujien\u0173 inf.\",\"image\":{\"@type\":\"ImageObject\",\"inLanguage\":\"lt-LT\",\"@id\":\"https:\\\/\\\/www.silutesnaujienos.lt\\\/lt\\\/wp-content\\\/uploads\\\/2020\\\/06\\\/favicon.png\",\"url\":\"https:\\\/\\\/www.silutesnaujienos.lt\\\/lt\\\/wp-content\\\/uploads\\\/2020\\\/06\\\/favicon.png\",\"contentUrl\":\"https:\\\/\\\/www.silutesnaujienos.lt\\\/lt\\\/wp-content\\\/uploads\\\/2020\\\/06\\\/favicon.png\",\"caption\":\"\u0160ilut\u0117s naujien\u0173 inf.\"},\"sameAs\":[\"https:\\\/\\\/www.silutesnaujienos.lt\\\/lt\"],\"url\":\"https:\\\/\\\/www.silutesnaujienos.lt\\\/lt\\\/author\\\/ruta\\\/\"}]}<\/script>\n<!-- \/ Yoast SEO plugin. -->","yoast_head_json":{"title":"Premjeras: Vyriausyb\u0117 pasiry\u017eusi pastatyti estakad\u0105 Rusn\u0117je 2018 metais - \u0160ilut\u0117s naujienos","robots":{"index":"index","follow":"follow","max-snippet":"max-snippet:-1","max-image-preview":"max-image-preview:large","max-video-preview":"max-video-preview:-1"},"canonical":"https:\/\/www.silutesnaujienos.lt\/lt\/premjeras-vyriausybe-pasiryzusi-pastatyti-estakada-rusneje-2018-metais\/","og_locale":"lt_LT","og_type":"article","og_title":"Premjeras: Vyriausyb\u0117 pasiry\u017eusi pastatyti estakad\u0105 Rusn\u0117je 2018 metais - \u0160ilut\u0117s naujienos","og_description":"\u0160iandien Ministras Pirmininkas Saulius Skvernelis lank\u0117si Rusn\u0117je, kur su \u0160ilut\u0117s rajono savivaldyb\u0117s ir vietos bendruomen\u0117s atstovais aptar\u0117 potvyni\u0173 u\u017eliejamo kelio \u012f Rusn\u0119 problem\u0105 ir galimus jos sprendimo b\u016bdus. Ap\u017ei\u016br\u0117j\u0119s potvyni\u0173 u\u017eliejamo kelio atkarp\u0105, premjeras pabr\u0117\u017e\u0117, kad visas kelio ruo\u0161as nuo \u0160ilut\u0117 iki Rusn\u0117 yra tragi\u0161kos b\u016bkl\u0117s. \u201eVyriausyb\u0117 yra pasiry\u017eusi padaryti du dalykus: pirma, pastatyti estakad\u0105 [&hellip;]","og_url":"https:\/\/www.silutesnaujienos.lt\/lt\/premjeras-vyriausybe-pasiryzusi-pastatyti-estakada-rusneje-2018-metais\/","og_site_name":"\u0160ilut\u0117s naujienos","article_publisher":"https:\/\/www.facebook.com\/silutes.naujienos\/","article_published_time":"2017-04-21T11:06:28+00:00","og_image":[{"url":"\/\/silutesnaujienos.lt\/images\/stories\/2017\/04\/04_20\/thumbnails\/thumb_19652_17408_d419519b291e4eb0310472829adbb64e.jpg","type":"","width":"","height":""}],"author":"\u0160ilut\u0117s naujien\u0173 inf.","twitter_card":"summary_large_image","twitter_misc":{"Written by":"\u0160ilut\u0117s naujien\u0173 inf.","Est. reading time":"1 minut\u0117"},"schema":{"@context":"https:\/\/schema.org","@graph":[{"@type":"Article","@id":"https:\/\/www.silutesnaujienos.lt\/lt\/premjeras-vyriausybe-pasiryzusi-pastatyti-estakada-rusneje-2018-metais\/#article","isPartOf":{"@id":"https:\/\/www.silutesnaujienos.lt\/lt\/premjeras-vyriausybe-pasiryzusi-pastatyti-estakada-rusneje-2018-metais\/"},"author":{"name":"\u0160ilut\u0117s naujien\u0173 inf.","@id":"https:\/\/www.silutesnaujienos.lt\/lt\/#\/schema\/person\/232f475ddd4a7b5f49b3abc788b17e83"},"headline":"Premjeras: Vyriausyb\u0117 pasiry\u017eusi pastatyti estakad\u0105 Rusn\u0117je 2018 metais","datePublished":"2017-04-21T11:06:28+00:00","mainEntityOfPage":{"@id":"https:\/\/www.silutesnaujienos.lt\/lt\/premjeras-vyriausybe-pasiryzusi-pastatyti-estakada-rusneje-2018-metais\/"},"wordCount":259,"commentCount":0,"publisher":{"@id":"https:\/\/www.silutesnaujienos.lt\/lt\/#organization"},"articleSection":["Aktualijos"],"inLanguage":"lt-LT","potentialAction":[{"@type":"CommentAction","name":"Comment","target":["https:\/\/www.silutesnaujienos.lt\/lt\/premjeras-vyriausybe-pasiryzusi-pastatyti-estakada-rusneje-2018-metais\/#respond"]}]},{"@type":"WebPage","@id":"https:\/\/www.silutesnaujienos.lt\/lt\/premjeras-vyriausybe-pasiryzusi-pastatyti-estakada-rusneje-2018-metais\/","url":"https:\/\/www.silutesnaujienos.lt\/lt\/premjeras-vyriausybe-pasiryzusi-pastatyti-estakada-rusneje-2018-metais\/","name":"Premjeras: Vyriausyb\u0117 pasiry\u017eusi pastatyti estakad\u0105 Rusn\u0117je 2018 metais - \u0160ilut\u0117s naujienos","isPartOf":{"@id":"https:\/\/www.silutesnaujienos.lt\/lt\/#website"},"datePublished":"2017-04-21T11:06:28+00:00","breadcrumb":{"@id":"https:\/\/www.silutesnaujienos.lt\/lt\/premjeras-vyriausybe-pasiryzusi-pastatyti-estakada-rusneje-2018-metais\/#breadcrumb"},"inLanguage":"lt-LT","potentialAction":[{"@type":"ReadAction","target":["https:\/\/www.silutesnaujienos.lt\/lt\/premjeras-vyriausybe-pasiryzusi-pastatyti-estakada-rusneje-2018-metais\/"]}]},{"@type":"BreadcrumbList","@id":"https:\/\/www.silutesnaujienos.lt\/lt\/premjeras-vyriausybe-pasiryzusi-pastatyti-estakada-rusneje-2018-metais\/#breadcrumb","itemListElement":[{"@type":"ListItem","position":1,"name":"Home","item":"https:\/\/www.silutesnaujienos.lt\/lt\/"},{"@type":"ListItem","position":2,"name":"Premjeras: Vyriausyb\u0117 pasiry\u017eusi pastatyti estakad\u0105 Rusn\u0117je 2018 metais"}]},{"@type":"WebSite","@id":"https:\/\/www.silutesnaujienos.lt\/lt\/#website","url":"https:\/\/www.silutesnaujienos.lt\/lt\/","name":"\u0160ilut\u0117s naujienos","description":"B\u016bk ant naujien\u0173 bangos!","publisher":{"@id":"https:\/\/www.silutesnaujienos.lt\/lt\/#organization"},"potentialAction":[{"@type":"SearchAction","target":{"@type":"EntryPoint","urlTemplate":"https:\/\/www.silutesnaujienos.lt\/lt\/?s={search_term_string}"},"query-input":{"@type":"PropertyValueSpecification","valueRequired":true,"valueName":"search_term_string"}}],"inLanguage":"lt-LT"},{"@type":"Organization","@id":"https:\/\/www.silutesnaujienos.lt\/lt\/#organization","name":"\u0160ilut\u0117s naujienos","url":"https:\/\/www.silutesnaujienos.lt\/lt\/","logo":{"@type":"ImageObject","inLanguage":"lt-LT","@id":"https:\/\/www.silutesnaujienos.lt\/lt\/#\/schema\/logo\/image\/","url":"https:\/\/www.silutesnaujienos.lt\/lt\/wp-content\/uploads\/2020\/06\/FB_MAIN.jpg","contentUrl":"https:\/\/www.silutesnaujienos.lt\/lt\/wp-content\/uploads\/2020\/06\/FB_MAIN.jpg","width":1700,"height":956,"caption":"\u0160ilut\u0117s naujienos"},"image":{"@id":"https:\/\/www.silutesnaujienos.lt\/lt\/#\/schema\/logo\/image\/"},"sameAs":["https:\/\/www.facebook.com\/silutes.naujienos\/","https:\/\/www.youtube.com\/channel\/UCxW-cgrJDt8GxIMxSTAfJZg"]},{"@type":"Person","@id":"https:\/\/www.silutesnaujienos.lt\/lt\/#\/schema\/person\/232f475ddd4a7b5f49b3abc788b17e83","name":"\u0160ilut\u0117s naujien\u0173 inf.","image":{"@type":"ImageObject","inLanguage":"lt-LT","@id":"https:\/\/www.silutesnaujienos.lt\/lt\/wp-content\/uploads\/2020\/06\/favicon.png","url":"https:\/\/www.silutesnaujienos.lt\/lt\/wp-content\/uploads\/2020\/06\/favicon.png","contentUrl":"https:\/\/www.silutesnaujienos.lt\/lt\/wp-content\/uploads\/2020\/06\/favicon.png","caption":"\u0160ilut\u0117s naujien\u0173 inf."},"sameAs":["https:\/\/www.silutesnaujienos.lt\/lt"],"url":"https:\/\/www.silutesnaujienos.lt\/lt\/author\/ruta\/"}]}},"publishpress_future_workflow_manual_trigger":{"enabledWorkflows":[]},"amp_enabled":true,"_links":{"self":[{"href":"https:\/\/www.silutesnaujienos.lt\/lt\/wp-json\/wp\/v2\/posts\/12324","targetHints":{"allow":["GET"]}}],"collection":[{"href":"https:\/\/www.silutesnaujienos.lt\/lt\/wp-json\/wp\/v2\/posts"}],"about":[{"href":"https:\/\/www.silutesnaujienos.lt\/lt\/wp-json\/wp\/v2\/types\/post"}],"author":[{"embeddable":true,"href":"https:\/\/www.silutesnaujienos.lt\/lt\/wp-json\/wp\/v2\/users\/1"}],"replies":[{"embeddable":true,"href":"https:\/\/www.silutesnaujienos.lt\/lt\/wp-json\/wp\/v2\/comments?post=12324"}],"version-history":[{"count":0,"href":"https:\/\/www.silutesnaujienos.lt\/lt\/wp-json\/wp\/v2\/posts\/12324\/revisions"}],"wp:attachment":[{"href":"https:\/\/www.silutesnaujienos.lt\/lt\/wp-json\/wp\/v2\/media?parent=12324"}],"wp:term":[{"taxonomy":"category","embeddable":true,"href":"https:\/\/www.silutesnaujienos.lt\/lt\/wp-json\/wp\/v2\/categories?post=12324"},{"taxonomy":"post_tag","embeddable":true,"href":"https:\/\/www.silutesnaujienos.lt\/lt\/wp-json\/wp\/v2\/tags?post=12324"}],"curies":[{"name":"wp","href":"https:\/\/api.w.org\/{rel}","templated":true}]}}