{"id":12390,"date":"2017-06-10T09:00:00","date_gmt":"2017-06-10T11:00:00","guid":{"rendered":"https:\/\/www.silutesnaujienos.lt\/lt\/silutes-ligonine-izenge-i-126-uosius-istorija-ir-siandiena-apdovanojimai-padekos-ir-praktine-konferencija\/"},"modified":"2017-06-10T09:00:00","modified_gmt":"2017-06-10T11:00:00","slug":"silutes-ligonine-izenge-i-126-uosius-istorija-ir-siandiena-apdovanojimai-padekos-ir-praktine-konferencija","status":"publish","type":"post","link":"https:\/\/www.silutesnaujienos.lt\/lt\/silutes-ligonine-izenge-i-126-uosius-istorija-ir-siandiena-apdovanojimai-padekos-ir-praktine-konferencija\/","title":{"rendered":"\u0160ilut\u0117s ligonin\u0117 \u012f\u017eeng\u0117 \u012f 126-uosius: istorija ir \u0161iandiena, apdovanojimai, pad\u0117kos ir praktin\u0117 konferencija"},"content":{"rendered":"<p><a href=\"\/\/silutesnaujienos.lt\/images\/stories\/2017\/06\/06\/125_ligonine_apdovanoti.jpg\" class=\"jcepopup\" rel=\"caption[Gausiam b\u016briui \u0160ilut\u0117s ligonin\u0117s medik\u0173 u\u017e nuo\u0161ird\u0173 ilgamet\u012f darb\u0105 \u012fteikti Sveikatos apsaugos ministerijos pad\u0117kos ra\u0161tai.] noopener noreferrer\" target=\"_blank\" data-rel=\"lightbox-gallery-T3TDOVEl\" data-rl_title=\"\" data-rl_caption=\"\"><img loading=\"lazy\" decoding=\"async\" src=\"\/\/silutesnaujienos.lt\/images\/stories\/2017\/06\/06\/thumbnails\/thumb_125_ligonine_apdovanoti.jpg\" alt=\"125 ligonine_apdovanoti\" title=\"\" class=\"caption\" style=\"margin: 5px; float: left;\" height=\"230\" width=\"307\" \/><\/a><strong>Intensyvi ir spalvinga diena gausiam \u0160ilut\u0117s ligonin\u0117s medik\u0173 kolektyvui buvo bir\u017eelio 2-oji &#8211; t\u0105dien viena seniausi\u0173 Lietuvoje ligonin\u0117, be kurios n\u0117 vienas \u0161iluti\u0161kis ne\u012fsivaizduoja savojo miesto, \u0161vent\u0117 125-eri\u0173 met\u0173 sukakt\u012f.<br \/><\/strong><br \/><strong>Du karus pergyvenusios ir begal\u0119 poky\u010di\u0173 i\u0161kentusios svarbiausios m\u016bs\u0173 regiono gydymo \u012fstaigos istorija, besit\u0119sianti per tris \u0161imtme\u010dius, be galo turtinga, o pati ligonin\u0117 &#8211; gerai \u017einoma \u0161alyje. Tad nenuostabu, kad \u0160ilut\u0117s medikai jubiliejaus dien\u0105 sulauk\u0117 did\u017eiulio b\u016brio sve\u010di\u0173.&nbsp;&nbsp; <br \/>&nbsp;<\/strong><br \/><strong>Sveikatos apsaugos ministerijos ir Seimo atstovus, kolegas i\u0161 daugelio kit\u0173 \u0161alies gydymo \u012fstaig\u0173 pasitik\u0119 \u0160ilut\u0117s medikai t\u0105dien ne tik dovanas ir link\u0117jimus priimin\u0117jo: jie sugeb\u0117jo suderinti \u0161vent\u0119 su profesine nauda &#8211; sureng\u0117 praktin\u0119 medik\u0173 konferencij\u0105, be to, pad\u0117kojo geriausiems savo kolektyvo nariams.<\/strong><strong><br \/><\/strong><br \/><strong>U\u017e \u0161iluti\u0161kius pad\u0117kojo M.Budraitis<br \/><\/strong><br \/>Renginio ved\u0117jas Marijus Budraitis gydytojo profesij\u0105 pavadino viena i\u0161 toki\u0173, ant kuri\u0173 laikosi \u201esvietas\u201c. I\u0161ties, pas medikus \u017emon\u0117s skuba tada, kai \u0161ird\u012f sukausto nerimas, o k\u016bn\u0105 &#8211; fizin\u0117 negalia. M.Budraitis buvo pirmasis, vis\u0173 \u0161iluti\u0161ki\u0173 vardu \u0160ilut\u0117s medikams i\u0161tar\u0119s \u201ea\u010di\u016b\u201c u\u017e profesionalum\u0105, u\u017e atsidavim\u0105 savo profesijai, u\u017e ligoniui tariam\u0105 paguodos \u017eod\u012f.<a href=\"\/\/silutesnaujienos.lt\/images\/stories\/2017\/06\/06\/125_ligonine_Balcenas.jpg\" class=\"jcepopup\" rel=\"caption[Gydytojui L.Bal\u010d\u0117nui \u0161vent\u0117s metu suteiktas Nusipelniusio gydytojo vardas ir \u012fteiktas tai liudijantis \u017eenklas.] noopener noreferrer\" target=\"_blank\" data-rel=\"lightbox-gallery-T3TDOVEl\" data-rl_title=\"\" data-rl_caption=\"\"><img loading=\"lazy\" decoding=\"async\" src=\"\/\/silutesnaujienos.lt\/images\/stories\/2017\/06\/06\/thumbnails\/thumb_125_ligonine_Balcenas.jpg\" alt=\"125 ligonine_Balcenas\" title=\"\" class=\"caption\" style=\"margin: 5px; float: right;\" height=\"230\" width=\"307\" \/><\/a><\/p>\n<p>\u0160ilut\u0117s kabelinei televizijai ka\u017ekokiu b\u016bdu pavyko 125 ligonin\u0117s gyvenimo metus sutalpinti \u012f 7 minu\u010di\u0173 filmuot\u0105 apybrai\u017e\u0105. Tad susirinkusieji i\u0161 visos Lietuvos su\u017einojo, jog \u0161iandienin\u0117s regiono ligonin\u0117s i\u0161takos buvo 1891-ieji, kuomet \u0160ilokar\u010demos apskrities taryba nutar\u0117 statyti ligonin\u0119. U\u017e 57 000 marki\u0173 pastatytoje gydymo \u012fstaigoje tada buvo vos 8 palatos, 30 lov\u0173 ir operacin\u0117s kambarys.<\/p>\n<p>\u017dem\u0119 ligoninei, kaip ir daugeliui kit\u0173 iki \u0161iandien stovin\u010di\u0173 m\u016bs\u0173 miesto pastat\u0173, dovanojo dvarininkas Hugo \u0160ojus. Pagrindinis korpusas ir \u016bkinis pastatas i\u0161kilmingai atidaryti 1893 m. rugs\u0117jo 1-\u0105j\u0105. <\/p>\n<p>V\u0117liau prie ligonin\u0117s buvo pastatytas medinis barakas, o jame \u012frengtas u\u017ekre\u010diam\u0173j\u0173 lig\u0173 skyrius, 1923-aisiais &#8211; \u012fvestas ap\u0161vietimas. \u0160iandien gal daugeliui bus ne\u012ftik\u0117tini tokie faktai, jog&nbsp; vyr\u0173 ir moter\u0173 skyriai tuomet buvo skirtinguose auk\u0161tuose, ligonin\u0117s virtuv\u0117je stov\u0117jo 100 litr\u0173 katilas sriubai virti, o gydymui naudot\u0105 purv\u0105 atgabendavo i\u0161 auk\u0161tapelk\u0117s.<\/p>\n<p><a href=\"\/\/silutesnaujienos.lt\/images\/stories\/2017\/06\/06\/125_ligonine_Steponkus.jpg\" class=\"jcepopup\" rel=\"caption[Seimo nar\u0117 L.Matkevi\u010dien\u0117 vyr. gydytoj\u0105 D.Steponk\u0173 pavadino \u201e\u0160ilut\u0117s ligonin\u0117s pastar\u0173j\u0173 met\u0173 s\u0117km\u0117s istorijos autoriumi\u201c.] noopener noreferrer\" target=\"_blank\" data-rel=\"lightbox-gallery-T3TDOVEl\" data-rl_title=\"\" data-rl_caption=\"\"><img loading=\"lazy\" decoding=\"async\" src=\"\/\/silutesnaujienos.lt\/images\/stories\/2017\/06\/06\/thumbnails\/thumb_125_ligonine_Steponkus.jpg\" alt=\"125 ligonine_Steponkus\" title=\"\" class=\"caption\" style=\"margin: 5px; float: left;\" height=\"230\" width=\"307\" \/><\/a>Tuo laiku ligoninei vadovavo H.\u0160ojaus s\u016bnus Erikas \u0160ojus. Nuo 1926-\u0173j\u0173 j\u012f keit\u0117 kiti gydytojai. \u0160ilut\u0117s ligonin\u0117 tuomet jau gars\u0117jo modernumu, mat tur\u0117jo rentgeno aparat\u0105, kvarco lempas, elektrines vonias. Tod\u0117l gydytis \u010dia va\u017eiavo pacientai i\u0161 viso Klaip\u0117dos kra\u0161to ir Karaliau\u010diaus. <\/p>\n<p>At\u0117jus II pasaulinio karo frontui, medicinos personalas pasitrauk\u0117, bet ligonin\u0117s pastatai nenukent\u0117jo.<\/p>\n<p><strong>\u012estaiga modern\u0117ja, pacient\u0173 daug\u0117ja<\/strong><\/p>\n<p>Tarybiniais metais kra\u0161te gaus\u0117jant gyventoj\u0173 daug\u0117jo ir ligoni\u0173, o gimstamumas i\u0161augo taip, kad gimdyves tekdavo guldyti koridoriuose. Tad ligonin\u0117 prad\u0117ta spar\u010diai pl\u0117sti: 1968 m. pastatytas Infekcini\u0173 lig\u0173 skyrius, 1977-aisiais &#8211; naujasis kompleksas, kuriame \u012fkurtas gimdymo skyrius ir rajonin\u0117 poliklinika.<\/p>\n<p>\u0160iandien \u0160ilut\u0117s ligonin\u0117 &#8211; taip pat moderni gydymo \u012fstaiga, kurioje per metus atliekama daugiau nei 1400 hemodializi\u0173, sveikat\u0105 atgauna apie 1500 vaik\u0173 ir atliekama daugiau nei 36 000 radiologini\u0173 konsultacij\u0173.<\/p>\n<p>Daugiau nei 10-met\u012f \u010dia atliekamos laparoskopin\u0117s operacijos, o per 4 paskutiniuosius metus 7 procentais padaug\u0117jo apsilankym\u0173 ir&nbsp;konsultacij\u0173 skai\u010dius Konsultacin\u0117je poliklinikoje. Spar\u010diai daug\u0117ja kompiuterin\u0117s tomografijos tyrim\u0173, fizioterapijos ir proced\u016br\u0173, ergoterapijos ir kit\u0173 paslaug\u0173.<\/p>\n<p>\u0160ie skai\u010diai geriausiai byloja, jog rajono gyventojai pasitiki savo gydymo \u012fstaiga.<a href=\"\/\/silutesnaujienos.lt\/images\/stories\/2017\/06\/06\/125_ligoninei_priemimo_skyrius.jpg\" class=\"jcepopup\" rel=\"caption[Ligonin\u0117s Pri\u0117mimo - skubios pagalbos skyriaus kolektyvas.] noopener noreferrer\" target=\"_blank\" data-rel=\"lightbox-gallery-T3TDOVEl\" data-rl_title=\"\" data-rl_caption=\"\"><img loading=\"lazy\" decoding=\"async\" src=\"\/\/silutesnaujienos.lt\/images\/stories\/2017\/06\/06\/thumbnails\/thumb_125_ligoninei_priemimo_skyrius.jpg\" alt=\"125 ligoninei_priemimo_skyrius\" title=\"\" class=\"caption\" style=\"margin: 5px; float: right;\" height=\"230\" width=\"307\" \/><\/a><\/p>\n<p>2011-aisiais ligonin\u0117, dalyvaudama paciento saugos kult\u016bros tyrime, tarp Lietuvos stacionari\u0173 gydymo \u012fstaig\u0173 \u012fvertinta kaip viena geresni\u0173.&nbsp; <\/p>\n<p><strong>Istorija \u017eengia per tris \u0161imtme\u010dius<\/strong><\/p>\n<p>M\u016bs\u0173 ligonin\u0117s keli\u0105 \u012f \u0161iandien\u0105 skyn\u0117 daug vadov\u0173, o nuo 2005-\u0173j\u0173 \u012fstaigai vadovauja Darius Steponkus. Vadovas pasteb\u0117jo, kad labai simboli\u0161ka, jog tok\u012f solid\u0173 jubiliej\u0173 \u012fstaiga \u0161ven\u010dia H.\u0160ojaus dvare &#8211;&nbsp; \u017emogaus, kuris pastat\u0117 ir suk\u016br\u0117 ligonin\u0119.<\/p>\n<p>Bi\u010diuliais visus kolegas ir suva\u017eiavusius sve\u010dius pavadin\u0119s vyriausiasis gydytojas pats sulauk\u0117 originalaus apib\u016bdinimo. Seimo nar\u0117 Laimut\u0117 Matkevi\u010dien\u0117 j\u012f pavadino pastar\u0173j\u0173 met\u0173 ligonin\u0117s s\u0117km\u0117s istorijos autoriumi ir&#8230; pakviet\u0117 j\u012f ateiti \u012f Seim\u0105 &#8211; kurti dar vienos s\u0117km\u0117s istorijos.<\/p>\n<p>Sveikatos apsaugos ministro Aurelijaus Verygos sveikinim\u0105 perdavusi ministerijos atstov\u0117 Justina Janu\u0161evi\u010dien\u0117 sak\u0117, jog m\u016bs\u0173 ligonin\u0117 yra vadinama garsiausia Pamario kra\u0161to gydymo \u012fstaiga, o jos kolektyvas &#8211; lyg tiltas, vedantis sergant\u012f \u017emog\u0173 i\u0161 nerimo \u012f ramyb\u0119, i\u0161 skausmo &#8211; \u012f pasveikim\u0105.<\/p>\n<p>Savivaldyb\u0117s meras Vytautas Laurinaitis pasteb\u0117jo, kad rajone n\u0117ra antros tokios \u012fstaigos, kurios istorija \u017eengt\u0173 per tris \u0161imtme\u010dius. Pasak mero, norint i\u0161likti tokiame ilgame kelyje reikia daug pastang\u0173, tad ir m\u016bs\u0173 ligonin\u0117 i\u0161likti gal\u0117jo tik tod\u0117l, kad jos kolektyvas buvo imlus naujov\u0117ms ir s\u0105\u017einingai vykd\u0117 Hipokrato priesaik\u0105.<\/p>\n<p>\u201eJ\u016bs atlaik\u0117te daug sm\u016bgi\u0173 &#8211; ma\u017einimus, reorganizacij\u0105, tad turime vilt\u012f, kad visus netik\u0117tumus atlaikysite ir ateityje, ir m\u016bs\u0173 regiono ligonin\u0117 i\u0161liks\u201c, &#8211; sak\u0117 V.Laurinaitis.<\/p>\n<p>O kad medikai neb\u016bt\u0173 kaip tas batsiuvys &#8211; \u201ebe bat\u0173\u201c, jis kolektyvui palink\u0117jo sveikatos ir padovanojo laikrod\u012f &#8211; kad jie neu\u017emir\u0161t\u0173, jog ir namo po darbo reikia i\u0161eiti&#8230;<\/p>\n<p><strong><a href=\"\/\/silutesnaujienos.lt\/images\/stories\/2017\/06\/06\/125_ligonine_visi_chirurgai.jpg\" class=\"jcepopup\" rel=\"caption[\u0160ilut\u0117s ligonin\u0117s 125-me\u010dio \u0161vent\u0117je - \u012fstaigos chirurgai.] noopener noreferrer\" target=\"_blank\" data-rel=\"lightbox-gallery-T3TDOVEl\" data-rl_title=\"\" data-rl_caption=\"\"><img loading=\"lazy\" decoding=\"async\" src=\"\/\/silutesnaujienos.lt\/images\/stories\/2017\/06\/06\/thumbnails\/thumb_125_ligonine_visi_chirurgai.jpg\" alt=\"125 ligonine_visi_chirurgai\" title=\"\" class=\"caption\" style=\"margin: 5px; float: left;\" height=\"230\" width=\"307\" \/><\/a>I\u0161klaus\u0117 daug prane\u0161im\u0173<\/strong> <\/p>\n<p>Iki pavakar\u0117s trukusioje konferencijoje prane\u0161imus \u012fvairiomis sveikatos prie\u017ei\u016bros ir gydymo temomis skait\u0117 visas b\u016brys garsi\u0173 \u0161alies medik\u0173.<\/p>\n<p>Lietuvos gydytoj\u0173 finansavimo ir darbo aktualijas aptar\u0117 Lietuvos gydytoj\u0173 s\u0105jungos prezidentas, profesorius Liutauras Labanauskas, apie&nbsp; sveikatos prie\u017ei\u016bros paslaug\u0173 kokyb\u0119 kalb\u0117jo Nacionalin\u0117s sveikatos prie\u017ei\u016bros \u012fstaig\u0173 asociacijos prezidentas Vinsas Janu\u0161onis, l\u0117tinio inkst\u0173 nepakankamumo gydym\u0105 nagrin\u0117jo lektor\u0117s i\u0161 LSMU Kauno klinik\u0173 Edita \u017diginskien\u0117 ir Alanta \u017dilinskien\u0117.<\/p>\n<p>\u0160ilut\u0117s ligonin\u0117s veikl\u0105 visoje sveikatos prie\u017ei\u016broje ap\u017evelg\u0117 Sveikatos mokymo ir lig\u0173 prevencijos centro direktorius Romualdas Sabaliauskas. Nagrin\u0117tos ir \u0161iuolaikin\u0117s chirurgijos, endoprotezavimo bei laparoskopin\u0117s chirurgijos aktualijos.<\/p>\n<p>O \u0160ilut\u0117s ligonin\u0117s Vaik\u0173 lig\u0173 skyriaus ved\u0117ja Vaidilut\u0117 Intien\u0117 kolegoms skait\u0117 prane\u0161im\u0105, pavadint\u0105 \u201eMieliausias ligonin\u0117s skyrius\u201c.<\/p>\n<p>Pavakary sve\u010diai pakviesti \u012f greta esant\u012f H.\u0160ojaus muziej\u0173, kur j\u0173 lauk\u0117 kar\u0161ta \u017euvien\u0117, \u0161iupinys ir kafija.<\/p>\n<p><strong>Pad\u0117kota dirbantiems nepriekai\u0161tingai<\/strong><\/p>\n<p>Vakarin\u0117je renginio dalyje u\u017e atsidavim\u0105 savo profesijai ir pacient\u0173 gerovei, profesionalum\u0105 ir nepriekai\u0161ting\u0105 darb\u0105 pagerbti \u0160ilut\u0117s ligonin\u0117je dirbantys medikai &#8211; net kelios de\u0161imtys gydytoj\u0173 ir slaugytoj\u0173.<\/p>\n<p>Auk\u0161tas Sveikatos apsaugos ministerijos \u012fvertinimas &#8211; Nusipelniusio gydytojo vardas suteiktas dermatovenerologui Leonui Bal\u010d\u0117nui. Ministerijos pad\u0117kos ra\u0161tai taip pat \u012fteikti Vidaus lig\u0173 skyriaus gydytojai Nijolei Ramanauskienei ir \u0161io skyriaus vyriausiajai slaugytojai Danutei \u0160imkienei, gydytojui anesteziologui &#8211; reanimatologui Donatui Vekteriui, Reanimacijos skyriaus ved\u0117jai Audronei Pik\u017eirnienei, operacin\u0117s vyresniajai slaugytojai Zelmai Lak\u0161tinienei, kineziterapeutei Izoldai Jurjonienei.<\/p>\n<p>Dar trys de\u0161imtys \u012fstaigos darbuotoj\u0173 peln\u0117 \u0160ilut\u0117s ligonin\u0117s vyriausiojo gydytojo D.Steponkaus pad\u0117kas.<br \/>O \u0161e\u0161tadien\u012f \u0161eimininkai savo sve\u010diams dovanojo kult\u016brin\u0119 &#8211; edukacin\u0119 i\u0161vyk\u0105 po Pamario kra\u0161t\u0105, kad prisiminim\u0173 apie m\u016bs\u0173 ligonin\u0117s jubiliej\u0173 namo jie parsive\u017et\u0173 dar daugiau. Sve\u010diai laivu plauk\u0117 \u012f Kur\u0161i\u0173 marias, i\u0161 laivo denio pamat\u0117 Rusn\u0119 ir Ming\u0117s kaim\u0105.<\/p>\n<p><span style=\"color: #008000;\"><strong><a href=\"https:\/\/www.facebook.com\/pg\/silutes.naujienos\/photos\/?tab=album&amp;album_id=1699248226770958\"><span style=\"color: #008000;\">Daugiau nuotrauk\u0173 \u201eFacebook\u201c albume.<\/span><\/a><\/strong><\/span><\/p>\n","protected":false},"excerpt":{"rendered":"<p>Intensyvi ir spalvinga diena gausiam \u0160ilut\u0117s ligonin\u0117s medik\u0173 kolektyvui buvo bir\u017eelio 2-oji &#8211; t\u0105dien viena seniausi\u0173 Lietuvoje ligonin\u0117, be kurios n\u0117 vienas \u0161iluti\u0161kis ne\u012fsivaizduoja savojo miesto, \u0161vent\u0117 125-eri\u0173 met\u0173 sukakt\u012f.Du karus pergyvenusios ir begal\u0119 poky\u010di\u0173 i\u0161kentusios svarbiausios m\u016bs\u0173 regiono gydymo \u012fstaigos istorija, besit\u0119sianti per tris \u0161imtme\u010dius, be galo turtinga, o pati ligonin\u0117 &#8211; gerai \u017einoma [&hellip;]<\/p>\n","protected":false},"author":1,"featured_media":0,"comment_status":"open","ping_status":"open","sticky":false,"template":"","format":"standard","meta":{"footnotes":""},"categories":[2],"tags":[],"class_list":{"0":"post-12390","1":"post","2":"type-post","3":"status-publish","4":"format-standard","6":"category-aktualijos"},"yoast_head":"<!-- This site is optimized with the Yoast SEO plugin v27.5 - https:\/\/yoast.com\/product\/yoast-seo-wordpress\/ -->\n<title>\u0160ilut\u0117s ligonin\u0117 \u012f\u017eeng\u0117 \u012f 126-uosius: istorija ir \u0161iandiena, apdovanojimai, pad\u0117kos ir praktin\u0117 konferencija - \u0160ilut\u0117s naujienos<\/title>\n<meta name=\"robots\" content=\"index, follow, max-snippet:-1, max-image-preview:large, max-video-preview:-1\" \/>\n<link rel=\"canonical\" href=\"https:\/\/www.silutesnaujienos.lt\/lt\/silutes-ligonine-izenge-i-126-uosius-istorija-ir-siandiena-apdovanojimai-padekos-ir-praktine-konferencija\/\" \/>\n<meta property=\"og:locale\" content=\"lt_LT\" \/>\n<meta property=\"og:type\" content=\"article\" \/>\n<meta property=\"og:title\" content=\"\u0160ilut\u0117s ligonin\u0117 \u012f\u017eeng\u0117 \u012f 126-uosius: istorija ir \u0161iandiena, apdovanojimai, pad\u0117kos ir praktin\u0117 konferencija - \u0160ilut\u0117s naujienos\" \/>\n<meta property=\"og:description\" content=\"Intensyvi ir spalvinga diena gausiam \u0160ilut\u0117s ligonin\u0117s medik\u0173 kolektyvui buvo bir\u017eelio 2-oji &#8211; t\u0105dien viena seniausi\u0173 Lietuvoje ligonin\u0117, be kurios n\u0117 vienas \u0161iluti\u0161kis ne\u012fsivaizduoja savojo miesto, \u0161vent\u0117 125-eri\u0173 met\u0173 sukakt\u012f.Du karus pergyvenusios ir begal\u0119 poky\u010di\u0173 i\u0161kentusios svarbiausios m\u016bs\u0173 regiono gydymo \u012fstaigos istorija, besit\u0119sianti per tris \u0161imtme\u010dius, be galo turtinga, o pati ligonin\u0117 &#8211; gerai \u017einoma [&hellip;]\" \/>\n<meta property=\"og:url\" content=\"https:\/\/www.silutesnaujienos.lt\/lt\/silutes-ligonine-izenge-i-126-uosius-istorija-ir-siandiena-apdovanojimai-padekos-ir-praktine-konferencija\/\" \/>\n<meta property=\"og:site_name\" content=\"\u0160ilut\u0117s naujienos\" \/>\n<meta property=\"article:publisher\" content=\"https:\/\/www.facebook.com\/silutes.naujienos\/\" \/>\n<meta property=\"article:published_time\" content=\"2017-06-10T11:00:00+00:00\" \/>\n<meta property=\"og:image\" content=\"\/\/silutesnaujienos.lt\/images\/stories\/2017\/06\/06\/thumbnails\/thumb_125_ligonine_apdovanoti.jpg\" \/>\n<meta name=\"author\" content=\"\u0160ilut\u0117s naujien\u0173 inf.\" \/>\n<meta name=\"twitter:card\" content=\"summary_large_image\" \/>\n<meta name=\"twitter:label1\" content=\"Written by\" \/>\n\t<meta name=\"twitter:data1\" content=\"\u0160ilut\u0117s naujien\u0173 inf.\" \/>\n\t<meta name=\"twitter:label2\" content=\"Est. reading time\" \/>\n\t<meta name=\"twitter:data2\" content=\"6 minut\u0117s\" \/>\n<script type=\"application\/ld+json\" class=\"yoast-schema-graph\">{\"@context\":\"https:\\\/\\\/schema.org\",\"@graph\":[{\"@type\":\"Article\",\"@id\":\"https:\\\/\\\/www.silutesnaujienos.lt\\\/lt\\\/silutes-ligonine-izenge-i-126-uosius-istorija-ir-siandiena-apdovanojimai-padekos-ir-praktine-konferencija\\\/#article\",\"isPartOf\":{\"@id\":\"https:\\\/\\\/www.silutesnaujienos.lt\\\/lt\\\/silutes-ligonine-izenge-i-126-uosius-istorija-ir-siandiena-apdovanojimai-padekos-ir-praktine-konferencija\\\/\"},\"author\":{\"name\":\"\u0160ilut\u0117s naujien\u0173 inf.\",\"@id\":\"https:\\\/\\\/www.silutesnaujienos.lt\\\/lt\\\/#\\\/schema\\\/person\\\/232f475ddd4a7b5f49b3abc788b17e83\"},\"headline\":\"\u0160ilut\u0117s ligonin\u0117 \u012f\u017eeng\u0117 \u012f 126-uosius: istorija ir \u0161iandiena, apdovanojimai, pad\u0117kos ir praktin\u0117 konferencija\",\"datePublished\":\"2017-06-10T11:00:00+00:00\",\"mainEntityOfPage\":{\"@id\":\"https:\\\/\\\/www.silutesnaujienos.lt\\\/lt\\\/silutes-ligonine-izenge-i-126-uosius-istorija-ir-siandiena-apdovanojimai-padekos-ir-praktine-konferencija\\\/\"},\"wordCount\":1157,\"commentCount\":0,\"publisher\":{\"@id\":\"https:\\\/\\\/www.silutesnaujienos.lt\\\/lt\\\/#organization\"},\"articleSection\":[\"Aktualijos\"],\"inLanguage\":\"lt-LT\",\"potentialAction\":[{\"@type\":\"CommentAction\",\"name\":\"Comment\",\"target\":[\"https:\\\/\\\/www.silutesnaujienos.lt\\\/lt\\\/silutes-ligonine-izenge-i-126-uosius-istorija-ir-siandiena-apdovanojimai-padekos-ir-praktine-konferencija\\\/#respond\"]}]},{\"@type\":\"WebPage\",\"@id\":\"https:\\\/\\\/www.silutesnaujienos.lt\\\/lt\\\/silutes-ligonine-izenge-i-126-uosius-istorija-ir-siandiena-apdovanojimai-padekos-ir-praktine-konferencija\\\/\",\"url\":\"https:\\\/\\\/www.silutesnaujienos.lt\\\/lt\\\/silutes-ligonine-izenge-i-126-uosius-istorija-ir-siandiena-apdovanojimai-padekos-ir-praktine-konferencija\\\/\",\"name\":\"\u0160ilut\u0117s ligonin\u0117 \u012f\u017eeng\u0117 \u012f 126-uosius: istorija ir \u0161iandiena, apdovanojimai, pad\u0117kos ir praktin\u0117 konferencija - \u0160ilut\u0117s naujienos\",\"isPartOf\":{\"@id\":\"https:\\\/\\\/www.silutesnaujienos.lt\\\/lt\\\/#website\"},\"datePublished\":\"2017-06-10T11:00:00+00:00\",\"breadcrumb\":{\"@id\":\"https:\\\/\\\/www.silutesnaujienos.lt\\\/lt\\\/silutes-ligonine-izenge-i-126-uosius-istorija-ir-siandiena-apdovanojimai-padekos-ir-praktine-konferencija\\\/#breadcrumb\"},\"inLanguage\":\"lt-LT\",\"potentialAction\":[{\"@type\":\"ReadAction\",\"target\":[\"https:\\\/\\\/www.silutesnaujienos.lt\\\/lt\\\/silutes-ligonine-izenge-i-126-uosius-istorija-ir-siandiena-apdovanojimai-padekos-ir-praktine-konferencija\\\/\"]}]},{\"@type\":\"BreadcrumbList\",\"@id\":\"https:\\\/\\\/www.silutesnaujienos.lt\\\/lt\\\/silutes-ligonine-izenge-i-126-uosius-istorija-ir-siandiena-apdovanojimai-padekos-ir-praktine-konferencija\\\/#breadcrumb\",\"itemListElement\":[{\"@type\":\"ListItem\",\"position\":1,\"name\":\"Home\",\"item\":\"https:\\\/\\\/www.silutesnaujienos.lt\\\/lt\\\/\"},{\"@type\":\"ListItem\",\"position\":2,\"name\":\"\u0160ilut\u0117s ligonin\u0117 \u012f\u017eeng\u0117 \u012f 126-uosius: istorija ir \u0161iandiena, apdovanojimai, pad\u0117kos ir praktin\u0117 konferencija\"}]},{\"@type\":\"WebSite\",\"@id\":\"https:\\\/\\\/www.silutesnaujienos.lt\\\/lt\\\/#website\",\"url\":\"https:\\\/\\\/www.silutesnaujienos.lt\\\/lt\\\/\",\"name\":\"\u0160ilut\u0117s naujienos\",\"description\":\"B\u016bk ant naujien\u0173 bangos!\",\"publisher\":{\"@id\":\"https:\\\/\\\/www.silutesnaujienos.lt\\\/lt\\\/#organization\"},\"potentialAction\":[{\"@type\":\"SearchAction\",\"target\":{\"@type\":\"EntryPoint\",\"urlTemplate\":\"https:\\\/\\\/www.silutesnaujienos.lt\\\/lt\\\/?s={search_term_string}\"},\"query-input\":{\"@type\":\"PropertyValueSpecification\",\"valueRequired\":true,\"valueName\":\"search_term_string\"}}],\"inLanguage\":\"lt-LT\"},{\"@type\":\"Organization\",\"@id\":\"https:\\\/\\\/www.silutesnaujienos.lt\\\/lt\\\/#organization\",\"name\":\"\u0160ilut\u0117s naujienos\",\"url\":\"https:\\\/\\\/www.silutesnaujienos.lt\\\/lt\\\/\",\"logo\":{\"@type\":\"ImageObject\",\"inLanguage\":\"lt-LT\",\"@id\":\"https:\\\/\\\/www.silutesnaujienos.lt\\\/lt\\\/#\\\/schema\\\/logo\\\/image\\\/\",\"url\":\"https:\\\/\\\/www.silutesnaujienos.lt\\\/lt\\\/wp-content\\\/uploads\\\/2020\\\/06\\\/FB_MAIN.jpg\",\"contentUrl\":\"https:\\\/\\\/www.silutesnaujienos.lt\\\/lt\\\/wp-content\\\/uploads\\\/2020\\\/06\\\/FB_MAIN.jpg\",\"width\":1700,\"height\":956,\"caption\":\"\u0160ilut\u0117s naujienos\"},\"image\":{\"@id\":\"https:\\\/\\\/www.silutesnaujienos.lt\\\/lt\\\/#\\\/schema\\\/logo\\\/image\\\/\"},\"sameAs\":[\"https:\\\/\\\/www.facebook.com\\\/silutes.naujienos\\\/\",\"https:\\\/\\\/www.youtube.com\\\/channel\\\/UCxW-cgrJDt8GxIMxSTAfJZg\"]},{\"@type\":\"Person\",\"@id\":\"https:\\\/\\\/www.silutesnaujienos.lt\\\/lt\\\/#\\\/schema\\\/person\\\/232f475ddd4a7b5f49b3abc788b17e83\",\"name\":\"\u0160ilut\u0117s naujien\u0173 inf.\",\"image\":{\"@type\":\"ImageObject\",\"inLanguage\":\"lt-LT\",\"@id\":\"https:\\\/\\\/www.silutesnaujienos.lt\\\/lt\\\/wp-content\\\/uploads\\\/2020\\\/06\\\/favicon.png\",\"url\":\"https:\\\/\\\/www.silutesnaujienos.lt\\\/lt\\\/wp-content\\\/uploads\\\/2020\\\/06\\\/favicon.png\",\"contentUrl\":\"https:\\\/\\\/www.silutesnaujienos.lt\\\/lt\\\/wp-content\\\/uploads\\\/2020\\\/06\\\/favicon.png\",\"caption\":\"\u0160ilut\u0117s naujien\u0173 inf.\"},\"sameAs\":[\"https:\\\/\\\/www.silutesnaujienos.lt\\\/lt\"],\"url\":\"https:\\\/\\\/www.silutesnaujienos.lt\\\/lt\\\/author\\\/ruta\\\/\"}]}<\/script>\n<!-- \/ Yoast SEO plugin. -->","yoast_head_json":{"title":"\u0160ilut\u0117s ligonin\u0117 \u012f\u017eeng\u0117 \u012f 126-uosius: istorija ir \u0161iandiena, apdovanojimai, pad\u0117kos ir praktin\u0117 konferencija - \u0160ilut\u0117s naujienos","robots":{"index":"index","follow":"follow","max-snippet":"max-snippet:-1","max-image-preview":"max-image-preview:large","max-video-preview":"max-video-preview:-1"},"canonical":"https:\/\/www.silutesnaujienos.lt\/lt\/silutes-ligonine-izenge-i-126-uosius-istorija-ir-siandiena-apdovanojimai-padekos-ir-praktine-konferencija\/","og_locale":"lt_LT","og_type":"article","og_title":"\u0160ilut\u0117s ligonin\u0117 \u012f\u017eeng\u0117 \u012f 126-uosius: istorija ir \u0161iandiena, apdovanojimai, pad\u0117kos ir praktin\u0117 konferencija - \u0160ilut\u0117s naujienos","og_description":"Intensyvi ir spalvinga diena gausiam \u0160ilut\u0117s ligonin\u0117s medik\u0173 kolektyvui buvo bir\u017eelio 2-oji &#8211; t\u0105dien viena seniausi\u0173 Lietuvoje ligonin\u0117, be kurios n\u0117 vienas \u0161iluti\u0161kis ne\u012fsivaizduoja savojo miesto, \u0161vent\u0117 125-eri\u0173 met\u0173 sukakt\u012f.Du karus pergyvenusios ir begal\u0119 poky\u010di\u0173 i\u0161kentusios svarbiausios m\u016bs\u0173 regiono gydymo \u012fstaigos istorija, besit\u0119sianti per tris \u0161imtme\u010dius, be galo turtinga, o pati ligonin\u0117 &#8211; gerai \u017einoma [&hellip;]","og_url":"https:\/\/www.silutesnaujienos.lt\/lt\/silutes-ligonine-izenge-i-126-uosius-istorija-ir-siandiena-apdovanojimai-padekos-ir-praktine-konferencija\/","og_site_name":"\u0160ilut\u0117s naujienos","article_publisher":"https:\/\/www.facebook.com\/silutes.naujienos\/","article_published_time":"2017-06-10T11:00:00+00:00","og_image":[{"url":"\/\/silutesnaujienos.lt\/images\/stories\/2017\/06\/06\/thumbnails\/thumb_125_ligonine_apdovanoti.jpg","type":"","width":"","height":""}],"author":"\u0160ilut\u0117s naujien\u0173 inf.","twitter_card":"summary_large_image","twitter_misc":{"Written by":"\u0160ilut\u0117s naujien\u0173 inf.","Est. reading time":"6 minut\u0117s"},"schema":{"@context":"https:\/\/schema.org","@graph":[{"@type":"Article","@id":"https:\/\/www.silutesnaujienos.lt\/lt\/silutes-ligonine-izenge-i-126-uosius-istorija-ir-siandiena-apdovanojimai-padekos-ir-praktine-konferencija\/#article","isPartOf":{"@id":"https:\/\/www.silutesnaujienos.lt\/lt\/silutes-ligonine-izenge-i-126-uosius-istorija-ir-siandiena-apdovanojimai-padekos-ir-praktine-konferencija\/"},"author":{"name":"\u0160ilut\u0117s naujien\u0173 inf.","@id":"https:\/\/www.silutesnaujienos.lt\/lt\/#\/schema\/person\/232f475ddd4a7b5f49b3abc788b17e83"},"headline":"\u0160ilut\u0117s ligonin\u0117 \u012f\u017eeng\u0117 \u012f 126-uosius: istorija ir \u0161iandiena, apdovanojimai, pad\u0117kos ir praktin\u0117 konferencija","datePublished":"2017-06-10T11:00:00+00:00","mainEntityOfPage":{"@id":"https:\/\/www.silutesnaujienos.lt\/lt\/silutes-ligonine-izenge-i-126-uosius-istorija-ir-siandiena-apdovanojimai-padekos-ir-praktine-konferencija\/"},"wordCount":1157,"commentCount":0,"publisher":{"@id":"https:\/\/www.silutesnaujienos.lt\/lt\/#organization"},"articleSection":["Aktualijos"],"inLanguage":"lt-LT","potentialAction":[{"@type":"CommentAction","name":"Comment","target":["https:\/\/www.silutesnaujienos.lt\/lt\/silutes-ligonine-izenge-i-126-uosius-istorija-ir-siandiena-apdovanojimai-padekos-ir-praktine-konferencija\/#respond"]}]},{"@type":"WebPage","@id":"https:\/\/www.silutesnaujienos.lt\/lt\/silutes-ligonine-izenge-i-126-uosius-istorija-ir-siandiena-apdovanojimai-padekos-ir-praktine-konferencija\/","url":"https:\/\/www.silutesnaujienos.lt\/lt\/silutes-ligonine-izenge-i-126-uosius-istorija-ir-siandiena-apdovanojimai-padekos-ir-praktine-konferencija\/","name":"\u0160ilut\u0117s ligonin\u0117 \u012f\u017eeng\u0117 \u012f 126-uosius: istorija ir \u0161iandiena, apdovanojimai, pad\u0117kos ir praktin\u0117 konferencija - \u0160ilut\u0117s naujienos","isPartOf":{"@id":"https:\/\/www.silutesnaujienos.lt\/lt\/#website"},"datePublished":"2017-06-10T11:00:00+00:00","breadcrumb":{"@id":"https:\/\/www.silutesnaujienos.lt\/lt\/silutes-ligonine-izenge-i-126-uosius-istorija-ir-siandiena-apdovanojimai-padekos-ir-praktine-konferencija\/#breadcrumb"},"inLanguage":"lt-LT","potentialAction":[{"@type":"ReadAction","target":["https:\/\/www.silutesnaujienos.lt\/lt\/silutes-ligonine-izenge-i-126-uosius-istorija-ir-siandiena-apdovanojimai-padekos-ir-praktine-konferencija\/"]}]},{"@type":"BreadcrumbList","@id":"https:\/\/www.silutesnaujienos.lt\/lt\/silutes-ligonine-izenge-i-126-uosius-istorija-ir-siandiena-apdovanojimai-padekos-ir-praktine-konferencija\/#breadcrumb","itemListElement":[{"@type":"ListItem","position":1,"name":"Home","item":"https:\/\/www.silutesnaujienos.lt\/lt\/"},{"@type":"ListItem","position":2,"name":"\u0160ilut\u0117s ligonin\u0117 \u012f\u017eeng\u0117 \u012f 126-uosius: istorija ir \u0161iandiena, apdovanojimai, pad\u0117kos ir praktin\u0117 konferencija"}]},{"@type":"WebSite","@id":"https:\/\/www.silutesnaujienos.lt\/lt\/#website","url":"https:\/\/www.silutesnaujienos.lt\/lt\/","name":"\u0160ilut\u0117s naujienos","description":"B\u016bk ant naujien\u0173 bangos!","publisher":{"@id":"https:\/\/www.silutesnaujienos.lt\/lt\/#organization"},"potentialAction":[{"@type":"SearchAction","target":{"@type":"EntryPoint","urlTemplate":"https:\/\/www.silutesnaujienos.lt\/lt\/?s={search_term_string}"},"query-input":{"@type":"PropertyValueSpecification","valueRequired":true,"valueName":"search_term_string"}}],"inLanguage":"lt-LT"},{"@type":"Organization","@id":"https:\/\/www.silutesnaujienos.lt\/lt\/#organization","name":"\u0160ilut\u0117s naujienos","url":"https:\/\/www.silutesnaujienos.lt\/lt\/","logo":{"@type":"ImageObject","inLanguage":"lt-LT","@id":"https:\/\/www.silutesnaujienos.lt\/lt\/#\/schema\/logo\/image\/","url":"https:\/\/www.silutesnaujienos.lt\/lt\/wp-content\/uploads\/2020\/06\/FB_MAIN.jpg","contentUrl":"https:\/\/www.silutesnaujienos.lt\/lt\/wp-content\/uploads\/2020\/06\/FB_MAIN.jpg","width":1700,"height":956,"caption":"\u0160ilut\u0117s naujienos"},"image":{"@id":"https:\/\/www.silutesnaujienos.lt\/lt\/#\/schema\/logo\/image\/"},"sameAs":["https:\/\/www.facebook.com\/silutes.naujienos\/","https:\/\/www.youtube.com\/channel\/UCxW-cgrJDt8GxIMxSTAfJZg"]},{"@type":"Person","@id":"https:\/\/www.silutesnaujienos.lt\/lt\/#\/schema\/person\/232f475ddd4a7b5f49b3abc788b17e83","name":"\u0160ilut\u0117s naujien\u0173 inf.","image":{"@type":"ImageObject","inLanguage":"lt-LT","@id":"https:\/\/www.silutesnaujienos.lt\/lt\/wp-content\/uploads\/2020\/06\/favicon.png","url":"https:\/\/www.silutesnaujienos.lt\/lt\/wp-content\/uploads\/2020\/06\/favicon.png","contentUrl":"https:\/\/www.silutesnaujienos.lt\/lt\/wp-content\/uploads\/2020\/06\/favicon.png","caption":"\u0160ilut\u0117s naujien\u0173 inf."},"sameAs":["https:\/\/www.silutesnaujienos.lt\/lt"],"url":"https:\/\/www.silutesnaujienos.lt\/lt\/author\/ruta\/"}]}},"publishpress_future_workflow_manual_trigger":{"enabledWorkflows":[]},"amp_enabled":true,"_links":{"self":[{"href":"https:\/\/www.silutesnaujienos.lt\/lt\/wp-json\/wp\/v2\/posts\/12390","targetHints":{"allow":["GET"]}}],"collection":[{"href":"https:\/\/www.silutesnaujienos.lt\/lt\/wp-json\/wp\/v2\/posts"}],"about":[{"href":"https:\/\/www.silutesnaujienos.lt\/lt\/wp-json\/wp\/v2\/types\/post"}],"author":[{"embeddable":true,"href":"https:\/\/www.silutesnaujienos.lt\/lt\/wp-json\/wp\/v2\/users\/1"}],"replies":[{"embeddable":true,"href":"https:\/\/www.silutesnaujienos.lt\/lt\/wp-json\/wp\/v2\/comments?post=12390"}],"version-history":[{"count":0,"href":"https:\/\/www.silutesnaujienos.lt\/lt\/wp-json\/wp\/v2\/posts\/12390\/revisions"}],"wp:attachment":[{"href":"https:\/\/www.silutesnaujienos.lt\/lt\/wp-json\/wp\/v2\/media?parent=12390"}],"wp:term":[{"taxonomy":"category","embeddable":true,"href":"https:\/\/www.silutesnaujienos.lt\/lt\/wp-json\/wp\/v2\/categories?post=12390"},{"taxonomy":"post_tag","embeddable":true,"href":"https:\/\/www.silutesnaujienos.lt\/lt\/wp-json\/wp\/v2\/tags?post=12390"}],"curies":[{"name":"wp","href":"https:\/\/api.w.org\/{rel}","templated":true}]}}