{"id":12409,"date":"2017-06-18T13:00:00","date_gmt":"2017-06-18T15:00:00","guid":{"rendered":"https:\/\/www.silutesnaujienos.lt\/lt\/skaudzias-tremties-dienas-minejo-visu-seniuniju-gyventojai\/"},"modified":"2017-06-18T13:00:00","modified_gmt":"2017-06-18T15:00:00","slug":"skaudzias-tremties-dienas-minejo-visu-seniuniju-gyventojai","status":"publish","type":"post","link":"https:\/\/www.silutesnaujienos.lt\/lt\/skaudzias-tremties-dienas-minejo-visu-seniuniju-gyventojai\/","title":{"rendered":"Skaud\u017eias tremties dienas min\u0117jo vis\u0173 seni\u016bnij\u0173 gyventojai"},"content":{"rendered":"<p><a href=\"\/\/silutesnaujienos.lt\/images\/stories\/2017\/06\/16\/gedulo_Macikai.jpg\" rel=\"caption[\u0160iluti\u0161kiai tremtiniai ir j\u0173 artimieji rinkosi prie Macik\u0173 kapinait\u0117se pastatyto paminklo...,] noopener noreferrer\" target=\"_blank\" class=\"jcepopup\" type=\"image\" data-rel=\"lightbox-gallery-XkAIqo95\" data-rl_title=\"\" data-rl_caption=\"\"><img loading=\"lazy\" decoding=\"async\" src=\"\/\/silutesnaujienos.lt\/images\/stories\/2017\/06\/16\/thumbnails\/thumb_gedulo_Macikai.jpg\" alt=\"gedulo Macikai\" title=\"\" class=\"caption\" style=\"margin: 5px; float: left;\" height=\"230\" width=\"307\" \/><\/a><strong>76-\u0105sias g\u016bd\u017eios 1941-\u0173j\u0173 bir\u017eelio 14-osios metines tre\u010diadien\u012f pamin\u0117jo ir \u0160ilut\u0117s bei daugelio rajono seni\u016bnij\u0173 gyventojai.<br \/><\/strong><br \/><strong>\u0160ilut\u0117s politini\u0173 kalini\u0173 ir tremtini\u0173 s\u0105jungos nariai, lydimi savivaldyb\u0117s vadov\u0173 bei kit\u0173 \u0161iluti\u0161ki\u0173, Gedulo ir vilties dien\u0105, kaip ir kasmet, susirinko Macikuose, buvusio lagerio auk\u0173 kapinait\u0117se. 2009 metais sovietinio re\u017eimo politini\u0173 kalini\u0173 ir tremtini\u0173 iniciatyva \u0161iose kapinait\u0117se buvo pastatytas did\u017eiulis kry\u017eius tremties ir karo aukoms atminti.<br \/><\/strong><br \/><strong>Originaliais min\u0117jimo akcentais ir senus, ir jaunus sujaudino vienos skaud\u017eiausi\u0173 istorijos dat\u0173 min\u0117jimai ir kitose seni\u016bnijose.<\/strong><strong><br \/><\/strong><br \/><strong>\u0160iluti\u0161kiai min\u0117jo <\/strong><strong>Macikuose<\/strong><a href=\"\/\/silutesnaujienos.lt\/images\/stories\/2017\/06\/16\/gedulo_silute_kalejimas.jpg\" class=\"jcepopup\" rel=\"caption[... taip pat g\u0117li\u0173 pad\u0117jo prie buvusio kal\u0117jimo (dabar Turizmo ir paslaug\u0173 verslo mokykla). Sigito Grin\u010dinai\u010dio nuotr.] noopener noreferrer\" target=\"_blank\" data-rel=\"lightbox-gallery-XkAIqo95\" data-rl_title=\"\" data-rl_caption=\"\"><img loading=\"lazy\" decoding=\"async\" src=\"\/\/silutesnaujienos.lt\/images\/stories\/2017\/06\/16\/thumbnails\/thumb_gedulo_silute_kalejimas.jpg\" alt=\"gedulo silute_kalejimas\" title=\"\" class=\"caption\" style=\"margin: 5px; float: right;\" height=\"230\" width=\"307\" \/><\/a><strong><br \/><\/strong><br \/>1941-\u0173j\u0173 bir\u017eelio 14-osios diena Lietuvoje buvo pa\u017eym\u0117ta skausmu ir a\u0161aromis. Remiantis istoriniais \u0161altiniais ir i\u0161likusiais gyvais \u017emoni\u0173 prisiminimais, 1941 metais b\u016btent \u0161i\u0105 dien\u0105 buvo prad\u0117ti masiniai gyventoj\u0173 tr\u0117mimai \u012f Sibir\u0105. I\u0161 viso sovietme\u010diu i\u0161 Lietuvos buvo i\u0161tremta 132 t\u016bkstan\u010diai \u017emoni\u0173, kas penktas i\u0161 j\u0173 \u017euvo.<\/p>\n<p>Pasak Politini\u0173 kalini\u0173 ir tremtini\u0173 s\u0105jungos \u0160ilut\u0117s skyriaus pirmininko Antano Balvo\u010diaus, m\u016bs\u0173 savivaldyb\u0117je gyvena apie t\u016bkstant\u012f \u017emoni\u0173, kurie yra pabuvoj\u0119 ar gim\u0117 tremtyje. 700 i\u0161 j\u0173 yra Politini\u0173 kalini\u0173 ir tremtini\u0173 s\u0105jungos nariai. Did\u017eioji dalis tremtini\u0173 negal\u0117jo gr\u012f\u017eti \u012f savo namus gimtin\u0117se, tod\u0117l neatsitiktinai tiek daug j\u0173 apsigyveno karo i\u0161tu\u0161tintame Pamario kra\u0161te.<\/p>\n<p>I\u0161 Sibiro tremties ir \u012fkalinimo viet\u0173 negr\u012f\u017eo t\u016bkstan\u010diai sovietinio re\u017eimo pra\u017eudyt\u0173 \u017emoni\u0173. Tod\u0117l, pasak A.Balvo\u010diaus, kasmet ateidami prie kry\u017eiaus, skirto karo ir tremties aukoms atminti, \u0161iluti\u0161kiai tikisi, kad nors mintyse j\u0173 u\u017edegt\u0173 \u017evaku\u010di\u0173 \u0161iluma ir \u0161viesa pasieks ten, ka\u017ekur Sibire, i\u0161likusi\u0173 kap\u0173 kaubur\u0117lius.<\/p>\n<p>Savivaldyb\u0117s meras Vytautas Laurinaitis min\u0117jimo metu sak\u0117, kad toki\u0105 dien\u0105 visi suprantame \u0161alia kokio kaimyno yra m\u016bs\u0173 Valstyb\u0117. Kaimynas ir dabar \u017evangina ginklus bei kelia gr\u0117sm\u0119. Niekas nenori, kad okupacija, tremtys pasikartot\u0173. Tod\u0117l V.Laurinaitis kviet\u0117 visus pad\u0117ti vieni kitiems, siekti tvirtesnio ry\u0161io savo \u0161alyje ir pasaulyje.<\/p>\n<p><a href=\"\/\/silutesnaujienos.lt\/images\/stories\/2017\/06\/16\/Gedulo_Naumiestis_2.jpg\" class=\"jcepopup\" rel=\"caption[Min\u0117jimo \u017demai\u010di\u0173 Naumiestyje dalyviai \u017evakeles u\u017edeg\u0117 prie paminklo Tremtiniams. Danut\u0117s Bru\u017eien\u0117s nuotr.] noopener noreferrer\" target=\"_blank\" data-rel=\"lightbox-gallery-XkAIqo95\" data-rl_title=\"\" data-rl_caption=\"\"><img loading=\"lazy\" decoding=\"async\" src=\"\/\/silutesnaujienos.lt\/images\/stories\/2017\/06\/16\/thumbnails\/thumb_Gedulo_Naumiestis_2.jpg\" alt=\"Gedulo Naumiestis_2\" title=\"\" class=\"caption\" style=\"margin: 5px; float: left;\" height=\"230\" width=\"307\" \/><\/a>Pad\u0117j\u0119 g\u0117li\u0173 ir u\u017edeg\u0119 \u017evakutes Macik\u0173 lagerio kapin\u0117se, min\u0117jimo dalyviai susirinko \u0160ilut\u0117s mieste, prie buvusio kal\u0117jimo (dabar &#8211; \u0160ilut\u0117s turizmo ir paslaug\u0173 verslo mokykla) Lietuvinink\u0173 gatv\u0117je.<\/p>\n<p>Ir Macikuose, ir \u0160ilut\u0117je min\u0117jimo dalyviams dainavo pagyvenusi\u0173 \u017emoni\u0173 ansamblis \u201ePamario aidas\u201c. Jam dirigavo nepailstantis kolektyvo vadovas Vytautas Jovai\u0161a.<\/p>\n<p><strong>\u0160v\u0117k\u0161ni\u0161kiai susikaup\u0117 ant Parakauny\u010dios kalno<\/strong><\/p>\n<p>Originaliomis id\u0117jomis \u0161v\u0117k\u0161ni\u0161kius \u0161iemet su\u017eav\u0117jo \u0161io miestelio Tradicini\u0173 amat\u0173 centro organizuotas min\u0117jimas, jau nebe pirmi metai rengiamas ant Parakauny\u010dios kalno.<\/p>\n<p>Po \u0161v. Mi\u0161i\u0173 u\u017e tremtinius \u0160v\u0117k\u0161nos ba\u017eny\u010dioje \u017emon\u0117s susirinko toje vietoje, kuri aplaistyta trem\u010diai pasmerkt\u0173 \u017emoni\u0173 a\u0161aromis &#8211; b\u016btent ant Parakauny\u010dios kalno sovietme\u010diu buvo dar\u017ein\u0117, \u012f kuri\u0105 buvo suvaryti sovietams ne\u012ftik\u0119 vyrai, moterys, seneliai ir net ma\u017ei vaikai.<\/p>\n<p>Dabar ant kalno jaunuoliai &#8211; \u201eSaul\u0117s\u201c gimnazijos moksleiviai &#8211; skait\u0117 tremties i\u0161skirtos \u012fsimyl\u0117j\u0117li\u0173 poros lai\u0161kus. Teatralizuota istorija nepaliko abejing\u0173 &#8211; \u017emon\u0117s brauk\u0117 a\u0161aras. Ne vien\u0105 min\u0117jimo dalyv\u012f iki a\u0161ar\u0173 sujaudino ir tremtin\u0117s Onos Janu\u0161auskien\u0117s pasakojimas apie tremties metus.<\/p>\n<p>Tremtini\u0173 dainas atliko ansamblis i\u0161 Inkakli\u0173 \u201eA\u0161vel\u0117\u201c. <\/p>\n<p>\u0160v\u0117k\u0161ni\u0161kiai \u0161iemet pa\u0161ventino tautodailininko Vaidoto Bli\u016bd\u017eiaus daryt\u0105 kry\u017eel\u012f, kur\u012f perduos ekspedicijos \u201eMisija &#8211; Sibiras 2017\u201c nariams. Jie pa\u017ead\u0117jo nugabenti kry\u017eel\u012f \u012f Sibir\u0105 ir perduoti tenyk\u0161\u010diams gyventojams. Misijos dalyviai \u012f tolimiausius savo ekspedicijos kampelius nuve\u0161 ir \u0161v\u0117k\u0161ni\u0161ki\u0173 para\u0161ytus link\u0117jimus ant Vytauto Marcinkevi\u010diaus paruo\u0161t\u0173 atvirlai\u0161ki\u0173 su Parakauny\u010dios kalno atvaizdu.<\/p>\n<p><strong>Naumiesti\u0161kiai rinkosi bibliotekoje<\/strong><\/p>\n<p>Skaud\u017ei\u0105 \u0161alies istorijos dat\u0105 nor\u0117j\u0119 pamin\u0117ti naumiesti\u0161kiai susirinko vietos bibliotekoje. \u010cia istorij\u0105 trumpai primin\u0117 muziejinink\u0117 Valentina Pielikien\u0117, o&nbsp; seni\u016bnas Virginijus Stasiulis sak\u0117, kad \u0161iandieninis jaunimas \u017eemai lenkia galvas prie\u0161 ilg\u0173 tremties met\u0173 kan\u010di\u0105 i\u0161gyvenusius \u017emones, prie\u0161 tuos, kuriems likimas skyr\u0117 tokias skaud\u017eias pamokas, bet taip jie i\u0161kovojo laisv\u0119 ateinan\u010dioms kartoms.<\/p>\n<p>V\u0117liau naumiesti\u0161kiai nu\u0117jo prie miestelyje esan\u010dio paminklo tremtiniams, pad\u0117jo g\u0117li\u0173, u\u017edeg\u0117 \u017evakeles ir nusifotografavo.<\/p>\n<p><strong>Rusni\u0161kiai pagerb\u0117 i\u0161\u0117jusius Anapilin<\/strong><a href=\"\/\/silutesnaujienos.lt\/images\/stories\/2017\/06\/16\/gedulo_sveksna_copy.jpg\" class=\"jcepopup\" rel=\"caption[\u0160v\u0117k\u0161ni\u0161kiai teatralizuot\u0105 min\u0117jim\u0105 sureng\u0117 tradicin\u0117je vietoje - ant Parakauny\u010dios kalno. Danut\u0117s Gaili\u016bnien\u0117s nuotr.] noopener noreferrer\" target=\"_blank\" data-rel=\"lightbox-gallery-XkAIqo95\" data-rl_title=\"\" data-rl_caption=\"\"><img loading=\"lazy\" decoding=\"async\" src=\"\/\/silutesnaujienos.lt\/images\/stories\/2017\/06\/16\/thumbnails\/thumb_gedulo_sveksna_copy.jpg\" alt=\"gedulo sveksna_copy\" title=\"\" class=\"caption\" style=\"margin: 5px; float: left;\" height=\"230\" width=\"307\" \/><\/a><\/p>\n<p>Kasmet Gedulo ir vilties dien\u0105 mini ir rusni\u0161kiai. \u0160iemet Salos etnokult\u016bros ir informacijos centras miestelio gyventojus pakviet\u0117 prisiminti ir atminties duokl\u0119 atiduoti visiems Anapilin jau i\u0161keliavusiems tremtiniams.<\/p>\n<p>Rusni\u0161kiai rinkosi miestelio kapin\u0117se, kur am\u017einojo poilsio jau atgul\u0117 23 salos gyventojai &#8211; tremtiniai. Renginio organizator\u0117, kult\u016bros centro vadybinink\u0117 Sonata Verbu\u010diansk\u0117 kviet\u0117 visus u\u017edegti po \u017evakel\u0119 ant kiekvieno tremtinio kapo. Tiesa, rusni\u0161kiams kai kuri\u0173 seniau palaidot\u0173 tremtini\u0173 kap\u0173 teko paie\u0161koti, bet galiausiai atminties \u017eenklai suspindo ant vis\u0173 kap\u0173.<\/p>\n<p><strong>Prisiminimais dalijosi saugi\u0161kiai<\/strong><\/p>\n<p>Saug\u0173 apylink\u0117s gyventojai irgi rinkosi prie paminklo tremtiniams.<\/p>\n<p>\u010cia atvyko \u0160ilut\u0117s mi\u0161rus ansamblis \u201eMing\u0117\u201c, dainavo ir eiles skait\u0117 vietos dar\u017eelinukai. Istorijos vingius primin\u0117 mokytojas ir rengini\u0173 ved\u0117jas Vytautas Laurinavi\u010dius, Kint\u0173 kult\u016bros centro vadybinink\u0117 Lijana Gatelien\u0117, savo a.a t\u0117velio prisiminimus pasakojo i\u0161 Vilky\u010di\u0173 atvykusi tremtini\u0173 organizacijos nar\u0117 Rita Beniu\u0161ien\u0117.<\/p>\n<p>Pasibaigus oficialiajai daliai saugi\u0161kiai neskub\u0117jo skirstytis, prie arbatos ir kavos puodelio jie dar ilgai dalijosi skaud\u017eiais jaun\u0173 dien\u0173 prisiminimais.<\/p>\n<p><span style=\"color: #008000;\"><strong><a href=\"https:\/\/www.facebook.com\/pg\/silutes.naujienos\/photos\/?tab=album&amp;album_id=1708702655825515\"><span style=\"color: #008000;\">Daugiau nuotrauk\u0173 \u201eFacebook\u201c albume.<\/span><\/a><\/strong><\/span><\/p>\n","protected":false},"excerpt":{"rendered":"<p>76-\u0105sias g\u016bd\u017eios 1941-\u0173j\u0173 bir\u017eelio 14-osios metines tre\u010diadien\u012f pamin\u0117jo ir \u0160ilut\u0117s bei daugelio rajono seni\u016bnij\u0173 gyventojai.\u0160ilut\u0117s politini\u0173 kalini\u0173 ir tremtini\u0173 s\u0105jungos nariai, lydimi savivaldyb\u0117s vadov\u0173 bei kit\u0173 \u0161iluti\u0161ki\u0173, Gedulo ir vilties dien\u0105, kaip ir kasmet, susirinko Macikuose, buvusio lagerio auk\u0173 kapinait\u0117se. 2009 metais sovietinio re\u017eimo politini\u0173 kalini\u0173 ir tremtini\u0173 iniciatyva \u0161iose kapinait\u0117se buvo pastatytas did\u017eiulis kry\u017eius [&hellip;]<\/p>\n","protected":false},"author":1,"featured_media":0,"comment_status":"open","ping_status":"open","sticky":false,"template":"","format":"standard","meta":{"footnotes":""},"categories":[2],"tags":[],"class_list":{"0":"post-12409","1":"post","2":"type-post","3":"status-publish","4":"format-standard","6":"category-aktualijos"},"yoast_head":"<!-- This site is optimized with the Yoast SEO plugin v27.5 - https:\/\/yoast.com\/product\/yoast-seo-wordpress\/ -->\n<title>Skaud\u017eias tremties dienas min\u0117jo vis\u0173 seni\u016bnij\u0173 gyventojai - \u0160ilut\u0117s naujienos<\/title>\n<meta name=\"robots\" content=\"index, follow, max-snippet:-1, max-image-preview:large, max-video-preview:-1\" \/>\n<link rel=\"canonical\" href=\"https:\/\/www.silutesnaujienos.lt\/lt\/skaudzias-tremties-dienas-minejo-visu-seniuniju-gyventojai\/\" \/>\n<meta property=\"og:locale\" content=\"lt_LT\" \/>\n<meta property=\"og:type\" content=\"article\" \/>\n<meta property=\"og:title\" content=\"Skaud\u017eias tremties dienas min\u0117jo vis\u0173 seni\u016bnij\u0173 gyventojai - \u0160ilut\u0117s naujienos\" \/>\n<meta property=\"og:description\" content=\"76-\u0105sias g\u016bd\u017eios 1941-\u0173j\u0173 bir\u017eelio 14-osios metines tre\u010diadien\u012f pamin\u0117jo ir \u0160ilut\u0117s bei daugelio rajono seni\u016bnij\u0173 gyventojai.\u0160ilut\u0117s politini\u0173 kalini\u0173 ir tremtini\u0173 s\u0105jungos nariai, lydimi savivaldyb\u0117s vadov\u0173 bei kit\u0173 \u0161iluti\u0161ki\u0173, Gedulo ir vilties dien\u0105, kaip ir kasmet, susirinko Macikuose, buvusio lagerio auk\u0173 kapinait\u0117se. 2009 metais sovietinio re\u017eimo politini\u0173 kalini\u0173 ir tremtini\u0173 iniciatyva \u0161iose kapinait\u0117se buvo pastatytas did\u017eiulis kry\u017eius [&hellip;]\" \/>\n<meta property=\"og:url\" content=\"https:\/\/www.silutesnaujienos.lt\/lt\/skaudzias-tremties-dienas-minejo-visu-seniuniju-gyventojai\/\" \/>\n<meta property=\"og:site_name\" content=\"\u0160ilut\u0117s naujienos\" \/>\n<meta property=\"article:publisher\" content=\"https:\/\/www.facebook.com\/silutes.naujienos\/\" \/>\n<meta property=\"article:published_time\" content=\"2017-06-18T15:00:00+00:00\" \/>\n<meta property=\"og:image\" content=\"\/\/silutesnaujienos.lt\/images\/stories\/2017\/06\/16\/thumbnails\/thumb_gedulo_Macikai.jpg\" \/>\n<meta name=\"author\" content=\"\u0160ilut\u0117s naujien\u0173 inf.\" \/>\n<meta name=\"twitter:card\" content=\"summary_large_image\" \/>\n<meta name=\"twitter:label1\" content=\"Written by\" \/>\n\t<meta name=\"twitter:data1\" content=\"\u0160ilut\u0117s naujien\u0173 inf.\" \/>\n\t<meta name=\"twitter:label2\" content=\"Est. reading time\" \/>\n\t<meta name=\"twitter:data2\" content=\"4 minut\u0117s\" \/>\n<script type=\"application\/ld+json\" class=\"yoast-schema-graph\">{\"@context\":\"https:\\\/\\\/schema.org\",\"@graph\":[{\"@type\":\"Article\",\"@id\":\"https:\\\/\\\/www.silutesnaujienos.lt\\\/lt\\\/skaudzias-tremties-dienas-minejo-visu-seniuniju-gyventojai\\\/#article\",\"isPartOf\":{\"@id\":\"https:\\\/\\\/www.silutesnaujienos.lt\\\/lt\\\/skaudzias-tremties-dienas-minejo-visu-seniuniju-gyventojai\\\/\"},\"author\":{\"name\":\"\u0160ilut\u0117s naujien\u0173 inf.\",\"@id\":\"https:\\\/\\\/www.silutesnaujienos.lt\\\/lt\\\/#\\\/schema\\\/person\\\/232f475ddd4a7b5f49b3abc788b17e83\"},\"headline\":\"Skaud\u017eias tremties dienas min\u0117jo vis\u0173 seni\u016bnij\u0173 gyventojai\",\"datePublished\":\"2017-06-18T15:00:00+00:00\",\"mainEntityOfPage\":{\"@id\":\"https:\\\/\\\/www.silutesnaujienos.lt\\\/lt\\\/skaudzias-tremties-dienas-minejo-visu-seniuniju-gyventojai\\\/\"},\"wordCount\":878,\"commentCount\":0,\"publisher\":{\"@id\":\"https:\\\/\\\/www.silutesnaujienos.lt\\\/lt\\\/#organization\"},\"articleSection\":[\"Aktualijos\"],\"inLanguage\":\"lt-LT\",\"potentialAction\":[{\"@type\":\"CommentAction\",\"name\":\"Comment\",\"target\":[\"https:\\\/\\\/www.silutesnaujienos.lt\\\/lt\\\/skaudzias-tremties-dienas-minejo-visu-seniuniju-gyventojai\\\/#respond\"]}]},{\"@type\":\"WebPage\",\"@id\":\"https:\\\/\\\/www.silutesnaujienos.lt\\\/lt\\\/skaudzias-tremties-dienas-minejo-visu-seniuniju-gyventojai\\\/\",\"url\":\"https:\\\/\\\/www.silutesnaujienos.lt\\\/lt\\\/skaudzias-tremties-dienas-minejo-visu-seniuniju-gyventojai\\\/\",\"name\":\"Skaud\u017eias tremties dienas min\u0117jo vis\u0173 seni\u016bnij\u0173 gyventojai - \u0160ilut\u0117s naujienos\",\"isPartOf\":{\"@id\":\"https:\\\/\\\/www.silutesnaujienos.lt\\\/lt\\\/#website\"},\"datePublished\":\"2017-06-18T15:00:00+00:00\",\"breadcrumb\":{\"@id\":\"https:\\\/\\\/www.silutesnaujienos.lt\\\/lt\\\/skaudzias-tremties-dienas-minejo-visu-seniuniju-gyventojai\\\/#breadcrumb\"},\"inLanguage\":\"lt-LT\",\"potentialAction\":[{\"@type\":\"ReadAction\",\"target\":[\"https:\\\/\\\/www.silutesnaujienos.lt\\\/lt\\\/skaudzias-tremties-dienas-minejo-visu-seniuniju-gyventojai\\\/\"]}]},{\"@type\":\"BreadcrumbList\",\"@id\":\"https:\\\/\\\/www.silutesnaujienos.lt\\\/lt\\\/skaudzias-tremties-dienas-minejo-visu-seniuniju-gyventojai\\\/#breadcrumb\",\"itemListElement\":[{\"@type\":\"ListItem\",\"position\":1,\"name\":\"Home\",\"item\":\"https:\\\/\\\/www.silutesnaujienos.lt\\\/lt\\\/\"},{\"@type\":\"ListItem\",\"position\":2,\"name\":\"Skaud\u017eias tremties dienas min\u0117jo vis\u0173 seni\u016bnij\u0173 gyventojai\"}]},{\"@type\":\"WebSite\",\"@id\":\"https:\\\/\\\/www.silutesnaujienos.lt\\\/lt\\\/#website\",\"url\":\"https:\\\/\\\/www.silutesnaujienos.lt\\\/lt\\\/\",\"name\":\"\u0160ilut\u0117s naujienos\",\"description\":\"B\u016bk ant naujien\u0173 bangos!\",\"publisher\":{\"@id\":\"https:\\\/\\\/www.silutesnaujienos.lt\\\/lt\\\/#organization\"},\"potentialAction\":[{\"@type\":\"SearchAction\",\"target\":{\"@type\":\"EntryPoint\",\"urlTemplate\":\"https:\\\/\\\/www.silutesnaujienos.lt\\\/lt\\\/?s={search_term_string}\"},\"query-input\":{\"@type\":\"PropertyValueSpecification\",\"valueRequired\":true,\"valueName\":\"search_term_string\"}}],\"inLanguage\":\"lt-LT\"},{\"@type\":\"Organization\",\"@id\":\"https:\\\/\\\/www.silutesnaujienos.lt\\\/lt\\\/#organization\",\"name\":\"\u0160ilut\u0117s naujienos\",\"url\":\"https:\\\/\\\/www.silutesnaujienos.lt\\\/lt\\\/\",\"logo\":{\"@type\":\"ImageObject\",\"inLanguage\":\"lt-LT\",\"@id\":\"https:\\\/\\\/www.silutesnaujienos.lt\\\/lt\\\/#\\\/schema\\\/logo\\\/image\\\/\",\"url\":\"https:\\\/\\\/www.silutesnaujienos.lt\\\/lt\\\/wp-content\\\/uploads\\\/2020\\\/06\\\/FB_MAIN.jpg\",\"contentUrl\":\"https:\\\/\\\/www.silutesnaujienos.lt\\\/lt\\\/wp-content\\\/uploads\\\/2020\\\/06\\\/FB_MAIN.jpg\",\"width\":1700,\"height\":956,\"caption\":\"\u0160ilut\u0117s naujienos\"},\"image\":{\"@id\":\"https:\\\/\\\/www.silutesnaujienos.lt\\\/lt\\\/#\\\/schema\\\/logo\\\/image\\\/\"},\"sameAs\":[\"https:\\\/\\\/www.facebook.com\\\/silutes.naujienos\\\/\",\"https:\\\/\\\/www.youtube.com\\\/channel\\\/UCxW-cgrJDt8GxIMxSTAfJZg\"]},{\"@type\":\"Person\",\"@id\":\"https:\\\/\\\/www.silutesnaujienos.lt\\\/lt\\\/#\\\/schema\\\/person\\\/232f475ddd4a7b5f49b3abc788b17e83\",\"name\":\"\u0160ilut\u0117s naujien\u0173 inf.\",\"image\":{\"@type\":\"ImageObject\",\"inLanguage\":\"lt-LT\",\"@id\":\"https:\\\/\\\/www.silutesnaujienos.lt\\\/lt\\\/wp-content\\\/uploads\\\/2020\\\/06\\\/favicon.png\",\"url\":\"https:\\\/\\\/www.silutesnaujienos.lt\\\/lt\\\/wp-content\\\/uploads\\\/2020\\\/06\\\/favicon.png\",\"contentUrl\":\"https:\\\/\\\/www.silutesnaujienos.lt\\\/lt\\\/wp-content\\\/uploads\\\/2020\\\/06\\\/favicon.png\",\"caption\":\"\u0160ilut\u0117s naujien\u0173 inf.\"},\"sameAs\":[\"https:\\\/\\\/www.silutesnaujienos.lt\\\/lt\"],\"url\":\"https:\\\/\\\/www.silutesnaujienos.lt\\\/lt\\\/author\\\/ruta\\\/\"}]}<\/script>\n<!-- \/ Yoast SEO plugin. -->","yoast_head_json":{"title":"Skaud\u017eias tremties dienas min\u0117jo vis\u0173 seni\u016bnij\u0173 gyventojai - \u0160ilut\u0117s naujienos","robots":{"index":"index","follow":"follow","max-snippet":"max-snippet:-1","max-image-preview":"max-image-preview:large","max-video-preview":"max-video-preview:-1"},"canonical":"https:\/\/www.silutesnaujienos.lt\/lt\/skaudzias-tremties-dienas-minejo-visu-seniuniju-gyventojai\/","og_locale":"lt_LT","og_type":"article","og_title":"Skaud\u017eias tremties dienas min\u0117jo vis\u0173 seni\u016bnij\u0173 gyventojai - \u0160ilut\u0117s naujienos","og_description":"76-\u0105sias g\u016bd\u017eios 1941-\u0173j\u0173 bir\u017eelio 14-osios metines tre\u010diadien\u012f pamin\u0117jo ir \u0160ilut\u0117s bei daugelio rajono seni\u016bnij\u0173 gyventojai.\u0160ilut\u0117s politini\u0173 kalini\u0173 ir tremtini\u0173 s\u0105jungos nariai, lydimi savivaldyb\u0117s vadov\u0173 bei kit\u0173 \u0161iluti\u0161ki\u0173, Gedulo ir vilties dien\u0105, kaip ir kasmet, susirinko Macikuose, buvusio lagerio auk\u0173 kapinait\u0117se. 2009 metais sovietinio re\u017eimo politini\u0173 kalini\u0173 ir tremtini\u0173 iniciatyva \u0161iose kapinait\u0117se buvo pastatytas did\u017eiulis kry\u017eius [&hellip;]","og_url":"https:\/\/www.silutesnaujienos.lt\/lt\/skaudzias-tremties-dienas-minejo-visu-seniuniju-gyventojai\/","og_site_name":"\u0160ilut\u0117s naujienos","article_publisher":"https:\/\/www.facebook.com\/silutes.naujienos\/","article_published_time":"2017-06-18T15:00:00+00:00","og_image":[{"url":"\/\/silutesnaujienos.lt\/images\/stories\/2017\/06\/16\/thumbnails\/thumb_gedulo_Macikai.jpg","type":"","width":"","height":""}],"author":"\u0160ilut\u0117s naujien\u0173 inf.","twitter_card":"summary_large_image","twitter_misc":{"Written by":"\u0160ilut\u0117s naujien\u0173 inf.","Est. reading time":"4 minut\u0117s"},"schema":{"@context":"https:\/\/schema.org","@graph":[{"@type":"Article","@id":"https:\/\/www.silutesnaujienos.lt\/lt\/skaudzias-tremties-dienas-minejo-visu-seniuniju-gyventojai\/#article","isPartOf":{"@id":"https:\/\/www.silutesnaujienos.lt\/lt\/skaudzias-tremties-dienas-minejo-visu-seniuniju-gyventojai\/"},"author":{"name":"\u0160ilut\u0117s naujien\u0173 inf.","@id":"https:\/\/www.silutesnaujienos.lt\/lt\/#\/schema\/person\/232f475ddd4a7b5f49b3abc788b17e83"},"headline":"Skaud\u017eias tremties dienas min\u0117jo vis\u0173 seni\u016bnij\u0173 gyventojai","datePublished":"2017-06-18T15:00:00+00:00","mainEntityOfPage":{"@id":"https:\/\/www.silutesnaujienos.lt\/lt\/skaudzias-tremties-dienas-minejo-visu-seniuniju-gyventojai\/"},"wordCount":878,"commentCount":0,"publisher":{"@id":"https:\/\/www.silutesnaujienos.lt\/lt\/#organization"},"articleSection":["Aktualijos"],"inLanguage":"lt-LT","potentialAction":[{"@type":"CommentAction","name":"Comment","target":["https:\/\/www.silutesnaujienos.lt\/lt\/skaudzias-tremties-dienas-minejo-visu-seniuniju-gyventojai\/#respond"]}]},{"@type":"WebPage","@id":"https:\/\/www.silutesnaujienos.lt\/lt\/skaudzias-tremties-dienas-minejo-visu-seniuniju-gyventojai\/","url":"https:\/\/www.silutesnaujienos.lt\/lt\/skaudzias-tremties-dienas-minejo-visu-seniuniju-gyventojai\/","name":"Skaud\u017eias tremties dienas min\u0117jo vis\u0173 seni\u016bnij\u0173 gyventojai - \u0160ilut\u0117s naujienos","isPartOf":{"@id":"https:\/\/www.silutesnaujienos.lt\/lt\/#website"},"datePublished":"2017-06-18T15:00:00+00:00","breadcrumb":{"@id":"https:\/\/www.silutesnaujienos.lt\/lt\/skaudzias-tremties-dienas-minejo-visu-seniuniju-gyventojai\/#breadcrumb"},"inLanguage":"lt-LT","potentialAction":[{"@type":"ReadAction","target":["https:\/\/www.silutesnaujienos.lt\/lt\/skaudzias-tremties-dienas-minejo-visu-seniuniju-gyventojai\/"]}]},{"@type":"BreadcrumbList","@id":"https:\/\/www.silutesnaujienos.lt\/lt\/skaudzias-tremties-dienas-minejo-visu-seniuniju-gyventojai\/#breadcrumb","itemListElement":[{"@type":"ListItem","position":1,"name":"Home","item":"https:\/\/www.silutesnaujienos.lt\/lt\/"},{"@type":"ListItem","position":2,"name":"Skaud\u017eias tremties dienas min\u0117jo vis\u0173 seni\u016bnij\u0173 gyventojai"}]},{"@type":"WebSite","@id":"https:\/\/www.silutesnaujienos.lt\/lt\/#website","url":"https:\/\/www.silutesnaujienos.lt\/lt\/","name":"\u0160ilut\u0117s naujienos","description":"B\u016bk ant naujien\u0173 bangos!","publisher":{"@id":"https:\/\/www.silutesnaujienos.lt\/lt\/#organization"},"potentialAction":[{"@type":"SearchAction","target":{"@type":"EntryPoint","urlTemplate":"https:\/\/www.silutesnaujienos.lt\/lt\/?s={search_term_string}"},"query-input":{"@type":"PropertyValueSpecification","valueRequired":true,"valueName":"search_term_string"}}],"inLanguage":"lt-LT"},{"@type":"Organization","@id":"https:\/\/www.silutesnaujienos.lt\/lt\/#organization","name":"\u0160ilut\u0117s naujienos","url":"https:\/\/www.silutesnaujienos.lt\/lt\/","logo":{"@type":"ImageObject","inLanguage":"lt-LT","@id":"https:\/\/www.silutesnaujienos.lt\/lt\/#\/schema\/logo\/image\/","url":"https:\/\/www.silutesnaujienos.lt\/lt\/wp-content\/uploads\/2020\/06\/FB_MAIN.jpg","contentUrl":"https:\/\/www.silutesnaujienos.lt\/lt\/wp-content\/uploads\/2020\/06\/FB_MAIN.jpg","width":1700,"height":956,"caption":"\u0160ilut\u0117s naujienos"},"image":{"@id":"https:\/\/www.silutesnaujienos.lt\/lt\/#\/schema\/logo\/image\/"},"sameAs":["https:\/\/www.facebook.com\/silutes.naujienos\/","https:\/\/www.youtube.com\/channel\/UCxW-cgrJDt8GxIMxSTAfJZg"]},{"@type":"Person","@id":"https:\/\/www.silutesnaujienos.lt\/lt\/#\/schema\/person\/232f475ddd4a7b5f49b3abc788b17e83","name":"\u0160ilut\u0117s naujien\u0173 inf.","image":{"@type":"ImageObject","inLanguage":"lt-LT","@id":"https:\/\/www.silutesnaujienos.lt\/lt\/wp-content\/uploads\/2020\/06\/favicon.png","url":"https:\/\/www.silutesnaujienos.lt\/lt\/wp-content\/uploads\/2020\/06\/favicon.png","contentUrl":"https:\/\/www.silutesnaujienos.lt\/lt\/wp-content\/uploads\/2020\/06\/favicon.png","caption":"\u0160ilut\u0117s naujien\u0173 inf."},"sameAs":["https:\/\/www.silutesnaujienos.lt\/lt"],"url":"https:\/\/www.silutesnaujienos.lt\/lt\/author\/ruta\/"}]}},"publishpress_future_workflow_manual_trigger":{"enabledWorkflows":[]},"amp_enabled":true,"_links":{"self":[{"href":"https:\/\/www.silutesnaujienos.lt\/lt\/wp-json\/wp\/v2\/posts\/12409","targetHints":{"allow":["GET"]}}],"collection":[{"href":"https:\/\/www.silutesnaujienos.lt\/lt\/wp-json\/wp\/v2\/posts"}],"about":[{"href":"https:\/\/www.silutesnaujienos.lt\/lt\/wp-json\/wp\/v2\/types\/post"}],"author":[{"embeddable":true,"href":"https:\/\/www.silutesnaujienos.lt\/lt\/wp-json\/wp\/v2\/users\/1"}],"replies":[{"embeddable":true,"href":"https:\/\/www.silutesnaujienos.lt\/lt\/wp-json\/wp\/v2\/comments?post=12409"}],"version-history":[{"count":0,"href":"https:\/\/www.silutesnaujienos.lt\/lt\/wp-json\/wp\/v2\/posts\/12409\/revisions"}],"wp:attachment":[{"href":"https:\/\/www.silutesnaujienos.lt\/lt\/wp-json\/wp\/v2\/media?parent=12409"}],"wp:term":[{"taxonomy":"category","embeddable":true,"href":"https:\/\/www.silutesnaujienos.lt\/lt\/wp-json\/wp\/v2\/categories?post=12409"},{"taxonomy":"post_tag","embeddable":true,"href":"https:\/\/www.silutesnaujienos.lt\/lt\/wp-json\/wp\/v2\/tags?post=12409"}],"curies":[{"name":"wp","href":"https:\/\/api.w.org\/{rel}","templated":true}]}}