{"id":12442,"date":"2017-07-07T07:00:00","date_gmt":"2017-07-07T09:00:00","guid":{"rendered":"https:\/\/www.silutesnaujienos.lt\/lt\/seimoms-atstovaujancios-ir-su-seimomis-dirbancios-nevyriausybines-organizacijos-kvieciamos-siulyti-savo-atstovus-i-seimu-taryba\/"},"modified":"2017-07-07T07:00:00","modified_gmt":"2017-07-07T09:00:00","slug":"seimoms-atstovaujancios-ir-su-seimomis-dirbancios-nevyriausybines-organizacijos-kvieciamos-siulyti-savo-atstovus-i-seimu-taryba","status":"publish","type":"post","link":"https:\/\/www.silutesnaujienos.lt\/lt\/seimoms-atstovaujancios-ir-su-seimomis-dirbancios-nevyriausybines-organizacijos-kvieciamos-siulyti-savo-atstovus-i-seimu-taryba\/","title":{"rendered":"\u0160eimoms atstovaujan\u010dios ir su \u0161eimomis dirban\u010dios nevyriausybin\u0117s organizacijos kvie\u010diamos si\u016blyti savo atstovus \u012f \u0160eim\u0173 taryb\u0105"},"content":{"rendered":"<p><a href=\"\/\/silutesnaujienos.lt\/images\/stories\/2017\/07\/seima_skamba_kankliai.jpg\" class=\"jcepopup\" target=\"_blank\" rel=\"noopener noreferrer\" data-rel=\"lightbox-gallery-q47Az86w\" data-rl_title=\"\" data-rl_caption=\"\" title=\"\"><img loading=\"lazy\" decoding=\"async\" src=\"\/\/silutesnaujienos.lt\/images\/stories\/2017\/07\/thumbnails\/thumb_seima_skamba_kankliai.jpg\" alt=\"seima skamba_kankliai\" style=\"margin: 5px; float: left;\" height=\"230\" width=\"307\" \/><\/a><strong>Socialin\u0117s apsaugos ir darbo ministerija kvie\u010dia \u0161eimoms atstovaujan\u010dias ir su \u0161eimomis dirban\u010dias nevyriausybines organizacijas deleguoti savo atstovus \u012f \u0160eim\u0173 taryb\u0105.<\/strong><\/p>\n<p>Siekiant stiprinti \u0161eim\u0173 atstov\u0173 dalyvavim\u0105, sprend\u017eiant \u0161eimos politikos klausimus, Socialin\u0117s apsaugos ir darbo ministerijoje sudaroma \u0160im\u0173 taryba.<\/p>\n<p>\u0160i taryba dalyvaus formuojant \u0161eimos politik\u0105 ir nustatant \u0161eimos politikos strategines kryptis bei prioritetus, nagrin\u0117s svarbiausius \u0161eimos politikos klausimus, teiks pasi\u016blymus Socialin\u0117s apsaugos ir darbo ministerijai, kitoms valstyb\u0117s ir\/ar savivaldybi\u0173 institucijoms bei \u012fstaigoms d\u0117l \u0161eimos reikmes atitinkan\u010dios \u0161eimos politikos\u012fgyvendinimo, \u0161eimos politik\u0105 reglamentuojan\u010di\u0173 teis\u0117s akt\u0173 tobulinimo. Taryba stiprins bendradarbiavim\u0105 tarp ministerijos ir nevyriausybini\u0173 organizacij\u0173, dirban\u010di\u0173 su \u0161eimomis, ar joms atstovaujan\u010di\u0173.<\/p>\n<p>Kvie\u010diame \u0161eimoms atstovaujan\u010dias ir su \u0161eimomis dirban\u010dias nevyriausybines organizacijas iki \u0161.m. liepos 14 d. si\u016blyti savo atstovus \u012f \u0160eim\u0173 taryb\u0105.<\/p>\n<p>Informacij\u0105 apie si\u016blomus atstovus (si\u016blomo atstovo vard\u0105, pavard\u0119, el. pa\u0161to adres\u0105, telefono nr., atstovaujam\u0105 organizacij\u0105 (organizacijas) pra\u0161ome si\u0173sti el. pa\u0161tu: <a href=\"mailto:kristina.paulike@socmin.lt\">kristina.paulike@socmin.lt<\/a> ir <a href=\"mailto:tomas.milevicius@socmin.lt.\">tomas.milevicius@socmin.lt.<\/a><\/p>\n","protected":false},"excerpt":{"rendered":"<p>Socialin\u0117s apsaugos ir darbo ministerija kvie\u010dia \u0161eimoms atstovaujan\u010dias ir su \u0161eimomis dirban\u010dias nevyriausybines organizacijas deleguoti savo atstovus \u012f \u0160eim\u0173 taryb\u0105. Siekiant stiprinti \u0161eim\u0173 atstov\u0173 dalyvavim\u0105, sprend\u017eiant \u0161eimos politikos klausimus, Socialin\u0117s apsaugos ir darbo ministerijoje sudaroma \u0160im\u0173 taryba. \u0160i taryba dalyvaus formuojant \u0161eimos politik\u0105 ir nustatant \u0161eimos politikos strategines kryptis bei prioritetus, nagrin\u0117s svarbiausius \u0161eimos politikos [&hellip;]<\/p>\n","protected":false},"author":1,"featured_media":0,"comment_status":"open","ping_status":"open","sticky":false,"template":"","format":"standard","meta":{"footnotes":""},"categories":[2],"tags":[],"class_list":{"0":"post-12442","1":"post","2":"type-post","3":"status-publish","4":"format-standard","6":"category-aktualijos"},"yoast_head":"<!-- This site is optimized with the Yoast SEO plugin v27.5 - https:\/\/yoast.com\/product\/yoast-seo-wordpress\/ -->\n<title>\u0160eimoms atstovaujan\u010dios ir su \u0161eimomis dirban\u010dios nevyriausybin\u0117s organizacijos kvie\u010diamos si\u016blyti savo atstovus \u012f \u0160eim\u0173 taryb\u0105 - \u0160ilut\u0117s naujienos<\/title>\n<meta name=\"robots\" content=\"index, follow, max-snippet:-1, max-image-preview:large, max-video-preview:-1\" \/>\n<link rel=\"canonical\" href=\"https:\/\/www.silutesnaujienos.lt\/lt\/seimoms-atstovaujancios-ir-su-seimomis-dirbancios-nevyriausybines-organizacijos-kvieciamos-siulyti-savo-atstovus-i-seimu-taryba\/\" \/>\n<meta property=\"og:locale\" content=\"lt_LT\" \/>\n<meta property=\"og:type\" content=\"article\" \/>\n<meta property=\"og:title\" content=\"\u0160eimoms atstovaujan\u010dios ir su \u0161eimomis dirban\u010dios nevyriausybin\u0117s organizacijos kvie\u010diamos si\u016blyti savo atstovus \u012f \u0160eim\u0173 taryb\u0105 - \u0160ilut\u0117s naujienos\" \/>\n<meta property=\"og:description\" content=\"Socialin\u0117s apsaugos ir darbo ministerija kvie\u010dia \u0161eimoms atstovaujan\u010dias ir su \u0161eimomis dirban\u010dias nevyriausybines organizacijas deleguoti savo atstovus \u012f \u0160eim\u0173 taryb\u0105. Siekiant stiprinti \u0161eim\u0173 atstov\u0173 dalyvavim\u0105, sprend\u017eiant \u0161eimos politikos klausimus, Socialin\u0117s apsaugos ir darbo ministerijoje sudaroma \u0160im\u0173 taryba. \u0160i taryba dalyvaus formuojant \u0161eimos politik\u0105 ir nustatant \u0161eimos politikos strategines kryptis bei prioritetus, nagrin\u0117s svarbiausius \u0161eimos politikos [&hellip;]\" \/>\n<meta property=\"og:url\" content=\"https:\/\/www.silutesnaujienos.lt\/lt\/seimoms-atstovaujancios-ir-su-seimomis-dirbancios-nevyriausybines-organizacijos-kvieciamos-siulyti-savo-atstovus-i-seimu-taryba\/\" \/>\n<meta property=\"og:site_name\" content=\"\u0160ilut\u0117s naujienos\" \/>\n<meta property=\"article:publisher\" content=\"https:\/\/www.facebook.com\/silutes.naujienos\/\" \/>\n<meta property=\"article:published_time\" content=\"2017-07-07T09:00:00+00:00\" \/>\n<meta property=\"og:image\" content=\"\/\/silutesnaujienos.lt\/images\/stories\/2017\/07\/thumbnails\/thumb_seima_skamba_kankliai.jpg\" \/>\n<meta name=\"author\" content=\"\u0160ilut\u0117s naujien\u0173 inf.\" \/>\n<meta name=\"twitter:card\" content=\"summary_large_image\" \/>\n<meta name=\"twitter:label1\" content=\"Written by\" \/>\n\t<meta name=\"twitter:data1\" content=\"\u0160ilut\u0117s naujien\u0173 inf.\" \/>\n\t<meta name=\"twitter:label2\" content=\"Est. reading time\" \/>\n\t<meta name=\"twitter:data2\" content=\"1 minut\u0117\" \/>\n<script type=\"application\/ld+json\" class=\"yoast-schema-graph\">{\"@context\":\"https:\\\/\\\/schema.org\",\"@graph\":[{\"@type\":\"Article\",\"@id\":\"https:\\\/\\\/www.silutesnaujienos.lt\\\/lt\\\/seimoms-atstovaujancios-ir-su-seimomis-dirbancios-nevyriausybines-organizacijos-kvieciamos-siulyti-savo-atstovus-i-seimu-taryba\\\/#article\",\"isPartOf\":{\"@id\":\"https:\\\/\\\/www.silutesnaujienos.lt\\\/lt\\\/seimoms-atstovaujancios-ir-su-seimomis-dirbancios-nevyriausybines-organizacijos-kvieciamos-siulyti-savo-atstovus-i-seimu-taryba\\\/\"},\"author\":{\"name\":\"\u0160ilut\u0117s naujien\u0173 inf.\",\"@id\":\"https:\\\/\\\/www.silutesnaujienos.lt\\\/lt\\\/#\\\/schema\\\/person\\\/232f475ddd4a7b5f49b3abc788b17e83\"},\"headline\":\"\u0160eimoms atstovaujan\u010dios ir su \u0161eimomis dirban\u010dios nevyriausybin\u0117s organizacijos kvie\u010diamos si\u016blyti savo atstovus \u012f \u0160eim\u0173 taryb\u0105\",\"datePublished\":\"2017-07-07T09:00:00+00:00\",\"mainEntityOfPage\":{\"@id\":\"https:\\\/\\\/www.silutesnaujienos.lt\\\/lt\\\/seimoms-atstovaujancios-ir-su-seimomis-dirbancios-nevyriausybines-organizacijos-kvieciamos-siulyti-savo-atstovus-i-seimu-taryba\\\/\"},\"wordCount\":189,\"commentCount\":0,\"publisher\":{\"@id\":\"https:\\\/\\\/www.silutesnaujienos.lt\\\/lt\\\/#organization\"},\"articleSection\":[\"Aktualijos\"],\"inLanguage\":\"lt-LT\",\"potentialAction\":[{\"@type\":\"CommentAction\",\"name\":\"Comment\",\"target\":[\"https:\\\/\\\/www.silutesnaujienos.lt\\\/lt\\\/seimoms-atstovaujancios-ir-su-seimomis-dirbancios-nevyriausybines-organizacijos-kvieciamos-siulyti-savo-atstovus-i-seimu-taryba\\\/#respond\"]}]},{\"@type\":\"WebPage\",\"@id\":\"https:\\\/\\\/www.silutesnaujienos.lt\\\/lt\\\/seimoms-atstovaujancios-ir-su-seimomis-dirbancios-nevyriausybines-organizacijos-kvieciamos-siulyti-savo-atstovus-i-seimu-taryba\\\/\",\"url\":\"https:\\\/\\\/www.silutesnaujienos.lt\\\/lt\\\/seimoms-atstovaujancios-ir-su-seimomis-dirbancios-nevyriausybines-organizacijos-kvieciamos-siulyti-savo-atstovus-i-seimu-taryba\\\/\",\"name\":\"\u0160eimoms atstovaujan\u010dios ir su \u0161eimomis dirban\u010dios nevyriausybin\u0117s organizacijos kvie\u010diamos si\u016blyti savo atstovus \u012f \u0160eim\u0173 taryb\u0105 - \u0160ilut\u0117s naujienos\",\"isPartOf\":{\"@id\":\"https:\\\/\\\/www.silutesnaujienos.lt\\\/lt\\\/#website\"},\"datePublished\":\"2017-07-07T09:00:00+00:00\",\"breadcrumb\":{\"@id\":\"https:\\\/\\\/www.silutesnaujienos.lt\\\/lt\\\/seimoms-atstovaujancios-ir-su-seimomis-dirbancios-nevyriausybines-organizacijos-kvieciamos-siulyti-savo-atstovus-i-seimu-taryba\\\/#breadcrumb\"},\"inLanguage\":\"lt-LT\",\"potentialAction\":[{\"@type\":\"ReadAction\",\"target\":[\"https:\\\/\\\/www.silutesnaujienos.lt\\\/lt\\\/seimoms-atstovaujancios-ir-su-seimomis-dirbancios-nevyriausybines-organizacijos-kvieciamos-siulyti-savo-atstovus-i-seimu-taryba\\\/\"]}]},{\"@type\":\"BreadcrumbList\",\"@id\":\"https:\\\/\\\/www.silutesnaujienos.lt\\\/lt\\\/seimoms-atstovaujancios-ir-su-seimomis-dirbancios-nevyriausybines-organizacijos-kvieciamos-siulyti-savo-atstovus-i-seimu-taryba\\\/#breadcrumb\",\"itemListElement\":[{\"@type\":\"ListItem\",\"position\":1,\"name\":\"Home\",\"item\":\"https:\\\/\\\/www.silutesnaujienos.lt\\\/lt\\\/\"},{\"@type\":\"ListItem\",\"position\":2,\"name\":\"\u0160eimoms atstovaujan\u010dios ir su \u0161eimomis dirban\u010dios nevyriausybin\u0117s organizacijos kvie\u010diamos si\u016blyti savo atstovus \u012f \u0160eim\u0173 taryb\u0105\"}]},{\"@type\":\"WebSite\",\"@id\":\"https:\\\/\\\/www.silutesnaujienos.lt\\\/lt\\\/#website\",\"url\":\"https:\\\/\\\/www.silutesnaujienos.lt\\\/lt\\\/\",\"name\":\"\u0160ilut\u0117s naujienos\",\"description\":\"B\u016bk ant naujien\u0173 bangos!\",\"publisher\":{\"@id\":\"https:\\\/\\\/www.silutesnaujienos.lt\\\/lt\\\/#organization\"},\"potentialAction\":[{\"@type\":\"SearchAction\",\"target\":{\"@type\":\"EntryPoint\",\"urlTemplate\":\"https:\\\/\\\/www.silutesnaujienos.lt\\\/lt\\\/?s={search_term_string}\"},\"query-input\":{\"@type\":\"PropertyValueSpecification\",\"valueRequired\":true,\"valueName\":\"search_term_string\"}}],\"inLanguage\":\"lt-LT\"},{\"@type\":\"Organization\",\"@id\":\"https:\\\/\\\/www.silutesnaujienos.lt\\\/lt\\\/#organization\",\"name\":\"\u0160ilut\u0117s naujienos\",\"url\":\"https:\\\/\\\/www.silutesnaujienos.lt\\\/lt\\\/\",\"logo\":{\"@type\":\"ImageObject\",\"inLanguage\":\"lt-LT\",\"@id\":\"https:\\\/\\\/www.silutesnaujienos.lt\\\/lt\\\/#\\\/schema\\\/logo\\\/image\\\/\",\"url\":\"https:\\\/\\\/www.silutesnaujienos.lt\\\/lt\\\/wp-content\\\/uploads\\\/2020\\\/06\\\/FB_MAIN.jpg\",\"contentUrl\":\"https:\\\/\\\/www.silutesnaujienos.lt\\\/lt\\\/wp-content\\\/uploads\\\/2020\\\/06\\\/FB_MAIN.jpg\",\"width\":1700,\"height\":956,\"caption\":\"\u0160ilut\u0117s naujienos\"},\"image\":{\"@id\":\"https:\\\/\\\/www.silutesnaujienos.lt\\\/lt\\\/#\\\/schema\\\/logo\\\/image\\\/\"},\"sameAs\":[\"https:\\\/\\\/www.facebook.com\\\/silutes.naujienos\\\/\",\"https:\\\/\\\/www.youtube.com\\\/channel\\\/UCxW-cgrJDt8GxIMxSTAfJZg\"]},{\"@type\":\"Person\",\"@id\":\"https:\\\/\\\/www.silutesnaujienos.lt\\\/lt\\\/#\\\/schema\\\/person\\\/232f475ddd4a7b5f49b3abc788b17e83\",\"name\":\"\u0160ilut\u0117s naujien\u0173 inf.\",\"image\":{\"@type\":\"ImageObject\",\"inLanguage\":\"lt-LT\",\"@id\":\"https:\\\/\\\/www.silutesnaujienos.lt\\\/lt\\\/wp-content\\\/uploads\\\/2020\\\/06\\\/favicon.png\",\"url\":\"https:\\\/\\\/www.silutesnaujienos.lt\\\/lt\\\/wp-content\\\/uploads\\\/2020\\\/06\\\/favicon.png\",\"contentUrl\":\"https:\\\/\\\/www.silutesnaujienos.lt\\\/lt\\\/wp-content\\\/uploads\\\/2020\\\/06\\\/favicon.png\",\"caption\":\"\u0160ilut\u0117s naujien\u0173 inf.\"},\"sameAs\":[\"https:\\\/\\\/www.silutesnaujienos.lt\\\/lt\"],\"url\":\"https:\\\/\\\/www.silutesnaujienos.lt\\\/lt\\\/author\\\/ruta\\\/\"}]}<\/script>\n<!-- \/ Yoast SEO plugin. -->","yoast_head_json":{"title":"\u0160eimoms atstovaujan\u010dios ir su \u0161eimomis dirban\u010dios nevyriausybin\u0117s organizacijos kvie\u010diamos si\u016blyti savo atstovus \u012f \u0160eim\u0173 taryb\u0105 - \u0160ilut\u0117s naujienos","robots":{"index":"index","follow":"follow","max-snippet":"max-snippet:-1","max-image-preview":"max-image-preview:large","max-video-preview":"max-video-preview:-1"},"canonical":"https:\/\/www.silutesnaujienos.lt\/lt\/seimoms-atstovaujancios-ir-su-seimomis-dirbancios-nevyriausybines-organizacijos-kvieciamos-siulyti-savo-atstovus-i-seimu-taryba\/","og_locale":"lt_LT","og_type":"article","og_title":"\u0160eimoms atstovaujan\u010dios ir su \u0161eimomis dirban\u010dios nevyriausybin\u0117s organizacijos kvie\u010diamos si\u016blyti savo atstovus \u012f \u0160eim\u0173 taryb\u0105 - \u0160ilut\u0117s naujienos","og_description":"Socialin\u0117s apsaugos ir darbo ministerija kvie\u010dia \u0161eimoms atstovaujan\u010dias ir su \u0161eimomis dirban\u010dias nevyriausybines organizacijas deleguoti savo atstovus \u012f \u0160eim\u0173 taryb\u0105. Siekiant stiprinti \u0161eim\u0173 atstov\u0173 dalyvavim\u0105, sprend\u017eiant \u0161eimos politikos klausimus, Socialin\u0117s apsaugos ir darbo ministerijoje sudaroma \u0160im\u0173 taryba. \u0160i taryba dalyvaus formuojant \u0161eimos politik\u0105 ir nustatant \u0161eimos politikos strategines kryptis bei prioritetus, nagrin\u0117s svarbiausius \u0161eimos politikos [&hellip;]","og_url":"https:\/\/www.silutesnaujienos.lt\/lt\/seimoms-atstovaujancios-ir-su-seimomis-dirbancios-nevyriausybines-organizacijos-kvieciamos-siulyti-savo-atstovus-i-seimu-taryba\/","og_site_name":"\u0160ilut\u0117s naujienos","article_publisher":"https:\/\/www.facebook.com\/silutes.naujienos\/","article_published_time":"2017-07-07T09:00:00+00:00","og_image":[{"url":"\/\/silutesnaujienos.lt\/images\/stories\/2017\/07\/thumbnails\/thumb_seima_skamba_kankliai.jpg","type":"","width":"","height":""}],"author":"\u0160ilut\u0117s naujien\u0173 inf.","twitter_card":"summary_large_image","twitter_misc":{"Written by":"\u0160ilut\u0117s naujien\u0173 inf.","Est. reading time":"1 minut\u0117"},"schema":{"@context":"https:\/\/schema.org","@graph":[{"@type":"Article","@id":"https:\/\/www.silutesnaujienos.lt\/lt\/seimoms-atstovaujancios-ir-su-seimomis-dirbancios-nevyriausybines-organizacijos-kvieciamos-siulyti-savo-atstovus-i-seimu-taryba\/#article","isPartOf":{"@id":"https:\/\/www.silutesnaujienos.lt\/lt\/seimoms-atstovaujancios-ir-su-seimomis-dirbancios-nevyriausybines-organizacijos-kvieciamos-siulyti-savo-atstovus-i-seimu-taryba\/"},"author":{"name":"\u0160ilut\u0117s naujien\u0173 inf.","@id":"https:\/\/www.silutesnaujienos.lt\/lt\/#\/schema\/person\/232f475ddd4a7b5f49b3abc788b17e83"},"headline":"\u0160eimoms atstovaujan\u010dios ir su \u0161eimomis dirban\u010dios nevyriausybin\u0117s organizacijos kvie\u010diamos si\u016blyti savo atstovus \u012f \u0160eim\u0173 taryb\u0105","datePublished":"2017-07-07T09:00:00+00:00","mainEntityOfPage":{"@id":"https:\/\/www.silutesnaujienos.lt\/lt\/seimoms-atstovaujancios-ir-su-seimomis-dirbancios-nevyriausybines-organizacijos-kvieciamos-siulyti-savo-atstovus-i-seimu-taryba\/"},"wordCount":189,"commentCount":0,"publisher":{"@id":"https:\/\/www.silutesnaujienos.lt\/lt\/#organization"},"articleSection":["Aktualijos"],"inLanguage":"lt-LT","potentialAction":[{"@type":"CommentAction","name":"Comment","target":["https:\/\/www.silutesnaujienos.lt\/lt\/seimoms-atstovaujancios-ir-su-seimomis-dirbancios-nevyriausybines-organizacijos-kvieciamos-siulyti-savo-atstovus-i-seimu-taryba\/#respond"]}]},{"@type":"WebPage","@id":"https:\/\/www.silutesnaujienos.lt\/lt\/seimoms-atstovaujancios-ir-su-seimomis-dirbancios-nevyriausybines-organizacijos-kvieciamos-siulyti-savo-atstovus-i-seimu-taryba\/","url":"https:\/\/www.silutesnaujienos.lt\/lt\/seimoms-atstovaujancios-ir-su-seimomis-dirbancios-nevyriausybines-organizacijos-kvieciamos-siulyti-savo-atstovus-i-seimu-taryba\/","name":"\u0160eimoms atstovaujan\u010dios ir su \u0161eimomis dirban\u010dios nevyriausybin\u0117s organizacijos kvie\u010diamos si\u016blyti savo atstovus \u012f \u0160eim\u0173 taryb\u0105 - \u0160ilut\u0117s naujienos","isPartOf":{"@id":"https:\/\/www.silutesnaujienos.lt\/lt\/#website"},"datePublished":"2017-07-07T09:00:00+00:00","breadcrumb":{"@id":"https:\/\/www.silutesnaujienos.lt\/lt\/seimoms-atstovaujancios-ir-su-seimomis-dirbancios-nevyriausybines-organizacijos-kvieciamos-siulyti-savo-atstovus-i-seimu-taryba\/#breadcrumb"},"inLanguage":"lt-LT","potentialAction":[{"@type":"ReadAction","target":["https:\/\/www.silutesnaujienos.lt\/lt\/seimoms-atstovaujancios-ir-su-seimomis-dirbancios-nevyriausybines-organizacijos-kvieciamos-siulyti-savo-atstovus-i-seimu-taryba\/"]}]},{"@type":"BreadcrumbList","@id":"https:\/\/www.silutesnaujienos.lt\/lt\/seimoms-atstovaujancios-ir-su-seimomis-dirbancios-nevyriausybines-organizacijos-kvieciamos-siulyti-savo-atstovus-i-seimu-taryba\/#breadcrumb","itemListElement":[{"@type":"ListItem","position":1,"name":"Home","item":"https:\/\/www.silutesnaujienos.lt\/lt\/"},{"@type":"ListItem","position":2,"name":"\u0160eimoms atstovaujan\u010dios ir su \u0161eimomis dirban\u010dios nevyriausybin\u0117s organizacijos kvie\u010diamos si\u016blyti savo atstovus \u012f \u0160eim\u0173 taryb\u0105"}]},{"@type":"WebSite","@id":"https:\/\/www.silutesnaujienos.lt\/lt\/#website","url":"https:\/\/www.silutesnaujienos.lt\/lt\/","name":"\u0160ilut\u0117s naujienos","description":"B\u016bk ant naujien\u0173 bangos!","publisher":{"@id":"https:\/\/www.silutesnaujienos.lt\/lt\/#organization"},"potentialAction":[{"@type":"SearchAction","target":{"@type":"EntryPoint","urlTemplate":"https:\/\/www.silutesnaujienos.lt\/lt\/?s={search_term_string}"},"query-input":{"@type":"PropertyValueSpecification","valueRequired":true,"valueName":"search_term_string"}}],"inLanguage":"lt-LT"},{"@type":"Organization","@id":"https:\/\/www.silutesnaujienos.lt\/lt\/#organization","name":"\u0160ilut\u0117s naujienos","url":"https:\/\/www.silutesnaujienos.lt\/lt\/","logo":{"@type":"ImageObject","inLanguage":"lt-LT","@id":"https:\/\/www.silutesnaujienos.lt\/lt\/#\/schema\/logo\/image\/","url":"https:\/\/www.silutesnaujienos.lt\/lt\/wp-content\/uploads\/2020\/06\/FB_MAIN.jpg","contentUrl":"https:\/\/www.silutesnaujienos.lt\/lt\/wp-content\/uploads\/2020\/06\/FB_MAIN.jpg","width":1700,"height":956,"caption":"\u0160ilut\u0117s naujienos"},"image":{"@id":"https:\/\/www.silutesnaujienos.lt\/lt\/#\/schema\/logo\/image\/"},"sameAs":["https:\/\/www.facebook.com\/silutes.naujienos\/","https:\/\/www.youtube.com\/channel\/UCxW-cgrJDt8GxIMxSTAfJZg"]},{"@type":"Person","@id":"https:\/\/www.silutesnaujienos.lt\/lt\/#\/schema\/person\/232f475ddd4a7b5f49b3abc788b17e83","name":"\u0160ilut\u0117s naujien\u0173 inf.","image":{"@type":"ImageObject","inLanguage":"lt-LT","@id":"https:\/\/www.silutesnaujienos.lt\/lt\/wp-content\/uploads\/2020\/06\/favicon.png","url":"https:\/\/www.silutesnaujienos.lt\/lt\/wp-content\/uploads\/2020\/06\/favicon.png","contentUrl":"https:\/\/www.silutesnaujienos.lt\/lt\/wp-content\/uploads\/2020\/06\/favicon.png","caption":"\u0160ilut\u0117s naujien\u0173 inf."},"sameAs":["https:\/\/www.silutesnaujienos.lt\/lt"],"url":"https:\/\/www.silutesnaujienos.lt\/lt\/author\/ruta\/"}]}},"publishpress_future_workflow_manual_trigger":{"enabledWorkflows":[]},"amp_enabled":true,"_links":{"self":[{"href":"https:\/\/www.silutesnaujienos.lt\/lt\/wp-json\/wp\/v2\/posts\/12442","targetHints":{"allow":["GET"]}}],"collection":[{"href":"https:\/\/www.silutesnaujienos.lt\/lt\/wp-json\/wp\/v2\/posts"}],"about":[{"href":"https:\/\/www.silutesnaujienos.lt\/lt\/wp-json\/wp\/v2\/types\/post"}],"author":[{"embeddable":true,"href":"https:\/\/www.silutesnaujienos.lt\/lt\/wp-json\/wp\/v2\/users\/1"}],"replies":[{"embeddable":true,"href":"https:\/\/www.silutesnaujienos.lt\/lt\/wp-json\/wp\/v2\/comments?post=12442"}],"version-history":[{"count":0,"href":"https:\/\/www.silutesnaujienos.lt\/lt\/wp-json\/wp\/v2\/posts\/12442\/revisions"}],"wp:attachment":[{"href":"https:\/\/www.silutesnaujienos.lt\/lt\/wp-json\/wp\/v2\/media?parent=12442"}],"wp:term":[{"taxonomy":"category","embeddable":true,"href":"https:\/\/www.silutesnaujienos.lt\/lt\/wp-json\/wp\/v2\/categories?post=12442"},{"taxonomy":"post_tag","embeddable":true,"href":"https:\/\/www.silutesnaujienos.lt\/lt\/wp-json\/wp\/v2\/tags?post=12442"}],"curies":[{"name":"wp","href":"https:\/\/api.w.org\/{rel}","templated":true}]}}