{"id":14087,"date":"2012-10-31T08:00:00","date_gmt":"2012-10-31T10:00:00","guid":{"rendered":"https:\/\/www.silutesnaujienos.lt\/lt\/s-skutuliene-irode-kad-posedziu-nelanke-del-ligos\/"},"modified":"2012-10-31T08:00:00","modified_gmt":"2012-10-31T10:00:00","slug":"s-skutuliene-irode-kad-posedziu-nelanke-del-ligos","status":"publish","type":"post","link":"https:\/\/www.silutesnaujienos.lt\/lt\/s-skutuliene-irode-kad-posedziu-nelanke-del-ligos\/","title":{"rendered":"S.Skutulien\u0117 \u012frod\u0117, kad pos\u0117d\u017ei\u0173 nelank\u0117 d\u0117l ligos"},"content":{"rendered":"<p><a target=\"_blank\" class=\"jcepopup\" href=\"\/\/silutesnaujienos.lt\/images\/stories\/2012\/10\/31\/Stase_DSC_1171.jpg\" rel=\"noopener noreferrer\" data-rel=\"lightbox-gallery-DeY3xBCT\" data-rl_title=\"\" data-rl_caption=\"\" title=\"\"><img loading=\"lazy\" decoding=\"async\" style=\"margin: 5px; float: left;\" alt=\"Stase DSC 1171\" src=\"\/\/silutesnaujienos.lt\/images\/stories\/2012\/10\/31\/thumbnails\/thumb_Stase_DSC_1171.jpg\" height=\"230\" width=\"307\" \/><\/a><strong>Savivaldyb\u0117s Etikos komisija nutar\u0117, kad rajono politik\u0117 Stas\u0117 Skutulien\u0117 nepa\u017eeid\u0117 Tarybos nar\u0117s etikos, kai vasar\u0105 praleido 5 Tarybos pos\u0117d\u017eius. Tok\u012f parei\u0161kim\u0105 pra\u0117jus\u012f ketvirtadien\u012f rajono Tarybos pos\u0117d\u017eio metu perskait\u0117 komisijos pirmininkas Juozas Sauspre\u0161kis.&nbsp;&nbsp;<\/strong> <\/p>\n<p>Prie\u0161 m\u0117nes\u012f socialdemokrat\u0173 frakcijos politikai rajono mer\u0119 Daiv\u0105 \u017debelien\u0119 \u012fpareigojo i\u0161siai\u0161kinti, ar rajono politik\u0117 S.Skutulien\u0117 gali eiti Tarybos nar\u0117s pareigas, nes ji i\u0161 eil\u0117s buvo praleidusi 5 rajono Tarybos pos\u0117d\u017eius. Rajono mer\u0117 \u0161\u012f klausim\u0105 perdav\u0117 svarstyti savivaldyb\u0117s Etikos komisijai.<\/p>\n<p>Etikos komisija, kuriai vadovauja J.Sauspre\u0161kis, S.Skutulien\u0117s elgesio svarstyti rinkosi net du kartus. Komisijai nebuvo pateikti oficial\u016bs dokumentai apie praleidim\u0173 prie\u017eastis, tik S.Skutulien\u0117s \u017eodinis paai\u0161kinimas, kad sirgo.<\/p>\n<p>Rajono Tarybos sekretoriatas patvirtino, kad 4 kartus prie\u0161 pos\u0117d\u017eius S.Skutulien\u0117 sekretoriatui prane\u0161\u0117, jog pos\u0117dyje nedalyvaus, ta\u010diau nemin\u0117jo prie\u017eas\u010di\u0173.<\/p>\n<p>Etikos komisija tur\u0117jo tik S.Skutulien\u0117s vie\u0161\u0105 parei\u0161kim\u0105, kuriame ji \u201eskalb\u0117\u201c savo buvusius partie\u010dius u\u017e pastangas atimti i\u0161 jos rajono politik\u0117s mandat\u0105. S.Skutulien\u0117s pykt\u012f tuomet suk\u0117l\u0117 ne tik politik\u0173 pastangos j\u0105 i\u0161stumti i\u0161 rajono Tarybos, bet ir \u201e\u0160ilut\u0117s naujien\u0173\u201c&nbsp; pavie\u0161intas faktas, jog nelankydama pos\u0117d\u017ei\u0173 politik\u0117 \u0117m\u0117 i\u0161 Savivaldyb\u0117s biud\u017eeto pinigus i\u0161laidoms, susijusioms su Tarybos nario veikla. I\u0161 viso pasi\u0117m\u0117 daugiau kaip 2500 Lt.<\/p>\n<p>Etikos komisija klausimo d\u0117l S.Skutulien\u0117s paimt\u0173 l\u0117\u0161\u0173 nesvarst\u0117.<\/p>\n<p>Sprendim\u0105 d\u0117l S.Skutulien\u0117s nekaltumo Etikos komisija pri\u0117m\u0117 tik pabendravusi su pa\u010dia politike u\u017edarame pos\u0117dyje. \u017diniasklaidininkai \u012f pos\u0117d\u012f nebuvo \u012fleisti, kad negird\u0117t\u0173 konfidencialios informacijos apie S.Skutulien\u0117s sveikat\u0105. Etikos komisijos nariai \u012fsitikino, jog politik\u0117 nelank\u0117 pos\u0117d\u017ei\u0173, nes sirgo.<\/p>\n<p>S.Skutulien\u0117 rajono Tarybos pos\u0117d\u017eio metu pad\u0117kojo bema\u017e visiems Tarybos nariams, pamin\u0117dama j\u0173 vardus ir pavardes, u\u017e palaikym\u0105 jai sunkiu laikotarpiu. Socialdemokrat\u0173 pavard\u017ei\u0173 \u0161iame pad\u0117kos s\u0105ra\u0161e nebuvo.<\/p>\n","protected":false},"excerpt":{"rendered":"<p>Savivaldyb\u0117s Etikos komisija nutar\u0117, kad rajono politik\u0117 Stas\u0117 Skutulien\u0117 nepa\u017eeid\u0117 Tarybos nar\u0117s etikos, kai vasar\u0105 praleido 5 Tarybos pos\u0117d\u017eius. Tok\u012f parei\u0161kim\u0105 pra\u0117jus\u012f ketvirtadien\u012f rajono Tarybos pos\u0117d\u017eio metu perskait\u0117 komisijos pirmininkas Juozas Sauspre\u0161kis.&nbsp;&nbsp; Prie\u0161 m\u0117nes\u012f socialdemokrat\u0173 frakcijos politikai rajono mer\u0119 Daiv\u0105 \u017debelien\u0119 \u012fpareigojo i\u0161siai\u0161kinti, ar rajono politik\u0117 S.Skutulien\u0117 gali eiti Tarybos nar\u0117s pareigas, nes ji i\u0161 [&hellip;]<\/p>\n","protected":false},"author":1,"featured_media":0,"comment_status":"open","ping_status":"open","sticky":false,"template":"","format":"standard","meta":{"footnotes":""},"categories":[2],"tags":[],"class_list":{"0":"post-14087","1":"post","2":"type-post","3":"status-publish","4":"format-standard","6":"category-aktualijos"},"yoast_head":"<!-- This site is optimized with the Yoast SEO plugin v27.5 - https:\/\/yoast.com\/product\/yoast-seo-wordpress\/ -->\n<title>S.Skutulien\u0117 \u012frod\u0117, kad pos\u0117d\u017ei\u0173 nelank\u0117 d\u0117l ligos - \u0160ilut\u0117s naujienos<\/title>\n<meta name=\"robots\" content=\"index, follow, max-snippet:-1, max-image-preview:large, max-video-preview:-1\" \/>\n<link rel=\"canonical\" href=\"https:\/\/www.silutesnaujienos.lt\/lt\/s-skutuliene-irode-kad-posedziu-nelanke-del-ligos\/\" \/>\n<meta property=\"og:locale\" content=\"lt_LT\" \/>\n<meta property=\"og:type\" content=\"article\" \/>\n<meta property=\"og:title\" content=\"S.Skutulien\u0117 \u012frod\u0117, kad pos\u0117d\u017ei\u0173 nelank\u0117 d\u0117l ligos - \u0160ilut\u0117s naujienos\" \/>\n<meta property=\"og:description\" content=\"Savivaldyb\u0117s Etikos komisija nutar\u0117, kad rajono politik\u0117 Stas\u0117 Skutulien\u0117 nepa\u017eeid\u0117 Tarybos nar\u0117s etikos, kai vasar\u0105 praleido 5 Tarybos pos\u0117d\u017eius. Tok\u012f parei\u0161kim\u0105 pra\u0117jus\u012f ketvirtadien\u012f rajono Tarybos pos\u0117d\u017eio metu perskait\u0117 komisijos pirmininkas Juozas Sauspre\u0161kis.&nbsp;&nbsp; Prie\u0161 m\u0117nes\u012f socialdemokrat\u0173 frakcijos politikai rajono mer\u0119 Daiv\u0105 \u017debelien\u0119 \u012fpareigojo i\u0161siai\u0161kinti, ar rajono politik\u0117 S.Skutulien\u0117 gali eiti Tarybos nar\u0117s pareigas, nes ji i\u0161 [&hellip;]\" \/>\n<meta property=\"og:url\" content=\"https:\/\/www.silutesnaujienos.lt\/lt\/s-skutuliene-irode-kad-posedziu-nelanke-del-ligos\/\" \/>\n<meta property=\"og:site_name\" content=\"\u0160ilut\u0117s naujienos\" \/>\n<meta property=\"article:publisher\" content=\"https:\/\/www.facebook.com\/silutes.naujienos\/\" \/>\n<meta property=\"article:published_time\" content=\"2012-10-31T10:00:00+00:00\" \/>\n<meta property=\"og:image\" content=\"\/\/silutesnaujienos.lt\/images\/stories\/2012\/10\/31\/thumbnails\/thumb_Stase_DSC_1171.jpg\" \/>\n<meta name=\"author\" content=\"\u0160ilut\u0117s naujien\u0173 inf.\" \/>\n<meta name=\"twitter:card\" content=\"summary_large_image\" \/>\n<meta name=\"twitter:label1\" content=\"Written by\" \/>\n\t<meta name=\"twitter:data1\" content=\"\u0160ilut\u0117s naujien\u0173 inf.\" \/>\n\t<meta name=\"twitter:label2\" content=\"Est. reading time\" \/>\n\t<meta name=\"twitter:data2\" content=\"2 minut\u0117s\" \/>\n<script type=\"application\/ld+json\" class=\"yoast-schema-graph\">{\"@context\":\"https:\\\/\\\/schema.org\",\"@graph\":[{\"@type\":\"Article\",\"@id\":\"https:\\\/\\\/www.silutesnaujienos.lt\\\/lt\\\/s-skutuliene-irode-kad-posedziu-nelanke-del-ligos\\\/#article\",\"isPartOf\":{\"@id\":\"https:\\\/\\\/www.silutesnaujienos.lt\\\/lt\\\/s-skutuliene-irode-kad-posedziu-nelanke-del-ligos\\\/\"},\"author\":{\"name\":\"\u0160ilut\u0117s naujien\u0173 inf.\",\"@id\":\"https:\\\/\\\/www.silutesnaujienos.lt\\\/lt\\\/#\\\/schema\\\/person\\\/232f475ddd4a7b5f49b3abc788b17e83\"},\"headline\":\"S.Skutulien\u0117 \u012frod\u0117, kad pos\u0117d\u017ei\u0173 nelank\u0117 d\u0117l ligos\",\"datePublished\":\"2012-10-31T10:00:00+00:00\",\"mainEntityOfPage\":{\"@id\":\"https:\\\/\\\/www.silutesnaujienos.lt\\\/lt\\\/s-skutuliene-irode-kad-posedziu-nelanke-del-ligos\\\/\"},\"wordCount\":334,\"commentCount\":0,\"publisher\":{\"@id\":\"https:\\\/\\\/www.silutesnaujienos.lt\\\/lt\\\/#organization\"},\"articleSection\":[\"Aktualijos\"],\"inLanguage\":\"lt-LT\",\"potentialAction\":[{\"@type\":\"CommentAction\",\"name\":\"Comment\",\"target\":[\"https:\\\/\\\/www.silutesnaujienos.lt\\\/lt\\\/s-skutuliene-irode-kad-posedziu-nelanke-del-ligos\\\/#respond\"]}]},{\"@type\":\"WebPage\",\"@id\":\"https:\\\/\\\/www.silutesnaujienos.lt\\\/lt\\\/s-skutuliene-irode-kad-posedziu-nelanke-del-ligos\\\/\",\"url\":\"https:\\\/\\\/www.silutesnaujienos.lt\\\/lt\\\/s-skutuliene-irode-kad-posedziu-nelanke-del-ligos\\\/\",\"name\":\"S.Skutulien\u0117 \u012frod\u0117, kad pos\u0117d\u017ei\u0173 nelank\u0117 d\u0117l ligos - \u0160ilut\u0117s naujienos\",\"isPartOf\":{\"@id\":\"https:\\\/\\\/www.silutesnaujienos.lt\\\/lt\\\/#website\"},\"datePublished\":\"2012-10-31T10:00:00+00:00\",\"breadcrumb\":{\"@id\":\"https:\\\/\\\/www.silutesnaujienos.lt\\\/lt\\\/s-skutuliene-irode-kad-posedziu-nelanke-del-ligos\\\/#breadcrumb\"},\"inLanguage\":\"lt-LT\",\"potentialAction\":[{\"@type\":\"ReadAction\",\"target\":[\"https:\\\/\\\/www.silutesnaujienos.lt\\\/lt\\\/s-skutuliene-irode-kad-posedziu-nelanke-del-ligos\\\/\"]}]},{\"@type\":\"BreadcrumbList\",\"@id\":\"https:\\\/\\\/www.silutesnaujienos.lt\\\/lt\\\/s-skutuliene-irode-kad-posedziu-nelanke-del-ligos\\\/#breadcrumb\",\"itemListElement\":[{\"@type\":\"ListItem\",\"position\":1,\"name\":\"Home\",\"item\":\"https:\\\/\\\/www.silutesnaujienos.lt\\\/lt\\\/\"},{\"@type\":\"ListItem\",\"position\":2,\"name\":\"S.Skutulien\u0117 \u012frod\u0117, kad pos\u0117d\u017ei\u0173 nelank\u0117 d\u0117l ligos\"}]},{\"@type\":\"WebSite\",\"@id\":\"https:\\\/\\\/www.silutesnaujienos.lt\\\/lt\\\/#website\",\"url\":\"https:\\\/\\\/www.silutesnaujienos.lt\\\/lt\\\/\",\"name\":\"\u0160ilut\u0117s naujienos\",\"description\":\"B\u016bk ant naujien\u0173 bangos!\",\"publisher\":{\"@id\":\"https:\\\/\\\/www.silutesnaujienos.lt\\\/lt\\\/#organization\"},\"potentialAction\":[{\"@type\":\"SearchAction\",\"target\":{\"@type\":\"EntryPoint\",\"urlTemplate\":\"https:\\\/\\\/www.silutesnaujienos.lt\\\/lt\\\/?s={search_term_string}\"},\"query-input\":{\"@type\":\"PropertyValueSpecification\",\"valueRequired\":true,\"valueName\":\"search_term_string\"}}],\"inLanguage\":\"lt-LT\"},{\"@type\":\"Organization\",\"@id\":\"https:\\\/\\\/www.silutesnaujienos.lt\\\/lt\\\/#organization\",\"name\":\"\u0160ilut\u0117s naujienos\",\"url\":\"https:\\\/\\\/www.silutesnaujienos.lt\\\/lt\\\/\",\"logo\":{\"@type\":\"ImageObject\",\"inLanguage\":\"lt-LT\",\"@id\":\"https:\\\/\\\/www.silutesnaujienos.lt\\\/lt\\\/#\\\/schema\\\/logo\\\/image\\\/\",\"url\":\"https:\\\/\\\/www.silutesnaujienos.lt\\\/lt\\\/wp-content\\\/uploads\\\/2020\\\/06\\\/FB_MAIN.jpg\",\"contentUrl\":\"https:\\\/\\\/www.silutesnaujienos.lt\\\/lt\\\/wp-content\\\/uploads\\\/2020\\\/06\\\/FB_MAIN.jpg\",\"width\":1700,\"height\":956,\"caption\":\"\u0160ilut\u0117s naujienos\"},\"image\":{\"@id\":\"https:\\\/\\\/www.silutesnaujienos.lt\\\/lt\\\/#\\\/schema\\\/logo\\\/image\\\/\"},\"sameAs\":[\"https:\\\/\\\/www.facebook.com\\\/silutes.naujienos\\\/\",\"https:\\\/\\\/www.youtube.com\\\/channel\\\/UCxW-cgrJDt8GxIMxSTAfJZg\"]},{\"@type\":\"Person\",\"@id\":\"https:\\\/\\\/www.silutesnaujienos.lt\\\/lt\\\/#\\\/schema\\\/person\\\/232f475ddd4a7b5f49b3abc788b17e83\",\"name\":\"\u0160ilut\u0117s naujien\u0173 inf.\",\"image\":{\"@type\":\"ImageObject\",\"inLanguage\":\"lt-LT\",\"@id\":\"https:\\\/\\\/www.silutesnaujienos.lt\\\/lt\\\/wp-content\\\/uploads\\\/2020\\\/06\\\/favicon.png\",\"url\":\"https:\\\/\\\/www.silutesnaujienos.lt\\\/lt\\\/wp-content\\\/uploads\\\/2020\\\/06\\\/favicon.png\",\"contentUrl\":\"https:\\\/\\\/www.silutesnaujienos.lt\\\/lt\\\/wp-content\\\/uploads\\\/2020\\\/06\\\/favicon.png\",\"caption\":\"\u0160ilut\u0117s naujien\u0173 inf.\"},\"sameAs\":[\"https:\\\/\\\/www.silutesnaujienos.lt\\\/lt\"],\"url\":\"https:\\\/\\\/www.silutesnaujienos.lt\\\/lt\\\/author\\\/ruta\\\/\"}]}<\/script>\n<!-- \/ Yoast SEO plugin. -->","yoast_head_json":{"title":"S.Skutulien\u0117 \u012frod\u0117, kad pos\u0117d\u017ei\u0173 nelank\u0117 d\u0117l ligos - \u0160ilut\u0117s naujienos","robots":{"index":"index","follow":"follow","max-snippet":"max-snippet:-1","max-image-preview":"max-image-preview:large","max-video-preview":"max-video-preview:-1"},"canonical":"https:\/\/www.silutesnaujienos.lt\/lt\/s-skutuliene-irode-kad-posedziu-nelanke-del-ligos\/","og_locale":"lt_LT","og_type":"article","og_title":"S.Skutulien\u0117 \u012frod\u0117, kad pos\u0117d\u017ei\u0173 nelank\u0117 d\u0117l ligos - \u0160ilut\u0117s naujienos","og_description":"Savivaldyb\u0117s Etikos komisija nutar\u0117, kad rajono politik\u0117 Stas\u0117 Skutulien\u0117 nepa\u017eeid\u0117 Tarybos nar\u0117s etikos, kai vasar\u0105 praleido 5 Tarybos pos\u0117d\u017eius. Tok\u012f parei\u0161kim\u0105 pra\u0117jus\u012f ketvirtadien\u012f rajono Tarybos pos\u0117d\u017eio metu perskait\u0117 komisijos pirmininkas Juozas Sauspre\u0161kis.&nbsp;&nbsp; Prie\u0161 m\u0117nes\u012f socialdemokrat\u0173 frakcijos politikai rajono mer\u0119 Daiv\u0105 \u017debelien\u0119 \u012fpareigojo i\u0161siai\u0161kinti, ar rajono politik\u0117 S.Skutulien\u0117 gali eiti Tarybos nar\u0117s pareigas, nes ji i\u0161 [&hellip;]","og_url":"https:\/\/www.silutesnaujienos.lt\/lt\/s-skutuliene-irode-kad-posedziu-nelanke-del-ligos\/","og_site_name":"\u0160ilut\u0117s naujienos","article_publisher":"https:\/\/www.facebook.com\/silutes.naujienos\/","article_published_time":"2012-10-31T10:00:00+00:00","og_image":[{"url":"\/\/silutesnaujienos.lt\/images\/stories\/2012\/10\/31\/thumbnails\/thumb_Stase_DSC_1171.jpg","type":"","width":"","height":""}],"author":"\u0160ilut\u0117s naujien\u0173 inf.","twitter_card":"summary_large_image","twitter_misc":{"Written by":"\u0160ilut\u0117s naujien\u0173 inf.","Est. reading time":"2 minut\u0117s"},"schema":{"@context":"https:\/\/schema.org","@graph":[{"@type":"Article","@id":"https:\/\/www.silutesnaujienos.lt\/lt\/s-skutuliene-irode-kad-posedziu-nelanke-del-ligos\/#article","isPartOf":{"@id":"https:\/\/www.silutesnaujienos.lt\/lt\/s-skutuliene-irode-kad-posedziu-nelanke-del-ligos\/"},"author":{"name":"\u0160ilut\u0117s naujien\u0173 inf.","@id":"https:\/\/www.silutesnaujienos.lt\/lt\/#\/schema\/person\/232f475ddd4a7b5f49b3abc788b17e83"},"headline":"S.Skutulien\u0117 \u012frod\u0117, kad pos\u0117d\u017ei\u0173 nelank\u0117 d\u0117l ligos","datePublished":"2012-10-31T10:00:00+00:00","mainEntityOfPage":{"@id":"https:\/\/www.silutesnaujienos.lt\/lt\/s-skutuliene-irode-kad-posedziu-nelanke-del-ligos\/"},"wordCount":334,"commentCount":0,"publisher":{"@id":"https:\/\/www.silutesnaujienos.lt\/lt\/#organization"},"articleSection":["Aktualijos"],"inLanguage":"lt-LT","potentialAction":[{"@type":"CommentAction","name":"Comment","target":["https:\/\/www.silutesnaujienos.lt\/lt\/s-skutuliene-irode-kad-posedziu-nelanke-del-ligos\/#respond"]}]},{"@type":"WebPage","@id":"https:\/\/www.silutesnaujienos.lt\/lt\/s-skutuliene-irode-kad-posedziu-nelanke-del-ligos\/","url":"https:\/\/www.silutesnaujienos.lt\/lt\/s-skutuliene-irode-kad-posedziu-nelanke-del-ligos\/","name":"S.Skutulien\u0117 \u012frod\u0117, kad pos\u0117d\u017ei\u0173 nelank\u0117 d\u0117l ligos - \u0160ilut\u0117s naujienos","isPartOf":{"@id":"https:\/\/www.silutesnaujienos.lt\/lt\/#website"},"datePublished":"2012-10-31T10:00:00+00:00","breadcrumb":{"@id":"https:\/\/www.silutesnaujienos.lt\/lt\/s-skutuliene-irode-kad-posedziu-nelanke-del-ligos\/#breadcrumb"},"inLanguage":"lt-LT","potentialAction":[{"@type":"ReadAction","target":["https:\/\/www.silutesnaujienos.lt\/lt\/s-skutuliene-irode-kad-posedziu-nelanke-del-ligos\/"]}]},{"@type":"BreadcrumbList","@id":"https:\/\/www.silutesnaujienos.lt\/lt\/s-skutuliene-irode-kad-posedziu-nelanke-del-ligos\/#breadcrumb","itemListElement":[{"@type":"ListItem","position":1,"name":"Home","item":"https:\/\/www.silutesnaujienos.lt\/lt\/"},{"@type":"ListItem","position":2,"name":"S.Skutulien\u0117 \u012frod\u0117, kad pos\u0117d\u017ei\u0173 nelank\u0117 d\u0117l ligos"}]},{"@type":"WebSite","@id":"https:\/\/www.silutesnaujienos.lt\/lt\/#website","url":"https:\/\/www.silutesnaujienos.lt\/lt\/","name":"\u0160ilut\u0117s naujienos","description":"B\u016bk ant naujien\u0173 bangos!","publisher":{"@id":"https:\/\/www.silutesnaujienos.lt\/lt\/#organization"},"potentialAction":[{"@type":"SearchAction","target":{"@type":"EntryPoint","urlTemplate":"https:\/\/www.silutesnaujienos.lt\/lt\/?s={search_term_string}"},"query-input":{"@type":"PropertyValueSpecification","valueRequired":true,"valueName":"search_term_string"}}],"inLanguage":"lt-LT"},{"@type":"Organization","@id":"https:\/\/www.silutesnaujienos.lt\/lt\/#organization","name":"\u0160ilut\u0117s naujienos","url":"https:\/\/www.silutesnaujienos.lt\/lt\/","logo":{"@type":"ImageObject","inLanguage":"lt-LT","@id":"https:\/\/www.silutesnaujienos.lt\/lt\/#\/schema\/logo\/image\/","url":"https:\/\/www.silutesnaujienos.lt\/lt\/wp-content\/uploads\/2020\/06\/FB_MAIN.jpg","contentUrl":"https:\/\/www.silutesnaujienos.lt\/lt\/wp-content\/uploads\/2020\/06\/FB_MAIN.jpg","width":1700,"height":956,"caption":"\u0160ilut\u0117s naujienos"},"image":{"@id":"https:\/\/www.silutesnaujienos.lt\/lt\/#\/schema\/logo\/image\/"},"sameAs":["https:\/\/www.facebook.com\/silutes.naujienos\/","https:\/\/www.youtube.com\/channel\/UCxW-cgrJDt8GxIMxSTAfJZg"]},{"@type":"Person","@id":"https:\/\/www.silutesnaujienos.lt\/lt\/#\/schema\/person\/232f475ddd4a7b5f49b3abc788b17e83","name":"\u0160ilut\u0117s naujien\u0173 inf.","image":{"@type":"ImageObject","inLanguage":"lt-LT","@id":"https:\/\/www.silutesnaujienos.lt\/lt\/wp-content\/uploads\/2020\/06\/favicon.png","url":"https:\/\/www.silutesnaujienos.lt\/lt\/wp-content\/uploads\/2020\/06\/favicon.png","contentUrl":"https:\/\/www.silutesnaujienos.lt\/lt\/wp-content\/uploads\/2020\/06\/favicon.png","caption":"\u0160ilut\u0117s naujien\u0173 inf."},"sameAs":["https:\/\/www.silutesnaujienos.lt\/lt"],"url":"https:\/\/www.silutesnaujienos.lt\/lt\/author\/ruta\/"}]}},"publishpress_future_workflow_manual_trigger":{"enabledWorkflows":[]},"amp_enabled":true,"_links":{"self":[{"href":"https:\/\/www.silutesnaujienos.lt\/lt\/wp-json\/wp\/v2\/posts\/14087","targetHints":{"allow":["GET"]}}],"collection":[{"href":"https:\/\/www.silutesnaujienos.lt\/lt\/wp-json\/wp\/v2\/posts"}],"about":[{"href":"https:\/\/www.silutesnaujienos.lt\/lt\/wp-json\/wp\/v2\/types\/post"}],"author":[{"embeddable":true,"href":"https:\/\/www.silutesnaujienos.lt\/lt\/wp-json\/wp\/v2\/users\/1"}],"replies":[{"embeddable":true,"href":"https:\/\/www.silutesnaujienos.lt\/lt\/wp-json\/wp\/v2\/comments?post=14087"}],"version-history":[{"count":0,"href":"https:\/\/www.silutesnaujienos.lt\/lt\/wp-json\/wp\/v2\/posts\/14087\/revisions"}],"wp:attachment":[{"href":"https:\/\/www.silutesnaujienos.lt\/lt\/wp-json\/wp\/v2\/media?parent=14087"}],"wp:term":[{"taxonomy":"category","embeddable":true,"href":"https:\/\/www.silutesnaujienos.lt\/lt\/wp-json\/wp\/v2\/categories?post=14087"},{"taxonomy":"post_tag","embeddable":true,"href":"https:\/\/www.silutesnaujienos.lt\/lt\/wp-json\/wp\/v2\/tags?post=14087"}],"curies":[{"name":"wp","href":"https:\/\/api.w.org\/{rel}","templated":true}]}}