{"id":14088,"date":"2012-10-31T12:00:00","date_gmt":"2012-10-31T14:00:00","guid":{"rendered":"https:\/\/www.silutesnaujienos.lt\/lt\/finiso-i-seima-tiesiojoje-vienas-lyderis-isliko-kitas-atsiliko\/"},"modified":"2012-10-31T12:00:00","modified_gmt":"2012-10-31T14:00:00","slug":"finiso-i-seima-tiesiojoje-vienas-lyderis-isliko-kitas-atsiliko","status":"publish","type":"post","link":"https:\/\/www.silutesnaujienos.lt\/lt\/finiso-i-seima-tiesiojoje-vienas-lyderis-isliko-kitas-atsiliko\/","title":{"rendered":"Fini\u0161o \u012f Seim\u0105 tiesiojoje: vienas lyderis i\u0161liko,  kitas &#8211; atsiliko"},"content":{"rendered":"<p><a target=\"_blank\" rel=\"caption[A.Skard\u017eiui pavyko aplenkti konkurent\u0105 K.Komsk\u012f.] noopener noreferrer\" class=\"jcepopup\" href=\"\/\/silutesnaujienos.lt\/images\/stories\/2012\/10\/31\/koskisSkardzius_copy.jpg\" data-rel=\"lightbox-gallery-4QS2ortm\" data-rl_title=\"\" data-rl_caption=\"\"><img loading=\"lazy\" decoding=\"async\" style=\"margin: 5px; float: left;\" class=\"caption\" title=\"\" alt=\"koskisSkardzius copy\" src=\"\/\/silutesnaujienos.lt\/images\/stories\/2012\/10\/31\/thumbnails\/thumb_koskisSkardzius_copy.jpg\" height=\"230\" width=\"307\" \/><\/a><strong>\u0160ilut\u0117s rajono rink\u0117jams naujosios kadencijos Seime atstovaus trys Seimo nariai: per pirm\u0105j\u012f rinkim\u0173 tur\u0105 pagal partijos Tvarka ir teisingumas s\u0105ra\u0161\u0105 mandat\u0105 i\u0161kovoj\u0119s K\u0119stas Komskis ir antrojo rinkim\u0173 turo metu \u0160ilut\u0117s &#8211; Pag\u0117gi\u0173 rinkim\u0173 apygardoje mandat\u0105 i\u0161kovoj\u0119s socialdemokratas Art\u016bras Skard\u017eius bei \u0160ilal\u0117s &#8211; \u0160ilut\u0117s rinkim\u0173 apygardoje nugal\u0117j\u0119s \u201etvarkietis\u201c Remigijus \u017demaitaitis.<\/strong><\/p>\n<p><strong>Pastarasis vos nelaim\u0117jo jau pirmajame ture, kur juo pasitik\u0117jo 46 proc. rink\u0117j\u0173. O II ture lyderio pozicijas dar labiau sustiprino &#8211; gavo net 70,91 proc. bals\u0173.<\/strong><\/p>\n<p>\u0160ilut\u0117s &#8211; Pag\u0117gi\u0173 apygardoje pirmajame rinkim\u0173 ture K.Komskis buvo lyderis &#8211; gavo 28,48 proc. rink\u0117j\u0173 bals\u0173, o antroje vietoje lik\u0119s A.Skard\u017eius &#8211; 14,53 proc. bals\u0173. Ta\u010diau antrajame rinkim\u0173 ture \u201etvarkie\u010diui\u201c teko pripa\u017einti socialdemokrato prana\u0161um\u0105 vos vienu procentu.<\/p>\n<p><strong>R.\u017demaitaitis &#8211; vienas populiariausi\u0173 \u0161alyje<\/strong><\/p>\n<p>Antrasis Seimo rinkim\u0173 turas \u0160ilal\u0117s &#8211; \u0160ilut\u0117s rinkim\u0173 apygardoje staigmen\u0173 neatne\u0161\u0117: solid\u017eia bals\u0173 persvara &#8211; beveik 5700 bals\u0173 &#8211; konkurent\u0105 konservatori\u0173 Jon\u0105 Gudausk\u0105, einant\u012f \u0160ilal\u0117s rajono mero pareigas, nugal\u0117jo jaunas parlamentaras \u0161iluti\u0161kis Remigijus \u017demaitaitis, partijos Tvarka ir teisingumas narys.<\/p>\n<p>U\u017e R.\u017demaitait\u012f balsus atidav\u0117 9649 rink\u0117jai, u\u017e J.Gudausk\u0105 &#8211; 3958 rink\u0117jai. <\/p>\n<p>Beje, \u0161is rinkim\u0173 turas \u012frod\u0117, kad R.\u017demaitaitis &#8211; vienas populiariausi\u0173 naujosios kadencijos Seimo nari\u0173 &#8211; u\u017e j\u012f balsavo net 70,91 proc. \u012f II rinkim\u0173 tur\u0105 at\u0117jusi\u0173 rink\u0117j\u0173. Auk\u0161tesn\u012f pasitik\u0117jimo procent\u0105 pasiek\u0117 tik trys b\u016bsimo Seimo nariai: socialdemokratas Edvardas \u017dakaris (75,77 proc.), pats i\u0161sik\u0117l\u0119s Andrius Palionis (72,84 proc.) ir pats i\u0161sik\u0117l\u0119s Povilas Urb\u0161ys (70,94 proc.).<\/p>\n<p>Per\u017ei\u016br\u0117jus Vyriausiosios rinkim\u0173 komisijos paskelbtus rinkim\u0173 duomenis, akivaizdu, kad R.\u017demaitaitis vienodai populiarus ir \u0160ilal\u0117s, ir \u0160ilut\u0117s rajonuose. Tik vienoje \u0160ilal\u0117s rajono apylink\u0117je &#8211; Didkiemio &#8211; u\u017e R.\u017demaitait\u012f balsavo kiek daugiau nei 53 proc. \u012f rinkimus at\u0117jusi\u0173 \u017emoni\u0173, o visose kitose apylink\u0117se u\u017e j\u012f balsus atidav\u0117 nuo 60 iki 94 proc. rink\u0117j\u0173.<\/p>\n<p>\u0160ilut\u0117s rajone did\u017eiausi\u0105 pasitik\u0117jim\u0105 R.\u017demaitaitis tur\u0117jo Kivyliuose (u\u017e j\u012f balsavo 93,60 proc. rink\u0117j\u0173), Gorainiuose (balsavo 89,43 proc. rink\u0117j\u0173), Katy\u010diuose (balsavo 84,88 proc. rink\u0117j\u0173). Populiariausias \u0160ilal\u0117s rajone R.\u017demaitaitis buvo Bir\u017e\u0173 Lauko apylink\u0117je &#8211; u\u017e j\u012f balsavo 85,53 proc. \u012f rinkimus at\u0117jusi\u0173 \u017emoni\u0173.<\/p>\n<p><strong>\u0160ilut\u0117s miestas temp\u0117 A.Skard\u017ei\u0173, Pag\u0117gi\u0173 kra\u0161tas &#8211; K.Komsk\u012f<\/strong><a target=\"_blank\" rel=\"caption[R.\u017demaitaitis - vienas populiariausi\u0173 naujosios kadencijos Seimo nari\u0173. ] noopener noreferrer\" class=\"jcepopup\" href=\"\/\/silutesnaujienos.lt\/images\/stories\/2012\/10\/31\/zemaitaitis_sarzas.jpg\" data-rel=\"lightbox-gallery-4QS2ortm\" data-rl_title=\"\" data-rl_caption=\"\"><img loading=\"lazy\" decoding=\"async\" style=\"margin: 5px; float: right;\" class=\"caption\" title=\"\" alt=\"zemaitaitis sarzas\" src=\"\/\/silutesnaujienos.lt\/images\/stories\/2012\/10\/31\/thumbnails\/thumb_zemaitaitis_sarzas.jpg\" height=\"230\" width=\"307\" \/><\/a><\/p>\n<p>\u0160ilut\u0117s &#8211; \u0160ilal\u0117s rinkim\u0173 apygardoje kova d\u0117l Seimo nario vietos vyko \u201eta\u0161kas \u012f ta\u0161k\u0105\u201c. Prie\u0161 rinkimus favoritu buvo laikytas K.Komskis, ta\u010diau A.Skard\u017eius, gav\u0119s 6339 rink\u0117j\u0173 balsus, konkurent\u0105 aplenk\u0117 170 bals\u0173 (u\u017e K.Komsk\u012f balsavo 6169 rink\u0117jai).<\/p>\n<p>I\u0161 viso u\u017e A.Skard\u017ei\u0173 balsavo 47,61 proc. rinkimuose dalyvavusi\u0173 \u017emoni\u0173, o u\u017e K.Komsk\u012f &#8211; 46,33 proc.<\/p>\n<p>Labiausiai A.Skard\u017ei\u0173 palaik\u0117 \u0160ilut\u0117s miesto gyventojai &#8211; u\u017e j\u012f balsus atidav\u0117 nuo 65 iki 77 proc. at\u0117jusi\u0173 balsuoti rink\u0117j\u0173. <\/p>\n<p>Populiariausias mieste A.Skard\u017eius buvo Lietuvinink\u0173 (gavo 76,87 proc. bals\u0173), \u017dalgirio (75,21 proc. bals\u0173), Politechnikos (73,21 proc. bals\u0173), Liep\u0173 (72,68 proc. bals\u0173) apylink\u0117se.<\/p>\n<p>Taip pat daug \u017emoni\u0173 juo pasitik\u0117jo kaimi\u0161koje \u0160ilut\u0117s rajono dalyje: Barv\u0173 &#8211; 78,57 proc., Saug\u0173 &#8211; 76,64 proc., Jonai\u010di\u0173 &#8211; 73,40 proc., Grabupi\u0173 &#8211; 70,23 proc. apylink\u0117se.<\/p>\n<p>Ma\u017eiausiai palaikymo A.Skard\u017eius sulauk\u0117 m\u016bs\u0173 rajonui priklausan\u010diose Us\u0117n\u0173 (33,63 proc.), Pa\u0161y\u0161i\u0173 (37,14 proc.) apylink\u0117se.<\/p>\n<p>I\u0161 Pag\u0117gi\u0173 savivaldyb\u0117s gyventoj\u0173 daugiausiai bals\u0173 A.Skard\u017eiui skyr\u0117 Panemun\u0117s (31,58 proc.), Stoni\u0161ki\u0173 (27,11 proc.), Natki\u0161ki\u0173 (27,07 proc.) rink\u0117jai, ma\u017eiausiai &#8211; \u017duk\u0173 (13,10 proc.), Kentri\u0173 (14,07 proc.) rink\u0117jai.<\/p>\n<p>O K.Komsk\u012f link pergal\u0117s trauk\u0117 Pag\u0117gi\u0173 kra\u0161to rink\u0117jai. Net 73-86 proc. \u012f II rinkim\u0173 tur\u0105 at\u0117jusi\u0173 Pag\u0117gi\u0173 savivaldyb\u0117s gyventoj\u0173 balsavo u\u017e buvus\u012f mer\u0105, dabar vien\u0105 kadencij\u0105 jau atidirbus\u012f Seime K.Komsk\u012f. Labiausiai juo pasitiki \u017duk\u0173 (86,90 proc.), Kentri\u0173 (85,93 proc.), Pag\u0117gi\u0173 kaimi\u0161kosios (82,59 proc.) apylinki\u0173 gyventojai.<\/p>\n<p>I\u0161 \u0160ilut\u0117s rajono gyventoj\u0173, tur\u0117jusi\u0173 galimyb\u0119 balsuoti u\u017e K.Komsk\u012f, labiausiai j\u012f palaik\u0117 us\u0117ni\u0161kiai (66,37 proc.), pa\u0161y\u0161i\u0161kiai (62,86 proc.), pagryni\u0161kiai (43,99 proc.), rusni\u0161kiai (43,21 proc.), maciki\u0161kiai (40,54 proc.).<\/p>\n<p>Vyriausioji rinkim\u0173 komisija (VRK) svarst\u0117, kad turint omenyje daugyb\u0119 prane\u0161im\u0173 apie rinkim\u0173 tvarkos pa\u017eeidimus, \u0160ilut\u0117s &#8211; Pag\u0117gi\u0173 apygardoje rink\u0117j\u0173 balsus gali tekti perskai\u010diuoti. VRK nar\u0117 \u017divil\u0117 Verbylait\u0117 \u201e\u0160ilut\u0117s naujienoms\u201c komentavo, jog VRK negauta skund\u0173 d\u0117l skai\u010diavimo proced\u016br\u0173 pa\u017eeidim\u0173 \u0161ioje apygardoje, tod\u0117l n\u0117ra rimt\u0173 motyv\u0173 balsus perskai\u010diuoti. \u012e VRK d\u0117l bals\u0173 perskai\u010diavimo taip pat nesikreip\u0117 kandidatai ar j\u0173 atstovai.<\/p>\n","protected":false},"excerpt":{"rendered":"<p>\u0160ilut\u0117s rajono rink\u0117jams naujosios kadencijos Seime atstovaus trys Seimo nariai: per pirm\u0105j\u012f rinkim\u0173 tur\u0105 pagal partijos Tvarka ir teisingumas s\u0105ra\u0161\u0105 mandat\u0105 i\u0161kovoj\u0119s K\u0119stas Komskis ir antrojo rinkim\u0173 turo metu \u0160ilut\u0117s &#8211; Pag\u0117gi\u0173 rinkim\u0173 apygardoje mandat\u0105 i\u0161kovoj\u0119s socialdemokratas Art\u016bras Skard\u017eius bei \u0160ilal\u0117s &#8211; \u0160ilut\u0117s rinkim\u0173 apygardoje nugal\u0117j\u0119s \u201etvarkietis\u201c Remigijus \u017demaitaitis. Pastarasis vos nelaim\u0117jo jau pirmajame ture, [&hellip;]<\/p>\n","protected":false},"author":1,"featured_media":0,"comment_status":"open","ping_status":"open","sticky":false,"template":"","format":"standard","meta":{"footnotes":""},"categories":[2],"tags":[],"class_list":{"0":"post-14088","1":"post","2":"type-post","3":"status-publish","4":"format-standard","6":"category-aktualijos"},"yoast_head":"<!-- This site is optimized with the Yoast SEO plugin v27.5 - https:\/\/yoast.com\/product\/yoast-seo-wordpress\/ -->\n<title>Fini\u0161o \u012f Seim\u0105 tiesiojoje: vienas lyderis i\u0161liko, kitas - atsiliko - \u0160ilut\u0117s naujienos<\/title>\n<meta name=\"robots\" content=\"index, follow, max-snippet:-1, max-image-preview:large, max-video-preview:-1\" \/>\n<link rel=\"canonical\" href=\"https:\/\/www.silutesnaujienos.lt\/lt\/finiso-i-seima-tiesiojoje-vienas-lyderis-isliko-kitas-atsiliko\/\" \/>\n<meta property=\"og:locale\" content=\"lt_LT\" \/>\n<meta property=\"og:type\" content=\"article\" \/>\n<meta property=\"og:title\" content=\"Fini\u0161o \u012f Seim\u0105 tiesiojoje: vienas lyderis i\u0161liko, kitas - atsiliko - \u0160ilut\u0117s naujienos\" \/>\n<meta property=\"og:description\" content=\"\u0160ilut\u0117s rajono rink\u0117jams naujosios kadencijos Seime atstovaus trys Seimo nariai: per pirm\u0105j\u012f rinkim\u0173 tur\u0105 pagal partijos Tvarka ir teisingumas s\u0105ra\u0161\u0105 mandat\u0105 i\u0161kovoj\u0119s K\u0119stas Komskis ir antrojo rinkim\u0173 turo metu \u0160ilut\u0117s &#8211; Pag\u0117gi\u0173 rinkim\u0173 apygardoje mandat\u0105 i\u0161kovoj\u0119s socialdemokratas Art\u016bras Skard\u017eius bei \u0160ilal\u0117s &#8211; \u0160ilut\u0117s rinkim\u0173 apygardoje nugal\u0117j\u0119s \u201etvarkietis\u201c Remigijus \u017demaitaitis. Pastarasis vos nelaim\u0117jo jau pirmajame ture, [&hellip;]\" \/>\n<meta property=\"og:url\" content=\"https:\/\/www.silutesnaujienos.lt\/lt\/finiso-i-seima-tiesiojoje-vienas-lyderis-isliko-kitas-atsiliko\/\" \/>\n<meta property=\"og:site_name\" content=\"\u0160ilut\u0117s naujienos\" \/>\n<meta property=\"article:publisher\" content=\"https:\/\/www.facebook.com\/silutes.naujienos\/\" \/>\n<meta property=\"article:published_time\" content=\"2012-10-31T14:00:00+00:00\" \/>\n<meta property=\"og:image\" content=\"\/\/silutesnaujienos.lt\/images\/stories\/2012\/10\/31\/thumbnails\/thumb_koskisSkardzius_copy.jpg\" \/>\n<meta name=\"author\" content=\"\u0160ilut\u0117s naujien\u0173 inf.\" \/>\n<meta name=\"twitter:card\" content=\"summary_large_image\" \/>\n<meta name=\"twitter:label1\" content=\"Written by\" \/>\n\t<meta name=\"twitter:data1\" content=\"\u0160ilut\u0117s naujien\u0173 inf.\" \/>\n\t<meta name=\"twitter:label2\" content=\"Est. reading time\" \/>\n\t<meta name=\"twitter:data2\" content=\"4 minut\u0117s\" \/>\n<script type=\"application\/ld+json\" class=\"yoast-schema-graph\">{\"@context\":\"https:\\\/\\\/schema.org\",\"@graph\":[{\"@type\":\"Article\",\"@id\":\"https:\\\/\\\/www.silutesnaujienos.lt\\\/lt\\\/finiso-i-seima-tiesiojoje-vienas-lyderis-isliko-kitas-atsiliko\\\/#article\",\"isPartOf\":{\"@id\":\"https:\\\/\\\/www.silutesnaujienos.lt\\\/lt\\\/finiso-i-seima-tiesiojoje-vienas-lyderis-isliko-kitas-atsiliko\\\/\"},\"author\":{\"name\":\"\u0160ilut\u0117s naujien\u0173 inf.\",\"@id\":\"https:\\\/\\\/www.silutesnaujienos.lt\\\/lt\\\/#\\\/schema\\\/person\\\/232f475ddd4a7b5f49b3abc788b17e83\"},\"headline\":\"Fini\u0161o \u012f Seim\u0105 tiesiojoje: vienas lyderis i\u0161liko, kitas &#8211; atsiliko\",\"datePublished\":\"2012-10-31T14:00:00+00:00\",\"mainEntityOfPage\":{\"@id\":\"https:\\\/\\\/www.silutesnaujienos.lt\\\/lt\\\/finiso-i-seima-tiesiojoje-vienas-lyderis-isliko-kitas-atsiliko\\\/\"},\"wordCount\":740,\"commentCount\":0,\"publisher\":{\"@id\":\"https:\\\/\\\/www.silutesnaujienos.lt\\\/lt\\\/#organization\"},\"articleSection\":[\"Aktualijos\"],\"inLanguage\":\"lt-LT\",\"potentialAction\":[{\"@type\":\"CommentAction\",\"name\":\"Comment\",\"target\":[\"https:\\\/\\\/www.silutesnaujienos.lt\\\/lt\\\/finiso-i-seima-tiesiojoje-vienas-lyderis-isliko-kitas-atsiliko\\\/#respond\"]}]},{\"@type\":\"WebPage\",\"@id\":\"https:\\\/\\\/www.silutesnaujienos.lt\\\/lt\\\/finiso-i-seima-tiesiojoje-vienas-lyderis-isliko-kitas-atsiliko\\\/\",\"url\":\"https:\\\/\\\/www.silutesnaujienos.lt\\\/lt\\\/finiso-i-seima-tiesiojoje-vienas-lyderis-isliko-kitas-atsiliko\\\/\",\"name\":\"Fini\u0161o \u012f Seim\u0105 tiesiojoje: vienas lyderis i\u0161liko, kitas - atsiliko - \u0160ilut\u0117s naujienos\",\"isPartOf\":{\"@id\":\"https:\\\/\\\/www.silutesnaujienos.lt\\\/lt\\\/#website\"},\"datePublished\":\"2012-10-31T14:00:00+00:00\",\"breadcrumb\":{\"@id\":\"https:\\\/\\\/www.silutesnaujienos.lt\\\/lt\\\/finiso-i-seima-tiesiojoje-vienas-lyderis-isliko-kitas-atsiliko\\\/#breadcrumb\"},\"inLanguage\":\"lt-LT\",\"potentialAction\":[{\"@type\":\"ReadAction\",\"target\":[\"https:\\\/\\\/www.silutesnaujienos.lt\\\/lt\\\/finiso-i-seima-tiesiojoje-vienas-lyderis-isliko-kitas-atsiliko\\\/\"]}]},{\"@type\":\"BreadcrumbList\",\"@id\":\"https:\\\/\\\/www.silutesnaujienos.lt\\\/lt\\\/finiso-i-seima-tiesiojoje-vienas-lyderis-isliko-kitas-atsiliko\\\/#breadcrumb\",\"itemListElement\":[{\"@type\":\"ListItem\",\"position\":1,\"name\":\"Home\",\"item\":\"https:\\\/\\\/www.silutesnaujienos.lt\\\/lt\\\/\"},{\"@type\":\"ListItem\",\"position\":2,\"name\":\"Fini\u0161o \u012f Seim\u0105 tiesiojoje: vienas lyderis i\u0161liko, kitas &#8211; atsiliko\"}]},{\"@type\":\"WebSite\",\"@id\":\"https:\\\/\\\/www.silutesnaujienos.lt\\\/lt\\\/#website\",\"url\":\"https:\\\/\\\/www.silutesnaujienos.lt\\\/lt\\\/\",\"name\":\"\u0160ilut\u0117s naujienos\",\"description\":\"B\u016bk ant naujien\u0173 bangos!\",\"publisher\":{\"@id\":\"https:\\\/\\\/www.silutesnaujienos.lt\\\/lt\\\/#organization\"},\"potentialAction\":[{\"@type\":\"SearchAction\",\"target\":{\"@type\":\"EntryPoint\",\"urlTemplate\":\"https:\\\/\\\/www.silutesnaujienos.lt\\\/lt\\\/?s={search_term_string}\"},\"query-input\":{\"@type\":\"PropertyValueSpecification\",\"valueRequired\":true,\"valueName\":\"search_term_string\"}}],\"inLanguage\":\"lt-LT\"},{\"@type\":\"Organization\",\"@id\":\"https:\\\/\\\/www.silutesnaujienos.lt\\\/lt\\\/#organization\",\"name\":\"\u0160ilut\u0117s naujienos\",\"url\":\"https:\\\/\\\/www.silutesnaujienos.lt\\\/lt\\\/\",\"logo\":{\"@type\":\"ImageObject\",\"inLanguage\":\"lt-LT\",\"@id\":\"https:\\\/\\\/www.silutesnaujienos.lt\\\/lt\\\/#\\\/schema\\\/logo\\\/image\\\/\",\"url\":\"https:\\\/\\\/www.silutesnaujienos.lt\\\/lt\\\/wp-content\\\/uploads\\\/2020\\\/06\\\/FB_MAIN.jpg\",\"contentUrl\":\"https:\\\/\\\/www.silutesnaujienos.lt\\\/lt\\\/wp-content\\\/uploads\\\/2020\\\/06\\\/FB_MAIN.jpg\",\"width\":1700,\"height\":956,\"caption\":\"\u0160ilut\u0117s naujienos\"},\"image\":{\"@id\":\"https:\\\/\\\/www.silutesnaujienos.lt\\\/lt\\\/#\\\/schema\\\/logo\\\/image\\\/\"},\"sameAs\":[\"https:\\\/\\\/www.facebook.com\\\/silutes.naujienos\\\/\",\"https:\\\/\\\/www.youtube.com\\\/channel\\\/UCxW-cgrJDt8GxIMxSTAfJZg\"]},{\"@type\":\"Person\",\"@id\":\"https:\\\/\\\/www.silutesnaujienos.lt\\\/lt\\\/#\\\/schema\\\/person\\\/232f475ddd4a7b5f49b3abc788b17e83\",\"name\":\"\u0160ilut\u0117s naujien\u0173 inf.\",\"image\":{\"@type\":\"ImageObject\",\"inLanguage\":\"lt-LT\",\"@id\":\"https:\\\/\\\/www.silutesnaujienos.lt\\\/lt\\\/wp-content\\\/uploads\\\/2020\\\/06\\\/favicon.png\",\"url\":\"https:\\\/\\\/www.silutesnaujienos.lt\\\/lt\\\/wp-content\\\/uploads\\\/2020\\\/06\\\/favicon.png\",\"contentUrl\":\"https:\\\/\\\/www.silutesnaujienos.lt\\\/lt\\\/wp-content\\\/uploads\\\/2020\\\/06\\\/favicon.png\",\"caption\":\"\u0160ilut\u0117s naujien\u0173 inf.\"},\"sameAs\":[\"https:\\\/\\\/www.silutesnaujienos.lt\\\/lt\"],\"url\":\"https:\\\/\\\/www.silutesnaujienos.lt\\\/lt\\\/author\\\/ruta\\\/\"}]}<\/script>\n<!-- \/ Yoast SEO plugin. -->","yoast_head_json":{"title":"Fini\u0161o \u012f Seim\u0105 tiesiojoje: vienas lyderis i\u0161liko, kitas - atsiliko - \u0160ilut\u0117s naujienos","robots":{"index":"index","follow":"follow","max-snippet":"max-snippet:-1","max-image-preview":"max-image-preview:large","max-video-preview":"max-video-preview:-1"},"canonical":"https:\/\/www.silutesnaujienos.lt\/lt\/finiso-i-seima-tiesiojoje-vienas-lyderis-isliko-kitas-atsiliko\/","og_locale":"lt_LT","og_type":"article","og_title":"Fini\u0161o \u012f Seim\u0105 tiesiojoje: vienas lyderis i\u0161liko, kitas - atsiliko - \u0160ilut\u0117s naujienos","og_description":"\u0160ilut\u0117s rajono rink\u0117jams naujosios kadencijos Seime atstovaus trys Seimo nariai: per pirm\u0105j\u012f rinkim\u0173 tur\u0105 pagal partijos Tvarka ir teisingumas s\u0105ra\u0161\u0105 mandat\u0105 i\u0161kovoj\u0119s K\u0119stas Komskis ir antrojo rinkim\u0173 turo metu \u0160ilut\u0117s &#8211; Pag\u0117gi\u0173 rinkim\u0173 apygardoje mandat\u0105 i\u0161kovoj\u0119s socialdemokratas Art\u016bras Skard\u017eius bei \u0160ilal\u0117s &#8211; \u0160ilut\u0117s rinkim\u0173 apygardoje nugal\u0117j\u0119s \u201etvarkietis\u201c Remigijus \u017demaitaitis. Pastarasis vos nelaim\u0117jo jau pirmajame ture, [&hellip;]","og_url":"https:\/\/www.silutesnaujienos.lt\/lt\/finiso-i-seima-tiesiojoje-vienas-lyderis-isliko-kitas-atsiliko\/","og_site_name":"\u0160ilut\u0117s naujienos","article_publisher":"https:\/\/www.facebook.com\/silutes.naujienos\/","article_published_time":"2012-10-31T14:00:00+00:00","og_image":[{"url":"\/\/silutesnaujienos.lt\/images\/stories\/2012\/10\/31\/thumbnails\/thumb_koskisSkardzius_copy.jpg","type":"","width":"","height":""}],"author":"\u0160ilut\u0117s naujien\u0173 inf.","twitter_card":"summary_large_image","twitter_misc":{"Written by":"\u0160ilut\u0117s naujien\u0173 inf.","Est. reading time":"4 minut\u0117s"},"schema":{"@context":"https:\/\/schema.org","@graph":[{"@type":"Article","@id":"https:\/\/www.silutesnaujienos.lt\/lt\/finiso-i-seima-tiesiojoje-vienas-lyderis-isliko-kitas-atsiliko\/#article","isPartOf":{"@id":"https:\/\/www.silutesnaujienos.lt\/lt\/finiso-i-seima-tiesiojoje-vienas-lyderis-isliko-kitas-atsiliko\/"},"author":{"name":"\u0160ilut\u0117s naujien\u0173 inf.","@id":"https:\/\/www.silutesnaujienos.lt\/lt\/#\/schema\/person\/232f475ddd4a7b5f49b3abc788b17e83"},"headline":"Fini\u0161o \u012f Seim\u0105 tiesiojoje: vienas lyderis i\u0161liko, kitas &#8211; atsiliko","datePublished":"2012-10-31T14:00:00+00:00","mainEntityOfPage":{"@id":"https:\/\/www.silutesnaujienos.lt\/lt\/finiso-i-seima-tiesiojoje-vienas-lyderis-isliko-kitas-atsiliko\/"},"wordCount":740,"commentCount":0,"publisher":{"@id":"https:\/\/www.silutesnaujienos.lt\/lt\/#organization"},"articleSection":["Aktualijos"],"inLanguage":"lt-LT","potentialAction":[{"@type":"CommentAction","name":"Comment","target":["https:\/\/www.silutesnaujienos.lt\/lt\/finiso-i-seima-tiesiojoje-vienas-lyderis-isliko-kitas-atsiliko\/#respond"]}]},{"@type":"WebPage","@id":"https:\/\/www.silutesnaujienos.lt\/lt\/finiso-i-seima-tiesiojoje-vienas-lyderis-isliko-kitas-atsiliko\/","url":"https:\/\/www.silutesnaujienos.lt\/lt\/finiso-i-seima-tiesiojoje-vienas-lyderis-isliko-kitas-atsiliko\/","name":"Fini\u0161o \u012f Seim\u0105 tiesiojoje: vienas lyderis i\u0161liko, kitas - atsiliko - \u0160ilut\u0117s naujienos","isPartOf":{"@id":"https:\/\/www.silutesnaujienos.lt\/lt\/#website"},"datePublished":"2012-10-31T14:00:00+00:00","breadcrumb":{"@id":"https:\/\/www.silutesnaujienos.lt\/lt\/finiso-i-seima-tiesiojoje-vienas-lyderis-isliko-kitas-atsiliko\/#breadcrumb"},"inLanguage":"lt-LT","potentialAction":[{"@type":"ReadAction","target":["https:\/\/www.silutesnaujienos.lt\/lt\/finiso-i-seima-tiesiojoje-vienas-lyderis-isliko-kitas-atsiliko\/"]}]},{"@type":"BreadcrumbList","@id":"https:\/\/www.silutesnaujienos.lt\/lt\/finiso-i-seima-tiesiojoje-vienas-lyderis-isliko-kitas-atsiliko\/#breadcrumb","itemListElement":[{"@type":"ListItem","position":1,"name":"Home","item":"https:\/\/www.silutesnaujienos.lt\/lt\/"},{"@type":"ListItem","position":2,"name":"Fini\u0161o \u012f Seim\u0105 tiesiojoje: vienas lyderis i\u0161liko, kitas &#8211; atsiliko"}]},{"@type":"WebSite","@id":"https:\/\/www.silutesnaujienos.lt\/lt\/#website","url":"https:\/\/www.silutesnaujienos.lt\/lt\/","name":"\u0160ilut\u0117s naujienos","description":"B\u016bk ant naujien\u0173 bangos!","publisher":{"@id":"https:\/\/www.silutesnaujienos.lt\/lt\/#organization"},"potentialAction":[{"@type":"SearchAction","target":{"@type":"EntryPoint","urlTemplate":"https:\/\/www.silutesnaujienos.lt\/lt\/?s={search_term_string}"},"query-input":{"@type":"PropertyValueSpecification","valueRequired":true,"valueName":"search_term_string"}}],"inLanguage":"lt-LT"},{"@type":"Organization","@id":"https:\/\/www.silutesnaujienos.lt\/lt\/#organization","name":"\u0160ilut\u0117s naujienos","url":"https:\/\/www.silutesnaujienos.lt\/lt\/","logo":{"@type":"ImageObject","inLanguage":"lt-LT","@id":"https:\/\/www.silutesnaujienos.lt\/lt\/#\/schema\/logo\/image\/","url":"https:\/\/www.silutesnaujienos.lt\/lt\/wp-content\/uploads\/2020\/06\/FB_MAIN.jpg","contentUrl":"https:\/\/www.silutesnaujienos.lt\/lt\/wp-content\/uploads\/2020\/06\/FB_MAIN.jpg","width":1700,"height":956,"caption":"\u0160ilut\u0117s naujienos"},"image":{"@id":"https:\/\/www.silutesnaujienos.lt\/lt\/#\/schema\/logo\/image\/"},"sameAs":["https:\/\/www.facebook.com\/silutes.naujienos\/","https:\/\/www.youtube.com\/channel\/UCxW-cgrJDt8GxIMxSTAfJZg"]},{"@type":"Person","@id":"https:\/\/www.silutesnaujienos.lt\/lt\/#\/schema\/person\/232f475ddd4a7b5f49b3abc788b17e83","name":"\u0160ilut\u0117s naujien\u0173 inf.","image":{"@type":"ImageObject","inLanguage":"lt-LT","@id":"https:\/\/www.silutesnaujienos.lt\/lt\/wp-content\/uploads\/2020\/06\/favicon.png","url":"https:\/\/www.silutesnaujienos.lt\/lt\/wp-content\/uploads\/2020\/06\/favicon.png","contentUrl":"https:\/\/www.silutesnaujienos.lt\/lt\/wp-content\/uploads\/2020\/06\/favicon.png","caption":"\u0160ilut\u0117s naujien\u0173 inf."},"sameAs":["https:\/\/www.silutesnaujienos.lt\/lt"],"url":"https:\/\/www.silutesnaujienos.lt\/lt\/author\/ruta\/"}]}},"publishpress_future_workflow_manual_trigger":{"enabledWorkflows":[]},"amp_enabled":true,"_links":{"self":[{"href":"https:\/\/www.silutesnaujienos.lt\/lt\/wp-json\/wp\/v2\/posts\/14088","targetHints":{"allow":["GET"]}}],"collection":[{"href":"https:\/\/www.silutesnaujienos.lt\/lt\/wp-json\/wp\/v2\/posts"}],"about":[{"href":"https:\/\/www.silutesnaujienos.lt\/lt\/wp-json\/wp\/v2\/types\/post"}],"author":[{"embeddable":true,"href":"https:\/\/www.silutesnaujienos.lt\/lt\/wp-json\/wp\/v2\/users\/1"}],"replies":[{"embeddable":true,"href":"https:\/\/www.silutesnaujienos.lt\/lt\/wp-json\/wp\/v2\/comments?post=14088"}],"version-history":[{"count":0,"href":"https:\/\/www.silutesnaujienos.lt\/lt\/wp-json\/wp\/v2\/posts\/14088\/revisions"}],"wp:attachment":[{"href":"https:\/\/www.silutesnaujienos.lt\/lt\/wp-json\/wp\/v2\/media?parent=14088"}],"wp:term":[{"taxonomy":"category","embeddable":true,"href":"https:\/\/www.silutesnaujienos.lt\/lt\/wp-json\/wp\/v2\/categories?post=14088"},{"taxonomy":"post_tag","embeddable":true,"href":"https:\/\/www.silutesnaujienos.lt\/lt\/wp-json\/wp\/v2\/tags?post=14088"}],"curies":[{"name":"wp","href":"https:\/\/api.w.org\/{rel}","templated":true}]}}