{"id":14094,"date":"2012-11-13T09:03:24","date_gmt":"2012-11-13T11:03:24","guid":{"rendered":"https:\/\/www.silutesnaujienos.lt\/lt\/r-zemaitaitis-siulomas-i-vidaus-reikalu-ministro-posta\/"},"modified":"2012-11-13T09:03:24","modified_gmt":"2012-11-13T11:03:24","slug":"r-zemaitaitis-siulomas-i-vidaus-reikalu-ministro-posta","status":"publish","type":"post","link":"https:\/\/www.silutesnaujienos.lt\/lt\/r-zemaitaitis-siulomas-i-vidaus-reikalu-ministro-posta\/","title":{"rendered":"R.\u017demaitaitis si\u016blomas \u012f vidaus reikal\u0173 ministro post\u0105"},"content":{"rendered":"<p><a target=\"_blank\" rel=\"caption[Seimo narys Remigijus \u017demaitaitis. \/ \u00a9 silutesnaujienos.lt] noopener noreferrer\" class=\"jcepopup\" href=\"\/\/silutesnaujienos.lt\/images\/stories\/2012\/11\/13\/zemaitaitis.jpg\" data-rel=\"lightbox-gallery-rN6NKtkQ\" data-rl_title=\"\" data-rl_caption=\"\"><img loading=\"lazy\" decoding=\"async\" style=\"margin: 5px; float: left;\" class=\"caption\" title=\"\" alt=\"zemaitaitis\" src=\"\/\/silutesnaujienos.lt\/images\/stories\/2012\/11\/13\/thumbnails\/thumb_zemaitaitis.jpg\" height=\"230\" width=\"307\" \/><\/a><strong>Socialdemokratams, Darbo partijai bei partijai Tvarka ir teisingumas d\u0117liojant koalicij\u0105, po truput\u012f ai\u0161k\u0117ja galim\u0173 ministr\u0173 pavard\u0117s.<\/strong><\/p>\n<p><strong>Rusni\u0161kis Seimo narys Remigijus \u017demaitaitis, antr\u0105 kadencij\u0105 \u012f Seim\u0105 i\u0161rinktas \u0160ilal\u0117s &#8211; \u0160ilut\u0117s rinkim\u0173 apygardoje, minimas kaip realus kandidatas \u012f vidaus reikal\u0173 ministro post\u0105. Jis yra partijos Tvarka ir teisingumas narys, ra\u0161o portalas <a href=\"http:\/\/www.delfi.lt\/\">DELFI<\/a>.<\/strong><\/p>\n<p>Jau anks\u010diau formuojamos valdan\u010diosios koalicijos partneriai buvo beveik sutar\u0119, kad \u012f u\u017esienio reikal\u0173 ministro post\u0105 nuo socialdemokrat\u0173 bus skiriamas Lietuvos ambasadorius Baltarusijoje Linas Linkevi\u010dius, o \u012f aplinkos apsaugos &#8211; &#8222;tvarkietis&#8221; Valentinas Mazuronis.<\/p>\n<p>Ai\u0161k\u0117ja, kad \u012f sveikatos apsaugos ministrus nuo socialdemokrat\u0173 pretenduoja Vytenis Andriukaitis, kuriam buvo u\u017ekirsti keliai tapti u\u017esienio reikal\u0173 ministru. Tiesa, partija gali nepritarti jo kandidat\u016brai \u012f Sveikatos apsaugos ministerijos vadovus ir gali skirti j\u012f Seimo vicepirmininku bei Europos reikal\u0173 komiteto pirmininku.<\/p>\n<p>B\u0117da ta, jog Europos reikal\u0173 komiteto vadovu bei Seimo vicepirmininku nori b\u016bti ir Darbo partijos vicepirmininkas Vytautas Gap\u0161ys, tad viskas priklausys nuo partij\u0173 susitarimo, kaip jos pasiskirstys komitet\u0173 pirminink\u0173 postus.<\/p>\n<p>I\u0161 socialdemokrat\u0173 Seimo vicepirmininku bei Europos reikal\u0173 komiteto pirmininku dar gali tapti ir buv\u0119s premjeras Gediminas Kirkilas.<\/p>\n<p>Kalbama, kad \u016akio ministerijos vairas gal\u0117t\u0173 tekti socialdemokratei Birutei V\u0117saitei, ta\u010diau jos kandidat\u016bra tarp verslo atstov\u0173 vertinama \u012fvairiai.<\/p>\n<p>Teisingumo ministro postas gali tekti arba socialdemokratui Juliui Sabatauskui, arba partijos kolegai Juozui Bernatoniui, susisiekimo ministro portfelis \u2013 Rimantui Sinkevi\u010diui, kra\u0161to apsaugai veikiausiai imt\u0173si vadovauti \u0161ias pareigas jau \u0117j\u0119s Juozas Olekas.<\/p>\n<p>I\u0161 viso socialdemokratai gali valdyti 7 ministerijas \u2013 Finans\u0173, U\u017esienio reikal\u0173, Kra\u0161to apsaugos, Susisiekimo, \u016akio, Teisingumo, Sveikatos apsaugos, ta\u010diau priklausomai nuo susitarimo su Lietuvos lenk\u0173 rinkim\u0173 akcija, vienos ministerijos socialdemokratai galb\u016bt gal\u0117t\u0173 atsisakyti.<\/p>\n<p>Partija Tvarka ir teisingumas vadovaus 2 ministerijoms &#8211; Aplinkos ir Vidaus reikal\u0173. Kaip min\u0117ta, aplinkos ministru gali tapti V. Mazuronis, vidaus reikal\u0173 &#8211; Remigijus \u017demaitaitis.<\/p>\n<p>Darbo partijai pagal trij\u0173 partij\u0173 susitarim\u0105 skirtos 5 ministerijos &#8211; Energetikos, \u017dem\u0117s \u016bkio, Socialini\u0173 reikal\u0173 ir darbo, \u0160vietimo ir mokslo, Kult\u016bros \u2013 ta\u010diau &#8222;darbie\u010diai&#8221; yra teig\u0119 galintys paaukoti vien\u0105 ministerij\u0105 Lietuvos lenk\u0173 rinkim\u0173 akcijai.<\/p>\n<p>Darbo partijai priklauso ir Seimo pirmininko postas, ta\u010diau, socialdemokrat\u0173 lyderio Algirdo Butkevi\u010diaus teigimu, \u012f ministr\u0173 ir Seimo vadovo postus negali pretenduoti teisiami Darbo partijos asmenys &#8211; taigi Seimo pirmininku tikriausiai negal\u0117s b\u016bti nei Viktoras Uspaskichas, nei V.Gap\u0161ys.<\/p>\n<p>&#8222;Darbie\u010di\u0173&#8221; vedlys V.Uspaskichas yra sak\u0119s, kad V.Gap\u0161ys veikiausiai bus si\u016blomas \u012f Seimo vicepirmininko k\u0117d\u0119. Kalb\u0117ta, kad Seimo pirmininke gal\u0117t\u0173 tapti \u0161iuo metu parlamento vadov\u0117s pavaduotojos pareigas einanti Virginija Baltraitien\u0117, ta\u010diau neatmestina, kad \u012f \u0161\u012f post\u0105 gal\u0117t\u0173 pretenduoti ir kitas Darbo partijos narys, mat \u012f Seim\u0105 i\u0161rinktas ir buv\u0119s socialliberalas Art\u016bras Paulauskas, ir viena artimiausi\u0173 Darbo partijos pirmininko bendra\u017eygi\u0173 Loreta Grau\u017einien\u0117.<\/p>\n","protected":false},"excerpt":{"rendered":"<p>Socialdemokratams, Darbo partijai bei partijai Tvarka ir teisingumas d\u0117liojant koalicij\u0105, po truput\u012f ai\u0161k\u0117ja galim\u0173 ministr\u0173 pavard\u0117s. Rusni\u0161kis Seimo narys Remigijus \u017demaitaitis, antr\u0105 kadencij\u0105 \u012f Seim\u0105 i\u0161rinktas \u0160ilal\u0117s &#8211; \u0160ilut\u0117s rinkim\u0173 apygardoje, minimas kaip realus kandidatas \u012f vidaus reikal\u0173 ministro post\u0105. Jis yra partijos Tvarka ir teisingumas narys, ra\u0161o portalas DELFI. Jau anks\u010diau formuojamos valdan\u010diosios koalicijos [&hellip;]<\/p>\n","protected":false},"author":1,"featured_media":0,"comment_status":"open","ping_status":"open","sticky":false,"template":"","format":"standard","meta":{"footnotes":""},"categories":[2],"tags":[],"class_list":{"0":"post-14094","1":"post","2":"type-post","3":"status-publish","4":"format-standard","6":"category-aktualijos"},"yoast_head":"<!-- This site is optimized with the Yoast SEO plugin v27.5 - https:\/\/yoast.com\/product\/yoast-seo-wordpress\/ -->\n<title>R.\u017demaitaitis si\u016blomas \u012f vidaus reikal\u0173 ministro post\u0105 - \u0160ilut\u0117s naujienos<\/title>\n<meta name=\"robots\" content=\"index, follow, max-snippet:-1, max-image-preview:large, max-video-preview:-1\" \/>\n<link rel=\"canonical\" href=\"https:\/\/www.silutesnaujienos.lt\/lt\/r-zemaitaitis-siulomas-i-vidaus-reikalu-ministro-posta\/\" \/>\n<meta property=\"og:locale\" content=\"lt_LT\" \/>\n<meta property=\"og:type\" content=\"article\" \/>\n<meta property=\"og:title\" content=\"R.\u017demaitaitis si\u016blomas \u012f vidaus reikal\u0173 ministro post\u0105 - \u0160ilut\u0117s naujienos\" \/>\n<meta property=\"og:description\" content=\"Socialdemokratams, Darbo partijai bei partijai Tvarka ir teisingumas d\u0117liojant koalicij\u0105, po truput\u012f ai\u0161k\u0117ja galim\u0173 ministr\u0173 pavard\u0117s. Rusni\u0161kis Seimo narys Remigijus \u017demaitaitis, antr\u0105 kadencij\u0105 \u012f Seim\u0105 i\u0161rinktas \u0160ilal\u0117s &#8211; \u0160ilut\u0117s rinkim\u0173 apygardoje, minimas kaip realus kandidatas \u012f vidaus reikal\u0173 ministro post\u0105. Jis yra partijos Tvarka ir teisingumas narys, ra\u0161o portalas DELFI. Jau anks\u010diau formuojamos valdan\u010diosios koalicijos [&hellip;]\" \/>\n<meta property=\"og:url\" content=\"https:\/\/www.silutesnaujienos.lt\/lt\/r-zemaitaitis-siulomas-i-vidaus-reikalu-ministro-posta\/\" \/>\n<meta property=\"og:site_name\" content=\"\u0160ilut\u0117s naujienos\" \/>\n<meta property=\"article:publisher\" content=\"https:\/\/www.facebook.com\/silutes.naujienos\/\" \/>\n<meta property=\"article:published_time\" content=\"2012-11-13T11:03:24+00:00\" \/>\n<meta property=\"og:image\" content=\"\/\/silutesnaujienos.lt\/images\/stories\/2012\/11\/13\/thumbnails\/thumb_zemaitaitis.jpg\" \/>\n<meta name=\"author\" content=\"\u0160ilut\u0117s naujien\u0173 inf.\" \/>\n<meta name=\"twitter:card\" content=\"summary_large_image\" \/>\n<meta name=\"twitter:label1\" content=\"Written by\" \/>\n\t<meta name=\"twitter:data1\" content=\"\u0160ilut\u0117s naujien\u0173 inf.\" \/>\n\t<meta name=\"twitter:label2\" content=\"Est. reading time\" \/>\n\t<meta name=\"twitter:data2\" content=\"2 minut\u0117s\" \/>\n<script type=\"application\/ld+json\" class=\"yoast-schema-graph\">{\"@context\":\"https:\\\/\\\/schema.org\",\"@graph\":[{\"@type\":\"Article\",\"@id\":\"https:\\\/\\\/www.silutesnaujienos.lt\\\/lt\\\/r-zemaitaitis-siulomas-i-vidaus-reikalu-ministro-posta\\\/#article\",\"isPartOf\":{\"@id\":\"https:\\\/\\\/www.silutesnaujienos.lt\\\/lt\\\/r-zemaitaitis-siulomas-i-vidaus-reikalu-ministro-posta\\\/\"},\"author\":{\"name\":\"\u0160ilut\u0117s naujien\u0173 inf.\",\"@id\":\"https:\\\/\\\/www.silutesnaujienos.lt\\\/lt\\\/#\\\/schema\\\/person\\\/232f475ddd4a7b5f49b3abc788b17e83\"},\"headline\":\"R.\u017demaitaitis si\u016blomas \u012f vidaus reikal\u0173 ministro post\u0105\",\"datePublished\":\"2012-11-13T11:03:24+00:00\",\"mainEntityOfPage\":{\"@id\":\"https:\\\/\\\/www.silutesnaujienos.lt\\\/lt\\\/r-zemaitaitis-siulomas-i-vidaus-reikalu-ministro-posta\\\/\"},\"wordCount\":462,\"commentCount\":0,\"publisher\":{\"@id\":\"https:\\\/\\\/www.silutesnaujienos.lt\\\/lt\\\/#organization\"},\"articleSection\":[\"Aktualijos\"],\"inLanguage\":\"lt-LT\",\"potentialAction\":[{\"@type\":\"CommentAction\",\"name\":\"Comment\",\"target\":[\"https:\\\/\\\/www.silutesnaujienos.lt\\\/lt\\\/r-zemaitaitis-siulomas-i-vidaus-reikalu-ministro-posta\\\/#respond\"]}]},{\"@type\":\"WebPage\",\"@id\":\"https:\\\/\\\/www.silutesnaujienos.lt\\\/lt\\\/r-zemaitaitis-siulomas-i-vidaus-reikalu-ministro-posta\\\/\",\"url\":\"https:\\\/\\\/www.silutesnaujienos.lt\\\/lt\\\/r-zemaitaitis-siulomas-i-vidaus-reikalu-ministro-posta\\\/\",\"name\":\"R.\u017demaitaitis si\u016blomas \u012f vidaus reikal\u0173 ministro post\u0105 - \u0160ilut\u0117s naujienos\",\"isPartOf\":{\"@id\":\"https:\\\/\\\/www.silutesnaujienos.lt\\\/lt\\\/#website\"},\"datePublished\":\"2012-11-13T11:03:24+00:00\",\"breadcrumb\":{\"@id\":\"https:\\\/\\\/www.silutesnaujienos.lt\\\/lt\\\/r-zemaitaitis-siulomas-i-vidaus-reikalu-ministro-posta\\\/#breadcrumb\"},\"inLanguage\":\"lt-LT\",\"potentialAction\":[{\"@type\":\"ReadAction\",\"target\":[\"https:\\\/\\\/www.silutesnaujienos.lt\\\/lt\\\/r-zemaitaitis-siulomas-i-vidaus-reikalu-ministro-posta\\\/\"]}]},{\"@type\":\"BreadcrumbList\",\"@id\":\"https:\\\/\\\/www.silutesnaujienos.lt\\\/lt\\\/r-zemaitaitis-siulomas-i-vidaus-reikalu-ministro-posta\\\/#breadcrumb\",\"itemListElement\":[{\"@type\":\"ListItem\",\"position\":1,\"name\":\"Home\",\"item\":\"https:\\\/\\\/www.silutesnaujienos.lt\\\/lt\\\/\"},{\"@type\":\"ListItem\",\"position\":2,\"name\":\"R.\u017demaitaitis si\u016blomas \u012f vidaus reikal\u0173 ministro post\u0105\"}]},{\"@type\":\"WebSite\",\"@id\":\"https:\\\/\\\/www.silutesnaujienos.lt\\\/lt\\\/#website\",\"url\":\"https:\\\/\\\/www.silutesnaujienos.lt\\\/lt\\\/\",\"name\":\"\u0160ilut\u0117s naujienos\",\"description\":\"B\u016bk ant naujien\u0173 bangos!\",\"publisher\":{\"@id\":\"https:\\\/\\\/www.silutesnaujienos.lt\\\/lt\\\/#organization\"},\"potentialAction\":[{\"@type\":\"SearchAction\",\"target\":{\"@type\":\"EntryPoint\",\"urlTemplate\":\"https:\\\/\\\/www.silutesnaujienos.lt\\\/lt\\\/?s={search_term_string}\"},\"query-input\":{\"@type\":\"PropertyValueSpecification\",\"valueRequired\":true,\"valueName\":\"search_term_string\"}}],\"inLanguage\":\"lt-LT\"},{\"@type\":\"Organization\",\"@id\":\"https:\\\/\\\/www.silutesnaujienos.lt\\\/lt\\\/#organization\",\"name\":\"\u0160ilut\u0117s naujienos\",\"url\":\"https:\\\/\\\/www.silutesnaujienos.lt\\\/lt\\\/\",\"logo\":{\"@type\":\"ImageObject\",\"inLanguage\":\"lt-LT\",\"@id\":\"https:\\\/\\\/www.silutesnaujienos.lt\\\/lt\\\/#\\\/schema\\\/logo\\\/image\\\/\",\"url\":\"https:\\\/\\\/www.silutesnaujienos.lt\\\/lt\\\/wp-content\\\/uploads\\\/2020\\\/06\\\/FB_MAIN.jpg\",\"contentUrl\":\"https:\\\/\\\/www.silutesnaujienos.lt\\\/lt\\\/wp-content\\\/uploads\\\/2020\\\/06\\\/FB_MAIN.jpg\",\"width\":1700,\"height\":956,\"caption\":\"\u0160ilut\u0117s naujienos\"},\"image\":{\"@id\":\"https:\\\/\\\/www.silutesnaujienos.lt\\\/lt\\\/#\\\/schema\\\/logo\\\/image\\\/\"},\"sameAs\":[\"https:\\\/\\\/www.facebook.com\\\/silutes.naujienos\\\/\",\"https:\\\/\\\/www.youtube.com\\\/channel\\\/UCxW-cgrJDt8GxIMxSTAfJZg\"]},{\"@type\":\"Person\",\"@id\":\"https:\\\/\\\/www.silutesnaujienos.lt\\\/lt\\\/#\\\/schema\\\/person\\\/232f475ddd4a7b5f49b3abc788b17e83\",\"name\":\"\u0160ilut\u0117s naujien\u0173 inf.\",\"image\":{\"@type\":\"ImageObject\",\"inLanguage\":\"lt-LT\",\"@id\":\"https:\\\/\\\/www.silutesnaujienos.lt\\\/lt\\\/wp-content\\\/uploads\\\/2020\\\/06\\\/favicon.png\",\"url\":\"https:\\\/\\\/www.silutesnaujienos.lt\\\/lt\\\/wp-content\\\/uploads\\\/2020\\\/06\\\/favicon.png\",\"contentUrl\":\"https:\\\/\\\/www.silutesnaujienos.lt\\\/lt\\\/wp-content\\\/uploads\\\/2020\\\/06\\\/favicon.png\",\"caption\":\"\u0160ilut\u0117s naujien\u0173 inf.\"},\"sameAs\":[\"https:\\\/\\\/www.silutesnaujienos.lt\\\/lt\"],\"url\":\"https:\\\/\\\/www.silutesnaujienos.lt\\\/lt\\\/author\\\/ruta\\\/\"}]}<\/script>\n<!-- \/ Yoast SEO plugin. -->","yoast_head_json":{"title":"R.\u017demaitaitis si\u016blomas \u012f vidaus reikal\u0173 ministro post\u0105 - \u0160ilut\u0117s naujienos","robots":{"index":"index","follow":"follow","max-snippet":"max-snippet:-1","max-image-preview":"max-image-preview:large","max-video-preview":"max-video-preview:-1"},"canonical":"https:\/\/www.silutesnaujienos.lt\/lt\/r-zemaitaitis-siulomas-i-vidaus-reikalu-ministro-posta\/","og_locale":"lt_LT","og_type":"article","og_title":"R.\u017demaitaitis si\u016blomas \u012f vidaus reikal\u0173 ministro post\u0105 - \u0160ilut\u0117s naujienos","og_description":"Socialdemokratams, Darbo partijai bei partijai Tvarka ir teisingumas d\u0117liojant koalicij\u0105, po truput\u012f ai\u0161k\u0117ja galim\u0173 ministr\u0173 pavard\u0117s. Rusni\u0161kis Seimo narys Remigijus \u017demaitaitis, antr\u0105 kadencij\u0105 \u012f Seim\u0105 i\u0161rinktas \u0160ilal\u0117s &#8211; \u0160ilut\u0117s rinkim\u0173 apygardoje, minimas kaip realus kandidatas \u012f vidaus reikal\u0173 ministro post\u0105. Jis yra partijos Tvarka ir teisingumas narys, ra\u0161o portalas DELFI. Jau anks\u010diau formuojamos valdan\u010diosios koalicijos [&hellip;]","og_url":"https:\/\/www.silutesnaujienos.lt\/lt\/r-zemaitaitis-siulomas-i-vidaus-reikalu-ministro-posta\/","og_site_name":"\u0160ilut\u0117s naujienos","article_publisher":"https:\/\/www.facebook.com\/silutes.naujienos\/","article_published_time":"2012-11-13T11:03:24+00:00","og_image":[{"url":"\/\/silutesnaujienos.lt\/images\/stories\/2012\/11\/13\/thumbnails\/thumb_zemaitaitis.jpg","type":"","width":"","height":""}],"author":"\u0160ilut\u0117s naujien\u0173 inf.","twitter_card":"summary_large_image","twitter_misc":{"Written by":"\u0160ilut\u0117s naujien\u0173 inf.","Est. reading time":"2 minut\u0117s"},"schema":{"@context":"https:\/\/schema.org","@graph":[{"@type":"Article","@id":"https:\/\/www.silutesnaujienos.lt\/lt\/r-zemaitaitis-siulomas-i-vidaus-reikalu-ministro-posta\/#article","isPartOf":{"@id":"https:\/\/www.silutesnaujienos.lt\/lt\/r-zemaitaitis-siulomas-i-vidaus-reikalu-ministro-posta\/"},"author":{"name":"\u0160ilut\u0117s naujien\u0173 inf.","@id":"https:\/\/www.silutesnaujienos.lt\/lt\/#\/schema\/person\/232f475ddd4a7b5f49b3abc788b17e83"},"headline":"R.\u017demaitaitis si\u016blomas \u012f vidaus reikal\u0173 ministro post\u0105","datePublished":"2012-11-13T11:03:24+00:00","mainEntityOfPage":{"@id":"https:\/\/www.silutesnaujienos.lt\/lt\/r-zemaitaitis-siulomas-i-vidaus-reikalu-ministro-posta\/"},"wordCount":462,"commentCount":0,"publisher":{"@id":"https:\/\/www.silutesnaujienos.lt\/lt\/#organization"},"articleSection":["Aktualijos"],"inLanguage":"lt-LT","potentialAction":[{"@type":"CommentAction","name":"Comment","target":["https:\/\/www.silutesnaujienos.lt\/lt\/r-zemaitaitis-siulomas-i-vidaus-reikalu-ministro-posta\/#respond"]}]},{"@type":"WebPage","@id":"https:\/\/www.silutesnaujienos.lt\/lt\/r-zemaitaitis-siulomas-i-vidaus-reikalu-ministro-posta\/","url":"https:\/\/www.silutesnaujienos.lt\/lt\/r-zemaitaitis-siulomas-i-vidaus-reikalu-ministro-posta\/","name":"R.\u017demaitaitis si\u016blomas \u012f vidaus reikal\u0173 ministro post\u0105 - \u0160ilut\u0117s naujienos","isPartOf":{"@id":"https:\/\/www.silutesnaujienos.lt\/lt\/#website"},"datePublished":"2012-11-13T11:03:24+00:00","breadcrumb":{"@id":"https:\/\/www.silutesnaujienos.lt\/lt\/r-zemaitaitis-siulomas-i-vidaus-reikalu-ministro-posta\/#breadcrumb"},"inLanguage":"lt-LT","potentialAction":[{"@type":"ReadAction","target":["https:\/\/www.silutesnaujienos.lt\/lt\/r-zemaitaitis-siulomas-i-vidaus-reikalu-ministro-posta\/"]}]},{"@type":"BreadcrumbList","@id":"https:\/\/www.silutesnaujienos.lt\/lt\/r-zemaitaitis-siulomas-i-vidaus-reikalu-ministro-posta\/#breadcrumb","itemListElement":[{"@type":"ListItem","position":1,"name":"Home","item":"https:\/\/www.silutesnaujienos.lt\/lt\/"},{"@type":"ListItem","position":2,"name":"R.\u017demaitaitis si\u016blomas \u012f vidaus reikal\u0173 ministro post\u0105"}]},{"@type":"WebSite","@id":"https:\/\/www.silutesnaujienos.lt\/lt\/#website","url":"https:\/\/www.silutesnaujienos.lt\/lt\/","name":"\u0160ilut\u0117s naujienos","description":"B\u016bk ant naujien\u0173 bangos!","publisher":{"@id":"https:\/\/www.silutesnaujienos.lt\/lt\/#organization"},"potentialAction":[{"@type":"SearchAction","target":{"@type":"EntryPoint","urlTemplate":"https:\/\/www.silutesnaujienos.lt\/lt\/?s={search_term_string}"},"query-input":{"@type":"PropertyValueSpecification","valueRequired":true,"valueName":"search_term_string"}}],"inLanguage":"lt-LT"},{"@type":"Organization","@id":"https:\/\/www.silutesnaujienos.lt\/lt\/#organization","name":"\u0160ilut\u0117s naujienos","url":"https:\/\/www.silutesnaujienos.lt\/lt\/","logo":{"@type":"ImageObject","inLanguage":"lt-LT","@id":"https:\/\/www.silutesnaujienos.lt\/lt\/#\/schema\/logo\/image\/","url":"https:\/\/www.silutesnaujienos.lt\/lt\/wp-content\/uploads\/2020\/06\/FB_MAIN.jpg","contentUrl":"https:\/\/www.silutesnaujienos.lt\/lt\/wp-content\/uploads\/2020\/06\/FB_MAIN.jpg","width":1700,"height":956,"caption":"\u0160ilut\u0117s naujienos"},"image":{"@id":"https:\/\/www.silutesnaujienos.lt\/lt\/#\/schema\/logo\/image\/"},"sameAs":["https:\/\/www.facebook.com\/silutes.naujienos\/","https:\/\/www.youtube.com\/channel\/UCxW-cgrJDt8GxIMxSTAfJZg"]},{"@type":"Person","@id":"https:\/\/www.silutesnaujienos.lt\/lt\/#\/schema\/person\/232f475ddd4a7b5f49b3abc788b17e83","name":"\u0160ilut\u0117s naujien\u0173 inf.","image":{"@type":"ImageObject","inLanguage":"lt-LT","@id":"https:\/\/www.silutesnaujienos.lt\/lt\/wp-content\/uploads\/2020\/06\/favicon.png","url":"https:\/\/www.silutesnaujienos.lt\/lt\/wp-content\/uploads\/2020\/06\/favicon.png","contentUrl":"https:\/\/www.silutesnaujienos.lt\/lt\/wp-content\/uploads\/2020\/06\/favicon.png","caption":"\u0160ilut\u0117s naujien\u0173 inf."},"sameAs":["https:\/\/www.silutesnaujienos.lt\/lt"],"url":"https:\/\/www.silutesnaujienos.lt\/lt\/author\/ruta\/"}]}},"publishpress_future_workflow_manual_trigger":{"enabledWorkflows":[]},"amp_enabled":true,"_links":{"self":[{"href":"https:\/\/www.silutesnaujienos.lt\/lt\/wp-json\/wp\/v2\/posts\/14094","targetHints":{"allow":["GET"]}}],"collection":[{"href":"https:\/\/www.silutesnaujienos.lt\/lt\/wp-json\/wp\/v2\/posts"}],"about":[{"href":"https:\/\/www.silutesnaujienos.lt\/lt\/wp-json\/wp\/v2\/types\/post"}],"author":[{"embeddable":true,"href":"https:\/\/www.silutesnaujienos.lt\/lt\/wp-json\/wp\/v2\/users\/1"}],"replies":[{"embeddable":true,"href":"https:\/\/www.silutesnaujienos.lt\/lt\/wp-json\/wp\/v2\/comments?post=14094"}],"version-history":[{"count":0,"href":"https:\/\/www.silutesnaujienos.lt\/lt\/wp-json\/wp\/v2\/posts\/14094\/revisions"}],"wp:attachment":[{"href":"https:\/\/www.silutesnaujienos.lt\/lt\/wp-json\/wp\/v2\/media?parent=14094"}],"wp:term":[{"taxonomy":"category","embeddable":true,"href":"https:\/\/www.silutesnaujienos.lt\/lt\/wp-json\/wp\/v2\/categories?post=14094"},{"taxonomy":"post_tag","embeddable":true,"href":"https:\/\/www.silutesnaujienos.lt\/lt\/wp-json\/wp\/v2\/tags?post=14094"}],"curies":[{"name":"wp","href":"https:\/\/api.w.org\/{rel}","templated":true}]}}