{"id":14095,"date":"2012-11-14T12:00:00","date_gmt":"2012-11-14T14:00:00","guid":{"rendered":"https:\/\/www.silutesnaujienos.lt\/lt\/seimo-narys-a-endzinas-atsisveikina-ir-op-i-darbo-rinka\/"},"modified":"2012-11-14T12:00:00","modified_gmt":"2012-11-14T14:00:00","slug":"seimo-narys-a-endzinas-atsisveikina-ir-op-i-darbo-rinka","status":"publish","type":"post","link":"https:\/\/www.silutesnaujienos.lt\/lt\/seimo-narys-a-endzinas-atsisveikina-ir-op-i-darbo-rinka\/","title":{"rendered":"Seimo narys A.Endzinas atsisveikina ir op \u012f darbo rink\u0105"},"content":{"rendered":"<p><a target=\"_blank\" rel=\"caption[Baig\u0119s Seimo nario karjer\u0105, A.Endzinas ketina sugr\u012f\u017eti \u012f savo \u0161eimos versl\u0105 - UAB \u201eEnergetikos objekt\u0173 statyb\u0105\u201c.] noopener noreferrer\" class=\"jcepopup\" href=\"\/\/silutesnaujienos.lt\/images\/stories\/2012\/11\/13\/ENDZINAS.jpg\" data-rel=\"lightbox-gallery-nAIQ8jde\" data-rl_title=\"\" data-rl_caption=\"\"><img loading=\"lazy\" decoding=\"async\" style=\"margin: 5px; float: left;\" class=\"caption\" title=\"\" alt=\"ENDZINAS\" src=\"\/\/silutesnaujienos.lt\/images\/stories\/2012\/11\/13\/thumbnails\/thumb_ENDZINAS.jpg\" height=\"230\" width=\"307\" \/><\/a><strong>Antr\u0105 kadencij\u0105 Seime baig\u0119s parlamentaras Audrius Endzinas neketina pretenduoti \u012f post\u0105 Savivaldyb\u0117s administracijoje ar brautis \u012f kokios nors Savivaldyb\u0117s \u012fstaigos ar \u012fmon\u0117s vadovo post\u0105. Gandus apie karjer\u0105 Savivaldyb\u0117s institucijose A.Endzinas paneig\u0117 paskutin\u0117je savo, kaip Seimo nario, spaudos konferencijoje.<\/strong><\/p>\n<p><strong>Baig\u0119s darb\u0105 did\u017eiojoje politikoje A.Endzinas ketina sugr\u012f\u017eti&nbsp; atgal \u012f darb\u0105 jo \u0161eimai priklausan\u010dioje \u012fmon\u0117je UAB \u201eEnergetikos objekt\u0173 statyba\u201c, be to, u\u017esimin\u0117, kad turi nebaigt\u0173 darb\u0173 Rusn\u0117je. Visiems \u017einoma, kad A.Endzino \u0161eimai priklauso jau senokai rekonstruotas buv\u0119s seni\u016bnijos pastatas, kuris dabar gal\u0117t\u0173 veikti kaip vie\u0161butis.<\/strong><\/p>\n<p><strong>Liks rajono politikoje<\/strong><\/p>\n<p>Ta\u010diau akivaizdu, kad A.Endzinas neketina trauktis i\u0161 rajono politikos. Spaudos konferencijos metu jis sak\u0117, kad yra ir bus Lietuvos liberal\u0173 s\u0105j\u016bd\u017eio \u0160ilut\u0117s skyriaus narys. Karjera \u0161ioje srityje priklausys nuo skyriaus nari\u0173 ir rink\u0117j\u0173 pasitik\u0117jimo.<\/p>\n<p>A.Endzinas jau turi id\u0117j\u0173 apie rajono liberal\u0173 paj\u0117g\u0173 kooperavim\u0105. Jo nuomone, rajono Tarybos Liberal\u0173 ir centro s\u0105jungos bei Liberal\u0173 s\u0105j\u016bd\u017eio frakcij\u0173 nariai gal\u0117t\u0173 jau dabar jungtis \u012f vien\u0105 frakcij\u0105 ir taip rodyti pavyzd\u012f visos Lietuvos liberaliosioms partijoms.<\/p>\n<p><strong>Buvo i\u0161kraustytas<br \/><\/strong><br \/>Dvi Seimo kadencijos &#8211; tai 3000 dien\u0173 sud\u0117tingo ir \u012fdomaus darbo, tai bema\u017e 1000 pos\u0117d\u017ei\u0173, kuriuose teko nagrin\u0117ti ir spr\u0119sti daug \u0161aliai svarbi\u0173 klausim\u0173, sak\u0117 A.Endzinas.<\/p>\n<p>Kalb\u0117damas apie naud\u0105 Pamario kra\u0161tui, kuriame jis dvi kadencijas buvo i\u0161rinktas Seimo nariu, A.Endzinas buvo kuklus, u\u017esimindamas tik apie mokykl\u0173 renovacijos projektus, kov\u0105 d\u0117l Rusn\u0117s estakados. Estakados projektavimo ir statybos prad\u017eios l\u0117\u0161os (5 mln. Lt) buvo suplanuotos \u0161i\u0173 met\u0173 valstyb\u0117s biud\u017eete, ta\u010diau darbai, ko gero, bus prad\u0117ti tik kitais metais.<\/p>\n<p>Vertindamas bendravim\u0105 su rajono vadovybe, A.Endzinas diplomati\u0161kai kalb\u0117jo, kad dalykinis bendravimas buvo su visais vadovais. Ta\u010diau su tam tikra nuoskauda jis prisimin\u0117 fakt\u0105, jog tikriausiai rajono vadovo V.Pozingio iniciatyva Savivaldyb\u0117s administracijos pastate nebeliko vietos Seimo nario kabinetui. Tuo pat metu buvo \u012frengtas atskiras kabinetas r\u016bkaliams. <\/p>\n<p>A.Endzino nuomone, dabar, kai rajono vadovyb\u0117 pasikeitusi ir rajone i\u0161rinktas kitas Seimo narys, yra gera proga suartinti Seimo nari\u0173 ir savivaldyb\u0117s vadov\u0173 bendradarbiavim\u0105.<\/p>\n<p><strong>I\u0161moko dirbti ne individualiai<\/strong><\/p>\n<p>Pasakodamas apie \u012fsimintiniausius \u012fstatym\u0173 projektus, A.Endzinas min\u0117jo prid\u0117tin\u0117s vert\u0117s mokes\u010dio mok\u0117jimo atid\u0117jimo \u012fstatym\u0105. A.Endzino nuomone, nebuvo teisinga, kad valstyb\u0117s u\u017esakymus \u012fvykdan\u010dios \u012fmon\u0117s atlyg\u012f u\u017e darbus da\u017enai gaudavo tik po pusme\u010dio ar dar v\u0117liau, o PVM prival\u0117jo sumok\u0117ti t\u0105 pat\u012f m\u0117nes\u012f, kai i\u0161ra\u0161ydavo s\u0105skaitas. Taip verslininkai buvo priversti kredituoti valstyb\u0117s i\u017ed\u0105 savo ar bank\u0173 kredit\u0173 l\u0117\u0161omis.<\/p>\n<p>PVM atid\u0117jimo id\u0117jai, kad verslininkams, kurie \u012fgyvendina vie\u0161uosius u\u017esakymus, prid\u0117tin\u0117s vert\u0117s mokest\u012f b\u016bt\u0173 privalu sumok\u0117ti tik tuomet, kai u\u017esakovai atsiskaito u\u017e atliktus darbus, pritar\u0117 Seimo dauguma. Bet \u0161\u012f \u012fstatym\u0105 vetavo Prezident\u0117 Dalia Grybauskait\u0117. Pasak A.Endzino, teko bent pusmet\u012f pavargti, kad verslininkams aktualus klausimas b\u016bt\u0173 i\u0161spr\u0119stas kitaip.<\/p>\n<p>Kadencijos pabaigoje A.Endzinas buvo parlamentar\u0173 grup\u0117je, kuri\u0173 iniciatyva parengtas ir jau patvirtintas Administracin\u0117s na\u0161tos ma\u017einimo \u012fstatymas. Jame, taip pat, nurodyti grie\u017eti terminai, per kuriuos privaloma atsiskaityti u\u017e atliktus darbus.<\/p>\n<p>Kalb\u0117damas apie parlamentin\u0117s veiklos rezultatus, A.Endzinas sak\u0117, kad jau per pirm\u0105j\u0105 kadencij\u0105 pasimok\u0117, jog norint pasiekti s\u0117kmingo id\u0117j\u0173 perk\u0117limo \u012f \u012fstatymus, reikia vengti individualumo. S\u0117km\u0117 lydi tuomet, kai prie \u012fstatymo projekto k\u016brimo prisideda kuo daugiau bendramin\u010di\u0173, o dar geriau, kai j\u0173 atrandama ir i\u0161 opozicijos.<\/p>\n<p>A.Endzinas geru \u017eod\u017eiu min\u0117jo \u0160ilut\u0117s kra\u0161te naujai i\u0161rinktus Seimo narius. Jo teigimu, Remigijus \u017demaitaitis, K\u0119stas Komskis ir Art\u016bras Skard\u017eius yra patyr\u0119 politikai ir jiems mokytis parlamentin\u0117s veiklos nereik\u0117s. A.Endzino nuomone, yra pagr\u012fst\u0173 prielaid\u0173, kad bent vienas i\u0161 j\u0173 gali b\u016bti paskirtas ir \u012f socialdemokrat\u0173 formuojam\u0105 vyriausyb\u0119.<\/p>\n","protected":false},"excerpt":{"rendered":"<p>Antr\u0105 kadencij\u0105 Seime baig\u0119s parlamentaras Audrius Endzinas neketina pretenduoti \u012f post\u0105 Savivaldyb\u0117s administracijoje ar brautis \u012f kokios nors Savivaldyb\u0117s \u012fstaigos ar \u012fmon\u0117s vadovo post\u0105. Gandus apie karjer\u0105 Savivaldyb\u0117s institucijose A.Endzinas paneig\u0117 paskutin\u0117je savo, kaip Seimo nario, spaudos konferencijoje. Baig\u0119s darb\u0105 did\u017eiojoje politikoje A.Endzinas ketina sugr\u012f\u017eti&nbsp; atgal \u012f darb\u0105 jo \u0161eimai priklausan\u010dioje \u012fmon\u0117je UAB \u201eEnergetikos objekt\u0173 [&hellip;]<\/p>\n","protected":false},"author":1,"featured_media":0,"comment_status":"open","ping_status":"open","sticky":false,"template":"","format":"standard","meta":{"footnotes":""},"categories":[2],"tags":[],"class_list":{"0":"post-14095","1":"post","2":"type-post","3":"status-publish","4":"format-standard","6":"category-aktualijos"},"yoast_head":"<!-- This site is optimized with the Yoast SEO plugin v27.5 - https:\/\/yoast.com\/product\/yoast-seo-wordpress\/ -->\n<title>Seimo narys A.Endzinas atsisveikina ir op \u012f darbo rink\u0105 - \u0160ilut\u0117s naujienos<\/title>\n<meta name=\"robots\" content=\"index, follow, max-snippet:-1, max-image-preview:large, max-video-preview:-1\" \/>\n<link rel=\"canonical\" href=\"https:\/\/www.silutesnaujienos.lt\/lt\/seimo-narys-a-endzinas-atsisveikina-ir-op-i-darbo-rinka\/\" \/>\n<meta property=\"og:locale\" content=\"lt_LT\" \/>\n<meta property=\"og:type\" content=\"article\" \/>\n<meta property=\"og:title\" content=\"Seimo narys A.Endzinas atsisveikina ir op \u012f darbo rink\u0105 - \u0160ilut\u0117s naujienos\" \/>\n<meta property=\"og:description\" content=\"Antr\u0105 kadencij\u0105 Seime baig\u0119s parlamentaras Audrius Endzinas neketina pretenduoti \u012f post\u0105 Savivaldyb\u0117s administracijoje ar brautis \u012f kokios nors Savivaldyb\u0117s \u012fstaigos ar \u012fmon\u0117s vadovo post\u0105. Gandus apie karjer\u0105 Savivaldyb\u0117s institucijose A.Endzinas paneig\u0117 paskutin\u0117je savo, kaip Seimo nario, spaudos konferencijoje. Baig\u0119s darb\u0105 did\u017eiojoje politikoje A.Endzinas ketina sugr\u012f\u017eti&nbsp; atgal \u012f darb\u0105 jo \u0161eimai priklausan\u010dioje \u012fmon\u0117je UAB \u201eEnergetikos objekt\u0173 [&hellip;]\" \/>\n<meta property=\"og:url\" content=\"https:\/\/www.silutesnaujienos.lt\/lt\/seimo-narys-a-endzinas-atsisveikina-ir-op-i-darbo-rinka\/\" \/>\n<meta property=\"og:site_name\" content=\"\u0160ilut\u0117s naujienos\" \/>\n<meta property=\"article:publisher\" content=\"https:\/\/www.facebook.com\/silutes.naujienos\/\" \/>\n<meta property=\"article:published_time\" content=\"2012-11-14T14:00:00+00:00\" \/>\n<meta property=\"og:image\" content=\"\/\/silutesnaujienos.lt\/images\/stories\/2012\/11\/13\/thumbnails\/thumb_ENDZINAS.jpg\" \/>\n<meta name=\"author\" content=\"\u0160ilut\u0117s naujien\u0173 inf.\" \/>\n<meta name=\"twitter:card\" content=\"summary_large_image\" \/>\n<meta name=\"twitter:label1\" content=\"Written by\" \/>\n\t<meta name=\"twitter:data1\" content=\"\u0160ilut\u0117s naujien\u0173 inf.\" \/>\n\t<meta name=\"twitter:label2\" content=\"Est. reading time\" \/>\n\t<meta name=\"twitter:data2\" content=\"3 minut\u0117s\" \/>\n<script type=\"application\/ld+json\" class=\"yoast-schema-graph\">{\"@context\":\"https:\\\/\\\/schema.org\",\"@graph\":[{\"@type\":\"Article\",\"@id\":\"https:\\\/\\\/www.silutesnaujienos.lt\\\/lt\\\/seimo-narys-a-endzinas-atsisveikina-ir-op-i-darbo-rinka\\\/#article\",\"isPartOf\":{\"@id\":\"https:\\\/\\\/www.silutesnaujienos.lt\\\/lt\\\/seimo-narys-a-endzinas-atsisveikina-ir-op-i-darbo-rinka\\\/\"},\"author\":{\"name\":\"\u0160ilut\u0117s naujien\u0173 inf.\",\"@id\":\"https:\\\/\\\/www.silutesnaujienos.lt\\\/lt\\\/#\\\/schema\\\/person\\\/232f475ddd4a7b5f49b3abc788b17e83\"},\"headline\":\"Seimo narys A.Endzinas atsisveikina ir op \u012f darbo rink\u0105\",\"datePublished\":\"2012-11-14T14:00:00+00:00\",\"mainEntityOfPage\":{\"@id\":\"https:\\\/\\\/www.silutesnaujienos.lt\\\/lt\\\/seimo-narys-a-endzinas-atsisveikina-ir-op-i-darbo-rinka\\\/\"},\"wordCount\":663,\"commentCount\":0,\"publisher\":{\"@id\":\"https:\\\/\\\/www.silutesnaujienos.lt\\\/lt\\\/#organization\"},\"articleSection\":[\"Aktualijos\"],\"inLanguage\":\"lt-LT\",\"potentialAction\":[{\"@type\":\"CommentAction\",\"name\":\"Comment\",\"target\":[\"https:\\\/\\\/www.silutesnaujienos.lt\\\/lt\\\/seimo-narys-a-endzinas-atsisveikina-ir-op-i-darbo-rinka\\\/#respond\"]}]},{\"@type\":\"WebPage\",\"@id\":\"https:\\\/\\\/www.silutesnaujienos.lt\\\/lt\\\/seimo-narys-a-endzinas-atsisveikina-ir-op-i-darbo-rinka\\\/\",\"url\":\"https:\\\/\\\/www.silutesnaujienos.lt\\\/lt\\\/seimo-narys-a-endzinas-atsisveikina-ir-op-i-darbo-rinka\\\/\",\"name\":\"Seimo narys A.Endzinas atsisveikina ir op \u012f darbo rink\u0105 - \u0160ilut\u0117s naujienos\",\"isPartOf\":{\"@id\":\"https:\\\/\\\/www.silutesnaujienos.lt\\\/lt\\\/#website\"},\"datePublished\":\"2012-11-14T14:00:00+00:00\",\"breadcrumb\":{\"@id\":\"https:\\\/\\\/www.silutesnaujienos.lt\\\/lt\\\/seimo-narys-a-endzinas-atsisveikina-ir-op-i-darbo-rinka\\\/#breadcrumb\"},\"inLanguage\":\"lt-LT\",\"potentialAction\":[{\"@type\":\"ReadAction\",\"target\":[\"https:\\\/\\\/www.silutesnaujienos.lt\\\/lt\\\/seimo-narys-a-endzinas-atsisveikina-ir-op-i-darbo-rinka\\\/\"]}]},{\"@type\":\"BreadcrumbList\",\"@id\":\"https:\\\/\\\/www.silutesnaujienos.lt\\\/lt\\\/seimo-narys-a-endzinas-atsisveikina-ir-op-i-darbo-rinka\\\/#breadcrumb\",\"itemListElement\":[{\"@type\":\"ListItem\",\"position\":1,\"name\":\"Home\",\"item\":\"https:\\\/\\\/www.silutesnaujienos.lt\\\/lt\\\/\"},{\"@type\":\"ListItem\",\"position\":2,\"name\":\"Seimo narys A.Endzinas atsisveikina ir op \u012f darbo rink\u0105\"}]},{\"@type\":\"WebSite\",\"@id\":\"https:\\\/\\\/www.silutesnaujienos.lt\\\/lt\\\/#website\",\"url\":\"https:\\\/\\\/www.silutesnaujienos.lt\\\/lt\\\/\",\"name\":\"\u0160ilut\u0117s naujienos\",\"description\":\"B\u016bk ant naujien\u0173 bangos!\",\"publisher\":{\"@id\":\"https:\\\/\\\/www.silutesnaujienos.lt\\\/lt\\\/#organization\"},\"potentialAction\":[{\"@type\":\"SearchAction\",\"target\":{\"@type\":\"EntryPoint\",\"urlTemplate\":\"https:\\\/\\\/www.silutesnaujienos.lt\\\/lt\\\/?s={search_term_string}\"},\"query-input\":{\"@type\":\"PropertyValueSpecification\",\"valueRequired\":true,\"valueName\":\"search_term_string\"}}],\"inLanguage\":\"lt-LT\"},{\"@type\":\"Organization\",\"@id\":\"https:\\\/\\\/www.silutesnaujienos.lt\\\/lt\\\/#organization\",\"name\":\"\u0160ilut\u0117s naujienos\",\"url\":\"https:\\\/\\\/www.silutesnaujienos.lt\\\/lt\\\/\",\"logo\":{\"@type\":\"ImageObject\",\"inLanguage\":\"lt-LT\",\"@id\":\"https:\\\/\\\/www.silutesnaujienos.lt\\\/lt\\\/#\\\/schema\\\/logo\\\/image\\\/\",\"url\":\"https:\\\/\\\/www.silutesnaujienos.lt\\\/lt\\\/wp-content\\\/uploads\\\/2020\\\/06\\\/FB_MAIN.jpg\",\"contentUrl\":\"https:\\\/\\\/www.silutesnaujienos.lt\\\/lt\\\/wp-content\\\/uploads\\\/2020\\\/06\\\/FB_MAIN.jpg\",\"width\":1700,\"height\":956,\"caption\":\"\u0160ilut\u0117s naujienos\"},\"image\":{\"@id\":\"https:\\\/\\\/www.silutesnaujienos.lt\\\/lt\\\/#\\\/schema\\\/logo\\\/image\\\/\"},\"sameAs\":[\"https:\\\/\\\/www.facebook.com\\\/silutes.naujienos\\\/\",\"https:\\\/\\\/www.youtube.com\\\/channel\\\/UCxW-cgrJDt8GxIMxSTAfJZg\"]},{\"@type\":\"Person\",\"@id\":\"https:\\\/\\\/www.silutesnaujienos.lt\\\/lt\\\/#\\\/schema\\\/person\\\/232f475ddd4a7b5f49b3abc788b17e83\",\"name\":\"\u0160ilut\u0117s naujien\u0173 inf.\",\"image\":{\"@type\":\"ImageObject\",\"inLanguage\":\"lt-LT\",\"@id\":\"https:\\\/\\\/www.silutesnaujienos.lt\\\/lt\\\/wp-content\\\/uploads\\\/2020\\\/06\\\/favicon.png\",\"url\":\"https:\\\/\\\/www.silutesnaujienos.lt\\\/lt\\\/wp-content\\\/uploads\\\/2020\\\/06\\\/favicon.png\",\"contentUrl\":\"https:\\\/\\\/www.silutesnaujienos.lt\\\/lt\\\/wp-content\\\/uploads\\\/2020\\\/06\\\/favicon.png\",\"caption\":\"\u0160ilut\u0117s naujien\u0173 inf.\"},\"sameAs\":[\"https:\\\/\\\/www.silutesnaujienos.lt\\\/lt\"],\"url\":\"https:\\\/\\\/www.silutesnaujienos.lt\\\/lt\\\/author\\\/ruta\\\/\"}]}<\/script>\n<!-- \/ Yoast SEO plugin. -->","yoast_head_json":{"title":"Seimo narys A.Endzinas atsisveikina ir op \u012f darbo rink\u0105 - \u0160ilut\u0117s naujienos","robots":{"index":"index","follow":"follow","max-snippet":"max-snippet:-1","max-image-preview":"max-image-preview:large","max-video-preview":"max-video-preview:-1"},"canonical":"https:\/\/www.silutesnaujienos.lt\/lt\/seimo-narys-a-endzinas-atsisveikina-ir-op-i-darbo-rinka\/","og_locale":"lt_LT","og_type":"article","og_title":"Seimo narys A.Endzinas atsisveikina ir op \u012f darbo rink\u0105 - \u0160ilut\u0117s naujienos","og_description":"Antr\u0105 kadencij\u0105 Seime baig\u0119s parlamentaras Audrius Endzinas neketina pretenduoti \u012f post\u0105 Savivaldyb\u0117s administracijoje ar brautis \u012f kokios nors Savivaldyb\u0117s \u012fstaigos ar \u012fmon\u0117s vadovo post\u0105. Gandus apie karjer\u0105 Savivaldyb\u0117s institucijose A.Endzinas paneig\u0117 paskutin\u0117je savo, kaip Seimo nario, spaudos konferencijoje. Baig\u0119s darb\u0105 did\u017eiojoje politikoje A.Endzinas ketina sugr\u012f\u017eti&nbsp; atgal \u012f darb\u0105 jo \u0161eimai priklausan\u010dioje \u012fmon\u0117je UAB \u201eEnergetikos objekt\u0173 [&hellip;]","og_url":"https:\/\/www.silutesnaujienos.lt\/lt\/seimo-narys-a-endzinas-atsisveikina-ir-op-i-darbo-rinka\/","og_site_name":"\u0160ilut\u0117s naujienos","article_publisher":"https:\/\/www.facebook.com\/silutes.naujienos\/","article_published_time":"2012-11-14T14:00:00+00:00","og_image":[{"url":"\/\/silutesnaujienos.lt\/images\/stories\/2012\/11\/13\/thumbnails\/thumb_ENDZINAS.jpg","type":"","width":"","height":""}],"author":"\u0160ilut\u0117s naujien\u0173 inf.","twitter_card":"summary_large_image","twitter_misc":{"Written by":"\u0160ilut\u0117s naujien\u0173 inf.","Est. reading time":"3 minut\u0117s"},"schema":{"@context":"https:\/\/schema.org","@graph":[{"@type":"Article","@id":"https:\/\/www.silutesnaujienos.lt\/lt\/seimo-narys-a-endzinas-atsisveikina-ir-op-i-darbo-rinka\/#article","isPartOf":{"@id":"https:\/\/www.silutesnaujienos.lt\/lt\/seimo-narys-a-endzinas-atsisveikina-ir-op-i-darbo-rinka\/"},"author":{"name":"\u0160ilut\u0117s naujien\u0173 inf.","@id":"https:\/\/www.silutesnaujienos.lt\/lt\/#\/schema\/person\/232f475ddd4a7b5f49b3abc788b17e83"},"headline":"Seimo narys A.Endzinas atsisveikina ir op \u012f darbo rink\u0105","datePublished":"2012-11-14T14:00:00+00:00","mainEntityOfPage":{"@id":"https:\/\/www.silutesnaujienos.lt\/lt\/seimo-narys-a-endzinas-atsisveikina-ir-op-i-darbo-rinka\/"},"wordCount":663,"commentCount":0,"publisher":{"@id":"https:\/\/www.silutesnaujienos.lt\/lt\/#organization"},"articleSection":["Aktualijos"],"inLanguage":"lt-LT","potentialAction":[{"@type":"CommentAction","name":"Comment","target":["https:\/\/www.silutesnaujienos.lt\/lt\/seimo-narys-a-endzinas-atsisveikina-ir-op-i-darbo-rinka\/#respond"]}]},{"@type":"WebPage","@id":"https:\/\/www.silutesnaujienos.lt\/lt\/seimo-narys-a-endzinas-atsisveikina-ir-op-i-darbo-rinka\/","url":"https:\/\/www.silutesnaujienos.lt\/lt\/seimo-narys-a-endzinas-atsisveikina-ir-op-i-darbo-rinka\/","name":"Seimo narys A.Endzinas atsisveikina ir op \u012f darbo rink\u0105 - \u0160ilut\u0117s naujienos","isPartOf":{"@id":"https:\/\/www.silutesnaujienos.lt\/lt\/#website"},"datePublished":"2012-11-14T14:00:00+00:00","breadcrumb":{"@id":"https:\/\/www.silutesnaujienos.lt\/lt\/seimo-narys-a-endzinas-atsisveikina-ir-op-i-darbo-rinka\/#breadcrumb"},"inLanguage":"lt-LT","potentialAction":[{"@type":"ReadAction","target":["https:\/\/www.silutesnaujienos.lt\/lt\/seimo-narys-a-endzinas-atsisveikina-ir-op-i-darbo-rinka\/"]}]},{"@type":"BreadcrumbList","@id":"https:\/\/www.silutesnaujienos.lt\/lt\/seimo-narys-a-endzinas-atsisveikina-ir-op-i-darbo-rinka\/#breadcrumb","itemListElement":[{"@type":"ListItem","position":1,"name":"Home","item":"https:\/\/www.silutesnaujienos.lt\/lt\/"},{"@type":"ListItem","position":2,"name":"Seimo narys A.Endzinas atsisveikina ir op \u012f darbo rink\u0105"}]},{"@type":"WebSite","@id":"https:\/\/www.silutesnaujienos.lt\/lt\/#website","url":"https:\/\/www.silutesnaujienos.lt\/lt\/","name":"\u0160ilut\u0117s naujienos","description":"B\u016bk ant naujien\u0173 bangos!","publisher":{"@id":"https:\/\/www.silutesnaujienos.lt\/lt\/#organization"},"potentialAction":[{"@type":"SearchAction","target":{"@type":"EntryPoint","urlTemplate":"https:\/\/www.silutesnaujienos.lt\/lt\/?s={search_term_string}"},"query-input":{"@type":"PropertyValueSpecification","valueRequired":true,"valueName":"search_term_string"}}],"inLanguage":"lt-LT"},{"@type":"Organization","@id":"https:\/\/www.silutesnaujienos.lt\/lt\/#organization","name":"\u0160ilut\u0117s naujienos","url":"https:\/\/www.silutesnaujienos.lt\/lt\/","logo":{"@type":"ImageObject","inLanguage":"lt-LT","@id":"https:\/\/www.silutesnaujienos.lt\/lt\/#\/schema\/logo\/image\/","url":"https:\/\/www.silutesnaujienos.lt\/lt\/wp-content\/uploads\/2020\/06\/FB_MAIN.jpg","contentUrl":"https:\/\/www.silutesnaujienos.lt\/lt\/wp-content\/uploads\/2020\/06\/FB_MAIN.jpg","width":1700,"height":956,"caption":"\u0160ilut\u0117s naujienos"},"image":{"@id":"https:\/\/www.silutesnaujienos.lt\/lt\/#\/schema\/logo\/image\/"},"sameAs":["https:\/\/www.facebook.com\/silutes.naujienos\/","https:\/\/www.youtube.com\/channel\/UCxW-cgrJDt8GxIMxSTAfJZg"]},{"@type":"Person","@id":"https:\/\/www.silutesnaujienos.lt\/lt\/#\/schema\/person\/232f475ddd4a7b5f49b3abc788b17e83","name":"\u0160ilut\u0117s naujien\u0173 inf.","image":{"@type":"ImageObject","inLanguage":"lt-LT","@id":"https:\/\/www.silutesnaujienos.lt\/lt\/wp-content\/uploads\/2020\/06\/favicon.png","url":"https:\/\/www.silutesnaujienos.lt\/lt\/wp-content\/uploads\/2020\/06\/favicon.png","contentUrl":"https:\/\/www.silutesnaujienos.lt\/lt\/wp-content\/uploads\/2020\/06\/favicon.png","caption":"\u0160ilut\u0117s naujien\u0173 inf."},"sameAs":["https:\/\/www.silutesnaujienos.lt\/lt"],"url":"https:\/\/www.silutesnaujienos.lt\/lt\/author\/ruta\/"}]}},"publishpress_future_workflow_manual_trigger":{"enabledWorkflows":[]},"amp_enabled":true,"_links":{"self":[{"href":"https:\/\/www.silutesnaujienos.lt\/lt\/wp-json\/wp\/v2\/posts\/14095","targetHints":{"allow":["GET"]}}],"collection":[{"href":"https:\/\/www.silutesnaujienos.lt\/lt\/wp-json\/wp\/v2\/posts"}],"about":[{"href":"https:\/\/www.silutesnaujienos.lt\/lt\/wp-json\/wp\/v2\/types\/post"}],"author":[{"embeddable":true,"href":"https:\/\/www.silutesnaujienos.lt\/lt\/wp-json\/wp\/v2\/users\/1"}],"replies":[{"embeddable":true,"href":"https:\/\/www.silutesnaujienos.lt\/lt\/wp-json\/wp\/v2\/comments?post=14095"}],"version-history":[{"count":0,"href":"https:\/\/www.silutesnaujienos.lt\/lt\/wp-json\/wp\/v2\/posts\/14095\/revisions"}],"wp:attachment":[{"href":"https:\/\/www.silutesnaujienos.lt\/lt\/wp-json\/wp\/v2\/media?parent=14095"}],"wp:term":[{"taxonomy":"category","embeddable":true,"href":"https:\/\/www.silutesnaujienos.lt\/lt\/wp-json\/wp\/v2\/categories?post=14095"},{"taxonomy":"post_tag","embeddable":true,"href":"https:\/\/www.silutesnaujienos.lt\/lt\/wp-json\/wp\/v2\/tags?post=14095"}],"curies":[{"name":"wp","href":"https:\/\/api.w.org\/{rel}","templated":true}]}}