{"id":14097,"date":"2012-11-15T14:21:39","date_gmt":"2012-11-15T16:21:39","guid":{"rendered":"https:\/\/www.silutesnaujienos.lt\/lt\/tvarkieciai-seimo-vicepirmininku-siulys-k-komski-vidaus-reikalu-r-zemaitaiti\/"},"modified":"2012-11-15T14:21:39","modified_gmt":"2012-11-15T16:21:39","slug":"tvarkieciai-seimo-vicepirmininku-siulys-k-komski-vidaus-reikalu-r-zemaitaiti","status":"publish","type":"post","link":"https:\/\/www.silutesnaujienos.lt\/lt\/tvarkieciai-seimo-vicepirmininku-siulys-k-komski-vidaus-reikalu-r-zemaitaiti\/","title":{"rendered":"\u201eTvarkie\u010diai\u201c Seimo vicepirmininku si\u016blys K.Komsk\u012f, vidaus reikal\u0173 \u2013 R.\u017demaitait\u012f"},"content":{"rendered":"<p><a target=\"_blank\" rel=\"caption[Partijos Tvarka ir teisingumas \u0160ilut\u0117s skyriaus vadovas Vaidas Pavilonis prezidiumo pos\u0117dyje bendravo su R.Paksu. \/ DELFI (K.\u010cachovskio nuotr.)] noopener noreferrer\" class=\"jcepopup\" href=\"\/\/silutesnaujienos.lt\/images\/stories\/2012\/11\/15\/file59990497_3d0b53eb.jpg\" data-rel=\"lightbox-gallery-mQiX1R7m\" data-rl_title=\"\" data-rl_caption=\"\"><img loading=\"lazy\" decoding=\"async\" style=\"margin: 5px; float: left;\" class=\"caption\" title=\"\" alt=\"Partijos Tvarka ir teisingumas \u0160ilut\u0117s skyriaus vadovas Vaidas Pavilonis prezidiumo pos\u0117dyje bendravo su R.Paksu. \/ DELFI (K.\u010cachovskio nuotr.)\" src=\"\/\/silutesnaujienos.lt\/images\/stories\/2012\/11\/15\/thumbnails\/thumb_file59990497_3d0b53eb.jpg\" height=\"230\" width=\"307\" \/><\/a><strong>Tre\u010diadien\u012f prezidiumo pos\u0117dyje partija &#8222;Tvarka ir teisingumas&#8221; nutar\u0117 Seimo pirmininko pavaduotoju si\u016blyti rinkti K\u0119st\u0105 Komsk\u012f. Prezidiumas taip pat patvirtino, kad \u012f aplinkos ministro post\u0105 bus si\u016blomas Valentinas Mazuronis, o \u012f vidaus reikal\u0173 \u2013 Remigijus \u017demaitaitis. <\/strong><\/p>\n<p><strong>Neoficialiais duomenimis, V.Mazuronio pad\u0117j\u0117ju gali b\u016bti \u0160ilut\u0117s rajono&nbsp;savivaldyb\u0117s tarybos narys, buv\u0119s mero pavaduotojas, partijos skyriaus vadovas \u0160ilut\u0117je Vaidas Pavilonis.<br \/><\/strong><\/p>\n<p>Darb\u0105 baigian\u010dios Vyriausyb\u0117s vadovas Ministras pirmininkas Andrius Kubilius ketvirtadien\u012f i\u0161rei\u0161k\u0117 nuomon\u0119, kad &#8222;tvarkie\u010dio&#8221; K\u0119sto Komskio kandidat\u016bra \u012f Seimo vicepirmininkus yra akibrok\u0161tas. Kitas kandidat\u016bras jis taip pat vertino kriti\u0161kai.<\/p>\n<p><strong>R.Paksas: vyrai pador\u016bs ir i\u0161tvermingi<\/strong><\/p>\n<p>K.Komskis ir R.\u017demaitaitis jau antr\u0105 kart\u0105 i\u0161rinkti \u012f Seim\u0105. K.Komskis pirmasis kandidatavo \u012f Parlament\u0105 vienmandat\u0117je \u0160ilut\u0117s &#8211; Pag\u0117gi\u0173 rinkim\u0173 apygardoje, ta\u010diau ne\u012fveik\u0117 II rinkim\u0173 turo kovos ir Seimo nario mandat\u0105 gavo pagal partijos Tvarka ir teisingumas s\u0105r\u0161\u0105. R.\u017demaitaitis ry\u0161kia bals\u0173 persvara nugal\u0117jo visus \u0160ilal\u0117s &#8211; \u0160ilut\u0117s vienmandat\u0117s rinkim\u0173 apygardos kandidatus.<\/p>\n<p>R.\u017demaitaitis &#8222;\u0160ilut\u0117s naujienoms&#8221; sak\u0117, kad ir dirbdamas ministru kiekvien\u0105 savait\u0119 ras laiko susitikti su rink\u0117jais savo rinkim\u0173 apygardoje, juos konsultuoti, spr\u0119sti kitas problemas. \u012eprastu ritmu dirbs jo biuras ir pad\u0117j\u0117jai. Tad vadovavimas ministerijai netur\u0117t\u0173 atne\u0161ti skriaudos rink\u0117jams.<\/p>\n<p>Tre\u010diadien\u012f po partijos prezidiumo pos\u0117d\u017eio apib\u016bdino partijos pirmininkas Rolandas Paksas kandidatus apib\u016bdino kaip kompetentingus.<\/p>\n<p>&#8222;Patyr\u0119 partie\u010diai, pador\u016bs i\u0161tvermingi. Man vyrai gra\u017e\u016bs kitom prasm\u0117m &#8211; vidin\u0117mis. Patikimi. B\u016btent kompetencija yra m\u016bs\u0173 vidinis arkliukas. K.Komskis ne pirm\u0105 kadencij\u0105 yra Seimo narys. Tai faktas, kad \u017emon\u0117s pasitiki juo. Visi gandai, kurie bando susiformuoti vir\u0161 jo, yra be pagrindo&#8221;, &#8211; tikino R.Paksas.<\/p>\n<p>Seimo pirminink\u0117 Irena Degutien\u0117 net kelet\u0105 kart\u0173 yra abejojusi K.Komskio galimyb\u0117mis u\u017eimti Seimo Antikorupcijos komisijos pirmininko pareigas. 2006 m. sausio 19 d. Vyriausioji tarnybin\u0117s etikos komisija (VTEK) yra pripa\u017einusi, kad K.Komskis, b\u016bdamas Pag\u0117gi\u0173 savivaldyb\u0117s meru, pa\u017eeid\u0117 Vie\u0161\u0173j\u0173 ir priva\u010di\u0173 interes\u0173 derinimo valstybin\u0117je tarnyboje \u012fstatym\u0105.<\/p>\n<p>\u0160iuo metu K.Komskio pavard\u0117 fig\u016bruoja rink\u0117j\u0173 papirkin\u0117jimo bylose.<\/p>\n<p><strong>A.Kubilius: K.Komskio veikl\u0105 tur\u0117t\u0173 tirti specialiosios tarnybos.<\/strong><\/p>\n<p>&#8222;D\u0117l pono Komskio a\u0161 neturiu k\u0105 daug pasakyt. A\u0161 manau, kad si\u016blymas jo \u012f Seimo vicepirmininkus yra tam tikras akibrok\u0161tas. Ir v\u0117lgi tikrai nenoriu gal daug \u010dia vis\u0173 kalb\u0173 kalb\u0117ti, bet many\u010diau, kad ir specialiosios tarnybos, ir j\u0173 informacija tur\u0117t\u0173 b\u016bti pilnai pateikiama svarstant pretendentus \u012f tokias pareigas&#8221;, \u2013 ketvirtadien\u012f &#8222;\u017dini\u0173 radijui&#8221; sak\u0117 A.Kubilius.<\/p>\n<p>A.Kubilius sak\u0117 es\u0105s susir\u016bpin\u0119s, kad \u017eem\u0117ja reikalavimai naujiems ministrams, kuriems kit\u0105met teks didel\u0117 atsakomyb\u0117 per Lietuvos pirmininkavim\u0105 Europos S\u0105jungoje (ES).<\/p>\n<p>Jis taip pat pabr\u0117\u017e\u0117 pretendent\u0173 \u012f ministrus nepriekai\u0161tingos reputacijos svarb\u0105.<\/p>\n<p>&#8222;I\u0161 ties\u0173 \u0161ioje vietoje taip pat tur\u0117t\u0173 b\u016bti labai svarbu ir nepriekai\u0161tinga reputacija, skaidrumas, kitaip sakant &#8211; visi\u0161kai skaidri praeitis bet kurio kandidato, pretenduojan\u010dio \u012f tokius postus. \u010cia gal\u0117\u010diau priminti, kad ponas R.\u017demaitaitis at\u0117j\u0119s yra \u012f politik\u0105 i\u0161 Vilniaus savivaldyb\u0117s, kur dirbo kartu su meru J.Imbrasu, su vicemeru E.Lementausku b\u016bdamas patar\u0117ju ir tai, be abejo, tur\u0117t\u0173 b\u016bti labai kruop\u0161\u010diai prisiminta ir i\u0161nagrin\u0117ta&#8221;, &#8211; kalb\u0117jo A.Kubilius.<\/p>\n","protected":false},"excerpt":{"rendered":"<p>Tre\u010diadien\u012f prezidiumo pos\u0117dyje partija &#8222;Tvarka ir teisingumas&#8221; nutar\u0117 Seimo pirmininko pavaduotoju si\u016blyti rinkti K\u0119st\u0105 Komsk\u012f. Prezidiumas taip pat patvirtino, kad \u012f aplinkos ministro post\u0105 bus si\u016blomas Valentinas Mazuronis, o \u012f vidaus reikal\u0173 \u2013 Remigijus \u017demaitaitis. Neoficialiais duomenimis, V.Mazuronio pad\u0117j\u0117ju gali b\u016bti \u0160ilut\u0117s rajono&nbsp;savivaldyb\u0117s tarybos narys, buv\u0119s mero pavaduotojas, partijos skyriaus vadovas \u0160ilut\u0117je Vaidas Pavilonis. Darb\u0105 [&hellip;]<\/p>\n","protected":false},"author":1,"featured_media":0,"comment_status":"open","ping_status":"open","sticky":false,"template":"","format":"standard","meta":{"footnotes":""},"categories":[2],"tags":[],"class_list":{"0":"post-14097","1":"post","2":"type-post","3":"status-publish","4":"format-standard","6":"category-aktualijos"},"yoast_head":"<!-- This site is optimized with the Yoast SEO plugin v27.5 - https:\/\/yoast.com\/product\/yoast-seo-wordpress\/ -->\n<title>\u201eTvarkie\u010diai\u201c Seimo vicepirmininku si\u016blys K.Komsk\u012f, vidaus reikal\u0173 \u2013 R.\u017demaitait\u012f - \u0160ilut\u0117s naujienos<\/title>\n<meta name=\"robots\" content=\"index, follow, max-snippet:-1, max-image-preview:large, max-video-preview:-1\" \/>\n<link rel=\"canonical\" href=\"https:\/\/www.silutesnaujienos.lt\/lt\/tvarkieciai-seimo-vicepirmininku-siulys-k-komski-vidaus-reikalu-r-zemaitaiti\/\" \/>\n<meta property=\"og:locale\" content=\"lt_LT\" \/>\n<meta property=\"og:type\" content=\"article\" \/>\n<meta property=\"og:title\" content=\"\u201eTvarkie\u010diai\u201c Seimo vicepirmininku si\u016blys K.Komsk\u012f, vidaus reikal\u0173 \u2013 R.\u017demaitait\u012f - \u0160ilut\u0117s naujienos\" \/>\n<meta property=\"og:description\" content=\"Tre\u010diadien\u012f prezidiumo pos\u0117dyje partija &#8222;Tvarka ir teisingumas&#8221; nutar\u0117 Seimo pirmininko pavaduotoju si\u016blyti rinkti K\u0119st\u0105 Komsk\u012f. Prezidiumas taip pat patvirtino, kad \u012f aplinkos ministro post\u0105 bus si\u016blomas Valentinas Mazuronis, o \u012f vidaus reikal\u0173 \u2013 Remigijus \u017demaitaitis. Neoficialiais duomenimis, V.Mazuronio pad\u0117j\u0117ju gali b\u016bti \u0160ilut\u0117s rajono&nbsp;savivaldyb\u0117s tarybos narys, buv\u0119s mero pavaduotojas, partijos skyriaus vadovas \u0160ilut\u0117je Vaidas Pavilonis. Darb\u0105 [&hellip;]\" \/>\n<meta property=\"og:url\" content=\"https:\/\/www.silutesnaujienos.lt\/lt\/tvarkieciai-seimo-vicepirmininku-siulys-k-komski-vidaus-reikalu-r-zemaitaiti\/\" \/>\n<meta property=\"og:site_name\" content=\"\u0160ilut\u0117s naujienos\" \/>\n<meta property=\"article:publisher\" content=\"https:\/\/www.facebook.com\/silutes.naujienos\/\" \/>\n<meta property=\"article:published_time\" content=\"2012-11-15T16:21:39+00:00\" \/>\n<meta property=\"og:image\" content=\"\/\/silutesnaujienos.lt\/images\/stories\/2012\/11\/15\/thumbnails\/thumb_file59990497_3d0b53eb.jpg\" \/>\n<meta name=\"author\" content=\"\u0160ilut\u0117s naujien\u0173 inf.\" \/>\n<meta name=\"twitter:card\" content=\"summary_large_image\" \/>\n<meta name=\"twitter:label1\" content=\"Written by\" \/>\n\t<meta name=\"twitter:data1\" content=\"\u0160ilut\u0117s naujien\u0173 inf.\" \/>\n\t<meta name=\"twitter:label2\" content=\"Est. reading time\" \/>\n\t<meta name=\"twitter:data2\" content=\"3 minut\u0117s\" \/>\n<script type=\"application\/ld+json\" class=\"yoast-schema-graph\">{\"@context\":\"https:\\\/\\\/schema.org\",\"@graph\":[{\"@type\":\"Article\",\"@id\":\"https:\\\/\\\/www.silutesnaujienos.lt\\\/lt\\\/tvarkieciai-seimo-vicepirmininku-siulys-k-komski-vidaus-reikalu-r-zemaitaiti\\\/#article\",\"isPartOf\":{\"@id\":\"https:\\\/\\\/www.silutesnaujienos.lt\\\/lt\\\/tvarkieciai-seimo-vicepirmininku-siulys-k-komski-vidaus-reikalu-r-zemaitaiti\\\/\"},\"author\":{\"name\":\"\u0160ilut\u0117s naujien\u0173 inf.\",\"@id\":\"https:\\\/\\\/www.silutesnaujienos.lt\\\/lt\\\/#\\\/schema\\\/person\\\/232f475ddd4a7b5f49b3abc788b17e83\"},\"headline\":\"\u201eTvarkie\u010diai\u201c Seimo vicepirmininku si\u016blys K.Komsk\u012f, vidaus reikal\u0173 \u2013 R.\u017demaitait\u012f\",\"datePublished\":\"2012-11-15T16:21:39+00:00\",\"mainEntityOfPage\":{\"@id\":\"https:\\\/\\\/www.silutesnaujienos.lt\\\/lt\\\/tvarkieciai-seimo-vicepirmininku-siulys-k-komski-vidaus-reikalu-r-zemaitaiti\\\/\"},\"wordCount\":565,\"commentCount\":0,\"publisher\":{\"@id\":\"https:\\\/\\\/www.silutesnaujienos.lt\\\/lt\\\/#organization\"},\"articleSection\":[\"Aktualijos\"],\"inLanguage\":\"lt-LT\",\"potentialAction\":[{\"@type\":\"CommentAction\",\"name\":\"Comment\",\"target\":[\"https:\\\/\\\/www.silutesnaujienos.lt\\\/lt\\\/tvarkieciai-seimo-vicepirmininku-siulys-k-komski-vidaus-reikalu-r-zemaitaiti\\\/#respond\"]}]},{\"@type\":\"WebPage\",\"@id\":\"https:\\\/\\\/www.silutesnaujienos.lt\\\/lt\\\/tvarkieciai-seimo-vicepirmininku-siulys-k-komski-vidaus-reikalu-r-zemaitaiti\\\/\",\"url\":\"https:\\\/\\\/www.silutesnaujienos.lt\\\/lt\\\/tvarkieciai-seimo-vicepirmininku-siulys-k-komski-vidaus-reikalu-r-zemaitaiti\\\/\",\"name\":\"\u201eTvarkie\u010diai\u201c Seimo vicepirmininku si\u016blys K.Komsk\u012f, vidaus reikal\u0173 \u2013 R.\u017demaitait\u012f - \u0160ilut\u0117s naujienos\",\"isPartOf\":{\"@id\":\"https:\\\/\\\/www.silutesnaujienos.lt\\\/lt\\\/#website\"},\"datePublished\":\"2012-11-15T16:21:39+00:00\",\"breadcrumb\":{\"@id\":\"https:\\\/\\\/www.silutesnaujienos.lt\\\/lt\\\/tvarkieciai-seimo-vicepirmininku-siulys-k-komski-vidaus-reikalu-r-zemaitaiti\\\/#breadcrumb\"},\"inLanguage\":\"lt-LT\",\"potentialAction\":[{\"@type\":\"ReadAction\",\"target\":[\"https:\\\/\\\/www.silutesnaujienos.lt\\\/lt\\\/tvarkieciai-seimo-vicepirmininku-siulys-k-komski-vidaus-reikalu-r-zemaitaiti\\\/\"]}]},{\"@type\":\"BreadcrumbList\",\"@id\":\"https:\\\/\\\/www.silutesnaujienos.lt\\\/lt\\\/tvarkieciai-seimo-vicepirmininku-siulys-k-komski-vidaus-reikalu-r-zemaitaiti\\\/#breadcrumb\",\"itemListElement\":[{\"@type\":\"ListItem\",\"position\":1,\"name\":\"Home\",\"item\":\"https:\\\/\\\/www.silutesnaujienos.lt\\\/lt\\\/\"},{\"@type\":\"ListItem\",\"position\":2,\"name\":\"\u201eTvarkie\u010diai\u201c Seimo vicepirmininku si\u016blys K.Komsk\u012f, vidaus reikal\u0173 \u2013 R.\u017demaitait\u012f\"}]},{\"@type\":\"WebSite\",\"@id\":\"https:\\\/\\\/www.silutesnaujienos.lt\\\/lt\\\/#website\",\"url\":\"https:\\\/\\\/www.silutesnaujienos.lt\\\/lt\\\/\",\"name\":\"\u0160ilut\u0117s naujienos\",\"description\":\"B\u016bk ant naujien\u0173 bangos!\",\"publisher\":{\"@id\":\"https:\\\/\\\/www.silutesnaujienos.lt\\\/lt\\\/#organization\"},\"potentialAction\":[{\"@type\":\"SearchAction\",\"target\":{\"@type\":\"EntryPoint\",\"urlTemplate\":\"https:\\\/\\\/www.silutesnaujienos.lt\\\/lt\\\/?s={search_term_string}\"},\"query-input\":{\"@type\":\"PropertyValueSpecification\",\"valueRequired\":true,\"valueName\":\"search_term_string\"}}],\"inLanguage\":\"lt-LT\"},{\"@type\":\"Organization\",\"@id\":\"https:\\\/\\\/www.silutesnaujienos.lt\\\/lt\\\/#organization\",\"name\":\"\u0160ilut\u0117s naujienos\",\"url\":\"https:\\\/\\\/www.silutesnaujienos.lt\\\/lt\\\/\",\"logo\":{\"@type\":\"ImageObject\",\"inLanguage\":\"lt-LT\",\"@id\":\"https:\\\/\\\/www.silutesnaujienos.lt\\\/lt\\\/#\\\/schema\\\/logo\\\/image\\\/\",\"url\":\"https:\\\/\\\/www.silutesnaujienos.lt\\\/lt\\\/wp-content\\\/uploads\\\/2020\\\/06\\\/FB_MAIN.jpg\",\"contentUrl\":\"https:\\\/\\\/www.silutesnaujienos.lt\\\/lt\\\/wp-content\\\/uploads\\\/2020\\\/06\\\/FB_MAIN.jpg\",\"width\":1700,\"height\":956,\"caption\":\"\u0160ilut\u0117s naujienos\"},\"image\":{\"@id\":\"https:\\\/\\\/www.silutesnaujienos.lt\\\/lt\\\/#\\\/schema\\\/logo\\\/image\\\/\"},\"sameAs\":[\"https:\\\/\\\/www.facebook.com\\\/silutes.naujienos\\\/\",\"https:\\\/\\\/www.youtube.com\\\/channel\\\/UCxW-cgrJDt8GxIMxSTAfJZg\"]},{\"@type\":\"Person\",\"@id\":\"https:\\\/\\\/www.silutesnaujienos.lt\\\/lt\\\/#\\\/schema\\\/person\\\/232f475ddd4a7b5f49b3abc788b17e83\",\"name\":\"\u0160ilut\u0117s naujien\u0173 inf.\",\"image\":{\"@type\":\"ImageObject\",\"inLanguage\":\"lt-LT\",\"@id\":\"https:\\\/\\\/www.silutesnaujienos.lt\\\/lt\\\/wp-content\\\/uploads\\\/2020\\\/06\\\/favicon.png\",\"url\":\"https:\\\/\\\/www.silutesnaujienos.lt\\\/lt\\\/wp-content\\\/uploads\\\/2020\\\/06\\\/favicon.png\",\"contentUrl\":\"https:\\\/\\\/www.silutesnaujienos.lt\\\/lt\\\/wp-content\\\/uploads\\\/2020\\\/06\\\/favicon.png\",\"caption\":\"\u0160ilut\u0117s naujien\u0173 inf.\"},\"sameAs\":[\"https:\\\/\\\/www.silutesnaujienos.lt\\\/lt\"],\"url\":\"https:\\\/\\\/www.silutesnaujienos.lt\\\/lt\\\/author\\\/ruta\\\/\"}]}<\/script>\n<!-- \/ Yoast SEO plugin. -->","yoast_head_json":{"title":"\u201eTvarkie\u010diai\u201c Seimo vicepirmininku si\u016blys K.Komsk\u012f, vidaus reikal\u0173 \u2013 R.\u017demaitait\u012f - \u0160ilut\u0117s naujienos","robots":{"index":"index","follow":"follow","max-snippet":"max-snippet:-1","max-image-preview":"max-image-preview:large","max-video-preview":"max-video-preview:-1"},"canonical":"https:\/\/www.silutesnaujienos.lt\/lt\/tvarkieciai-seimo-vicepirmininku-siulys-k-komski-vidaus-reikalu-r-zemaitaiti\/","og_locale":"lt_LT","og_type":"article","og_title":"\u201eTvarkie\u010diai\u201c Seimo vicepirmininku si\u016blys K.Komsk\u012f, vidaus reikal\u0173 \u2013 R.\u017demaitait\u012f - \u0160ilut\u0117s naujienos","og_description":"Tre\u010diadien\u012f prezidiumo pos\u0117dyje partija &#8222;Tvarka ir teisingumas&#8221; nutar\u0117 Seimo pirmininko pavaduotoju si\u016blyti rinkti K\u0119st\u0105 Komsk\u012f. Prezidiumas taip pat patvirtino, kad \u012f aplinkos ministro post\u0105 bus si\u016blomas Valentinas Mazuronis, o \u012f vidaus reikal\u0173 \u2013 Remigijus \u017demaitaitis. Neoficialiais duomenimis, V.Mazuronio pad\u0117j\u0117ju gali b\u016bti \u0160ilut\u0117s rajono&nbsp;savivaldyb\u0117s tarybos narys, buv\u0119s mero pavaduotojas, partijos skyriaus vadovas \u0160ilut\u0117je Vaidas Pavilonis. Darb\u0105 [&hellip;]","og_url":"https:\/\/www.silutesnaujienos.lt\/lt\/tvarkieciai-seimo-vicepirmininku-siulys-k-komski-vidaus-reikalu-r-zemaitaiti\/","og_site_name":"\u0160ilut\u0117s naujienos","article_publisher":"https:\/\/www.facebook.com\/silutes.naujienos\/","article_published_time":"2012-11-15T16:21:39+00:00","og_image":[{"url":"\/\/silutesnaujienos.lt\/images\/stories\/2012\/11\/15\/thumbnails\/thumb_file59990497_3d0b53eb.jpg","type":"","width":"","height":""}],"author":"\u0160ilut\u0117s naujien\u0173 inf.","twitter_card":"summary_large_image","twitter_misc":{"Written by":"\u0160ilut\u0117s naujien\u0173 inf.","Est. reading time":"3 minut\u0117s"},"schema":{"@context":"https:\/\/schema.org","@graph":[{"@type":"Article","@id":"https:\/\/www.silutesnaujienos.lt\/lt\/tvarkieciai-seimo-vicepirmininku-siulys-k-komski-vidaus-reikalu-r-zemaitaiti\/#article","isPartOf":{"@id":"https:\/\/www.silutesnaujienos.lt\/lt\/tvarkieciai-seimo-vicepirmininku-siulys-k-komski-vidaus-reikalu-r-zemaitaiti\/"},"author":{"name":"\u0160ilut\u0117s naujien\u0173 inf.","@id":"https:\/\/www.silutesnaujienos.lt\/lt\/#\/schema\/person\/232f475ddd4a7b5f49b3abc788b17e83"},"headline":"\u201eTvarkie\u010diai\u201c Seimo vicepirmininku si\u016blys K.Komsk\u012f, vidaus reikal\u0173 \u2013 R.\u017demaitait\u012f","datePublished":"2012-11-15T16:21:39+00:00","mainEntityOfPage":{"@id":"https:\/\/www.silutesnaujienos.lt\/lt\/tvarkieciai-seimo-vicepirmininku-siulys-k-komski-vidaus-reikalu-r-zemaitaiti\/"},"wordCount":565,"commentCount":0,"publisher":{"@id":"https:\/\/www.silutesnaujienos.lt\/lt\/#organization"},"articleSection":["Aktualijos"],"inLanguage":"lt-LT","potentialAction":[{"@type":"CommentAction","name":"Comment","target":["https:\/\/www.silutesnaujienos.lt\/lt\/tvarkieciai-seimo-vicepirmininku-siulys-k-komski-vidaus-reikalu-r-zemaitaiti\/#respond"]}]},{"@type":"WebPage","@id":"https:\/\/www.silutesnaujienos.lt\/lt\/tvarkieciai-seimo-vicepirmininku-siulys-k-komski-vidaus-reikalu-r-zemaitaiti\/","url":"https:\/\/www.silutesnaujienos.lt\/lt\/tvarkieciai-seimo-vicepirmininku-siulys-k-komski-vidaus-reikalu-r-zemaitaiti\/","name":"\u201eTvarkie\u010diai\u201c Seimo vicepirmininku si\u016blys K.Komsk\u012f, vidaus reikal\u0173 \u2013 R.\u017demaitait\u012f - \u0160ilut\u0117s naujienos","isPartOf":{"@id":"https:\/\/www.silutesnaujienos.lt\/lt\/#website"},"datePublished":"2012-11-15T16:21:39+00:00","breadcrumb":{"@id":"https:\/\/www.silutesnaujienos.lt\/lt\/tvarkieciai-seimo-vicepirmininku-siulys-k-komski-vidaus-reikalu-r-zemaitaiti\/#breadcrumb"},"inLanguage":"lt-LT","potentialAction":[{"@type":"ReadAction","target":["https:\/\/www.silutesnaujienos.lt\/lt\/tvarkieciai-seimo-vicepirmininku-siulys-k-komski-vidaus-reikalu-r-zemaitaiti\/"]}]},{"@type":"BreadcrumbList","@id":"https:\/\/www.silutesnaujienos.lt\/lt\/tvarkieciai-seimo-vicepirmininku-siulys-k-komski-vidaus-reikalu-r-zemaitaiti\/#breadcrumb","itemListElement":[{"@type":"ListItem","position":1,"name":"Home","item":"https:\/\/www.silutesnaujienos.lt\/lt\/"},{"@type":"ListItem","position":2,"name":"\u201eTvarkie\u010diai\u201c Seimo vicepirmininku si\u016blys K.Komsk\u012f, vidaus reikal\u0173 \u2013 R.\u017demaitait\u012f"}]},{"@type":"WebSite","@id":"https:\/\/www.silutesnaujienos.lt\/lt\/#website","url":"https:\/\/www.silutesnaujienos.lt\/lt\/","name":"\u0160ilut\u0117s naujienos","description":"B\u016bk ant naujien\u0173 bangos!","publisher":{"@id":"https:\/\/www.silutesnaujienos.lt\/lt\/#organization"},"potentialAction":[{"@type":"SearchAction","target":{"@type":"EntryPoint","urlTemplate":"https:\/\/www.silutesnaujienos.lt\/lt\/?s={search_term_string}"},"query-input":{"@type":"PropertyValueSpecification","valueRequired":true,"valueName":"search_term_string"}}],"inLanguage":"lt-LT"},{"@type":"Organization","@id":"https:\/\/www.silutesnaujienos.lt\/lt\/#organization","name":"\u0160ilut\u0117s naujienos","url":"https:\/\/www.silutesnaujienos.lt\/lt\/","logo":{"@type":"ImageObject","inLanguage":"lt-LT","@id":"https:\/\/www.silutesnaujienos.lt\/lt\/#\/schema\/logo\/image\/","url":"https:\/\/www.silutesnaujienos.lt\/lt\/wp-content\/uploads\/2020\/06\/FB_MAIN.jpg","contentUrl":"https:\/\/www.silutesnaujienos.lt\/lt\/wp-content\/uploads\/2020\/06\/FB_MAIN.jpg","width":1700,"height":956,"caption":"\u0160ilut\u0117s naujienos"},"image":{"@id":"https:\/\/www.silutesnaujienos.lt\/lt\/#\/schema\/logo\/image\/"},"sameAs":["https:\/\/www.facebook.com\/silutes.naujienos\/","https:\/\/www.youtube.com\/channel\/UCxW-cgrJDt8GxIMxSTAfJZg"]},{"@type":"Person","@id":"https:\/\/www.silutesnaujienos.lt\/lt\/#\/schema\/person\/232f475ddd4a7b5f49b3abc788b17e83","name":"\u0160ilut\u0117s naujien\u0173 inf.","image":{"@type":"ImageObject","inLanguage":"lt-LT","@id":"https:\/\/www.silutesnaujienos.lt\/lt\/wp-content\/uploads\/2020\/06\/favicon.png","url":"https:\/\/www.silutesnaujienos.lt\/lt\/wp-content\/uploads\/2020\/06\/favicon.png","contentUrl":"https:\/\/www.silutesnaujienos.lt\/lt\/wp-content\/uploads\/2020\/06\/favicon.png","caption":"\u0160ilut\u0117s naujien\u0173 inf."},"sameAs":["https:\/\/www.silutesnaujienos.lt\/lt"],"url":"https:\/\/www.silutesnaujienos.lt\/lt\/author\/ruta\/"}]}},"publishpress_future_workflow_manual_trigger":{"enabledWorkflows":[]},"amp_enabled":true,"_links":{"self":[{"href":"https:\/\/www.silutesnaujienos.lt\/lt\/wp-json\/wp\/v2\/posts\/14097","targetHints":{"allow":["GET"]}}],"collection":[{"href":"https:\/\/www.silutesnaujienos.lt\/lt\/wp-json\/wp\/v2\/posts"}],"about":[{"href":"https:\/\/www.silutesnaujienos.lt\/lt\/wp-json\/wp\/v2\/types\/post"}],"author":[{"embeddable":true,"href":"https:\/\/www.silutesnaujienos.lt\/lt\/wp-json\/wp\/v2\/users\/1"}],"replies":[{"embeddable":true,"href":"https:\/\/www.silutesnaujienos.lt\/lt\/wp-json\/wp\/v2\/comments?post=14097"}],"version-history":[{"count":0,"href":"https:\/\/www.silutesnaujienos.lt\/lt\/wp-json\/wp\/v2\/posts\/14097\/revisions"}],"wp:attachment":[{"href":"https:\/\/www.silutesnaujienos.lt\/lt\/wp-json\/wp\/v2\/media?parent=14097"}],"wp:term":[{"taxonomy":"category","embeddable":true,"href":"https:\/\/www.silutesnaujienos.lt\/lt\/wp-json\/wp\/v2\/categories?post=14097"},{"taxonomy":"post_tag","embeddable":true,"href":"https:\/\/www.silutesnaujienos.lt\/lt\/wp-json\/wp\/v2\/tags?post=14097"}],"curies":[{"name":"wp","href":"https:\/\/api.w.org\/{rel}","templated":true}]}}