{"id":14098,"date":"2012-11-16T07:01:27","date_gmt":"2012-11-16T09:01:27","guid":{"rendered":"https:\/\/www.silutesnaujienos.lt\/lt\/pralaimejimas-vienmandateje-isgelbejo-k-komski-nuo-pasalinimo-is-seimo\/"},"modified":"2012-11-16T07:01:27","modified_gmt":"2012-11-16T09:01:27","slug":"pralaimejimas-vienmandateje-isgelbejo-k-komski-nuo-pasalinimo-is-seimo","status":"publish","type":"post","link":"https:\/\/www.silutesnaujienos.lt\/lt\/pralaimejimas-vienmandateje-isgelbejo-k-komski-nuo-pasalinimo-is-seimo\/","title":{"rendered":"Pralaim\u0117jimas vienmandat\u0117je i\u0161gelb\u0117jo K.Komsk\u012f nuo pa\u0161alinimo i\u0161 Seimo?"},"content":{"rendered":"<p><a target=\"_blank\" rel=\"caption[K.Komskis. \/ &quot;Vakaro \u017eini\u0173&quot; nuotr.] noopener noreferrer\" class=\"jcepopup\" href=\"\/\/silutesnaujienos.lt\/images\/stories\/2012\/11\/15\/komskis.jpg\" data-rel=\"lightbox-gallery-D6iOPDbz\" data-rl_title=\"\" data-rl_caption=\"\"><img loading=\"lazy\" decoding=\"async\" style=\"margin: 5px; float: left;\" class=\"caption\" title=\"\" alt=\"komskis\" src=\"\/\/silutesnaujienos.lt\/images\/stories\/2012\/11\/15\/thumbnails\/thumb_komskis.jpg\" height=\"230\" width=\"307\" \/><\/a><strong>K\u0119stas Komskis \u2013 partijos \u201eTvarka ir teisingumas\u201c kandidatas \u012f Seimo vicepirmininko pareigas \u2013 gal\u0117jo b\u016bti i\u0161mestas i\u0161 Seimo lygiai taip pat, kaip nutiko trims \u201edarbie\u010diams\u201c, mano Vyriausiosios rinkim\u0173 komisijos (VRK) narys Justinas \u017dilinskas. Anot jo, tik pralaim\u0117jimas vienmandat\u0117je apygardoje i\u0161gelb\u0117jo K.Komsk\u012f nuo pa\u0161alinimo i\u0161 Seimo, ra\u0161o portalas <a href=\"http:\/\/www.delfi.lt\/\">DELFI<\/a>.<\/strong><\/p>\n<p>K.Komskis \u012f parlament\u0105 pateko pagal \u201etvarkie\u010di\u0173\u201c s\u0105ra\u0161\u0105. Jis Seimo nario k\u0117d\u0119 band\u0117 i\u0161kovoti ir <a target=\"_blank\" class=\"ttl_link textTag_40906697\" title=\"\u0160ilut\u0117\" hrefundefined=\"\" rel=\"noopener noreferrer\">\u0160ilut\u0117s<\/a>-Pag\u0117gi\u0173 vienmandat\u0117je apygardoje, pasi\u017eym\u0117jusioje prane\u0161im\u0173 apie pa\u017eeidimus ir iktiteismini\u0173 tyrim\u0173 d\u0117l rink\u0117j\u0173 papirkin\u0117jimo gausa.<\/p>\n<p>Mykolo Romerio universiteto profesoriaus, VRK nario J.\u017dilinsko nuomone, jei K.Komskis, o ne socdemas Art\u016bras Skard\u017eius, b\u016bt\u0173 laim\u0117j\u0119s \u0161ioje apygardoje, \u201etvarkietis\u201c i\u0161 Seimo b\u016bt\u0173 i\u0161mestas taip pa\u010diai, kaip i\u0161mesti \u201edarbie\u010diai\u201c <a target=\"_blank\" class=\"ttl_link textTag_49713914\" title=\"Jonas Pinskus\" hrefundefined=\"\" rel=\"noopener noreferrer\">Jonas Pinskus<\/a>, \u017divil\u0117 Pinskuvien\u0117 ir Jolanta Gauditien\u0117.<\/p>\n<p>VRK nario nuomone, K.Komsk\u012f nuo Pinsk\u0173 likimo i\u0161gelb\u0117jo 170 bals\u0173. B\u016btent tiek rink\u0117j\u0173 nul\u0117m\u0117, kad \u0160ilut\u0117s-Pag\u0117gi\u0173 apygardoje \u012f Seim\u0105 i\u0161rinktas ne \u201etvarkietis\u201c, o socdemas.<\/p>\n<p>\u201eVRK tur\u0117jo pakankamai informacijos, kad K.Komskis \u0160ilut\u0117s \u2013 Pag\u0117gi\u0173 apygardoje galimai pirko balsus (ir tai buvo pasakyta Konstituciniame teisme), ta\u010diau d\u0117l to, kad laim\u0117jo kitas kandidatas, VRK nusprend\u0117 patvirtinti \u0161ios apygardos rezultatus, kad b\u016bt\u0173 atsi\u017evelgta \u012f apygardos rink\u0117j\u0173 vali\u0105 ir laim\u0117tojas neb\u016bt\u0173 \u0161alinamas u\u017e pralaim\u0117jusio galimus pa\u017eeidimus. Ta\u010diau rimti \u012ftarimai K.Komskio pagrindu niekur nedingo, ikiteisminiai tyrimai vyksta\u201c, &#8211; DELFI teig\u0117 J.\u017dilinskas.<\/p>\n<p>VRK nario teigimu, jei ikiteisminiai tyrimai patvirtins K.Komskiui metam\u0105 \u0161e\u0161\u0117l\u012f, jis gali b\u016bti \u0161alinamas i\u0161 Seimo.<\/p>\n<p>Pana\u0161ios pozicijos laikosi ir VRK pirmininkas <a target=\"_blank\" class=\"ttl_link textTag_59190413\" title=\"Zenonas Vaigauskas\" hrefundefined=\"\" rel=\"noopener noreferrer\">Zenonas Vaigauskas<\/a>. Anot jo, rinkim\u0173 pa\u017eeidimai \u0160ilut\u0117s-Pag\u0117gi\u0173 apygardoje pana\u0161\u016bs \u012f tuos, kurie u\u017efiksuoti Zaras\u0173-Visagino apygardoje, kur rinkim\u0173 rezultatai anuliuoti jau po pirmojo turo. Es\u0105 jeigu pa\u017eeidimais pagars\u0117jusioje apygardoje b\u016bt\u0173 triumfav\u0119s K.Komskis, VRK b\u016bt\u0173 nedvejodama panaikinusi jo pergal\u0119.<\/p>\n<p>\u201eTvarkie\u010di\u0173\u201c lyderis Rolandas Paksas tviritino, kad partija pati imsis veiksm\u0173 prie\u0161 K.Komsk\u012f, jeigu paai\u0161k\u0117s, kad jo naudai buvo perkami balsai.<\/p>\n<p>\u201eJeigu pasibaigs (ikiteisminiai tyrimai \u2013 DELFI), tai t\u0105 ir darysime. Bet kol niekas nepasibaig\u0117, o yra tik ka\u017ekokia politin\u0117 kova, mes sav\u0173 neduosime skriausti. Bet jeigu m\u016bsi\u0161kiai yra nusikalt\u0119, b\u016bsime patys pirmieji, kurie juos patrauks atsakomyb\u0117n\u201c, &#8211; \u017ead\u0117jo R.Paksas.<\/p>\n<p><strong>K.Komskis: man\u0119s net neapklaus\u0117<\/strong><\/p>\n<p>Pats K.Komskis DELFI teig\u0117 pats pra\u0161\u0119s prokuror\u0173, tirian\u010di\u0173 galimus bals\u0173 pirkimo atvejus, kad jie j\u012f apklaust\u0173. Ta\u010diau nes\u0117kmingai.<\/p>\n<p>\u201eA\u0161 pats kreipiausi \u012f Generalin\u0119 prokurat\u016br\u0105, kad b\u016b\u010diau apklaustas. Nors apklaustas. Baikit \u2013 nei liudytoju, nei niekuo a\u0161 nesu\u201c, &#8211; sak\u0117 parlamentaras.<\/p>\n<p>Anot K.Komskio, triuk\u0161mas d\u0117l rinkim\u0173 \u0160ilut\u0117s-Pag\u0117gi\u0173 apygardoje buvo keliamas s\u0105moningai, siekiant, kad jis pralaim\u0117t\u0173.<\/p>\n<p>\u201eMatyt, jie labai nor\u0117jo, kad kitas laim\u0117t\u0173\u201c, &#8211; svarst\u0117 pa\u0161nekovas.<\/p>\n<p>Galimyb\u0117s netekti Seimo nario mandato \u201etvarkietis\u201c kol kas nevertina. \u201eTada ir pa\u017ei\u016br\u0117sim\u201c, &#8211; ragindamas palaukti ikiteismini\u0173 tyrim\u0173 pabaigos sak\u0117 K.Komskis.<\/p>\n<div style=\"overflow: hidden; color: #000000; background-color: #ffffff; text-align: left; text-decoration: none;\"><em><strong>Pla\u010diau skaitykite <a href=\"http:\/\/www.delfi.lt\/news\/daily\/lithuania\/pralaimejimas-vienmandateje-isgelbejo-kkomski-nuo-pasalinimo-is-seimo.d?id=59998237\">DELFI &#8222;Pralaim\u0117jimas vienmandat\u0117je i\u0161gelb\u0117jo K.Komsk\u012f nuo pa\u0161alinimo i\u0161 Seimo? Z.Vaigauskas: problema yra su jo mandatu \u2013 tai be jokios abejon\u0117s&#8221;<\/a><\/strong><\/em><\/div>\n<div style=\"overflow: hidden; color: #000000; background-color: #ffffff; text-align: left; text-decoration: none;\"><strong><br \/><\/strong><\/div>\n<div style=\"overflow: hidden; color: #000000; background-color: #ffffff; text-align: left; text-decoration: none;\"><a href=\"http:\/\/www.delfi.lt\/\"><img loading=\"lazy\" decoding=\"async\" alt=\"delfi\" src=\"\/\/silutesnaujienos.lt\/images\/stories\/LOGO\/delfi.gif\" height=\"34\" width=\"100\" \/><\/a><\/div>\n","protected":false},"excerpt":{"rendered":"<p>K\u0119stas Komskis \u2013 partijos \u201eTvarka ir teisingumas\u201c kandidatas \u012f Seimo vicepirmininko pareigas \u2013 gal\u0117jo b\u016bti i\u0161mestas i\u0161 Seimo lygiai taip pat, kaip nutiko trims \u201edarbie\u010diams\u201c, mano Vyriausiosios rinkim\u0173 komisijos (VRK) narys Justinas \u017dilinskas. Anot jo, tik pralaim\u0117jimas vienmandat\u0117je apygardoje i\u0161gelb\u0117jo K.Komsk\u012f nuo pa\u0161alinimo i\u0161 Seimo, ra\u0161o portalas DELFI. K.Komskis \u012f parlament\u0105 pateko pagal \u201etvarkie\u010di\u0173\u201c s\u0105ra\u0161\u0105. [&hellip;]<\/p>\n","protected":false},"author":1,"featured_media":0,"comment_status":"open","ping_status":"open","sticky":false,"template":"","format":"standard","meta":{"footnotes":""},"categories":[2],"tags":[],"class_list":{"0":"post-14098","1":"post","2":"type-post","3":"status-publish","4":"format-standard","6":"category-aktualijos"},"yoast_head":"<!-- This site is optimized with the Yoast SEO plugin v27.5 - https:\/\/yoast.com\/product\/yoast-seo-wordpress\/ -->\n<title>Pralaim\u0117jimas vienmandat\u0117je i\u0161gelb\u0117jo K.Komsk\u012f nuo pa\u0161alinimo i\u0161 Seimo? - \u0160ilut\u0117s naujienos<\/title>\n<meta name=\"robots\" content=\"index, follow, max-snippet:-1, max-image-preview:large, max-video-preview:-1\" \/>\n<link rel=\"canonical\" href=\"https:\/\/www.silutesnaujienos.lt\/lt\/pralaimejimas-vienmandateje-isgelbejo-k-komski-nuo-pasalinimo-is-seimo\/\" \/>\n<meta property=\"og:locale\" content=\"lt_LT\" \/>\n<meta property=\"og:type\" content=\"article\" \/>\n<meta property=\"og:title\" content=\"Pralaim\u0117jimas vienmandat\u0117je i\u0161gelb\u0117jo K.Komsk\u012f nuo pa\u0161alinimo i\u0161 Seimo? - \u0160ilut\u0117s naujienos\" \/>\n<meta property=\"og:description\" content=\"K\u0119stas Komskis \u2013 partijos \u201eTvarka ir teisingumas\u201c kandidatas \u012f Seimo vicepirmininko pareigas \u2013 gal\u0117jo b\u016bti i\u0161mestas i\u0161 Seimo lygiai taip pat, kaip nutiko trims \u201edarbie\u010diams\u201c, mano Vyriausiosios rinkim\u0173 komisijos (VRK) narys Justinas \u017dilinskas. Anot jo, tik pralaim\u0117jimas vienmandat\u0117je apygardoje i\u0161gelb\u0117jo K.Komsk\u012f nuo pa\u0161alinimo i\u0161 Seimo, ra\u0161o portalas DELFI. K.Komskis \u012f parlament\u0105 pateko pagal \u201etvarkie\u010di\u0173\u201c s\u0105ra\u0161\u0105. [&hellip;]\" \/>\n<meta property=\"og:url\" content=\"https:\/\/www.silutesnaujienos.lt\/lt\/pralaimejimas-vienmandateje-isgelbejo-k-komski-nuo-pasalinimo-is-seimo\/\" \/>\n<meta property=\"og:site_name\" content=\"\u0160ilut\u0117s naujienos\" \/>\n<meta property=\"article:publisher\" content=\"https:\/\/www.facebook.com\/silutes.naujienos\/\" \/>\n<meta property=\"article:published_time\" content=\"2012-11-16T09:01:27+00:00\" \/>\n<meta property=\"og:image\" content=\"\/\/silutesnaujienos.lt\/images\/stories\/2012\/11\/15\/thumbnails\/thumb_komskis.jpg\" \/>\n<meta name=\"author\" content=\"\u0160ilut\u0117s naujien\u0173 inf.\" \/>\n<meta name=\"twitter:card\" content=\"summary_large_image\" \/>\n<meta name=\"twitter:label1\" content=\"Written by\" \/>\n\t<meta name=\"twitter:data1\" content=\"\u0160ilut\u0117s naujien\u0173 inf.\" \/>\n\t<meta name=\"twitter:label2\" content=\"Est. reading time\" \/>\n\t<meta name=\"twitter:data2\" content=\"3 minut\u0117s\" \/>\n<script type=\"application\/ld+json\" class=\"yoast-schema-graph\">{\"@context\":\"https:\\\/\\\/schema.org\",\"@graph\":[{\"@type\":\"Article\",\"@id\":\"https:\\\/\\\/www.silutesnaujienos.lt\\\/lt\\\/pralaimejimas-vienmandateje-isgelbejo-k-komski-nuo-pasalinimo-is-seimo\\\/#article\",\"isPartOf\":{\"@id\":\"https:\\\/\\\/www.silutesnaujienos.lt\\\/lt\\\/pralaimejimas-vienmandateje-isgelbejo-k-komski-nuo-pasalinimo-is-seimo\\\/\"},\"author\":{\"name\":\"\u0160ilut\u0117s naujien\u0173 inf.\",\"@id\":\"https:\\\/\\\/www.silutesnaujienos.lt\\\/lt\\\/#\\\/schema\\\/person\\\/232f475ddd4a7b5f49b3abc788b17e83\"},\"headline\":\"Pralaim\u0117jimas vienmandat\u0117je i\u0161gelb\u0117jo K.Komsk\u012f nuo pa\u0161alinimo i\u0161 Seimo?\",\"datePublished\":\"2012-11-16T09:01:27+00:00\",\"mainEntityOfPage\":{\"@id\":\"https:\\\/\\\/www.silutesnaujienos.lt\\\/lt\\\/pralaimejimas-vienmandateje-isgelbejo-k-komski-nuo-pasalinimo-is-seimo\\\/\"},\"wordCount\":551,\"commentCount\":0,\"publisher\":{\"@id\":\"https:\\\/\\\/www.silutesnaujienos.lt\\\/lt\\\/#organization\"},\"articleSection\":[\"Aktualijos\"],\"inLanguage\":\"lt-LT\",\"potentialAction\":[{\"@type\":\"CommentAction\",\"name\":\"Comment\",\"target\":[\"https:\\\/\\\/www.silutesnaujienos.lt\\\/lt\\\/pralaimejimas-vienmandateje-isgelbejo-k-komski-nuo-pasalinimo-is-seimo\\\/#respond\"]}]},{\"@type\":\"WebPage\",\"@id\":\"https:\\\/\\\/www.silutesnaujienos.lt\\\/lt\\\/pralaimejimas-vienmandateje-isgelbejo-k-komski-nuo-pasalinimo-is-seimo\\\/\",\"url\":\"https:\\\/\\\/www.silutesnaujienos.lt\\\/lt\\\/pralaimejimas-vienmandateje-isgelbejo-k-komski-nuo-pasalinimo-is-seimo\\\/\",\"name\":\"Pralaim\u0117jimas vienmandat\u0117je i\u0161gelb\u0117jo K.Komsk\u012f nuo pa\u0161alinimo i\u0161 Seimo? - \u0160ilut\u0117s naujienos\",\"isPartOf\":{\"@id\":\"https:\\\/\\\/www.silutesnaujienos.lt\\\/lt\\\/#website\"},\"datePublished\":\"2012-11-16T09:01:27+00:00\",\"breadcrumb\":{\"@id\":\"https:\\\/\\\/www.silutesnaujienos.lt\\\/lt\\\/pralaimejimas-vienmandateje-isgelbejo-k-komski-nuo-pasalinimo-is-seimo\\\/#breadcrumb\"},\"inLanguage\":\"lt-LT\",\"potentialAction\":[{\"@type\":\"ReadAction\",\"target\":[\"https:\\\/\\\/www.silutesnaujienos.lt\\\/lt\\\/pralaimejimas-vienmandateje-isgelbejo-k-komski-nuo-pasalinimo-is-seimo\\\/\"]}]},{\"@type\":\"BreadcrumbList\",\"@id\":\"https:\\\/\\\/www.silutesnaujienos.lt\\\/lt\\\/pralaimejimas-vienmandateje-isgelbejo-k-komski-nuo-pasalinimo-is-seimo\\\/#breadcrumb\",\"itemListElement\":[{\"@type\":\"ListItem\",\"position\":1,\"name\":\"Home\",\"item\":\"https:\\\/\\\/www.silutesnaujienos.lt\\\/lt\\\/\"},{\"@type\":\"ListItem\",\"position\":2,\"name\":\"Pralaim\u0117jimas vienmandat\u0117je i\u0161gelb\u0117jo K.Komsk\u012f nuo pa\u0161alinimo i\u0161 Seimo?\"}]},{\"@type\":\"WebSite\",\"@id\":\"https:\\\/\\\/www.silutesnaujienos.lt\\\/lt\\\/#website\",\"url\":\"https:\\\/\\\/www.silutesnaujienos.lt\\\/lt\\\/\",\"name\":\"\u0160ilut\u0117s naujienos\",\"description\":\"B\u016bk ant naujien\u0173 bangos!\",\"publisher\":{\"@id\":\"https:\\\/\\\/www.silutesnaujienos.lt\\\/lt\\\/#organization\"},\"potentialAction\":[{\"@type\":\"SearchAction\",\"target\":{\"@type\":\"EntryPoint\",\"urlTemplate\":\"https:\\\/\\\/www.silutesnaujienos.lt\\\/lt\\\/?s={search_term_string}\"},\"query-input\":{\"@type\":\"PropertyValueSpecification\",\"valueRequired\":true,\"valueName\":\"search_term_string\"}}],\"inLanguage\":\"lt-LT\"},{\"@type\":\"Organization\",\"@id\":\"https:\\\/\\\/www.silutesnaujienos.lt\\\/lt\\\/#organization\",\"name\":\"\u0160ilut\u0117s naujienos\",\"url\":\"https:\\\/\\\/www.silutesnaujienos.lt\\\/lt\\\/\",\"logo\":{\"@type\":\"ImageObject\",\"inLanguage\":\"lt-LT\",\"@id\":\"https:\\\/\\\/www.silutesnaujienos.lt\\\/lt\\\/#\\\/schema\\\/logo\\\/image\\\/\",\"url\":\"https:\\\/\\\/www.silutesnaujienos.lt\\\/lt\\\/wp-content\\\/uploads\\\/2020\\\/06\\\/FB_MAIN.jpg\",\"contentUrl\":\"https:\\\/\\\/www.silutesnaujienos.lt\\\/lt\\\/wp-content\\\/uploads\\\/2020\\\/06\\\/FB_MAIN.jpg\",\"width\":1700,\"height\":956,\"caption\":\"\u0160ilut\u0117s naujienos\"},\"image\":{\"@id\":\"https:\\\/\\\/www.silutesnaujienos.lt\\\/lt\\\/#\\\/schema\\\/logo\\\/image\\\/\"},\"sameAs\":[\"https:\\\/\\\/www.facebook.com\\\/silutes.naujienos\\\/\",\"https:\\\/\\\/www.youtube.com\\\/channel\\\/UCxW-cgrJDt8GxIMxSTAfJZg\"]},{\"@type\":\"Person\",\"@id\":\"https:\\\/\\\/www.silutesnaujienos.lt\\\/lt\\\/#\\\/schema\\\/person\\\/232f475ddd4a7b5f49b3abc788b17e83\",\"name\":\"\u0160ilut\u0117s naujien\u0173 inf.\",\"image\":{\"@type\":\"ImageObject\",\"inLanguage\":\"lt-LT\",\"@id\":\"https:\\\/\\\/www.silutesnaujienos.lt\\\/lt\\\/wp-content\\\/uploads\\\/2020\\\/06\\\/favicon.png\",\"url\":\"https:\\\/\\\/www.silutesnaujienos.lt\\\/lt\\\/wp-content\\\/uploads\\\/2020\\\/06\\\/favicon.png\",\"contentUrl\":\"https:\\\/\\\/www.silutesnaujienos.lt\\\/lt\\\/wp-content\\\/uploads\\\/2020\\\/06\\\/favicon.png\",\"caption\":\"\u0160ilut\u0117s naujien\u0173 inf.\"},\"sameAs\":[\"https:\\\/\\\/www.silutesnaujienos.lt\\\/lt\"],\"url\":\"https:\\\/\\\/www.silutesnaujienos.lt\\\/lt\\\/author\\\/ruta\\\/\"}]}<\/script>\n<!-- \/ Yoast SEO plugin. -->","yoast_head_json":{"title":"Pralaim\u0117jimas vienmandat\u0117je i\u0161gelb\u0117jo K.Komsk\u012f nuo pa\u0161alinimo i\u0161 Seimo? - \u0160ilut\u0117s naujienos","robots":{"index":"index","follow":"follow","max-snippet":"max-snippet:-1","max-image-preview":"max-image-preview:large","max-video-preview":"max-video-preview:-1"},"canonical":"https:\/\/www.silutesnaujienos.lt\/lt\/pralaimejimas-vienmandateje-isgelbejo-k-komski-nuo-pasalinimo-is-seimo\/","og_locale":"lt_LT","og_type":"article","og_title":"Pralaim\u0117jimas vienmandat\u0117je i\u0161gelb\u0117jo K.Komsk\u012f nuo pa\u0161alinimo i\u0161 Seimo? - \u0160ilut\u0117s naujienos","og_description":"K\u0119stas Komskis \u2013 partijos \u201eTvarka ir teisingumas\u201c kandidatas \u012f Seimo vicepirmininko pareigas \u2013 gal\u0117jo b\u016bti i\u0161mestas i\u0161 Seimo lygiai taip pat, kaip nutiko trims \u201edarbie\u010diams\u201c, mano Vyriausiosios rinkim\u0173 komisijos (VRK) narys Justinas \u017dilinskas. Anot jo, tik pralaim\u0117jimas vienmandat\u0117je apygardoje i\u0161gelb\u0117jo K.Komsk\u012f nuo pa\u0161alinimo i\u0161 Seimo, ra\u0161o portalas DELFI. K.Komskis \u012f parlament\u0105 pateko pagal \u201etvarkie\u010di\u0173\u201c s\u0105ra\u0161\u0105. [&hellip;]","og_url":"https:\/\/www.silutesnaujienos.lt\/lt\/pralaimejimas-vienmandateje-isgelbejo-k-komski-nuo-pasalinimo-is-seimo\/","og_site_name":"\u0160ilut\u0117s naujienos","article_publisher":"https:\/\/www.facebook.com\/silutes.naujienos\/","article_published_time":"2012-11-16T09:01:27+00:00","og_image":[{"url":"\/\/silutesnaujienos.lt\/images\/stories\/2012\/11\/15\/thumbnails\/thumb_komskis.jpg","type":"","width":"","height":""}],"author":"\u0160ilut\u0117s naujien\u0173 inf.","twitter_card":"summary_large_image","twitter_misc":{"Written by":"\u0160ilut\u0117s naujien\u0173 inf.","Est. reading time":"3 minut\u0117s"},"schema":{"@context":"https:\/\/schema.org","@graph":[{"@type":"Article","@id":"https:\/\/www.silutesnaujienos.lt\/lt\/pralaimejimas-vienmandateje-isgelbejo-k-komski-nuo-pasalinimo-is-seimo\/#article","isPartOf":{"@id":"https:\/\/www.silutesnaujienos.lt\/lt\/pralaimejimas-vienmandateje-isgelbejo-k-komski-nuo-pasalinimo-is-seimo\/"},"author":{"name":"\u0160ilut\u0117s naujien\u0173 inf.","@id":"https:\/\/www.silutesnaujienos.lt\/lt\/#\/schema\/person\/232f475ddd4a7b5f49b3abc788b17e83"},"headline":"Pralaim\u0117jimas vienmandat\u0117je i\u0161gelb\u0117jo K.Komsk\u012f nuo pa\u0161alinimo i\u0161 Seimo?","datePublished":"2012-11-16T09:01:27+00:00","mainEntityOfPage":{"@id":"https:\/\/www.silutesnaujienos.lt\/lt\/pralaimejimas-vienmandateje-isgelbejo-k-komski-nuo-pasalinimo-is-seimo\/"},"wordCount":551,"commentCount":0,"publisher":{"@id":"https:\/\/www.silutesnaujienos.lt\/lt\/#organization"},"articleSection":["Aktualijos"],"inLanguage":"lt-LT","potentialAction":[{"@type":"CommentAction","name":"Comment","target":["https:\/\/www.silutesnaujienos.lt\/lt\/pralaimejimas-vienmandateje-isgelbejo-k-komski-nuo-pasalinimo-is-seimo\/#respond"]}]},{"@type":"WebPage","@id":"https:\/\/www.silutesnaujienos.lt\/lt\/pralaimejimas-vienmandateje-isgelbejo-k-komski-nuo-pasalinimo-is-seimo\/","url":"https:\/\/www.silutesnaujienos.lt\/lt\/pralaimejimas-vienmandateje-isgelbejo-k-komski-nuo-pasalinimo-is-seimo\/","name":"Pralaim\u0117jimas vienmandat\u0117je i\u0161gelb\u0117jo K.Komsk\u012f nuo pa\u0161alinimo i\u0161 Seimo? - \u0160ilut\u0117s naujienos","isPartOf":{"@id":"https:\/\/www.silutesnaujienos.lt\/lt\/#website"},"datePublished":"2012-11-16T09:01:27+00:00","breadcrumb":{"@id":"https:\/\/www.silutesnaujienos.lt\/lt\/pralaimejimas-vienmandateje-isgelbejo-k-komski-nuo-pasalinimo-is-seimo\/#breadcrumb"},"inLanguage":"lt-LT","potentialAction":[{"@type":"ReadAction","target":["https:\/\/www.silutesnaujienos.lt\/lt\/pralaimejimas-vienmandateje-isgelbejo-k-komski-nuo-pasalinimo-is-seimo\/"]}]},{"@type":"BreadcrumbList","@id":"https:\/\/www.silutesnaujienos.lt\/lt\/pralaimejimas-vienmandateje-isgelbejo-k-komski-nuo-pasalinimo-is-seimo\/#breadcrumb","itemListElement":[{"@type":"ListItem","position":1,"name":"Home","item":"https:\/\/www.silutesnaujienos.lt\/lt\/"},{"@type":"ListItem","position":2,"name":"Pralaim\u0117jimas vienmandat\u0117je i\u0161gelb\u0117jo K.Komsk\u012f nuo pa\u0161alinimo i\u0161 Seimo?"}]},{"@type":"WebSite","@id":"https:\/\/www.silutesnaujienos.lt\/lt\/#website","url":"https:\/\/www.silutesnaujienos.lt\/lt\/","name":"\u0160ilut\u0117s naujienos","description":"B\u016bk ant naujien\u0173 bangos!","publisher":{"@id":"https:\/\/www.silutesnaujienos.lt\/lt\/#organization"},"potentialAction":[{"@type":"SearchAction","target":{"@type":"EntryPoint","urlTemplate":"https:\/\/www.silutesnaujienos.lt\/lt\/?s={search_term_string}"},"query-input":{"@type":"PropertyValueSpecification","valueRequired":true,"valueName":"search_term_string"}}],"inLanguage":"lt-LT"},{"@type":"Organization","@id":"https:\/\/www.silutesnaujienos.lt\/lt\/#organization","name":"\u0160ilut\u0117s naujienos","url":"https:\/\/www.silutesnaujienos.lt\/lt\/","logo":{"@type":"ImageObject","inLanguage":"lt-LT","@id":"https:\/\/www.silutesnaujienos.lt\/lt\/#\/schema\/logo\/image\/","url":"https:\/\/www.silutesnaujienos.lt\/lt\/wp-content\/uploads\/2020\/06\/FB_MAIN.jpg","contentUrl":"https:\/\/www.silutesnaujienos.lt\/lt\/wp-content\/uploads\/2020\/06\/FB_MAIN.jpg","width":1700,"height":956,"caption":"\u0160ilut\u0117s naujienos"},"image":{"@id":"https:\/\/www.silutesnaujienos.lt\/lt\/#\/schema\/logo\/image\/"},"sameAs":["https:\/\/www.facebook.com\/silutes.naujienos\/","https:\/\/www.youtube.com\/channel\/UCxW-cgrJDt8GxIMxSTAfJZg"]},{"@type":"Person","@id":"https:\/\/www.silutesnaujienos.lt\/lt\/#\/schema\/person\/232f475ddd4a7b5f49b3abc788b17e83","name":"\u0160ilut\u0117s naujien\u0173 inf.","image":{"@type":"ImageObject","inLanguage":"lt-LT","@id":"https:\/\/www.silutesnaujienos.lt\/lt\/wp-content\/uploads\/2020\/06\/favicon.png","url":"https:\/\/www.silutesnaujienos.lt\/lt\/wp-content\/uploads\/2020\/06\/favicon.png","contentUrl":"https:\/\/www.silutesnaujienos.lt\/lt\/wp-content\/uploads\/2020\/06\/favicon.png","caption":"\u0160ilut\u0117s naujien\u0173 inf."},"sameAs":["https:\/\/www.silutesnaujienos.lt\/lt"],"url":"https:\/\/www.silutesnaujienos.lt\/lt\/author\/ruta\/"}]}},"publishpress_future_workflow_manual_trigger":{"enabledWorkflows":[]},"amp_enabled":true,"_links":{"self":[{"href":"https:\/\/www.silutesnaujienos.lt\/lt\/wp-json\/wp\/v2\/posts\/14098","targetHints":{"allow":["GET"]}}],"collection":[{"href":"https:\/\/www.silutesnaujienos.lt\/lt\/wp-json\/wp\/v2\/posts"}],"about":[{"href":"https:\/\/www.silutesnaujienos.lt\/lt\/wp-json\/wp\/v2\/types\/post"}],"author":[{"embeddable":true,"href":"https:\/\/www.silutesnaujienos.lt\/lt\/wp-json\/wp\/v2\/users\/1"}],"replies":[{"embeddable":true,"href":"https:\/\/www.silutesnaujienos.lt\/lt\/wp-json\/wp\/v2\/comments?post=14098"}],"version-history":[{"count":0,"href":"https:\/\/www.silutesnaujienos.lt\/lt\/wp-json\/wp\/v2\/posts\/14098\/revisions"}],"wp:attachment":[{"href":"https:\/\/www.silutesnaujienos.lt\/lt\/wp-json\/wp\/v2\/media?parent=14098"}],"wp:term":[{"taxonomy":"category","embeddable":true,"href":"https:\/\/www.silutesnaujienos.lt\/lt\/wp-json\/wp\/v2\/categories?post=14098"},{"taxonomy":"post_tag","embeddable":true,"href":"https:\/\/www.silutesnaujienos.lt\/lt\/wp-json\/wp\/v2\/tags?post=14098"}],"curies":[{"name":"wp","href":"https:\/\/api.w.org\/{rel}","templated":true}]}}