{"id":14099,"date":"2012-11-28T10:00:00","date_gmt":"2012-11-28T12:00:00","guid":{"rendered":"https:\/\/www.silutesnaujienos.lt\/lt\/politiniai-perbegeliai-stabtelejo-darbo-partijoje\/"},"modified":"2012-11-28T10:00:00","modified_gmt":"2012-11-28T12:00:00","slug":"politiniai-perbegeliai-stabtelejo-darbo-partijoje","status":"publish","type":"post","link":"https:\/\/www.silutesnaujienos.lt\/lt\/politiniai-perbegeliai-stabtelejo-darbo-partijoje\/","title":{"rendered":"Politiniai perb\u0117g\u0117liai stabtel\u0117jo (?) Darbo partijoje"},"content":{"rendered":"<p><a target=\"_blank\" rel=\"caption[Perb\u0117g\u0117liai - profesionalai J.Sauspre\u0161kis ir A.\u010ceponis jau \u201edarbie\u010diai\u201c.] noopener noreferrer\" class=\"jcepopup\" href=\"\/\/silutesnaujienos.lt\/images\/stories\/2012\/11\/27\/CEPONIS_2_copy.jpg\" data-rel=\"lightbox-gallery-laOWHOZs\" data-rl_title=\"\" data-rl_caption=\"\"><img loading=\"lazy\" decoding=\"async\" style=\"margin: 5px; float: left;\" class=\"caption\" title=\"\" alt=\"CEPONIS 2 copy\" src=\"\/\/silutesnaujienos.lt\/images\/stories\/2012\/11\/27\/thumbnails\/thumb_CEPONIS_2_copy.jpg\" height=\"230\" width=\"307\" \/><\/a><strong>Ketverius metus buvusio valdan\u010diosios daugumos lyderio Virgilijaus Pozingio \u0161lov\u0117s spindesiuose pasi\u0161ild\u0119 du jo artimiausi bendra\u017eygiai, rajono politikai Algimantas \u010ceponis ir Juozas Sauspre\u0161kis neatlaik\u0117 n\u0117 pusme\u010dio veiklos opozicijos gretose. Jie perb\u0117go \u012f Darbo partijos gretas.<\/strong><\/p>\n<p><strong>Ne\u017einia, kokia karjera min\u0117tiems politikams pa\u017ead\u0117ta Darbo partijoje, ta\u010diau tik\u0117tina, kad \u0161ios partijos parlamentinis statusas A.\u010ceponiui ir J.Sauspre\u0161kiui daug mielesnis, nei ir toliau b\u016bti Valstie\u010di\u0173 ir \u017eali\u0173j\u0173 s\u0105jungos nariais.<\/strong><\/p>\n<p>Juk Valstie\u010di\u0173 ir \u017eali\u0173j\u0173 partija, kad ir kiek keist\u0173 savo pavadinim\u0105 ar lyderius, antr\u0105 kart\u0105 neperkop\u0117 Seimo rinkim\u0173 sleks\u010dio &#8211; nesurinko reikiamo bals\u0173 skai\u010diaus.<\/p>\n<p><strong>Nenurod\u0117 termino<\/strong> <\/p>\n<p>Rajono Tarybos valdan\u010diajai daugumai dviej\u0173 opozicijos politik\u0173 perb\u0117gimas \u012f kit\u0105 opozicijos partij\u0105 i\u0161 esm\u0117s nieko nelemia. \u0160is veiksmas tik paglost\u0117 opozicin\u0117s Darbo partijos \u0160ilut\u0117s skyriaus lyderio Sauliaus Stankevi\u010diaus savimeil\u0119: juk jis dabar &#8211; did\u017eiausios rajono Tarybos frakcijos, turin\u010dios net 6 narius, pirmininkas.<\/p>\n<p>Apie \u0161\u012f fakt\u0105 rajono Tarybos pos\u0117dyje S.Stankevi\u010dius pasiskubino prane\u0161ti net anks\u010diau u\u017e \u012f jo frakcijos gl\u0117b\u012f priimt\u0173 pa\u010di\u0173 politik\u0173 vie\u0161us parei\u0161kimus. <\/p>\n<p>Tod\u0117l buvo keista klausyti pav\u0117lavusios pa\u010di\u0173 \u201emigrant\u0173\u201c &#8211; A.\u010ceponio ir J.Sauspre\u0161kio &#8211; informacijos apie apsisprendim\u0105 pakeisti naryst\u0119 Valstie\u010di\u0173 ir \u017eali\u0173j\u0173 s\u0105jungos frakcijoje \u012f naryst\u0119 Darbo partijos frakcijoje. Visiems kitiems politikams \u0161i parei\u0161kim\u0173 eiga akivaizd\u017eiai iliustravo, kokios demokratijos principai vyrauja min\u0117toje organizacijoje.<\/p>\n<p>Po parei\u0161kimo apie buvusi\u0173 Valstie\u010di\u0173 ir \u017eali\u0173j\u0173 s\u0105jungos nari\u0173 per\u0117jimo \u012f Darbo partijos frakcij\u0105, perb\u0117g\u0117liai politikai nei\u0161veng\u0117 pa\u0161aip\u0173.<\/p>\n<p>Rajono tarybos narys, S\u0105jungos TAIP skyriaus pirmininkas Arvydas Jakas \u201erimtai\u201c paklaus\u0117, kod\u0117l parei\u0161kime nenurodyta data, iki kada politikai \u012fsipareigoja b\u016bti naujai pasirinktoje frakcijoje?<\/p>\n<p>\u012e toki\u0105 replik\u0105 piktai sureagavo tik J.Sauspre\u0161kis, kuris atr\u0117\u017e\u0117, jog \u201edarbie\u010diu\u201c jis bus netrumpiau, nei egzistuos politin\u0117 organizacija &#8211; s\u0105junga TAIP.<\/p>\n<p><strong>Perb\u0117g\u0117liai &#8211; profesionalai<\/strong><\/p>\n<p>Partij\u0173 keitimo ekvilibristo nominacija labiausiai pritikt\u0173 J.Sauspre\u0161kiui, kur\u012f \u012f rajono Taryb\u0105 \u017emon\u0117s i\u0161rinko 2000 metais kaip Valstie\u010di\u0173 partijos nar\u012f. Ta\u010diau vos tik tap\u0119s rajono politiku, d\u0117l pasi\u016blytos rajono mero pavaduotojo k\u0117d\u0117s J.Sauspre\u0161kis pakeit\u0117 valstieti\u0161kas pa\u017ei\u016bras \u012f socialliberalias &#8211; tapo Naujosios s\u0105jungos (socialliberal\u0173) nariu.<\/p>\n<p>V\u0117liau kartu su tuometiniu socialliberal\u0173 lyderiu ir meru Algirdu Bal\u010dy\u010diu i\u0161 vicemero pareig\u0173 atstatydintas J.Sauspre\u0161kis ma\u017eiausiai \u0161e\u0161erius metus tik\u0117josi, kad Naujoji s\u0105junga jam u\u017etikrins b\u016bsim\u0105 politin\u0119 karjer\u0105.<\/p>\n<p>Ta\u010diau laukiamam stebuklui ne\u012fvykus, J.Sauspre\u0161kio pa\u017ei\u016bros v\u0117l tapo valstieti\u0161kos. Tik \u0161\u012f kart\u0105 J.Sauspre\u0161kis \u012f tuometin\u0119 Valstie\u010di\u0173 liaudinink\u0173 partij\u0105 sugr\u012f\u017eo jau nebe vienas, o kartu su socialliberalias pa\u017ei\u016bras \u012f valstieti\u0161kas pakeitusiu politiku A.\u010ceponiu. Po \u0161io manevro J.Sauspre\u0161kis i\u0161 eilinio Tarybos nario buvo pakyl\u0117tas \u012f rajono Tarybos sekretorius.<\/p>\n<p>Tuomet abu politikai guod\u0117si, kad Naujosios s\u0105jungos partij\u0105 pakeisti \u012f kit\u0105 juos paskatino nedemokrati\u0161kas skyriaus pirmininko A.Bal\u010dy\u010dio elgesys.<\/p>\n<p>Valstie\u010di\u0173 ir \u017eali\u0173j\u0173 s\u0105jungos pirmininkas V.Pozingis \u201e\u0160ilut\u0117s naujienoms\u201c sak\u0117, kad buv\u0119 partie\u010diai A.\u010ceponis ir J.Sauspre\u0161kis, informuodami apie naryst\u0117s partijoje nutraukim\u0105, tur\u0117jo tik vien\u0105 oficial\u0173 priekai\u0161t\u0105: jiems ne\u012ftiko partijos pirmininkas Ram\u016bnas Karbauskis.<\/p>\n<p>Pasak V.Pozingio, A.\u010ceponio ir J.Sauspre\u0161kio staigus per\u0117jimas \u012f kit\u0105 partij\u0105 ir frakcij\u0105 nuvyl\u0117 likusius Valstie\u010di\u0173 ir \u017eali\u0173j\u0173 s\u0105jungos \u0160ilut\u0117s skyriaus narius ir rink\u0117jus. Suabejota \u0161i\u0173 politik\u0173 reputacija, jie teis\u0117tai gali b\u016bti vadinami perb\u0117g\u0117liais &#8211; profesionalais.<\/p>\n<p>V.Pozingis teig\u0117, kad didesn\u0117 dalis partijos skyriaus nari\u0173 mano, jog A.\u010ceponis ir J.Sauspre\u0161kis i\u0161saugot\u0173 garbing\u0173 \u017emoni\u0173 reputacij\u0105, jeigu atsisak\u0119 partijos naryst\u0117s atiduot\u0173 ir rajono Tarybos nario mandatus. Mandatai teis\u0117tai priklauso \u017eemiau Valstie\u010di\u0173 ir \u017eali\u0173j\u0173 s\u0105ra\u0161e esantiems nariams Georgijui \u010cvanovui ir Romualdui Naujokui.<\/p>\n<p>V.Pozingis paneig\u0117 apkalbas, kad ir jis pats ketina palikti Valstie\u010di\u0173 ir \u017eali\u0173j\u0173 s\u0105jungos gretas ir perimti partijos Tvarka ir teisingumas \u0160ilut\u0117s skyriaus vadovavim\u0105. Jo nuomone, tokias kalbas paskleid\u0117 tie, kurie labiausiai steng\u0117si laim\u0117ti Seimo rinkimus.<\/p>\n<p><strong>Ne\u012ftiko R.Karbauskio politika<\/strong> <\/p>\n<p>A.\u010ceponis \u201e\u0160ilut\u0117s naujienoms\u201c patvirtino, kad jam su J.Sauspre\u0161kiu nepatiko Valstie\u010di\u0173 liaudinink\u0173 ir \u017dali\u0173j\u0173 s\u0105jung\u0173 susiliejimas bei R.Karbauskio vedama politika. Pasak A.\u010ceponio, akis bad\u0117 R.Karbauskio neslepiamas po\u017ei\u016bris, kad Lietuvoje perspektyv\u0105 turi tik stamb\u016bs \u016bkiai ir \u017eem\u0117s \u016bkio firmos. Dar piktino faktas, kad R.Karbauskis nieko nedirbo Seimo rinkim\u0173 metu, nesugeb\u0117jo organizuoti net susitikimo su m\u016bs\u0173 kra\u0161tui atstovauti parinktu kandidatu \u012f Seim\u0105.<\/p>\n<p>Kalb\u0117damas apie santykius su \u0160ilut\u0117s skyriaus pirmininku V.Pozingiu, A.\u010ceponis joki\u0173 priekai\u0161t\u0173 nerei\u0161k\u0117. Jis sak\u0117, kad V.Pozingis gerai atlieka opozicijos lyderio pareigas ir n\u0117ra joki\u0173 svarstym\u0173, kad jos tur\u0117t\u0173 b\u016bti perleistos kam nors kitam.<\/p>\n<p>Kod\u0117l A.\u010ceponis ir J.Sauspre\u0161kis pasirinko Darbo partij\u0105? Pasak A.\u010ceponio, taip nuspr\u0119sta tik tod\u0117l, kad tarp \u201edarbie\u010di\u0173\u201c jie turi daugiau pa\u017e\u012fstam\u0173 politik\u0173 ir draug\u0173.<\/p>\n","protected":false},"excerpt":{"rendered":"<p>Ketverius metus buvusio valdan\u010diosios daugumos lyderio Virgilijaus Pozingio \u0161lov\u0117s spindesiuose pasi\u0161ild\u0119 du jo artimiausi bendra\u017eygiai, rajono politikai Algimantas \u010ceponis ir Juozas Sauspre\u0161kis neatlaik\u0117 n\u0117 pusme\u010dio veiklos opozicijos gretose. Jie perb\u0117go \u012f Darbo partijos gretas. Ne\u017einia, kokia karjera min\u0117tiems politikams pa\u017ead\u0117ta Darbo partijoje, ta\u010diau tik\u0117tina, kad \u0161ios partijos parlamentinis statusas A.\u010ceponiui ir J.Sauspre\u0161kiui daug mielesnis, nei [&hellip;]<\/p>\n","protected":false},"author":1,"featured_media":0,"comment_status":"open","ping_status":"open","sticky":false,"template":"","format":"standard","meta":{"footnotes":""},"categories":[2],"tags":[],"class_list":{"0":"post-14099","1":"post","2":"type-post","3":"status-publish","4":"format-standard","6":"category-aktualijos"},"yoast_head":"<!-- This site is optimized with the Yoast SEO plugin v27.5 - https:\/\/yoast.com\/product\/yoast-seo-wordpress\/ -->\n<title>Politiniai perb\u0117g\u0117liai stabtel\u0117jo (?) Darbo partijoje - \u0160ilut\u0117s naujienos<\/title>\n<meta name=\"robots\" content=\"index, follow, max-snippet:-1, max-image-preview:large, max-video-preview:-1\" \/>\n<link rel=\"canonical\" href=\"https:\/\/www.silutesnaujienos.lt\/lt\/politiniai-perbegeliai-stabtelejo-darbo-partijoje\/\" \/>\n<meta property=\"og:locale\" content=\"lt_LT\" \/>\n<meta property=\"og:type\" content=\"article\" \/>\n<meta property=\"og:title\" content=\"Politiniai perb\u0117g\u0117liai stabtel\u0117jo (?) Darbo partijoje - \u0160ilut\u0117s naujienos\" \/>\n<meta property=\"og:description\" content=\"Ketverius metus buvusio valdan\u010diosios daugumos lyderio Virgilijaus Pozingio \u0161lov\u0117s spindesiuose pasi\u0161ild\u0119 du jo artimiausi bendra\u017eygiai, rajono politikai Algimantas \u010ceponis ir Juozas Sauspre\u0161kis neatlaik\u0117 n\u0117 pusme\u010dio veiklos opozicijos gretose. Jie perb\u0117go \u012f Darbo partijos gretas. Ne\u017einia, kokia karjera min\u0117tiems politikams pa\u017ead\u0117ta Darbo partijoje, ta\u010diau tik\u0117tina, kad \u0161ios partijos parlamentinis statusas A.\u010ceponiui ir J.Sauspre\u0161kiui daug mielesnis, nei [&hellip;]\" \/>\n<meta property=\"og:url\" content=\"https:\/\/www.silutesnaujienos.lt\/lt\/politiniai-perbegeliai-stabtelejo-darbo-partijoje\/\" \/>\n<meta property=\"og:site_name\" content=\"\u0160ilut\u0117s naujienos\" \/>\n<meta property=\"article:publisher\" content=\"https:\/\/www.facebook.com\/silutes.naujienos\/\" \/>\n<meta property=\"article:published_time\" content=\"2012-11-28T12:00:00+00:00\" \/>\n<meta property=\"og:image\" content=\"\/\/silutesnaujienos.lt\/images\/stories\/2012\/11\/27\/thumbnails\/thumb_CEPONIS_2_copy.jpg\" \/>\n<meta name=\"author\" content=\"\u0160ilut\u0117s naujien\u0173 inf.\" \/>\n<meta name=\"twitter:card\" content=\"summary_large_image\" \/>\n<meta name=\"twitter:label1\" content=\"Written by\" \/>\n\t<meta name=\"twitter:data1\" content=\"\u0160ilut\u0117s naujien\u0173 inf.\" \/>\n\t<meta name=\"twitter:label2\" content=\"Est. reading time\" \/>\n\t<meta name=\"twitter:data2\" content=\"4 minut\u0117s\" \/>\n<script type=\"application\/ld+json\" class=\"yoast-schema-graph\">{\"@context\":\"https:\\\/\\\/schema.org\",\"@graph\":[{\"@type\":\"Article\",\"@id\":\"https:\\\/\\\/www.silutesnaujienos.lt\\\/lt\\\/politiniai-perbegeliai-stabtelejo-darbo-partijoje\\\/#article\",\"isPartOf\":{\"@id\":\"https:\\\/\\\/www.silutesnaujienos.lt\\\/lt\\\/politiniai-perbegeliai-stabtelejo-darbo-partijoje\\\/\"},\"author\":{\"name\":\"\u0160ilut\u0117s naujien\u0173 inf.\",\"@id\":\"https:\\\/\\\/www.silutesnaujienos.lt\\\/lt\\\/#\\\/schema\\\/person\\\/232f475ddd4a7b5f49b3abc788b17e83\"},\"headline\":\"Politiniai perb\u0117g\u0117liai stabtel\u0117jo (?) Darbo partijoje\",\"datePublished\":\"2012-11-28T12:00:00+00:00\",\"mainEntityOfPage\":{\"@id\":\"https:\\\/\\\/www.silutesnaujienos.lt\\\/lt\\\/politiniai-perbegeliai-stabtelejo-darbo-partijoje\\\/\"},\"wordCount\":853,\"commentCount\":0,\"publisher\":{\"@id\":\"https:\\\/\\\/www.silutesnaujienos.lt\\\/lt\\\/#organization\"},\"articleSection\":[\"Aktualijos\"],\"inLanguage\":\"lt-LT\",\"potentialAction\":[{\"@type\":\"CommentAction\",\"name\":\"Comment\",\"target\":[\"https:\\\/\\\/www.silutesnaujienos.lt\\\/lt\\\/politiniai-perbegeliai-stabtelejo-darbo-partijoje\\\/#respond\"]}]},{\"@type\":\"WebPage\",\"@id\":\"https:\\\/\\\/www.silutesnaujienos.lt\\\/lt\\\/politiniai-perbegeliai-stabtelejo-darbo-partijoje\\\/\",\"url\":\"https:\\\/\\\/www.silutesnaujienos.lt\\\/lt\\\/politiniai-perbegeliai-stabtelejo-darbo-partijoje\\\/\",\"name\":\"Politiniai perb\u0117g\u0117liai stabtel\u0117jo (?) Darbo partijoje - \u0160ilut\u0117s naujienos\",\"isPartOf\":{\"@id\":\"https:\\\/\\\/www.silutesnaujienos.lt\\\/lt\\\/#website\"},\"datePublished\":\"2012-11-28T12:00:00+00:00\",\"breadcrumb\":{\"@id\":\"https:\\\/\\\/www.silutesnaujienos.lt\\\/lt\\\/politiniai-perbegeliai-stabtelejo-darbo-partijoje\\\/#breadcrumb\"},\"inLanguage\":\"lt-LT\",\"potentialAction\":[{\"@type\":\"ReadAction\",\"target\":[\"https:\\\/\\\/www.silutesnaujienos.lt\\\/lt\\\/politiniai-perbegeliai-stabtelejo-darbo-partijoje\\\/\"]}]},{\"@type\":\"BreadcrumbList\",\"@id\":\"https:\\\/\\\/www.silutesnaujienos.lt\\\/lt\\\/politiniai-perbegeliai-stabtelejo-darbo-partijoje\\\/#breadcrumb\",\"itemListElement\":[{\"@type\":\"ListItem\",\"position\":1,\"name\":\"Home\",\"item\":\"https:\\\/\\\/www.silutesnaujienos.lt\\\/lt\\\/\"},{\"@type\":\"ListItem\",\"position\":2,\"name\":\"Politiniai perb\u0117g\u0117liai stabtel\u0117jo (?) Darbo partijoje\"}]},{\"@type\":\"WebSite\",\"@id\":\"https:\\\/\\\/www.silutesnaujienos.lt\\\/lt\\\/#website\",\"url\":\"https:\\\/\\\/www.silutesnaujienos.lt\\\/lt\\\/\",\"name\":\"\u0160ilut\u0117s naujienos\",\"description\":\"B\u016bk ant naujien\u0173 bangos!\",\"publisher\":{\"@id\":\"https:\\\/\\\/www.silutesnaujienos.lt\\\/lt\\\/#organization\"},\"potentialAction\":[{\"@type\":\"SearchAction\",\"target\":{\"@type\":\"EntryPoint\",\"urlTemplate\":\"https:\\\/\\\/www.silutesnaujienos.lt\\\/lt\\\/?s={search_term_string}\"},\"query-input\":{\"@type\":\"PropertyValueSpecification\",\"valueRequired\":true,\"valueName\":\"search_term_string\"}}],\"inLanguage\":\"lt-LT\"},{\"@type\":\"Organization\",\"@id\":\"https:\\\/\\\/www.silutesnaujienos.lt\\\/lt\\\/#organization\",\"name\":\"\u0160ilut\u0117s naujienos\",\"url\":\"https:\\\/\\\/www.silutesnaujienos.lt\\\/lt\\\/\",\"logo\":{\"@type\":\"ImageObject\",\"inLanguage\":\"lt-LT\",\"@id\":\"https:\\\/\\\/www.silutesnaujienos.lt\\\/lt\\\/#\\\/schema\\\/logo\\\/image\\\/\",\"url\":\"https:\\\/\\\/www.silutesnaujienos.lt\\\/lt\\\/wp-content\\\/uploads\\\/2020\\\/06\\\/FB_MAIN.jpg\",\"contentUrl\":\"https:\\\/\\\/www.silutesnaujienos.lt\\\/lt\\\/wp-content\\\/uploads\\\/2020\\\/06\\\/FB_MAIN.jpg\",\"width\":1700,\"height\":956,\"caption\":\"\u0160ilut\u0117s naujienos\"},\"image\":{\"@id\":\"https:\\\/\\\/www.silutesnaujienos.lt\\\/lt\\\/#\\\/schema\\\/logo\\\/image\\\/\"},\"sameAs\":[\"https:\\\/\\\/www.facebook.com\\\/silutes.naujienos\\\/\",\"https:\\\/\\\/www.youtube.com\\\/channel\\\/UCxW-cgrJDt8GxIMxSTAfJZg\"]},{\"@type\":\"Person\",\"@id\":\"https:\\\/\\\/www.silutesnaujienos.lt\\\/lt\\\/#\\\/schema\\\/person\\\/232f475ddd4a7b5f49b3abc788b17e83\",\"name\":\"\u0160ilut\u0117s naujien\u0173 inf.\",\"image\":{\"@type\":\"ImageObject\",\"inLanguage\":\"lt-LT\",\"@id\":\"https:\\\/\\\/www.silutesnaujienos.lt\\\/lt\\\/wp-content\\\/uploads\\\/2020\\\/06\\\/favicon.png\",\"url\":\"https:\\\/\\\/www.silutesnaujienos.lt\\\/lt\\\/wp-content\\\/uploads\\\/2020\\\/06\\\/favicon.png\",\"contentUrl\":\"https:\\\/\\\/www.silutesnaujienos.lt\\\/lt\\\/wp-content\\\/uploads\\\/2020\\\/06\\\/favicon.png\",\"caption\":\"\u0160ilut\u0117s naujien\u0173 inf.\"},\"sameAs\":[\"https:\\\/\\\/www.silutesnaujienos.lt\\\/lt\"],\"url\":\"https:\\\/\\\/www.silutesnaujienos.lt\\\/lt\\\/author\\\/ruta\\\/\"}]}<\/script>\n<!-- \/ Yoast SEO plugin. -->","yoast_head_json":{"title":"Politiniai perb\u0117g\u0117liai stabtel\u0117jo (?) Darbo partijoje - \u0160ilut\u0117s naujienos","robots":{"index":"index","follow":"follow","max-snippet":"max-snippet:-1","max-image-preview":"max-image-preview:large","max-video-preview":"max-video-preview:-1"},"canonical":"https:\/\/www.silutesnaujienos.lt\/lt\/politiniai-perbegeliai-stabtelejo-darbo-partijoje\/","og_locale":"lt_LT","og_type":"article","og_title":"Politiniai perb\u0117g\u0117liai stabtel\u0117jo (?) Darbo partijoje - \u0160ilut\u0117s naujienos","og_description":"Ketverius metus buvusio valdan\u010diosios daugumos lyderio Virgilijaus Pozingio \u0161lov\u0117s spindesiuose pasi\u0161ild\u0119 du jo artimiausi bendra\u017eygiai, rajono politikai Algimantas \u010ceponis ir Juozas Sauspre\u0161kis neatlaik\u0117 n\u0117 pusme\u010dio veiklos opozicijos gretose. Jie perb\u0117go \u012f Darbo partijos gretas. Ne\u017einia, kokia karjera min\u0117tiems politikams pa\u017ead\u0117ta Darbo partijoje, ta\u010diau tik\u0117tina, kad \u0161ios partijos parlamentinis statusas A.\u010ceponiui ir J.Sauspre\u0161kiui daug mielesnis, nei [&hellip;]","og_url":"https:\/\/www.silutesnaujienos.lt\/lt\/politiniai-perbegeliai-stabtelejo-darbo-partijoje\/","og_site_name":"\u0160ilut\u0117s naujienos","article_publisher":"https:\/\/www.facebook.com\/silutes.naujienos\/","article_published_time":"2012-11-28T12:00:00+00:00","og_image":[{"url":"\/\/silutesnaujienos.lt\/images\/stories\/2012\/11\/27\/thumbnails\/thumb_CEPONIS_2_copy.jpg","type":"","width":"","height":""}],"author":"\u0160ilut\u0117s naujien\u0173 inf.","twitter_card":"summary_large_image","twitter_misc":{"Written by":"\u0160ilut\u0117s naujien\u0173 inf.","Est. reading time":"4 minut\u0117s"},"schema":{"@context":"https:\/\/schema.org","@graph":[{"@type":"Article","@id":"https:\/\/www.silutesnaujienos.lt\/lt\/politiniai-perbegeliai-stabtelejo-darbo-partijoje\/#article","isPartOf":{"@id":"https:\/\/www.silutesnaujienos.lt\/lt\/politiniai-perbegeliai-stabtelejo-darbo-partijoje\/"},"author":{"name":"\u0160ilut\u0117s naujien\u0173 inf.","@id":"https:\/\/www.silutesnaujienos.lt\/lt\/#\/schema\/person\/232f475ddd4a7b5f49b3abc788b17e83"},"headline":"Politiniai perb\u0117g\u0117liai stabtel\u0117jo (?) Darbo partijoje","datePublished":"2012-11-28T12:00:00+00:00","mainEntityOfPage":{"@id":"https:\/\/www.silutesnaujienos.lt\/lt\/politiniai-perbegeliai-stabtelejo-darbo-partijoje\/"},"wordCount":853,"commentCount":0,"publisher":{"@id":"https:\/\/www.silutesnaujienos.lt\/lt\/#organization"},"articleSection":["Aktualijos"],"inLanguage":"lt-LT","potentialAction":[{"@type":"CommentAction","name":"Comment","target":["https:\/\/www.silutesnaujienos.lt\/lt\/politiniai-perbegeliai-stabtelejo-darbo-partijoje\/#respond"]}]},{"@type":"WebPage","@id":"https:\/\/www.silutesnaujienos.lt\/lt\/politiniai-perbegeliai-stabtelejo-darbo-partijoje\/","url":"https:\/\/www.silutesnaujienos.lt\/lt\/politiniai-perbegeliai-stabtelejo-darbo-partijoje\/","name":"Politiniai perb\u0117g\u0117liai stabtel\u0117jo (?) Darbo partijoje - \u0160ilut\u0117s naujienos","isPartOf":{"@id":"https:\/\/www.silutesnaujienos.lt\/lt\/#website"},"datePublished":"2012-11-28T12:00:00+00:00","breadcrumb":{"@id":"https:\/\/www.silutesnaujienos.lt\/lt\/politiniai-perbegeliai-stabtelejo-darbo-partijoje\/#breadcrumb"},"inLanguage":"lt-LT","potentialAction":[{"@type":"ReadAction","target":["https:\/\/www.silutesnaujienos.lt\/lt\/politiniai-perbegeliai-stabtelejo-darbo-partijoje\/"]}]},{"@type":"BreadcrumbList","@id":"https:\/\/www.silutesnaujienos.lt\/lt\/politiniai-perbegeliai-stabtelejo-darbo-partijoje\/#breadcrumb","itemListElement":[{"@type":"ListItem","position":1,"name":"Home","item":"https:\/\/www.silutesnaujienos.lt\/lt\/"},{"@type":"ListItem","position":2,"name":"Politiniai perb\u0117g\u0117liai stabtel\u0117jo (?) Darbo partijoje"}]},{"@type":"WebSite","@id":"https:\/\/www.silutesnaujienos.lt\/lt\/#website","url":"https:\/\/www.silutesnaujienos.lt\/lt\/","name":"\u0160ilut\u0117s naujienos","description":"B\u016bk ant naujien\u0173 bangos!","publisher":{"@id":"https:\/\/www.silutesnaujienos.lt\/lt\/#organization"},"potentialAction":[{"@type":"SearchAction","target":{"@type":"EntryPoint","urlTemplate":"https:\/\/www.silutesnaujienos.lt\/lt\/?s={search_term_string}"},"query-input":{"@type":"PropertyValueSpecification","valueRequired":true,"valueName":"search_term_string"}}],"inLanguage":"lt-LT"},{"@type":"Organization","@id":"https:\/\/www.silutesnaujienos.lt\/lt\/#organization","name":"\u0160ilut\u0117s naujienos","url":"https:\/\/www.silutesnaujienos.lt\/lt\/","logo":{"@type":"ImageObject","inLanguage":"lt-LT","@id":"https:\/\/www.silutesnaujienos.lt\/lt\/#\/schema\/logo\/image\/","url":"https:\/\/www.silutesnaujienos.lt\/lt\/wp-content\/uploads\/2020\/06\/FB_MAIN.jpg","contentUrl":"https:\/\/www.silutesnaujienos.lt\/lt\/wp-content\/uploads\/2020\/06\/FB_MAIN.jpg","width":1700,"height":956,"caption":"\u0160ilut\u0117s naujienos"},"image":{"@id":"https:\/\/www.silutesnaujienos.lt\/lt\/#\/schema\/logo\/image\/"},"sameAs":["https:\/\/www.facebook.com\/silutes.naujienos\/","https:\/\/www.youtube.com\/channel\/UCxW-cgrJDt8GxIMxSTAfJZg"]},{"@type":"Person","@id":"https:\/\/www.silutesnaujienos.lt\/lt\/#\/schema\/person\/232f475ddd4a7b5f49b3abc788b17e83","name":"\u0160ilut\u0117s naujien\u0173 inf.","image":{"@type":"ImageObject","inLanguage":"lt-LT","@id":"https:\/\/www.silutesnaujienos.lt\/lt\/wp-content\/uploads\/2020\/06\/favicon.png","url":"https:\/\/www.silutesnaujienos.lt\/lt\/wp-content\/uploads\/2020\/06\/favicon.png","contentUrl":"https:\/\/www.silutesnaujienos.lt\/lt\/wp-content\/uploads\/2020\/06\/favicon.png","caption":"\u0160ilut\u0117s naujien\u0173 inf."},"sameAs":["https:\/\/www.silutesnaujienos.lt\/lt"],"url":"https:\/\/www.silutesnaujienos.lt\/lt\/author\/ruta\/"}]}},"publishpress_future_workflow_manual_trigger":{"enabledWorkflows":[]},"amp_enabled":true,"_links":{"self":[{"href":"https:\/\/www.silutesnaujienos.lt\/lt\/wp-json\/wp\/v2\/posts\/14099","targetHints":{"allow":["GET"]}}],"collection":[{"href":"https:\/\/www.silutesnaujienos.lt\/lt\/wp-json\/wp\/v2\/posts"}],"about":[{"href":"https:\/\/www.silutesnaujienos.lt\/lt\/wp-json\/wp\/v2\/types\/post"}],"author":[{"embeddable":true,"href":"https:\/\/www.silutesnaujienos.lt\/lt\/wp-json\/wp\/v2\/users\/1"}],"replies":[{"embeddable":true,"href":"https:\/\/www.silutesnaujienos.lt\/lt\/wp-json\/wp\/v2\/comments?post=14099"}],"version-history":[{"count":0,"href":"https:\/\/www.silutesnaujienos.lt\/lt\/wp-json\/wp\/v2\/posts\/14099\/revisions"}],"wp:attachment":[{"href":"https:\/\/www.silutesnaujienos.lt\/lt\/wp-json\/wp\/v2\/media?parent=14099"}],"wp:term":[{"taxonomy":"category","embeddable":true,"href":"https:\/\/www.silutesnaujienos.lt\/lt\/wp-json\/wp\/v2\/categories?post=14099"},{"taxonomy":"post_tag","embeddable":true,"href":"https:\/\/www.silutesnaujienos.lt\/lt\/wp-json\/wp\/v2\/tags?post=14099"}],"curies":[{"name":"wp","href":"https:\/\/api.w.org\/{rel}","templated":true}]}}