{"id":14100,"date":"2012-12-03T10:09:32","date_gmt":"2012-12-03T12:09:32","guid":{"rendered":"https:\/\/www.silutesnaujienos.lt\/lt\/tvarkieciai-iesko-kito-vidaus-reikalu-ministro-r-zemaitaitis-siulomas-nebus\/"},"modified":"2012-12-03T10:09:32","modified_gmt":"2012-12-03T12:09:32","slug":"tvarkieciai-iesko-kito-vidaus-reikalu-ministro-r-zemaitaitis-siulomas-nebus","status":"publish","type":"post","link":"https:\/\/www.silutesnaujienos.lt\/lt\/tvarkieciai-iesko-kito-vidaus-reikalu-ministro-r-zemaitaitis-siulomas-nebus\/","title":{"rendered":"\u201eTvarkie\u010diai\u201c ie\u0161ko kito vidaus reikal\u0173 ministro, R.\u017demaitaitis si\u016blomas nebus"},"content":{"rendered":"<p><a target=\"_blank\" rel=\"caption[Remigijus \u017demaitaitis. \/ Sigito Grin\u010dinai\u010dio (silutesnaujienos.lt) nuotr.] noopener noreferrer\" class=\"jcepopup\" href=\"\/\/silutesnaujienos.lt\/images\/stories\/2012\/11\/29\/zemaitaitis_maza.jpg\" data-rel=\"lightbox-gallery-yvWnwL0s\" data-rl_title=\"\" data-rl_caption=\"\"><img loading=\"lazy\" decoding=\"async\" style=\"margin: 5px; float: left;\" class=\"caption\" title=\"\" alt=\"zemaitaitis maza\" src=\"\/\/silutesnaujienos.lt\/images\/stories\/2012\/11\/29\/thumbnails\/thumb_zemaitaitis_maza.jpg\" height=\"230\" width=\"307\" \/><\/a><strong>Remigijus \u017demaitaitis veikiausiai nebus \u201eTvarkos ir teisingumo\u201c partijos kandidatu \u012f vidaus reikal\u0173 ministrus. Tai DELFI patvirtino \u201etvarkie\u010di\u0173\u201c lyderis Rolandas Paksas.<\/strong><\/p>\n<p><strong>\u201eDidel\u0117 tikimyb\u0117, kad nebebus\u201c, &#8211; sak\u0117 R.Paksas, paklaustas, ar R.\u017demaitaitis nebus teikiamas vadovauti Vidaus reikal\u0173 ministerijai.<\/strong><\/p>\n<p>Jo n\u0117ra ir tarp kandidat\u0173, kuriuos pirmadien\u012f kvie\u010diasi prezident\u0117 Dalia Grybauskait\u0117.<\/p>\n<p>Anot R.Pakso, sprendimas teikti kit\u0105 vidaus reikal\u0173 ministro kandidat\u016br\u0105 priimtas po to, kai netik\u0117tai mir\u0117 parlamentaras Julius Veselka. \u0160iam \u201etvarkie\u010diui\u201c buvo numatytas Seimo Ekonomikos komiteto pirmininko postas. B\u016btent \u0161i k\u0117d\u0117, vietoj ministro portfelio, gali tekti R. \u017demaitai\u010diui.<\/p>\n<p>\u201e\u012evykus tam nelaimingam \u012fvykiui, tokia galimyb\u0117 yra, kad R.\u017demaitaitis u\u017eims komiteto pirmininko post\u0105. Tokia galimyb\u0117 yra svarstoma\u201c, &#8211; teig\u0117 R. Paksas.<\/p>\n<p>Anot jo, \u201eTvarka ir teisingumas\u201c turi kit\u0105 kandidat\u0105 \u012f vidaus reikal\u0173 ministrus, ta\u010diau jo kol kas neatskleis.<\/p>\n<p><a href=\"http:\/\/www.delfi.lt\/\"><img loading=\"lazy\" decoding=\"async\" alt=\"delfi\" src=\"\/\/silutesnaujienos.lt\/images\/stories\/LOGO\/delfi.gif\" height=\"34\" width=\"100\" \/><\/a><\/p>\n","protected":false},"excerpt":{"rendered":"<p>Remigijus \u017demaitaitis veikiausiai nebus \u201eTvarkos ir teisingumo\u201c partijos kandidatu \u012f vidaus reikal\u0173 ministrus. Tai DELFI patvirtino \u201etvarkie\u010di\u0173\u201c lyderis Rolandas Paksas. \u201eDidel\u0117 tikimyb\u0117, kad nebebus\u201c, &#8211; sak\u0117 R.Paksas, paklaustas, ar R.\u017demaitaitis nebus teikiamas vadovauti Vidaus reikal\u0173 ministerijai. Jo n\u0117ra ir tarp kandidat\u0173, kuriuos pirmadien\u012f kvie\u010diasi prezident\u0117 Dalia Grybauskait\u0117. Anot R.Pakso, sprendimas teikti kit\u0105 vidaus reikal\u0173 ministro [&hellip;]<\/p>\n","protected":false},"author":1,"featured_media":0,"comment_status":"open","ping_status":"open","sticky":false,"template":"","format":"standard","meta":{"footnotes":""},"categories":[2],"tags":[],"class_list":{"0":"post-14100","1":"post","2":"type-post","3":"status-publish","4":"format-standard","6":"category-aktualijos"},"yoast_head":"<!-- This site is optimized with the Yoast SEO plugin v27.5 - https:\/\/yoast.com\/product\/yoast-seo-wordpress\/ -->\n<title>\u201eTvarkie\u010diai\u201c ie\u0161ko kito vidaus reikal\u0173 ministro, R.\u017demaitaitis si\u016blomas nebus - \u0160ilut\u0117s naujienos<\/title>\n<meta name=\"robots\" content=\"index, follow, max-snippet:-1, max-image-preview:large, max-video-preview:-1\" \/>\n<link rel=\"canonical\" href=\"https:\/\/www.silutesnaujienos.lt\/lt\/tvarkieciai-iesko-kito-vidaus-reikalu-ministro-r-zemaitaitis-siulomas-nebus\/\" \/>\n<meta property=\"og:locale\" content=\"lt_LT\" \/>\n<meta property=\"og:type\" content=\"article\" \/>\n<meta property=\"og:title\" content=\"\u201eTvarkie\u010diai\u201c ie\u0161ko kito vidaus reikal\u0173 ministro, R.\u017demaitaitis si\u016blomas nebus - \u0160ilut\u0117s naujienos\" \/>\n<meta property=\"og:description\" content=\"Remigijus \u017demaitaitis veikiausiai nebus \u201eTvarkos ir teisingumo\u201c partijos kandidatu \u012f vidaus reikal\u0173 ministrus. Tai DELFI patvirtino \u201etvarkie\u010di\u0173\u201c lyderis Rolandas Paksas. \u201eDidel\u0117 tikimyb\u0117, kad nebebus\u201c, &#8211; sak\u0117 R.Paksas, paklaustas, ar R.\u017demaitaitis nebus teikiamas vadovauti Vidaus reikal\u0173 ministerijai. Jo n\u0117ra ir tarp kandidat\u0173, kuriuos pirmadien\u012f kvie\u010diasi prezident\u0117 Dalia Grybauskait\u0117. Anot R.Pakso, sprendimas teikti kit\u0105 vidaus reikal\u0173 ministro [&hellip;]\" \/>\n<meta property=\"og:url\" content=\"https:\/\/www.silutesnaujienos.lt\/lt\/tvarkieciai-iesko-kito-vidaus-reikalu-ministro-r-zemaitaitis-siulomas-nebus\/\" \/>\n<meta property=\"og:site_name\" content=\"\u0160ilut\u0117s naujienos\" \/>\n<meta property=\"article:publisher\" content=\"https:\/\/www.facebook.com\/silutes.naujienos\/\" \/>\n<meta property=\"article:published_time\" content=\"2012-12-03T12:09:32+00:00\" \/>\n<meta property=\"og:image\" content=\"\/\/silutesnaujienos.lt\/images\/stories\/2012\/11\/29\/thumbnails\/thumb_zemaitaitis_maza.jpg\" \/>\n<meta name=\"author\" content=\"\u0160ilut\u0117s naujien\u0173 inf.\" \/>\n<meta name=\"twitter:card\" content=\"summary_large_image\" \/>\n<meta name=\"twitter:label1\" content=\"Written by\" \/>\n\t<meta name=\"twitter:data1\" content=\"\u0160ilut\u0117s naujien\u0173 inf.\" \/>\n\t<meta name=\"twitter:label2\" content=\"Est. reading time\" \/>\n\t<meta name=\"twitter:data2\" content=\"1 minut\u0117\" \/>\n<script type=\"application\/ld+json\" class=\"yoast-schema-graph\">{\"@context\":\"https:\\\/\\\/schema.org\",\"@graph\":[{\"@type\":\"Article\",\"@id\":\"https:\\\/\\\/www.silutesnaujienos.lt\\\/lt\\\/tvarkieciai-iesko-kito-vidaus-reikalu-ministro-r-zemaitaitis-siulomas-nebus\\\/#article\",\"isPartOf\":{\"@id\":\"https:\\\/\\\/www.silutesnaujienos.lt\\\/lt\\\/tvarkieciai-iesko-kito-vidaus-reikalu-ministro-r-zemaitaitis-siulomas-nebus\\\/\"},\"author\":{\"name\":\"\u0160ilut\u0117s naujien\u0173 inf.\",\"@id\":\"https:\\\/\\\/www.silutesnaujienos.lt\\\/lt\\\/#\\\/schema\\\/person\\\/232f475ddd4a7b5f49b3abc788b17e83\"},\"headline\":\"\u201eTvarkie\u010diai\u201c ie\u0161ko kito vidaus reikal\u0173 ministro, R.\u017demaitaitis si\u016blomas nebus\",\"datePublished\":\"2012-12-03T12:09:32+00:00\",\"mainEntityOfPage\":{\"@id\":\"https:\\\/\\\/www.silutesnaujienos.lt\\\/lt\\\/tvarkieciai-iesko-kito-vidaus-reikalu-ministro-r-zemaitaitis-siulomas-nebus\\\/\"},\"wordCount\":148,\"commentCount\":0,\"publisher\":{\"@id\":\"https:\\\/\\\/www.silutesnaujienos.lt\\\/lt\\\/#organization\"},\"articleSection\":[\"Aktualijos\"],\"inLanguage\":\"lt-LT\",\"potentialAction\":[{\"@type\":\"CommentAction\",\"name\":\"Comment\",\"target\":[\"https:\\\/\\\/www.silutesnaujienos.lt\\\/lt\\\/tvarkieciai-iesko-kito-vidaus-reikalu-ministro-r-zemaitaitis-siulomas-nebus\\\/#respond\"]}]},{\"@type\":\"WebPage\",\"@id\":\"https:\\\/\\\/www.silutesnaujienos.lt\\\/lt\\\/tvarkieciai-iesko-kito-vidaus-reikalu-ministro-r-zemaitaitis-siulomas-nebus\\\/\",\"url\":\"https:\\\/\\\/www.silutesnaujienos.lt\\\/lt\\\/tvarkieciai-iesko-kito-vidaus-reikalu-ministro-r-zemaitaitis-siulomas-nebus\\\/\",\"name\":\"\u201eTvarkie\u010diai\u201c ie\u0161ko kito vidaus reikal\u0173 ministro, R.\u017demaitaitis si\u016blomas nebus - \u0160ilut\u0117s naujienos\",\"isPartOf\":{\"@id\":\"https:\\\/\\\/www.silutesnaujienos.lt\\\/lt\\\/#website\"},\"datePublished\":\"2012-12-03T12:09:32+00:00\",\"breadcrumb\":{\"@id\":\"https:\\\/\\\/www.silutesnaujienos.lt\\\/lt\\\/tvarkieciai-iesko-kito-vidaus-reikalu-ministro-r-zemaitaitis-siulomas-nebus\\\/#breadcrumb\"},\"inLanguage\":\"lt-LT\",\"potentialAction\":[{\"@type\":\"ReadAction\",\"target\":[\"https:\\\/\\\/www.silutesnaujienos.lt\\\/lt\\\/tvarkieciai-iesko-kito-vidaus-reikalu-ministro-r-zemaitaitis-siulomas-nebus\\\/\"]}]},{\"@type\":\"BreadcrumbList\",\"@id\":\"https:\\\/\\\/www.silutesnaujienos.lt\\\/lt\\\/tvarkieciai-iesko-kito-vidaus-reikalu-ministro-r-zemaitaitis-siulomas-nebus\\\/#breadcrumb\",\"itemListElement\":[{\"@type\":\"ListItem\",\"position\":1,\"name\":\"Home\",\"item\":\"https:\\\/\\\/www.silutesnaujienos.lt\\\/lt\\\/\"},{\"@type\":\"ListItem\",\"position\":2,\"name\":\"\u201eTvarkie\u010diai\u201c ie\u0161ko kito vidaus reikal\u0173 ministro, R.\u017demaitaitis si\u016blomas nebus\"}]},{\"@type\":\"WebSite\",\"@id\":\"https:\\\/\\\/www.silutesnaujienos.lt\\\/lt\\\/#website\",\"url\":\"https:\\\/\\\/www.silutesnaujienos.lt\\\/lt\\\/\",\"name\":\"\u0160ilut\u0117s naujienos\",\"description\":\"B\u016bk ant naujien\u0173 bangos!\",\"publisher\":{\"@id\":\"https:\\\/\\\/www.silutesnaujienos.lt\\\/lt\\\/#organization\"},\"potentialAction\":[{\"@type\":\"SearchAction\",\"target\":{\"@type\":\"EntryPoint\",\"urlTemplate\":\"https:\\\/\\\/www.silutesnaujienos.lt\\\/lt\\\/?s={search_term_string}\"},\"query-input\":{\"@type\":\"PropertyValueSpecification\",\"valueRequired\":true,\"valueName\":\"search_term_string\"}}],\"inLanguage\":\"lt-LT\"},{\"@type\":\"Organization\",\"@id\":\"https:\\\/\\\/www.silutesnaujienos.lt\\\/lt\\\/#organization\",\"name\":\"\u0160ilut\u0117s naujienos\",\"url\":\"https:\\\/\\\/www.silutesnaujienos.lt\\\/lt\\\/\",\"logo\":{\"@type\":\"ImageObject\",\"inLanguage\":\"lt-LT\",\"@id\":\"https:\\\/\\\/www.silutesnaujienos.lt\\\/lt\\\/#\\\/schema\\\/logo\\\/image\\\/\",\"url\":\"https:\\\/\\\/www.silutesnaujienos.lt\\\/lt\\\/wp-content\\\/uploads\\\/2020\\\/06\\\/FB_MAIN.jpg\",\"contentUrl\":\"https:\\\/\\\/www.silutesnaujienos.lt\\\/lt\\\/wp-content\\\/uploads\\\/2020\\\/06\\\/FB_MAIN.jpg\",\"width\":1700,\"height\":956,\"caption\":\"\u0160ilut\u0117s naujienos\"},\"image\":{\"@id\":\"https:\\\/\\\/www.silutesnaujienos.lt\\\/lt\\\/#\\\/schema\\\/logo\\\/image\\\/\"},\"sameAs\":[\"https:\\\/\\\/www.facebook.com\\\/silutes.naujienos\\\/\",\"https:\\\/\\\/www.youtube.com\\\/channel\\\/UCxW-cgrJDt8GxIMxSTAfJZg\"]},{\"@type\":\"Person\",\"@id\":\"https:\\\/\\\/www.silutesnaujienos.lt\\\/lt\\\/#\\\/schema\\\/person\\\/232f475ddd4a7b5f49b3abc788b17e83\",\"name\":\"\u0160ilut\u0117s naujien\u0173 inf.\",\"image\":{\"@type\":\"ImageObject\",\"inLanguage\":\"lt-LT\",\"@id\":\"https:\\\/\\\/www.silutesnaujienos.lt\\\/lt\\\/wp-content\\\/uploads\\\/2020\\\/06\\\/favicon.png\",\"url\":\"https:\\\/\\\/www.silutesnaujienos.lt\\\/lt\\\/wp-content\\\/uploads\\\/2020\\\/06\\\/favicon.png\",\"contentUrl\":\"https:\\\/\\\/www.silutesnaujienos.lt\\\/lt\\\/wp-content\\\/uploads\\\/2020\\\/06\\\/favicon.png\",\"caption\":\"\u0160ilut\u0117s naujien\u0173 inf.\"},\"sameAs\":[\"https:\\\/\\\/www.silutesnaujienos.lt\\\/lt\"],\"url\":\"https:\\\/\\\/www.silutesnaujienos.lt\\\/lt\\\/author\\\/ruta\\\/\"}]}<\/script>\n<!-- \/ Yoast SEO plugin. -->","yoast_head_json":{"title":"\u201eTvarkie\u010diai\u201c ie\u0161ko kito vidaus reikal\u0173 ministro, R.\u017demaitaitis si\u016blomas nebus - \u0160ilut\u0117s naujienos","robots":{"index":"index","follow":"follow","max-snippet":"max-snippet:-1","max-image-preview":"max-image-preview:large","max-video-preview":"max-video-preview:-1"},"canonical":"https:\/\/www.silutesnaujienos.lt\/lt\/tvarkieciai-iesko-kito-vidaus-reikalu-ministro-r-zemaitaitis-siulomas-nebus\/","og_locale":"lt_LT","og_type":"article","og_title":"\u201eTvarkie\u010diai\u201c ie\u0161ko kito vidaus reikal\u0173 ministro, R.\u017demaitaitis si\u016blomas nebus - \u0160ilut\u0117s naujienos","og_description":"Remigijus \u017demaitaitis veikiausiai nebus \u201eTvarkos ir teisingumo\u201c partijos kandidatu \u012f vidaus reikal\u0173 ministrus. Tai DELFI patvirtino \u201etvarkie\u010di\u0173\u201c lyderis Rolandas Paksas. \u201eDidel\u0117 tikimyb\u0117, kad nebebus\u201c, &#8211; sak\u0117 R.Paksas, paklaustas, ar R.\u017demaitaitis nebus teikiamas vadovauti Vidaus reikal\u0173 ministerijai. Jo n\u0117ra ir tarp kandidat\u0173, kuriuos pirmadien\u012f kvie\u010diasi prezident\u0117 Dalia Grybauskait\u0117. Anot R.Pakso, sprendimas teikti kit\u0105 vidaus reikal\u0173 ministro [&hellip;]","og_url":"https:\/\/www.silutesnaujienos.lt\/lt\/tvarkieciai-iesko-kito-vidaus-reikalu-ministro-r-zemaitaitis-siulomas-nebus\/","og_site_name":"\u0160ilut\u0117s naujienos","article_publisher":"https:\/\/www.facebook.com\/silutes.naujienos\/","article_published_time":"2012-12-03T12:09:32+00:00","og_image":[{"url":"\/\/silutesnaujienos.lt\/images\/stories\/2012\/11\/29\/thumbnails\/thumb_zemaitaitis_maza.jpg","type":"","width":"","height":""}],"author":"\u0160ilut\u0117s naujien\u0173 inf.","twitter_card":"summary_large_image","twitter_misc":{"Written by":"\u0160ilut\u0117s naujien\u0173 inf.","Est. reading time":"1 minut\u0117"},"schema":{"@context":"https:\/\/schema.org","@graph":[{"@type":"Article","@id":"https:\/\/www.silutesnaujienos.lt\/lt\/tvarkieciai-iesko-kito-vidaus-reikalu-ministro-r-zemaitaitis-siulomas-nebus\/#article","isPartOf":{"@id":"https:\/\/www.silutesnaujienos.lt\/lt\/tvarkieciai-iesko-kito-vidaus-reikalu-ministro-r-zemaitaitis-siulomas-nebus\/"},"author":{"name":"\u0160ilut\u0117s naujien\u0173 inf.","@id":"https:\/\/www.silutesnaujienos.lt\/lt\/#\/schema\/person\/232f475ddd4a7b5f49b3abc788b17e83"},"headline":"\u201eTvarkie\u010diai\u201c ie\u0161ko kito vidaus reikal\u0173 ministro, R.\u017demaitaitis si\u016blomas nebus","datePublished":"2012-12-03T12:09:32+00:00","mainEntityOfPage":{"@id":"https:\/\/www.silutesnaujienos.lt\/lt\/tvarkieciai-iesko-kito-vidaus-reikalu-ministro-r-zemaitaitis-siulomas-nebus\/"},"wordCount":148,"commentCount":0,"publisher":{"@id":"https:\/\/www.silutesnaujienos.lt\/lt\/#organization"},"articleSection":["Aktualijos"],"inLanguage":"lt-LT","potentialAction":[{"@type":"CommentAction","name":"Comment","target":["https:\/\/www.silutesnaujienos.lt\/lt\/tvarkieciai-iesko-kito-vidaus-reikalu-ministro-r-zemaitaitis-siulomas-nebus\/#respond"]}]},{"@type":"WebPage","@id":"https:\/\/www.silutesnaujienos.lt\/lt\/tvarkieciai-iesko-kito-vidaus-reikalu-ministro-r-zemaitaitis-siulomas-nebus\/","url":"https:\/\/www.silutesnaujienos.lt\/lt\/tvarkieciai-iesko-kito-vidaus-reikalu-ministro-r-zemaitaitis-siulomas-nebus\/","name":"\u201eTvarkie\u010diai\u201c ie\u0161ko kito vidaus reikal\u0173 ministro, R.\u017demaitaitis si\u016blomas nebus - \u0160ilut\u0117s naujienos","isPartOf":{"@id":"https:\/\/www.silutesnaujienos.lt\/lt\/#website"},"datePublished":"2012-12-03T12:09:32+00:00","breadcrumb":{"@id":"https:\/\/www.silutesnaujienos.lt\/lt\/tvarkieciai-iesko-kito-vidaus-reikalu-ministro-r-zemaitaitis-siulomas-nebus\/#breadcrumb"},"inLanguage":"lt-LT","potentialAction":[{"@type":"ReadAction","target":["https:\/\/www.silutesnaujienos.lt\/lt\/tvarkieciai-iesko-kito-vidaus-reikalu-ministro-r-zemaitaitis-siulomas-nebus\/"]}]},{"@type":"BreadcrumbList","@id":"https:\/\/www.silutesnaujienos.lt\/lt\/tvarkieciai-iesko-kito-vidaus-reikalu-ministro-r-zemaitaitis-siulomas-nebus\/#breadcrumb","itemListElement":[{"@type":"ListItem","position":1,"name":"Home","item":"https:\/\/www.silutesnaujienos.lt\/lt\/"},{"@type":"ListItem","position":2,"name":"\u201eTvarkie\u010diai\u201c ie\u0161ko kito vidaus reikal\u0173 ministro, R.\u017demaitaitis si\u016blomas nebus"}]},{"@type":"WebSite","@id":"https:\/\/www.silutesnaujienos.lt\/lt\/#website","url":"https:\/\/www.silutesnaujienos.lt\/lt\/","name":"\u0160ilut\u0117s naujienos","description":"B\u016bk ant naujien\u0173 bangos!","publisher":{"@id":"https:\/\/www.silutesnaujienos.lt\/lt\/#organization"},"potentialAction":[{"@type":"SearchAction","target":{"@type":"EntryPoint","urlTemplate":"https:\/\/www.silutesnaujienos.lt\/lt\/?s={search_term_string}"},"query-input":{"@type":"PropertyValueSpecification","valueRequired":true,"valueName":"search_term_string"}}],"inLanguage":"lt-LT"},{"@type":"Organization","@id":"https:\/\/www.silutesnaujienos.lt\/lt\/#organization","name":"\u0160ilut\u0117s naujienos","url":"https:\/\/www.silutesnaujienos.lt\/lt\/","logo":{"@type":"ImageObject","inLanguage":"lt-LT","@id":"https:\/\/www.silutesnaujienos.lt\/lt\/#\/schema\/logo\/image\/","url":"https:\/\/www.silutesnaujienos.lt\/lt\/wp-content\/uploads\/2020\/06\/FB_MAIN.jpg","contentUrl":"https:\/\/www.silutesnaujienos.lt\/lt\/wp-content\/uploads\/2020\/06\/FB_MAIN.jpg","width":1700,"height":956,"caption":"\u0160ilut\u0117s naujienos"},"image":{"@id":"https:\/\/www.silutesnaujienos.lt\/lt\/#\/schema\/logo\/image\/"},"sameAs":["https:\/\/www.facebook.com\/silutes.naujienos\/","https:\/\/www.youtube.com\/channel\/UCxW-cgrJDt8GxIMxSTAfJZg"]},{"@type":"Person","@id":"https:\/\/www.silutesnaujienos.lt\/lt\/#\/schema\/person\/232f475ddd4a7b5f49b3abc788b17e83","name":"\u0160ilut\u0117s naujien\u0173 inf.","image":{"@type":"ImageObject","inLanguage":"lt-LT","@id":"https:\/\/www.silutesnaujienos.lt\/lt\/wp-content\/uploads\/2020\/06\/favicon.png","url":"https:\/\/www.silutesnaujienos.lt\/lt\/wp-content\/uploads\/2020\/06\/favicon.png","contentUrl":"https:\/\/www.silutesnaujienos.lt\/lt\/wp-content\/uploads\/2020\/06\/favicon.png","caption":"\u0160ilut\u0117s naujien\u0173 inf."},"sameAs":["https:\/\/www.silutesnaujienos.lt\/lt"],"url":"https:\/\/www.silutesnaujienos.lt\/lt\/author\/ruta\/"}]}},"publishpress_future_workflow_manual_trigger":{"enabledWorkflows":[]},"amp_enabled":true,"_links":{"self":[{"href":"https:\/\/www.silutesnaujienos.lt\/lt\/wp-json\/wp\/v2\/posts\/14100","targetHints":{"allow":["GET"]}}],"collection":[{"href":"https:\/\/www.silutesnaujienos.lt\/lt\/wp-json\/wp\/v2\/posts"}],"about":[{"href":"https:\/\/www.silutesnaujienos.lt\/lt\/wp-json\/wp\/v2\/types\/post"}],"author":[{"embeddable":true,"href":"https:\/\/www.silutesnaujienos.lt\/lt\/wp-json\/wp\/v2\/users\/1"}],"replies":[{"embeddable":true,"href":"https:\/\/www.silutesnaujienos.lt\/lt\/wp-json\/wp\/v2\/comments?post=14100"}],"version-history":[{"count":0,"href":"https:\/\/www.silutesnaujienos.lt\/lt\/wp-json\/wp\/v2\/posts\/14100\/revisions"}],"wp:attachment":[{"href":"https:\/\/www.silutesnaujienos.lt\/lt\/wp-json\/wp\/v2\/media?parent=14100"}],"wp:term":[{"taxonomy":"category","embeddable":true,"href":"https:\/\/www.silutesnaujienos.lt\/lt\/wp-json\/wp\/v2\/categories?post=14100"},{"taxonomy":"post_tag","embeddable":true,"href":"https:\/\/www.silutesnaujienos.lt\/lt\/wp-json\/wp\/v2\/tags?post=14100"}],"curies":[{"name":"wp","href":"https:\/\/api.w.org\/{rel}","templated":true}]}}