{"id":14101,"date":"2012-12-04T12:28:48","date_gmt":"2012-12-04T14:28:48","guid":{"rendered":"https:\/\/www.silutesnaujienos.lt\/lt\/r-zemaitaitis-tapo-seimo-ekonomikos-komiteto-nariu\/"},"modified":"2012-12-04T12:28:48","modified_gmt":"2012-12-04T14:28:48","slug":"r-zemaitaitis-tapo-seimo-ekonomikos-komiteto-nariu","status":"publish","type":"post","link":"https:\/\/www.silutesnaujienos.lt\/lt\/r-zemaitaitis-tapo-seimo-ekonomikos-komiteto-nariu\/","title":{"rendered":"R.\u017demaitaitis tapo Seimo Ekonomikos komiteto nariu"},"content":{"rendered":"<p><a target=\"_blank\" rel=\"caption[Remigijus \u017demaitaitis. \/ \u00a9 silutesnaujienos.lt] noopener noreferrer\" class=\"jcepopup\" href=\"\/\/silutesnaujienos.lt\/images\/stories\/2012\/11\/29\/remigijus94maza.jpg\" data-rel=\"lightbox-gallery-VhnmRjC9\" data-rl_title=\"\" data-rl_caption=\"\"><img loading=\"lazy\" decoding=\"async\" style=\"margin: 5px; float: left;\" class=\"caption\" title=\"\" alt=\"remigijus94maza\" src=\"\/\/silutesnaujienos.lt\/images\/stories\/2012\/11\/29\/thumbnails\/thumb_remigijus94maza.jpg\" height=\"230\" width=\"307\" \/><\/a><strong>\u201eTvarkietis\u201c, buv\u0119s kandidatas \u012f vidaus reikal\u0173 ministrus Remigijus \u017demaitaitis paskirtas \u012f Seimo Ekonomikos komitet\u0105, prane\u0161a portalas DELFI.<\/strong><\/p>\n<p><strong>Tok\u012f sprendim\u0105 Seimas pri\u0117m\u0117 po to, kai netik\u0117tai mir\u0117 parlamentaras Julius Veselka, kuriam buvo numatytas Ekonomikos komiteto pirmininko post\u0105. \u0160i\u0105 k\u0117d\u0119 vietoj ministro pareig\u0173 tur\u0117t\u0173 u\u017eimti R. \u017demaitaitis.<\/strong><\/p>\n<p>U\u017e tok\u012f Seimo sprendim\u0105 balsavo 78 Seimo nariai, prie\u0161 \u2013 n\u0117 vieno, susilaik\u0117 vienas.<\/p>\n<p>DELFI primena, jog \u201eTvarkos ir teisingumo\u201c partijos pirmininkas Rolandas Paksas J. Veselkos netekt\u012f \u012fvardijo pagrindine prie\u017eastimi, d\u0117l kurios R. \u017demaitai\u010dio nutarta nesi\u016blyti \u012f ministrus. Vietoj jo \u012f vidaus reikal\u0173 ministro pareigas si\u016blomas kitas \u201etvarkietis\u201c Dailis Alfonsas Barakauskas.<\/p>\n<p><a href=\"http:\/\/www.delfi.lt\/\"><img loading=\"lazy\" decoding=\"async\" alt=\"delfi\" src=\"\/\/silutesnaujienos.lt\/images\/stories\/LOGO\/delfi.gif\" height=\"34\" width=\"100\" \/><\/a><\/p>\n","protected":false},"excerpt":{"rendered":"<p>\u201eTvarkietis\u201c, buv\u0119s kandidatas \u012f vidaus reikal\u0173 ministrus Remigijus \u017demaitaitis paskirtas \u012f Seimo Ekonomikos komitet\u0105, prane\u0161a portalas DELFI. Tok\u012f sprendim\u0105 Seimas pri\u0117m\u0117 po to, kai netik\u0117tai mir\u0117 parlamentaras Julius Veselka, kuriam buvo numatytas Ekonomikos komiteto pirmininko post\u0105. \u0160i\u0105 k\u0117d\u0119 vietoj ministro pareig\u0173 tur\u0117t\u0173 u\u017eimti R. \u017demaitaitis. U\u017e tok\u012f Seimo sprendim\u0105 balsavo 78 Seimo nariai, prie\u0161 \u2013 [&hellip;]<\/p>\n","protected":false},"author":1,"featured_media":0,"comment_status":"open","ping_status":"open","sticky":false,"template":"","format":"standard","meta":{"footnotes":""},"categories":[2],"tags":[],"class_list":{"0":"post-14101","1":"post","2":"type-post","3":"status-publish","4":"format-standard","6":"category-aktualijos"},"yoast_head":"<!-- This site is optimized with the Yoast SEO plugin v27.5 - https:\/\/yoast.com\/product\/yoast-seo-wordpress\/ -->\n<title>R.\u017demaitaitis tapo Seimo Ekonomikos komiteto nariu - \u0160ilut\u0117s naujienos<\/title>\n<meta name=\"robots\" content=\"index, follow, max-snippet:-1, max-image-preview:large, max-video-preview:-1\" \/>\n<link rel=\"canonical\" href=\"https:\/\/www.silutesnaujienos.lt\/lt\/r-zemaitaitis-tapo-seimo-ekonomikos-komiteto-nariu\/\" \/>\n<meta property=\"og:locale\" content=\"lt_LT\" \/>\n<meta property=\"og:type\" content=\"article\" \/>\n<meta property=\"og:title\" content=\"R.\u017demaitaitis tapo Seimo Ekonomikos komiteto nariu - \u0160ilut\u0117s naujienos\" \/>\n<meta property=\"og:description\" content=\"\u201eTvarkietis\u201c, buv\u0119s kandidatas \u012f vidaus reikal\u0173 ministrus Remigijus \u017demaitaitis paskirtas \u012f Seimo Ekonomikos komitet\u0105, prane\u0161a portalas DELFI. Tok\u012f sprendim\u0105 Seimas pri\u0117m\u0117 po to, kai netik\u0117tai mir\u0117 parlamentaras Julius Veselka, kuriam buvo numatytas Ekonomikos komiteto pirmininko post\u0105. \u0160i\u0105 k\u0117d\u0119 vietoj ministro pareig\u0173 tur\u0117t\u0173 u\u017eimti R. \u017demaitaitis. U\u017e tok\u012f Seimo sprendim\u0105 balsavo 78 Seimo nariai, prie\u0161 \u2013 [&hellip;]\" \/>\n<meta property=\"og:url\" content=\"https:\/\/www.silutesnaujienos.lt\/lt\/r-zemaitaitis-tapo-seimo-ekonomikos-komiteto-nariu\/\" \/>\n<meta property=\"og:site_name\" content=\"\u0160ilut\u0117s naujienos\" \/>\n<meta property=\"article:publisher\" content=\"https:\/\/www.facebook.com\/silutes.naujienos\/\" \/>\n<meta property=\"article:published_time\" content=\"2012-12-04T14:28:48+00:00\" \/>\n<meta property=\"og:image\" content=\"\/\/silutesnaujienos.lt\/images\/stories\/2012\/11\/29\/thumbnails\/thumb_remigijus94maza.jpg\" \/>\n<meta name=\"author\" content=\"\u0160ilut\u0117s naujien\u0173 inf.\" \/>\n<meta name=\"twitter:card\" content=\"summary_large_image\" \/>\n<meta name=\"twitter:label1\" content=\"Written by\" \/>\n\t<meta name=\"twitter:data1\" content=\"\u0160ilut\u0117s naujien\u0173 inf.\" \/>\n\t<meta name=\"twitter:label2\" content=\"Est. reading time\" \/>\n\t<meta name=\"twitter:data2\" content=\"1 minut\u0117\" \/>\n<script type=\"application\/ld+json\" class=\"yoast-schema-graph\">{\"@context\":\"https:\\\/\\\/schema.org\",\"@graph\":[{\"@type\":\"Article\",\"@id\":\"https:\\\/\\\/www.silutesnaujienos.lt\\\/lt\\\/r-zemaitaitis-tapo-seimo-ekonomikos-komiteto-nariu\\\/#article\",\"isPartOf\":{\"@id\":\"https:\\\/\\\/www.silutesnaujienos.lt\\\/lt\\\/r-zemaitaitis-tapo-seimo-ekonomikos-komiteto-nariu\\\/\"},\"author\":{\"name\":\"\u0160ilut\u0117s naujien\u0173 inf.\",\"@id\":\"https:\\\/\\\/www.silutesnaujienos.lt\\\/lt\\\/#\\\/schema\\\/person\\\/232f475ddd4a7b5f49b3abc788b17e83\"},\"headline\":\"R.\u017demaitaitis tapo Seimo Ekonomikos komiteto nariu\",\"datePublished\":\"2012-12-04T14:28:48+00:00\",\"mainEntityOfPage\":{\"@id\":\"https:\\\/\\\/www.silutesnaujienos.lt\\\/lt\\\/r-zemaitaitis-tapo-seimo-ekonomikos-komiteto-nariu\\\/\"},\"wordCount\":109,\"commentCount\":0,\"publisher\":{\"@id\":\"https:\\\/\\\/www.silutesnaujienos.lt\\\/lt\\\/#organization\"},\"articleSection\":[\"Aktualijos\"],\"inLanguage\":\"lt-LT\",\"potentialAction\":[{\"@type\":\"CommentAction\",\"name\":\"Comment\",\"target\":[\"https:\\\/\\\/www.silutesnaujienos.lt\\\/lt\\\/r-zemaitaitis-tapo-seimo-ekonomikos-komiteto-nariu\\\/#respond\"]}]},{\"@type\":\"WebPage\",\"@id\":\"https:\\\/\\\/www.silutesnaujienos.lt\\\/lt\\\/r-zemaitaitis-tapo-seimo-ekonomikos-komiteto-nariu\\\/\",\"url\":\"https:\\\/\\\/www.silutesnaujienos.lt\\\/lt\\\/r-zemaitaitis-tapo-seimo-ekonomikos-komiteto-nariu\\\/\",\"name\":\"R.\u017demaitaitis tapo Seimo Ekonomikos komiteto nariu - \u0160ilut\u0117s naujienos\",\"isPartOf\":{\"@id\":\"https:\\\/\\\/www.silutesnaujienos.lt\\\/lt\\\/#website\"},\"datePublished\":\"2012-12-04T14:28:48+00:00\",\"breadcrumb\":{\"@id\":\"https:\\\/\\\/www.silutesnaujienos.lt\\\/lt\\\/r-zemaitaitis-tapo-seimo-ekonomikos-komiteto-nariu\\\/#breadcrumb\"},\"inLanguage\":\"lt-LT\",\"potentialAction\":[{\"@type\":\"ReadAction\",\"target\":[\"https:\\\/\\\/www.silutesnaujienos.lt\\\/lt\\\/r-zemaitaitis-tapo-seimo-ekonomikos-komiteto-nariu\\\/\"]}]},{\"@type\":\"BreadcrumbList\",\"@id\":\"https:\\\/\\\/www.silutesnaujienos.lt\\\/lt\\\/r-zemaitaitis-tapo-seimo-ekonomikos-komiteto-nariu\\\/#breadcrumb\",\"itemListElement\":[{\"@type\":\"ListItem\",\"position\":1,\"name\":\"Home\",\"item\":\"https:\\\/\\\/www.silutesnaujienos.lt\\\/lt\\\/\"},{\"@type\":\"ListItem\",\"position\":2,\"name\":\"R.\u017demaitaitis tapo Seimo Ekonomikos komiteto nariu\"}]},{\"@type\":\"WebSite\",\"@id\":\"https:\\\/\\\/www.silutesnaujienos.lt\\\/lt\\\/#website\",\"url\":\"https:\\\/\\\/www.silutesnaujienos.lt\\\/lt\\\/\",\"name\":\"\u0160ilut\u0117s naujienos\",\"description\":\"B\u016bk ant naujien\u0173 bangos!\",\"publisher\":{\"@id\":\"https:\\\/\\\/www.silutesnaujienos.lt\\\/lt\\\/#organization\"},\"potentialAction\":[{\"@type\":\"SearchAction\",\"target\":{\"@type\":\"EntryPoint\",\"urlTemplate\":\"https:\\\/\\\/www.silutesnaujienos.lt\\\/lt\\\/?s={search_term_string}\"},\"query-input\":{\"@type\":\"PropertyValueSpecification\",\"valueRequired\":true,\"valueName\":\"search_term_string\"}}],\"inLanguage\":\"lt-LT\"},{\"@type\":\"Organization\",\"@id\":\"https:\\\/\\\/www.silutesnaujienos.lt\\\/lt\\\/#organization\",\"name\":\"\u0160ilut\u0117s naujienos\",\"url\":\"https:\\\/\\\/www.silutesnaujienos.lt\\\/lt\\\/\",\"logo\":{\"@type\":\"ImageObject\",\"inLanguage\":\"lt-LT\",\"@id\":\"https:\\\/\\\/www.silutesnaujienos.lt\\\/lt\\\/#\\\/schema\\\/logo\\\/image\\\/\",\"url\":\"https:\\\/\\\/www.silutesnaujienos.lt\\\/lt\\\/wp-content\\\/uploads\\\/2020\\\/06\\\/FB_MAIN.jpg\",\"contentUrl\":\"https:\\\/\\\/www.silutesnaujienos.lt\\\/lt\\\/wp-content\\\/uploads\\\/2020\\\/06\\\/FB_MAIN.jpg\",\"width\":1700,\"height\":956,\"caption\":\"\u0160ilut\u0117s naujienos\"},\"image\":{\"@id\":\"https:\\\/\\\/www.silutesnaujienos.lt\\\/lt\\\/#\\\/schema\\\/logo\\\/image\\\/\"},\"sameAs\":[\"https:\\\/\\\/www.facebook.com\\\/silutes.naujienos\\\/\",\"https:\\\/\\\/www.youtube.com\\\/channel\\\/UCxW-cgrJDt8GxIMxSTAfJZg\"]},{\"@type\":\"Person\",\"@id\":\"https:\\\/\\\/www.silutesnaujienos.lt\\\/lt\\\/#\\\/schema\\\/person\\\/232f475ddd4a7b5f49b3abc788b17e83\",\"name\":\"\u0160ilut\u0117s naujien\u0173 inf.\",\"image\":{\"@type\":\"ImageObject\",\"inLanguage\":\"lt-LT\",\"@id\":\"https:\\\/\\\/www.silutesnaujienos.lt\\\/lt\\\/wp-content\\\/uploads\\\/2020\\\/06\\\/favicon.png\",\"url\":\"https:\\\/\\\/www.silutesnaujienos.lt\\\/lt\\\/wp-content\\\/uploads\\\/2020\\\/06\\\/favicon.png\",\"contentUrl\":\"https:\\\/\\\/www.silutesnaujienos.lt\\\/lt\\\/wp-content\\\/uploads\\\/2020\\\/06\\\/favicon.png\",\"caption\":\"\u0160ilut\u0117s naujien\u0173 inf.\"},\"sameAs\":[\"https:\\\/\\\/www.silutesnaujienos.lt\\\/lt\"],\"url\":\"https:\\\/\\\/www.silutesnaujienos.lt\\\/lt\\\/author\\\/ruta\\\/\"}]}<\/script>\n<!-- \/ Yoast SEO plugin. -->","yoast_head_json":{"title":"R.\u017demaitaitis tapo Seimo Ekonomikos komiteto nariu - \u0160ilut\u0117s naujienos","robots":{"index":"index","follow":"follow","max-snippet":"max-snippet:-1","max-image-preview":"max-image-preview:large","max-video-preview":"max-video-preview:-1"},"canonical":"https:\/\/www.silutesnaujienos.lt\/lt\/r-zemaitaitis-tapo-seimo-ekonomikos-komiteto-nariu\/","og_locale":"lt_LT","og_type":"article","og_title":"R.\u017demaitaitis tapo Seimo Ekonomikos komiteto nariu - \u0160ilut\u0117s naujienos","og_description":"\u201eTvarkietis\u201c, buv\u0119s kandidatas \u012f vidaus reikal\u0173 ministrus Remigijus \u017demaitaitis paskirtas \u012f Seimo Ekonomikos komitet\u0105, prane\u0161a portalas DELFI. Tok\u012f sprendim\u0105 Seimas pri\u0117m\u0117 po to, kai netik\u0117tai mir\u0117 parlamentaras Julius Veselka, kuriam buvo numatytas Ekonomikos komiteto pirmininko post\u0105. \u0160i\u0105 k\u0117d\u0119 vietoj ministro pareig\u0173 tur\u0117t\u0173 u\u017eimti R. \u017demaitaitis. U\u017e tok\u012f Seimo sprendim\u0105 balsavo 78 Seimo nariai, prie\u0161 \u2013 [&hellip;]","og_url":"https:\/\/www.silutesnaujienos.lt\/lt\/r-zemaitaitis-tapo-seimo-ekonomikos-komiteto-nariu\/","og_site_name":"\u0160ilut\u0117s naujienos","article_publisher":"https:\/\/www.facebook.com\/silutes.naujienos\/","article_published_time":"2012-12-04T14:28:48+00:00","og_image":[{"url":"\/\/silutesnaujienos.lt\/images\/stories\/2012\/11\/29\/thumbnails\/thumb_remigijus94maza.jpg","type":"","width":"","height":""}],"author":"\u0160ilut\u0117s naujien\u0173 inf.","twitter_card":"summary_large_image","twitter_misc":{"Written by":"\u0160ilut\u0117s naujien\u0173 inf.","Est. reading time":"1 minut\u0117"},"schema":{"@context":"https:\/\/schema.org","@graph":[{"@type":"Article","@id":"https:\/\/www.silutesnaujienos.lt\/lt\/r-zemaitaitis-tapo-seimo-ekonomikos-komiteto-nariu\/#article","isPartOf":{"@id":"https:\/\/www.silutesnaujienos.lt\/lt\/r-zemaitaitis-tapo-seimo-ekonomikos-komiteto-nariu\/"},"author":{"name":"\u0160ilut\u0117s naujien\u0173 inf.","@id":"https:\/\/www.silutesnaujienos.lt\/lt\/#\/schema\/person\/232f475ddd4a7b5f49b3abc788b17e83"},"headline":"R.\u017demaitaitis tapo Seimo Ekonomikos komiteto nariu","datePublished":"2012-12-04T14:28:48+00:00","mainEntityOfPage":{"@id":"https:\/\/www.silutesnaujienos.lt\/lt\/r-zemaitaitis-tapo-seimo-ekonomikos-komiteto-nariu\/"},"wordCount":109,"commentCount":0,"publisher":{"@id":"https:\/\/www.silutesnaujienos.lt\/lt\/#organization"},"articleSection":["Aktualijos"],"inLanguage":"lt-LT","potentialAction":[{"@type":"CommentAction","name":"Comment","target":["https:\/\/www.silutesnaujienos.lt\/lt\/r-zemaitaitis-tapo-seimo-ekonomikos-komiteto-nariu\/#respond"]}]},{"@type":"WebPage","@id":"https:\/\/www.silutesnaujienos.lt\/lt\/r-zemaitaitis-tapo-seimo-ekonomikos-komiteto-nariu\/","url":"https:\/\/www.silutesnaujienos.lt\/lt\/r-zemaitaitis-tapo-seimo-ekonomikos-komiteto-nariu\/","name":"R.\u017demaitaitis tapo Seimo Ekonomikos komiteto nariu - \u0160ilut\u0117s naujienos","isPartOf":{"@id":"https:\/\/www.silutesnaujienos.lt\/lt\/#website"},"datePublished":"2012-12-04T14:28:48+00:00","breadcrumb":{"@id":"https:\/\/www.silutesnaujienos.lt\/lt\/r-zemaitaitis-tapo-seimo-ekonomikos-komiteto-nariu\/#breadcrumb"},"inLanguage":"lt-LT","potentialAction":[{"@type":"ReadAction","target":["https:\/\/www.silutesnaujienos.lt\/lt\/r-zemaitaitis-tapo-seimo-ekonomikos-komiteto-nariu\/"]}]},{"@type":"BreadcrumbList","@id":"https:\/\/www.silutesnaujienos.lt\/lt\/r-zemaitaitis-tapo-seimo-ekonomikos-komiteto-nariu\/#breadcrumb","itemListElement":[{"@type":"ListItem","position":1,"name":"Home","item":"https:\/\/www.silutesnaujienos.lt\/lt\/"},{"@type":"ListItem","position":2,"name":"R.\u017demaitaitis tapo Seimo Ekonomikos komiteto nariu"}]},{"@type":"WebSite","@id":"https:\/\/www.silutesnaujienos.lt\/lt\/#website","url":"https:\/\/www.silutesnaujienos.lt\/lt\/","name":"\u0160ilut\u0117s naujienos","description":"B\u016bk ant naujien\u0173 bangos!","publisher":{"@id":"https:\/\/www.silutesnaujienos.lt\/lt\/#organization"},"potentialAction":[{"@type":"SearchAction","target":{"@type":"EntryPoint","urlTemplate":"https:\/\/www.silutesnaujienos.lt\/lt\/?s={search_term_string}"},"query-input":{"@type":"PropertyValueSpecification","valueRequired":true,"valueName":"search_term_string"}}],"inLanguage":"lt-LT"},{"@type":"Organization","@id":"https:\/\/www.silutesnaujienos.lt\/lt\/#organization","name":"\u0160ilut\u0117s naujienos","url":"https:\/\/www.silutesnaujienos.lt\/lt\/","logo":{"@type":"ImageObject","inLanguage":"lt-LT","@id":"https:\/\/www.silutesnaujienos.lt\/lt\/#\/schema\/logo\/image\/","url":"https:\/\/www.silutesnaujienos.lt\/lt\/wp-content\/uploads\/2020\/06\/FB_MAIN.jpg","contentUrl":"https:\/\/www.silutesnaujienos.lt\/lt\/wp-content\/uploads\/2020\/06\/FB_MAIN.jpg","width":1700,"height":956,"caption":"\u0160ilut\u0117s naujienos"},"image":{"@id":"https:\/\/www.silutesnaujienos.lt\/lt\/#\/schema\/logo\/image\/"},"sameAs":["https:\/\/www.facebook.com\/silutes.naujienos\/","https:\/\/www.youtube.com\/channel\/UCxW-cgrJDt8GxIMxSTAfJZg"]},{"@type":"Person","@id":"https:\/\/www.silutesnaujienos.lt\/lt\/#\/schema\/person\/232f475ddd4a7b5f49b3abc788b17e83","name":"\u0160ilut\u0117s naujien\u0173 inf.","image":{"@type":"ImageObject","inLanguage":"lt-LT","@id":"https:\/\/www.silutesnaujienos.lt\/lt\/wp-content\/uploads\/2020\/06\/favicon.png","url":"https:\/\/www.silutesnaujienos.lt\/lt\/wp-content\/uploads\/2020\/06\/favicon.png","contentUrl":"https:\/\/www.silutesnaujienos.lt\/lt\/wp-content\/uploads\/2020\/06\/favicon.png","caption":"\u0160ilut\u0117s naujien\u0173 inf."},"sameAs":["https:\/\/www.silutesnaujienos.lt\/lt"],"url":"https:\/\/www.silutesnaujienos.lt\/lt\/author\/ruta\/"}]}},"publishpress_future_workflow_manual_trigger":{"enabledWorkflows":[]},"amp_enabled":true,"_links":{"self":[{"href":"https:\/\/www.silutesnaujienos.lt\/lt\/wp-json\/wp\/v2\/posts\/14101","targetHints":{"allow":["GET"]}}],"collection":[{"href":"https:\/\/www.silutesnaujienos.lt\/lt\/wp-json\/wp\/v2\/posts"}],"about":[{"href":"https:\/\/www.silutesnaujienos.lt\/lt\/wp-json\/wp\/v2\/types\/post"}],"author":[{"embeddable":true,"href":"https:\/\/www.silutesnaujienos.lt\/lt\/wp-json\/wp\/v2\/users\/1"}],"replies":[{"embeddable":true,"href":"https:\/\/www.silutesnaujienos.lt\/lt\/wp-json\/wp\/v2\/comments?post=14101"}],"version-history":[{"count":0,"href":"https:\/\/www.silutesnaujienos.lt\/lt\/wp-json\/wp\/v2\/posts\/14101\/revisions"}],"wp:attachment":[{"href":"https:\/\/www.silutesnaujienos.lt\/lt\/wp-json\/wp\/v2\/media?parent=14101"}],"wp:term":[{"taxonomy":"category","embeddable":true,"href":"https:\/\/www.silutesnaujienos.lt\/lt\/wp-json\/wp\/v2\/categories?post=14101"},{"taxonomy":"post_tag","embeddable":true,"href":"https:\/\/www.silutesnaujienos.lt\/lt\/wp-json\/wp\/v2\/tags?post=14101"}],"curies":[{"name":"wp","href":"https:\/\/api.w.org\/{rel}","templated":true}]}}