{"id":14103,"date":"2012-12-08T12:00:00","date_gmt":"2012-12-08T14:00:00","guid":{"rendered":"https:\/\/www.silutesnaujienos.lt\/lt\/silutes-krasto-seimunai-gavo-atsakingas-pareigas\/"},"modified":"2012-12-08T12:00:00","modified_gmt":"2012-12-08T14:00:00","slug":"silutes-krasto-seimunai-gavo-atsakingas-pareigas","status":"publish","type":"post","link":"https:\/\/www.silutesnaujienos.lt\/lt\/silutes-krasto-seimunai-gavo-atsakingas-pareigas\/","title":{"rendered":"\u0160ilut\u0117s kra\u0161to seim\u016bnai gavo atsakingas pareigas"},"content":{"rendered":"<p><a target=\"_blank\" rel=\"caption[Remigijus \u017demaitaitis] noopener noreferrer\" class=\"jcepopup\" href=\"\/\/silutesnaujienos.lt\/images\/stories\/2012\/12\/07\/remigijus94.jpg\" data-rel=\"lightbox-gallery-OAG7f3fK\" data-rl_title=\"\" data-rl_caption=\"\"><img loading=\"lazy\" decoding=\"async\" style=\"margin: 5px; float: left;\" class=\"caption\" title=\"\" alt=\"remigijus94\" src=\"\/\/silutesnaujienos.lt\/images\/stories\/2012\/12\/07\/thumbnails\/thumb_remigijus94.jpg\" height=\"230\" width=\"307\" \/><\/a><strong>Visi trys \u0160ilut\u0117s kra\u0161te i\u0161rinkti Seimo nariai jau atrado savo viet\u0105 Seime. \u201eTvarkietis\u201c K\u0119stas Komskis tapo vieno i\u0161 trij\u0173 svarbiausi\u0173 valstyb\u0117s pareig\u016bn\u0173 &#8211; Seimo pirmininko &#8211; vienu i\u0161 penki\u0173 pavaduotoj\u0173.<\/strong><\/p>\n<p><strong>K.Komskio partietis Remigijus \u017demaitaitis i\u0161rinktas Seimo Ekonomikos komiteto pirmininku. Jo pavaduotoju tapo socialdemokratas Art\u016bras Skard\u017eius.<\/strong> <\/p>\n<p>K.Komskis ir R.\u017demaitaitis jau antr\u0105 kadencij\u0105 i\u0161rinkti \u012f Seim\u0105. K.Komskis kandidatavo vienmandat\u0117je \u0160ilut\u0117s &#8211; Pag\u0117gi\u0173 rinkim\u0173 apygardoje, ta\u010diau ne\u012fveik\u0117 II rinkim\u0173 turo kovos ir Seimo nario mandat\u0105 gavo pagal partijos Tvarka ir teisingumas s\u0105ra\u0161\u0105. <\/p>\n<p>A.Skard\u017eius II rinkim\u0173 ture \u0160ilut\u0117s &#8211; Pag\u0117gi\u0173 rinkim\u0173 apygardoje nugal\u0117jo K.Komsk\u012f.<\/p>\n<p>R.\u017demaitaitis jau pirmajame rinkim\u0173 ture ry\u0161kia bals\u0173 persvara aplenk\u0117 visus \u0160ilal\u0117s &#8211; \u0160ilut\u0117s vienmandat\u0117s rinkim\u0173 apygardos kandidatus. O II ture gavo tiek rink\u0117j\u0173 bals\u0173, kad pateko \u012f populiariausi\u0173 nauj\u0173j\u0173 Seimo nari\u0173 penketuk\u0105.<a target=\"_blank\" rel=\"caption[K\u0119stas Komskis] noopener noreferrer\" class=\"jcepopup\" href=\"\/\/silutesnaujienos.lt\/images\/stories\/2012\/12\/07\/KOMSKIO.jpg\" data-rel=\"lightbox-gallery-OAG7f3fK\" data-rl_title=\"\" data-rl_caption=\"\"><img loading=\"lazy\" decoding=\"async\" style=\"margin: 5px; float: right;\" class=\"caption\" title=\"\" alt=\"KOMSKIO\" src=\"\/\/silutesnaujienos.lt\/images\/stories\/2012\/12\/07\/thumbnails\/thumb_KOMSKIO.jpg\" height=\"230\" width=\"307\" \/><\/a><\/p>\n<p>Seime d\u0117l vicepirminink\u0173 paskyrimo u\u017e K.Komskio kandidat\u016br\u0105 balsuojant slapta pasisak\u0117 73 parlamentarai &#8211; 13 ma\u017eiau, nei sudaro valdan\u010di\u0105j\u0105 daugum\u0105, prie\u0161 buvo 56 parlamentarai. <\/p>\n<p>\u201eTvarkie\u010diui\u201c R.\u017demaitai\u010diui vietoj anks\u010diau planuoto vidaus reikal\u0173 ministro portfelio atiteko seimo Ekonomikos komiteto pirmininko postas. U\u017evakar vykusiame \u0161io komiteto pos\u0117dyje u\u017e jo kandidat\u016br\u0105 balsavo 7 komiteto nariai, 3 susilaik\u0117.<\/p>\n<p>Ekonomikos komiteto pirmininku R.\u017demaitaitis tapo netik\u0117tai mirus parlamentarui Juliui Veselkai, kuriam buvo numatytas \u0161is postas. R.\u017demaitai\u010dio pavaduotoju i\u0161rinktas Seimo Socialdemokrat\u0173 partijos frakcijos narys A.Skard\u017eius. U\u017e jo kandidat\u016br\u0105 balsavo 7 komiteto nariai.<\/p>\n<p>Naujajame Seime jau registruotos kelios tarpparlamentini\u0173 ry\u0161i\u0173 grup\u0117s, \u012f kurias buriasi su u\u017esienio \u0161ali\u0173 politikais bendrauti norintys parlamentarai. Tarpparlamentini\u0173 ry\u0161i\u0173 grup\u0117s sudaromos laisvu Seimo nari\u0173 apsisprendimo principu. Grupei ry\u0161iams su Baltarusija vadovaus A.Skard\u017eius.<\/p>\n","protected":false},"excerpt":{"rendered":"<p>Visi trys \u0160ilut\u0117s kra\u0161te i\u0161rinkti Seimo nariai jau atrado savo viet\u0105 Seime. \u201eTvarkietis\u201c K\u0119stas Komskis tapo vieno i\u0161 trij\u0173 svarbiausi\u0173 valstyb\u0117s pareig\u016bn\u0173 &#8211; Seimo pirmininko &#8211; vienu i\u0161 penki\u0173 pavaduotoj\u0173. K.Komskio partietis Remigijus \u017demaitaitis i\u0161rinktas Seimo Ekonomikos komiteto pirmininku. Jo pavaduotoju tapo socialdemokratas Art\u016bras Skard\u017eius. K.Komskis ir R.\u017demaitaitis jau antr\u0105 kadencij\u0105 i\u0161rinkti \u012f Seim\u0105. K.Komskis [&hellip;]<\/p>\n","protected":false},"author":1,"featured_media":0,"comment_status":"open","ping_status":"open","sticky":false,"template":"","format":"standard","meta":{"footnotes":""},"categories":[2],"tags":[],"class_list":{"0":"post-14103","1":"post","2":"type-post","3":"status-publish","4":"format-standard","6":"category-aktualijos"},"yoast_head":"<!-- This site is optimized with the Yoast SEO plugin v27.5 - https:\/\/yoast.com\/product\/yoast-seo-wordpress\/ -->\n<title>\u0160ilut\u0117s kra\u0161to seim\u016bnai gavo atsakingas pareigas - \u0160ilut\u0117s naujienos<\/title>\n<meta name=\"robots\" content=\"index, follow, max-snippet:-1, max-image-preview:large, max-video-preview:-1\" \/>\n<link rel=\"canonical\" href=\"https:\/\/www.silutesnaujienos.lt\/lt\/silutes-krasto-seimunai-gavo-atsakingas-pareigas\/\" \/>\n<meta property=\"og:locale\" content=\"lt_LT\" \/>\n<meta property=\"og:type\" content=\"article\" \/>\n<meta property=\"og:title\" content=\"\u0160ilut\u0117s kra\u0161to seim\u016bnai gavo atsakingas pareigas - \u0160ilut\u0117s naujienos\" \/>\n<meta property=\"og:description\" content=\"Visi trys \u0160ilut\u0117s kra\u0161te i\u0161rinkti Seimo nariai jau atrado savo viet\u0105 Seime. \u201eTvarkietis\u201c K\u0119stas Komskis tapo vieno i\u0161 trij\u0173 svarbiausi\u0173 valstyb\u0117s pareig\u016bn\u0173 &#8211; Seimo pirmininko &#8211; vienu i\u0161 penki\u0173 pavaduotoj\u0173. K.Komskio partietis Remigijus \u017demaitaitis i\u0161rinktas Seimo Ekonomikos komiteto pirmininku. Jo pavaduotoju tapo socialdemokratas Art\u016bras Skard\u017eius. K.Komskis ir R.\u017demaitaitis jau antr\u0105 kadencij\u0105 i\u0161rinkti \u012f Seim\u0105. K.Komskis [&hellip;]\" \/>\n<meta property=\"og:url\" content=\"https:\/\/www.silutesnaujienos.lt\/lt\/silutes-krasto-seimunai-gavo-atsakingas-pareigas\/\" \/>\n<meta property=\"og:site_name\" content=\"\u0160ilut\u0117s naujienos\" \/>\n<meta property=\"article:publisher\" content=\"https:\/\/www.facebook.com\/silutes.naujienos\/\" \/>\n<meta property=\"article:published_time\" content=\"2012-12-08T14:00:00+00:00\" \/>\n<meta property=\"og:image\" content=\"\/\/silutesnaujienos.lt\/images\/stories\/2012\/12\/07\/thumbnails\/thumb_remigijus94.jpg\" \/>\n<meta name=\"author\" content=\"\u0160ilut\u0117s naujien\u0173 inf.\" \/>\n<meta name=\"twitter:card\" content=\"summary_large_image\" \/>\n<meta name=\"twitter:label1\" content=\"Written by\" \/>\n\t<meta name=\"twitter:data1\" content=\"\u0160ilut\u0117s naujien\u0173 inf.\" \/>\n\t<meta name=\"twitter:label2\" content=\"Est. reading time\" \/>\n\t<meta name=\"twitter:data2\" content=\"1 minut\u0117\" \/>\n<script type=\"application\/ld+json\" class=\"yoast-schema-graph\">{\"@context\":\"https:\\\/\\\/schema.org\",\"@graph\":[{\"@type\":\"Article\",\"@id\":\"https:\\\/\\\/www.silutesnaujienos.lt\\\/lt\\\/silutes-krasto-seimunai-gavo-atsakingas-pareigas\\\/#article\",\"isPartOf\":{\"@id\":\"https:\\\/\\\/www.silutesnaujienos.lt\\\/lt\\\/silutes-krasto-seimunai-gavo-atsakingas-pareigas\\\/\"},\"author\":{\"name\":\"\u0160ilut\u0117s naujien\u0173 inf.\",\"@id\":\"https:\\\/\\\/www.silutesnaujienos.lt\\\/lt\\\/#\\\/schema\\\/person\\\/232f475ddd4a7b5f49b3abc788b17e83\"},\"headline\":\"\u0160ilut\u0117s kra\u0161to seim\u016bnai gavo atsakingas pareigas\",\"datePublished\":\"2012-12-08T14:00:00+00:00\",\"mainEntityOfPage\":{\"@id\":\"https:\\\/\\\/www.silutesnaujienos.lt\\\/lt\\\/silutes-krasto-seimunai-gavo-atsakingas-pareigas\\\/\"},\"wordCount\":300,\"commentCount\":0,\"publisher\":{\"@id\":\"https:\\\/\\\/www.silutesnaujienos.lt\\\/lt\\\/#organization\"},\"articleSection\":[\"Aktualijos\"],\"inLanguage\":\"lt-LT\",\"potentialAction\":[{\"@type\":\"CommentAction\",\"name\":\"Comment\",\"target\":[\"https:\\\/\\\/www.silutesnaujienos.lt\\\/lt\\\/silutes-krasto-seimunai-gavo-atsakingas-pareigas\\\/#respond\"]}]},{\"@type\":\"WebPage\",\"@id\":\"https:\\\/\\\/www.silutesnaujienos.lt\\\/lt\\\/silutes-krasto-seimunai-gavo-atsakingas-pareigas\\\/\",\"url\":\"https:\\\/\\\/www.silutesnaujienos.lt\\\/lt\\\/silutes-krasto-seimunai-gavo-atsakingas-pareigas\\\/\",\"name\":\"\u0160ilut\u0117s kra\u0161to seim\u016bnai gavo atsakingas pareigas - \u0160ilut\u0117s naujienos\",\"isPartOf\":{\"@id\":\"https:\\\/\\\/www.silutesnaujienos.lt\\\/lt\\\/#website\"},\"datePublished\":\"2012-12-08T14:00:00+00:00\",\"breadcrumb\":{\"@id\":\"https:\\\/\\\/www.silutesnaujienos.lt\\\/lt\\\/silutes-krasto-seimunai-gavo-atsakingas-pareigas\\\/#breadcrumb\"},\"inLanguage\":\"lt-LT\",\"potentialAction\":[{\"@type\":\"ReadAction\",\"target\":[\"https:\\\/\\\/www.silutesnaujienos.lt\\\/lt\\\/silutes-krasto-seimunai-gavo-atsakingas-pareigas\\\/\"]}]},{\"@type\":\"BreadcrumbList\",\"@id\":\"https:\\\/\\\/www.silutesnaujienos.lt\\\/lt\\\/silutes-krasto-seimunai-gavo-atsakingas-pareigas\\\/#breadcrumb\",\"itemListElement\":[{\"@type\":\"ListItem\",\"position\":1,\"name\":\"Home\",\"item\":\"https:\\\/\\\/www.silutesnaujienos.lt\\\/lt\\\/\"},{\"@type\":\"ListItem\",\"position\":2,\"name\":\"\u0160ilut\u0117s kra\u0161to seim\u016bnai gavo atsakingas pareigas\"}]},{\"@type\":\"WebSite\",\"@id\":\"https:\\\/\\\/www.silutesnaujienos.lt\\\/lt\\\/#website\",\"url\":\"https:\\\/\\\/www.silutesnaujienos.lt\\\/lt\\\/\",\"name\":\"\u0160ilut\u0117s naujienos\",\"description\":\"B\u016bk ant naujien\u0173 bangos!\",\"publisher\":{\"@id\":\"https:\\\/\\\/www.silutesnaujienos.lt\\\/lt\\\/#organization\"},\"potentialAction\":[{\"@type\":\"SearchAction\",\"target\":{\"@type\":\"EntryPoint\",\"urlTemplate\":\"https:\\\/\\\/www.silutesnaujienos.lt\\\/lt\\\/?s={search_term_string}\"},\"query-input\":{\"@type\":\"PropertyValueSpecification\",\"valueRequired\":true,\"valueName\":\"search_term_string\"}}],\"inLanguage\":\"lt-LT\"},{\"@type\":\"Organization\",\"@id\":\"https:\\\/\\\/www.silutesnaujienos.lt\\\/lt\\\/#organization\",\"name\":\"\u0160ilut\u0117s naujienos\",\"url\":\"https:\\\/\\\/www.silutesnaujienos.lt\\\/lt\\\/\",\"logo\":{\"@type\":\"ImageObject\",\"inLanguage\":\"lt-LT\",\"@id\":\"https:\\\/\\\/www.silutesnaujienos.lt\\\/lt\\\/#\\\/schema\\\/logo\\\/image\\\/\",\"url\":\"https:\\\/\\\/www.silutesnaujienos.lt\\\/lt\\\/wp-content\\\/uploads\\\/2020\\\/06\\\/FB_MAIN.jpg\",\"contentUrl\":\"https:\\\/\\\/www.silutesnaujienos.lt\\\/lt\\\/wp-content\\\/uploads\\\/2020\\\/06\\\/FB_MAIN.jpg\",\"width\":1700,\"height\":956,\"caption\":\"\u0160ilut\u0117s naujienos\"},\"image\":{\"@id\":\"https:\\\/\\\/www.silutesnaujienos.lt\\\/lt\\\/#\\\/schema\\\/logo\\\/image\\\/\"},\"sameAs\":[\"https:\\\/\\\/www.facebook.com\\\/silutes.naujienos\\\/\",\"https:\\\/\\\/www.youtube.com\\\/channel\\\/UCxW-cgrJDt8GxIMxSTAfJZg\"]},{\"@type\":\"Person\",\"@id\":\"https:\\\/\\\/www.silutesnaujienos.lt\\\/lt\\\/#\\\/schema\\\/person\\\/232f475ddd4a7b5f49b3abc788b17e83\",\"name\":\"\u0160ilut\u0117s naujien\u0173 inf.\",\"image\":{\"@type\":\"ImageObject\",\"inLanguage\":\"lt-LT\",\"@id\":\"https:\\\/\\\/www.silutesnaujienos.lt\\\/lt\\\/wp-content\\\/uploads\\\/2020\\\/06\\\/favicon.png\",\"url\":\"https:\\\/\\\/www.silutesnaujienos.lt\\\/lt\\\/wp-content\\\/uploads\\\/2020\\\/06\\\/favicon.png\",\"contentUrl\":\"https:\\\/\\\/www.silutesnaujienos.lt\\\/lt\\\/wp-content\\\/uploads\\\/2020\\\/06\\\/favicon.png\",\"caption\":\"\u0160ilut\u0117s naujien\u0173 inf.\"},\"sameAs\":[\"https:\\\/\\\/www.silutesnaujienos.lt\\\/lt\"],\"url\":\"https:\\\/\\\/www.silutesnaujienos.lt\\\/lt\\\/author\\\/ruta\\\/\"}]}<\/script>\n<!-- \/ Yoast SEO plugin. -->","yoast_head_json":{"title":"\u0160ilut\u0117s kra\u0161to seim\u016bnai gavo atsakingas pareigas - \u0160ilut\u0117s naujienos","robots":{"index":"index","follow":"follow","max-snippet":"max-snippet:-1","max-image-preview":"max-image-preview:large","max-video-preview":"max-video-preview:-1"},"canonical":"https:\/\/www.silutesnaujienos.lt\/lt\/silutes-krasto-seimunai-gavo-atsakingas-pareigas\/","og_locale":"lt_LT","og_type":"article","og_title":"\u0160ilut\u0117s kra\u0161to seim\u016bnai gavo atsakingas pareigas - \u0160ilut\u0117s naujienos","og_description":"Visi trys \u0160ilut\u0117s kra\u0161te i\u0161rinkti Seimo nariai jau atrado savo viet\u0105 Seime. \u201eTvarkietis\u201c K\u0119stas Komskis tapo vieno i\u0161 trij\u0173 svarbiausi\u0173 valstyb\u0117s pareig\u016bn\u0173 &#8211; Seimo pirmininko &#8211; vienu i\u0161 penki\u0173 pavaduotoj\u0173. K.Komskio partietis Remigijus \u017demaitaitis i\u0161rinktas Seimo Ekonomikos komiteto pirmininku. Jo pavaduotoju tapo socialdemokratas Art\u016bras Skard\u017eius. K.Komskis ir R.\u017demaitaitis jau antr\u0105 kadencij\u0105 i\u0161rinkti \u012f Seim\u0105. K.Komskis [&hellip;]","og_url":"https:\/\/www.silutesnaujienos.lt\/lt\/silutes-krasto-seimunai-gavo-atsakingas-pareigas\/","og_site_name":"\u0160ilut\u0117s naujienos","article_publisher":"https:\/\/www.facebook.com\/silutes.naujienos\/","article_published_time":"2012-12-08T14:00:00+00:00","og_image":[{"url":"\/\/silutesnaujienos.lt\/images\/stories\/2012\/12\/07\/thumbnails\/thumb_remigijus94.jpg","type":"","width":"","height":""}],"author":"\u0160ilut\u0117s naujien\u0173 inf.","twitter_card":"summary_large_image","twitter_misc":{"Written by":"\u0160ilut\u0117s naujien\u0173 inf.","Est. reading time":"1 minut\u0117"},"schema":{"@context":"https:\/\/schema.org","@graph":[{"@type":"Article","@id":"https:\/\/www.silutesnaujienos.lt\/lt\/silutes-krasto-seimunai-gavo-atsakingas-pareigas\/#article","isPartOf":{"@id":"https:\/\/www.silutesnaujienos.lt\/lt\/silutes-krasto-seimunai-gavo-atsakingas-pareigas\/"},"author":{"name":"\u0160ilut\u0117s naujien\u0173 inf.","@id":"https:\/\/www.silutesnaujienos.lt\/lt\/#\/schema\/person\/232f475ddd4a7b5f49b3abc788b17e83"},"headline":"\u0160ilut\u0117s kra\u0161to seim\u016bnai gavo atsakingas pareigas","datePublished":"2012-12-08T14:00:00+00:00","mainEntityOfPage":{"@id":"https:\/\/www.silutesnaujienos.lt\/lt\/silutes-krasto-seimunai-gavo-atsakingas-pareigas\/"},"wordCount":300,"commentCount":0,"publisher":{"@id":"https:\/\/www.silutesnaujienos.lt\/lt\/#organization"},"articleSection":["Aktualijos"],"inLanguage":"lt-LT","potentialAction":[{"@type":"CommentAction","name":"Comment","target":["https:\/\/www.silutesnaujienos.lt\/lt\/silutes-krasto-seimunai-gavo-atsakingas-pareigas\/#respond"]}]},{"@type":"WebPage","@id":"https:\/\/www.silutesnaujienos.lt\/lt\/silutes-krasto-seimunai-gavo-atsakingas-pareigas\/","url":"https:\/\/www.silutesnaujienos.lt\/lt\/silutes-krasto-seimunai-gavo-atsakingas-pareigas\/","name":"\u0160ilut\u0117s kra\u0161to seim\u016bnai gavo atsakingas pareigas - \u0160ilut\u0117s naujienos","isPartOf":{"@id":"https:\/\/www.silutesnaujienos.lt\/lt\/#website"},"datePublished":"2012-12-08T14:00:00+00:00","breadcrumb":{"@id":"https:\/\/www.silutesnaujienos.lt\/lt\/silutes-krasto-seimunai-gavo-atsakingas-pareigas\/#breadcrumb"},"inLanguage":"lt-LT","potentialAction":[{"@type":"ReadAction","target":["https:\/\/www.silutesnaujienos.lt\/lt\/silutes-krasto-seimunai-gavo-atsakingas-pareigas\/"]}]},{"@type":"BreadcrumbList","@id":"https:\/\/www.silutesnaujienos.lt\/lt\/silutes-krasto-seimunai-gavo-atsakingas-pareigas\/#breadcrumb","itemListElement":[{"@type":"ListItem","position":1,"name":"Home","item":"https:\/\/www.silutesnaujienos.lt\/lt\/"},{"@type":"ListItem","position":2,"name":"\u0160ilut\u0117s kra\u0161to seim\u016bnai gavo atsakingas pareigas"}]},{"@type":"WebSite","@id":"https:\/\/www.silutesnaujienos.lt\/lt\/#website","url":"https:\/\/www.silutesnaujienos.lt\/lt\/","name":"\u0160ilut\u0117s naujienos","description":"B\u016bk ant naujien\u0173 bangos!","publisher":{"@id":"https:\/\/www.silutesnaujienos.lt\/lt\/#organization"},"potentialAction":[{"@type":"SearchAction","target":{"@type":"EntryPoint","urlTemplate":"https:\/\/www.silutesnaujienos.lt\/lt\/?s={search_term_string}"},"query-input":{"@type":"PropertyValueSpecification","valueRequired":true,"valueName":"search_term_string"}}],"inLanguage":"lt-LT"},{"@type":"Organization","@id":"https:\/\/www.silutesnaujienos.lt\/lt\/#organization","name":"\u0160ilut\u0117s naujienos","url":"https:\/\/www.silutesnaujienos.lt\/lt\/","logo":{"@type":"ImageObject","inLanguage":"lt-LT","@id":"https:\/\/www.silutesnaujienos.lt\/lt\/#\/schema\/logo\/image\/","url":"https:\/\/www.silutesnaujienos.lt\/lt\/wp-content\/uploads\/2020\/06\/FB_MAIN.jpg","contentUrl":"https:\/\/www.silutesnaujienos.lt\/lt\/wp-content\/uploads\/2020\/06\/FB_MAIN.jpg","width":1700,"height":956,"caption":"\u0160ilut\u0117s naujienos"},"image":{"@id":"https:\/\/www.silutesnaujienos.lt\/lt\/#\/schema\/logo\/image\/"},"sameAs":["https:\/\/www.facebook.com\/silutes.naujienos\/","https:\/\/www.youtube.com\/channel\/UCxW-cgrJDt8GxIMxSTAfJZg"]},{"@type":"Person","@id":"https:\/\/www.silutesnaujienos.lt\/lt\/#\/schema\/person\/232f475ddd4a7b5f49b3abc788b17e83","name":"\u0160ilut\u0117s naujien\u0173 inf.","image":{"@type":"ImageObject","inLanguage":"lt-LT","@id":"https:\/\/www.silutesnaujienos.lt\/lt\/wp-content\/uploads\/2020\/06\/favicon.png","url":"https:\/\/www.silutesnaujienos.lt\/lt\/wp-content\/uploads\/2020\/06\/favicon.png","contentUrl":"https:\/\/www.silutesnaujienos.lt\/lt\/wp-content\/uploads\/2020\/06\/favicon.png","caption":"\u0160ilut\u0117s naujien\u0173 inf."},"sameAs":["https:\/\/www.silutesnaujienos.lt\/lt"],"url":"https:\/\/www.silutesnaujienos.lt\/lt\/author\/ruta\/"}]}},"publishpress_future_workflow_manual_trigger":{"enabledWorkflows":[]},"amp_enabled":true,"_links":{"self":[{"href":"https:\/\/www.silutesnaujienos.lt\/lt\/wp-json\/wp\/v2\/posts\/14103","targetHints":{"allow":["GET"]}}],"collection":[{"href":"https:\/\/www.silutesnaujienos.lt\/lt\/wp-json\/wp\/v2\/posts"}],"about":[{"href":"https:\/\/www.silutesnaujienos.lt\/lt\/wp-json\/wp\/v2\/types\/post"}],"author":[{"embeddable":true,"href":"https:\/\/www.silutesnaujienos.lt\/lt\/wp-json\/wp\/v2\/users\/1"}],"replies":[{"embeddable":true,"href":"https:\/\/www.silutesnaujienos.lt\/lt\/wp-json\/wp\/v2\/comments?post=14103"}],"version-history":[{"count":0,"href":"https:\/\/www.silutesnaujienos.lt\/lt\/wp-json\/wp\/v2\/posts\/14103\/revisions"}],"wp:attachment":[{"href":"https:\/\/www.silutesnaujienos.lt\/lt\/wp-json\/wp\/v2\/media?parent=14103"}],"wp:term":[{"taxonomy":"category","embeddable":true,"href":"https:\/\/www.silutesnaujienos.lt\/lt\/wp-json\/wp\/v2\/categories?post=14103"},{"taxonomy":"post_tag","embeddable":true,"href":"https:\/\/www.silutesnaujienos.lt\/lt\/wp-json\/wp\/v2\/tags?post=14103"}],"curies":[{"name":"wp","href":"https:\/\/api.w.org\/{rel}","templated":true}]}}