{"id":14106,"date":"2012-12-19T14:49:09","date_gmt":"2012-12-19T16:49:09","guid":{"rendered":"https:\/\/www.silutesnaujienos.lt\/lt\/valdzia-po-pusmecio-dar-vis-vieninga\/"},"modified":"2012-12-19T14:49:09","modified_gmt":"2012-12-19T16:49:09","slug":"valdzia-po-pusmecio-dar-vis-vieninga","status":"publish","type":"post","link":"https:\/\/www.silutesnaujienos.lt\/lt\/valdzia-po-pusmecio-dar-vis-vieninga\/","title":{"rendered":"Vald\u017eia po pusme\u010dio &#8211; dar vis vieninga"},"content":{"rendered":"<p><a target=\"_blank\" rel=\"caption[Savivaldyb\u0117s valdan\u010dioji dauguma po pusme\u010dio atnaujino vienyb\u0117s pa\u017eadus. \/ Sigito Grin\u010dinai\u010dio (silutesnaujienos.lt) nuotr.] noopener noreferrer\" class=\"jcepopup\" href=\"\/\/silutesnaujienos.lt\/images\/stories\/2012\/12\/18\/VALDZIOS.jpg\" data-rel=\"lightbox-gallery-RYQDj2jt\" data-rl_title=\"\" data-rl_caption=\"\"><img loading=\"lazy\" decoding=\"async\" style=\"margin: 5px; float: left;\" class=\"caption\" title=\"\" alt=\"VALDZIOS\" src=\"\/\/silutesnaujienos.lt\/images\/stories\/2012\/12\/18\/thumbnails\/thumb_VALDZIOS.jpg\" height=\"230\" width=\"307\" \/><\/a><strong>Pus\u0119 met\u0173 rajonui vadovaujan\u010dios valdan\u010diosios daugumos frakcij\u0173 vadovai &#8211; liberals\u0105j\u016bdietis Edvardas Vitkauskas, konservatorius \u0160ar\u016bnas Lau\u017eikas, socialdemokrat\u0173 skyriaus pirmininkas Alvidas \u0160imelionis, liberalcentristas Steponas Kazlauskas, S\u0105jungos TAIP \u0160ilut\u0117s lyderis Arvydas Jakas bei buvusi \u201etvarkiet\u0117\u201c, rajono mer\u0117 Daiva \u017debelien\u0117 spaudos konferencijoje sak\u0117, kad iki \u0161iol i\u0161liko vieningi, ir paneig\u0117 gandus, jog koalicija gali i\u0161irti.<\/strong><\/p>\n<p><strong>Buvusieji vis dar kalti<\/strong><\/p>\n<p>Gruod\u017eio 14-\u0105j\u0105 sukako pus\u0117 met\u0173, kai prie savivaldyb\u0117s Tarybos vairo ir rajono biud\u017eeto pinigin\u0117s stojo naujoji vald\u017eia. Spaudos konferencijoje koalicijos partneriai iki \u0161iol d\u0117l vis\u0173 esan\u010di\u0173 nesklandum\u0173 kaltino buvusi\u0105 Virgilijaus Pozingio vald\u017ei\u0105.<\/p>\n<p>Kalb\u0117dami apie 50 milijon\u0173 lit\u0173 Savivaldyb\u0117s biud\u017eeto skol\u0105, administracijos direktorius Raimundas Ambrozaitis bei politikai vis primindavo apie buvusius galimai neskaidrius vie\u0161uosius pirkimus. Pavyzd\u017eiui, H.\u0160ojaus dvaro renovacija bus atlikta u\u017e 9 mln. lit\u0173, nors i\u0161 vie\u0161ojo pirkimo eil\u0117s buvo i\u0161mesta bendrov\u0117, pasi\u016bliusi tokius pat darbus atlikti u\u017e 7,46 mln. Lt. Did\u017eiausiu vie\u0161\u0173j\u0173 pirkim\u0173 virtuozu buvo tapusi anks\u010diau \u012ftaking\u0173 politik\u0173 vadovaujama \u012fmon\u0117, kuri laim\u0117jo \u017demai\u010di\u0173 Naumies\u010dio muziejaus renovacijos II etapo konkurs\u0105, nors pagal pasi\u016blyt\u0105 kain\u0105 buvo tik penkta.<\/p>\n<p>Mer\u0117 D.\u017debelien\u0117 sak\u0117, kad daugiausia laiko ir pastang\u0173 pastar\u0105j\u012f pusmet\u012f at\u0117m\u0117 ankstesni\u0173 klaid\u0173 taisymas. Ji pasakojo, kad buvo atliktas ir mero reprezentacini\u0173 l\u0117\u0161\u0173 naudojimo auditas, ir piktinosi, kad buv\u0119s rajono meras V.Pozingis net prie\u0161paskutin\u0119 vadovavimo dien\u0105 &#8211; bir\u017eelio 13-\u0105j\u0105 &#8211; sugeb\u0117jo \u0161\u012f fond\u0105 patu\u0161tinti 1300-ais lit\u0173. \u201eK\u0105 merui paskutin\u0119 savo darbo dien\u0105 prireik\u0117 pirkti?\u201c &#8211; retori\u0161kai klaus\u0117 D.\u017debelien\u0117.<\/p>\n<p>Ji teig\u0117, kad ne pagal paskirt\u012f buvo panaudotos ir v\u0117jo j\u0117gaini\u0173 \u012fmoni\u0173 grup\u0117s \u201e4 v\u0117jai\u201c sukauptos l\u0117\u0161os labdaros fonde. Dabar jau parengtos taisykl\u0117s, kaip gali b\u016bti naudojamos energetik\u0173 sukauptos l\u0117\u0161os, ir mer\u0117 neabejoja, kad Savivaldyb\u0117 sugr\u0105\u017eins \u012f fond\u0105 panaudotas l\u0117\u0161as ir jos bus paskirstytos finansuoti projektus, naudingus \u017emon\u0117ms, kurie patiria daugiausia v\u0117jo j\u0117gaini\u0173 keliamus nepatogumus.<\/p>\n<p><strong>Gandus paneig\u0117<\/strong><\/p>\n<p>Kalb\u0117dama apie valdan\u010diosios koalicijos partneri\u0173 \u012ftak\u0105, D.\u017debelien\u0117 neig\u0117 sklandan\u010dias paskalas, kad \u0161i vald\u017eia yra netvirta, kad ji, kaip mer\u0117, n\u0117ra savaranki\u0161ka. Ji tvirtino, kad jokia politik\u0173 grup\u0117 jai nedaro \u012ftakos.<\/p>\n<p>Be partijos Tvarka ir teisingumas paramos likusi rajono mer\u0117 D.\u017debelien\u0117 tikino, kad Seime ar Vyriausyb\u0117je ji buvusi\u0173 partie\u010di\u0173 paramos nepasigenda &#8211; yra suaugusi mergait\u0117 ir vald\u017eios koridoriuose nepasiklysta. Mer\u0117 neabejoja, kad \u0160ilut\u0117s rajone i\u0161rinkti Seimo nariai Remigijus \u017demaitaitis bei Art\u016bras Skard\u017eius stengsis d\u0117l rajono \u017emoni\u0173. O apie tre\u010diojo m\u016bs\u0173 kra\u0161tui atstovaujan\u010dio Seimo nario &#8211; Seimo vicepirmininko K\u0119sto Komskio galim\u0105 param\u0105 rajono vadov\u0117 neu\u017esimin\u0117.<\/p>\n<p>Spaudos konferencija pan\u0117\u0161\u0117jo \u012f dar vien\u0105 valdan\u010diosios daugumos partij\u0173 vienyb\u0117s \u012f\u017ead\u0173 pavie\u0161inim\u0105. O gandus apie galimas naujas koalicijas paneig\u0117 \u0160.Lau\u017eikas, parei\u0161k\u0119s, kad net ir po kit\u0173 savivaldyb\u0117s rinkim\u0173 \u012f valdan\u010di\u0173j\u0173 koalicij\u0173 sud\u0117t\u012f nebus kvie\u010diamos partijos, kuri\u0173 vadovai yra sulau\u017e\u0119 sutartis ir garb\u0117s \u017eod\u012f.<\/p>\n<p><strong>Kod\u0117l dar be antranki\u0173?<\/strong><\/p>\n<p>\u017diniasklaidininkai i\u0161klaus\u0119 informacij\u0105 apie galimus \u012fvairius vie\u0161\u0173j\u0173 pirkim\u0173 pa\u017eeidimus, apie neteisingai panaudotas ar i\u0161vaistytas l\u0117\u0161as, klaus\u0117, kod\u0117l niekam neu\u017ed\u0117ti antrankiai, kas turi ginti vie\u0161\u0105j\u012f interes\u0105, pasir\u016bpinti, kad b\u016bt\u0173 nubausti \u012fstatym\u0173 pa\u017eeid\u0117jai.<\/p>\n<p>Administracijos direktorius R.Ambrozaitis gyn\u0117si, kad norint k\u0105 nors konkre\u010diai apkaltinti, reikia tur\u0117ti \u012frodym\u0173. Jis mano, kad administracija &#8211; ne ta institucija, kuri turi rinkti \u012frodymus, ta\u010diau neatmet\u0117 galimyb\u0117s kreiptis \u012f teis\u0117saug\u0105, jeigu bus rasta akivaizd\u017ei\u0173 pa\u017eeidim\u0173.<\/p>\n<p>A.Jakas sak\u0117, kad d\u0117l jam \u012ftarim\u0173 suk\u0117lusi\u0173 vie\u0161\u0173j\u0173 pirkim\u0173 jau kreip\u0117si pagalbos \u012f STT, ta\u010diau konkre\u010dios paramos negavo. A.Jakas \u012ftarim\u0105 suk\u0117lusius dokumentus pateik\u0117 Savivaldybei ir mano, kad Savivaldyb\u0117s vadovai, o ne atskiri politikai turi bendrauti su teis\u0117sauga, nes gali tekti net bylin\u0117tis teisme, mok\u0117ti u\u017e advokat\u0173 paslaugas.<\/p>\n<p>Bet pa\u017ead\u0173 kreiptis \u012f teis\u0117saugos institucijas d\u0117l buvusi\u0173 rajono vadov\u0173 galim\u0173 \u012fstatym\u0173 ir finansin\u0117s drausm\u0117s pa\u017eeidim\u0173 \u017einiasklaidininkai nei\u0161girdo. Juk kas \u017eino, kiek giliai kapstyt\u0173 teis\u0117saugininkai? Ar jie nei\u0161kast\u0173 dar anks\u010diau rajonui vadovavusi\u0173 mer\u0173 darbo tr\u016bkum\u0173? Juk dabar valdan\u010diojoje daugumoje yra net trys buv\u0119 rajono merai &#8211; Algirdas Bal\u010dytis, \u0160ar\u016bnas Lau\u017eikas ir Arvydas Jakas, be to, \u0160.Lau\u017eikas vos prie\u0161 por\u0105 met\u0173 vadovavo Savivaldyb\u0117s administracijai.<\/p>\n<p><strong>D\u017eiaug\u0117si pasiekimais<\/strong><\/p>\n<p>Valdan\u010diosios daugumos politikai d\u017eiaug\u0117si, kad \u0161iemet Savivaldyb\u0117s \u012fmon\u0117s \u201e\u0160ilut\u0117s \u0161ilumos tinklai\u201c teikiam\u0173 paslaug\u0173 kaina suma\u017e\u0117jo apie 10 proc. ir \u0161ilumos kaina yra 11-ta Lietuvoje tarp pigiausi\u0105 \u0161ilum\u0105 tiekian\u010di\u0173 \u012fmoni\u0173.<\/p>\n<p>D\u017eiaug\u0117si rajono vadovai ir tuo, kad Savivaldyb\u0117s administracijos direktoriaus pavaduotojui Vygantui Kamarauskui pagaliau pavyko i\u0161siai\u0161kinti prie\u017eastis, kod\u0117l atliek\u0173 tvarkymo sistema rajone veikia nuostolingai. Rajono Taryboje priimti nauji sprendimai suma\u017eins atliek\u0173 tvarkymo lengvatas turin\u010di\u0173 asmen\u0173 skai\u010di\u0173, \u012fmon\u0117ms padidins leistin\u0105 ma\u017eiausi\u0105 deklaruojam\u0105 kiek\u012f iki 240 litr\u0173 (buvo 125 litrai).<\/p>\n<p>Matyt, nesvarbu, kad svarstant \u0161\u012f klausim\u0105 Ekonomikos ir finans\u0173 komitete buvo i\u0161keltos prielaidos, jog Savivaldyb\u0117s skola atliek\u0173 tvarkytojams perkop\u0117 2 mln. Lt d\u0117l galimai prastos \u0161ios veiklos kontrol\u0117s, d\u0117l galimai prira\u0161yt\u0173 atliek\u0173 kieki\u0173. Niekas naujojoje vald\u017eios koalicijoje ir neketina ginti vie\u0161ojo intereso: nustatyti kaltus d\u0117l prastos kontrol\u0117s ir galimo atliek\u0173 tvarkytoj\u0173 piktnaud\u017eiavimo padidinant atliek\u0173 kiekius, u\u017e kuriuos sumok\u0117ti reikia i\u0161 rajono biud\u017eeto.<\/p>\n<p>R.Ambrozaitis pripa\u017eino, kad \u017einiasklaidinink\u0173 metami priekai\u0161tai d\u0117l atliek\u0173 tvarkymo nesklandum\u0173 skiriami ir jam asmeni\u0161kai. Ankstesn\u0117s valdan\u010diosios daugumos Savivaldyb\u0117s administracijoje jis dirbo direktoriaus pavaduotoju ir tur\u0117jo daugiau d\u0117mesio skirti \u0161iai problemai.<\/p>\n<p>Ta\u010diau R.Ambrozaitis mano, kad vis\u0173 nesklandum\u0173 prie\u017eastis buvo tuometin\u0117s administracijos direktor\u0117s Idos Vasiljevien\u0117s vadybinio darbo tr\u016bkumai: ji neva nenurod\u0117, kas kokius darbus turi organizuoti, kas k\u0105 turi kontroliuoti.<\/p>\n<p><strong>Try\u0161ko optimizmu<\/strong><\/p>\n<p>Diskusijose apie galimas Savivaldyb\u0117s investicijas mer\u0117s pavaduotojas Algirdas Bal\u010dytis sak\u0117 tvirtai tikintis, kad jam pavyks organizuoti naujo sporto komplekso statyb\u0105 \u0160ilut\u0117je. Jis kaltino buvusius rajono vadovus, kad i\u0161 anksto nebuvo rengiami investiciniai projektai.<\/p>\n<p>Ekonomikos ir finans\u0173 komiteto pirmininkas A.Jakas sak\u0117, kad jau kit\u0173 met\u0173 prad\u017eioje bus paskelbtas galim\u0173 investicini\u0173 projekt\u0173 s\u0105ra\u0161as, kuriuos tur\u0117s ruo\u0161ti Savivaldyb\u0117s administracija.<\/p>\n<p>Politikai nepraranda optimizmo \u012fgyvendinti daugiau investicini\u0173 projekt\u0173, nors jau \u017eino, jog kit\u0173 met\u0173 \u0160ilut\u0117s rajono investicijoms valstyb\u0117 planuoja skirti tik 400 t\u016bkst. Lt.&nbsp; Politikai ketina belstis \u012f visus \u012fmanomus paramos fondus.<\/p>\n","protected":false},"excerpt":{"rendered":"<p>Pus\u0119 met\u0173 rajonui vadovaujan\u010dios valdan\u010diosios daugumos frakcij\u0173 vadovai &#8211; liberals\u0105j\u016bdietis Edvardas Vitkauskas, konservatorius \u0160ar\u016bnas Lau\u017eikas, socialdemokrat\u0173 skyriaus pirmininkas Alvidas \u0160imelionis, liberalcentristas Steponas Kazlauskas, S\u0105jungos TAIP \u0160ilut\u0117s lyderis Arvydas Jakas bei buvusi \u201etvarkiet\u0117\u201c, rajono mer\u0117 Daiva \u017debelien\u0117 spaudos konferencijoje sak\u0117, kad iki \u0161iol i\u0161liko vieningi, ir paneig\u0117 gandus, jog koalicija gali i\u0161irti. Buvusieji vis dar kalti [&hellip;]<\/p>\n","protected":false},"author":1,"featured_media":0,"comment_status":"open","ping_status":"open","sticky":false,"template":"","format":"standard","meta":{"footnotes":""},"categories":[2],"tags":[],"class_list":{"0":"post-14106","1":"post","2":"type-post","3":"status-publish","4":"format-standard","6":"category-aktualijos"},"yoast_head":"<!-- This site is optimized with the Yoast SEO plugin v27.5 - https:\/\/yoast.com\/product\/yoast-seo-wordpress\/ -->\n<title>Vald\u017eia po pusme\u010dio - dar vis vieninga - \u0160ilut\u0117s naujienos<\/title>\n<meta name=\"robots\" content=\"index, follow, max-snippet:-1, max-image-preview:large, max-video-preview:-1\" \/>\n<link rel=\"canonical\" href=\"https:\/\/www.silutesnaujienos.lt\/lt\/valdzia-po-pusmecio-dar-vis-vieninga\/\" \/>\n<meta property=\"og:locale\" content=\"lt_LT\" \/>\n<meta property=\"og:type\" content=\"article\" \/>\n<meta property=\"og:title\" content=\"Vald\u017eia po pusme\u010dio - dar vis vieninga - \u0160ilut\u0117s naujienos\" \/>\n<meta property=\"og:description\" content=\"Pus\u0119 met\u0173 rajonui vadovaujan\u010dios valdan\u010diosios daugumos frakcij\u0173 vadovai &#8211; liberals\u0105j\u016bdietis Edvardas Vitkauskas, konservatorius \u0160ar\u016bnas Lau\u017eikas, socialdemokrat\u0173 skyriaus pirmininkas Alvidas \u0160imelionis, liberalcentristas Steponas Kazlauskas, S\u0105jungos TAIP \u0160ilut\u0117s lyderis Arvydas Jakas bei buvusi \u201etvarkiet\u0117\u201c, rajono mer\u0117 Daiva \u017debelien\u0117 spaudos konferencijoje sak\u0117, kad iki \u0161iol i\u0161liko vieningi, ir paneig\u0117 gandus, jog koalicija gali i\u0161irti. Buvusieji vis dar kalti [&hellip;]\" \/>\n<meta property=\"og:url\" content=\"https:\/\/www.silutesnaujienos.lt\/lt\/valdzia-po-pusmecio-dar-vis-vieninga\/\" \/>\n<meta property=\"og:site_name\" content=\"\u0160ilut\u0117s naujienos\" \/>\n<meta property=\"article:publisher\" content=\"https:\/\/www.facebook.com\/silutes.naujienos\/\" \/>\n<meta property=\"article:published_time\" content=\"2012-12-19T16:49:09+00:00\" \/>\n<meta property=\"og:image\" content=\"\/\/silutesnaujienos.lt\/images\/stories\/2012\/12\/18\/thumbnails\/thumb_VALDZIOS.jpg\" \/>\n<meta name=\"author\" content=\"\u0160ilut\u0117s naujien\u0173 inf.\" \/>\n<meta name=\"twitter:card\" content=\"summary_large_image\" \/>\n<meta name=\"twitter:label1\" content=\"Written by\" \/>\n\t<meta name=\"twitter:data1\" content=\"\u0160ilut\u0117s naujien\u0173 inf.\" \/>\n\t<meta name=\"twitter:label2\" content=\"Est. reading time\" \/>\n\t<meta name=\"twitter:data2\" content=\"5 minut\u0117s\" \/>\n<script type=\"application\/ld+json\" class=\"yoast-schema-graph\">{\"@context\":\"https:\\\/\\\/schema.org\",\"@graph\":[{\"@type\":\"Article\",\"@id\":\"https:\\\/\\\/www.silutesnaujienos.lt\\\/lt\\\/valdzia-po-pusmecio-dar-vis-vieninga\\\/#article\",\"isPartOf\":{\"@id\":\"https:\\\/\\\/www.silutesnaujienos.lt\\\/lt\\\/valdzia-po-pusmecio-dar-vis-vieninga\\\/\"},\"author\":{\"name\":\"\u0160ilut\u0117s naujien\u0173 inf.\",\"@id\":\"https:\\\/\\\/www.silutesnaujienos.lt\\\/lt\\\/#\\\/schema\\\/person\\\/232f475ddd4a7b5f49b3abc788b17e83\"},\"headline\":\"Vald\u017eia po pusme\u010dio &#8211; dar vis vieninga\",\"datePublished\":\"2012-12-19T16:49:09+00:00\",\"mainEntityOfPage\":{\"@id\":\"https:\\\/\\\/www.silutesnaujienos.lt\\\/lt\\\/valdzia-po-pusmecio-dar-vis-vieninga\\\/\"},\"wordCount\":1089,\"commentCount\":0,\"publisher\":{\"@id\":\"https:\\\/\\\/www.silutesnaujienos.lt\\\/lt\\\/#organization\"},\"articleSection\":[\"Aktualijos\"],\"inLanguage\":\"lt-LT\",\"potentialAction\":[{\"@type\":\"CommentAction\",\"name\":\"Comment\",\"target\":[\"https:\\\/\\\/www.silutesnaujienos.lt\\\/lt\\\/valdzia-po-pusmecio-dar-vis-vieninga\\\/#respond\"]}]},{\"@type\":\"WebPage\",\"@id\":\"https:\\\/\\\/www.silutesnaujienos.lt\\\/lt\\\/valdzia-po-pusmecio-dar-vis-vieninga\\\/\",\"url\":\"https:\\\/\\\/www.silutesnaujienos.lt\\\/lt\\\/valdzia-po-pusmecio-dar-vis-vieninga\\\/\",\"name\":\"Vald\u017eia po pusme\u010dio - dar vis vieninga - \u0160ilut\u0117s naujienos\",\"isPartOf\":{\"@id\":\"https:\\\/\\\/www.silutesnaujienos.lt\\\/lt\\\/#website\"},\"datePublished\":\"2012-12-19T16:49:09+00:00\",\"breadcrumb\":{\"@id\":\"https:\\\/\\\/www.silutesnaujienos.lt\\\/lt\\\/valdzia-po-pusmecio-dar-vis-vieninga\\\/#breadcrumb\"},\"inLanguage\":\"lt-LT\",\"potentialAction\":[{\"@type\":\"ReadAction\",\"target\":[\"https:\\\/\\\/www.silutesnaujienos.lt\\\/lt\\\/valdzia-po-pusmecio-dar-vis-vieninga\\\/\"]}]},{\"@type\":\"BreadcrumbList\",\"@id\":\"https:\\\/\\\/www.silutesnaujienos.lt\\\/lt\\\/valdzia-po-pusmecio-dar-vis-vieninga\\\/#breadcrumb\",\"itemListElement\":[{\"@type\":\"ListItem\",\"position\":1,\"name\":\"Home\",\"item\":\"https:\\\/\\\/www.silutesnaujienos.lt\\\/lt\\\/\"},{\"@type\":\"ListItem\",\"position\":2,\"name\":\"Vald\u017eia po pusme\u010dio &#8211; dar vis vieninga\"}]},{\"@type\":\"WebSite\",\"@id\":\"https:\\\/\\\/www.silutesnaujienos.lt\\\/lt\\\/#website\",\"url\":\"https:\\\/\\\/www.silutesnaujienos.lt\\\/lt\\\/\",\"name\":\"\u0160ilut\u0117s naujienos\",\"description\":\"B\u016bk ant naujien\u0173 bangos!\",\"publisher\":{\"@id\":\"https:\\\/\\\/www.silutesnaujienos.lt\\\/lt\\\/#organization\"},\"potentialAction\":[{\"@type\":\"SearchAction\",\"target\":{\"@type\":\"EntryPoint\",\"urlTemplate\":\"https:\\\/\\\/www.silutesnaujienos.lt\\\/lt\\\/?s={search_term_string}\"},\"query-input\":{\"@type\":\"PropertyValueSpecification\",\"valueRequired\":true,\"valueName\":\"search_term_string\"}}],\"inLanguage\":\"lt-LT\"},{\"@type\":\"Organization\",\"@id\":\"https:\\\/\\\/www.silutesnaujienos.lt\\\/lt\\\/#organization\",\"name\":\"\u0160ilut\u0117s naujienos\",\"url\":\"https:\\\/\\\/www.silutesnaujienos.lt\\\/lt\\\/\",\"logo\":{\"@type\":\"ImageObject\",\"inLanguage\":\"lt-LT\",\"@id\":\"https:\\\/\\\/www.silutesnaujienos.lt\\\/lt\\\/#\\\/schema\\\/logo\\\/image\\\/\",\"url\":\"https:\\\/\\\/www.silutesnaujienos.lt\\\/lt\\\/wp-content\\\/uploads\\\/2020\\\/06\\\/FB_MAIN.jpg\",\"contentUrl\":\"https:\\\/\\\/www.silutesnaujienos.lt\\\/lt\\\/wp-content\\\/uploads\\\/2020\\\/06\\\/FB_MAIN.jpg\",\"width\":1700,\"height\":956,\"caption\":\"\u0160ilut\u0117s naujienos\"},\"image\":{\"@id\":\"https:\\\/\\\/www.silutesnaujienos.lt\\\/lt\\\/#\\\/schema\\\/logo\\\/image\\\/\"},\"sameAs\":[\"https:\\\/\\\/www.facebook.com\\\/silutes.naujienos\\\/\",\"https:\\\/\\\/www.youtube.com\\\/channel\\\/UCxW-cgrJDt8GxIMxSTAfJZg\"]},{\"@type\":\"Person\",\"@id\":\"https:\\\/\\\/www.silutesnaujienos.lt\\\/lt\\\/#\\\/schema\\\/person\\\/232f475ddd4a7b5f49b3abc788b17e83\",\"name\":\"\u0160ilut\u0117s naujien\u0173 inf.\",\"image\":{\"@type\":\"ImageObject\",\"inLanguage\":\"lt-LT\",\"@id\":\"https:\\\/\\\/www.silutesnaujienos.lt\\\/lt\\\/wp-content\\\/uploads\\\/2020\\\/06\\\/favicon.png\",\"url\":\"https:\\\/\\\/www.silutesnaujienos.lt\\\/lt\\\/wp-content\\\/uploads\\\/2020\\\/06\\\/favicon.png\",\"contentUrl\":\"https:\\\/\\\/www.silutesnaujienos.lt\\\/lt\\\/wp-content\\\/uploads\\\/2020\\\/06\\\/favicon.png\",\"caption\":\"\u0160ilut\u0117s naujien\u0173 inf.\"},\"sameAs\":[\"https:\\\/\\\/www.silutesnaujienos.lt\\\/lt\"],\"url\":\"https:\\\/\\\/www.silutesnaujienos.lt\\\/lt\\\/author\\\/ruta\\\/\"}]}<\/script>\n<!-- \/ Yoast SEO plugin. -->","yoast_head_json":{"title":"Vald\u017eia po pusme\u010dio - dar vis vieninga - \u0160ilut\u0117s naujienos","robots":{"index":"index","follow":"follow","max-snippet":"max-snippet:-1","max-image-preview":"max-image-preview:large","max-video-preview":"max-video-preview:-1"},"canonical":"https:\/\/www.silutesnaujienos.lt\/lt\/valdzia-po-pusmecio-dar-vis-vieninga\/","og_locale":"lt_LT","og_type":"article","og_title":"Vald\u017eia po pusme\u010dio - dar vis vieninga - \u0160ilut\u0117s naujienos","og_description":"Pus\u0119 met\u0173 rajonui vadovaujan\u010dios valdan\u010diosios daugumos frakcij\u0173 vadovai &#8211; liberals\u0105j\u016bdietis Edvardas Vitkauskas, konservatorius \u0160ar\u016bnas Lau\u017eikas, socialdemokrat\u0173 skyriaus pirmininkas Alvidas \u0160imelionis, liberalcentristas Steponas Kazlauskas, S\u0105jungos TAIP \u0160ilut\u0117s lyderis Arvydas Jakas bei buvusi \u201etvarkiet\u0117\u201c, rajono mer\u0117 Daiva \u017debelien\u0117 spaudos konferencijoje sak\u0117, kad iki \u0161iol i\u0161liko vieningi, ir paneig\u0117 gandus, jog koalicija gali i\u0161irti. Buvusieji vis dar kalti [&hellip;]","og_url":"https:\/\/www.silutesnaujienos.lt\/lt\/valdzia-po-pusmecio-dar-vis-vieninga\/","og_site_name":"\u0160ilut\u0117s naujienos","article_publisher":"https:\/\/www.facebook.com\/silutes.naujienos\/","article_published_time":"2012-12-19T16:49:09+00:00","og_image":[{"url":"\/\/silutesnaujienos.lt\/images\/stories\/2012\/12\/18\/thumbnails\/thumb_VALDZIOS.jpg","type":"","width":"","height":""}],"author":"\u0160ilut\u0117s naujien\u0173 inf.","twitter_card":"summary_large_image","twitter_misc":{"Written by":"\u0160ilut\u0117s naujien\u0173 inf.","Est. reading time":"5 minut\u0117s"},"schema":{"@context":"https:\/\/schema.org","@graph":[{"@type":"Article","@id":"https:\/\/www.silutesnaujienos.lt\/lt\/valdzia-po-pusmecio-dar-vis-vieninga\/#article","isPartOf":{"@id":"https:\/\/www.silutesnaujienos.lt\/lt\/valdzia-po-pusmecio-dar-vis-vieninga\/"},"author":{"name":"\u0160ilut\u0117s naujien\u0173 inf.","@id":"https:\/\/www.silutesnaujienos.lt\/lt\/#\/schema\/person\/232f475ddd4a7b5f49b3abc788b17e83"},"headline":"Vald\u017eia po pusme\u010dio &#8211; dar vis vieninga","datePublished":"2012-12-19T16:49:09+00:00","mainEntityOfPage":{"@id":"https:\/\/www.silutesnaujienos.lt\/lt\/valdzia-po-pusmecio-dar-vis-vieninga\/"},"wordCount":1089,"commentCount":0,"publisher":{"@id":"https:\/\/www.silutesnaujienos.lt\/lt\/#organization"},"articleSection":["Aktualijos"],"inLanguage":"lt-LT","potentialAction":[{"@type":"CommentAction","name":"Comment","target":["https:\/\/www.silutesnaujienos.lt\/lt\/valdzia-po-pusmecio-dar-vis-vieninga\/#respond"]}]},{"@type":"WebPage","@id":"https:\/\/www.silutesnaujienos.lt\/lt\/valdzia-po-pusmecio-dar-vis-vieninga\/","url":"https:\/\/www.silutesnaujienos.lt\/lt\/valdzia-po-pusmecio-dar-vis-vieninga\/","name":"Vald\u017eia po pusme\u010dio - dar vis vieninga - \u0160ilut\u0117s naujienos","isPartOf":{"@id":"https:\/\/www.silutesnaujienos.lt\/lt\/#website"},"datePublished":"2012-12-19T16:49:09+00:00","breadcrumb":{"@id":"https:\/\/www.silutesnaujienos.lt\/lt\/valdzia-po-pusmecio-dar-vis-vieninga\/#breadcrumb"},"inLanguage":"lt-LT","potentialAction":[{"@type":"ReadAction","target":["https:\/\/www.silutesnaujienos.lt\/lt\/valdzia-po-pusmecio-dar-vis-vieninga\/"]}]},{"@type":"BreadcrumbList","@id":"https:\/\/www.silutesnaujienos.lt\/lt\/valdzia-po-pusmecio-dar-vis-vieninga\/#breadcrumb","itemListElement":[{"@type":"ListItem","position":1,"name":"Home","item":"https:\/\/www.silutesnaujienos.lt\/lt\/"},{"@type":"ListItem","position":2,"name":"Vald\u017eia po pusme\u010dio &#8211; dar vis vieninga"}]},{"@type":"WebSite","@id":"https:\/\/www.silutesnaujienos.lt\/lt\/#website","url":"https:\/\/www.silutesnaujienos.lt\/lt\/","name":"\u0160ilut\u0117s naujienos","description":"B\u016bk ant naujien\u0173 bangos!","publisher":{"@id":"https:\/\/www.silutesnaujienos.lt\/lt\/#organization"},"potentialAction":[{"@type":"SearchAction","target":{"@type":"EntryPoint","urlTemplate":"https:\/\/www.silutesnaujienos.lt\/lt\/?s={search_term_string}"},"query-input":{"@type":"PropertyValueSpecification","valueRequired":true,"valueName":"search_term_string"}}],"inLanguage":"lt-LT"},{"@type":"Organization","@id":"https:\/\/www.silutesnaujienos.lt\/lt\/#organization","name":"\u0160ilut\u0117s naujienos","url":"https:\/\/www.silutesnaujienos.lt\/lt\/","logo":{"@type":"ImageObject","inLanguage":"lt-LT","@id":"https:\/\/www.silutesnaujienos.lt\/lt\/#\/schema\/logo\/image\/","url":"https:\/\/www.silutesnaujienos.lt\/lt\/wp-content\/uploads\/2020\/06\/FB_MAIN.jpg","contentUrl":"https:\/\/www.silutesnaujienos.lt\/lt\/wp-content\/uploads\/2020\/06\/FB_MAIN.jpg","width":1700,"height":956,"caption":"\u0160ilut\u0117s naujienos"},"image":{"@id":"https:\/\/www.silutesnaujienos.lt\/lt\/#\/schema\/logo\/image\/"},"sameAs":["https:\/\/www.facebook.com\/silutes.naujienos\/","https:\/\/www.youtube.com\/channel\/UCxW-cgrJDt8GxIMxSTAfJZg"]},{"@type":"Person","@id":"https:\/\/www.silutesnaujienos.lt\/lt\/#\/schema\/person\/232f475ddd4a7b5f49b3abc788b17e83","name":"\u0160ilut\u0117s naujien\u0173 inf.","image":{"@type":"ImageObject","inLanguage":"lt-LT","@id":"https:\/\/www.silutesnaujienos.lt\/lt\/wp-content\/uploads\/2020\/06\/favicon.png","url":"https:\/\/www.silutesnaujienos.lt\/lt\/wp-content\/uploads\/2020\/06\/favicon.png","contentUrl":"https:\/\/www.silutesnaujienos.lt\/lt\/wp-content\/uploads\/2020\/06\/favicon.png","caption":"\u0160ilut\u0117s naujien\u0173 inf."},"sameAs":["https:\/\/www.silutesnaujienos.lt\/lt"],"url":"https:\/\/www.silutesnaujienos.lt\/lt\/author\/ruta\/"}]}},"publishpress_future_workflow_manual_trigger":{"enabledWorkflows":[]},"amp_enabled":true,"_links":{"self":[{"href":"https:\/\/www.silutesnaujienos.lt\/lt\/wp-json\/wp\/v2\/posts\/14106","targetHints":{"allow":["GET"]}}],"collection":[{"href":"https:\/\/www.silutesnaujienos.lt\/lt\/wp-json\/wp\/v2\/posts"}],"about":[{"href":"https:\/\/www.silutesnaujienos.lt\/lt\/wp-json\/wp\/v2\/types\/post"}],"author":[{"embeddable":true,"href":"https:\/\/www.silutesnaujienos.lt\/lt\/wp-json\/wp\/v2\/users\/1"}],"replies":[{"embeddable":true,"href":"https:\/\/www.silutesnaujienos.lt\/lt\/wp-json\/wp\/v2\/comments?post=14106"}],"version-history":[{"count":0,"href":"https:\/\/www.silutesnaujienos.lt\/lt\/wp-json\/wp\/v2\/posts\/14106\/revisions"}],"wp:attachment":[{"href":"https:\/\/www.silutesnaujienos.lt\/lt\/wp-json\/wp\/v2\/media?parent=14106"}],"wp:term":[{"taxonomy":"category","embeddable":true,"href":"https:\/\/www.silutesnaujienos.lt\/lt\/wp-json\/wp\/v2\/categories?post=14106"},{"taxonomy":"post_tag","embeddable":true,"href":"https:\/\/www.silutesnaujienos.lt\/lt\/wp-json\/wp\/v2\/tags?post=14106"}],"curies":[{"name":"wp","href":"https:\/\/api.w.org\/{rel}","templated":true}]}}