{"id":14107,"date":"2012-12-21T13:00:00","date_gmt":"2012-12-21T15:00:00","guid":{"rendered":"https:\/\/www.silutesnaujienos.lt\/lt\/seimo-vicepirmininkui-k-komskiui-susnis-prasymu\/"},"modified":"2012-12-21T13:00:00","modified_gmt":"2012-12-21T15:00:00","slug":"seimo-vicepirmininkui-k-komskiui-susnis-prasymu","status":"publish","type":"post","link":"https:\/\/www.silutesnaujienos.lt\/lt\/seimo-vicepirmininkui-k-komskiui-susnis-prasymu\/","title":{"rendered":"Seimo vicepirmininkui K.Komskiui &#8211; \u0161\u016bsnis pra\u0161ym\u0173"},"content":{"rendered":"<p><strong><a class=\"jcepopup\" target=\"_blank\" rel=\"caption[Did\u0161ili\u0173 kaimo gyventojai nepatenkinti v\u0117jo j\u0117gaini\u0173 parko keliamu triuk\u0161mu ir \u017eem\u0117s vibracija, jie sak\u0117 jau pajut\u0119 neigiam\u0105 poveik\u012f sveikatai.] noopener noreferrer\" href=\"\/\/silutesnaujienos.lt\/images\/stories\/2012\/12\/18\/KOMSKIO_1.jpg\" data-rel=\"lightbox-gallery-QNfy2kQO\" data-rl_title=\"\" data-rl_caption=\"\"><img loading=\"lazy\" decoding=\"async\" style=\"margin: 5px; float: left;\" class=\"caption\" title=\"\" alt=\"KOMSKIO 1\" src=\"\/\/silutesnaujienos.lt\/images\/stories\/2012\/12\/18\/thumbnails\/thumb_KOMSKIO_1.jpg\" height=\"230\" width=\"307\" \/><\/a>Pirm\u0105 kart\u0105 kaip Seimo pirmininko pavaduotojas \u012f \u0160ilut\u0119 atvyk\u0119s K\u0119stas Komskis i\u0161 m\u016bs\u0173 miesto i\u0161sive\u017e\u0117 nema\u017e\u0105 pluo\u0161t\u0105 skund\u0173.<\/strong><\/p>\n<p><strong> Vald\u017eios kei\u010diasi, ta\u010diau \u017emoni\u0173 problemos i\u0161lieka bema\u017e nepakitusios: v\u0117jo j\u0117gaini\u0173 parkai sudark\u0117 ram\u0173 gyvenim\u0105, \u017eem\u0117tvarkininkai abejotinai tvarko \u017eem\u0117s sklypus, Savivaldyb\u0117s \u0161ilumos \u012fmon\u0117 reketuoja \u017emones u\u017e nesuteikt\u0105 paslaug\u0105. <\/strong><\/p>\n<p><strong>Tuo K.Komskiui skund\u0117si rajono gyventojai.<\/strong><\/p>\n<p><strong>V\u0117jo j\u0117gain\u0117s trukdo gyventi<\/strong><\/p>\n<p>\u016akininkas Alfonsas Balnys i\u0161 Did\u0161ili\u0173 kaimo \u012f susitikim\u0105 su Seimo pirmininko pavaduotoju K.Komskiu atvyko su savo \u0161eima ir kaimynais. Parlamentarui jis \u012fteik\u0117 ra\u0161t\u0105 d\u0117l nuoskaudos, kuri\u0105 patiria nuo to laiko, kai \u0161i\u0173 met\u0173 spalio m\u0117nes\u012f prad\u0117jo veikti v\u0117jo j\u0117gain\u0117s. Pasak A.Balnio, jau antras m\u0117nuo jo \u0161eima ir kaimynai negali normaliai pails\u0117ti nei dien\u0105, nei nakt\u012f.<\/p>\n<p>Artimiausia v\u0117jo j\u0117gain\u0117 nuo jo nam\u0173 yra vos u\u017e 600 metr\u0173. Visi jau\u010dia ne tik nuolatin\u012f gausm\u0105, bet ir vibruojan\u010di\u0105 \u017eem\u0119.<\/p>\n<p>K.Komskiui \u017emon\u0117s pasakojo, kad jiems d\u0117l v\u0117jo j\u0117gaini\u0173 poveikio nuolat skauda galv\u0105, ausis, padid\u0117jo kraujosp\u016bdis. A.Balnys sak\u0117, kad viena jo karv\u0117 atsived\u0117 negyv\u0105 ver\u0161iuk\u0105. \u0160i\u0105 nelaim\u0119 jis irgi sieja su v\u0117jo j\u0117gaini\u0173 poveikiu.<\/p>\n<p>\u0160alia Did\u0161ili\u0173 kaimo veikia tik pirmos 4 v\u0117jo j\u0117gain\u0117s, netrukus tur\u0117t\u0173 b\u016bti paleistos dar 5. \u201eKoki\u0173 padarini\u0173 dar sulauksime?\u201c &#8211; bevilti\u0161kai klaus\u0117 did\u0161ili\u0161kiai K.Komskio.<\/p>\n<p>A.Balnys Did\u0161ili\u0173 kaime \u016bkininkauja nuo 1992 met\u0173, valdo per 60 ha \u017eem\u0117s ir sak\u0117 nenorintis apleisti savo \u016bkio ir sodybos d\u0117l svetimo verslo.<\/p>\n<p>Kita jauna \u0161eima i\u0161 Did\u0161ili\u0173 kaimo irgi nepatenkinta v\u0117jo j\u0117gaini\u0173 kaimynyste. \u017dmon\u0117s sunerim\u0119 ne tik d\u0117l savo gyvenimo \u0161alia v\u0117jo j\u0117gaini\u0173, bet ir d\u0117l galimos \u017ealos Valstybei. Sutuoktiniai tvirtina \u017einantys, kad v\u0117jo j\u0117gaini\u0173 statytojai n\u0117ra suderin\u0119 v\u0117jo j\u0117gaini\u0173 parko projekto su Kra\u0161to apsaugos ministerija.<\/p>\n<p>Jie \u017eino, kad netoli Did\u0161ili\u0173 planuojami statyti pasienio apsaugos oro erdv\u0117s tyrim\u0173 radarai, kuri\u0173 veikla bus netiksli d\u0117l v\u0117jo j\u0117gaini\u0173 skleid\u017eiam\u0173 trukd\u017ei\u0173.<\/p>\n<p>\u0160i did\u0161ili\u0161ki\u0173 \u0161eima Seimo pirmininko pavaduotojui \u012fteik\u0117 pra\u0161ym\u0105 i\u0161siai\u0161kinti, ar Did\u0161ili\u0173 v\u0117jo j\u0117gaini\u0173 parkas veiks teis\u0117tai ir ar \u012fstatym\u0173 spragomis pasinaudoj\u0119 verslininkai nepadarys \u017ealos ir valstybei. Jie mano, kad valstyb\u0117 negal\u0117s tinkamai pasinaudoti gauta milijonine parama ir apsaugoti pasienio oro erdv\u0119.<\/p>\n<p><strong>Apipl\u0117\u0161in\u0117ja \u201e\u0160ilut\u0117s \u0161ilumos tinklai\u201c<\/strong><\/p>\n<p>Rusni\u0161kis Algis Macas K.Komskiui \u012fteik\u0117 savo ir dar 6 kaimyn\u0173 pasira\u0161yt\u0105 ra\u0161t\u0105 d\u0117l savivaldyb\u0117s \u012fmon\u0117s \u201e\u0160ilut\u0117s \u0161ilumos tinklai\u201c galimai neteis\u0117tos veiklos.<\/p>\n<p>\u017dmon\u0117s, gyvenantys daugiabu\u010diame name, Donelai\u010dio g. 7, Rusn\u0117je, nesinaudoja centralizuotai tiekiama \u0161iluma bei kar\u0161tu vandeniu. Ta\u010diau nuo \u0161i\u0173 met\u0173 spalio m\u0117nesio \u201e\u0160ilut\u0117s \u0161ilumos tinklai\u201c prad\u0117jo si\u0173sti s\u0105skaitas u\u017e bendro naudojimo patalp\u0173 (koridori\u0173) \u0161ildym\u0105 ir net u\u017e kar\u0161to vandens vamzdyn\u0173 prie\u017ei\u016br\u0105.<\/p>\n<p>A.Macas sak\u0117, kad daug met\u0173 \u0161io namo gyventojai nesinaudoja \u0160ilut\u0117s \u0161ilumos tiek\u0117j\u0173 paslaugomis ir neketina apmok\u0117ti s\u0105skait\u0173 u\u017e paslaugas, kuri\u0173 jie nepra\u0161o ir kuri\u0173 bendrov\u0117 nesuteikia. Pasak A.Maco, \u017emon\u0117s toki\u0105 Savivaldyb\u0117s \u012fmon\u0117s veikl\u0105 vertina kaip apipl\u0117\u0161in\u0117jim\u0105.<\/p>\n<p>Jis jau pateik\u0117 protesto ra\u0161t\u0105 \u201e\u0160ilut\u0117s \u0161ilumos tinkl\u0173\u201c direktoriui Algiui \u0160auliui, skund\u0117si rajono merei Daivai \u017debelienei ir jos pavaduotojui Algirdui Bal\u010dy\u010diui, ta\u010diau s\u0105skaitos u\u017e nesuteiktas paslaugas kaip plauk\u0117, taip tebeplaukia.<\/p>\n<p>Pa\u017ead\u0117ta i\u0161siai\u0161kinti ir rusni\u0161ki\u0173 reketavimo problem\u0105. K.Komskio nuomone, taisytinas centralizuotai tiekiamos \u0161ilumos \u012fstatymas ir jo nuostatos, \u012fpareigojan\u010dios visus namo gyventojus mok\u0117ti u\u017e bendro naudojimo patalp\u0173 \u0161ildym\u0105 bei kar\u0161to vandens vamzdyn\u0173 prie\u017ei\u016br\u0105.<\/p>\n<p>Pasak Seimo pirmininko pavaduotojo, \u012fstatyme n\u0117ra aplinkyb\u0117s, kaip turi b\u016bti pasielgta, jeigu yra daugiabu\u010dio namo but\u0173 savinink\u0173, kurie paslaugomis nesinaudoja, nes jos n\u0117ra teikiamos.<\/p>\n<p><strong>Pa\u017ead\u0117jo pad\u0117ti<\/strong><\/p>\n<p><a target=\"_blank\" rel=\"caption[Rusni\u0161kis A.Macas Seimo pirmininko pavaduotojo K.Komskio pra\u0161\u0117 pad\u0117ti apsisaugoti nuo \u201e\u0160ilut\u0117s \u0161ilumos tinkl\u0173\u201c s\u0105skait\u0173 u\u017e paslaugas, kuri\u0173 \u012fmon\u0117 neteikia ir gyventojai j\u0173 nepageidauja.] noopener noreferrer\" class=\"jcepopup\" href=\"\/\/silutesnaujienos.lt\/images\/stories\/2012\/12\/18\/KOMSKIO_2.jpg\" data-rel=\"lightbox-gallery-QNfy2kQO\" data-rl_title=\"\" data-rl_caption=\"\"><img loading=\"lazy\" decoding=\"async\" style=\"margin: 5px; float: right;\" class=\"caption\" title=\"\" alt=\"KOMSKIO 2\" src=\"\/\/silutesnaujienos.lt\/images\/stories\/2012\/12\/18\/thumbnails\/thumb_KOMSKIO_2.jpg\" height=\"230\" width=\"307\" \/><\/a>Keli gyventojai atsine\u0161\u0117 pluo\u0161tus dokument\u0173, kuriais \u012frodin\u0117jo, kad \u017eem\u0117tvarkininkai neteisingai atmatavo sklypus prie \u016bkini\u0173 pastat\u0173. \u017dem\u0117, kuria jie naudojosi nuo sen\u0173 laik\u0173, paskirta i\u0161 ne\u017einia kur atsiradusiems \u017emon\u0117ms.<\/p>\n<p>Vienas vyri\u0161kis guod\u0117si, kad baigia sveikat\u0105 prarasti, bandydamas \u012fveikti visus biurokratinius trukd\u017eius, kad \u012fteisint\u0173 \u017eem\u0117s nuosavyb\u0119, nes sklypai buvoregistruoti dabar jau mirusios \u017emonos vardu.<\/p>\n<p>K.Komskis i\u0161klaus\u0117 skundus, surinko sune\u0161tus ra\u0161tus ir pa\u017ead\u0117jo kartu su pad\u0117j\u0117jais i\u0161siai\u0161kinti visas i\u0161sakytas problemas. Jo nuomone, Did\u0161ili\u0173 kaimo gyventojams bus sunku \u012fveikti v\u0117jo j\u0117gaini\u0173 parko valdytojus, kad jie i\u0161keldint\u0173 savo j\u0117gaines.<\/p>\n<p>Ta\u010diau jis mano, kad kaimo \u017emon\u0117s turi teis\u0119 gauti param\u0105, kad b\u016bt\u0173 suma\u017eintas v\u0117jo j\u0117gaini\u0173 veiklos poveikis: sud\u0117ti sandar\u016bs langai, imtasi vibracijos ma\u017einimo priemoni\u0173.<\/p>\n<p>Kalb\u0117damas apie skundus d\u0117l \u017eem\u0117s sklyp\u0173 projektavimo ir \u012fteisinimo, K.Komskis sak\u0117, kad jau pra\u0117jusi\u0105 kadencij\u0105 gilinosi \u012f \u0160ilut\u0117s \u017eem\u0117tvarkinink\u0173 darbo tr\u016bkumus, tod\u0117l turi nema\u017eai patirties \u0161iuo klausimu.<\/p>\n","protected":false},"excerpt":{"rendered":"<p>Pirm\u0105 kart\u0105 kaip Seimo pirmininko pavaduotojas \u012f \u0160ilut\u0119 atvyk\u0119s K\u0119stas Komskis i\u0161 m\u016bs\u0173 miesto i\u0161sive\u017e\u0117 nema\u017e\u0105 pluo\u0161t\u0105 skund\u0173. Vald\u017eios kei\u010diasi, ta\u010diau \u017emoni\u0173 problemos i\u0161lieka bema\u017e nepakitusios: v\u0117jo j\u0117gaini\u0173 parkai sudark\u0117 ram\u0173 gyvenim\u0105, \u017eem\u0117tvarkininkai abejotinai tvarko \u017eem\u0117s sklypus, Savivaldyb\u0117s \u0161ilumos \u012fmon\u0117 reketuoja \u017emones u\u017e nesuteikt\u0105 paslaug\u0105. Tuo K.Komskiui skund\u0117si rajono gyventojai. V\u0117jo j\u0117gain\u0117s trukdo gyventi \u016akininkas [&hellip;]<\/p>\n","protected":false},"author":1,"featured_media":0,"comment_status":"open","ping_status":"open","sticky":false,"template":"","format":"standard","meta":{"footnotes":""},"categories":[2],"tags":[],"class_list":{"0":"post-14107","1":"post","2":"type-post","3":"status-publish","4":"format-standard","6":"category-aktualijos"},"yoast_head":"<!-- This site is optimized with the Yoast SEO plugin v27.5 - https:\/\/yoast.com\/product\/yoast-seo-wordpress\/ -->\n<title>Seimo vicepirmininkui K.Komskiui - \u0161\u016bsnis pra\u0161ym\u0173 - \u0160ilut\u0117s naujienos<\/title>\n<meta name=\"robots\" content=\"index, follow, max-snippet:-1, max-image-preview:large, max-video-preview:-1\" \/>\n<link rel=\"canonical\" href=\"https:\/\/www.silutesnaujienos.lt\/lt\/seimo-vicepirmininkui-k-komskiui-susnis-prasymu\/\" \/>\n<meta property=\"og:locale\" content=\"lt_LT\" \/>\n<meta property=\"og:type\" content=\"article\" \/>\n<meta property=\"og:title\" content=\"Seimo vicepirmininkui K.Komskiui - \u0161\u016bsnis pra\u0161ym\u0173 - \u0160ilut\u0117s naujienos\" \/>\n<meta property=\"og:description\" content=\"Pirm\u0105 kart\u0105 kaip Seimo pirmininko pavaduotojas \u012f \u0160ilut\u0119 atvyk\u0119s K\u0119stas Komskis i\u0161 m\u016bs\u0173 miesto i\u0161sive\u017e\u0117 nema\u017e\u0105 pluo\u0161t\u0105 skund\u0173. Vald\u017eios kei\u010diasi, ta\u010diau \u017emoni\u0173 problemos i\u0161lieka bema\u017e nepakitusios: v\u0117jo j\u0117gaini\u0173 parkai sudark\u0117 ram\u0173 gyvenim\u0105, \u017eem\u0117tvarkininkai abejotinai tvarko \u017eem\u0117s sklypus, Savivaldyb\u0117s \u0161ilumos \u012fmon\u0117 reketuoja \u017emones u\u017e nesuteikt\u0105 paslaug\u0105. Tuo K.Komskiui skund\u0117si rajono gyventojai. V\u0117jo j\u0117gain\u0117s trukdo gyventi \u016akininkas [&hellip;]\" \/>\n<meta property=\"og:url\" content=\"https:\/\/www.silutesnaujienos.lt\/lt\/seimo-vicepirmininkui-k-komskiui-susnis-prasymu\/\" \/>\n<meta property=\"og:site_name\" content=\"\u0160ilut\u0117s naujienos\" \/>\n<meta property=\"article:publisher\" content=\"https:\/\/www.facebook.com\/silutes.naujienos\/\" \/>\n<meta property=\"article:published_time\" content=\"2012-12-21T15:00:00+00:00\" \/>\n<meta property=\"og:image\" content=\"\/\/silutesnaujienos.lt\/images\/stories\/2012\/12\/18\/thumbnails\/thumb_KOMSKIO_1.jpg\" \/>\n<meta name=\"author\" content=\"\u0160ilut\u0117s naujien\u0173 inf.\" \/>\n<meta name=\"twitter:card\" content=\"summary_large_image\" \/>\n<meta name=\"twitter:label1\" content=\"Written by\" \/>\n\t<meta name=\"twitter:data1\" content=\"\u0160ilut\u0117s naujien\u0173 inf.\" \/>\n\t<meta name=\"twitter:label2\" content=\"Est. reading time\" \/>\n\t<meta name=\"twitter:data2\" content=\"4 minut\u0117s\" \/>\n<script type=\"application\/ld+json\" class=\"yoast-schema-graph\">{\"@context\":\"https:\\\/\\\/schema.org\",\"@graph\":[{\"@type\":\"Article\",\"@id\":\"https:\\\/\\\/www.silutesnaujienos.lt\\\/lt\\\/seimo-vicepirmininkui-k-komskiui-susnis-prasymu\\\/#article\",\"isPartOf\":{\"@id\":\"https:\\\/\\\/www.silutesnaujienos.lt\\\/lt\\\/seimo-vicepirmininkui-k-komskiui-susnis-prasymu\\\/\"},\"author\":{\"name\":\"\u0160ilut\u0117s naujien\u0173 inf.\",\"@id\":\"https:\\\/\\\/www.silutesnaujienos.lt\\\/lt\\\/#\\\/schema\\\/person\\\/232f475ddd4a7b5f49b3abc788b17e83\"},\"headline\":\"Seimo vicepirmininkui K.Komskiui &#8211; \u0161\u016bsnis pra\u0161ym\u0173\",\"datePublished\":\"2012-12-21T15:00:00+00:00\",\"mainEntityOfPage\":{\"@id\":\"https:\\\/\\\/www.silutesnaujienos.lt\\\/lt\\\/seimo-vicepirmininkui-k-komskiui-susnis-prasymu\\\/\"},\"wordCount\":837,\"commentCount\":0,\"publisher\":{\"@id\":\"https:\\\/\\\/www.silutesnaujienos.lt\\\/lt\\\/#organization\"},\"articleSection\":[\"Aktualijos\"],\"inLanguage\":\"lt-LT\",\"potentialAction\":[{\"@type\":\"CommentAction\",\"name\":\"Comment\",\"target\":[\"https:\\\/\\\/www.silutesnaujienos.lt\\\/lt\\\/seimo-vicepirmininkui-k-komskiui-susnis-prasymu\\\/#respond\"]}]},{\"@type\":\"WebPage\",\"@id\":\"https:\\\/\\\/www.silutesnaujienos.lt\\\/lt\\\/seimo-vicepirmininkui-k-komskiui-susnis-prasymu\\\/\",\"url\":\"https:\\\/\\\/www.silutesnaujienos.lt\\\/lt\\\/seimo-vicepirmininkui-k-komskiui-susnis-prasymu\\\/\",\"name\":\"Seimo vicepirmininkui K.Komskiui - \u0161\u016bsnis pra\u0161ym\u0173 - \u0160ilut\u0117s naujienos\",\"isPartOf\":{\"@id\":\"https:\\\/\\\/www.silutesnaujienos.lt\\\/lt\\\/#website\"},\"datePublished\":\"2012-12-21T15:00:00+00:00\",\"breadcrumb\":{\"@id\":\"https:\\\/\\\/www.silutesnaujienos.lt\\\/lt\\\/seimo-vicepirmininkui-k-komskiui-susnis-prasymu\\\/#breadcrumb\"},\"inLanguage\":\"lt-LT\",\"potentialAction\":[{\"@type\":\"ReadAction\",\"target\":[\"https:\\\/\\\/www.silutesnaujienos.lt\\\/lt\\\/seimo-vicepirmininkui-k-komskiui-susnis-prasymu\\\/\"]}]},{\"@type\":\"BreadcrumbList\",\"@id\":\"https:\\\/\\\/www.silutesnaujienos.lt\\\/lt\\\/seimo-vicepirmininkui-k-komskiui-susnis-prasymu\\\/#breadcrumb\",\"itemListElement\":[{\"@type\":\"ListItem\",\"position\":1,\"name\":\"Home\",\"item\":\"https:\\\/\\\/www.silutesnaujienos.lt\\\/lt\\\/\"},{\"@type\":\"ListItem\",\"position\":2,\"name\":\"Seimo vicepirmininkui K.Komskiui &#8211; \u0161\u016bsnis pra\u0161ym\u0173\"}]},{\"@type\":\"WebSite\",\"@id\":\"https:\\\/\\\/www.silutesnaujienos.lt\\\/lt\\\/#website\",\"url\":\"https:\\\/\\\/www.silutesnaujienos.lt\\\/lt\\\/\",\"name\":\"\u0160ilut\u0117s naujienos\",\"description\":\"B\u016bk ant naujien\u0173 bangos!\",\"publisher\":{\"@id\":\"https:\\\/\\\/www.silutesnaujienos.lt\\\/lt\\\/#organization\"},\"potentialAction\":[{\"@type\":\"SearchAction\",\"target\":{\"@type\":\"EntryPoint\",\"urlTemplate\":\"https:\\\/\\\/www.silutesnaujienos.lt\\\/lt\\\/?s={search_term_string}\"},\"query-input\":{\"@type\":\"PropertyValueSpecification\",\"valueRequired\":true,\"valueName\":\"search_term_string\"}}],\"inLanguage\":\"lt-LT\"},{\"@type\":\"Organization\",\"@id\":\"https:\\\/\\\/www.silutesnaujienos.lt\\\/lt\\\/#organization\",\"name\":\"\u0160ilut\u0117s naujienos\",\"url\":\"https:\\\/\\\/www.silutesnaujienos.lt\\\/lt\\\/\",\"logo\":{\"@type\":\"ImageObject\",\"inLanguage\":\"lt-LT\",\"@id\":\"https:\\\/\\\/www.silutesnaujienos.lt\\\/lt\\\/#\\\/schema\\\/logo\\\/image\\\/\",\"url\":\"https:\\\/\\\/www.silutesnaujienos.lt\\\/lt\\\/wp-content\\\/uploads\\\/2020\\\/06\\\/FB_MAIN.jpg\",\"contentUrl\":\"https:\\\/\\\/www.silutesnaujienos.lt\\\/lt\\\/wp-content\\\/uploads\\\/2020\\\/06\\\/FB_MAIN.jpg\",\"width\":1700,\"height\":956,\"caption\":\"\u0160ilut\u0117s naujienos\"},\"image\":{\"@id\":\"https:\\\/\\\/www.silutesnaujienos.lt\\\/lt\\\/#\\\/schema\\\/logo\\\/image\\\/\"},\"sameAs\":[\"https:\\\/\\\/www.facebook.com\\\/silutes.naujienos\\\/\",\"https:\\\/\\\/www.youtube.com\\\/channel\\\/UCxW-cgrJDt8GxIMxSTAfJZg\"]},{\"@type\":\"Person\",\"@id\":\"https:\\\/\\\/www.silutesnaujienos.lt\\\/lt\\\/#\\\/schema\\\/person\\\/232f475ddd4a7b5f49b3abc788b17e83\",\"name\":\"\u0160ilut\u0117s naujien\u0173 inf.\",\"image\":{\"@type\":\"ImageObject\",\"inLanguage\":\"lt-LT\",\"@id\":\"https:\\\/\\\/www.silutesnaujienos.lt\\\/lt\\\/wp-content\\\/uploads\\\/2020\\\/06\\\/favicon.png\",\"url\":\"https:\\\/\\\/www.silutesnaujienos.lt\\\/lt\\\/wp-content\\\/uploads\\\/2020\\\/06\\\/favicon.png\",\"contentUrl\":\"https:\\\/\\\/www.silutesnaujienos.lt\\\/lt\\\/wp-content\\\/uploads\\\/2020\\\/06\\\/favicon.png\",\"caption\":\"\u0160ilut\u0117s naujien\u0173 inf.\"},\"sameAs\":[\"https:\\\/\\\/www.silutesnaujienos.lt\\\/lt\"],\"url\":\"https:\\\/\\\/www.silutesnaujienos.lt\\\/lt\\\/author\\\/ruta\\\/\"}]}<\/script>\n<!-- \/ Yoast SEO plugin. -->","yoast_head_json":{"title":"Seimo vicepirmininkui K.Komskiui - \u0161\u016bsnis pra\u0161ym\u0173 - \u0160ilut\u0117s naujienos","robots":{"index":"index","follow":"follow","max-snippet":"max-snippet:-1","max-image-preview":"max-image-preview:large","max-video-preview":"max-video-preview:-1"},"canonical":"https:\/\/www.silutesnaujienos.lt\/lt\/seimo-vicepirmininkui-k-komskiui-susnis-prasymu\/","og_locale":"lt_LT","og_type":"article","og_title":"Seimo vicepirmininkui K.Komskiui - \u0161\u016bsnis pra\u0161ym\u0173 - \u0160ilut\u0117s naujienos","og_description":"Pirm\u0105 kart\u0105 kaip Seimo pirmininko pavaduotojas \u012f \u0160ilut\u0119 atvyk\u0119s K\u0119stas Komskis i\u0161 m\u016bs\u0173 miesto i\u0161sive\u017e\u0117 nema\u017e\u0105 pluo\u0161t\u0105 skund\u0173. Vald\u017eios kei\u010diasi, ta\u010diau \u017emoni\u0173 problemos i\u0161lieka bema\u017e nepakitusios: v\u0117jo j\u0117gaini\u0173 parkai sudark\u0117 ram\u0173 gyvenim\u0105, \u017eem\u0117tvarkininkai abejotinai tvarko \u017eem\u0117s sklypus, Savivaldyb\u0117s \u0161ilumos \u012fmon\u0117 reketuoja \u017emones u\u017e nesuteikt\u0105 paslaug\u0105. Tuo K.Komskiui skund\u0117si rajono gyventojai. V\u0117jo j\u0117gain\u0117s trukdo gyventi \u016akininkas [&hellip;]","og_url":"https:\/\/www.silutesnaujienos.lt\/lt\/seimo-vicepirmininkui-k-komskiui-susnis-prasymu\/","og_site_name":"\u0160ilut\u0117s naujienos","article_publisher":"https:\/\/www.facebook.com\/silutes.naujienos\/","article_published_time":"2012-12-21T15:00:00+00:00","og_image":[{"url":"\/\/silutesnaujienos.lt\/images\/stories\/2012\/12\/18\/thumbnails\/thumb_KOMSKIO_1.jpg","type":"","width":"","height":""}],"author":"\u0160ilut\u0117s naujien\u0173 inf.","twitter_card":"summary_large_image","twitter_misc":{"Written by":"\u0160ilut\u0117s naujien\u0173 inf.","Est. reading time":"4 minut\u0117s"},"schema":{"@context":"https:\/\/schema.org","@graph":[{"@type":"Article","@id":"https:\/\/www.silutesnaujienos.lt\/lt\/seimo-vicepirmininkui-k-komskiui-susnis-prasymu\/#article","isPartOf":{"@id":"https:\/\/www.silutesnaujienos.lt\/lt\/seimo-vicepirmininkui-k-komskiui-susnis-prasymu\/"},"author":{"name":"\u0160ilut\u0117s naujien\u0173 inf.","@id":"https:\/\/www.silutesnaujienos.lt\/lt\/#\/schema\/person\/232f475ddd4a7b5f49b3abc788b17e83"},"headline":"Seimo vicepirmininkui K.Komskiui &#8211; \u0161\u016bsnis pra\u0161ym\u0173","datePublished":"2012-12-21T15:00:00+00:00","mainEntityOfPage":{"@id":"https:\/\/www.silutesnaujienos.lt\/lt\/seimo-vicepirmininkui-k-komskiui-susnis-prasymu\/"},"wordCount":837,"commentCount":0,"publisher":{"@id":"https:\/\/www.silutesnaujienos.lt\/lt\/#organization"},"articleSection":["Aktualijos"],"inLanguage":"lt-LT","potentialAction":[{"@type":"CommentAction","name":"Comment","target":["https:\/\/www.silutesnaujienos.lt\/lt\/seimo-vicepirmininkui-k-komskiui-susnis-prasymu\/#respond"]}]},{"@type":"WebPage","@id":"https:\/\/www.silutesnaujienos.lt\/lt\/seimo-vicepirmininkui-k-komskiui-susnis-prasymu\/","url":"https:\/\/www.silutesnaujienos.lt\/lt\/seimo-vicepirmininkui-k-komskiui-susnis-prasymu\/","name":"Seimo vicepirmininkui K.Komskiui - \u0161\u016bsnis pra\u0161ym\u0173 - \u0160ilut\u0117s naujienos","isPartOf":{"@id":"https:\/\/www.silutesnaujienos.lt\/lt\/#website"},"datePublished":"2012-12-21T15:00:00+00:00","breadcrumb":{"@id":"https:\/\/www.silutesnaujienos.lt\/lt\/seimo-vicepirmininkui-k-komskiui-susnis-prasymu\/#breadcrumb"},"inLanguage":"lt-LT","potentialAction":[{"@type":"ReadAction","target":["https:\/\/www.silutesnaujienos.lt\/lt\/seimo-vicepirmininkui-k-komskiui-susnis-prasymu\/"]}]},{"@type":"BreadcrumbList","@id":"https:\/\/www.silutesnaujienos.lt\/lt\/seimo-vicepirmininkui-k-komskiui-susnis-prasymu\/#breadcrumb","itemListElement":[{"@type":"ListItem","position":1,"name":"Home","item":"https:\/\/www.silutesnaujienos.lt\/lt\/"},{"@type":"ListItem","position":2,"name":"Seimo vicepirmininkui K.Komskiui &#8211; \u0161\u016bsnis pra\u0161ym\u0173"}]},{"@type":"WebSite","@id":"https:\/\/www.silutesnaujienos.lt\/lt\/#website","url":"https:\/\/www.silutesnaujienos.lt\/lt\/","name":"\u0160ilut\u0117s naujienos","description":"B\u016bk ant naujien\u0173 bangos!","publisher":{"@id":"https:\/\/www.silutesnaujienos.lt\/lt\/#organization"},"potentialAction":[{"@type":"SearchAction","target":{"@type":"EntryPoint","urlTemplate":"https:\/\/www.silutesnaujienos.lt\/lt\/?s={search_term_string}"},"query-input":{"@type":"PropertyValueSpecification","valueRequired":true,"valueName":"search_term_string"}}],"inLanguage":"lt-LT"},{"@type":"Organization","@id":"https:\/\/www.silutesnaujienos.lt\/lt\/#organization","name":"\u0160ilut\u0117s naujienos","url":"https:\/\/www.silutesnaujienos.lt\/lt\/","logo":{"@type":"ImageObject","inLanguage":"lt-LT","@id":"https:\/\/www.silutesnaujienos.lt\/lt\/#\/schema\/logo\/image\/","url":"https:\/\/www.silutesnaujienos.lt\/lt\/wp-content\/uploads\/2020\/06\/FB_MAIN.jpg","contentUrl":"https:\/\/www.silutesnaujienos.lt\/lt\/wp-content\/uploads\/2020\/06\/FB_MAIN.jpg","width":1700,"height":956,"caption":"\u0160ilut\u0117s naujienos"},"image":{"@id":"https:\/\/www.silutesnaujienos.lt\/lt\/#\/schema\/logo\/image\/"},"sameAs":["https:\/\/www.facebook.com\/silutes.naujienos\/","https:\/\/www.youtube.com\/channel\/UCxW-cgrJDt8GxIMxSTAfJZg"]},{"@type":"Person","@id":"https:\/\/www.silutesnaujienos.lt\/lt\/#\/schema\/person\/232f475ddd4a7b5f49b3abc788b17e83","name":"\u0160ilut\u0117s naujien\u0173 inf.","image":{"@type":"ImageObject","inLanguage":"lt-LT","@id":"https:\/\/www.silutesnaujienos.lt\/lt\/wp-content\/uploads\/2020\/06\/favicon.png","url":"https:\/\/www.silutesnaujienos.lt\/lt\/wp-content\/uploads\/2020\/06\/favicon.png","contentUrl":"https:\/\/www.silutesnaujienos.lt\/lt\/wp-content\/uploads\/2020\/06\/favicon.png","caption":"\u0160ilut\u0117s naujien\u0173 inf."},"sameAs":["https:\/\/www.silutesnaujienos.lt\/lt"],"url":"https:\/\/www.silutesnaujienos.lt\/lt\/author\/ruta\/"}]}},"publishpress_future_workflow_manual_trigger":{"enabledWorkflows":[]},"amp_enabled":true,"_links":{"self":[{"href":"https:\/\/www.silutesnaujienos.lt\/lt\/wp-json\/wp\/v2\/posts\/14107","targetHints":{"allow":["GET"]}}],"collection":[{"href":"https:\/\/www.silutesnaujienos.lt\/lt\/wp-json\/wp\/v2\/posts"}],"about":[{"href":"https:\/\/www.silutesnaujienos.lt\/lt\/wp-json\/wp\/v2\/types\/post"}],"author":[{"embeddable":true,"href":"https:\/\/www.silutesnaujienos.lt\/lt\/wp-json\/wp\/v2\/users\/1"}],"replies":[{"embeddable":true,"href":"https:\/\/www.silutesnaujienos.lt\/lt\/wp-json\/wp\/v2\/comments?post=14107"}],"version-history":[{"count":0,"href":"https:\/\/www.silutesnaujienos.lt\/lt\/wp-json\/wp\/v2\/posts\/14107\/revisions"}],"wp:attachment":[{"href":"https:\/\/www.silutesnaujienos.lt\/lt\/wp-json\/wp\/v2\/media?parent=14107"}],"wp:term":[{"taxonomy":"category","embeddable":true,"href":"https:\/\/www.silutesnaujienos.lt\/lt\/wp-json\/wp\/v2\/categories?post=14107"},{"taxonomy":"post_tag","embeddable":true,"href":"https:\/\/www.silutesnaujienos.lt\/lt\/wp-json\/wp\/v2\/tags?post=14107"}],"curies":[{"name":"wp","href":"https:\/\/api.w.org\/{rel}","templated":true}]}}