{"id":14109,"date":"2012-12-31T10:00:00","date_gmt":"2012-12-31T12:00:00","guid":{"rendered":"https:\/\/www.silutesnaujienos.lt\/lt\/rajono-politikai-praejusius-metus-vadina-persilauzimo-link-geroves-metais\/"},"modified":"2012-12-31T10:00:00","modified_gmt":"2012-12-31T12:00:00","slug":"rajono-politikai-praejusius-metus-vadina-persilauzimo-link-geroves-metais","status":"publish","type":"post","link":"https:\/\/www.silutesnaujienos.lt\/lt\/rajono-politikai-praejusius-metus-vadina-persilauzimo-link-geroves-metais\/","title":{"rendered":"Rajono politikai pra\u0117jusius metus vadina persilau\u017eimo link gerov\u0117s metais"},"content":{"rendered":"<p \/><a target=\"_blank\" class=\"jcepopup\" href=\"\/\/silutesnaujienos.lt\/images\/stories\/2012\/12\/28\/VALDZIOS_RINKIMAI_3.jpg\" rel=\"noopener noreferrer\" data-rel=\"lightbox-gallery-azRAlDzQ\" data-rl_title=\"\" data-rl_caption=\"\" title=\"\"><img loading=\"lazy\" decoding=\"async\" style=\"margin: 5px; float: left;\" alt=\"VALDZIOS RINKIMAI 3\" src=\"\/\/silutesnaujienos.lt\/images\/stories\/2012\/12\/28\/thumbnails\/thumb_VALDZIOS_RINKIMAI_3.jpg\" height=\"230\" width=\"307\" \/><\/a><strong>Niekas nepaneigs, kad ir m\u016bs\u0173 rajono politikoje, ir visoje valstyb\u0117je Drakono metai nepaliko ry\u0161kaus p\u0117dsako. Antr\u0105 kart\u0105 per rajono savivaldos istorij\u0105 nebaigusi kadencijos i\u0161 pareig\u0173 atstatydinta auk\u0161\u010diausioji rajono vald\u017eia &#8211; meras Virgilijus Pozingis, savivaldyb\u0117s administracijos direktor\u0117 Ida Vasiljevien\u0117 bei j\u0173 pavaduotojai. O \u012f Seim\u0105 sugr\u012f\u017eo kairieji ir vald\u017eios i\u0161siilg\u0119 populistai.<\/strong><\/p>\n<p>Pasikeitimai rajono politikoje &#8211; nat\u016brali vadov\u0173 politikos konkurencija ar tiesiog vald\u017eios perversmas? Vertinim\u0173 gali b\u016bti visoki\u0173. Rajono \u017emon\u0117s joki\u0173 ry\u0161kesni\u0173 to perversmo permain\u0173 ir naudos per pusmet\u012f dar nepajuto.<\/p>\n<p>Kaip pra\u0117jusius metus vertina patys m\u016bs\u0173 politikai? Koki\u0173 permain\u0173 tikimasi i\u0161 kit\u0173 ateinan\u010di\u0173 Gyvat\u0117s met\u0173?<\/p>\n<p><strong>\u0160ar\u016bnas LAU\u017dIKAS, rajono mero pavaduotojas, T\u0117vyn\u0117s s\u0105jungos Lietuvos krik\u0161\u010dioni\u0173 demokrat\u0173 \u0160ilut\u0117s skyriaus pirmininkas:<\/strong><\/p>\n<p>&#8211; Svarstau, kokie gal\u0117t\u0173 b\u016bti link\u0117jimai pasibaigus \u201epasaulio pabaigai\u201c, kokie buvo nueinantys metai?<\/p>\n<p>Lietuvos ekonomika pakankamai greitai atsigavo po pasaulin\u0117s ekonomikos kriz\u0117s. I\u0161veng\u0117me Graikijos likimo. M\u016bs\u0173 \u017eemdirbiai u\u017eaugino rekordin\u012f gr\u016bdini\u0173 kult\u016br\u0173 derli\u0173, o gr\u016bd\u0173 kainos pasaulin\u0117je rinkoje buvo labai palankios.<\/p>\n<p>2012-ieji &#8211; rinkim\u0173 \u012f Seim\u0105 metai. Daug kam netik\u0117tai juose gerai pasirod\u0117 TS-LKD ir Liberal\u0173 s\u0105j\u016bdis. A.Kubiliaus vadovaujama Vyriausyb\u0117 dirbo vis\u0105 4 met\u0173 kadencij\u0105 &#8211; taip atsitiko pirm\u0105 kart\u0105 nuo 1990 met\u0173. Rinkimuose i\u0161ry\u0161k\u0117jo did\u017eiuliai skirtumai tarp miesto ir kaimo rink\u0117j\u0173. Miestuose triu\u0161kinamai laim\u0117jo de\u0161inieji, o kaimi\u0161kose apygardose dominavo opozicin\u0117s partijos: socialdemokratai ir populistin\u0117s partijos &#8211; Darbo bei Tvarka ir teisingumas. Ko gero, pirm\u0105 kart\u0105 pamat\u0117me tokius rink\u0117j\u0173 papirkin\u0117jimo mastus, tuo ypa\u010d pasi\u017eym\u0117jo \u0160ilut\u0117s &#8211; Pag\u0117gi\u0173 apygarda.<\/p>\n<p>Dar daugiau klounados buvo formuojant nauj\u0105j\u0105 vyriausyb\u0119 ir balsuojant Seime d\u0117l Darbo partijos vedlio ir jo kompanijos teisin\u0117s nelie\u010diamyb\u0117s.<\/p>\n<p>\u0160ilut\u0117je bir\u017eelio\u00a0 13 d. \u012fvyko taikus vald\u017eios pasikeitimas. V.Pozingis, be rajono Tarybos pritarimo i\u0161vyk\u0119s atostogauti \u012f Turkij\u0105, neteko mero posto. Su juo \u012f politin\u012f u\u017erib\u012f pateko ir kiti politikai, kuriems garbinga politika yra tu\u0161\u010dias \u017eodis.<\/p>\n<p>Naujos valdan\u010diosios koalicijos pagrind\u0105 sudar\u0117 tradicini\u0173 partij\u0173 atstovai. Pirm\u0105 kart\u0105 \u0160ilut\u0117s savivaldyb\u0117s mere i\u0161rinkta moteris &#8211; Daiva \u017debelien\u0117. Jos pirmieji vadovavimo m\u0117nesiai nuteikia viltingai ir suteikia daugiau pasitik\u0117jimo savivaldybe. Ir tai niekam neprimena pasaulio pabaigos.<\/p>\n<p>Ger\u0173 darb\u0173 ir gyvenimo d\u017eiaugsmo 2013-aisiais!<\/p>\n<p><strong>Virgilijus POZINGIS, Valstie\u010di\u0173 &#8211; \u017eali\u0173j\u0173 s\u0105jungos \u0160ilut\u0117s skyriaus pirmininkas, rajono Tarybos opozicijos lyderis:<\/strong><\/p>\n<p>&#8211; \u0160iuos metus vertinu pakankamai nuosaikiai. Juos gal\u0117\u010diau pavadinti ir nes\u0117kmingais, ir atvirk\u0161\u010diai. Prarast\u0105 rajono mero post\u0105 vertinu tik kaip \u012fvykdyt\u0105 vald\u017eios perversm\u0105 ir sumai\u0161t\u012f, kuri nedav\u0117 ir neduos jokios naudos rajonui. Akivaizdu, kad beatodairi\u0161kai vald\u017eios siekiantys \u017emon\u0117s konkre\u010di\u0173 argument\u0173 d\u0117l mano blogo darbo netur\u0117jo. Lygiai taip pat jie, b\u016bdami vald\u017eioje pus\u0119 met\u0173, neturi konkre\u010di\u0173 veiklos pavyzd\u017ei\u0173, negird\u0117jau, kad tur\u0117t\u0173 koki\u0173 nors geresni\u0173 sumanym\u0173.<\/p>\n<p>Stebina mer\u0117s D.\u017debelien\u0117s netaktas skelbiant apie neva did\u017eiul\u0119 mano nuod\u0117m\u0119 d\u0117l mero fondo i\u0161laid\u0173. Mer\u0117 tikriausiai nesuprato, kad did\u017eiul\u0117 puok\u0161t\u0117 g\u0117li\u0173, kuri buvo jai \u012fteikta kartu su rajono mero regalijomis, kaip ir kitos g\u0117l\u0117s, skirtos \u017emon\u0117ms, atstatydintiems i\u0161 pareig\u0173, buvo nupirktos i\u0161 jai \u012ftarim\u0173 suk\u0117lusio mero fondo l\u0117\u0161\u0173.<\/p>\n<p>Po daugelio met\u0173 per\u0117j\u0119s \u012f opozicij\u0105, dabar gerai jau\u010diuosi tap\u0119s opozicijos lyderiu. Juk b\u016bdamas opozicijoje gali \u012f daugel\u012f reikal\u0173 \u017evelgti kitaip, nei diktuoja realyb\u0117, galiu beatodairi\u0161kai baksnoti naujai vald\u017eiai, kas yra padaryta blogai ir t.t.<\/p>\n<p>Valstie\u010di\u0173 &#8211; \u017eali\u0173j\u0173 s\u0105junga Seimo rinkimuose neturi \u012fsp\u016bding\u0173 pergali\u0173. Ta\u010diau mes ir nesitik\u0117jome, kad gal\u0117sime var\u017eytis su partijomis, kurios konkuravo ne id\u0117jomis, bet perkam\u0173 rink\u0117j\u0173 bals\u0173 kainomis. Valstie\u010di\u0173 &#8211; \u017eali\u0173j\u0173 s\u0105junga niekada nepirko ir nepirks bals\u0173. Tikiuosi, kad iki savivaldos rinkim\u0173 \u012fstatymai bus pakoreguoti ir bus u\u017ekirstas kelias \u201epiniginei demokratijai\u201c.<\/p>\n<p><strong>Edvardas VITKAUSKAS, Lietuvos liberal\u0173 s\u0105j\u016bd\u017eio \u0160ilut\u0117s skyriaus pirmininkas, beje, gim\u0119s Drakono metais:<\/strong><\/p>\n<p>&#8211; Drakono metais buvo aktyv\u016bs ir \u201edrakoni\u0161kai\u201c kardinal\u016bs sprendimai. Vienas ry\u0161kiausi\u0173 &#8211; valdan\u010diosios koalicijos i\u0161ardymas ir naujos suk\u016brimas 2012 m. bir\u017eelio 13 d.<\/p>\n<p>Mums, Liberal\u0173 s\u0105j\u016bd\u017eio politikams, tapo nepriimtina dirbti koalicijoje su valstie\u010diais, \u201edarbie\u010diais\u201c ir \u201etvarkie\u010diais\u201c, buvusia administracijos vadovybe, nes jie nesi\u0117m\u0117 b\u016btin\u0173 darb\u0173, ekonomini\u0173 sprendim\u0173. Vald\u017eios nuvertimu nutraukta akivaizdi sav\u0173 interes\u0173 politika.<\/p>\n<p>Liberal\u0173 s\u0105j\u016bd\u017eio deleguotas administracijos vadovas Raimondas Ambrozaitis savivaldyb\u0117je &#8211; nuoseklus, atsakingas, s\u0105\u017einingas tarnautojas, vykdantis visos valdan\u010diosios koalicijos sprendimus.<\/p>\n<p>M\u016bs\u0173 skyrius augina savo rink\u0117jus &#8211; \u017emones, pritarian\u010dius ir suprantan\u010dius m\u016bs\u0173 vertybinius pagrindus. Naujus narius \u012f partij\u0105 priimame atsakingai, svarstydami \u017emogaus vertybes, tikslus. Geriau l\u0117\u010diau augantis, ta\u010diau i\u0161mintingesnis, k\u016brybi\u0161kesnis partinis skyrius &#8211; tokia mano nuostata apie skyriaus pl\u0117tr\u0105.<\/p>\n<p>Praradimai: netekome savo skyriaus atstovo Seime &#8211; Audriaus Endzino, nes jis apsisprend\u0117 palikti did\u017ei\u0105j\u0105 politik\u0105 ir gr\u012f\u017eti \u012f gimt\u0105j\u012f rajon\u0105.<\/p>\n<p>Suformavome Liberal\u0173 frakcij\u0105 savivaldyb\u0117s Taryboje (Vladas Kainovaitis, Jonas Purlys ir a\u0161 pats). V.Kainovaitis kuruoja komunalini\u0173 atliek\u0173 surinkimo sistemos pertvarkymus, aktyviai \u012fsijung\u0117 \u012f \u0160ilut\u0117s PSPC steb\u0117toj\u0173 tarybos veikl\u0105. J.Purlys\u00a0 gilinasi \u012f teritorij\u0173 planavimo ir Kaimo reikal\u0173 komiteto darb\u0105. D\u017eiaugiuosi, kad pavyko i\u0161laikyti nuosekli\u0105 pertvarkymo politik\u0105 \u201e\u0160ilut\u0117s \u0161ilumos tinkl\u0173\u201c \u012fmon\u0117je, tod\u0117l, kitaip nei daugelyje kit\u0173 savivaldybi\u0173, nuolat po truput\u012f ma\u017e\u0117ja \u0161ilumos kilovatvaland\u0117s kaina ir auga investicijos \u012f \u0161ilumos \u016bk\u012f.<\/p>\n<p>Atlikti parengiamieji darbai \u0160ilut\u0117s, Rusn\u0117s ir Kint\u0173 kurortin\u0117s teritorijos statusui siekti. Tai bus did\u017eiulis potencialas ekonominiam m\u016bs\u0173 kra\u0161to augimui ateityje.<\/p>\n<p>2013-ieji &#8211; i\u0161mint\u012f simbolizuojan\u010dio gyv\u016bno &#8211; Gyvat\u0117s &#8211; metai. Manau, savivaldoje labai tr\u016bksta i\u0161minting\u0173, sveiko proto sprendim\u0173. Reikia subalansuoti savivaldos biud\u017eet\u0105, pasiekti, kad skolos ma\u017e\u0117t\u0173 ir pajamos did\u0117t\u0173, atsisakyti akivaizd\u017eiai nuostoling\u0173 veikl\u0173, gerinti vietinio verslo aplink\u0105, prad\u0117ti nam\u0173 renovavim\u0105.<\/p>\n<p><strong>Vaidas PAVILONIS, partijos Tvarka ir teisingumas \u0160ilut\u0117s skyriaus pirmininkas:<\/strong><\/p>\n<p>&#8211; Atsigr\u0119\u017eus \u012f besibaigian\u010dius Drakono metus m\u016bs\u0173 rajono Taryboje, juos vertin\u010diau\u00a0 kaip i\u0161davys\u010di\u0173 ir politinio prisitaik\u0117li\u0161kumo metus. Geriausiai tai iliustruoja visiems \u017einomo animacinio filmo \u0161\u016bkis: \u201eDrakonas nugal\u0117tas. \u0160lov\u0117 naujam drakonui&#8230;\u201c<\/p>\n<p>Blogiausia, kad visi supranta, jog nuo to nei rajonui, nei jo gyventojams gyvenimas nepager\u0117s.<\/p>\n<p>Nesiimu vertinti buvusios m\u016bs\u0173 valdan\u010diosios koalicijos paskutinio pusme\u010dio darb\u0173, at\u0117jus laikui tai, manau, padarys rink\u0117jai. Dirbome, steng\u0117m\u0117s pritraukti l\u0117\u0161\u0173 i\u0161 ES strukt\u016brini\u0173 fond\u0173 ir i\u0161 vis\u0173 kit\u0173 \u012fmanom\u0173 finansavimo \u0161altini\u0173, meras kas savait\u0119 bent kart\u0105 lankydavosi ministerijose. Regionin\u0117s pl\u0117tros taryboje, kurioje, be mero ir man\u0119s, dirbo ir rajono Tarybos narys V.Laurinaitis, pasiek\u0117me, kad m\u016bs\u0173 meras tapt\u0173 Tarybos pirmininku. Tai irgi svarbi pozicija d\u0117l l\u0117\u0161\u0173 skirstymo regione.<\/p>\n<p>Pa\u017ei\u016br\u0117kim, k\u0105 \u0161iuo klausimu veikia dabartin\u0117 valdan\u010dioji koalicija. Keista, bet ir m\u016bs\u0173, ir dabartin\u0117je vald\u017eios koalicijoje beveik visa politika sukasi apie vien\u0105 partij\u0105 &#8211; Liberal\u0173 s\u0105j\u016bd\u012f, labai ma\u017e\u0105 partij\u0105, bet sugeban\u010di\u0105 savo reikalavimus pastatyti \u012f a\u0161in\u0119 pad\u0117t\u012f. Nesvarbu kaip: ar ultimatyviai, ar i\u0161duodant partnerius, ar kompromiso b\u016bdu, bet savo ji pasiekia. \u0160ios partijos du balsai tvirtai laiko tiek buvusi\u0105, tiek esam\u0105 koalicij\u0105 \u201eu\u017e gerkl\u0117s\u201c. O dabartin\u0117 situacija tam palanki: pati mero institucija silpna, mer\u0117 &#8211; visai be patirties, vicemerai dirba visuomeniniais pagrindais. Klausimas &#8211; kas su tokia komanda ar pavieniais valdininkais kalb\u0117sis rimtais finansiniais ar projektiniais klausimais Vyriausyb\u0117je?<\/p>\n<p>O kur tada mero iniciatyva? Susidaro \u012fsp\u016bdis, kad dabartin\u0117 situacija savivaldyb\u0117je yra vegetacijos ir savireklamos faz\u0117je. Duok Dieve, kad ji per ilgai neu\u017esit\u0119st\u0173. \u0160ven\u010di\u0173 proga to ir linkiu visai mero institucijai.<\/p>\n<p><strong>Alvidas \u0160IMELIONIS, Lietuvos socialdemokrat\u0173 partijos \u0160ilut\u0117s skyriaus pirmininkas:<\/strong><\/p>\n<p>&#8211; Drakono metai socialdemokratams buvo palank\u016bs. \u0160iluti\u0161kiams socialdemokratams pavyko i\u0161 opozicijos pereiti \u012f valdan\u010di\u0105j\u0105 koalicij\u0105. Taip pasibaig\u0117 i\u0161davyst\u0117mis gr\u012fsta V.Pozingio vald\u017eios era.<\/p>\n<p>Sustipr\u0117jo rajono socialdemokrat\u0173 paj\u0117gos. Prie\u0161 savait\u0119 vykusiame visuotiniame susirinkime priimta nauj\u0173 nari\u0173 ir dabar m\u016bs\u0173 skai\u010dius perkop\u0117 200. Tokios gausos socialdemokratai netur\u0117jo per vis\u0105 Lietuvos nepriklausomyb\u0117s laikotarp\u012f.<\/p>\n<p>D\u017eiaugiuosi ir tuo, kad \u0160ilut\u0117s &#8211; Pag\u0117gi\u0173 rinkim\u0173 apygardoje laim\u0117jo socialdemokrat\u0173 kandidatas Art\u016bras Skard\u017eius. Jis teis\u0117tai gali vadintis i\u0161rinktu absoliu\u010dios daugumos \u0161iluti\u0161ki\u0173, nes antrame rinkim\u0173 ture buvo paremtas bema\u017e vis\u0173 rajone veikian\u010di\u0173 partij\u0173. Dauguma partij\u0173 parei\u0161k\u0117 pasipiktinim\u0105 bals\u0173 pirkimo faktais.<\/p>\n<p>Tikiuosi, kad kiti metai bus dar s\u0117kmingesni. Manau, kad Seimo nariai A.Skard\u017eius ir Remigijus \u017demaitaitis dirbs ne tik visos Lietuvos, bet ir \u0160ilut\u0117s kra\u0161to naudai. Tod\u0117l m\u016bs\u0173 politikams reikia pasinaudoti naujomis galimyb\u0117mis.<\/p>\n<p><strong>Audrius ENDZINAS, kadencij\u0105 baig\u0119s Seimo narys, Liberal\u0173 s\u0105j\u016bd\u017eio \u0160ilut\u0117s skyriaus narys:<\/strong><\/p>\n<p>&#8211; 2012 metai buvo \u012ftempti ir d\u0117l darb\u0173, ir d\u0117l emocij\u0173, bet \u012fdom\u016bs. Prie\u0161 metus apsisprend\u017eiau nebekandidatuoti \u012f Seim\u0105 ir apie tai informavau visuomen\u0119. Nepaisant to, aktyviai dalyvavau politikoje iki paskutin\u0117s darbo Seime dienos. Atrodo, jog tai neliko nepasteb\u0117ta.<\/p>\n<p>Man rinkimai \u012f Seim\u0105, be abejon\u0117s, reik\u0161mingiausias met\u0173 politinis \u012fvykis \u0161alyje. Susidom\u0117j\u0119s steb\u0117jau rinkim\u0173 kov\u0105 ir politik\u0173 batalijas. Nepaisant mano asmenini\u0173 simpatij\u0173 kitam kandidatui, d\u017eiaugiuosi, kad m\u016bs\u0173 kra\u0161to \u017emon\u0117s vienmandat\u0117se rinkim\u0173 apygardose i\u0161rinko garbingus ir patyrusius atstovus.<\/p>\n<p>Savivaldyb\u0117je taip pat pasikeit\u0117 vald\u017eia. Naujai rajono vald\u017eiai linkiu s\u0117kmingo darbo. Dar daugiau &#8211; kaip \u0161io rajono gyventojas esu tiesiogiai tuo suinteresuotas.<\/p>\n<p>Politini\u0173 \u012fvyki\u0173 gausa buvo daugiau nei pakankama, suprantama, jog pusiausvyros i\u0161laikymas tokiomis aplinkyb\u0117mis yra sud\u0117tingas. Buvo kar\u0161\u010diuojamasi \u0160ilut\u0117je, kar\u0161\u010diuojamasi ir Vilniuje. Tik i\u0161 toliau geriau matyti, tod\u0117l sostin\u0117s problemos neretai aptarin\u0117jamos pla\u010diau nei \u0160ilut\u0117s. O gaila, nes spr\u0119stin\u0173 klausim\u0173 \u0160ilut\u0117je labai daug. Tod\u0117l ir linkiu kitais metais atsisukti \u012f savo namus ir pabandyti susitvarkyti savo kiem\u0105. Su Naujaisiais metais!<\/p>\n<p><strong>Algirdas GE\u010cAS, Liberal\u0173 ir centro s\u0105jungos narys:<\/strong><\/p>\n<p>&#8211; \u017dmon\u0117s skuba pabaigti svarbiausius darbus, pasveikinti draugus, artimuosius ir palink\u0117ti jiems vilties, d\u017eiaugsmo, taikos. Tokiu metu kiekvienas analizuoja ir \u012fvertina tai, kas buvo padaryta, ir nubr\u0117\u017eia naujas savo veiklos gaires. \u0160i kasmet kintanti met\u0173 riba i\u0161ties yra svarbi. Visada \u017emon\u0117s\u00a0 tokiu metu k\u0117l\u0117 klausimus. Pabandykime ir mes.<\/p>\n<p>Many\u010diau, kad daugelis su manimi sutiks, kad svarbiausias \u012fvykis buvo valdan\u010diosios daugumos pasikeitimas \u0160ilut\u0117s rajono savivaldyb\u0117s Taryboje. Reikia pripa\u017einti, kad savivaldyb\u0117je per kelet\u0105 paskutini\u0173 met\u0173 pasirei\u0161k\u0117 tam tikras s\u0105stingis, labai suma\u017e\u0117jo Europos S\u0105jungos finansuojam\u0173 projekt\u0173 teikimas ir \u012fgyvendinimas. Buvo priimami sprendimai, naudingi tik siauroms interes\u0173 grup\u0117ms, ai\u0161kiai pa\u017eeid\u017eiant vie\u0161\u0105j\u012f interes\u0105. Skaitytojams norisi tik priminti biokuro pirkimo istorij\u0105 \u201e\u0160ilut\u0117s \u0161ilumos tinkluose\u201c, \u017demai\u010di\u0173 Naumies\u010dio muziejaus renovacijos eig\u0105 arba netikus\u012f sprendim\u0105 d\u0117l komunalini\u0173 atliek\u0173 surinkimo. Ir tai &#8211; tik ledkalnio vir\u0161\u016bn\u0117, be jos yra daugyb\u0117 kit\u0173 smulkesni\u0173 sprendim\u0173, kurie buvo nenaudingi savivaldybei, jos gyventojams. Po toki\u0173 sprendim\u0173 susidar\u0117 tokios Savivaldyb\u0117s skolos, kad i\u0161eikvotas Savivaldyb\u0117s skolinimosi limitas ir apribotos jos veiklos galimyb\u0117s.<\/p>\n<p>Norisi tik\u0117ti, kad\u00a0 dabartin\u0117 Tarybos valdan\u010dioji dauguma atsakingai \u012fvertins susidariusi\u0105 pad\u0117t\u012f ir imsis i\u0161 esm\u0117s spr\u0119sti problemas. Bet kad ir kiek save dr\u0105sinu, vis tik man\u0119s neapleid\u017eia nerami abejon\u0117, kad joki\u0173 tikr\u0173 esmini\u0173 poky\u010di\u0173 nebus. Ne tod\u0117l, kad Taryboje n\u0117ra \u017emoni\u0173, kurie nematyt\u0173, kas vyksta, ir ne tod\u0117l, kad jie nenor\u0117t\u0173 teigiam\u0173 poky\u010di\u0173 savivaldyb\u0117je. <\/p>\n<p>Tiesiog reikia pripa\u017einti, kad jie sudaro ma\u017eum\u0105 ir j\u0173 \u012ftaka &#8211; gan\u0117tinai ribota. Be to, labai stipriai veikia pla\u010diai i\u0161sikerojusi inercija ir supratimas, kad prie\u0161 v\u0117j\u0105, \u017emogau, nepap\u016bsi. Bet b\u016bkime optimistais, tik\u0117kime ir kelkime klausimus toliau.<\/p>\n<p>M\u016bs\u0173 valstyb\u0117 ir demokratija dar labai jaunos. Bene svarbiausias \u012fvykis 2012 m. buvo rinkimai \u012f Seim\u0105. \u0160ie rinkimai parod\u0117, kad m\u016bs\u0173 demokratija, deja, stipriai negaluoja. Pagal pa\u017eeidim\u0173 mast\u0105 \u0161ie rinkimai buvo i\u0161skirtiniai. \u0160alies Prezident\u0117 d\u0117l rinkim\u0173 teis\u0117tumo net buvo priversta kreiptis \u012f Konstitucin\u012f teism\u0105. Manau, kad \u010dia yra pasiekta riba, u\u017e kurios galimas politinis chaosas.<\/p>\n<p>Man\u0119s da\u017enai klausia ir apie liberalias partijas, j\u0173 susivienijimo galimybes. Mano atstovaujama Liberal\u0173 ir centro s\u0105junga \u0161iemet Seimo rinkimuose nelaim\u0117jo n\u0117 vieno mandato vienmandat\u0117se apygardose, o daugiamandat\u0117je neperkop\u0117 5 % ribos.<\/p>\n<p> Tai did\u017eiulis sm\u016bgis partijai, kuri aktyviai dalyvavo politiniame \u0161alies gyvenime, ketverius paskutinius metus buvo valdan\u010diojoje daugumoje, ir kurios deleguoti ministrai vadovavo Vidaus reikal\u0173, Aplinkos bei Kult\u016bros ministerijoms.<\/p>\n<p>Kas laukia Liberal\u0173 ir centro s\u0105jungos? Dabar \u012f \u0161\u012f klausim\u0105 sunku atsakyti, bet 2013 m. kovo m\u0117nes\u012f \u012fvyks LiCS suva\u017eiavimas, kuris ir\u00a0 priims sprendimus d\u0117l tolimesn\u0117s partijos veiklos.<\/p>\n<p>Manau, kad liberaliosios partijos Lietuvoje turi vienytis. Tik taip jos gal\u0117t\u0173 sutelkti savo rink\u0117jus ir tik\u0117tis deramo j\u0173 palaikymo rinkimuose. Bet tai tik teorinis po\u017ei\u016bris. \u017dymiai sunkiau tai \u012fvykdyti prakti\u0161kai. Did\u017eiausia problema yra ta, kad m\u016bs\u0173 liberaliosios politin\u0117s partijos neturi toki\u0173 lyderi\u0173, kurie gal\u0117t\u0173 suvienyti net ir tos pa\u010dios ideologijos \u017emones. Belieka tik tik\u0117tis, kad 2013 metais Lietuvos liberaliosios partijos ir j\u0173 vadukai \u012fveiks savo ambicijas ir priims partijoms ir m\u016bs\u0173 \u0161alies politinei sistemai naudingus sprendimus.<\/p>\n","protected":false},"excerpt":{"rendered":"<p>Niekas nepaneigs, kad ir m\u016bs\u0173 rajono politikoje, ir visoje valstyb\u0117je Drakono metai nepaliko ry\u0161kaus p\u0117dsako. Antr\u0105 kart\u0105 per rajono savivaldos istorij\u0105 nebaigusi kadencijos i\u0161 pareig\u0173 atstatydinta auk\u0161\u010diausioji rajono vald\u017eia &#8211; meras Virgilijus Pozingis, savivaldyb\u0117s administracijos direktor\u0117 Ida Vasiljevien\u0117 bei j\u0173 pavaduotojai. O \u012f Seim\u0105 sugr\u012f\u017eo kairieji ir vald\u017eios i\u0161siilg\u0119 populistai. Pasikeitimai rajono politikoje &#8211; nat\u016brali [&hellip;]<\/p>\n","protected":false},"author":1,"featured_media":0,"comment_status":"open","ping_status":"open","sticky":false,"template":"","format":"standard","meta":{"footnotes":""},"categories":[2],"tags":[],"class_list":{"0":"post-14109","1":"post","2":"type-post","3":"status-publish","4":"format-standard","6":"category-aktualijos"},"yoast_head":"<!-- This site is optimized with the Yoast SEO plugin v27.5 - https:\/\/yoast.com\/product\/yoast-seo-wordpress\/ -->\n<title>Rajono politikai pra\u0117jusius metus vadina persilau\u017eimo link gerov\u0117s metais - \u0160ilut\u0117s naujienos<\/title>\n<meta name=\"robots\" content=\"index, follow, max-snippet:-1, max-image-preview:large, max-video-preview:-1\" \/>\n<link rel=\"canonical\" href=\"https:\/\/www.silutesnaujienos.lt\/lt\/rajono-politikai-praejusius-metus-vadina-persilauzimo-link-geroves-metais\/\" \/>\n<meta property=\"og:locale\" content=\"lt_LT\" \/>\n<meta property=\"og:type\" content=\"article\" \/>\n<meta property=\"og:title\" content=\"Rajono politikai pra\u0117jusius metus vadina persilau\u017eimo link gerov\u0117s metais - \u0160ilut\u0117s naujienos\" \/>\n<meta property=\"og:description\" content=\"Niekas nepaneigs, kad ir m\u016bs\u0173 rajono politikoje, ir visoje valstyb\u0117je Drakono metai nepaliko ry\u0161kaus p\u0117dsako. Antr\u0105 kart\u0105 per rajono savivaldos istorij\u0105 nebaigusi kadencijos i\u0161 pareig\u0173 atstatydinta auk\u0161\u010diausioji rajono vald\u017eia &#8211; meras Virgilijus Pozingis, savivaldyb\u0117s administracijos direktor\u0117 Ida Vasiljevien\u0117 bei j\u0173 pavaduotojai. O \u012f Seim\u0105 sugr\u012f\u017eo kairieji ir vald\u017eios i\u0161siilg\u0119 populistai. Pasikeitimai rajono politikoje &#8211; nat\u016brali [&hellip;]\" \/>\n<meta property=\"og:url\" content=\"https:\/\/www.silutesnaujienos.lt\/lt\/rajono-politikai-praejusius-metus-vadina-persilauzimo-link-geroves-metais\/\" \/>\n<meta property=\"og:site_name\" content=\"\u0160ilut\u0117s naujienos\" \/>\n<meta property=\"article:publisher\" content=\"https:\/\/www.facebook.com\/silutes.naujienos\/\" \/>\n<meta property=\"article:published_time\" content=\"2012-12-31T12:00:00+00:00\" \/>\n<meta property=\"og:image\" content=\"\/\/silutesnaujienos.lt\/images\/stories\/2012\/12\/28\/thumbnails\/thumb_VALDZIOS_RINKIMAI_3.jpg\" \/>\n<meta name=\"author\" content=\"\u0160ilut\u0117s naujien\u0173 inf.\" \/>\n<meta name=\"twitter:card\" content=\"summary_large_image\" \/>\n<meta name=\"twitter:label1\" content=\"Written by\" \/>\n\t<meta name=\"twitter:data1\" content=\"\u0160ilut\u0117s naujien\u0173 inf.\" \/>\n\t<meta name=\"twitter:label2\" content=\"Est. reading time\" \/>\n\t<meta name=\"twitter:data2\" content=\"11 minu\u010di\u0173\" \/>\n<script type=\"application\/ld+json\" class=\"yoast-schema-graph\">{\"@context\":\"https:\\\/\\\/schema.org\",\"@graph\":[{\"@type\":\"Article\",\"@id\":\"https:\\\/\\\/www.silutesnaujienos.lt\\\/lt\\\/rajono-politikai-praejusius-metus-vadina-persilauzimo-link-geroves-metais\\\/#article\",\"isPartOf\":{\"@id\":\"https:\\\/\\\/www.silutesnaujienos.lt\\\/lt\\\/rajono-politikai-praejusius-metus-vadina-persilauzimo-link-geroves-metais\\\/\"},\"author\":{\"name\":\"\u0160ilut\u0117s naujien\u0173 inf.\",\"@id\":\"https:\\\/\\\/www.silutesnaujienos.lt\\\/lt\\\/#\\\/schema\\\/person\\\/232f475ddd4a7b5f49b3abc788b17e83\"},\"headline\":\"Rajono politikai pra\u0117jusius metus vadina persilau\u017eimo link gerov\u0117s metais\",\"datePublished\":\"2012-12-31T12:00:00+00:00\",\"mainEntityOfPage\":{\"@id\":\"https:\\\/\\\/www.silutesnaujienos.lt\\\/lt\\\/rajono-politikai-praejusius-metus-vadina-persilauzimo-link-geroves-metais\\\/\"},\"wordCount\":2216,\"commentCount\":0,\"publisher\":{\"@id\":\"https:\\\/\\\/www.silutesnaujienos.lt\\\/lt\\\/#organization\"},\"articleSection\":[\"Aktualijos\"],\"inLanguage\":\"lt-LT\",\"potentialAction\":[{\"@type\":\"CommentAction\",\"name\":\"Comment\",\"target\":[\"https:\\\/\\\/www.silutesnaujienos.lt\\\/lt\\\/rajono-politikai-praejusius-metus-vadina-persilauzimo-link-geroves-metais\\\/#respond\"]}]},{\"@type\":\"WebPage\",\"@id\":\"https:\\\/\\\/www.silutesnaujienos.lt\\\/lt\\\/rajono-politikai-praejusius-metus-vadina-persilauzimo-link-geroves-metais\\\/\",\"url\":\"https:\\\/\\\/www.silutesnaujienos.lt\\\/lt\\\/rajono-politikai-praejusius-metus-vadina-persilauzimo-link-geroves-metais\\\/\",\"name\":\"Rajono politikai pra\u0117jusius metus vadina persilau\u017eimo link gerov\u0117s metais - \u0160ilut\u0117s naujienos\",\"isPartOf\":{\"@id\":\"https:\\\/\\\/www.silutesnaujienos.lt\\\/lt\\\/#website\"},\"datePublished\":\"2012-12-31T12:00:00+00:00\",\"breadcrumb\":{\"@id\":\"https:\\\/\\\/www.silutesnaujienos.lt\\\/lt\\\/rajono-politikai-praejusius-metus-vadina-persilauzimo-link-geroves-metais\\\/#breadcrumb\"},\"inLanguage\":\"lt-LT\",\"potentialAction\":[{\"@type\":\"ReadAction\",\"target\":[\"https:\\\/\\\/www.silutesnaujienos.lt\\\/lt\\\/rajono-politikai-praejusius-metus-vadina-persilauzimo-link-geroves-metais\\\/\"]}]},{\"@type\":\"BreadcrumbList\",\"@id\":\"https:\\\/\\\/www.silutesnaujienos.lt\\\/lt\\\/rajono-politikai-praejusius-metus-vadina-persilauzimo-link-geroves-metais\\\/#breadcrumb\",\"itemListElement\":[{\"@type\":\"ListItem\",\"position\":1,\"name\":\"Home\",\"item\":\"https:\\\/\\\/www.silutesnaujienos.lt\\\/lt\\\/\"},{\"@type\":\"ListItem\",\"position\":2,\"name\":\"Rajono politikai pra\u0117jusius metus vadina persilau\u017eimo link gerov\u0117s metais\"}]},{\"@type\":\"WebSite\",\"@id\":\"https:\\\/\\\/www.silutesnaujienos.lt\\\/lt\\\/#website\",\"url\":\"https:\\\/\\\/www.silutesnaujienos.lt\\\/lt\\\/\",\"name\":\"\u0160ilut\u0117s naujienos\",\"description\":\"B\u016bk ant naujien\u0173 bangos!\",\"publisher\":{\"@id\":\"https:\\\/\\\/www.silutesnaujienos.lt\\\/lt\\\/#organization\"},\"potentialAction\":[{\"@type\":\"SearchAction\",\"target\":{\"@type\":\"EntryPoint\",\"urlTemplate\":\"https:\\\/\\\/www.silutesnaujienos.lt\\\/lt\\\/?s={search_term_string}\"},\"query-input\":{\"@type\":\"PropertyValueSpecification\",\"valueRequired\":true,\"valueName\":\"search_term_string\"}}],\"inLanguage\":\"lt-LT\"},{\"@type\":\"Organization\",\"@id\":\"https:\\\/\\\/www.silutesnaujienos.lt\\\/lt\\\/#organization\",\"name\":\"\u0160ilut\u0117s naujienos\",\"url\":\"https:\\\/\\\/www.silutesnaujienos.lt\\\/lt\\\/\",\"logo\":{\"@type\":\"ImageObject\",\"inLanguage\":\"lt-LT\",\"@id\":\"https:\\\/\\\/www.silutesnaujienos.lt\\\/lt\\\/#\\\/schema\\\/logo\\\/image\\\/\",\"url\":\"https:\\\/\\\/www.silutesnaujienos.lt\\\/lt\\\/wp-content\\\/uploads\\\/2020\\\/06\\\/FB_MAIN.jpg\",\"contentUrl\":\"https:\\\/\\\/www.silutesnaujienos.lt\\\/lt\\\/wp-content\\\/uploads\\\/2020\\\/06\\\/FB_MAIN.jpg\",\"width\":1700,\"height\":956,\"caption\":\"\u0160ilut\u0117s naujienos\"},\"image\":{\"@id\":\"https:\\\/\\\/www.silutesnaujienos.lt\\\/lt\\\/#\\\/schema\\\/logo\\\/image\\\/\"},\"sameAs\":[\"https:\\\/\\\/www.facebook.com\\\/silutes.naujienos\\\/\",\"https:\\\/\\\/www.youtube.com\\\/channel\\\/UCxW-cgrJDt8GxIMxSTAfJZg\"]},{\"@type\":\"Person\",\"@id\":\"https:\\\/\\\/www.silutesnaujienos.lt\\\/lt\\\/#\\\/schema\\\/person\\\/232f475ddd4a7b5f49b3abc788b17e83\",\"name\":\"\u0160ilut\u0117s naujien\u0173 inf.\",\"image\":{\"@type\":\"ImageObject\",\"inLanguage\":\"lt-LT\",\"@id\":\"https:\\\/\\\/www.silutesnaujienos.lt\\\/lt\\\/wp-content\\\/uploads\\\/2020\\\/06\\\/favicon.png\",\"url\":\"https:\\\/\\\/www.silutesnaujienos.lt\\\/lt\\\/wp-content\\\/uploads\\\/2020\\\/06\\\/favicon.png\",\"contentUrl\":\"https:\\\/\\\/www.silutesnaujienos.lt\\\/lt\\\/wp-content\\\/uploads\\\/2020\\\/06\\\/favicon.png\",\"caption\":\"\u0160ilut\u0117s naujien\u0173 inf.\"},\"sameAs\":[\"https:\\\/\\\/www.silutesnaujienos.lt\\\/lt\"],\"url\":\"https:\\\/\\\/www.silutesnaujienos.lt\\\/lt\\\/author\\\/ruta\\\/\"}]}<\/script>\n<!-- \/ Yoast SEO plugin. -->","yoast_head_json":{"title":"Rajono politikai pra\u0117jusius metus vadina persilau\u017eimo link gerov\u0117s metais - \u0160ilut\u0117s naujienos","robots":{"index":"index","follow":"follow","max-snippet":"max-snippet:-1","max-image-preview":"max-image-preview:large","max-video-preview":"max-video-preview:-1"},"canonical":"https:\/\/www.silutesnaujienos.lt\/lt\/rajono-politikai-praejusius-metus-vadina-persilauzimo-link-geroves-metais\/","og_locale":"lt_LT","og_type":"article","og_title":"Rajono politikai pra\u0117jusius metus vadina persilau\u017eimo link gerov\u0117s metais - \u0160ilut\u0117s naujienos","og_description":"Niekas nepaneigs, kad ir m\u016bs\u0173 rajono politikoje, ir visoje valstyb\u0117je Drakono metai nepaliko ry\u0161kaus p\u0117dsako. Antr\u0105 kart\u0105 per rajono savivaldos istorij\u0105 nebaigusi kadencijos i\u0161 pareig\u0173 atstatydinta auk\u0161\u010diausioji rajono vald\u017eia &#8211; meras Virgilijus Pozingis, savivaldyb\u0117s administracijos direktor\u0117 Ida Vasiljevien\u0117 bei j\u0173 pavaduotojai. O \u012f Seim\u0105 sugr\u012f\u017eo kairieji ir vald\u017eios i\u0161siilg\u0119 populistai. Pasikeitimai rajono politikoje &#8211; nat\u016brali [&hellip;]","og_url":"https:\/\/www.silutesnaujienos.lt\/lt\/rajono-politikai-praejusius-metus-vadina-persilauzimo-link-geroves-metais\/","og_site_name":"\u0160ilut\u0117s naujienos","article_publisher":"https:\/\/www.facebook.com\/silutes.naujienos\/","article_published_time":"2012-12-31T12:00:00+00:00","og_image":[{"url":"\/\/silutesnaujienos.lt\/images\/stories\/2012\/12\/28\/thumbnails\/thumb_VALDZIOS_RINKIMAI_3.jpg","type":"","width":"","height":""}],"author":"\u0160ilut\u0117s naujien\u0173 inf.","twitter_card":"summary_large_image","twitter_misc":{"Written by":"\u0160ilut\u0117s naujien\u0173 inf.","Est. reading time":"11 minu\u010di\u0173"},"schema":{"@context":"https:\/\/schema.org","@graph":[{"@type":"Article","@id":"https:\/\/www.silutesnaujienos.lt\/lt\/rajono-politikai-praejusius-metus-vadina-persilauzimo-link-geroves-metais\/#article","isPartOf":{"@id":"https:\/\/www.silutesnaujienos.lt\/lt\/rajono-politikai-praejusius-metus-vadina-persilauzimo-link-geroves-metais\/"},"author":{"name":"\u0160ilut\u0117s naujien\u0173 inf.","@id":"https:\/\/www.silutesnaujienos.lt\/lt\/#\/schema\/person\/232f475ddd4a7b5f49b3abc788b17e83"},"headline":"Rajono politikai pra\u0117jusius metus vadina persilau\u017eimo link gerov\u0117s metais","datePublished":"2012-12-31T12:00:00+00:00","mainEntityOfPage":{"@id":"https:\/\/www.silutesnaujienos.lt\/lt\/rajono-politikai-praejusius-metus-vadina-persilauzimo-link-geroves-metais\/"},"wordCount":2216,"commentCount":0,"publisher":{"@id":"https:\/\/www.silutesnaujienos.lt\/lt\/#organization"},"articleSection":["Aktualijos"],"inLanguage":"lt-LT","potentialAction":[{"@type":"CommentAction","name":"Comment","target":["https:\/\/www.silutesnaujienos.lt\/lt\/rajono-politikai-praejusius-metus-vadina-persilauzimo-link-geroves-metais\/#respond"]}]},{"@type":"WebPage","@id":"https:\/\/www.silutesnaujienos.lt\/lt\/rajono-politikai-praejusius-metus-vadina-persilauzimo-link-geroves-metais\/","url":"https:\/\/www.silutesnaujienos.lt\/lt\/rajono-politikai-praejusius-metus-vadina-persilauzimo-link-geroves-metais\/","name":"Rajono politikai pra\u0117jusius metus vadina persilau\u017eimo link gerov\u0117s metais - \u0160ilut\u0117s naujienos","isPartOf":{"@id":"https:\/\/www.silutesnaujienos.lt\/lt\/#website"},"datePublished":"2012-12-31T12:00:00+00:00","breadcrumb":{"@id":"https:\/\/www.silutesnaujienos.lt\/lt\/rajono-politikai-praejusius-metus-vadina-persilauzimo-link-geroves-metais\/#breadcrumb"},"inLanguage":"lt-LT","potentialAction":[{"@type":"ReadAction","target":["https:\/\/www.silutesnaujienos.lt\/lt\/rajono-politikai-praejusius-metus-vadina-persilauzimo-link-geroves-metais\/"]}]},{"@type":"BreadcrumbList","@id":"https:\/\/www.silutesnaujienos.lt\/lt\/rajono-politikai-praejusius-metus-vadina-persilauzimo-link-geroves-metais\/#breadcrumb","itemListElement":[{"@type":"ListItem","position":1,"name":"Home","item":"https:\/\/www.silutesnaujienos.lt\/lt\/"},{"@type":"ListItem","position":2,"name":"Rajono politikai pra\u0117jusius metus vadina persilau\u017eimo link gerov\u0117s metais"}]},{"@type":"WebSite","@id":"https:\/\/www.silutesnaujienos.lt\/lt\/#website","url":"https:\/\/www.silutesnaujienos.lt\/lt\/","name":"\u0160ilut\u0117s naujienos","description":"B\u016bk ant naujien\u0173 bangos!","publisher":{"@id":"https:\/\/www.silutesnaujienos.lt\/lt\/#organization"},"potentialAction":[{"@type":"SearchAction","target":{"@type":"EntryPoint","urlTemplate":"https:\/\/www.silutesnaujienos.lt\/lt\/?s={search_term_string}"},"query-input":{"@type":"PropertyValueSpecification","valueRequired":true,"valueName":"search_term_string"}}],"inLanguage":"lt-LT"},{"@type":"Organization","@id":"https:\/\/www.silutesnaujienos.lt\/lt\/#organization","name":"\u0160ilut\u0117s naujienos","url":"https:\/\/www.silutesnaujienos.lt\/lt\/","logo":{"@type":"ImageObject","inLanguage":"lt-LT","@id":"https:\/\/www.silutesnaujienos.lt\/lt\/#\/schema\/logo\/image\/","url":"https:\/\/www.silutesnaujienos.lt\/lt\/wp-content\/uploads\/2020\/06\/FB_MAIN.jpg","contentUrl":"https:\/\/www.silutesnaujienos.lt\/lt\/wp-content\/uploads\/2020\/06\/FB_MAIN.jpg","width":1700,"height":956,"caption":"\u0160ilut\u0117s naujienos"},"image":{"@id":"https:\/\/www.silutesnaujienos.lt\/lt\/#\/schema\/logo\/image\/"},"sameAs":["https:\/\/www.facebook.com\/silutes.naujienos\/","https:\/\/www.youtube.com\/channel\/UCxW-cgrJDt8GxIMxSTAfJZg"]},{"@type":"Person","@id":"https:\/\/www.silutesnaujienos.lt\/lt\/#\/schema\/person\/232f475ddd4a7b5f49b3abc788b17e83","name":"\u0160ilut\u0117s naujien\u0173 inf.","image":{"@type":"ImageObject","inLanguage":"lt-LT","@id":"https:\/\/www.silutesnaujienos.lt\/lt\/wp-content\/uploads\/2020\/06\/favicon.png","url":"https:\/\/www.silutesnaujienos.lt\/lt\/wp-content\/uploads\/2020\/06\/favicon.png","contentUrl":"https:\/\/www.silutesnaujienos.lt\/lt\/wp-content\/uploads\/2020\/06\/favicon.png","caption":"\u0160ilut\u0117s naujien\u0173 inf."},"sameAs":["https:\/\/www.silutesnaujienos.lt\/lt"],"url":"https:\/\/www.silutesnaujienos.lt\/lt\/author\/ruta\/"}]}},"publishpress_future_workflow_manual_trigger":{"enabledWorkflows":[]},"amp_enabled":true,"_links":{"self":[{"href":"https:\/\/www.silutesnaujienos.lt\/lt\/wp-json\/wp\/v2\/posts\/14109","targetHints":{"allow":["GET"]}}],"collection":[{"href":"https:\/\/www.silutesnaujienos.lt\/lt\/wp-json\/wp\/v2\/posts"}],"about":[{"href":"https:\/\/www.silutesnaujienos.lt\/lt\/wp-json\/wp\/v2\/types\/post"}],"author":[{"embeddable":true,"href":"https:\/\/www.silutesnaujienos.lt\/lt\/wp-json\/wp\/v2\/users\/1"}],"replies":[{"embeddable":true,"href":"https:\/\/www.silutesnaujienos.lt\/lt\/wp-json\/wp\/v2\/comments?post=14109"}],"version-history":[{"count":0,"href":"https:\/\/www.silutesnaujienos.lt\/lt\/wp-json\/wp\/v2\/posts\/14109\/revisions"}],"wp:attachment":[{"href":"https:\/\/www.silutesnaujienos.lt\/lt\/wp-json\/wp\/v2\/media?parent=14109"}],"wp:term":[{"taxonomy":"category","embeddable":true,"href":"https:\/\/www.silutesnaujienos.lt\/lt\/wp-json\/wp\/v2\/categories?post=14109"},{"taxonomy":"post_tag","embeddable":true,"href":"https:\/\/www.silutesnaujienos.lt\/lt\/wp-json\/wp\/v2\/tags?post=14109"}],"curies":[{"name":"wp","href":"https:\/\/api.w.org\/{rel}","templated":true}]}}