{"id":14113,"date":"2013-01-19T16:00:00","date_gmt":"2013-01-19T18:00:00","guid":{"rendered":"https:\/\/www.silutesnaujienos.lt\/lt\/vicemerui-a-balcyciui-pabodo-visuomenines-pareigos\/"},"modified":"2013-01-19T16:00:00","modified_gmt":"2013-01-19T18:00:00","slug":"vicemerui-a-balcyciui-pabodo-visuomenines-pareigos","status":"publish","type":"post","link":"https:\/\/www.silutesnaujienos.lt\/lt\/vicemerui-a-balcyciui-pabodo-visuomenines-pareigos\/","title":{"rendered":"Vicemerui A.Bal\u010dy\u010diui pabodo visuomenin\u0117s pareigos?"},"content":{"rendered":"<p><a target=\"_blank\" rel=\"caption[Vicemeras A.Bal\u010dytis i\u0161 prad\u017ei\u0173 \u017ead\u0117jo dirbti nemokamai, bet \u012fsisuk\u0119s \u012f Savivaldyb\u0117s problem\u0173 sprendimus sugai\u0161ta daug laiko ir jau nor\u0117t\u0173 u\u017e atliekamas pareigas gauti atlyginim\u0105.] noopener noreferrer\" class=\"jcepopup\" href=\"\/\/silutesnaujienos.lt\/images\/stories\/2013\/01\/18\/vicemeras_balcytis.jpg\" data-rel=\"lightbox-gallery-RILBTrZz\" data-rl_title=\"\" data-rl_caption=\"\"><img loading=\"lazy\" decoding=\"async\" style=\"margin: 5px; float: left;\" class=\"caption\" title=\"\" alt=\"vicemeras balcytis\" src=\"\/\/silutesnaujienos.lt\/images\/stories\/2013\/01\/18\/thumbnails\/thumb_vicemeras_balcytis.jpg\" height=\"230\" width=\"307\" \/><\/a><strong>Gal ir per anksti rajono mer\u0117 Daiva \u017debelien\u0117 pasid\u017eiaug\u0117, kad jos vadovaujamos rajono Tarybos vadovyb\u0117 daugiau nei perpus pigesn\u0117 u\u017e buvusio mero Virgilijaus Pozingio komand\u0105. Apie tai \u201e\u0160ilut\u0117s naujienos\u201c ra\u0161\u0117 sausio 11 d. straipsnyje \u201ePabrango ar atpigo m\u016bs\u0173 vald\u017eia\u201c.<\/strong><\/p>\n<p>Pra\u0117jusi\u0173 met\u0173 bir\u017eelio m\u0117nes\u012f rajono vald\u017ei\u0105 per\u0117musi D.\u017debelien\u0117 su koalicijos partneriais buvo pasiskelbusi, kad jos pavaduotojai &#8211; politikos mohikanai \u0160ar\u016bnas Lau\u017eikas ir Algirdas Bal\u010dytis dirbs visuomeniniais pagrindais &#8211; be atlyginimo.<\/p>\n<p>Ta\u010diau dabar \u012f vie\u0161um\u0105 pasklido \u017einia, kad A.Bal\u010dytis, kuris vicemero pareigas atlieka kiekvien\u0105 dien\u0105 visas darbo valandas, u\u017e darb\u0105 nor\u0117t\u0173 gauti ir deram\u0105 atlyginim\u0105.<\/p>\n<p><strong>Nei neigia, nei patvirtina<\/strong><\/p>\n<p>\u201e\u0160ilut\u0117s naujienos\u201c A.Bal\u010dy\u010dio tiesiai paklaus\u0117, ar jis i\u0161ties jau pra\u0161osi pakeisti visuomenines pareigas \u012f etatines.<\/p>\n<p>Vicemeras pirmiausia nustebo, i\u0161 kur tokie gandai? Jis nei paneig\u0117, nei patvirtino, kad jau nor\u0117t\u0173 gauti atlyginim\u0105 u\u017e mero pavaduotojo darb\u0105. Tik pasak\u0117, kad oficialaus pra\u0161ymo dar niekam ne\u012fteik\u0117, tod\u0117l netur\u0117t\u0173 b\u016bti ir koki\u0173 nors svarstym\u0173 apie tai rajono Taryboje ar valdan\u010diojoje koalicijoje.<\/p>\n<p><strong>Mer\u0117 neprie\u0161taraut\u0173. Bet&#8230;<\/strong><\/p>\n<p>Mer\u0117 D.\u017debelien\u0117 nepaneig\u0117 gand\u0173 apie tai, kad vienas jos pavaduotojas jau nor\u0117t\u0173 atsisakyti \u012fsipareigojimo dirbti visuomeniniais pagrindais. Ji patvirtino, kad tokios kalbos yra privataus pob\u016bd\u017eio, oficialaus pra\u0161ymo, svarstymo su koalicijos partneriais ar parengto sprendimo projekto dar n\u0117ra.<\/p>\n<p>D.\u017debelien\u0117 sak\u0117 suprantanti A.Bal\u010dyt\u012f: jis dirba visu darbo kr\u016bviu ir nor\u0117t\u0173, jog u\u017e darb\u0105 b\u016bt\u0173 apmok\u0117ta. Dabar abu vicemerai i\u0161 rajono biud\u017eeto per m\u0117nes\u012f gauna tik po 1000 Lt kompensacijas u\u017e i\u0161laidas, kurias patiria eidami rajono Tarybos nario pareigas. Tokias pat kompensacijas gauna ir likusieji rajono Tarybos nariai, kurie Savivaldyb\u0117je pasirodo ir \u012fvairius klausimus spend\u017eia vos kelias valandas per m\u0117nes\u012f.<\/p>\n<p>Kalb\u0117dama apie A.Bal\u010dy\u010dio darb\u0105, D.\u017debelien\u0117 sak\u0117, kad jis r\u016bpinasi Savivaldyb\u0117s jau \u012fgyvendinamomis ir dar tik planuojamomis statybomis, stengiasi, kad Vyriausyb\u0117 m\u016bs\u0173 rajonui skirt\u0173 daugiau investicini\u0173 l\u0117\u0161\u0173.<\/p>\n<p>Bet D.\u017debelien\u0117 primena, kad A.Bal\u010dy\u010diui atsisakius \u012fsipareigojimo eiti vicemero pareigas be atlyginimo, visa galima politin\u0117 atsakomyb\u0117 atiteks jam pa\u010diam.<\/p>\n<p><strong>Didinti etat\u0173 skai\u010di\u0173 dar ne laikas<\/strong><\/p>\n<p>Kitas mer\u0117s pavaduotojas \u0160.Lau\u017eikas Savivaldyb\u0117je sugai\u0161ta daug ma\u017eiau laiko nei A.Bal\u010dytis &#8211; tik tiek, kiek mano esant svarbu: dalyvauja rajono vadov\u0173, jo kuruojam\u0173 sri\u010di\u0173 vadov\u0173 pasitarimuose, rajono Tarybos komitet\u0173 pos\u0117d\u017eiuose.<\/p>\n<p>\u201e\u0160ilut\u0117s naujienoms\u201c \u0160.Lau\u017eikas sak\u0117 manantis, kad dar anksti didinti etatini\u0173 savivaldyb\u0117s vadov\u0173 skai\u010di\u0173. Jo nuomone, mero pavaduotoj\u0173 pareigos yra pernelyg sureik\u0161mintos ir tikrai gal\u0117t\u0173 i\u0161likti visuomenin\u0117s ne tik \u0161ioje kadencijoje, bet ir ateityje.<\/p>\n<p>\u0160.Lau\u017eikas gerai vertina A.Bal\u010dy\u010dio iniciatyv\u0105 dirbti vis\u0105 darbo laik\u0105. Ta\u010diau jis mano, kad tokia iniciatyva yra labiau A.Bal\u010dy\u010dio gyvenimo \u012fprotis ar tiesiog pom\u0117gis, bet ne b\u016btinyb\u0117.<\/p>\n<p>\u0160.Lau\u017eiko nuomone, vert\u0117t\u0173 pasvarstyti ir tai, ar tikrai b\u016btini du Savivaldyb\u0117s administracijos direktoriaus pavaduotojai. Gal racionaliau b\u016bt\u0173 atitinkamai perskirstyti Savivaldyb\u0117s administracijai i\u0161laikyti skirtas l\u0117\u0161as ir daugiau \u012fgaliojim\u0173 suteikti Savivaldyb\u0117s administracijos skyri\u0173 ved\u0117jams? Pora didesn\u0117s apimties skyri\u0173 ved\u0117j\u0173 gal\u0117t\u0173 eiti ir direktoriaus pavaduotoj\u0173 pareigas.<\/p>\n<p>Pasak \u0160.Lau\u017eiko, valdininkijos \u0160ilut\u0117s savivaldyb\u0117je padaug\u0117jo 2007 metais, kai po savivaldos rinkim\u0173 rajono vald\u017eia lipdyta i\u0161 didesnio valdan\u010diosios koalicijos partneri\u0173 skai\u010diaus.<\/p>\n<p><strong>Opozicijos lyderio nuomon\u0117<\/strong><\/p>\n<p>Opozicijos lyderis, Valstie\u010di\u0173 ir \u017eali\u0173j\u0173 s\u0105jungos \u0160ilut\u0117s skyriaus pirmininkas Virgilijus Pozingis \u012fsitikin\u0119s, kad opozicijos politikai nepritart\u0173, jog b\u016bt\u0173 didinamas mer\u0117s komandos etatini\u0173 darbuotoj\u0173 skai\u010dius. \u201eTiek pla\u010diai populisti\u0161kai i\u0161sireklamavo apie pasiaukojim\u0105 dirbti visuomeniniais pagrindais, o dabar lyg niekur nieko ketina \u201epabrangti\u201c mokes\u010di\u0173 mok\u0117tojams\u201c, &#8211; steb\u0117josi V.Pozingis.<\/p>\n<p>Jis mano, kad vald\u017eia turi vykdyti savo pa\u017eadus arba prisipa\u017einti, kad siekdama populizmo, per daug prisigyr\u0117.<\/p>\n","protected":false},"excerpt":{"rendered":"<p>Gal ir per anksti rajono mer\u0117 Daiva \u017debelien\u0117 pasid\u017eiaug\u0117, kad jos vadovaujamos rajono Tarybos vadovyb\u0117 daugiau nei perpus pigesn\u0117 u\u017e buvusio mero Virgilijaus Pozingio komand\u0105. Apie tai \u201e\u0160ilut\u0117s naujienos\u201c ra\u0161\u0117 sausio 11 d. straipsnyje \u201ePabrango ar atpigo m\u016bs\u0173 vald\u017eia\u201c. Pra\u0117jusi\u0173 met\u0173 bir\u017eelio m\u0117nes\u012f rajono vald\u017ei\u0105 per\u0117musi D.\u017debelien\u0117 su koalicijos partneriais buvo pasiskelbusi, kad jos pavaduotojai [&hellip;]<\/p>\n","protected":false},"author":1,"featured_media":0,"comment_status":"open","ping_status":"open","sticky":false,"template":"","format":"standard","meta":{"footnotes":""},"categories":[2],"tags":[],"class_list":{"0":"post-14113","1":"post","2":"type-post","3":"status-publish","4":"format-standard","6":"category-aktualijos"},"yoast_head":"<!-- This site is optimized with the Yoast SEO plugin v27.5 - https:\/\/yoast.com\/product\/yoast-seo-wordpress\/ -->\n<title>Vicemerui A.Bal\u010dy\u010diui pabodo visuomenin\u0117s pareigos? - \u0160ilut\u0117s naujienos<\/title>\n<meta name=\"robots\" content=\"index, follow, max-snippet:-1, max-image-preview:large, max-video-preview:-1\" \/>\n<link rel=\"canonical\" href=\"https:\/\/www.silutesnaujienos.lt\/lt\/vicemerui-a-balcyciui-pabodo-visuomenines-pareigos\/\" \/>\n<meta property=\"og:locale\" content=\"lt_LT\" \/>\n<meta property=\"og:type\" content=\"article\" \/>\n<meta property=\"og:title\" content=\"Vicemerui A.Bal\u010dy\u010diui pabodo visuomenin\u0117s pareigos? - \u0160ilut\u0117s naujienos\" \/>\n<meta property=\"og:description\" content=\"Gal ir per anksti rajono mer\u0117 Daiva \u017debelien\u0117 pasid\u017eiaug\u0117, kad jos vadovaujamos rajono Tarybos vadovyb\u0117 daugiau nei perpus pigesn\u0117 u\u017e buvusio mero Virgilijaus Pozingio komand\u0105. Apie tai \u201e\u0160ilut\u0117s naujienos\u201c ra\u0161\u0117 sausio 11 d. straipsnyje \u201ePabrango ar atpigo m\u016bs\u0173 vald\u017eia\u201c. Pra\u0117jusi\u0173 met\u0173 bir\u017eelio m\u0117nes\u012f rajono vald\u017ei\u0105 per\u0117musi D.\u017debelien\u0117 su koalicijos partneriais buvo pasiskelbusi, kad jos pavaduotojai [&hellip;]\" \/>\n<meta property=\"og:url\" content=\"https:\/\/www.silutesnaujienos.lt\/lt\/vicemerui-a-balcyciui-pabodo-visuomenines-pareigos\/\" \/>\n<meta property=\"og:site_name\" content=\"\u0160ilut\u0117s naujienos\" \/>\n<meta property=\"article:publisher\" content=\"https:\/\/www.facebook.com\/silutes.naujienos\/\" \/>\n<meta property=\"article:published_time\" content=\"2013-01-19T18:00:00+00:00\" \/>\n<meta property=\"og:image\" content=\"\/\/silutesnaujienos.lt\/images\/stories\/2013\/01\/18\/thumbnails\/thumb_vicemeras_balcytis.jpg\" \/>\n<meta name=\"author\" content=\"\u0160ilut\u0117s naujien\u0173 inf.\" \/>\n<meta name=\"twitter:card\" content=\"summary_large_image\" \/>\n<meta name=\"twitter:label1\" content=\"Written by\" \/>\n\t<meta name=\"twitter:data1\" content=\"\u0160ilut\u0117s naujien\u0173 inf.\" \/>\n\t<meta name=\"twitter:label2\" content=\"Est. reading time\" \/>\n\t<meta name=\"twitter:data2\" content=\"3 minut\u0117s\" \/>\n<script type=\"application\/ld+json\" class=\"yoast-schema-graph\">{\"@context\":\"https:\\\/\\\/schema.org\",\"@graph\":[{\"@type\":\"Article\",\"@id\":\"https:\\\/\\\/www.silutesnaujienos.lt\\\/lt\\\/vicemerui-a-balcyciui-pabodo-visuomenines-pareigos\\\/#article\",\"isPartOf\":{\"@id\":\"https:\\\/\\\/www.silutesnaujienos.lt\\\/lt\\\/vicemerui-a-balcyciui-pabodo-visuomenines-pareigos\\\/\"},\"author\":{\"name\":\"\u0160ilut\u0117s naujien\u0173 inf.\",\"@id\":\"https:\\\/\\\/www.silutesnaujienos.lt\\\/lt\\\/#\\\/schema\\\/person\\\/232f475ddd4a7b5f49b3abc788b17e83\"},\"headline\":\"Vicemerui A.Bal\u010dy\u010diui pabodo visuomenin\u0117s pareigos?\",\"datePublished\":\"2013-01-19T18:00:00+00:00\",\"mainEntityOfPage\":{\"@id\":\"https:\\\/\\\/www.silutesnaujienos.lt\\\/lt\\\/vicemerui-a-balcyciui-pabodo-visuomenines-pareigos\\\/\"},\"wordCount\":658,\"commentCount\":0,\"publisher\":{\"@id\":\"https:\\\/\\\/www.silutesnaujienos.lt\\\/lt\\\/#organization\"},\"articleSection\":[\"Aktualijos\"],\"inLanguage\":\"lt-LT\",\"potentialAction\":[{\"@type\":\"CommentAction\",\"name\":\"Comment\",\"target\":[\"https:\\\/\\\/www.silutesnaujienos.lt\\\/lt\\\/vicemerui-a-balcyciui-pabodo-visuomenines-pareigos\\\/#respond\"]}]},{\"@type\":\"WebPage\",\"@id\":\"https:\\\/\\\/www.silutesnaujienos.lt\\\/lt\\\/vicemerui-a-balcyciui-pabodo-visuomenines-pareigos\\\/\",\"url\":\"https:\\\/\\\/www.silutesnaujienos.lt\\\/lt\\\/vicemerui-a-balcyciui-pabodo-visuomenines-pareigos\\\/\",\"name\":\"Vicemerui A.Bal\u010dy\u010diui pabodo visuomenin\u0117s pareigos? - \u0160ilut\u0117s naujienos\",\"isPartOf\":{\"@id\":\"https:\\\/\\\/www.silutesnaujienos.lt\\\/lt\\\/#website\"},\"datePublished\":\"2013-01-19T18:00:00+00:00\",\"breadcrumb\":{\"@id\":\"https:\\\/\\\/www.silutesnaujienos.lt\\\/lt\\\/vicemerui-a-balcyciui-pabodo-visuomenines-pareigos\\\/#breadcrumb\"},\"inLanguage\":\"lt-LT\",\"potentialAction\":[{\"@type\":\"ReadAction\",\"target\":[\"https:\\\/\\\/www.silutesnaujienos.lt\\\/lt\\\/vicemerui-a-balcyciui-pabodo-visuomenines-pareigos\\\/\"]}]},{\"@type\":\"BreadcrumbList\",\"@id\":\"https:\\\/\\\/www.silutesnaujienos.lt\\\/lt\\\/vicemerui-a-balcyciui-pabodo-visuomenines-pareigos\\\/#breadcrumb\",\"itemListElement\":[{\"@type\":\"ListItem\",\"position\":1,\"name\":\"Home\",\"item\":\"https:\\\/\\\/www.silutesnaujienos.lt\\\/lt\\\/\"},{\"@type\":\"ListItem\",\"position\":2,\"name\":\"Vicemerui A.Bal\u010dy\u010diui pabodo visuomenin\u0117s pareigos?\"}]},{\"@type\":\"WebSite\",\"@id\":\"https:\\\/\\\/www.silutesnaujienos.lt\\\/lt\\\/#website\",\"url\":\"https:\\\/\\\/www.silutesnaujienos.lt\\\/lt\\\/\",\"name\":\"\u0160ilut\u0117s naujienos\",\"description\":\"B\u016bk ant naujien\u0173 bangos!\",\"publisher\":{\"@id\":\"https:\\\/\\\/www.silutesnaujienos.lt\\\/lt\\\/#organization\"},\"potentialAction\":[{\"@type\":\"SearchAction\",\"target\":{\"@type\":\"EntryPoint\",\"urlTemplate\":\"https:\\\/\\\/www.silutesnaujienos.lt\\\/lt\\\/?s={search_term_string}\"},\"query-input\":{\"@type\":\"PropertyValueSpecification\",\"valueRequired\":true,\"valueName\":\"search_term_string\"}}],\"inLanguage\":\"lt-LT\"},{\"@type\":\"Organization\",\"@id\":\"https:\\\/\\\/www.silutesnaujienos.lt\\\/lt\\\/#organization\",\"name\":\"\u0160ilut\u0117s naujienos\",\"url\":\"https:\\\/\\\/www.silutesnaujienos.lt\\\/lt\\\/\",\"logo\":{\"@type\":\"ImageObject\",\"inLanguage\":\"lt-LT\",\"@id\":\"https:\\\/\\\/www.silutesnaujienos.lt\\\/lt\\\/#\\\/schema\\\/logo\\\/image\\\/\",\"url\":\"https:\\\/\\\/www.silutesnaujienos.lt\\\/lt\\\/wp-content\\\/uploads\\\/2020\\\/06\\\/FB_MAIN.jpg\",\"contentUrl\":\"https:\\\/\\\/www.silutesnaujienos.lt\\\/lt\\\/wp-content\\\/uploads\\\/2020\\\/06\\\/FB_MAIN.jpg\",\"width\":1700,\"height\":956,\"caption\":\"\u0160ilut\u0117s naujienos\"},\"image\":{\"@id\":\"https:\\\/\\\/www.silutesnaujienos.lt\\\/lt\\\/#\\\/schema\\\/logo\\\/image\\\/\"},\"sameAs\":[\"https:\\\/\\\/www.facebook.com\\\/silutes.naujienos\\\/\",\"https:\\\/\\\/www.youtube.com\\\/channel\\\/UCxW-cgrJDt8GxIMxSTAfJZg\"]},{\"@type\":\"Person\",\"@id\":\"https:\\\/\\\/www.silutesnaujienos.lt\\\/lt\\\/#\\\/schema\\\/person\\\/232f475ddd4a7b5f49b3abc788b17e83\",\"name\":\"\u0160ilut\u0117s naujien\u0173 inf.\",\"image\":{\"@type\":\"ImageObject\",\"inLanguage\":\"lt-LT\",\"@id\":\"https:\\\/\\\/www.silutesnaujienos.lt\\\/lt\\\/wp-content\\\/uploads\\\/2020\\\/06\\\/favicon.png\",\"url\":\"https:\\\/\\\/www.silutesnaujienos.lt\\\/lt\\\/wp-content\\\/uploads\\\/2020\\\/06\\\/favicon.png\",\"contentUrl\":\"https:\\\/\\\/www.silutesnaujienos.lt\\\/lt\\\/wp-content\\\/uploads\\\/2020\\\/06\\\/favicon.png\",\"caption\":\"\u0160ilut\u0117s naujien\u0173 inf.\"},\"sameAs\":[\"https:\\\/\\\/www.silutesnaujienos.lt\\\/lt\"],\"url\":\"https:\\\/\\\/www.silutesnaujienos.lt\\\/lt\\\/author\\\/ruta\\\/\"}]}<\/script>\n<!-- \/ Yoast SEO plugin. -->","yoast_head_json":{"title":"Vicemerui A.Bal\u010dy\u010diui pabodo visuomenin\u0117s pareigos? - \u0160ilut\u0117s naujienos","robots":{"index":"index","follow":"follow","max-snippet":"max-snippet:-1","max-image-preview":"max-image-preview:large","max-video-preview":"max-video-preview:-1"},"canonical":"https:\/\/www.silutesnaujienos.lt\/lt\/vicemerui-a-balcyciui-pabodo-visuomenines-pareigos\/","og_locale":"lt_LT","og_type":"article","og_title":"Vicemerui A.Bal\u010dy\u010diui pabodo visuomenin\u0117s pareigos? - \u0160ilut\u0117s naujienos","og_description":"Gal ir per anksti rajono mer\u0117 Daiva \u017debelien\u0117 pasid\u017eiaug\u0117, kad jos vadovaujamos rajono Tarybos vadovyb\u0117 daugiau nei perpus pigesn\u0117 u\u017e buvusio mero Virgilijaus Pozingio komand\u0105. Apie tai \u201e\u0160ilut\u0117s naujienos\u201c ra\u0161\u0117 sausio 11 d. straipsnyje \u201ePabrango ar atpigo m\u016bs\u0173 vald\u017eia\u201c. Pra\u0117jusi\u0173 met\u0173 bir\u017eelio m\u0117nes\u012f rajono vald\u017ei\u0105 per\u0117musi D.\u017debelien\u0117 su koalicijos partneriais buvo pasiskelbusi, kad jos pavaduotojai [&hellip;]","og_url":"https:\/\/www.silutesnaujienos.lt\/lt\/vicemerui-a-balcyciui-pabodo-visuomenines-pareigos\/","og_site_name":"\u0160ilut\u0117s naujienos","article_publisher":"https:\/\/www.facebook.com\/silutes.naujienos\/","article_published_time":"2013-01-19T18:00:00+00:00","og_image":[{"url":"\/\/silutesnaujienos.lt\/images\/stories\/2013\/01\/18\/thumbnails\/thumb_vicemeras_balcytis.jpg","type":"","width":"","height":""}],"author":"\u0160ilut\u0117s naujien\u0173 inf.","twitter_card":"summary_large_image","twitter_misc":{"Written by":"\u0160ilut\u0117s naujien\u0173 inf.","Est. reading time":"3 minut\u0117s"},"schema":{"@context":"https:\/\/schema.org","@graph":[{"@type":"Article","@id":"https:\/\/www.silutesnaujienos.lt\/lt\/vicemerui-a-balcyciui-pabodo-visuomenines-pareigos\/#article","isPartOf":{"@id":"https:\/\/www.silutesnaujienos.lt\/lt\/vicemerui-a-balcyciui-pabodo-visuomenines-pareigos\/"},"author":{"name":"\u0160ilut\u0117s naujien\u0173 inf.","@id":"https:\/\/www.silutesnaujienos.lt\/lt\/#\/schema\/person\/232f475ddd4a7b5f49b3abc788b17e83"},"headline":"Vicemerui A.Bal\u010dy\u010diui pabodo visuomenin\u0117s pareigos?","datePublished":"2013-01-19T18:00:00+00:00","mainEntityOfPage":{"@id":"https:\/\/www.silutesnaujienos.lt\/lt\/vicemerui-a-balcyciui-pabodo-visuomenines-pareigos\/"},"wordCount":658,"commentCount":0,"publisher":{"@id":"https:\/\/www.silutesnaujienos.lt\/lt\/#organization"},"articleSection":["Aktualijos"],"inLanguage":"lt-LT","potentialAction":[{"@type":"CommentAction","name":"Comment","target":["https:\/\/www.silutesnaujienos.lt\/lt\/vicemerui-a-balcyciui-pabodo-visuomenines-pareigos\/#respond"]}]},{"@type":"WebPage","@id":"https:\/\/www.silutesnaujienos.lt\/lt\/vicemerui-a-balcyciui-pabodo-visuomenines-pareigos\/","url":"https:\/\/www.silutesnaujienos.lt\/lt\/vicemerui-a-balcyciui-pabodo-visuomenines-pareigos\/","name":"Vicemerui A.Bal\u010dy\u010diui pabodo visuomenin\u0117s pareigos? - \u0160ilut\u0117s naujienos","isPartOf":{"@id":"https:\/\/www.silutesnaujienos.lt\/lt\/#website"},"datePublished":"2013-01-19T18:00:00+00:00","breadcrumb":{"@id":"https:\/\/www.silutesnaujienos.lt\/lt\/vicemerui-a-balcyciui-pabodo-visuomenines-pareigos\/#breadcrumb"},"inLanguage":"lt-LT","potentialAction":[{"@type":"ReadAction","target":["https:\/\/www.silutesnaujienos.lt\/lt\/vicemerui-a-balcyciui-pabodo-visuomenines-pareigos\/"]}]},{"@type":"BreadcrumbList","@id":"https:\/\/www.silutesnaujienos.lt\/lt\/vicemerui-a-balcyciui-pabodo-visuomenines-pareigos\/#breadcrumb","itemListElement":[{"@type":"ListItem","position":1,"name":"Home","item":"https:\/\/www.silutesnaujienos.lt\/lt\/"},{"@type":"ListItem","position":2,"name":"Vicemerui A.Bal\u010dy\u010diui pabodo visuomenin\u0117s pareigos?"}]},{"@type":"WebSite","@id":"https:\/\/www.silutesnaujienos.lt\/lt\/#website","url":"https:\/\/www.silutesnaujienos.lt\/lt\/","name":"\u0160ilut\u0117s naujienos","description":"B\u016bk ant naujien\u0173 bangos!","publisher":{"@id":"https:\/\/www.silutesnaujienos.lt\/lt\/#organization"},"potentialAction":[{"@type":"SearchAction","target":{"@type":"EntryPoint","urlTemplate":"https:\/\/www.silutesnaujienos.lt\/lt\/?s={search_term_string}"},"query-input":{"@type":"PropertyValueSpecification","valueRequired":true,"valueName":"search_term_string"}}],"inLanguage":"lt-LT"},{"@type":"Organization","@id":"https:\/\/www.silutesnaujienos.lt\/lt\/#organization","name":"\u0160ilut\u0117s naujienos","url":"https:\/\/www.silutesnaujienos.lt\/lt\/","logo":{"@type":"ImageObject","inLanguage":"lt-LT","@id":"https:\/\/www.silutesnaujienos.lt\/lt\/#\/schema\/logo\/image\/","url":"https:\/\/www.silutesnaujienos.lt\/lt\/wp-content\/uploads\/2020\/06\/FB_MAIN.jpg","contentUrl":"https:\/\/www.silutesnaujienos.lt\/lt\/wp-content\/uploads\/2020\/06\/FB_MAIN.jpg","width":1700,"height":956,"caption":"\u0160ilut\u0117s naujienos"},"image":{"@id":"https:\/\/www.silutesnaujienos.lt\/lt\/#\/schema\/logo\/image\/"},"sameAs":["https:\/\/www.facebook.com\/silutes.naujienos\/","https:\/\/www.youtube.com\/channel\/UCxW-cgrJDt8GxIMxSTAfJZg"]},{"@type":"Person","@id":"https:\/\/www.silutesnaujienos.lt\/lt\/#\/schema\/person\/232f475ddd4a7b5f49b3abc788b17e83","name":"\u0160ilut\u0117s naujien\u0173 inf.","image":{"@type":"ImageObject","inLanguage":"lt-LT","@id":"https:\/\/www.silutesnaujienos.lt\/lt\/wp-content\/uploads\/2020\/06\/favicon.png","url":"https:\/\/www.silutesnaujienos.lt\/lt\/wp-content\/uploads\/2020\/06\/favicon.png","contentUrl":"https:\/\/www.silutesnaujienos.lt\/lt\/wp-content\/uploads\/2020\/06\/favicon.png","caption":"\u0160ilut\u0117s naujien\u0173 inf."},"sameAs":["https:\/\/www.silutesnaujienos.lt\/lt"],"url":"https:\/\/www.silutesnaujienos.lt\/lt\/author\/ruta\/"}]}},"publishpress_future_workflow_manual_trigger":{"enabledWorkflows":[]},"amp_enabled":true,"_links":{"self":[{"href":"https:\/\/www.silutesnaujienos.lt\/lt\/wp-json\/wp\/v2\/posts\/14113","targetHints":{"allow":["GET"]}}],"collection":[{"href":"https:\/\/www.silutesnaujienos.lt\/lt\/wp-json\/wp\/v2\/posts"}],"about":[{"href":"https:\/\/www.silutesnaujienos.lt\/lt\/wp-json\/wp\/v2\/types\/post"}],"author":[{"embeddable":true,"href":"https:\/\/www.silutesnaujienos.lt\/lt\/wp-json\/wp\/v2\/users\/1"}],"replies":[{"embeddable":true,"href":"https:\/\/www.silutesnaujienos.lt\/lt\/wp-json\/wp\/v2\/comments?post=14113"}],"version-history":[{"count":0,"href":"https:\/\/www.silutesnaujienos.lt\/lt\/wp-json\/wp\/v2\/posts\/14113\/revisions"}],"wp:attachment":[{"href":"https:\/\/www.silutesnaujienos.lt\/lt\/wp-json\/wp\/v2\/media?parent=14113"}],"wp:term":[{"taxonomy":"category","embeddable":true,"href":"https:\/\/www.silutesnaujienos.lt\/lt\/wp-json\/wp\/v2\/categories?post=14113"},{"taxonomy":"post_tag","embeddable":true,"href":"https:\/\/www.silutesnaujienos.lt\/lt\/wp-json\/wp\/v2\/tags?post=14113"}],"curies":[{"name":"wp","href":"https:\/\/api.w.org\/{rel}","templated":true}]}}