{"id":14114,"date":"2013-02-06T12:00:00","date_gmt":"2013-02-06T14:00:00","guid":{"rendered":"https:\/\/www.silutesnaujienos.lt\/lt\/viesumoje-pasirode-seimo-nario-a-skardziaus-padejeja\/"},"modified":"2013-02-06T12:00:00","modified_gmt":"2013-02-06T14:00:00","slug":"viesumoje-pasirode-seimo-nario-a-skardziaus-padejeja","status":"publish","type":"post","link":"https:\/\/www.silutesnaujienos.lt\/lt\/viesumoje-pasirode-seimo-nario-a-skardziaus-padejeja\/","title":{"rendered":"Vie\u0161umoje pasirod\u0117 Seimo nario A.Skard\u017eiaus pad\u0117j\u0117ja"},"content":{"rendered":"<p><a target=\"_blank\" rel=\"caption[Pra\u0117jus\u012f ketvirtadien\u012f rajono Tarybos pos\u0117d\u012f steb\u0117jo kol kas vie\u0161ai nepristatyta Seimo nario A.Skard\u017eiaus pad\u0117j\u0117ja V.Stungurien\u0117.] noopener noreferrer\" class=\"jcepopup\" href=\"\/\/silutesnaujienos.lt\/images\/stories\/2013\/02\/05\/STUNGURIENE_2.jpg\" data-rel=\"lightbox-gallery-5gCJyQg9\" data-rl_title=\"\" data-rl_caption=\"\"><img loading=\"lazy\" decoding=\"async\" style=\"margin: 5px; float: left;\" class=\"caption\" title=\"\" alt=\"STUNGURIENE 2\" src=\"\/\/silutesnaujienos.lt\/images\/stories\/2013\/02\/05\/thumbnails\/thumb_STUNGURIENE_2.jpg\" height=\"230\" width=\"307\" \/><\/a><strong>Pra\u0117jus\u012f ketvirtadien\u012f rajono Tarybos pos\u0117d\u012f steb\u0117jo niekam neprisista\u010diusi \u0161iluti\u0161k\u0117 Vilma Stungurien\u0117. \u201e\u0160ilut\u0117s naujienoms\u201c pavyko i\u0161siai\u0161kinti, kad ji yra iki \u0161iol paslaptyje laikyta Seimo nario Art\u016bro Skard\u017eiaus pad\u0117j\u0117ja.<\/strong><\/p>\n<p><strong>M\u016bs\u0173 kra\u0161te i\u0161rinktas Seimo narys A.Skard\u017eius ir pats nebeu\u017esuka \u012f \u0160ilut\u0119, ir rink\u0117jams delsia pristatyti savo pad\u0117j\u0117j\u0105, kuri dirbs \u0160ilut\u0117je.<\/strong><\/p>\n<p>\u201e\u0160ilut\u0117s naujien\u0173\u201c \u017einiomis, Socialdemokrat\u0173 partijos \u0160ilut\u0117s skyriaus vadovai dar prie\u0161 \u0160v. Kal\u0117das jam buvo pasi\u016bl\u0119 keturis asmenis, kurie gal\u0117t\u0173 eiti \u0161ias pareigas, bet niekas nei\u0161dav\u0117, k\u0105 A.Skard\u017eius pasirinko sau \u012f pad\u0117j\u0117jus.<\/p>\n<p>Paslaptis, kaip yla i\u0161 mai\u0161o, i\u0161lindo pati.<\/p>\n<p><strong>Neranda, kam pasisk\u0173sti<\/strong><\/p>\n<p>\u0160iluti\u0161kiai jau varst\u0117 redakcijos duris, nor\u0117dami su\u017einoti, kur pradingo m\u016bs\u0173 rajono atstovas Seime A.Skard\u017eius, ar bent kur rasti jo pad\u0117j\u0117j\u0105.<\/p>\n<p>\u0160iluti\u0161kiai stebisi, kad per rinkimus pasi\u017ead\u0117j\u0119s da\u017enai lankytis m\u016bs\u0173 kra\u0161te ir pad\u0117ti spr\u0119sti&nbsp; rink\u0117j\u0173 problemas, A.Skard\u017eius jau daugiau nei tris m\u0117nesius yra prapuol\u0119s kaip \u017euvis vandenyje.<\/p>\n<p>\u017dmon\u0117ms r\u016bpi, kod\u0117l v\u0117l grasinama branginti elektr\u0105, ar \u012fmanoma sustabdyti v\u0117jo j\u0117gaini\u0173 parko pl\u0117tr\u0105, jeigu jos trukdo gyventi artimiausi\u0173 sodyb\u0173 \u017emon\u0117ms, nori pask\u0173sti Savivaldyb\u0117s \u0161ilumos \u012fmon\u0117s administracij\u0105, kad ji reikalauja mokes\u010di\u0173 u\u017e paslaugas, kuri\u0173 neteikia, o Savivaldyb\u0117s vadovai nesir\u016bpina apginti gyventojus, ir t.t.<\/p>\n<p>Rink\u0117jai savo r\u016bpes\u010dius jau yra i\u0161d\u0117st\u0119 Seimo nariams Remigijui \u017demaitai\u010diui ir K\u0119stui Komskiui, aktyviai bendraujantiems su m\u016bs\u0173 kra\u0161to rink\u0117jais. Jie nor\u0117t\u0173 \u0161i\u0105 informacij\u0105 pateikti ir Seimo nariui A.Skard\u017eiui, kuris, beje, priklauso did\u017eiausiai ir \u012ftakingiausiai Seimo frakcijai &#8211; socialdemokratams.<\/p>\n<p>\u017dmon\u0117s pyksta, kad nesulaukia dalykini\u0173 susitikim\u0173 su A.Skard\u017eiumi, kad n\u0117ra paskelbta, kur gal\u0117t\u0173 rasti jam atstovaujant\u012f \u017emog\u0173.<\/p>\n<p><strong>Paslaptis praskleista<\/strong><\/p>\n<p>Socialdemokrat\u0173 skyriaus pirmininkas Alvidas \u0160imelionis, prispaustas \u201e\u0160ilut\u0117s naujien\u0173\u201c tiesaus klausimo, ar rajono Tarybos pos\u0117dyje apsilankiusi vie\u0161nia yra A.Skard\u017eiaus pad\u0117j\u0117ja, negal\u0117jo paneigti toki\u0173 prielaid\u0173.<\/p>\n<p>Jis gyn\u0117si, kad geriausiai savo pad\u0117j\u0117j\u0105 \u0160ilut\u0117s kra\u0161te gal\u0117t\u0173 pristatyti pats Seimo narys, ta\u010diau jis yra porai savai\u010di\u0173 komandiruotas \u012f Briusel\u012f.<\/p>\n<p>Pasak A.\u0160imelionio, V.Stungurien\u0117 labiausiai atitiko Seimo nario pad\u0117j\u0117jai keliamus reikalavimus. Ji turi neuniversitetinio teis\u0117s mokslo bakalauro laipsn\u012f ir yra Vilniaus universiteto 4 kurso student\u0117.<\/p>\n<p>A.\u0160imelionis sak\u0117, kad dabar V.Stungurien\u0119 darbo dienomis galima rasti Socialdemokrat\u0173&nbsp; b\u016bstin\u0117je &#8211; \u0160ilut\u0117s seni\u016bnijos pastate. V\u0117liau, kaip reikalauja \u012fstatymas, Seimo nario pad\u0117j\u0117jui Savivaldyb\u0117 paskirs atskir\u0105 kabinet\u0105.<\/p>\n<p>\u201e\u0160ilut\u0117s naujien\u0173\u201c \u017einiomis, Seimo nariui A.Skard\u017eiui Savivaldyb\u0117 ruo\u0161iasi suteikti kabinet\u0105 pastate, kuriame yra Kaimo reikal\u0173, \u017dem\u0117tvarkos skyriai. Seimo nario pad\u0117j\u0117ja b\u016bt\u0173 \u012fkurta pirmajame \u0161io pastato auk\u0161te, Savivaldyb\u0117s Kontrolieriaus tarnybos kaimynyst\u0117je, kabinete, kuriuo anks\u010diau naudojosi Savivaldyb\u0117s gamtosaugininkas Remigijus Rimkus.<\/p>\n<p>R.Rimkui prie\u0161 por\u0105 savai\u010di\u0173 suteikta darbo vieta pagrindiniame Savivaldyb\u0117s pastate.<\/p>\n","protected":false},"excerpt":{"rendered":"<p>Pra\u0117jus\u012f ketvirtadien\u012f rajono Tarybos pos\u0117d\u012f steb\u0117jo niekam neprisista\u010diusi \u0161iluti\u0161k\u0117 Vilma Stungurien\u0117. \u201e\u0160ilut\u0117s naujienoms\u201c pavyko i\u0161siai\u0161kinti, kad ji yra iki \u0161iol paslaptyje laikyta Seimo nario Art\u016bro Skard\u017eiaus pad\u0117j\u0117ja. M\u016bs\u0173 kra\u0161te i\u0161rinktas Seimo narys A.Skard\u017eius ir pats nebeu\u017esuka \u012f \u0160ilut\u0119, ir rink\u0117jams delsia pristatyti savo pad\u0117j\u0117j\u0105, kuri dirbs \u0160ilut\u0117je. \u201e\u0160ilut\u0117s naujien\u0173\u201c \u017einiomis, Socialdemokrat\u0173 partijos \u0160ilut\u0117s skyriaus vadovai [&hellip;]<\/p>\n","protected":false},"author":1,"featured_media":0,"comment_status":"open","ping_status":"open","sticky":false,"template":"","format":"standard","meta":{"footnotes":""},"categories":[2],"tags":[],"class_list":{"0":"post-14114","1":"post","2":"type-post","3":"status-publish","4":"format-standard","6":"category-aktualijos"},"yoast_head":"<!-- This site is optimized with the Yoast SEO plugin v27.5 - https:\/\/yoast.com\/product\/yoast-seo-wordpress\/ -->\n<title>Vie\u0161umoje pasirod\u0117 Seimo nario A.Skard\u017eiaus pad\u0117j\u0117ja - \u0160ilut\u0117s naujienos<\/title>\n<meta name=\"robots\" content=\"index, follow, max-snippet:-1, max-image-preview:large, max-video-preview:-1\" \/>\n<link rel=\"canonical\" href=\"https:\/\/www.silutesnaujienos.lt\/lt\/viesumoje-pasirode-seimo-nario-a-skardziaus-padejeja\/\" \/>\n<meta property=\"og:locale\" content=\"lt_LT\" \/>\n<meta property=\"og:type\" content=\"article\" \/>\n<meta property=\"og:title\" content=\"Vie\u0161umoje pasirod\u0117 Seimo nario A.Skard\u017eiaus pad\u0117j\u0117ja - \u0160ilut\u0117s naujienos\" \/>\n<meta property=\"og:description\" content=\"Pra\u0117jus\u012f ketvirtadien\u012f rajono Tarybos pos\u0117d\u012f steb\u0117jo niekam neprisista\u010diusi \u0161iluti\u0161k\u0117 Vilma Stungurien\u0117. \u201e\u0160ilut\u0117s naujienoms\u201c pavyko i\u0161siai\u0161kinti, kad ji yra iki \u0161iol paslaptyje laikyta Seimo nario Art\u016bro Skard\u017eiaus pad\u0117j\u0117ja. M\u016bs\u0173 kra\u0161te i\u0161rinktas Seimo narys A.Skard\u017eius ir pats nebeu\u017esuka \u012f \u0160ilut\u0119, ir rink\u0117jams delsia pristatyti savo pad\u0117j\u0117j\u0105, kuri dirbs \u0160ilut\u0117je. \u201e\u0160ilut\u0117s naujien\u0173\u201c \u017einiomis, Socialdemokrat\u0173 partijos \u0160ilut\u0117s skyriaus vadovai [&hellip;]\" \/>\n<meta property=\"og:url\" content=\"https:\/\/www.silutesnaujienos.lt\/lt\/viesumoje-pasirode-seimo-nario-a-skardziaus-padejeja\/\" \/>\n<meta property=\"og:site_name\" content=\"\u0160ilut\u0117s naujienos\" \/>\n<meta property=\"article:publisher\" content=\"https:\/\/www.facebook.com\/silutes.naujienos\/\" \/>\n<meta property=\"article:published_time\" content=\"2013-02-06T14:00:00+00:00\" \/>\n<meta property=\"og:image\" content=\"\/\/silutesnaujienos.lt\/images\/stories\/2013\/02\/05\/thumbnails\/thumb_STUNGURIENE_2.jpg\" \/>\n<meta name=\"author\" content=\"\u0160ilut\u0117s naujien\u0173 inf.\" \/>\n<meta name=\"twitter:card\" content=\"summary_large_image\" \/>\n<meta name=\"twitter:label1\" content=\"Written by\" \/>\n\t<meta name=\"twitter:data1\" content=\"\u0160ilut\u0117s naujien\u0173 inf.\" \/>\n\t<meta name=\"twitter:label2\" content=\"Est. reading time\" \/>\n\t<meta name=\"twitter:data2\" content=\"3 minut\u0117s\" \/>\n<script type=\"application\/ld+json\" class=\"yoast-schema-graph\">{\"@context\":\"https:\\\/\\\/schema.org\",\"@graph\":[{\"@type\":\"Article\",\"@id\":\"https:\\\/\\\/www.silutesnaujienos.lt\\\/lt\\\/viesumoje-pasirode-seimo-nario-a-skardziaus-padejeja\\\/#article\",\"isPartOf\":{\"@id\":\"https:\\\/\\\/www.silutesnaujienos.lt\\\/lt\\\/viesumoje-pasirode-seimo-nario-a-skardziaus-padejeja\\\/\"},\"author\":{\"name\":\"\u0160ilut\u0117s naujien\u0173 inf.\",\"@id\":\"https:\\\/\\\/www.silutesnaujienos.lt\\\/lt\\\/#\\\/schema\\\/person\\\/232f475ddd4a7b5f49b3abc788b17e83\"},\"headline\":\"Vie\u0161umoje pasirod\u0117 Seimo nario A.Skard\u017eiaus pad\u0117j\u0117ja\",\"datePublished\":\"2013-02-06T14:00:00+00:00\",\"mainEntityOfPage\":{\"@id\":\"https:\\\/\\\/www.silutesnaujienos.lt\\\/lt\\\/viesumoje-pasirode-seimo-nario-a-skardziaus-padejeja\\\/\"},\"wordCount\":522,\"commentCount\":0,\"publisher\":{\"@id\":\"https:\\\/\\\/www.silutesnaujienos.lt\\\/lt\\\/#organization\"},\"articleSection\":[\"Aktualijos\"],\"inLanguage\":\"lt-LT\",\"potentialAction\":[{\"@type\":\"CommentAction\",\"name\":\"Comment\",\"target\":[\"https:\\\/\\\/www.silutesnaujienos.lt\\\/lt\\\/viesumoje-pasirode-seimo-nario-a-skardziaus-padejeja\\\/#respond\"]}]},{\"@type\":\"WebPage\",\"@id\":\"https:\\\/\\\/www.silutesnaujienos.lt\\\/lt\\\/viesumoje-pasirode-seimo-nario-a-skardziaus-padejeja\\\/\",\"url\":\"https:\\\/\\\/www.silutesnaujienos.lt\\\/lt\\\/viesumoje-pasirode-seimo-nario-a-skardziaus-padejeja\\\/\",\"name\":\"Vie\u0161umoje pasirod\u0117 Seimo nario A.Skard\u017eiaus pad\u0117j\u0117ja - \u0160ilut\u0117s naujienos\",\"isPartOf\":{\"@id\":\"https:\\\/\\\/www.silutesnaujienos.lt\\\/lt\\\/#website\"},\"datePublished\":\"2013-02-06T14:00:00+00:00\",\"breadcrumb\":{\"@id\":\"https:\\\/\\\/www.silutesnaujienos.lt\\\/lt\\\/viesumoje-pasirode-seimo-nario-a-skardziaus-padejeja\\\/#breadcrumb\"},\"inLanguage\":\"lt-LT\",\"potentialAction\":[{\"@type\":\"ReadAction\",\"target\":[\"https:\\\/\\\/www.silutesnaujienos.lt\\\/lt\\\/viesumoje-pasirode-seimo-nario-a-skardziaus-padejeja\\\/\"]}]},{\"@type\":\"BreadcrumbList\",\"@id\":\"https:\\\/\\\/www.silutesnaujienos.lt\\\/lt\\\/viesumoje-pasirode-seimo-nario-a-skardziaus-padejeja\\\/#breadcrumb\",\"itemListElement\":[{\"@type\":\"ListItem\",\"position\":1,\"name\":\"Home\",\"item\":\"https:\\\/\\\/www.silutesnaujienos.lt\\\/lt\\\/\"},{\"@type\":\"ListItem\",\"position\":2,\"name\":\"Vie\u0161umoje pasirod\u0117 Seimo nario A.Skard\u017eiaus pad\u0117j\u0117ja\"}]},{\"@type\":\"WebSite\",\"@id\":\"https:\\\/\\\/www.silutesnaujienos.lt\\\/lt\\\/#website\",\"url\":\"https:\\\/\\\/www.silutesnaujienos.lt\\\/lt\\\/\",\"name\":\"\u0160ilut\u0117s naujienos\",\"description\":\"B\u016bk ant naujien\u0173 bangos!\",\"publisher\":{\"@id\":\"https:\\\/\\\/www.silutesnaujienos.lt\\\/lt\\\/#organization\"},\"potentialAction\":[{\"@type\":\"SearchAction\",\"target\":{\"@type\":\"EntryPoint\",\"urlTemplate\":\"https:\\\/\\\/www.silutesnaujienos.lt\\\/lt\\\/?s={search_term_string}\"},\"query-input\":{\"@type\":\"PropertyValueSpecification\",\"valueRequired\":true,\"valueName\":\"search_term_string\"}}],\"inLanguage\":\"lt-LT\"},{\"@type\":\"Organization\",\"@id\":\"https:\\\/\\\/www.silutesnaujienos.lt\\\/lt\\\/#organization\",\"name\":\"\u0160ilut\u0117s naujienos\",\"url\":\"https:\\\/\\\/www.silutesnaujienos.lt\\\/lt\\\/\",\"logo\":{\"@type\":\"ImageObject\",\"inLanguage\":\"lt-LT\",\"@id\":\"https:\\\/\\\/www.silutesnaujienos.lt\\\/lt\\\/#\\\/schema\\\/logo\\\/image\\\/\",\"url\":\"https:\\\/\\\/www.silutesnaujienos.lt\\\/lt\\\/wp-content\\\/uploads\\\/2020\\\/06\\\/FB_MAIN.jpg\",\"contentUrl\":\"https:\\\/\\\/www.silutesnaujienos.lt\\\/lt\\\/wp-content\\\/uploads\\\/2020\\\/06\\\/FB_MAIN.jpg\",\"width\":1700,\"height\":956,\"caption\":\"\u0160ilut\u0117s naujienos\"},\"image\":{\"@id\":\"https:\\\/\\\/www.silutesnaujienos.lt\\\/lt\\\/#\\\/schema\\\/logo\\\/image\\\/\"},\"sameAs\":[\"https:\\\/\\\/www.facebook.com\\\/silutes.naujienos\\\/\",\"https:\\\/\\\/www.youtube.com\\\/channel\\\/UCxW-cgrJDt8GxIMxSTAfJZg\"]},{\"@type\":\"Person\",\"@id\":\"https:\\\/\\\/www.silutesnaujienos.lt\\\/lt\\\/#\\\/schema\\\/person\\\/232f475ddd4a7b5f49b3abc788b17e83\",\"name\":\"\u0160ilut\u0117s naujien\u0173 inf.\",\"image\":{\"@type\":\"ImageObject\",\"inLanguage\":\"lt-LT\",\"@id\":\"https:\\\/\\\/www.silutesnaujienos.lt\\\/lt\\\/wp-content\\\/uploads\\\/2020\\\/06\\\/favicon.png\",\"url\":\"https:\\\/\\\/www.silutesnaujienos.lt\\\/lt\\\/wp-content\\\/uploads\\\/2020\\\/06\\\/favicon.png\",\"contentUrl\":\"https:\\\/\\\/www.silutesnaujienos.lt\\\/lt\\\/wp-content\\\/uploads\\\/2020\\\/06\\\/favicon.png\",\"caption\":\"\u0160ilut\u0117s naujien\u0173 inf.\"},\"sameAs\":[\"https:\\\/\\\/www.silutesnaujienos.lt\\\/lt\"],\"url\":\"https:\\\/\\\/www.silutesnaujienos.lt\\\/lt\\\/author\\\/ruta\\\/\"}]}<\/script>\n<!-- \/ Yoast SEO plugin. -->","yoast_head_json":{"title":"Vie\u0161umoje pasirod\u0117 Seimo nario A.Skard\u017eiaus pad\u0117j\u0117ja - \u0160ilut\u0117s naujienos","robots":{"index":"index","follow":"follow","max-snippet":"max-snippet:-1","max-image-preview":"max-image-preview:large","max-video-preview":"max-video-preview:-1"},"canonical":"https:\/\/www.silutesnaujienos.lt\/lt\/viesumoje-pasirode-seimo-nario-a-skardziaus-padejeja\/","og_locale":"lt_LT","og_type":"article","og_title":"Vie\u0161umoje pasirod\u0117 Seimo nario A.Skard\u017eiaus pad\u0117j\u0117ja - \u0160ilut\u0117s naujienos","og_description":"Pra\u0117jus\u012f ketvirtadien\u012f rajono Tarybos pos\u0117d\u012f steb\u0117jo niekam neprisista\u010diusi \u0161iluti\u0161k\u0117 Vilma Stungurien\u0117. \u201e\u0160ilut\u0117s naujienoms\u201c pavyko i\u0161siai\u0161kinti, kad ji yra iki \u0161iol paslaptyje laikyta Seimo nario Art\u016bro Skard\u017eiaus pad\u0117j\u0117ja. M\u016bs\u0173 kra\u0161te i\u0161rinktas Seimo narys A.Skard\u017eius ir pats nebeu\u017esuka \u012f \u0160ilut\u0119, ir rink\u0117jams delsia pristatyti savo pad\u0117j\u0117j\u0105, kuri dirbs \u0160ilut\u0117je. \u201e\u0160ilut\u0117s naujien\u0173\u201c \u017einiomis, Socialdemokrat\u0173 partijos \u0160ilut\u0117s skyriaus vadovai [&hellip;]","og_url":"https:\/\/www.silutesnaujienos.lt\/lt\/viesumoje-pasirode-seimo-nario-a-skardziaus-padejeja\/","og_site_name":"\u0160ilut\u0117s naujienos","article_publisher":"https:\/\/www.facebook.com\/silutes.naujienos\/","article_published_time":"2013-02-06T14:00:00+00:00","og_image":[{"url":"\/\/silutesnaujienos.lt\/images\/stories\/2013\/02\/05\/thumbnails\/thumb_STUNGURIENE_2.jpg","type":"","width":"","height":""}],"author":"\u0160ilut\u0117s naujien\u0173 inf.","twitter_card":"summary_large_image","twitter_misc":{"Written by":"\u0160ilut\u0117s naujien\u0173 inf.","Est. reading time":"3 minut\u0117s"},"schema":{"@context":"https:\/\/schema.org","@graph":[{"@type":"Article","@id":"https:\/\/www.silutesnaujienos.lt\/lt\/viesumoje-pasirode-seimo-nario-a-skardziaus-padejeja\/#article","isPartOf":{"@id":"https:\/\/www.silutesnaujienos.lt\/lt\/viesumoje-pasirode-seimo-nario-a-skardziaus-padejeja\/"},"author":{"name":"\u0160ilut\u0117s naujien\u0173 inf.","@id":"https:\/\/www.silutesnaujienos.lt\/lt\/#\/schema\/person\/232f475ddd4a7b5f49b3abc788b17e83"},"headline":"Vie\u0161umoje pasirod\u0117 Seimo nario A.Skard\u017eiaus pad\u0117j\u0117ja","datePublished":"2013-02-06T14:00:00+00:00","mainEntityOfPage":{"@id":"https:\/\/www.silutesnaujienos.lt\/lt\/viesumoje-pasirode-seimo-nario-a-skardziaus-padejeja\/"},"wordCount":522,"commentCount":0,"publisher":{"@id":"https:\/\/www.silutesnaujienos.lt\/lt\/#organization"},"articleSection":["Aktualijos"],"inLanguage":"lt-LT","potentialAction":[{"@type":"CommentAction","name":"Comment","target":["https:\/\/www.silutesnaujienos.lt\/lt\/viesumoje-pasirode-seimo-nario-a-skardziaus-padejeja\/#respond"]}]},{"@type":"WebPage","@id":"https:\/\/www.silutesnaujienos.lt\/lt\/viesumoje-pasirode-seimo-nario-a-skardziaus-padejeja\/","url":"https:\/\/www.silutesnaujienos.lt\/lt\/viesumoje-pasirode-seimo-nario-a-skardziaus-padejeja\/","name":"Vie\u0161umoje pasirod\u0117 Seimo nario A.Skard\u017eiaus pad\u0117j\u0117ja - \u0160ilut\u0117s naujienos","isPartOf":{"@id":"https:\/\/www.silutesnaujienos.lt\/lt\/#website"},"datePublished":"2013-02-06T14:00:00+00:00","breadcrumb":{"@id":"https:\/\/www.silutesnaujienos.lt\/lt\/viesumoje-pasirode-seimo-nario-a-skardziaus-padejeja\/#breadcrumb"},"inLanguage":"lt-LT","potentialAction":[{"@type":"ReadAction","target":["https:\/\/www.silutesnaujienos.lt\/lt\/viesumoje-pasirode-seimo-nario-a-skardziaus-padejeja\/"]}]},{"@type":"BreadcrumbList","@id":"https:\/\/www.silutesnaujienos.lt\/lt\/viesumoje-pasirode-seimo-nario-a-skardziaus-padejeja\/#breadcrumb","itemListElement":[{"@type":"ListItem","position":1,"name":"Home","item":"https:\/\/www.silutesnaujienos.lt\/lt\/"},{"@type":"ListItem","position":2,"name":"Vie\u0161umoje pasirod\u0117 Seimo nario A.Skard\u017eiaus pad\u0117j\u0117ja"}]},{"@type":"WebSite","@id":"https:\/\/www.silutesnaujienos.lt\/lt\/#website","url":"https:\/\/www.silutesnaujienos.lt\/lt\/","name":"\u0160ilut\u0117s naujienos","description":"B\u016bk ant naujien\u0173 bangos!","publisher":{"@id":"https:\/\/www.silutesnaujienos.lt\/lt\/#organization"},"potentialAction":[{"@type":"SearchAction","target":{"@type":"EntryPoint","urlTemplate":"https:\/\/www.silutesnaujienos.lt\/lt\/?s={search_term_string}"},"query-input":{"@type":"PropertyValueSpecification","valueRequired":true,"valueName":"search_term_string"}}],"inLanguage":"lt-LT"},{"@type":"Organization","@id":"https:\/\/www.silutesnaujienos.lt\/lt\/#organization","name":"\u0160ilut\u0117s naujienos","url":"https:\/\/www.silutesnaujienos.lt\/lt\/","logo":{"@type":"ImageObject","inLanguage":"lt-LT","@id":"https:\/\/www.silutesnaujienos.lt\/lt\/#\/schema\/logo\/image\/","url":"https:\/\/www.silutesnaujienos.lt\/lt\/wp-content\/uploads\/2020\/06\/FB_MAIN.jpg","contentUrl":"https:\/\/www.silutesnaujienos.lt\/lt\/wp-content\/uploads\/2020\/06\/FB_MAIN.jpg","width":1700,"height":956,"caption":"\u0160ilut\u0117s naujienos"},"image":{"@id":"https:\/\/www.silutesnaujienos.lt\/lt\/#\/schema\/logo\/image\/"},"sameAs":["https:\/\/www.facebook.com\/silutes.naujienos\/","https:\/\/www.youtube.com\/channel\/UCxW-cgrJDt8GxIMxSTAfJZg"]},{"@type":"Person","@id":"https:\/\/www.silutesnaujienos.lt\/lt\/#\/schema\/person\/232f475ddd4a7b5f49b3abc788b17e83","name":"\u0160ilut\u0117s naujien\u0173 inf.","image":{"@type":"ImageObject","inLanguage":"lt-LT","@id":"https:\/\/www.silutesnaujienos.lt\/lt\/wp-content\/uploads\/2020\/06\/favicon.png","url":"https:\/\/www.silutesnaujienos.lt\/lt\/wp-content\/uploads\/2020\/06\/favicon.png","contentUrl":"https:\/\/www.silutesnaujienos.lt\/lt\/wp-content\/uploads\/2020\/06\/favicon.png","caption":"\u0160ilut\u0117s naujien\u0173 inf."},"sameAs":["https:\/\/www.silutesnaujienos.lt\/lt"],"url":"https:\/\/www.silutesnaujienos.lt\/lt\/author\/ruta\/"}]}},"publishpress_future_workflow_manual_trigger":{"enabledWorkflows":[]},"amp_enabled":true,"_links":{"self":[{"href":"https:\/\/www.silutesnaujienos.lt\/lt\/wp-json\/wp\/v2\/posts\/14114","targetHints":{"allow":["GET"]}}],"collection":[{"href":"https:\/\/www.silutesnaujienos.lt\/lt\/wp-json\/wp\/v2\/posts"}],"about":[{"href":"https:\/\/www.silutesnaujienos.lt\/lt\/wp-json\/wp\/v2\/types\/post"}],"author":[{"embeddable":true,"href":"https:\/\/www.silutesnaujienos.lt\/lt\/wp-json\/wp\/v2\/users\/1"}],"replies":[{"embeddable":true,"href":"https:\/\/www.silutesnaujienos.lt\/lt\/wp-json\/wp\/v2\/comments?post=14114"}],"version-history":[{"count":0,"href":"https:\/\/www.silutesnaujienos.lt\/lt\/wp-json\/wp\/v2\/posts\/14114\/revisions"}],"wp:attachment":[{"href":"https:\/\/www.silutesnaujienos.lt\/lt\/wp-json\/wp\/v2\/media?parent=14114"}],"wp:term":[{"taxonomy":"category","embeddable":true,"href":"https:\/\/www.silutesnaujienos.lt\/lt\/wp-json\/wp\/v2\/categories?post=14114"},{"taxonomy":"post_tag","embeddable":true,"href":"https:\/\/www.silutesnaujienos.lt\/lt\/wp-json\/wp\/v2\/tags?post=14114"}],"curies":[{"name":"wp","href":"https:\/\/api.w.org\/{rel}","templated":true}]}}