{"id":14115,"date":"2013-02-09T12:00:00","date_gmt":"2013-02-09T14:00:00","guid":{"rendered":"https:\/\/www.silutesnaujienos.lt\/lt\/r-simasius-apie-estakada-nebutina-pirkti-hibridinio-lexus-nes-pakanka-ir-nediduko-hyundai\/"},"modified":"2013-02-09T12:00:00","modified_gmt":"2013-02-09T14:00:00","slug":"r-simasius-apie-estakada-nebutina-pirkti-hibridinio-lexus-nes-pakanka-ir-nediduko-hyundai","status":"publish","type":"post","link":"https:\/\/www.silutesnaujienos.lt\/lt\/r-simasius-apie-estakada-nebutina-pirkti-hibridinio-lexus-nes-pakanka-ir-nediduko-hyundai\/","title":{"rendered":"R.\u0160ima\u0161ius apie estakad\u0105: \u201eNeb\u016btina pirkti hibridinio \u201eLexus\u201c, nes pakanka ir nediduko \u201eHyundai\u201c"},"content":{"rendered":"<p><a target=\"_blank\" rel=\"caption[\u0160iek tiek priekai\u0161taudamas A.Endzinui, Seimo narys R.\u0160ima\u0161ius apgailestavo, kad liberals\u0105j\u016bdie\u010diai nebeturi savo atstovo Seime i\u0161 \u0160ilut\u0117s kra\u0161to.] noopener noreferrer\" class=\"jcepopup\" href=\"\/\/silutesnaujienos.lt\/images\/stories\/2013\/02\/08\/simasius.jpg\" data-rel=\"lightbox-gallery-DKdC47xR\" data-rl_title=\"\" data-rl_caption=\"\"><img loading=\"lazy\" decoding=\"async\" style=\"margin: 5px; float: left;\" class=\"caption\" title=\"\" alt=\"simasius\" src=\"\/\/silutesnaujienos.lt\/images\/stories\/2013\/02\/08\/thumbnails\/thumb_simasius.jpg\" height=\"230\" width=\"307\" \/><\/a><strong>Antradien\u012f \u0160ilut\u0117s seni\u016bnijoje su \u0161iluti\u0161kiais apie rajonui aktualias problemas diskutavo buv\u0119s teisingumo ministras, Seimo narys liberals\u0105j\u016bdietis Remigijus \u0160ima\u0161ius.<\/strong><\/p>\n<p><strong>Anot jo, svarstant estakados klausim\u0105 reikia nusileisti i\u0161 padebesi\u0173. Rinktis ne fantazijose sukurt\u0105 tobul\u0105 variant\u0105, o real\u0173, kad netekt\u0173 dar ilgai vaik\u0161\u010dioti su guminiais batais. Seimo narys aptar\u0117 Savivaldyb\u0117s prasiskolinimo situacij\u0105, kurortin\u0117s teritorijos statuso klausim\u0105, i\u0161rei\u0161k\u0117 savo nuomon\u0119 apie skal\u016bnini\u0173 duj\u0173 gavyb\u0105.<\/strong><\/p>\n<p>Kalb\u0117ta apie Liberal\u0173 s\u0105j\u016bd\u017eio bei Liberal\u0173 ir centro s\u0105jungos (LiCS) susijungimo galimybes. R.\u0160ima\u0161iaus si\u016blymas \u012f Liberal\u0173 s\u0105j\u016bd\u012f priimti tik kai kuriuos pasirinktus liberalcentristus, o ne jungtis visai partijai, \u0160ilut\u0117s LiCS skyriaus pirminink\u0105, Savivaldyb\u0117s tarybos nar\u012f, statybin\u0117s \u012fmon\u0117s \u201e\u017dibai\u201c vadov\u0105 Stepon\u0105 Kazlausk\u0105 taip papiktino, jog jis i\u0161\u0117jo i\u0161 sal\u0117s.<\/p>\n<p><strong>Skal\u016bn\u0173 duj\u0173 i\u0161gavimo smerkti neskuba<\/strong><\/p>\n<p>Susitikim\u0105 su R.\u0160ima\u0161iumi organizavo Liberal\u0173 s\u0105j\u016bd\u017eio \u0160ilut\u0117s skyrius, tod\u0117l diskusijoje daugiausia dalyvavo liberalai. Pasak \u0161ios partijos \u0160ilut\u0117s skyriaus pirmininko, Savivaldyb\u0117s tarybos nario Edvardo Vitkausko, norima padiskutuoti apie rajono problemas, perspektyv\u0105, o ne nupie\u0161ti \u201eNaujuosius Vasiukus\u201c.<\/p>\n<p>Kalb\u0117damas apie kilus\u012f a\u017eiota\u017e\u0105 d\u0117l skal\u016bnini\u0173 duj\u0173 R.\u0160ima\u0161ius nebuvo pernelyg kategori\u0161kas. Jo nuomone, nepaisant to, kad ne\u017einomyb\u0117 kelia nat\u016brali\u0105 baim\u0119, velnias yra ne toks baisus, kok\u012f j\u012f pie\u0161ia. \u201eVis\u0173 pirma reik\u0117t\u0173 \u012fsigilinti \u012f i\u0161gavimo technologijas, poveik\u012f gamtai, remtis mokslinink\u0173 argumentais. Kas neai\u0161ku, turi tapti kiek \u012fmanoma ai\u0161kiau, atskleid\u017eiant, kaip visa tai atrodo\u201c, &#8211; sak\u0117 Seimo narys.<\/p>\n<p>R.\u0160ima\u0161ius neatmeta prielaidos, kad kil\u0119s sujudimas Taurag\u0117je yra inspiruotas tam tikr\u0173 suinteresuot\u0173 asmen\u0173, daugiau kalbama ne racionaliai, o emocijomis. Kaip vien\u0105 i\u0161 teigiam\u0173 skal\u016bnini\u0173 duj\u0173 gavybos aspekt\u0173 jis laiko nauj\u0173 darbo viet\u0173 suk\u016brim\u0105 vietiniams gyventojams.<\/p>\n<p><strong>Si\u016blo 10 kart\u0173 pigesn\u0119 estakad\u0105<\/strong><\/p>\n<p>Nors apie rusni\u0161kiams gyvenim\u0105 palengvinsian\u010di\u0105 estakad\u0105 kalbama ne vienerius metus, jos statybos nepajuda i\u0161 mirties ta\u0161ko. Anot R.\u0160ima\u0161iaus, gali b\u016bti, kad planai ir projektai v\u0117l nugrims atgal. Jis pateikia paprasto gyventojo i\u0161 kito Lietuvos galo reakcij\u0105: \u201eKam&nbsp; d\u0117l ma\u017edaug 2000 \u017emoni\u0173 ki\u0161ti keliasde\u0161imt milijon\u0173 \u012f toki\u0105 viet\u0105, kur nei buvau, nei b\u016bsiu. Juk yra didesni\u0173 problem\u0173. Be to, potvynis atrodo visai \u017eaviai, persikelti tereikia stati\u0161kai tik kok\u012f 20 dien\u0173 per metus\u201c.<\/p>\n<p>Skepticizmas sustipr\u0117ja i\u0161girdus, kad, vienos studijos duomenimis, estakada kainuot\u0173 daugiau kaip 40 mln. lit\u0173. Kuklesnis paskai\u010diavimas &#8211; apie 20 mln. lit\u0173. Abiem atvejais tai b\u016bt\u0173 rimta estakada va\u017eiuoti bet kokiam automobiliui. R.\u0160ima\u0161iaus manymu, problem\u0105 galima i\u0161spr\u0119sti bent de\u0161imt kart\u0173 pigiau, nei kalbama.<\/p>\n<p>\u201eEstakad\u0105 galima pastatyti paprast\u0105, u\u017e kokius 3 mln. lit\u0173, kad ji b\u016bt\u0173 pritaikyta lengviesiems automobiliams ir mikroautobusams va\u017eiuoti viena kelio juosta. Ar reikia ko sud\u0117tingesnio? Vargu. Sunkve\u017eimiai ir taip beveik visada apsemt\u0105 ruo\u017e\u0105 perva\u017eiuoja. Paprastai tariant, jei reikia nuva\u017eiuoti i\u0161 ta\u0161ko A (\u0160ilut\u0117) \u012f ta\u0161k\u0105 B (Rusn\u0117), neb\u016btina pirkti hibridinio \u201eLexus\u201c, nes pakanka ir nediduko \u201eHyundai\u201c, &#8211; sak\u0117 R.\u0160ima\u0161ius.<a target=\"_blank\" rel=\"caption[Susitikim\u0105 su R.\u0160ima\u0161iumi organizavo Liberal\u0173 s\u0105j\u016bd\u017eio \u0160ilut\u0117s skyriaus nariai.] noopener noreferrer\" class=\"jcepopup\" href=\"\/\/silutesnaujienos.lt\/images\/stories\/2013\/02\/08\/simasius_silutes_skyrius.jpg\" data-rel=\"lightbox-gallery-DKdC47xR\" data-rl_title=\"\" data-rl_caption=\"\"><img loading=\"lazy\" decoding=\"async\" style=\"margin: 5px; float: right;\" class=\"caption\" title=\"\" alt=\"simasius silutes skyrius\" src=\"\/\/silutesnaujienos.lt\/images\/stories\/2013\/02\/08\/thumbnails\/thumb_simasius_silutes_skyrius.jpg\" height=\"230\" width=\"307\" \/><\/a><\/p>\n<p>\u0160ilut\u0117s liberalai teiravosi, k\u0105 sve\u010dias mano apie kurortin\u0117s vietov\u0117s statuso suteikim\u0105 visam kra\u0161tui ir \u012f tai orientuot\u0105 vystym\u0105si. Seimo narys kalb\u0117jo, jog \u0161i mintis logi\u0161ka, nes yra toki\u0173 vietovi\u0173, kur kurortin\u0117 vietov\u0117 atrodo daug dirbtiniau nei \u010dia.<\/p>\n<p>Jis pasteb\u0117jo, kad, pavyzd\u017eiui, vilnie\u010diams \u0160ilut\u0117s kra\u0161tas atrodo tolimas ir egzoti\u0161kas, traukia savo kitoni\u0161kumu. \u201e\u0160aligatvius reikia tiesti ten, kur \u017emon\u0117s jau pramyn\u0117 \u017eol\u0119. Taip ir su kurortine vietove\u201c, &#8211; svarst\u0117 R.\u0160ima\u0161ius.<\/p>\n<p><strong>\u0160ilut\u0117s skol\u0173 nenura\u0161ys<\/strong><\/p>\n<p>Seimo narys atkreip\u0117 d\u0117mes\u012f, jog skolomis, tenkan\u010diomis vienam gyventojui, \u0160ilut\u0117s savivaldyb\u0117 atsilieka tik nuo Vilniaus. R.\u0160ima\u0161iaus nuomone, skol\u0173 na\u0161tos dydis priklauso nuo vietin\u0117s vald\u017eios elgesio. Pavyzd\u017eiui, investuojama ten, kur yra \u201epinig\u0173 valgymo ma\u0161ina\u201c: renovuojamos mokyklos, kurios d\u0117l vaik\u0173 stygiaus u\u017edaromos, neracionaliai vykdant vie\u0161uosius pirkimus permokama u\u017e darb\u0105.<\/p>\n<p>\u0160ilutei nepavyks pasekti Graikijos pavyzd\u017eiu: nusistekenti iki dugno ir laukti, kol ka\u017ekas nura\u0161ys visas ar dal\u012f skol\u0173. Seimo nariui replikav\u0119s S.Kazlauskas klaus\u0117, kod\u0117l Vyriausyb\u0117 i\u0161 anksto \u201eneu\u017ed\u0117jo tramdom\u0173j\u0173 mar\u0161kini\u0173\u201c, t.y. kod\u0117l leido Savivaldybei prasiskolinti. Kit\u0105 minut\u0119 jau teiravosi, ar \u012fmanoma, kad Savivaldybei b\u016bt\u0173 padidintas skolinimosi limitas.<\/p>\n<p>Kaip vien\u0105 i\u0161 i\u0161ei\u010di\u0173 d\u0117l atsiskaitym\u0173 su verslininkais R.\u0160ima\u0161ius rekomendavo suformuoti ai\u0161kius principus ir tvark\u0105, kada ir su kuo bus atsiskaitoma. Taip bus galima i\u0161vengti korupcijos.<\/p>\n<p>Buv\u0119s Seimo narys liberals\u0105j\u016bdietis Audrius Endzinas d\u0117l savivaldybi\u0173 prasiskolinimo dal\u012f kalt\u0117s priskiria \u0161alies vald\u017eiai. Anot jo, deleguojant savivaldyb\u0117ms naujas funkcijas da\u017enai pamir\u0161tama skirti papildom\u0105 finansavim\u0105.<\/p>\n<p><strong>Papiktino \u0160ilut\u0117s skyriaus LiCS vadov\u0105<\/strong><\/p>\n<p>Susitikime dalyvav\u0119s \u0160ilut\u0117s LiCS skyriaus pirmininkas S.Kazlauskas teiravosi liberals\u0105j\u016bdie\u010dio R.\u0160ima\u0161iaus apie planus jungtis su kitomis liberali\u0173 pa\u017ei\u016br\u0173 partijomis. S.Kazlauskas i\u0161rei\u0161k\u0117 nuomon\u0119, kad susijungimas pad\u0117t\u0173 ateityje geriau pasirodyti rinkimuose, sustiprint\u0173 partij\u0105.<\/p>\n<p>R.\u0160ima\u0161ius sak\u0117, jog dar sklandant kalboms apie galimybes susivienyti Seimo rinkimams jis buvo prie\u0161 ir nuosekliai laik\u0117si \u0161ios pozicijos. Jis nemato galimyb\u0117s jungtis su \u201eS\u0105junga TAIP\u201c ar liberalcentristais, nes nesutampa moralin\u0117s vertyb\u0117s ir principai, n\u0117ra bendros krypties. \u201eA\u0161 tikrai nemanau, kad \u0161ioje vietoje vienas plius vienas lygu du. Tie dalykai, kurie tada partij\u0105 suskald\u0117, niekur nedingo\u201c, &#8211; reziumavo Seimo narys.<\/p>\n<p>Ta\u010diau, anot R.\u0160ima\u0161iaus, ir LiCS partijoje, ir \u201eS\u0105jungoje TAIP\u201c yra nema\u017eai padori\u0173 \u017emoni\u0173, kuriuos jis mielai kvie\u010dia prisijungti prie Liberal\u0173 s\u0105j\u016bd\u017eio. <\/p>\n<p>\u201eMan ai\u0161ku. A\u010di\u016b. Tikrai nepasira\u0161ysim, kad ateit\u0173 tik penki rinktiniai, to nebus. J\u016bs savo atsakymu sumenkinote vis\u0105 Liberal\u0173 s\u0105j\u016bd\u012f ir \u0160ilut\u0117s skyri\u0173\u201c, &#8211; pa\u0161ok\u0119s i\u0161 vietos i\u0161r\u0117\u017e\u0117 S.Kazlauskas. Pasipiktin\u0119s jis i\u0161\u0117jo i\u0161 sal\u0117s ir trinktel\u0117jo durimis.<\/p>\n<p>LiCS \u0160ilut\u0117s skyriaus vadovui i\u0161\u0117jus, R.\u0160ima\u0161ius kalb\u0117jo, jog ne ma\u017eiau kaip pus\u0117 i\u0161 beveik 4 t\u016bkst. LiCS nari\u0173 ateit\u0173 \u012f Liberal\u0173 s\u0105j\u016bd\u012f, jeigu liberalcentrist\u0173 vadovyb\u0117 nuspr\u0119st\u0173 jungtis su socialdemokratais arba tvarkie\u010diais, nes pamatyt\u0173, kad jiems nepakeliui.<\/p>\n","protected":false},"excerpt":{"rendered":"<p>Antradien\u012f \u0160ilut\u0117s seni\u016bnijoje su \u0161iluti\u0161kiais apie rajonui aktualias problemas diskutavo buv\u0119s teisingumo ministras, Seimo narys liberals\u0105j\u016bdietis Remigijus \u0160ima\u0161ius. Anot jo, svarstant estakados klausim\u0105 reikia nusileisti i\u0161 padebesi\u0173. Rinktis ne fantazijose sukurt\u0105 tobul\u0105 variant\u0105, o real\u0173, kad netekt\u0173 dar ilgai vaik\u0161\u010dioti su guminiais batais. Seimo narys aptar\u0117 Savivaldyb\u0117s prasiskolinimo situacij\u0105, kurortin\u0117s teritorijos statuso klausim\u0105, i\u0161rei\u0161k\u0117 savo [&hellip;]<\/p>\n","protected":false},"author":1,"featured_media":0,"comment_status":"open","ping_status":"open","sticky":false,"template":"","format":"standard","meta":{"footnotes":""},"categories":[2],"tags":[],"class_list":{"0":"post-14115","1":"post","2":"type-post","3":"status-publish","4":"format-standard","6":"category-aktualijos"},"yoast_head":"<!-- This site is optimized with the Yoast SEO plugin v27.5 - https:\/\/yoast.com\/product\/yoast-seo-wordpress\/ -->\n<title>R.\u0160ima\u0161ius apie estakad\u0105: \u201eNeb\u016btina pirkti hibridinio \u201eLexus\u201c, nes pakanka ir nediduko \u201eHyundai\u201c - \u0160ilut\u0117s naujienos<\/title>\n<meta name=\"robots\" content=\"index, follow, max-snippet:-1, max-image-preview:large, max-video-preview:-1\" \/>\n<link rel=\"canonical\" href=\"https:\/\/www.silutesnaujienos.lt\/lt\/r-simasius-apie-estakada-nebutina-pirkti-hibridinio-lexus-nes-pakanka-ir-nediduko-hyundai\/\" \/>\n<meta property=\"og:locale\" content=\"lt_LT\" \/>\n<meta property=\"og:type\" content=\"article\" \/>\n<meta property=\"og:title\" content=\"R.\u0160ima\u0161ius apie estakad\u0105: \u201eNeb\u016btina pirkti hibridinio \u201eLexus\u201c, nes pakanka ir nediduko \u201eHyundai\u201c - \u0160ilut\u0117s naujienos\" \/>\n<meta property=\"og:description\" content=\"Antradien\u012f \u0160ilut\u0117s seni\u016bnijoje su \u0161iluti\u0161kiais apie rajonui aktualias problemas diskutavo buv\u0119s teisingumo ministras, Seimo narys liberals\u0105j\u016bdietis Remigijus \u0160ima\u0161ius. Anot jo, svarstant estakados klausim\u0105 reikia nusileisti i\u0161 padebesi\u0173. Rinktis ne fantazijose sukurt\u0105 tobul\u0105 variant\u0105, o real\u0173, kad netekt\u0173 dar ilgai vaik\u0161\u010dioti su guminiais batais. Seimo narys aptar\u0117 Savivaldyb\u0117s prasiskolinimo situacij\u0105, kurortin\u0117s teritorijos statuso klausim\u0105, i\u0161rei\u0161k\u0117 savo [&hellip;]\" \/>\n<meta property=\"og:url\" content=\"https:\/\/www.silutesnaujienos.lt\/lt\/r-simasius-apie-estakada-nebutina-pirkti-hibridinio-lexus-nes-pakanka-ir-nediduko-hyundai\/\" \/>\n<meta property=\"og:site_name\" content=\"\u0160ilut\u0117s naujienos\" \/>\n<meta property=\"article:publisher\" content=\"https:\/\/www.facebook.com\/silutes.naujienos\/\" \/>\n<meta property=\"article:published_time\" content=\"2013-02-09T14:00:00+00:00\" \/>\n<meta property=\"og:image\" content=\"\/\/silutesnaujienos.lt\/images\/stories\/2013\/02\/08\/thumbnails\/thumb_simasius.jpg\" \/>\n<meta name=\"author\" content=\"\u0160ilut\u0117s naujien\u0173 inf.\" \/>\n<meta name=\"twitter:card\" content=\"summary_large_image\" \/>\n<meta name=\"twitter:label1\" content=\"Written by\" \/>\n\t<meta name=\"twitter:data1\" content=\"\u0160ilut\u0117s naujien\u0173 inf.\" \/>\n\t<meta name=\"twitter:label2\" content=\"Est. reading time\" \/>\n\t<meta name=\"twitter:data2\" content=\"5 minut\u0117s\" \/>\n<script type=\"application\/ld+json\" class=\"yoast-schema-graph\">{\"@context\":\"https:\\\/\\\/schema.org\",\"@graph\":[{\"@type\":\"Article\",\"@id\":\"https:\\\/\\\/www.silutesnaujienos.lt\\\/lt\\\/r-simasius-apie-estakada-nebutina-pirkti-hibridinio-lexus-nes-pakanka-ir-nediduko-hyundai\\\/#article\",\"isPartOf\":{\"@id\":\"https:\\\/\\\/www.silutesnaujienos.lt\\\/lt\\\/r-simasius-apie-estakada-nebutina-pirkti-hibridinio-lexus-nes-pakanka-ir-nediduko-hyundai\\\/\"},\"author\":{\"name\":\"\u0160ilut\u0117s naujien\u0173 inf.\",\"@id\":\"https:\\\/\\\/www.silutesnaujienos.lt\\\/lt\\\/#\\\/schema\\\/person\\\/232f475ddd4a7b5f49b3abc788b17e83\"},\"headline\":\"R.\u0160ima\u0161ius apie estakad\u0105: \u201eNeb\u016btina pirkti hibridinio \u201eLexus\u201c, nes pakanka ir nediduko \u201eHyundai\u201c\",\"datePublished\":\"2013-02-09T14:00:00+00:00\",\"mainEntityOfPage\":{\"@id\":\"https:\\\/\\\/www.silutesnaujienos.lt\\\/lt\\\/r-simasius-apie-estakada-nebutina-pirkti-hibridinio-lexus-nes-pakanka-ir-nediduko-hyundai\\\/\"},\"wordCount\":1039,\"commentCount\":0,\"publisher\":{\"@id\":\"https:\\\/\\\/www.silutesnaujienos.lt\\\/lt\\\/#organization\"},\"articleSection\":[\"Aktualijos\"],\"inLanguage\":\"lt-LT\",\"potentialAction\":[{\"@type\":\"CommentAction\",\"name\":\"Comment\",\"target\":[\"https:\\\/\\\/www.silutesnaujienos.lt\\\/lt\\\/r-simasius-apie-estakada-nebutina-pirkti-hibridinio-lexus-nes-pakanka-ir-nediduko-hyundai\\\/#respond\"]}]},{\"@type\":\"WebPage\",\"@id\":\"https:\\\/\\\/www.silutesnaujienos.lt\\\/lt\\\/r-simasius-apie-estakada-nebutina-pirkti-hibridinio-lexus-nes-pakanka-ir-nediduko-hyundai\\\/\",\"url\":\"https:\\\/\\\/www.silutesnaujienos.lt\\\/lt\\\/r-simasius-apie-estakada-nebutina-pirkti-hibridinio-lexus-nes-pakanka-ir-nediduko-hyundai\\\/\",\"name\":\"R.\u0160ima\u0161ius apie estakad\u0105: \u201eNeb\u016btina pirkti hibridinio \u201eLexus\u201c, nes pakanka ir nediduko \u201eHyundai\u201c - \u0160ilut\u0117s naujienos\",\"isPartOf\":{\"@id\":\"https:\\\/\\\/www.silutesnaujienos.lt\\\/lt\\\/#website\"},\"datePublished\":\"2013-02-09T14:00:00+00:00\",\"breadcrumb\":{\"@id\":\"https:\\\/\\\/www.silutesnaujienos.lt\\\/lt\\\/r-simasius-apie-estakada-nebutina-pirkti-hibridinio-lexus-nes-pakanka-ir-nediduko-hyundai\\\/#breadcrumb\"},\"inLanguage\":\"lt-LT\",\"potentialAction\":[{\"@type\":\"ReadAction\",\"target\":[\"https:\\\/\\\/www.silutesnaujienos.lt\\\/lt\\\/r-simasius-apie-estakada-nebutina-pirkti-hibridinio-lexus-nes-pakanka-ir-nediduko-hyundai\\\/\"]}]},{\"@type\":\"BreadcrumbList\",\"@id\":\"https:\\\/\\\/www.silutesnaujienos.lt\\\/lt\\\/r-simasius-apie-estakada-nebutina-pirkti-hibridinio-lexus-nes-pakanka-ir-nediduko-hyundai\\\/#breadcrumb\",\"itemListElement\":[{\"@type\":\"ListItem\",\"position\":1,\"name\":\"Home\",\"item\":\"https:\\\/\\\/www.silutesnaujienos.lt\\\/lt\\\/\"},{\"@type\":\"ListItem\",\"position\":2,\"name\":\"R.\u0160ima\u0161ius apie estakad\u0105: \u201eNeb\u016btina pirkti hibridinio \u201eLexus\u201c, nes pakanka ir nediduko \u201eHyundai\u201c\"}]},{\"@type\":\"WebSite\",\"@id\":\"https:\\\/\\\/www.silutesnaujienos.lt\\\/lt\\\/#website\",\"url\":\"https:\\\/\\\/www.silutesnaujienos.lt\\\/lt\\\/\",\"name\":\"\u0160ilut\u0117s naujienos\",\"description\":\"B\u016bk ant naujien\u0173 bangos!\",\"publisher\":{\"@id\":\"https:\\\/\\\/www.silutesnaujienos.lt\\\/lt\\\/#organization\"},\"potentialAction\":[{\"@type\":\"SearchAction\",\"target\":{\"@type\":\"EntryPoint\",\"urlTemplate\":\"https:\\\/\\\/www.silutesnaujienos.lt\\\/lt\\\/?s={search_term_string}\"},\"query-input\":{\"@type\":\"PropertyValueSpecification\",\"valueRequired\":true,\"valueName\":\"search_term_string\"}}],\"inLanguage\":\"lt-LT\"},{\"@type\":\"Organization\",\"@id\":\"https:\\\/\\\/www.silutesnaujienos.lt\\\/lt\\\/#organization\",\"name\":\"\u0160ilut\u0117s naujienos\",\"url\":\"https:\\\/\\\/www.silutesnaujienos.lt\\\/lt\\\/\",\"logo\":{\"@type\":\"ImageObject\",\"inLanguage\":\"lt-LT\",\"@id\":\"https:\\\/\\\/www.silutesnaujienos.lt\\\/lt\\\/#\\\/schema\\\/logo\\\/image\\\/\",\"url\":\"https:\\\/\\\/www.silutesnaujienos.lt\\\/lt\\\/wp-content\\\/uploads\\\/2020\\\/06\\\/FB_MAIN.jpg\",\"contentUrl\":\"https:\\\/\\\/www.silutesnaujienos.lt\\\/lt\\\/wp-content\\\/uploads\\\/2020\\\/06\\\/FB_MAIN.jpg\",\"width\":1700,\"height\":956,\"caption\":\"\u0160ilut\u0117s naujienos\"},\"image\":{\"@id\":\"https:\\\/\\\/www.silutesnaujienos.lt\\\/lt\\\/#\\\/schema\\\/logo\\\/image\\\/\"},\"sameAs\":[\"https:\\\/\\\/www.facebook.com\\\/silutes.naujienos\\\/\",\"https:\\\/\\\/www.youtube.com\\\/channel\\\/UCxW-cgrJDt8GxIMxSTAfJZg\"]},{\"@type\":\"Person\",\"@id\":\"https:\\\/\\\/www.silutesnaujienos.lt\\\/lt\\\/#\\\/schema\\\/person\\\/232f475ddd4a7b5f49b3abc788b17e83\",\"name\":\"\u0160ilut\u0117s naujien\u0173 inf.\",\"image\":{\"@type\":\"ImageObject\",\"inLanguage\":\"lt-LT\",\"@id\":\"https:\\\/\\\/www.silutesnaujienos.lt\\\/lt\\\/wp-content\\\/uploads\\\/2020\\\/06\\\/favicon.png\",\"url\":\"https:\\\/\\\/www.silutesnaujienos.lt\\\/lt\\\/wp-content\\\/uploads\\\/2020\\\/06\\\/favicon.png\",\"contentUrl\":\"https:\\\/\\\/www.silutesnaujienos.lt\\\/lt\\\/wp-content\\\/uploads\\\/2020\\\/06\\\/favicon.png\",\"caption\":\"\u0160ilut\u0117s naujien\u0173 inf.\"},\"sameAs\":[\"https:\\\/\\\/www.silutesnaujienos.lt\\\/lt\"],\"url\":\"https:\\\/\\\/www.silutesnaujienos.lt\\\/lt\\\/author\\\/ruta\\\/\"}]}<\/script>\n<!-- \/ Yoast SEO plugin. -->","yoast_head_json":{"title":"R.\u0160ima\u0161ius apie estakad\u0105: \u201eNeb\u016btina pirkti hibridinio \u201eLexus\u201c, nes pakanka ir nediduko \u201eHyundai\u201c - \u0160ilut\u0117s naujienos","robots":{"index":"index","follow":"follow","max-snippet":"max-snippet:-1","max-image-preview":"max-image-preview:large","max-video-preview":"max-video-preview:-1"},"canonical":"https:\/\/www.silutesnaujienos.lt\/lt\/r-simasius-apie-estakada-nebutina-pirkti-hibridinio-lexus-nes-pakanka-ir-nediduko-hyundai\/","og_locale":"lt_LT","og_type":"article","og_title":"R.\u0160ima\u0161ius apie estakad\u0105: \u201eNeb\u016btina pirkti hibridinio \u201eLexus\u201c, nes pakanka ir nediduko \u201eHyundai\u201c - \u0160ilut\u0117s naujienos","og_description":"Antradien\u012f \u0160ilut\u0117s seni\u016bnijoje su \u0161iluti\u0161kiais apie rajonui aktualias problemas diskutavo buv\u0119s teisingumo ministras, Seimo narys liberals\u0105j\u016bdietis Remigijus \u0160ima\u0161ius. Anot jo, svarstant estakados klausim\u0105 reikia nusileisti i\u0161 padebesi\u0173. Rinktis ne fantazijose sukurt\u0105 tobul\u0105 variant\u0105, o real\u0173, kad netekt\u0173 dar ilgai vaik\u0161\u010dioti su guminiais batais. Seimo narys aptar\u0117 Savivaldyb\u0117s prasiskolinimo situacij\u0105, kurortin\u0117s teritorijos statuso klausim\u0105, i\u0161rei\u0161k\u0117 savo [&hellip;]","og_url":"https:\/\/www.silutesnaujienos.lt\/lt\/r-simasius-apie-estakada-nebutina-pirkti-hibridinio-lexus-nes-pakanka-ir-nediduko-hyundai\/","og_site_name":"\u0160ilut\u0117s naujienos","article_publisher":"https:\/\/www.facebook.com\/silutes.naujienos\/","article_published_time":"2013-02-09T14:00:00+00:00","og_image":[{"url":"\/\/silutesnaujienos.lt\/images\/stories\/2013\/02\/08\/thumbnails\/thumb_simasius.jpg","type":"","width":"","height":""}],"author":"\u0160ilut\u0117s naujien\u0173 inf.","twitter_card":"summary_large_image","twitter_misc":{"Written by":"\u0160ilut\u0117s naujien\u0173 inf.","Est. reading time":"5 minut\u0117s"},"schema":{"@context":"https:\/\/schema.org","@graph":[{"@type":"Article","@id":"https:\/\/www.silutesnaujienos.lt\/lt\/r-simasius-apie-estakada-nebutina-pirkti-hibridinio-lexus-nes-pakanka-ir-nediduko-hyundai\/#article","isPartOf":{"@id":"https:\/\/www.silutesnaujienos.lt\/lt\/r-simasius-apie-estakada-nebutina-pirkti-hibridinio-lexus-nes-pakanka-ir-nediduko-hyundai\/"},"author":{"name":"\u0160ilut\u0117s naujien\u0173 inf.","@id":"https:\/\/www.silutesnaujienos.lt\/lt\/#\/schema\/person\/232f475ddd4a7b5f49b3abc788b17e83"},"headline":"R.\u0160ima\u0161ius apie estakad\u0105: \u201eNeb\u016btina pirkti hibridinio \u201eLexus\u201c, nes pakanka ir nediduko \u201eHyundai\u201c","datePublished":"2013-02-09T14:00:00+00:00","mainEntityOfPage":{"@id":"https:\/\/www.silutesnaujienos.lt\/lt\/r-simasius-apie-estakada-nebutina-pirkti-hibridinio-lexus-nes-pakanka-ir-nediduko-hyundai\/"},"wordCount":1039,"commentCount":0,"publisher":{"@id":"https:\/\/www.silutesnaujienos.lt\/lt\/#organization"},"articleSection":["Aktualijos"],"inLanguage":"lt-LT","potentialAction":[{"@type":"CommentAction","name":"Comment","target":["https:\/\/www.silutesnaujienos.lt\/lt\/r-simasius-apie-estakada-nebutina-pirkti-hibridinio-lexus-nes-pakanka-ir-nediduko-hyundai\/#respond"]}]},{"@type":"WebPage","@id":"https:\/\/www.silutesnaujienos.lt\/lt\/r-simasius-apie-estakada-nebutina-pirkti-hibridinio-lexus-nes-pakanka-ir-nediduko-hyundai\/","url":"https:\/\/www.silutesnaujienos.lt\/lt\/r-simasius-apie-estakada-nebutina-pirkti-hibridinio-lexus-nes-pakanka-ir-nediduko-hyundai\/","name":"R.\u0160ima\u0161ius apie estakad\u0105: \u201eNeb\u016btina pirkti hibridinio \u201eLexus\u201c, nes pakanka ir nediduko \u201eHyundai\u201c - \u0160ilut\u0117s naujienos","isPartOf":{"@id":"https:\/\/www.silutesnaujienos.lt\/lt\/#website"},"datePublished":"2013-02-09T14:00:00+00:00","breadcrumb":{"@id":"https:\/\/www.silutesnaujienos.lt\/lt\/r-simasius-apie-estakada-nebutina-pirkti-hibridinio-lexus-nes-pakanka-ir-nediduko-hyundai\/#breadcrumb"},"inLanguage":"lt-LT","potentialAction":[{"@type":"ReadAction","target":["https:\/\/www.silutesnaujienos.lt\/lt\/r-simasius-apie-estakada-nebutina-pirkti-hibridinio-lexus-nes-pakanka-ir-nediduko-hyundai\/"]}]},{"@type":"BreadcrumbList","@id":"https:\/\/www.silutesnaujienos.lt\/lt\/r-simasius-apie-estakada-nebutina-pirkti-hibridinio-lexus-nes-pakanka-ir-nediduko-hyundai\/#breadcrumb","itemListElement":[{"@type":"ListItem","position":1,"name":"Home","item":"https:\/\/www.silutesnaujienos.lt\/lt\/"},{"@type":"ListItem","position":2,"name":"R.\u0160ima\u0161ius apie estakad\u0105: \u201eNeb\u016btina pirkti hibridinio \u201eLexus\u201c, nes pakanka ir nediduko \u201eHyundai\u201c"}]},{"@type":"WebSite","@id":"https:\/\/www.silutesnaujienos.lt\/lt\/#website","url":"https:\/\/www.silutesnaujienos.lt\/lt\/","name":"\u0160ilut\u0117s naujienos","description":"B\u016bk ant naujien\u0173 bangos!","publisher":{"@id":"https:\/\/www.silutesnaujienos.lt\/lt\/#organization"},"potentialAction":[{"@type":"SearchAction","target":{"@type":"EntryPoint","urlTemplate":"https:\/\/www.silutesnaujienos.lt\/lt\/?s={search_term_string}"},"query-input":{"@type":"PropertyValueSpecification","valueRequired":true,"valueName":"search_term_string"}}],"inLanguage":"lt-LT"},{"@type":"Organization","@id":"https:\/\/www.silutesnaujienos.lt\/lt\/#organization","name":"\u0160ilut\u0117s naujienos","url":"https:\/\/www.silutesnaujienos.lt\/lt\/","logo":{"@type":"ImageObject","inLanguage":"lt-LT","@id":"https:\/\/www.silutesnaujienos.lt\/lt\/#\/schema\/logo\/image\/","url":"https:\/\/www.silutesnaujienos.lt\/lt\/wp-content\/uploads\/2020\/06\/FB_MAIN.jpg","contentUrl":"https:\/\/www.silutesnaujienos.lt\/lt\/wp-content\/uploads\/2020\/06\/FB_MAIN.jpg","width":1700,"height":956,"caption":"\u0160ilut\u0117s naujienos"},"image":{"@id":"https:\/\/www.silutesnaujienos.lt\/lt\/#\/schema\/logo\/image\/"},"sameAs":["https:\/\/www.facebook.com\/silutes.naujienos\/","https:\/\/www.youtube.com\/channel\/UCxW-cgrJDt8GxIMxSTAfJZg"]},{"@type":"Person","@id":"https:\/\/www.silutesnaujienos.lt\/lt\/#\/schema\/person\/232f475ddd4a7b5f49b3abc788b17e83","name":"\u0160ilut\u0117s naujien\u0173 inf.","image":{"@type":"ImageObject","inLanguage":"lt-LT","@id":"https:\/\/www.silutesnaujienos.lt\/lt\/wp-content\/uploads\/2020\/06\/favicon.png","url":"https:\/\/www.silutesnaujienos.lt\/lt\/wp-content\/uploads\/2020\/06\/favicon.png","contentUrl":"https:\/\/www.silutesnaujienos.lt\/lt\/wp-content\/uploads\/2020\/06\/favicon.png","caption":"\u0160ilut\u0117s naujien\u0173 inf."},"sameAs":["https:\/\/www.silutesnaujienos.lt\/lt"],"url":"https:\/\/www.silutesnaujienos.lt\/lt\/author\/ruta\/"}]}},"publishpress_future_workflow_manual_trigger":{"enabledWorkflows":[]},"amp_enabled":true,"_links":{"self":[{"href":"https:\/\/www.silutesnaujienos.lt\/lt\/wp-json\/wp\/v2\/posts\/14115","targetHints":{"allow":["GET"]}}],"collection":[{"href":"https:\/\/www.silutesnaujienos.lt\/lt\/wp-json\/wp\/v2\/posts"}],"about":[{"href":"https:\/\/www.silutesnaujienos.lt\/lt\/wp-json\/wp\/v2\/types\/post"}],"author":[{"embeddable":true,"href":"https:\/\/www.silutesnaujienos.lt\/lt\/wp-json\/wp\/v2\/users\/1"}],"replies":[{"embeddable":true,"href":"https:\/\/www.silutesnaujienos.lt\/lt\/wp-json\/wp\/v2\/comments?post=14115"}],"version-history":[{"count":0,"href":"https:\/\/www.silutesnaujienos.lt\/lt\/wp-json\/wp\/v2\/posts\/14115\/revisions"}],"wp:attachment":[{"href":"https:\/\/www.silutesnaujienos.lt\/lt\/wp-json\/wp\/v2\/media?parent=14115"}],"wp:term":[{"taxonomy":"category","embeddable":true,"href":"https:\/\/www.silutesnaujienos.lt\/lt\/wp-json\/wp\/v2\/categories?post=14115"},{"taxonomy":"post_tag","embeddable":true,"href":"https:\/\/www.silutesnaujienos.lt\/lt\/wp-json\/wp\/v2\/tags?post=14115"}],"curies":[{"name":"wp","href":"https:\/\/api.w.org\/{rel}","templated":true}]}}