{"id":14116,"date":"2013-02-19T06:00:00","date_gmt":"2013-02-19T08:00:00","guid":{"rendered":"https:\/\/www.silutesnaujienos.lt\/lt\/galite-issakykite-savo-problemas-seimo-nariui-a-skardziui\/"},"modified":"2013-02-19T06:00:00","modified_gmt":"2013-02-19T08:00:00","slug":"galite-issakykite-savo-problemas-seimo-nariui-a-skardziui","status":"publish","type":"post","link":"https:\/\/www.silutesnaujienos.lt\/lt\/galite-issakykite-savo-problemas-seimo-nariui-a-skardziui\/","title":{"rendered":"Galite i\u0161sakykite savo problemas Seimo nariui A.Skard\u017eiui"},"content":{"rendered":"<p><a target=\"_blank\" class=\"jcepopup\" href=\"\/\/silutesnaujienos.lt\/images\/stories\/2013\/02\/19\/SKARdZIAUS_foTO.jpg\" rel=\"noopener noreferrer\" data-rel=\"lightbox-gallery-eUvnM8CB\" data-rl_title=\"\" data-rl_caption=\"\" title=\"\"><img loading=\"lazy\" decoding=\"async\" style=\"margin: 5px; float: left;\" alt=\"SKARdZIAUS foTO\" src=\"\/\/silutesnaujienos.lt\/images\/stories\/2013\/02\/19\/thumbnails\/thumb_SKARdZIAUS_foTO.jpg\" height=\"230\" width=\"307\" \/><\/a><strong>\u0160iandien \u0160ilut\u0117je dirbs Seimo narys Art\u016bras Skard\u017eius. Jis kvie\u010dia gyventojus \u012f asmeninius susitikimus savo b\u016bstin\u0117je ir vie\u0161\u0105 susitikim\u0105 su visuomene \u0160ilut\u0117s seni\u016bnijos sal\u0117je.<\/strong><\/p>\n<p>Nuo 10 iki 13 val. gyventojai asmeni\u0161kai bus priimami Seimo nario b\u016bstin\u0117je, Lietuvinink\u0173 g. 8.<\/p>\n<p>Nuo 17 val. vyks susitikimas su gyventojais \u0160ilut\u0117s seni\u016bnijos sal\u0117je, Lietuvinink\u0173 g. 17.<\/p>\n","protected":false},"excerpt":{"rendered":"<p>\u0160iandien \u0160ilut\u0117je dirbs Seimo narys Art\u016bras Skard\u017eius. Jis kvie\u010dia gyventojus \u012f asmeninius susitikimus savo b\u016bstin\u0117je ir vie\u0161\u0105 susitikim\u0105 su visuomene \u0160ilut\u0117s seni\u016bnijos sal\u0117je. Nuo 10 iki 13 val. gyventojai asmeni\u0161kai bus priimami Seimo nario b\u016bstin\u0117je, Lietuvinink\u0173 g. 8. Nuo 17 val. vyks susitikimas su gyventojais \u0160ilut\u0117s seni\u016bnijos sal\u0117je, Lietuvinink\u0173 g. 17.<\/p>\n","protected":false},"author":1,"featured_media":0,"comment_status":"open","ping_status":"open","sticky":false,"template":"","format":"standard","meta":{"footnotes":""},"categories":[2],"tags":[],"class_list":{"0":"post-14116","1":"post","2":"type-post","3":"status-publish","4":"format-standard","6":"category-aktualijos"},"yoast_head":"<!-- This site is optimized with the Yoast SEO plugin v27.5 - https:\/\/yoast.com\/product\/yoast-seo-wordpress\/ -->\n<title>Galite i\u0161sakykite savo problemas Seimo nariui A.Skard\u017eiui - \u0160ilut\u0117s naujienos<\/title>\n<meta name=\"robots\" content=\"index, follow, max-snippet:-1, max-image-preview:large, max-video-preview:-1\" \/>\n<link rel=\"canonical\" href=\"https:\/\/www.silutesnaujienos.lt\/lt\/galite-issakykite-savo-problemas-seimo-nariui-a-skardziui\/\" \/>\n<meta property=\"og:locale\" content=\"lt_LT\" \/>\n<meta property=\"og:type\" content=\"article\" \/>\n<meta property=\"og:title\" content=\"Galite i\u0161sakykite savo problemas Seimo nariui A.Skard\u017eiui - \u0160ilut\u0117s naujienos\" \/>\n<meta property=\"og:description\" content=\"\u0160iandien \u0160ilut\u0117je dirbs Seimo narys Art\u016bras Skard\u017eius. Jis kvie\u010dia gyventojus \u012f asmeninius susitikimus savo b\u016bstin\u0117je ir vie\u0161\u0105 susitikim\u0105 su visuomene \u0160ilut\u0117s seni\u016bnijos sal\u0117je. Nuo 10 iki 13 val. gyventojai asmeni\u0161kai bus priimami Seimo nario b\u016bstin\u0117je, Lietuvinink\u0173 g. 8. Nuo 17 val. vyks susitikimas su gyventojais \u0160ilut\u0117s seni\u016bnijos sal\u0117je, Lietuvinink\u0173 g. 17.\" \/>\n<meta property=\"og:url\" content=\"https:\/\/www.silutesnaujienos.lt\/lt\/galite-issakykite-savo-problemas-seimo-nariui-a-skardziui\/\" \/>\n<meta property=\"og:site_name\" content=\"\u0160ilut\u0117s naujienos\" \/>\n<meta property=\"article:publisher\" content=\"https:\/\/www.facebook.com\/silutes.naujienos\/\" \/>\n<meta property=\"article:published_time\" content=\"2013-02-19T08:00:00+00:00\" \/>\n<meta property=\"og:image\" content=\"\/\/silutesnaujienos.lt\/images\/stories\/2013\/02\/19\/thumbnails\/thumb_SKARdZIAUS_foTO.jpg\" \/>\n<meta name=\"author\" content=\"\u0160ilut\u0117s naujien\u0173 inf.\" \/>\n<meta name=\"twitter:card\" content=\"summary_large_image\" \/>\n<meta name=\"twitter:label1\" content=\"Written by\" \/>\n\t<meta name=\"twitter:data1\" content=\"\u0160ilut\u0117s naujien\u0173 inf.\" \/>\n<script type=\"application\/ld+json\" class=\"yoast-schema-graph\">{\"@context\":\"https:\\\/\\\/schema.org\",\"@graph\":[{\"@type\":\"Article\",\"@id\":\"https:\\\/\\\/www.silutesnaujienos.lt\\\/lt\\\/galite-issakykite-savo-problemas-seimo-nariui-a-skardziui\\\/#article\",\"isPartOf\":{\"@id\":\"https:\\\/\\\/www.silutesnaujienos.lt\\\/lt\\\/galite-issakykite-savo-problemas-seimo-nariui-a-skardziui\\\/\"},\"author\":{\"name\":\"\u0160ilut\u0117s naujien\u0173 inf.\",\"@id\":\"https:\\\/\\\/www.silutesnaujienos.lt\\\/lt\\\/#\\\/schema\\\/person\\\/232f475ddd4a7b5f49b3abc788b17e83\"},\"headline\":\"Galite i\u0161sakykite savo problemas Seimo nariui A.Skard\u017eiui\",\"datePublished\":\"2013-02-19T08:00:00+00:00\",\"mainEntityOfPage\":{\"@id\":\"https:\\\/\\\/www.silutesnaujienos.lt\\\/lt\\\/galite-issakykite-savo-problemas-seimo-nariui-a-skardziui\\\/\"},\"wordCount\":70,\"commentCount\":0,\"publisher\":{\"@id\":\"https:\\\/\\\/www.silutesnaujienos.lt\\\/lt\\\/#organization\"},\"articleSection\":[\"Aktualijos\"],\"inLanguage\":\"lt-LT\",\"potentialAction\":[{\"@type\":\"CommentAction\",\"name\":\"Comment\",\"target\":[\"https:\\\/\\\/www.silutesnaujienos.lt\\\/lt\\\/galite-issakykite-savo-problemas-seimo-nariui-a-skardziui\\\/#respond\"]}]},{\"@type\":\"WebPage\",\"@id\":\"https:\\\/\\\/www.silutesnaujienos.lt\\\/lt\\\/galite-issakykite-savo-problemas-seimo-nariui-a-skardziui\\\/\",\"url\":\"https:\\\/\\\/www.silutesnaujienos.lt\\\/lt\\\/galite-issakykite-savo-problemas-seimo-nariui-a-skardziui\\\/\",\"name\":\"Galite i\u0161sakykite savo problemas Seimo nariui A.Skard\u017eiui - \u0160ilut\u0117s naujienos\",\"isPartOf\":{\"@id\":\"https:\\\/\\\/www.silutesnaujienos.lt\\\/lt\\\/#website\"},\"datePublished\":\"2013-02-19T08:00:00+00:00\",\"breadcrumb\":{\"@id\":\"https:\\\/\\\/www.silutesnaujienos.lt\\\/lt\\\/galite-issakykite-savo-problemas-seimo-nariui-a-skardziui\\\/#breadcrumb\"},\"inLanguage\":\"lt-LT\",\"potentialAction\":[{\"@type\":\"ReadAction\",\"target\":[\"https:\\\/\\\/www.silutesnaujienos.lt\\\/lt\\\/galite-issakykite-savo-problemas-seimo-nariui-a-skardziui\\\/\"]}]},{\"@type\":\"BreadcrumbList\",\"@id\":\"https:\\\/\\\/www.silutesnaujienos.lt\\\/lt\\\/galite-issakykite-savo-problemas-seimo-nariui-a-skardziui\\\/#breadcrumb\",\"itemListElement\":[{\"@type\":\"ListItem\",\"position\":1,\"name\":\"Home\",\"item\":\"https:\\\/\\\/www.silutesnaujienos.lt\\\/lt\\\/\"},{\"@type\":\"ListItem\",\"position\":2,\"name\":\"Galite i\u0161sakykite savo problemas Seimo nariui A.Skard\u017eiui\"}]},{\"@type\":\"WebSite\",\"@id\":\"https:\\\/\\\/www.silutesnaujienos.lt\\\/lt\\\/#website\",\"url\":\"https:\\\/\\\/www.silutesnaujienos.lt\\\/lt\\\/\",\"name\":\"\u0160ilut\u0117s naujienos\",\"description\":\"B\u016bk ant naujien\u0173 bangos!\",\"publisher\":{\"@id\":\"https:\\\/\\\/www.silutesnaujienos.lt\\\/lt\\\/#organization\"},\"potentialAction\":[{\"@type\":\"SearchAction\",\"target\":{\"@type\":\"EntryPoint\",\"urlTemplate\":\"https:\\\/\\\/www.silutesnaujienos.lt\\\/lt\\\/?s={search_term_string}\"},\"query-input\":{\"@type\":\"PropertyValueSpecification\",\"valueRequired\":true,\"valueName\":\"search_term_string\"}}],\"inLanguage\":\"lt-LT\"},{\"@type\":\"Organization\",\"@id\":\"https:\\\/\\\/www.silutesnaujienos.lt\\\/lt\\\/#organization\",\"name\":\"\u0160ilut\u0117s naujienos\",\"url\":\"https:\\\/\\\/www.silutesnaujienos.lt\\\/lt\\\/\",\"logo\":{\"@type\":\"ImageObject\",\"inLanguage\":\"lt-LT\",\"@id\":\"https:\\\/\\\/www.silutesnaujienos.lt\\\/lt\\\/#\\\/schema\\\/logo\\\/image\\\/\",\"url\":\"https:\\\/\\\/www.silutesnaujienos.lt\\\/lt\\\/wp-content\\\/uploads\\\/2020\\\/06\\\/FB_MAIN.jpg\",\"contentUrl\":\"https:\\\/\\\/www.silutesnaujienos.lt\\\/lt\\\/wp-content\\\/uploads\\\/2020\\\/06\\\/FB_MAIN.jpg\",\"width\":1700,\"height\":956,\"caption\":\"\u0160ilut\u0117s naujienos\"},\"image\":{\"@id\":\"https:\\\/\\\/www.silutesnaujienos.lt\\\/lt\\\/#\\\/schema\\\/logo\\\/image\\\/\"},\"sameAs\":[\"https:\\\/\\\/www.facebook.com\\\/silutes.naujienos\\\/\",\"https:\\\/\\\/www.youtube.com\\\/channel\\\/UCxW-cgrJDt8GxIMxSTAfJZg\"]},{\"@type\":\"Person\",\"@id\":\"https:\\\/\\\/www.silutesnaujienos.lt\\\/lt\\\/#\\\/schema\\\/person\\\/232f475ddd4a7b5f49b3abc788b17e83\",\"name\":\"\u0160ilut\u0117s naujien\u0173 inf.\",\"image\":{\"@type\":\"ImageObject\",\"inLanguage\":\"lt-LT\",\"@id\":\"https:\\\/\\\/www.silutesnaujienos.lt\\\/lt\\\/wp-content\\\/uploads\\\/2020\\\/06\\\/favicon.png\",\"url\":\"https:\\\/\\\/www.silutesnaujienos.lt\\\/lt\\\/wp-content\\\/uploads\\\/2020\\\/06\\\/favicon.png\",\"contentUrl\":\"https:\\\/\\\/www.silutesnaujienos.lt\\\/lt\\\/wp-content\\\/uploads\\\/2020\\\/06\\\/favicon.png\",\"caption\":\"\u0160ilut\u0117s naujien\u0173 inf.\"},\"sameAs\":[\"https:\\\/\\\/www.silutesnaujienos.lt\\\/lt\"],\"url\":\"https:\\\/\\\/www.silutesnaujienos.lt\\\/lt\\\/author\\\/ruta\\\/\"}]}<\/script>\n<!-- \/ Yoast SEO plugin. -->","yoast_head_json":{"title":"Galite i\u0161sakykite savo problemas Seimo nariui A.Skard\u017eiui - \u0160ilut\u0117s naujienos","robots":{"index":"index","follow":"follow","max-snippet":"max-snippet:-1","max-image-preview":"max-image-preview:large","max-video-preview":"max-video-preview:-1"},"canonical":"https:\/\/www.silutesnaujienos.lt\/lt\/galite-issakykite-savo-problemas-seimo-nariui-a-skardziui\/","og_locale":"lt_LT","og_type":"article","og_title":"Galite i\u0161sakykite savo problemas Seimo nariui A.Skard\u017eiui - \u0160ilut\u0117s naujienos","og_description":"\u0160iandien \u0160ilut\u0117je dirbs Seimo narys Art\u016bras Skard\u017eius. Jis kvie\u010dia gyventojus \u012f asmeninius susitikimus savo b\u016bstin\u0117je ir vie\u0161\u0105 susitikim\u0105 su visuomene \u0160ilut\u0117s seni\u016bnijos sal\u0117je. Nuo 10 iki 13 val. gyventojai asmeni\u0161kai bus priimami Seimo nario b\u016bstin\u0117je, Lietuvinink\u0173 g. 8. Nuo 17 val. vyks susitikimas su gyventojais \u0160ilut\u0117s seni\u016bnijos sal\u0117je, Lietuvinink\u0173 g. 17.","og_url":"https:\/\/www.silutesnaujienos.lt\/lt\/galite-issakykite-savo-problemas-seimo-nariui-a-skardziui\/","og_site_name":"\u0160ilut\u0117s naujienos","article_publisher":"https:\/\/www.facebook.com\/silutes.naujienos\/","article_published_time":"2013-02-19T08:00:00+00:00","og_image":[{"url":"\/\/silutesnaujienos.lt\/images\/stories\/2013\/02\/19\/thumbnails\/thumb_SKARdZIAUS_foTO.jpg","type":"","width":"","height":""}],"author":"\u0160ilut\u0117s naujien\u0173 inf.","twitter_card":"summary_large_image","twitter_misc":{"Written by":"\u0160ilut\u0117s naujien\u0173 inf."},"schema":{"@context":"https:\/\/schema.org","@graph":[{"@type":"Article","@id":"https:\/\/www.silutesnaujienos.lt\/lt\/galite-issakykite-savo-problemas-seimo-nariui-a-skardziui\/#article","isPartOf":{"@id":"https:\/\/www.silutesnaujienos.lt\/lt\/galite-issakykite-savo-problemas-seimo-nariui-a-skardziui\/"},"author":{"name":"\u0160ilut\u0117s naujien\u0173 inf.","@id":"https:\/\/www.silutesnaujienos.lt\/lt\/#\/schema\/person\/232f475ddd4a7b5f49b3abc788b17e83"},"headline":"Galite i\u0161sakykite savo problemas Seimo nariui A.Skard\u017eiui","datePublished":"2013-02-19T08:00:00+00:00","mainEntityOfPage":{"@id":"https:\/\/www.silutesnaujienos.lt\/lt\/galite-issakykite-savo-problemas-seimo-nariui-a-skardziui\/"},"wordCount":70,"commentCount":0,"publisher":{"@id":"https:\/\/www.silutesnaujienos.lt\/lt\/#organization"},"articleSection":["Aktualijos"],"inLanguage":"lt-LT","potentialAction":[{"@type":"CommentAction","name":"Comment","target":["https:\/\/www.silutesnaujienos.lt\/lt\/galite-issakykite-savo-problemas-seimo-nariui-a-skardziui\/#respond"]}]},{"@type":"WebPage","@id":"https:\/\/www.silutesnaujienos.lt\/lt\/galite-issakykite-savo-problemas-seimo-nariui-a-skardziui\/","url":"https:\/\/www.silutesnaujienos.lt\/lt\/galite-issakykite-savo-problemas-seimo-nariui-a-skardziui\/","name":"Galite i\u0161sakykite savo problemas Seimo nariui A.Skard\u017eiui - \u0160ilut\u0117s naujienos","isPartOf":{"@id":"https:\/\/www.silutesnaujienos.lt\/lt\/#website"},"datePublished":"2013-02-19T08:00:00+00:00","breadcrumb":{"@id":"https:\/\/www.silutesnaujienos.lt\/lt\/galite-issakykite-savo-problemas-seimo-nariui-a-skardziui\/#breadcrumb"},"inLanguage":"lt-LT","potentialAction":[{"@type":"ReadAction","target":["https:\/\/www.silutesnaujienos.lt\/lt\/galite-issakykite-savo-problemas-seimo-nariui-a-skardziui\/"]}]},{"@type":"BreadcrumbList","@id":"https:\/\/www.silutesnaujienos.lt\/lt\/galite-issakykite-savo-problemas-seimo-nariui-a-skardziui\/#breadcrumb","itemListElement":[{"@type":"ListItem","position":1,"name":"Home","item":"https:\/\/www.silutesnaujienos.lt\/lt\/"},{"@type":"ListItem","position":2,"name":"Galite i\u0161sakykite savo problemas Seimo nariui A.Skard\u017eiui"}]},{"@type":"WebSite","@id":"https:\/\/www.silutesnaujienos.lt\/lt\/#website","url":"https:\/\/www.silutesnaujienos.lt\/lt\/","name":"\u0160ilut\u0117s naujienos","description":"B\u016bk ant naujien\u0173 bangos!","publisher":{"@id":"https:\/\/www.silutesnaujienos.lt\/lt\/#organization"},"potentialAction":[{"@type":"SearchAction","target":{"@type":"EntryPoint","urlTemplate":"https:\/\/www.silutesnaujienos.lt\/lt\/?s={search_term_string}"},"query-input":{"@type":"PropertyValueSpecification","valueRequired":true,"valueName":"search_term_string"}}],"inLanguage":"lt-LT"},{"@type":"Organization","@id":"https:\/\/www.silutesnaujienos.lt\/lt\/#organization","name":"\u0160ilut\u0117s naujienos","url":"https:\/\/www.silutesnaujienos.lt\/lt\/","logo":{"@type":"ImageObject","inLanguage":"lt-LT","@id":"https:\/\/www.silutesnaujienos.lt\/lt\/#\/schema\/logo\/image\/","url":"https:\/\/www.silutesnaujienos.lt\/lt\/wp-content\/uploads\/2020\/06\/FB_MAIN.jpg","contentUrl":"https:\/\/www.silutesnaujienos.lt\/lt\/wp-content\/uploads\/2020\/06\/FB_MAIN.jpg","width":1700,"height":956,"caption":"\u0160ilut\u0117s naujienos"},"image":{"@id":"https:\/\/www.silutesnaujienos.lt\/lt\/#\/schema\/logo\/image\/"},"sameAs":["https:\/\/www.facebook.com\/silutes.naujienos\/","https:\/\/www.youtube.com\/channel\/UCxW-cgrJDt8GxIMxSTAfJZg"]},{"@type":"Person","@id":"https:\/\/www.silutesnaujienos.lt\/lt\/#\/schema\/person\/232f475ddd4a7b5f49b3abc788b17e83","name":"\u0160ilut\u0117s naujien\u0173 inf.","image":{"@type":"ImageObject","inLanguage":"lt-LT","@id":"https:\/\/www.silutesnaujienos.lt\/lt\/wp-content\/uploads\/2020\/06\/favicon.png","url":"https:\/\/www.silutesnaujienos.lt\/lt\/wp-content\/uploads\/2020\/06\/favicon.png","contentUrl":"https:\/\/www.silutesnaujienos.lt\/lt\/wp-content\/uploads\/2020\/06\/favicon.png","caption":"\u0160ilut\u0117s naujien\u0173 inf."},"sameAs":["https:\/\/www.silutesnaujienos.lt\/lt"],"url":"https:\/\/www.silutesnaujienos.lt\/lt\/author\/ruta\/"}]}},"publishpress_future_workflow_manual_trigger":{"enabledWorkflows":[]},"amp_enabled":true,"_links":{"self":[{"href":"https:\/\/www.silutesnaujienos.lt\/lt\/wp-json\/wp\/v2\/posts\/14116","targetHints":{"allow":["GET"]}}],"collection":[{"href":"https:\/\/www.silutesnaujienos.lt\/lt\/wp-json\/wp\/v2\/posts"}],"about":[{"href":"https:\/\/www.silutesnaujienos.lt\/lt\/wp-json\/wp\/v2\/types\/post"}],"author":[{"embeddable":true,"href":"https:\/\/www.silutesnaujienos.lt\/lt\/wp-json\/wp\/v2\/users\/1"}],"replies":[{"embeddable":true,"href":"https:\/\/www.silutesnaujienos.lt\/lt\/wp-json\/wp\/v2\/comments?post=14116"}],"version-history":[{"count":0,"href":"https:\/\/www.silutesnaujienos.lt\/lt\/wp-json\/wp\/v2\/posts\/14116\/revisions"}],"wp:attachment":[{"href":"https:\/\/www.silutesnaujienos.lt\/lt\/wp-json\/wp\/v2\/media?parent=14116"}],"wp:term":[{"taxonomy":"category","embeddable":true,"href":"https:\/\/www.silutesnaujienos.lt\/lt\/wp-json\/wp\/v2\/categories?post=14116"},{"taxonomy":"post_tag","embeddable":true,"href":"https:\/\/www.silutesnaujienos.lt\/lt\/wp-json\/wp\/v2\/tags?post=14116"}],"curies":[{"name":"wp","href":"https:\/\/api.w.org\/{rel}","templated":true}]}}