{"id":14186,"date":"2014-07-14T13:00:00","date_gmt":"2014-07-14T15:00:00","guid":{"rendered":"https:\/\/www.silutesnaujienos.lt\/lt\/mero-pavaduotojai-pirmais-antrais-nesiskaiciuoja\/"},"modified":"2014-07-14T13:00:00","modified_gmt":"2014-07-14T15:00:00","slug":"mero-pavaduotojai-pirmais-antrais-nesiskaiciuoja","status":"publish","type":"post","link":"https:\/\/www.silutesnaujienos.lt\/lt\/mero-pavaduotojai-pirmais-antrais-nesiskaiciuoja\/","title":{"rendered":"Mero pavaduotojai pirmais &#8211; antrais nesiskai\u010diuoja"},"content":{"rendered":"<p><a target=\"_blank\" rel=\"caption[Mero pavaduotojai A.Bal\u010dytis ir A.Ge\u010das jau \u201eprisimatavo\u201c jiems paskirtus kabinetus kr\u0117slus.] noopener noreferrer\" class=\"jcepopup\" href=\"\/\/silutesnaujienos.lt\/images\/stories\/2014\/LIEPA\/11\/VICEMERAS_A_BALCYTIS.jpg\" data-rel=\"lightbox-gallery-wKcc8gbW\" data-rl_title=\"\" data-rl_caption=\"\"><img loading=\"lazy\" decoding=\"async\" style=\"margin: 5px; float: left;\" class=\"caption\" title=\"\" alt=\"VICEMERAS A BALCYTIS\" src=\"\/\/silutesnaujienos.lt\/images\/stories\/2014\/LIEPA\/11\/thumbnails\/thumb_VICEMERAS_A_BALCYTIS.jpg\" height=\"230\" width=\"307\" \/><\/a><strong>Savivaldyb\u0117s taryba liepos 3 dien\u0105 mero Vytauto Laurinai\u010dio teikimu paskyr\u0117 du mero pavaduotojus &#8211; Algird\u0105 Bal\u010dyt\u012f ir Algird\u0105 Ge\u010d\u0105, kurie sutiko pareigas eiti visuomeniniais pagrindais, kitaip tariant, be atlyginimo.<\/strong><\/p>\n<p>Jie gal\u0117s pasinaudoti Savivaldyb\u0117s tarybos nariams skiriama i\u0161laid\u0173, susijusi\u0173 su Tarybos nario pareigomis, kompensacija iki 1000 lit\u0173 kas m\u0117nes\u012f.<\/p>\n<p>Beje, \u201e\u0160ilut\u0117s naujien\u0173\u201c \u017einiomis, abu politikai ir neb\u016bdami vicemerais min\u0117tas kompensacijas i\u0161krap\u0161tydavo iki dugno.<\/p>\n<p><strong>Kart\u0105 jau dirbo nemokamai<\/strong><\/p>\n<p>I\u0161 pareig\u0173 atstatydintas meras \u0160ar\u016bnas Lau\u017eikas, prie\u0161 pusmet\u012f kartu su A.Bal\u010dy\u010diu vicemer\u0173 pareigas irgi \u0117j\u0119s visuomeniniais pagrindais, pos\u0117d\u017eio metu pa\u0161iepdamas buvus\u012f koleg\u0105 dom\u0117josi, kiek m\u0117nesi\u0173 \u0161\u012f kart\u0105 jam u\u017eteks kantryb\u0117s dirbti visuomeniniais pagrindais ir kada jis v\u0117l panor\u0117s, kad jo darbas b\u016bt\u0173 apmokamas.<\/p>\n<p>Daugeliui yra \u017einoma, kad \u0161io \u0161aukimo Savivaldyb\u0117s tarybos kadencijoje vienerius metus vicemeras socialdemokratas A.Bal\u010dytis negavo atlyginimo, ta\u010diau Savivaldyb\u0117je dirbo nuo ryto iki vakaro: priimin\u0117jo interesantus, sprend\u0117 \u012fvairius Savivaldyb\u0117s reikalus, va\u017ein\u0117jo \u012f Vilni\u0173, dalyvavo susitikimuose su ministrais ar Seimo nariais.<\/p>\n<p>Vicemeras \u0160.Lau\u017eikas, dirbdamas visuomeniniais pagrindais, Savivaldyb\u0117je pasirodydavo \u017eymiai re\u010diau.<\/p>\n<p>Matydami tok\u012f A.Bal\u010dy\u010dio darbo kr\u016bv\u012f, atlyginim\u0105 jam mok\u0117ti pasi\u016bl\u0117 opozicijos atstovai. Pats A.Bal\u010dytis atlyginimo oficialiai nepra\u0161\u0117.<\/p>\n<p>Prie\u0161 pat antr\u0105j\u012f vald\u017eios nuvertim\u0105 Savivaldyb\u0117s taryba jau buvo pritarusi si\u016blymui mok\u0117ti A.Bal\u010dy\u010diui atlyginim\u0105. Ta\u010diau tok\u012f sprendim\u0105 u\u017egin\u010dijo Vyriausyb\u0117s atstov\u0117 Klaip\u0117dos apskrityje Daiva Kereke\u0161.<\/p>\n<p>Netrukus atlyginimo problema dingo, nes A.Bal\u010dytis kartu su kitais valdan\u010diaisiais neteko pareig\u0173. <\/p>\n<p>\u0160\u012fkart A.Bal\u010dytis patar\u0117 savo oponentui \u0160.Lau\u017eikui nustoti d\u0117l to nerimauti ir patikino, kad nemokamai dirbs iki kadencijos pabaigos &#8211; likusius 8 m\u0117nesius. A.Bal\u010dy\u010dio nuomone, tas laikas jam neprailgs, nes yra daug darb\u0173, kurie buvo pusme\u010diui sustabdyti ir kuriuos b\u016btina atnaujinti ir t\u0119sti.<\/p>\n<p><strong>Pasidalijo kabinetus<\/strong><\/p>\n<p>Prie\u0161 savait\u0119 dalijant naujai i\u0161rinktiems vicemerams kabinetus, buvo manoma, kad \u0161\u012fkart A.Bal\u010dytis pasirinks erdv\u0173 vicemero \u0160.Lau\u017eiko naudot\u0105 kabinet\u0105. Toks kabinetas \u0160.Lau\u017eikui buvo skirtas tod\u0117l, kad jam buvo patik\u0117tos vadinamosios pirmojo vicemero pareigos. Tuometinis \u201eantrasis vicemeras\u201c A.Bal\u010dytis dirbo kuklesniame, perpus ma\u017eesniame kabinete.<br \/><a target=\"_blank\" class=\"jcepopup\" href=\"\/\/silutesnaujienos.lt\/images\/stories\/2014\/LIEPA\/11\/VICEMERAS_A_GECAS_1.jpg\" rel=\"noopener noreferrer\" data-rel=\"lightbox-gallery-wKcc8gbW\" data-rl_title=\"\" data-rl_caption=\"\" title=\"\"><img loading=\"lazy\" decoding=\"async\" style=\"margin: 5px; float: right;\" alt=\"VICEMERAS A GECAS 1\" src=\"\/\/silutesnaujienos.lt\/images\/stories\/2014\/LIEPA\/11\/thumbnails\/thumb_VICEMERAS_A_GECAS_1.jpg\" height=\"230\" width=\"307\" \/><\/a><br \/>Bet A.Bal\u010dytis v\u0117l pasirinko t\u0105 pat\u012f ma\u017eesn\u012fj\u012f kabinet\u0105, i\u0161 kurio prie\u0161 pusmet\u012f buvo i\u0161kraustytas. Pagrindinis tokio pasirinkimo argumentas: per t\u0105 pusmet\u012f, kai A.Bal\u010dytis nebuvo vicemeru, to kabineto niekam neprireik\u0117, be to, \u010dia dirbti buvo visai patogu.<br \/>Vicemerui A.Ge\u010dui nieko kito neliko, kaip tik d\u017eiaugtis kolegos kuklumu ir \u012fsikurti did\u017eiuliame nuversto vicemero Virgilijaus Pozingio kabinete.<\/p>\n<p>\u201e\u0160ilut\u0117s naujien\u0173\u201c paklaustas, kur\u012f i\u0161 vicemer\u0173 \u0161\u012f kart\u0105 teks vadinti pirmuoju, A.Ge\u010das sak\u0117, kad visai neprie\u0161taraut\u0173, jog A.Bal\u010dytis vadint\u0173si pirmuoju, \u017einant jo darbo patirt\u012f ir eitas atsakingas pareigas savivaldoje.<\/p>\n<p>Ta\u010diau toki\u0105 diskusij\u0105 nutrauk\u0117 A.Bal\u010dytis, sakydamas, kad \u0161\u012fkart reik\u0117s apsieiti be vicemer\u0173 skai\u010diuo\u010di\u0173 \u201epirmais &#8211; antrais\u201c&#8230;<\/p>\n<p><strong>Tikslas &#8211; pramog\u0173 ir sporto centro statybos prad\u017eia<\/strong><\/p>\n<p>Sugr\u012f\u017e\u0119s \u012f savo darbo kabinet\u0105, vicemeras A.Bal\u010dytis pasakojo, kad jo tikslas per tuos 8 m\u0117nesius atlikti pradinius darbus, kad pajud\u0117t\u0173 naujo Pramog\u0173 ir sporto centro statyba \u0160ilut\u0117je. Jis niekaip negali suprasti buvusio mero \u0160.Lau\u017eiko prie\u0161i\u0161ko nusiteikimo d\u0117l tokio komplekso statybos. Tod\u0117l nebuvo rengiami \u0161io komplekso statybos projektai ES strukt\u016brini\u0173 fond\u0173 paramai gauti. Vald\u017eiai spyriojantis, sugai\u0161ta kone metai.<\/p>\n<p>Dabar A.Bal\u010dytis \u017eada daryti visk\u0105, kad per 8 m\u0117nesius Savivaldyb\u0117 parengt\u0173 komplekso investicin\u012f projekt\u0105. Be tokio projekto niekas net nekalba apie galim\u0105 finansavim\u0105.<\/p>\n<p>A.Bal\u010dytis jau pritaria, kad min\u0117tas centras b\u016bt\u0173 statomas rekonstruojant sporto kompleks\u0105 Rusn\u0117s gatv\u0117je 8, o ne \u017dalgirio gatv\u0117je, \u0161alia stadiono, kaip buvo diskutuota prie\u0161 pusmet\u012f. Tokiam jo apsisprendimui \u012ftakos tur\u0117jo informacija, jog senojo sporto komplekso Rusn\u0117s g. 8 bendrasavininkis verslininkas Rimgaudas Vi\u0161inskas sutinka perleisti savo valdom\u0105 pastato dal\u012f Savivaldybei palankiomis s\u0105lygomis: Savivaldybei reik\u0117t\u0173 kelet\u0105 met\u0173 neimti i\u0161 R.Vi\u0161insko \u017eem\u0117s nuomos mokes\u010dio.<\/p>\n<p>Kita A.Bal\u010dy\u010dio apsisprendimo s\u0105lyga, kod\u0117l Sporto ir pramog\u0173 centro statyba galima Rusn\u0117s g., yra ta, kad \u010dia planuojamomis sveikatinimo paslaugomis b\u016bt\u0173 patogu naudotis ir \u0160ilut\u0117s ligonin\u0117s pacientams.<\/p>\n<p>Vicemeras A.Bal\u010dytis sako, kad itin r\u016bpinsis, jog suma\u017e\u0117t\u0173 Savivaldyb\u0117s \u012fstaig\u0173 teikiam\u0173 paslaug\u0173 kainos rajono gyventojams. Jis jau yra sutar\u0119s vykti \u012f Energetikos ir kain\u0173 kontrol\u0117s komisij\u0105 ai\u0161kintis ir der\u0117tis, kad b\u016bt\u0173 ma\u017einama \u0161oktel\u0117jusi \u0161ilumos kaina (\u201e\u0160ilut\u0117s \u0161ilumos tinkluose\u201c \u012frengus nauj\u0105j\u012f biokuro katil\u0105, bazin\u0117 \u0161ilumos kaina padid\u0117jo 2 centais u\u017e vien\u0105 kW\/h).<\/p>\n<p>Pasak A.Bal\u010dy\u010dio, suprantama, kad investicijos \u012f biokuro katilus didina \u0161ilumos savikain\u0105, ta\u010diau reikia siekti kompromiso, kad pabrangimas neb\u016bt\u0173 u\u017ekrautas \u0161ilumos vartotojams.<\/p>\n<p>D\u0117mesio reik\u0117s ir vandentvarkos bei atliek\u0173 tvarkymo sritims.<\/p>\n<p><strong>Revoliucij\u0173 ne\u017eada<\/strong> <\/p>\n<p>Mero pavaduotojui pedagogui A.Ge\u010dui, \u012fpratusiam dirbti klas\u0117se, erdviame vicemero kabinete bus jaukiau, jei sulauks diskutuoti at\u0117jusi\u0173 \u017emoni\u0173.<\/p>\n<p>A.Ge\u010das sak\u0117, jog meras dar n\u0117ra i\u0161leid\u0119s potvarkio apie kuruojam\u0173 savivaldos sri\u010di\u0173 padalijim\u0105 vicemerams. Jis tikisi, kad jam atiteks \u0161vietimo, kult\u016bros, sporto sritys. A.Ge\u010das jau tre\u010di\u0105 kadencij\u0105 dirba Savivaldyb\u0117s taryboje, ne kart\u0105 yra pirmininkav\u0119s Socialini\u0173 reikal\u0173 komitetui, tod\u0117l yra sukaup\u0119s \u017eini\u0173 ir patirties.<\/p>\n<p>Kalb\u0117damas apie tai, k\u0105 nor\u0117t\u0173 nuveikti per likusius \u0161ios kadencijos 8 m\u0117nesius, A.Ge\u010das sak\u0117 joki\u0173 revoliucij\u0173 ne\u017eadantis. Jis n\u0117ra radikali\u0173 pasikeitim\u0173 \u0161alininkas, ypa\u010d kai kalbama apie savivaldos \u012fstaigas ir \u012fmones.<\/p>\n<p>Pasak vicemero, reikia ir toliau diskutuoti bei t\u0119sti prad\u0117tus sporto \u012fstaig\u0173 reformos darbus. Jos tikslas &#8211; pagerinti sporto \u012fstaig\u0173 valdym\u0105, racionaliau naudoti l\u0117\u0161as ir, svarbiausia, pasiekti, kad visa rajono sporto sistema atitikt\u0173 \u017emoni\u0173 l\u016bkes\u010dius, kad \u012f sportin\u0119 veikl\u0105 b\u016bt\u0173 \u012ftraukta kuo daugiau \u012fvairaus am\u017eiaus \u017emoni\u0173.<\/p>\n<p>Ypa\u010d jautri sritis &#8211; rajono \u0161vietimo sistema. Pasak A.Ge\u010do, kai ma\u017e\u0117ja vaik\u0173 ir ma\u017e\u0117ja klasi\u0173 komplekt\u0173 skai\u010dius, tai d\u0117l kiekvienos klas\u0117s, ar pradin\u0117s mokykl\u0117l\u0117s u\u017edarymo reik\u0117s ai\u0161kintis labai atid\u017eiai. A.Ge\u010das d\u017eiaugiasi, kad kai kuriose gyvenviet\u0117se atsirado poreikis steigti ikimokyklinio vaik\u0173 ugdymo grupes. Tai teikia vilt\u012f, kad situacija keisis \u012f geresn\u0119 pus\u0119.<\/p>\n<p>Kult\u016bros srityje A.Ge\u010das dideli\u0173 problem\u0173 nemato. Jo nuomone, rajono kult\u016bros centrai dirba skland\u017eiai, rengini\u0173 daug ir jie pakankamai kokybi\u0161ki. Tiesa, pagerbiant Dain\u0173 \u0161vent\u0117s dalyvius, nuskamb\u0117jo pra\u0161ymas, kad meno kolektyvams jau reikia finansin\u0117s paramos r\u016bbams, instrumentams \u012fsigyti.<\/p>\n","protected":false},"excerpt":{"rendered":"<p>Savivaldyb\u0117s taryba liepos 3 dien\u0105 mero Vytauto Laurinai\u010dio teikimu paskyr\u0117 du mero pavaduotojus &#8211; Algird\u0105 Bal\u010dyt\u012f ir Algird\u0105 Ge\u010d\u0105, kurie sutiko pareigas eiti visuomeniniais pagrindais, kitaip tariant, be atlyginimo. Jie gal\u0117s pasinaudoti Savivaldyb\u0117s tarybos nariams skiriama i\u0161laid\u0173, susijusi\u0173 su Tarybos nario pareigomis, kompensacija iki 1000 lit\u0173 kas m\u0117nes\u012f. Beje, \u201e\u0160ilut\u0117s naujien\u0173\u201c \u017einiomis, abu politikai ir [&hellip;]<\/p>\n","protected":false},"author":1,"featured_media":0,"comment_status":"open","ping_status":"open","sticky":false,"template":"","format":"standard","meta":{"footnotes":""},"categories":[2],"tags":[],"class_list":{"0":"post-14186","1":"post","2":"type-post","3":"status-publish","4":"format-standard","6":"category-aktualijos"},"yoast_head":"<!-- This site is optimized with the Yoast SEO plugin v27.5 - https:\/\/yoast.com\/product\/yoast-seo-wordpress\/ -->\n<title>Mero pavaduotojai pirmais - antrais nesiskai\u010diuoja - \u0160ilut\u0117s naujienos<\/title>\n<meta name=\"robots\" content=\"index, follow, max-snippet:-1, max-image-preview:large, max-video-preview:-1\" \/>\n<link rel=\"canonical\" href=\"https:\/\/www.silutesnaujienos.lt\/lt\/mero-pavaduotojai-pirmais-antrais-nesiskaiciuoja\/\" \/>\n<meta property=\"og:locale\" content=\"lt_LT\" \/>\n<meta property=\"og:type\" content=\"article\" \/>\n<meta property=\"og:title\" content=\"Mero pavaduotojai pirmais - antrais nesiskai\u010diuoja - \u0160ilut\u0117s naujienos\" \/>\n<meta property=\"og:description\" content=\"Savivaldyb\u0117s taryba liepos 3 dien\u0105 mero Vytauto Laurinai\u010dio teikimu paskyr\u0117 du mero pavaduotojus &#8211; Algird\u0105 Bal\u010dyt\u012f ir Algird\u0105 Ge\u010d\u0105, kurie sutiko pareigas eiti visuomeniniais pagrindais, kitaip tariant, be atlyginimo. Jie gal\u0117s pasinaudoti Savivaldyb\u0117s tarybos nariams skiriama i\u0161laid\u0173, susijusi\u0173 su Tarybos nario pareigomis, kompensacija iki 1000 lit\u0173 kas m\u0117nes\u012f. Beje, \u201e\u0160ilut\u0117s naujien\u0173\u201c \u017einiomis, abu politikai ir [&hellip;]\" \/>\n<meta property=\"og:url\" content=\"https:\/\/www.silutesnaujienos.lt\/lt\/mero-pavaduotojai-pirmais-antrais-nesiskaiciuoja\/\" \/>\n<meta property=\"og:site_name\" content=\"\u0160ilut\u0117s naujienos\" \/>\n<meta property=\"article:publisher\" content=\"https:\/\/www.facebook.com\/silutes.naujienos\/\" \/>\n<meta property=\"article:published_time\" content=\"2014-07-14T15:00:00+00:00\" \/>\n<meta property=\"og:image\" content=\"\/\/silutesnaujienos.lt\/images\/stories\/2014\/LIEPA\/11\/thumbnails\/thumb_VICEMERAS_A_BALCYTIS.jpg\" \/>\n<meta name=\"author\" content=\"\u0160ilut\u0117s naujien\u0173 inf.\" \/>\n<meta name=\"twitter:card\" content=\"summary_large_image\" \/>\n<meta name=\"twitter:label1\" content=\"Written by\" \/>\n\t<meta name=\"twitter:data1\" content=\"\u0160ilut\u0117s naujien\u0173 inf.\" \/>\n\t<meta name=\"twitter:label2\" content=\"Est. reading time\" \/>\n\t<meta name=\"twitter:data2\" content=\"5 minut\u0117s\" \/>\n<script type=\"application\/ld+json\" class=\"yoast-schema-graph\">{\"@context\":\"https:\\\/\\\/schema.org\",\"@graph\":[{\"@type\":\"Article\",\"@id\":\"https:\\\/\\\/www.silutesnaujienos.lt\\\/lt\\\/mero-pavaduotojai-pirmais-antrais-nesiskaiciuoja\\\/#article\",\"isPartOf\":{\"@id\":\"https:\\\/\\\/www.silutesnaujienos.lt\\\/lt\\\/mero-pavaduotojai-pirmais-antrais-nesiskaiciuoja\\\/\"},\"author\":{\"name\":\"\u0160ilut\u0117s naujien\u0173 inf.\",\"@id\":\"https:\\\/\\\/www.silutesnaujienos.lt\\\/lt\\\/#\\\/schema\\\/person\\\/232f475ddd4a7b5f49b3abc788b17e83\"},\"headline\":\"Mero pavaduotojai pirmais &#8211; antrais nesiskai\u010diuoja\",\"datePublished\":\"2014-07-14T15:00:00+00:00\",\"mainEntityOfPage\":{\"@id\":\"https:\\\/\\\/www.silutesnaujienos.lt\\\/lt\\\/mero-pavaduotojai-pirmais-antrais-nesiskaiciuoja\\\/\"},\"wordCount\":1102,\"commentCount\":0,\"publisher\":{\"@id\":\"https:\\\/\\\/www.silutesnaujienos.lt\\\/lt\\\/#organization\"},\"articleSection\":[\"Aktualijos\"],\"inLanguage\":\"lt-LT\",\"potentialAction\":[{\"@type\":\"CommentAction\",\"name\":\"Comment\",\"target\":[\"https:\\\/\\\/www.silutesnaujienos.lt\\\/lt\\\/mero-pavaduotojai-pirmais-antrais-nesiskaiciuoja\\\/#respond\"]}]},{\"@type\":\"WebPage\",\"@id\":\"https:\\\/\\\/www.silutesnaujienos.lt\\\/lt\\\/mero-pavaduotojai-pirmais-antrais-nesiskaiciuoja\\\/\",\"url\":\"https:\\\/\\\/www.silutesnaujienos.lt\\\/lt\\\/mero-pavaduotojai-pirmais-antrais-nesiskaiciuoja\\\/\",\"name\":\"Mero pavaduotojai pirmais - antrais nesiskai\u010diuoja - \u0160ilut\u0117s naujienos\",\"isPartOf\":{\"@id\":\"https:\\\/\\\/www.silutesnaujienos.lt\\\/lt\\\/#website\"},\"datePublished\":\"2014-07-14T15:00:00+00:00\",\"breadcrumb\":{\"@id\":\"https:\\\/\\\/www.silutesnaujienos.lt\\\/lt\\\/mero-pavaduotojai-pirmais-antrais-nesiskaiciuoja\\\/#breadcrumb\"},\"inLanguage\":\"lt-LT\",\"potentialAction\":[{\"@type\":\"ReadAction\",\"target\":[\"https:\\\/\\\/www.silutesnaujienos.lt\\\/lt\\\/mero-pavaduotojai-pirmais-antrais-nesiskaiciuoja\\\/\"]}]},{\"@type\":\"BreadcrumbList\",\"@id\":\"https:\\\/\\\/www.silutesnaujienos.lt\\\/lt\\\/mero-pavaduotojai-pirmais-antrais-nesiskaiciuoja\\\/#breadcrumb\",\"itemListElement\":[{\"@type\":\"ListItem\",\"position\":1,\"name\":\"Home\",\"item\":\"https:\\\/\\\/www.silutesnaujienos.lt\\\/lt\\\/\"},{\"@type\":\"ListItem\",\"position\":2,\"name\":\"Mero pavaduotojai pirmais &#8211; antrais nesiskai\u010diuoja\"}]},{\"@type\":\"WebSite\",\"@id\":\"https:\\\/\\\/www.silutesnaujienos.lt\\\/lt\\\/#website\",\"url\":\"https:\\\/\\\/www.silutesnaujienos.lt\\\/lt\\\/\",\"name\":\"\u0160ilut\u0117s naujienos\",\"description\":\"B\u016bk ant naujien\u0173 bangos!\",\"publisher\":{\"@id\":\"https:\\\/\\\/www.silutesnaujienos.lt\\\/lt\\\/#organization\"},\"potentialAction\":[{\"@type\":\"SearchAction\",\"target\":{\"@type\":\"EntryPoint\",\"urlTemplate\":\"https:\\\/\\\/www.silutesnaujienos.lt\\\/lt\\\/?s={search_term_string}\"},\"query-input\":{\"@type\":\"PropertyValueSpecification\",\"valueRequired\":true,\"valueName\":\"search_term_string\"}}],\"inLanguage\":\"lt-LT\"},{\"@type\":\"Organization\",\"@id\":\"https:\\\/\\\/www.silutesnaujienos.lt\\\/lt\\\/#organization\",\"name\":\"\u0160ilut\u0117s naujienos\",\"url\":\"https:\\\/\\\/www.silutesnaujienos.lt\\\/lt\\\/\",\"logo\":{\"@type\":\"ImageObject\",\"inLanguage\":\"lt-LT\",\"@id\":\"https:\\\/\\\/www.silutesnaujienos.lt\\\/lt\\\/#\\\/schema\\\/logo\\\/image\\\/\",\"url\":\"https:\\\/\\\/www.silutesnaujienos.lt\\\/lt\\\/wp-content\\\/uploads\\\/2020\\\/06\\\/FB_MAIN.jpg\",\"contentUrl\":\"https:\\\/\\\/www.silutesnaujienos.lt\\\/lt\\\/wp-content\\\/uploads\\\/2020\\\/06\\\/FB_MAIN.jpg\",\"width\":1700,\"height\":956,\"caption\":\"\u0160ilut\u0117s naujienos\"},\"image\":{\"@id\":\"https:\\\/\\\/www.silutesnaujienos.lt\\\/lt\\\/#\\\/schema\\\/logo\\\/image\\\/\"},\"sameAs\":[\"https:\\\/\\\/www.facebook.com\\\/silutes.naujienos\\\/\",\"https:\\\/\\\/www.youtube.com\\\/channel\\\/UCxW-cgrJDt8GxIMxSTAfJZg\"]},{\"@type\":\"Person\",\"@id\":\"https:\\\/\\\/www.silutesnaujienos.lt\\\/lt\\\/#\\\/schema\\\/person\\\/232f475ddd4a7b5f49b3abc788b17e83\",\"name\":\"\u0160ilut\u0117s naujien\u0173 inf.\",\"image\":{\"@type\":\"ImageObject\",\"inLanguage\":\"lt-LT\",\"@id\":\"https:\\\/\\\/www.silutesnaujienos.lt\\\/lt\\\/wp-content\\\/uploads\\\/2020\\\/06\\\/favicon.png\",\"url\":\"https:\\\/\\\/www.silutesnaujienos.lt\\\/lt\\\/wp-content\\\/uploads\\\/2020\\\/06\\\/favicon.png\",\"contentUrl\":\"https:\\\/\\\/www.silutesnaujienos.lt\\\/lt\\\/wp-content\\\/uploads\\\/2020\\\/06\\\/favicon.png\",\"caption\":\"\u0160ilut\u0117s naujien\u0173 inf.\"},\"sameAs\":[\"https:\\\/\\\/www.silutesnaujienos.lt\\\/lt\"],\"url\":\"https:\\\/\\\/www.silutesnaujienos.lt\\\/lt\\\/author\\\/ruta\\\/\"}]}<\/script>\n<!-- \/ Yoast SEO plugin. -->","yoast_head_json":{"title":"Mero pavaduotojai pirmais - antrais nesiskai\u010diuoja - \u0160ilut\u0117s naujienos","robots":{"index":"index","follow":"follow","max-snippet":"max-snippet:-1","max-image-preview":"max-image-preview:large","max-video-preview":"max-video-preview:-1"},"canonical":"https:\/\/www.silutesnaujienos.lt\/lt\/mero-pavaduotojai-pirmais-antrais-nesiskaiciuoja\/","og_locale":"lt_LT","og_type":"article","og_title":"Mero pavaduotojai pirmais - antrais nesiskai\u010diuoja - \u0160ilut\u0117s naujienos","og_description":"Savivaldyb\u0117s taryba liepos 3 dien\u0105 mero Vytauto Laurinai\u010dio teikimu paskyr\u0117 du mero pavaduotojus &#8211; Algird\u0105 Bal\u010dyt\u012f ir Algird\u0105 Ge\u010d\u0105, kurie sutiko pareigas eiti visuomeniniais pagrindais, kitaip tariant, be atlyginimo. Jie gal\u0117s pasinaudoti Savivaldyb\u0117s tarybos nariams skiriama i\u0161laid\u0173, susijusi\u0173 su Tarybos nario pareigomis, kompensacija iki 1000 lit\u0173 kas m\u0117nes\u012f. Beje, \u201e\u0160ilut\u0117s naujien\u0173\u201c \u017einiomis, abu politikai ir [&hellip;]","og_url":"https:\/\/www.silutesnaujienos.lt\/lt\/mero-pavaduotojai-pirmais-antrais-nesiskaiciuoja\/","og_site_name":"\u0160ilut\u0117s naujienos","article_publisher":"https:\/\/www.facebook.com\/silutes.naujienos\/","article_published_time":"2014-07-14T15:00:00+00:00","og_image":[{"url":"\/\/silutesnaujienos.lt\/images\/stories\/2014\/LIEPA\/11\/thumbnails\/thumb_VICEMERAS_A_BALCYTIS.jpg","type":"","width":"","height":""}],"author":"\u0160ilut\u0117s naujien\u0173 inf.","twitter_card":"summary_large_image","twitter_misc":{"Written by":"\u0160ilut\u0117s naujien\u0173 inf.","Est. reading time":"5 minut\u0117s"},"schema":{"@context":"https:\/\/schema.org","@graph":[{"@type":"Article","@id":"https:\/\/www.silutesnaujienos.lt\/lt\/mero-pavaduotojai-pirmais-antrais-nesiskaiciuoja\/#article","isPartOf":{"@id":"https:\/\/www.silutesnaujienos.lt\/lt\/mero-pavaduotojai-pirmais-antrais-nesiskaiciuoja\/"},"author":{"name":"\u0160ilut\u0117s naujien\u0173 inf.","@id":"https:\/\/www.silutesnaujienos.lt\/lt\/#\/schema\/person\/232f475ddd4a7b5f49b3abc788b17e83"},"headline":"Mero pavaduotojai pirmais &#8211; antrais nesiskai\u010diuoja","datePublished":"2014-07-14T15:00:00+00:00","mainEntityOfPage":{"@id":"https:\/\/www.silutesnaujienos.lt\/lt\/mero-pavaduotojai-pirmais-antrais-nesiskaiciuoja\/"},"wordCount":1102,"commentCount":0,"publisher":{"@id":"https:\/\/www.silutesnaujienos.lt\/lt\/#organization"},"articleSection":["Aktualijos"],"inLanguage":"lt-LT","potentialAction":[{"@type":"CommentAction","name":"Comment","target":["https:\/\/www.silutesnaujienos.lt\/lt\/mero-pavaduotojai-pirmais-antrais-nesiskaiciuoja\/#respond"]}]},{"@type":"WebPage","@id":"https:\/\/www.silutesnaujienos.lt\/lt\/mero-pavaduotojai-pirmais-antrais-nesiskaiciuoja\/","url":"https:\/\/www.silutesnaujienos.lt\/lt\/mero-pavaduotojai-pirmais-antrais-nesiskaiciuoja\/","name":"Mero pavaduotojai pirmais - antrais nesiskai\u010diuoja - \u0160ilut\u0117s naujienos","isPartOf":{"@id":"https:\/\/www.silutesnaujienos.lt\/lt\/#website"},"datePublished":"2014-07-14T15:00:00+00:00","breadcrumb":{"@id":"https:\/\/www.silutesnaujienos.lt\/lt\/mero-pavaduotojai-pirmais-antrais-nesiskaiciuoja\/#breadcrumb"},"inLanguage":"lt-LT","potentialAction":[{"@type":"ReadAction","target":["https:\/\/www.silutesnaujienos.lt\/lt\/mero-pavaduotojai-pirmais-antrais-nesiskaiciuoja\/"]}]},{"@type":"BreadcrumbList","@id":"https:\/\/www.silutesnaujienos.lt\/lt\/mero-pavaduotojai-pirmais-antrais-nesiskaiciuoja\/#breadcrumb","itemListElement":[{"@type":"ListItem","position":1,"name":"Home","item":"https:\/\/www.silutesnaujienos.lt\/lt\/"},{"@type":"ListItem","position":2,"name":"Mero pavaduotojai pirmais &#8211; antrais nesiskai\u010diuoja"}]},{"@type":"WebSite","@id":"https:\/\/www.silutesnaujienos.lt\/lt\/#website","url":"https:\/\/www.silutesnaujienos.lt\/lt\/","name":"\u0160ilut\u0117s naujienos","description":"B\u016bk ant naujien\u0173 bangos!","publisher":{"@id":"https:\/\/www.silutesnaujienos.lt\/lt\/#organization"},"potentialAction":[{"@type":"SearchAction","target":{"@type":"EntryPoint","urlTemplate":"https:\/\/www.silutesnaujienos.lt\/lt\/?s={search_term_string}"},"query-input":{"@type":"PropertyValueSpecification","valueRequired":true,"valueName":"search_term_string"}}],"inLanguage":"lt-LT"},{"@type":"Organization","@id":"https:\/\/www.silutesnaujienos.lt\/lt\/#organization","name":"\u0160ilut\u0117s naujienos","url":"https:\/\/www.silutesnaujienos.lt\/lt\/","logo":{"@type":"ImageObject","inLanguage":"lt-LT","@id":"https:\/\/www.silutesnaujienos.lt\/lt\/#\/schema\/logo\/image\/","url":"https:\/\/www.silutesnaujienos.lt\/lt\/wp-content\/uploads\/2020\/06\/FB_MAIN.jpg","contentUrl":"https:\/\/www.silutesnaujienos.lt\/lt\/wp-content\/uploads\/2020\/06\/FB_MAIN.jpg","width":1700,"height":956,"caption":"\u0160ilut\u0117s naujienos"},"image":{"@id":"https:\/\/www.silutesnaujienos.lt\/lt\/#\/schema\/logo\/image\/"},"sameAs":["https:\/\/www.facebook.com\/silutes.naujienos\/","https:\/\/www.youtube.com\/channel\/UCxW-cgrJDt8GxIMxSTAfJZg"]},{"@type":"Person","@id":"https:\/\/www.silutesnaujienos.lt\/lt\/#\/schema\/person\/232f475ddd4a7b5f49b3abc788b17e83","name":"\u0160ilut\u0117s naujien\u0173 inf.","image":{"@type":"ImageObject","inLanguage":"lt-LT","@id":"https:\/\/www.silutesnaujienos.lt\/lt\/wp-content\/uploads\/2020\/06\/favicon.png","url":"https:\/\/www.silutesnaujienos.lt\/lt\/wp-content\/uploads\/2020\/06\/favicon.png","contentUrl":"https:\/\/www.silutesnaujienos.lt\/lt\/wp-content\/uploads\/2020\/06\/favicon.png","caption":"\u0160ilut\u0117s naujien\u0173 inf."},"sameAs":["https:\/\/www.silutesnaujienos.lt\/lt"],"url":"https:\/\/www.silutesnaujienos.lt\/lt\/author\/ruta\/"}]}},"publishpress_future_workflow_manual_trigger":{"enabledWorkflows":[]},"amp_enabled":true,"_links":{"self":[{"href":"https:\/\/www.silutesnaujienos.lt\/lt\/wp-json\/wp\/v2\/posts\/14186","targetHints":{"allow":["GET"]}}],"collection":[{"href":"https:\/\/www.silutesnaujienos.lt\/lt\/wp-json\/wp\/v2\/posts"}],"about":[{"href":"https:\/\/www.silutesnaujienos.lt\/lt\/wp-json\/wp\/v2\/types\/post"}],"author":[{"embeddable":true,"href":"https:\/\/www.silutesnaujienos.lt\/lt\/wp-json\/wp\/v2\/users\/1"}],"replies":[{"embeddable":true,"href":"https:\/\/www.silutesnaujienos.lt\/lt\/wp-json\/wp\/v2\/comments?post=14186"}],"version-history":[{"count":0,"href":"https:\/\/www.silutesnaujienos.lt\/lt\/wp-json\/wp\/v2\/posts\/14186\/revisions"}],"wp:attachment":[{"href":"https:\/\/www.silutesnaujienos.lt\/lt\/wp-json\/wp\/v2\/media?parent=14186"}],"wp:term":[{"taxonomy":"category","embeddable":true,"href":"https:\/\/www.silutesnaujienos.lt\/lt\/wp-json\/wp\/v2\/categories?post=14186"},{"taxonomy":"post_tag","embeddable":true,"href":"https:\/\/www.silutesnaujienos.lt\/lt\/wp-json\/wp\/v2\/tags?post=14186"}],"curies":[{"name":"wp","href":"https:\/\/api.w.org\/{rel}","templated":true}]}}