{"id":14308,"date":"2015-08-21T05:00:00","date_gmt":"2015-08-21T07:00:00","guid":{"rendered":"https:\/\/www.silutesnaujienos.lt\/lt\/vrk-uz-zmoniu-valdzia-kryzkele-buti-ar-nebuti\/"},"modified":"2015-08-21T05:00:00","modified_gmt":"2015-08-21T07:00:00","slug":"vrk-uz-zmoniu-valdzia-kryzkele-buti-ar-nebuti","status":"publish","type":"post","link":"https:\/\/www.silutesnaujienos.lt\/lt\/vrk-uz-zmoniu-valdzia-kryzkele-buti-ar-nebuti\/","title":{"rendered":"VRK \u201eU\u017e \u017emoni\u0173 vald\u017ei\u0105\u201c kry\u017ekel\u0117  &#8211; b\u016bti ar neb\u016bti?"},"content":{"rendered":"<p><a target=\"_blank\" rel=\"caption[VRK \u201eU\u017e \u017emoni\u0173 vald\u017ei\u0105\u201c politikai D.\u017debelien\u0117 ir V.Kainovaitis nor\u0117t\u0173 su\u017einoti rink\u0117j\u0173 nuomones d\u0117l naujo visuomeninio politinio jud\u0117jimo steigimo.] noopener noreferrer\" class=\"jcepopup\" href=\"\/\/silutesnaujienos.lt\/images\/stories\/2015\/RUGPJTIS\/17\/ZMONIU_VALDZIAA.jpg\" data-rel=\"lightbox-gallery-e0PQ5nsU\" data-rl_title=\"\" data-rl_caption=\"\"><img loading=\"lazy\" decoding=\"async\" style=\"margin: 5px; float: left;\" class=\"caption\" title=\"\" alt=\"ZMONIU VALDZIAA\" src=\"\/\/silutesnaujienos.lt\/images\/stories\/2015\/RUGPJTIS\/17\/thumbnails\/thumb_ZMONIU_VALDZIAA.jpg\" height=\"230\" width=\"307\" \/><\/a><strong>Visuomeninio rinkim\u0173 komiteto (VRK) \u201eU\u017e \u017emoni\u0173 vald\u017ei\u0105\u201c koordinator\u0117 Daiva \u017debelien\u0117 ir jos bendra\u017eygis Vladas Kainovaitis triumfuoja &#8211; jie tapo savivaldyb\u0117s politikais &#8211; Tarybos nariais. Pasak D.\u017debelien\u0117s, \u0161i pergal\u0117 pasiekta viso komiteto &#8211; 57 nari\u0173, kurie \u012fsteig\u0117 VRK \u201eU\u017e \u017emoni\u0173 vald\u017ei\u0105\u201c ir dar daugyb\u0117s \u017emoni\u0173, r\u0117musi\u0173 tokios politin\u0117s kovos id\u0117j\u0105, mil\u017eini\u0161komis savanori\u0161komis pastangomis.<br \/><\/strong><br \/><strong>I\u0161kovotos dvi savivaldyb\u0117s Tarybos vietos (i\u0161 viso Taryboje yra 25 politikai), pasak D.\u017debelien\u0117s, yra puikus rezultatas, nes tiek pat ar vienu politiku daugiau i\u0161kovojo parlamentin\u0117s ir netgi europarlamentin\u0117s partijos &#8211; Valstie\u010di\u0173 ir \u017eali\u0173j\u0173 s\u0105junga, Lietuvos liberal\u0173 s\u0105j\u016bdis, T\u0117vyn\u0117s s\u0105junga &#8211; Lietuvos krik\u0161\u010dionys demokratai, kurie savo politin\u0119 veikl\u0105 vysto jau de\u0161imtme\u010dius.<\/strong><strong><br \/><\/strong><br \/><strong>B\u016bti ar neb\u016bti?<br \/><\/strong><br \/>Pasak D.\u017debelien\u0117s, ji su V.Kainovai\u010diu d\u017eiaugiasi vis\u0173 komiteto nari\u0173 bei bi\u010diuli\u0173 darbu ir tuo, kad rajono \u017emon\u0117s suteik\u0117 politik\u0173 mandatus. \u0160imtus pasitik\u0117jimo bals\u0173 gavo ir nedaug tr\u016bko, kad gaut\u0173 Tarybos mandat\u0105, VRK \u201eU\u017e \u017emoni\u0173 vald\u017ei\u0105\u201c nariai Edvardas Jurjonas bei K\u0119stutis Andrijauskas. Tod\u0117l, pasak D.\u017debelien\u0117s, j\u0173 bei kit\u0173 s\u0105ra\u0161o \u017emoni\u0173 nuomon\u0117 ir patarimai pravers savivaldyb\u0117s Tarybos veikloje.<\/p>\n<p>Bet susiformavusiam VRK \u201eU\u017e \u017emoni\u0173 vald\u017ei\u0105\u201c komitetui dabar kilo hamleti\u0161kas klausimas &#8211; \u201eb\u016bti ar neb\u016bti\u201c. Pasak D.\u017debelien\u0117s, pagal Savivaldos \u012fstatym\u0105, visuomeniniai rinkim\u0173 komitetai sudaromi rinkim\u0173 politin\u0117s kampanijos laikotarpiui: pradeda veikl\u0105 pasira\u0161ius steigimo sutart\u012f ir privalo baigti, kai rinkim\u0173 kampanija pasibaigia ir per 40 dien\u0173 Vyriausioji rinkim\u0173 komisija patvirtina visas finansines ataskaitas.<\/p>\n<p>K\u0105 veikti toliau? Apie tai svarsto \u0161io VRK valdybos nariai, kurioje yra 7 asmenys. Nema\u017eai j\u0173 nor\u0117t\u0173 ir toliau dalyvauti visuomenin\u0117je politin\u0117je veikloje, nes \u012f j\u012f \u012fsitrauk\u0117 per dvi rinkim\u0173 kampanijas &#8211; pirmuosius savivaldos rinkimus pavasar\u012f ir per pakartotinius rinkimus vasar\u0105.<\/p>\n<p>VRK valdybos nariai svarsto galimyb\u0119 visuotin\u012f jud\u0117jim\u0105 ar galb\u016bt net visuomenin\u0119 politin\u0119 organizacij\u0105 registruoti Teisingumo ministerijoje, kad v\u0117liau kaip politin\u0117 organizacija gal\u0117t\u0173 dalyvauti savivaldos ar netgi Seimo rinkimuose.<\/p>\n<p>D.\u017debelien\u0117 ir V.Kainovaitis sak\u0117, kad visi VRK \u201eU\u017e \u017emoni\u0173 vald\u017ei\u0105\u201c steig\u0117jai bei aktyviausi r\u0117m\u0117jai bus pakviesti \u012f susirinkim\u0105, kuriame bus i\u0161klausyta vis\u0173 nuomoni\u0173 bei pasi\u016blym\u0173, k\u0105 veikti toliau. \u201eKartu spr\u0119sime, b\u016bti ar neb\u016bti\u201c, &#8211; sako VRK lyderiai.<\/p>\n<p><strong>Apie pirmuosius \u017eingsnius vald\u017eioje<\/strong><\/p>\n<p>Savivaldos mandatus i\u0161kovoj\u0119 D.\u017debelien\u0117 ir V.Kainovaitis \u201e\u0160ilut\u0117s naujienoms\u201c pasakojo, kad mero rinkimams priart\u0117jus prie fini\u0161o, jie pakluso daugelio VRK nari\u0173 ir komiteto valdybos nuomonei, jog viso VRK vardu nereikia remti n\u0117 vieno i\u0161 savivaldyb\u0117s mero rinkim\u0173 favorit\u0173 &#8211; nei Vytauto Laurinai\u010dio, nei Arvydo Jako. Ta\u010diau niekas neprie\u0161taravo, kad atskiri komiteto nariai reik\u0161t\u0173 vie\u0161ai savo individuali\u0105 nuomon\u0119.<\/p>\n<p>Be to, VRK \u201eU\u017e \u017emoni\u0173 vald\u017ei\u0105\u201c valdybos nariai yra sutar\u0119 ir rekomendavo, kad savivaldyb\u0117s Tarybos nariais tap\u0119 D.\u017debelien\u0117 bei V.Kainovaitis ne\u012fstot\u0173 \u012f kuri\u0105 nors partij\u0105. Abu min\u0117ti politikai sako, kad jie jau tur\u0117jo \u012fvairi\u0173 pasi\u016blym\u0173 ir geros karjeros pa\u017ead\u0173, kad tik tapt\u0173 daugiau mandat\u0173 i\u0161kovojusi\u0173j\u0173 partij\u0173 nariais.<\/p>\n<p>Bet D.\u017debelien\u0117 ir V.Kainovaitis teig\u0117, kad jau pakankamai prisiragavo naryst\u0117s tradicin\u0117se did\u017eiosiose partijose ir \u012fsitikino, kad tose partijose politin\u0117 visuomenin\u0117 veikla ir atstovavimas savivaldyb\u0117s \u017emoni\u0173 interesams tampa tik farsu. J\u0173 abiej\u0173 nuomone, visi tradicini\u0173 politini\u0173 partij\u0173 nariai priversti tarnauti tik savo lyderi\u0173 u\u017egaidoms ir interesams. D.\u017debelien\u0117 ir V.Kainovaitis \u201e\u0160ilut\u0117s naujienas\u201c tikino, kad jie pasiry\u017e\u0119 dirbti tik savivaldyb\u0117s bendruomen\u0117s naudai ir vengti vie\u0161\u0173j\u0173 ir priva\u010di\u0173 interes\u0173 painiojimo.<\/p>\n<p><strong>Pasirinko valdan\u010di\u0105j\u0105 daugum\u0105<\/strong><\/p>\n<p>VRK \u201eU\u017e \u017emoni\u0173 vald\u017ei\u0105\u201c valdyboje, pasak politik\u0173, vir\u0117 nema\u017eai aistr\u0173 ir diskusij\u0173, su kuo jungtis savivaldyb\u0117s Taryboje &#8211; su valdan\u010di\u0105ja koalicija ar su&nbsp; opozicija.<\/p>\n<p>D.\u017debelien\u0117s ir V.Kainovai\u010dio nuomon\u0117 sutapo su daugumos VRK valdybos nari\u0173 nuomone, kad reikia eiti su savivaldyb\u0117s Tarybos dauguma &#8211; su V.Laurinai\u010dio suburta valdan\u010di\u0105ja koalicija. \u201ePasirink\u0119 kitaip, b\u016btume pasmerk\u0119 savo veikl\u0105 savivaldyb\u0117s Taryboje apriboti tik statistiniu balsavimu, negauti rimtesni\u0173 pareig\u0173 ir netur\u0117ti galimyb\u0117s realizuoti sumanymus ir \u012fsipareigojimus savo rink\u0117jams\u201c, &#8211; sak\u0117 D.\u017debelien\u0117 ir V.Kainovaitis.<\/p>\n<p>Savivaldos darbe jie jau turi pasiekim\u0173. D.\u017debelien\u0117 tapo Socialini\u0173 reikal\u0173 komiteto nare ir turi valdan\u010diosios koalicijos pritarim\u0105 tapti \u0161io komiteto pirmininke. V.Kainovait\u012f savivaldyb\u0117s Taryba yra paskyrusi \u012f Klaip\u0117dos regiono taryb\u0105.<\/p>\n<p>VRK \u201eU\u017e \u017emoni\u0173 vald\u017ei\u0105\u201c politikai yra susib\u016br\u0119 \u012f vien\u0105 frakcij\u0105 su Valstie\u010di\u0173 ir \u017eali\u0173j\u0173 s\u0105jungos atstovais. Pasak D.\u017debelien\u0117s, taip atsitiko tik tod\u0117l, kad kiekvienos i\u0161 \u0161i\u0173 grupi\u0173 politik\u0173 nepakanka suburti atskiras frakcijas.<\/p>\n<p>Susitarta, kad kas pusmet\u012f bus vykdoma frakcijos pirmininko rotacija. <\/p>\n<p>A.\u017debelien\u0117 ir V.Kainovaitis tikisi sulaukti rink\u0117j\u0173 pasi\u016blym\u0173 d\u0117l savivaldos sprendim\u0173 ar netgi kritikos. Be abejon\u0117s, laukia nuomoni\u0173 ir apie pagrindin\u012f klausim\u0105, i\u0161kilus\u012f veikl\u0105 baigian\u010diam VRK \u201eU\u017e \u017emoni\u0173 vald\u017ei\u0105\u201c, &#8211; b\u016bti ar neb\u016bti?<\/p>\n","protected":false},"excerpt":{"rendered":"<p>Visuomeninio rinkim\u0173 komiteto (VRK) \u201eU\u017e \u017emoni\u0173 vald\u017ei\u0105\u201c koordinator\u0117 Daiva \u017debelien\u0117 ir jos bendra\u017eygis Vladas Kainovaitis triumfuoja &#8211; jie tapo savivaldyb\u0117s politikais &#8211; Tarybos nariais. Pasak D.\u017debelien\u0117s, \u0161i pergal\u0117 pasiekta viso komiteto &#8211; 57 nari\u0173, kurie \u012fsteig\u0117 VRK \u201eU\u017e \u017emoni\u0173 vald\u017ei\u0105\u201c ir dar daugyb\u0117s \u017emoni\u0173, r\u0117musi\u0173 tokios politin\u0117s kovos id\u0117j\u0105, mil\u017eini\u0161komis savanori\u0161komis pastangomis.I\u0161kovotos dvi savivaldyb\u0117s Tarybos [&hellip;]<\/p>\n","protected":false},"author":1,"featured_media":0,"comment_status":"open","ping_status":"open","sticky":false,"template":"","format":"standard","meta":{"footnotes":""},"categories":[2],"tags":[],"class_list":{"0":"post-14308","1":"post","2":"type-post","3":"status-publish","4":"format-standard","6":"category-aktualijos"},"yoast_head":"<!-- This site is optimized with the Yoast SEO plugin v27.5 - https:\/\/yoast.com\/product\/yoast-seo-wordpress\/ -->\n<title>VRK \u201eU\u017e \u017emoni\u0173 vald\u017ei\u0105\u201c kry\u017ekel\u0117 - b\u016bti ar neb\u016bti? - \u0160ilut\u0117s naujienos<\/title>\n<meta name=\"robots\" content=\"index, follow, max-snippet:-1, max-image-preview:large, max-video-preview:-1\" \/>\n<link rel=\"canonical\" href=\"https:\/\/www.silutesnaujienos.lt\/lt\/vrk-uz-zmoniu-valdzia-kryzkele-buti-ar-nebuti\/\" \/>\n<meta property=\"og:locale\" content=\"lt_LT\" \/>\n<meta property=\"og:type\" content=\"article\" \/>\n<meta property=\"og:title\" content=\"VRK \u201eU\u017e \u017emoni\u0173 vald\u017ei\u0105\u201c kry\u017ekel\u0117 - b\u016bti ar neb\u016bti? - \u0160ilut\u0117s naujienos\" \/>\n<meta property=\"og:description\" content=\"Visuomeninio rinkim\u0173 komiteto (VRK) \u201eU\u017e \u017emoni\u0173 vald\u017ei\u0105\u201c koordinator\u0117 Daiva \u017debelien\u0117 ir jos bendra\u017eygis Vladas Kainovaitis triumfuoja &#8211; jie tapo savivaldyb\u0117s politikais &#8211; Tarybos nariais. Pasak D.\u017debelien\u0117s, \u0161i pergal\u0117 pasiekta viso komiteto &#8211; 57 nari\u0173, kurie \u012fsteig\u0117 VRK \u201eU\u017e \u017emoni\u0173 vald\u017ei\u0105\u201c ir dar daugyb\u0117s \u017emoni\u0173, r\u0117musi\u0173 tokios politin\u0117s kovos id\u0117j\u0105, mil\u017eini\u0161komis savanori\u0161komis pastangomis.I\u0161kovotos dvi savivaldyb\u0117s Tarybos [&hellip;]\" \/>\n<meta property=\"og:url\" content=\"https:\/\/www.silutesnaujienos.lt\/lt\/vrk-uz-zmoniu-valdzia-kryzkele-buti-ar-nebuti\/\" \/>\n<meta property=\"og:site_name\" content=\"\u0160ilut\u0117s naujienos\" \/>\n<meta property=\"article:publisher\" content=\"https:\/\/www.facebook.com\/silutes.naujienos\/\" \/>\n<meta property=\"article:published_time\" content=\"2015-08-21T07:00:00+00:00\" \/>\n<meta property=\"og:image\" content=\"\/\/silutesnaujienos.lt\/images\/stories\/2015\/RUGPJTIS\/17\/thumbnails\/thumb_ZMONIU_VALDZIAA.jpg\" \/>\n<meta name=\"author\" content=\"\u0160ilut\u0117s naujien\u0173 inf.\" \/>\n<meta name=\"twitter:card\" content=\"summary_large_image\" \/>\n<meta name=\"twitter:label1\" content=\"Written by\" \/>\n\t<meta name=\"twitter:data1\" content=\"\u0160ilut\u0117s naujien\u0173 inf.\" \/>\n\t<meta name=\"twitter:label2\" content=\"Est. reading time\" \/>\n\t<meta name=\"twitter:data2\" content=\"4 minut\u0117s\" \/>\n<script type=\"application\/ld+json\" class=\"yoast-schema-graph\">{\"@context\":\"https:\\\/\\\/schema.org\",\"@graph\":[{\"@type\":\"Article\",\"@id\":\"https:\\\/\\\/www.silutesnaujienos.lt\\\/lt\\\/vrk-uz-zmoniu-valdzia-kryzkele-buti-ar-nebuti\\\/#article\",\"isPartOf\":{\"@id\":\"https:\\\/\\\/www.silutesnaujienos.lt\\\/lt\\\/vrk-uz-zmoniu-valdzia-kryzkele-buti-ar-nebuti\\\/\"},\"author\":{\"name\":\"\u0160ilut\u0117s naujien\u0173 inf.\",\"@id\":\"https:\\\/\\\/www.silutesnaujienos.lt\\\/lt\\\/#\\\/schema\\\/person\\\/232f475ddd4a7b5f49b3abc788b17e83\"},\"headline\":\"VRK \u201eU\u017e \u017emoni\u0173 vald\u017ei\u0105\u201c kry\u017ekel\u0117 &#8211; b\u016bti ar neb\u016bti?\",\"datePublished\":\"2015-08-21T07:00:00+00:00\",\"mainEntityOfPage\":{\"@id\":\"https:\\\/\\\/www.silutesnaujienos.lt\\\/lt\\\/vrk-uz-zmoniu-valdzia-kryzkele-buti-ar-nebuti\\\/\"},\"wordCount\":841,\"commentCount\":0,\"publisher\":{\"@id\":\"https:\\\/\\\/www.silutesnaujienos.lt\\\/lt\\\/#organization\"},\"articleSection\":[\"Aktualijos\"],\"inLanguage\":\"lt-LT\",\"potentialAction\":[{\"@type\":\"CommentAction\",\"name\":\"Comment\",\"target\":[\"https:\\\/\\\/www.silutesnaujienos.lt\\\/lt\\\/vrk-uz-zmoniu-valdzia-kryzkele-buti-ar-nebuti\\\/#respond\"]}]},{\"@type\":\"WebPage\",\"@id\":\"https:\\\/\\\/www.silutesnaujienos.lt\\\/lt\\\/vrk-uz-zmoniu-valdzia-kryzkele-buti-ar-nebuti\\\/\",\"url\":\"https:\\\/\\\/www.silutesnaujienos.lt\\\/lt\\\/vrk-uz-zmoniu-valdzia-kryzkele-buti-ar-nebuti\\\/\",\"name\":\"VRK \u201eU\u017e \u017emoni\u0173 vald\u017ei\u0105\u201c kry\u017ekel\u0117 - b\u016bti ar neb\u016bti? - \u0160ilut\u0117s naujienos\",\"isPartOf\":{\"@id\":\"https:\\\/\\\/www.silutesnaujienos.lt\\\/lt\\\/#website\"},\"datePublished\":\"2015-08-21T07:00:00+00:00\",\"breadcrumb\":{\"@id\":\"https:\\\/\\\/www.silutesnaujienos.lt\\\/lt\\\/vrk-uz-zmoniu-valdzia-kryzkele-buti-ar-nebuti\\\/#breadcrumb\"},\"inLanguage\":\"lt-LT\",\"potentialAction\":[{\"@type\":\"ReadAction\",\"target\":[\"https:\\\/\\\/www.silutesnaujienos.lt\\\/lt\\\/vrk-uz-zmoniu-valdzia-kryzkele-buti-ar-nebuti\\\/\"]}]},{\"@type\":\"BreadcrumbList\",\"@id\":\"https:\\\/\\\/www.silutesnaujienos.lt\\\/lt\\\/vrk-uz-zmoniu-valdzia-kryzkele-buti-ar-nebuti\\\/#breadcrumb\",\"itemListElement\":[{\"@type\":\"ListItem\",\"position\":1,\"name\":\"Home\",\"item\":\"https:\\\/\\\/www.silutesnaujienos.lt\\\/lt\\\/\"},{\"@type\":\"ListItem\",\"position\":2,\"name\":\"VRK \u201eU\u017e \u017emoni\u0173 vald\u017ei\u0105\u201c kry\u017ekel\u0117 &#8211; b\u016bti ar neb\u016bti?\"}]},{\"@type\":\"WebSite\",\"@id\":\"https:\\\/\\\/www.silutesnaujienos.lt\\\/lt\\\/#website\",\"url\":\"https:\\\/\\\/www.silutesnaujienos.lt\\\/lt\\\/\",\"name\":\"\u0160ilut\u0117s naujienos\",\"description\":\"B\u016bk ant naujien\u0173 bangos!\",\"publisher\":{\"@id\":\"https:\\\/\\\/www.silutesnaujienos.lt\\\/lt\\\/#organization\"},\"potentialAction\":[{\"@type\":\"SearchAction\",\"target\":{\"@type\":\"EntryPoint\",\"urlTemplate\":\"https:\\\/\\\/www.silutesnaujienos.lt\\\/lt\\\/?s={search_term_string}\"},\"query-input\":{\"@type\":\"PropertyValueSpecification\",\"valueRequired\":true,\"valueName\":\"search_term_string\"}}],\"inLanguage\":\"lt-LT\"},{\"@type\":\"Organization\",\"@id\":\"https:\\\/\\\/www.silutesnaujienos.lt\\\/lt\\\/#organization\",\"name\":\"\u0160ilut\u0117s naujienos\",\"url\":\"https:\\\/\\\/www.silutesnaujienos.lt\\\/lt\\\/\",\"logo\":{\"@type\":\"ImageObject\",\"inLanguage\":\"lt-LT\",\"@id\":\"https:\\\/\\\/www.silutesnaujienos.lt\\\/lt\\\/#\\\/schema\\\/logo\\\/image\\\/\",\"url\":\"https:\\\/\\\/www.silutesnaujienos.lt\\\/lt\\\/wp-content\\\/uploads\\\/2020\\\/06\\\/FB_MAIN.jpg\",\"contentUrl\":\"https:\\\/\\\/www.silutesnaujienos.lt\\\/lt\\\/wp-content\\\/uploads\\\/2020\\\/06\\\/FB_MAIN.jpg\",\"width\":1700,\"height\":956,\"caption\":\"\u0160ilut\u0117s naujienos\"},\"image\":{\"@id\":\"https:\\\/\\\/www.silutesnaujienos.lt\\\/lt\\\/#\\\/schema\\\/logo\\\/image\\\/\"},\"sameAs\":[\"https:\\\/\\\/www.facebook.com\\\/silutes.naujienos\\\/\",\"https:\\\/\\\/www.youtube.com\\\/channel\\\/UCxW-cgrJDt8GxIMxSTAfJZg\"]},{\"@type\":\"Person\",\"@id\":\"https:\\\/\\\/www.silutesnaujienos.lt\\\/lt\\\/#\\\/schema\\\/person\\\/232f475ddd4a7b5f49b3abc788b17e83\",\"name\":\"\u0160ilut\u0117s naujien\u0173 inf.\",\"image\":{\"@type\":\"ImageObject\",\"inLanguage\":\"lt-LT\",\"@id\":\"https:\\\/\\\/www.silutesnaujienos.lt\\\/lt\\\/wp-content\\\/uploads\\\/2020\\\/06\\\/favicon.png\",\"url\":\"https:\\\/\\\/www.silutesnaujienos.lt\\\/lt\\\/wp-content\\\/uploads\\\/2020\\\/06\\\/favicon.png\",\"contentUrl\":\"https:\\\/\\\/www.silutesnaujienos.lt\\\/lt\\\/wp-content\\\/uploads\\\/2020\\\/06\\\/favicon.png\",\"caption\":\"\u0160ilut\u0117s naujien\u0173 inf.\"},\"sameAs\":[\"https:\\\/\\\/www.silutesnaujienos.lt\\\/lt\"],\"url\":\"https:\\\/\\\/www.silutesnaujienos.lt\\\/lt\\\/author\\\/ruta\\\/\"}]}<\/script>\n<!-- \/ Yoast SEO plugin. -->","yoast_head_json":{"title":"VRK \u201eU\u017e \u017emoni\u0173 vald\u017ei\u0105\u201c kry\u017ekel\u0117 - b\u016bti ar neb\u016bti? - \u0160ilut\u0117s naujienos","robots":{"index":"index","follow":"follow","max-snippet":"max-snippet:-1","max-image-preview":"max-image-preview:large","max-video-preview":"max-video-preview:-1"},"canonical":"https:\/\/www.silutesnaujienos.lt\/lt\/vrk-uz-zmoniu-valdzia-kryzkele-buti-ar-nebuti\/","og_locale":"lt_LT","og_type":"article","og_title":"VRK \u201eU\u017e \u017emoni\u0173 vald\u017ei\u0105\u201c kry\u017ekel\u0117 - b\u016bti ar neb\u016bti? - \u0160ilut\u0117s naujienos","og_description":"Visuomeninio rinkim\u0173 komiteto (VRK) \u201eU\u017e \u017emoni\u0173 vald\u017ei\u0105\u201c koordinator\u0117 Daiva \u017debelien\u0117 ir jos bendra\u017eygis Vladas Kainovaitis triumfuoja &#8211; jie tapo savivaldyb\u0117s politikais &#8211; Tarybos nariais. Pasak D.\u017debelien\u0117s, \u0161i pergal\u0117 pasiekta viso komiteto &#8211; 57 nari\u0173, kurie \u012fsteig\u0117 VRK \u201eU\u017e \u017emoni\u0173 vald\u017ei\u0105\u201c ir dar daugyb\u0117s \u017emoni\u0173, r\u0117musi\u0173 tokios politin\u0117s kovos id\u0117j\u0105, mil\u017eini\u0161komis savanori\u0161komis pastangomis.I\u0161kovotos dvi savivaldyb\u0117s Tarybos [&hellip;]","og_url":"https:\/\/www.silutesnaujienos.lt\/lt\/vrk-uz-zmoniu-valdzia-kryzkele-buti-ar-nebuti\/","og_site_name":"\u0160ilut\u0117s naujienos","article_publisher":"https:\/\/www.facebook.com\/silutes.naujienos\/","article_published_time":"2015-08-21T07:00:00+00:00","og_image":[{"url":"\/\/silutesnaujienos.lt\/images\/stories\/2015\/RUGPJTIS\/17\/thumbnails\/thumb_ZMONIU_VALDZIAA.jpg","type":"","width":"","height":""}],"author":"\u0160ilut\u0117s naujien\u0173 inf.","twitter_card":"summary_large_image","twitter_misc":{"Written by":"\u0160ilut\u0117s naujien\u0173 inf.","Est. reading time":"4 minut\u0117s"},"schema":{"@context":"https:\/\/schema.org","@graph":[{"@type":"Article","@id":"https:\/\/www.silutesnaujienos.lt\/lt\/vrk-uz-zmoniu-valdzia-kryzkele-buti-ar-nebuti\/#article","isPartOf":{"@id":"https:\/\/www.silutesnaujienos.lt\/lt\/vrk-uz-zmoniu-valdzia-kryzkele-buti-ar-nebuti\/"},"author":{"name":"\u0160ilut\u0117s naujien\u0173 inf.","@id":"https:\/\/www.silutesnaujienos.lt\/lt\/#\/schema\/person\/232f475ddd4a7b5f49b3abc788b17e83"},"headline":"VRK \u201eU\u017e \u017emoni\u0173 vald\u017ei\u0105\u201c kry\u017ekel\u0117 &#8211; b\u016bti ar neb\u016bti?","datePublished":"2015-08-21T07:00:00+00:00","mainEntityOfPage":{"@id":"https:\/\/www.silutesnaujienos.lt\/lt\/vrk-uz-zmoniu-valdzia-kryzkele-buti-ar-nebuti\/"},"wordCount":841,"commentCount":0,"publisher":{"@id":"https:\/\/www.silutesnaujienos.lt\/lt\/#organization"},"articleSection":["Aktualijos"],"inLanguage":"lt-LT","potentialAction":[{"@type":"CommentAction","name":"Comment","target":["https:\/\/www.silutesnaujienos.lt\/lt\/vrk-uz-zmoniu-valdzia-kryzkele-buti-ar-nebuti\/#respond"]}]},{"@type":"WebPage","@id":"https:\/\/www.silutesnaujienos.lt\/lt\/vrk-uz-zmoniu-valdzia-kryzkele-buti-ar-nebuti\/","url":"https:\/\/www.silutesnaujienos.lt\/lt\/vrk-uz-zmoniu-valdzia-kryzkele-buti-ar-nebuti\/","name":"VRK \u201eU\u017e \u017emoni\u0173 vald\u017ei\u0105\u201c kry\u017ekel\u0117 - b\u016bti ar neb\u016bti? - \u0160ilut\u0117s naujienos","isPartOf":{"@id":"https:\/\/www.silutesnaujienos.lt\/lt\/#website"},"datePublished":"2015-08-21T07:00:00+00:00","breadcrumb":{"@id":"https:\/\/www.silutesnaujienos.lt\/lt\/vrk-uz-zmoniu-valdzia-kryzkele-buti-ar-nebuti\/#breadcrumb"},"inLanguage":"lt-LT","potentialAction":[{"@type":"ReadAction","target":["https:\/\/www.silutesnaujienos.lt\/lt\/vrk-uz-zmoniu-valdzia-kryzkele-buti-ar-nebuti\/"]}]},{"@type":"BreadcrumbList","@id":"https:\/\/www.silutesnaujienos.lt\/lt\/vrk-uz-zmoniu-valdzia-kryzkele-buti-ar-nebuti\/#breadcrumb","itemListElement":[{"@type":"ListItem","position":1,"name":"Home","item":"https:\/\/www.silutesnaujienos.lt\/lt\/"},{"@type":"ListItem","position":2,"name":"VRK \u201eU\u017e \u017emoni\u0173 vald\u017ei\u0105\u201c kry\u017ekel\u0117 &#8211; b\u016bti ar neb\u016bti?"}]},{"@type":"WebSite","@id":"https:\/\/www.silutesnaujienos.lt\/lt\/#website","url":"https:\/\/www.silutesnaujienos.lt\/lt\/","name":"\u0160ilut\u0117s naujienos","description":"B\u016bk ant naujien\u0173 bangos!","publisher":{"@id":"https:\/\/www.silutesnaujienos.lt\/lt\/#organization"},"potentialAction":[{"@type":"SearchAction","target":{"@type":"EntryPoint","urlTemplate":"https:\/\/www.silutesnaujienos.lt\/lt\/?s={search_term_string}"},"query-input":{"@type":"PropertyValueSpecification","valueRequired":true,"valueName":"search_term_string"}}],"inLanguage":"lt-LT"},{"@type":"Organization","@id":"https:\/\/www.silutesnaujienos.lt\/lt\/#organization","name":"\u0160ilut\u0117s naujienos","url":"https:\/\/www.silutesnaujienos.lt\/lt\/","logo":{"@type":"ImageObject","inLanguage":"lt-LT","@id":"https:\/\/www.silutesnaujienos.lt\/lt\/#\/schema\/logo\/image\/","url":"https:\/\/www.silutesnaujienos.lt\/lt\/wp-content\/uploads\/2020\/06\/FB_MAIN.jpg","contentUrl":"https:\/\/www.silutesnaujienos.lt\/lt\/wp-content\/uploads\/2020\/06\/FB_MAIN.jpg","width":1700,"height":956,"caption":"\u0160ilut\u0117s naujienos"},"image":{"@id":"https:\/\/www.silutesnaujienos.lt\/lt\/#\/schema\/logo\/image\/"},"sameAs":["https:\/\/www.facebook.com\/silutes.naujienos\/","https:\/\/www.youtube.com\/channel\/UCxW-cgrJDt8GxIMxSTAfJZg"]},{"@type":"Person","@id":"https:\/\/www.silutesnaujienos.lt\/lt\/#\/schema\/person\/232f475ddd4a7b5f49b3abc788b17e83","name":"\u0160ilut\u0117s naujien\u0173 inf.","image":{"@type":"ImageObject","inLanguage":"lt-LT","@id":"https:\/\/www.silutesnaujienos.lt\/lt\/wp-content\/uploads\/2020\/06\/favicon.png","url":"https:\/\/www.silutesnaujienos.lt\/lt\/wp-content\/uploads\/2020\/06\/favicon.png","contentUrl":"https:\/\/www.silutesnaujienos.lt\/lt\/wp-content\/uploads\/2020\/06\/favicon.png","caption":"\u0160ilut\u0117s naujien\u0173 inf."},"sameAs":["https:\/\/www.silutesnaujienos.lt\/lt"],"url":"https:\/\/www.silutesnaujienos.lt\/lt\/author\/ruta\/"}]}},"publishpress_future_workflow_manual_trigger":{"enabledWorkflows":[]},"amp_enabled":true,"_links":{"self":[{"href":"https:\/\/www.silutesnaujienos.lt\/lt\/wp-json\/wp\/v2\/posts\/14308","targetHints":{"allow":["GET"]}}],"collection":[{"href":"https:\/\/www.silutesnaujienos.lt\/lt\/wp-json\/wp\/v2\/posts"}],"about":[{"href":"https:\/\/www.silutesnaujienos.lt\/lt\/wp-json\/wp\/v2\/types\/post"}],"author":[{"embeddable":true,"href":"https:\/\/www.silutesnaujienos.lt\/lt\/wp-json\/wp\/v2\/users\/1"}],"replies":[{"embeddable":true,"href":"https:\/\/www.silutesnaujienos.lt\/lt\/wp-json\/wp\/v2\/comments?post=14308"}],"version-history":[{"count":0,"href":"https:\/\/www.silutesnaujienos.lt\/lt\/wp-json\/wp\/v2\/posts\/14308\/revisions"}],"wp:attachment":[{"href":"https:\/\/www.silutesnaujienos.lt\/lt\/wp-json\/wp\/v2\/media?parent=14308"}],"wp:term":[{"taxonomy":"category","embeddable":true,"href":"https:\/\/www.silutesnaujienos.lt\/lt\/wp-json\/wp\/v2\/categories?post=14308"},{"taxonomy":"post_tag","embeddable":true,"href":"https:\/\/www.silutesnaujienos.lt\/lt\/wp-json\/wp\/v2\/tags?post=14308"}],"curies":[{"name":"wp","href":"https:\/\/api.w.org\/{rel}","templated":true}]}}