{"id":14312,"date":"2015-10-05T13:00:00","date_gmt":"2015-10-05T15:00:00","guid":{"rendered":"https:\/\/www.silutesnaujienos.lt\/lt\/meras-liepe-politikei-problemas-spresti-ne-viesai-o-jo-kabinete\/"},"modified":"2015-10-05T13:00:00","modified_gmt":"2015-10-05T15:00:00","slug":"meras-liepe-politikei-problemas-spresti-ne-viesai-o-jo-kabinete","status":"publish","type":"post","link":"https:\/\/www.silutesnaujienos.lt\/lt\/meras-liepe-politikei-problemas-spresti-ne-viesai-o-jo-kabinete\/","title":{"rendered":"Meras liep\u0117 politikei problemas spr\u0119sti ne vie\u0161ai, o jo kabinete"},"content":{"rendered":"<p><a target=\"_blank\" class=\"jcepopup\" href=\"\/\/silutesnaujienos.lt\/images\/stories\/2015\/SPALIS\/02\/Laurinaitis.JPG\" rel=\"noopener noreferrer\" data-rel=\"lightbox-gallery-SC1BTBKn\" data-rl_title=\"\" data-rl_caption=\"\" title=\"\"><img loading=\"lazy\" decoding=\"async\" style=\"margin: 5px; float: left;\" alt=\"Laurinaitis\" src=\"\/\/silutesnaujienos.lt\/images\/stories\/2015\/SPALIS\/02\/thumbnails\/thumb_Laurinaitis.JPG\" height=\"230\" width=\"307\" \/><\/a><strong>Savivaldos politikos naujokei, T\u0117vyn\u0117s s\u0105jungos &#8211; Lietuvos krik\u0161\u010dioni\u0173 demokrat\u0173 frakcijos pirmininkei Sandrai Tama\u0161auskienei savivaldyb\u0117s Tarybos pos\u0117d\u017eio metu teko i\u0161klausyti mero Vytauto Laurinai\u010dio pamokymus, kaip reikia spr\u0119sti problemas.<br \/><\/strong><br \/><strong>V.Laurinaitis pa\u0161iepiamai ragino S.Tama\u0161auskien\u0119 neskaitin\u0117ti savivaldyb\u0117s Tarybos pos\u0117dyje parei\u0161kim\u0173 ar pra\u0161ym\u0173, kuriuos jai \u012fteik\u0117 pagalbos pra\u0161antys \u017emon\u0117s. Anot mero, rinkimai jau baig\u0117si ir reikia baigti politikavim\u0105, o jeigu yra problem\u0173, geriausia ateiti \u012f jo kabinet\u0105 ir asmeni\u0161kai tartis.<br \/><\/strong><br \/><strong>Kod\u0117l gi V.Laurinait\u012f taip suerzino vie\u0161ai perskaitytas rink\u0117j\u0173 pra\u0161ymas? Per\u0161asi mintis, kad taip meras nor\u0117jo pademonstruoti, kas m\u016bs\u0173 savivaldoje yra svarbiausias asmuo, galintis i\u0161spr\u0119sti i\u0161kilusias problemas.<\/strong><br \/><strong><\/strong>Bet politik\u0117 sako neketinanti Tarybos pos\u0117d\u017eiuose tik tyliai ramiai ats\u0117d\u0117ti, kaip tai ne vienerius metus daro daugelis politik\u0173, ir \u017eada skelbti \u017emoni\u0173 keliamas problemas ne mero kabinete, o vie\u0161ai. \u201eTikiuosi, kad m\u016bs\u0173 Savivaldyb\u0117je dar negalioja a.a. Vytauto Kernagio dainos herojaus tvarka \u201eKancaras visk\u0105 \u017eino, Kancaras \u010dia karalius!\u201c, &#8211; \u0161ypsojosi S.Tama\u0161auskien\u0117.<\/p>\n<p><strong>Nori atostog\u0173 kaip visoje Lietuvoje<br \/><\/strong><br \/>Keli\u0173 de\u0161im\u010di\u0173 mokini\u0173 t\u0117v\u0173 pasira\u0161yt\u0105 pra\u0161ym\u0105, kad rudens atostogos rajono mokyklose vykt\u0173 tuo pa\u010diu metu kaip ir visoje Lietuvoje, o neb\u016bt\u0173 perkeliamos savaite anks\u010diau, savivaldyb\u0117s Tarybos pos\u0117dyje perskai\u010diusi konservatori\u0173 lyder\u0117 S.Tama\u0161auskien\u0117 sak\u0117, kad ra\u0161t\u0105 perdav\u0119 t\u0117vai pra\u0161\u0117 j\u012f pavie\u0161inti.<\/p>\n<p>Ra\u0161te primenama, kad \u0160vietimo ir mokslo ministerijos nurodymu, m\u016bs\u0173 \u0161alyje mokini\u0173 rudens atostogos \u0161iemet numatytos nuo spalio 26 iki spalio 30 dienos, ta\u010diau m\u016bs\u0173 rajono Savivaldyb\u0117s \u0160vietimo skyriaus ved\u0117ja Birut\u0117 Tekorien\u0117 liepos 2-\u0105j\u0105 pri\u0117m\u0117 \u012fsakym\u0105, kad m\u016bs\u0173 rajone \u0161ios atostogos bus visa savaite anks\u010diau &#8211; spalio 19 &#8211; 23 dienomis.<\/p>\n<p>I\u0161 anksto \u017einodami Lietuvoje nustatyt\u0105 atostog\u0173 laik\u0105 daugelis t\u0117v\u0173 suplanuoja atostogas kartu su vaikais, \u012fsigyja kelioni\u0173 bilietus. Tie, kas keliaus be vaik\u0173, suderino j\u0173 prie\u017ei\u016br\u0105 su seneliais ar giminai\u010diais.<\/p>\n<p>Moksleivi\u0173 atostog\u0173 laiku mokiniams vyksta \u012fvairios respublikin\u0117s ar tarptautin\u0117s stovyklos, organizuojami renginiai, \u012f kuriuos \u0161iluti\u0161ki\u0173 vaikai d\u0117l pakeisto atostog\u0173 laiko nuvykti jau nebegali. <\/p>\n<p>Lygiai taip pat nepatogum\u0173 patiria ir \u0160ilut\u0117s pedagogai, kei\u010diant atostog\u0173 grafikus nuken\u010dia j\u0173 savi\u0161vieta &#8211; jie nebegali dalyvauti atostog\u0173 metu organizuojamuose respublikiniuose mokymuose.<\/p>\n<p>Pra\u0161ym\u0105 pasira\u0161iusi\u0173 t\u0117v\u0173 ne\u012ftikina \u0160vietimo skyriaus nurodomas motyvas, es\u0105 rudens atostog\u0173 laikas kei\u010diamas \u201eatsi\u017evelgiant \u012f mokini\u0173 pav\u0117\u017e\u0117jimo, maitinimo organizavim\u0105 ir \u0161ildymo sezono prad\u017ei\u0105\u201c, \u0160vietimo skyriaus ved\u0117jos patikinimai, kad paankstinus rudens atostogas sutaupoma daug l\u0117\u0161\u0173. Koks tas taupymo efektas, niekas konkre\u010diai neskai\u010diuoja. <\/p>\n<p><strong>Konservator\u0117 nori vie\u0161umo<\/strong> <\/p>\n<p>S.Tama\u0161auskien\u0117, perskai\u010diusi t\u0117v\u0173 pra\u0161ym\u0105 d\u0117l ankstinam\u0173 rudens atostog\u0173, sak\u0117 visi\u0161kai jiems pritarianti ir nor\u0117t\u0173 gauti i\u0161sam\u0173 paai\u0161kinim\u0105, kod\u0117l jau kelerius metus i\u0161 eil\u0117s \u0160ilut\u0117je yra kitaip nei visoje Lietuvoje.<\/p>\n<p>Ta\u010diau vietoje paai\u0161kinim\u0173 ir \u012ftikinam\u0173 argument\u0173 jai teko i\u0161klausyti V.Laurinai\u010dio kaltinimus d\u0117l politikavimo ir pamokym\u0105, kad nereikia skaityti parei\u0161kim\u0173, bet reikia eiti pas mer\u0105 ir su juo tartis&#8230;<\/p>\n<p>Toks mero i\u0161skirtinis pamokymas tikriausiai buvo skirtas ne vien S.Tama\u0161auskienei, bet ir visiems kitiems pos\u0117d\u017eio dalyviams: pamokym\u0173 klaus\u0117si ne tik savivaldyb\u0117s Taryba, bet ir Savivaldyb\u0117s administracijos darbuotojai, ir \u017emon\u0117s, stebintys pos\u0117d\u012f internetu.<\/p>\n<p>\u201e\u0160ilut\u0117s naujienoms\u201c komentuodama mero priekai\u0161tus, S.Tama\u0161auskien\u0117 sak\u0117, kad jos nuomone, V.Laurinaitis klaidingai supranta savo pareigas. Ji \u012fsitikinusi, kad mero pareigos V.Laurinai\u010diui nesuteikia \u201evienintelio vado\u201c \u012fgaliojim\u0173, ir t\u0117v\u0173 pasira\u0161ytas ra\u0161tas d\u0117l mokini\u0173 atostog\u0173 tur\u0117jo b\u016bti pagarsintas visiems politikams ir administracijai, o ne \u012fki\u0161tas \u012f vald\u017eios stal\u010di\u0173.<\/p>\n<p>S.Tama\u0161auskien\u0117 sak\u0117 puikiai \u017einanti, kaip reikia vykdyti savivaldyb\u0117s Tarybos nario pareigas ir neketinanti baigti vie\u0161inti savivaldyb\u0117s \u017emoni\u0173 problemas, parei\u0161kimus ar protestus. Jos nuomone, visi savivaldyb\u0117s politikai turi vie\u0161ai atstovauti rajono \u017emon\u0117ms, o ne pataikauti rajono vadovams ar savivaldyb\u0117s administracijai ir pra\u0161yti asmenini\u0173 pri\u0117mim\u0173 j\u0173 kabinetuose.<\/p>\n","protected":false},"excerpt":{"rendered":"<p>Savivaldos politikos naujokei, T\u0117vyn\u0117s s\u0105jungos &#8211; Lietuvos krik\u0161\u010dioni\u0173 demokrat\u0173 frakcijos pirmininkei Sandrai Tama\u0161auskienei savivaldyb\u0117s Tarybos pos\u0117d\u017eio metu teko i\u0161klausyti mero Vytauto Laurinai\u010dio pamokymus, kaip reikia spr\u0119sti problemas.V.Laurinaitis pa\u0161iepiamai ragino S.Tama\u0161auskien\u0119 neskaitin\u0117ti savivaldyb\u0117s Tarybos pos\u0117dyje parei\u0161kim\u0173 ar pra\u0161ym\u0173, kuriuos jai \u012fteik\u0117 pagalbos pra\u0161antys \u017emon\u0117s. Anot mero, rinkimai jau baig\u0117si ir reikia baigti politikavim\u0105, o jeigu yra [&hellip;]<\/p>\n","protected":false},"author":1,"featured_media":0,"comment_status":"open","ping_status":"open","sticky":false,"template":"","format":"standard","meta":{"footnotes":""},"categories":[2],"tags":[],"class_list":{"0":"post-14312","1":"post","2":"type-post","3":"status-publish","4":"format-standard","6":"category-aktualijos"},"yoast_head":"<!-- This site is optimized with the Yoast SEO plugin v27.5 - https:\/\/yoast.com\/product\/yoast-seo-wordpress\/ -->\n<title>Meras liep\u0117 politikei problemas spr\u0119sti ne vie\u0161ai, o jo kabinete - \u0160ilut\u0117s naujienos<\/title>\n<meta name=\"robots\" content=\"index, follow, max-snippet:-1, max-image-preview:large, max-video-preview:-1\" \/>\n<link rel=\"canonical\" href=\"https:\/\/www.silutesnaujienos.lt\/lt\/meras-liepe-politikei-problemas-spresti-ne-viesai-o-jo-kabinete\/\" \/>\n<meta property=\"og:locale\" content=\"lt_LT\" \/>\n<meta property=\"og:type\" content=\"article\" \/>\n<meta property=\"og:title\" content=\"Meras liep\u0117 politikei problemas spr\u0119sti ne vie\u0161ai, o jo kabinete - \u0160ilut\u0117s naujienos\" \/>\n<meta property=\"og:description\" content=\"Savivaldos politikos naujokei, T\u0117vyn\u0117s s\u0105jungos &#8211; Lietuvos krik\u0161\u010dioni\u0173 demokrat\u0173 frakcijos pirmininkei Sandrai Tama\u0161auskienei savivaldyb\u0117s Tarybos pos\u0117d\u017eio metu teko i\u0161klausyti mero Vytauto Laurinai\u010dio pamokymus, kaip reikia spr\u0119sti problemas.V.Laurinaitis pa\u0161iepiamai ragino S.Tama\u0161auskien\u0119 neskaitin\u0117ti savivaldyb\u0117s Tarybos pos\u0117dyje parei\u0161kim\u0173 ar pra\u0161ym\u0173, kuriuos jai \u012fteik\u0117 pagalbos pra\u0161antys \u017emon\u0117s. Anot mero, rinkimai jau baig\u0117si ir reikia baigti politikavim\u0105, o jeigu yra [&hellip;]\" \/>\n<meta property=\"og:url\" content=\"https:\/\/www.silutesnaujienos.lt\/lt\/meras-liepe-politikei-problemas-spresti-ne-viesai-o-jo-kabinete\/\" \/>\n<meta property=\"og:site_name\" content=\"\u0160ilut\u0117s naujienos\" \/>\n<meta property=\"article:publisher\" content=\"https:\/\/www.facebook.com\/silutes.naujienos\/\" \/>\n<meta property=\"article:published_time\" content=\"2015-10-05T15:00:00+00:00\" \/>\n<meta property=\"og:image\" content=\"\/\/silutesnaujienos.lt\/images\/stories\/2015\/SPALIS\/02\/thumbnails\/thumb_Laurinaitis.JPG\" \/>\n<meta name=\"author\" content=\"\u0160ilut\u0117s naujien\u0173 inf.\" \/>\n<meta name=\"twitter:card\" content=\"summary_large_image\" \/>\n<meta name=\"twitter:label1\" content=\"Written by\" \/>\n\t<meta name=\"twitter:data1\" content=\"\u0160ilut\u0117s naujien\u0173 inf.\" \/>\n\t<meta name=\"twitter:label2\" content=\"Est. reading time\" \/>\n\t<meta name=\"twitter:data2\" content=\"3 minut\u0117s\" \/>\n<script type=\"application\/ld+json\" class=\"yoast-schema-graph\">{\"@context\":\"https:\\\/\\\/schema.org\",\"@graph\":[{\"@type\":\"Article\",\"@id\":\"https:\\\/\\\/www.silutesnaujienos.lt\\\/lt\\\/meras-liepe-politikei-problemas-spresti-ne-viesai-o-jo-kabinete\\\/#article\",\"isPartOf\":{\"@id\":\"https:\\\/\\\/www.silutesnaujienos.lt\\\/lt\\\/meras-liepe-politikei-problemas-spresti-ne-viesai-o-jo-kabinete\\\/\"},\"author\":{\"name\":\"\u0160ilut\u0117s naujien\u0173 inf.\",\"@id\":\"https:\\\/\\\/www.silutesnaujienos.lt\\\/lt\\\/#\\\/schema\\\/person\\\/232f475ddd4a7b5f49b3abc788b17e83\"},\"headline\":\"Meras liep\u0117 politikei problemas spr\u0119sti ne vie\u0161ai, o jo kabinete\",\"datePublished\":\"2015-10-05T15:00:00+00:00\",\"mainEntityOfPage\":{\"@id\":\"https:\\\/\\\/www.silutesnaujienos.lt\\\/lt\\\/meras-liepe-politikei-problemas-spresti-ne-viesai-o-jo-kabinete\\\/\"},\"wordCount\":690,\"commentCount\":0,\"publisher\":{\"@id\":\"https:\\\/\\\/www.silutesnaujienos.lt\\\/lt\\\/#organization\"},\"articleSection\":[\"Aktualijos\"],\"inLanguage\":\"lt-LT\",\"potentialAction\":[{\"@type\":\"CommentAction\",\"name\":\"Comment\",\"target\":[\"https:\\\/\\\/www.silutesnaujienos.lt\\\/lt\\\/meras-liepe-politikei-problemas-spresti-ne-viesai-o-jo-kabinete\\\/#respond\"]}]},{\"@type\":\"WebPage\",\"@id\":\"https:\\\/\\\/www.silutesnaujienos.lt\\\/lt\\\/meras-liepe-politikei-problemas-spresti-ne-viesai-o-jo-kabinete\\\/\",\"url\":\"https:\\\/\\\/www.silutesnaujienos.lt\\\/lt\\\/meras-liepe-politikei-problemas-spresti-ne-viesai-o-jo-kabinete\\\/\",\"name\":\"Meras liep\u0117 politikei problemas spr\u0119sti ne vie\u0161ai, o jo kabinete - \u0160ilut\u0117s naujienos\",\"isPartOf\":{\"@id\":\"https:\\\/\\\/www.silutesnaujienos.lt\\\/lt\\\/#website\"},\"datePublished\":\"2015-10-05T15:00:00+00:00\",\"breadcrumb\":{\"@id\":\"https:\\\/\\\/www.silutesnaujienos.lt\\\/lt\\\/meras-liepe-politikei-problemas-spresti-ne-viesai-o-jo-kabinete\\\/#breadcrumb\"},\"inLanguage\":\"lt-LT\",\"potentialAction\":[{\"@type\":\"ReadAction\",\"target\":[\"https:\\\/\\\/www.silutesnaujienos.lt\\\/lt\\\/meras-liepe-politikei-problemas-spresti-ne-viesai-o-jo-kabinete\\\/\"]}]},{\"@type\":\"BreadcrumbList\",\"@id\":\"https:\\\/\\\/www.silutesnaujienos.lt\\\/lt\\\/meras-liepe-politikei-problemas-spresti-ne-viesai-o-jo-kabinete\\\/#breadcrumb\",\"itemListElement\":[{\"@type\":\"ListItem\",\"position\":1,\"name\":\"Home\",\"item\":\"https:\\\/\\\/www.silutesnaujienos.lt\\\/lt\\\/\"},{\"@type\":\"ListItem\",\"position\":2,\"name\":\"Meras liep\u0117 politikei problemas spr\u0119sti ne vie\u0161ai, o jo kabinete\"}]},{\"@type\":\"WebSite\",\"@id\":\"https:\\\/\\\/www.silutesnaujienos.lt\\\/lt\\\/#website\",\"url\":\"https:\\\/\\\/www.silutesnaujienos.lt\\\/lt\\\/\",\"name\":\"\u0160ilut\u0117s naujienos\",\"description\":\"B\u016bk ant naujien\u0173 bangos!\",\"publisher\":{\"@id\":\"https:\\\/\\\/www.silutesnaujienos.lt\\\/lt\\\/#organization\"},\"potentialAction\":[{\"@type\":\"SearchAction\",\"target\":{\"@type\":\"EntryPoint\",\"urlTemplate\":\"https:\\\/\\\/www.silutesnaujienos.lt\\\/lt\\\/?s={search_term_string}\"},\"query-input\":{\"@type\":\"PropertyValueSpecification\",\"valueRequired\":true,\"valueName\":\"search_term_string\"}}],\"inLanguage\":\"lt-LT\"},{\"@type\":\"Organization\",\"@id\":\"https:\\\/\\\/www.silutesnaujienos.lt\\\/lt\\\/#organization\",\"name\":\"\u0160ilut\u0117s naujienos\",\"url\":\"https:\\\/\\\/www.silutesnaujienos.lt\\\/lt\\\/\",\"logo\":{\"@type\":\"ImageObject\",\"inLanguage\":\"lt-LT\",\"@id\":\"https:\\\/\\\/www.silutesnaujienos.lt\\\/lt\\\/#\\\/schema\\\/logo\\\/image\\\/\",\"url\":\"https:\\\/\\\/www.silutesnaujienos.lt\\\/lt\\\/wp-content\\\/uploads\\\/2020\\\/06\\\/FB_MAIN.jpg\",\"contentUrl\":\"https:\\\/\\\/www.silutesnaujienos.lt\\\/lt\\\/wp-content\\\/uploads\\\/2020\\\/06\\\/FB_MAIN.jpg\",\"width\":1700,\"height\":956,\"caption\":\"\u0160ilut\u0117s naujienos\"},\"image\":{\"@id\":\"https:\\\/\\\/www.silutesnaujienos.lt\\\/lt\\\/#\\\/schema\\\/logo\\\/image\\\/\"},\"sameAs\":[\"https:\\\/\\\/www.facebook.com\\\/silutes.naujienos\\\/\",\"https:\\\/\\\/www.youtube.com\\\/channel\\\/UCxW-cgrJDt8GxIMxSTAfJZg\"]},{\"@type\":\"Person\",\"@id\":\"https:\\\/\\\/www.silutesnaujienos.lt\\\/lt\\\/#\\\/schema\\\/person\\\/232f475ddd4a7b5f49b3abc788b17e83\",\"name\":\"\u0160ilut\u0117s naujien\u0173 inf.\",\"image\":{\"@type\":\"ImageObject\",\"inLanguage\":\"lt-LT\",\"@id\":\"https:\\\/\\\/www.silutesnaujienos.lt\\\/lt\\\/wp-content\\\/uploads\\\/2020\\\/06\\\/favicon.png\",\"url\":\"https:\\\/\\\/www.silutesnaujienos.lt\\\/lt\\\/wp-content\\\/uploads\\\/2020\\\/06\\\/favicon.png\",\"contentUrl\":\"https:\\\/\\\/www.silutesnaujienos.lt\\\/lt\\\/wp-content\\\/uploads\\\/2020\\\/06\\\/favicon.png\",\"caption\":\"\u0160ilut\u0117s naujien\u0173 inf.\"},\"sameAs\":[\"https:\\\/\\\/www.silutesnaujienos.lt\\\/lt\"],\"url\":\"https:\\\/\\\/www.silutesnaujienos.lt\\\/lt\\\/author\\\/ruta\\\/\"}]}<\/script>\n<!-- \/ Yoast SEO plugin. -->","yoast_head_json":{"title":"Meras liep\u0117 politikei problemas spr\u0119sti ne vie\u0161ai, o jo kabinete - \u0160ilut\u0117s naujienos","robots":{"index":"index","follow":"follow","max-snippet":"max-snippet:-1","max-image-preview":"max-image-preview:large","max-video-preview":"max-video-preview:-1"},"canonical":"https:\/\/www.silutesnaujienos.lt\/lt\/meras-liepe-politikei-problemas-spresti-ne-viesai-o-jo-kabinete\/","og_locale":"lt_LT","og_type":"article","og_title":"Meras liep\u0117 politikei problemas spr\u0119sti ne vie\u0161ai, o jo kabinete - \u0160ilut\u0117s naujienos","og_description":"Savivaldos politikos naujokei, T\u0117vyn\u0117s s\u0105jungos &#8211; Lietuvos krik\u0161\u010dioni\u0173 demokrat\u0173 frakcijos pirmininkei Sandrai Tama\u0161auskienei savivaldyb\u0117s Tarybos pos\u0117d\u017eio metu teko i\u0161klausyti mero Vytauto Laurinai\u010dio pamokymus, kaip reikia spr\u0119sti problemas.V.Laurinaitis pa\u0161iepiamai ragino S.Tama\u0161auskien\u0119 neskaitin\u0117ti savivaldyb\u0117s Tarybos pos\u0117dyje parei\u0161kim\u0173 ar pra\u0161ym\u0173, kuriuos jai \u012fteik\u0117 pagalbos pra\u0161antys \u017emon\u0117s. Anot mero, rinkimai jau baig\u0117si ir reikia baigti politikavim\u0105, o jeigu yra [&hellip;]","og_url":"https:\/\/www.silutesnaujienos.lt\/lt\/meras-liepe-politikei-problemas-spresti-ne-viesai-o-jo-kabinete\/","og_site_name":"\u0160ilut\u0117s naujienos","article_publisher":"https:\/\/www.facebook.com\/silutes.naujienos\/","article_published_time":"2015-10-05T15:00:00+00:00","og_image":[{"url":"\/\/silutesnaujienos.lt\/images\/stories\/2015\/SPALIS\/02\/thumbnails\/thumb_Laurinaitis.JPG","type":"","width":"","height":""}],"author":"\u0160ilut\u0117s naujien\u0173 inf.","twitter_card":"summary_large_image","twitter_misc":{"Written by":"\u0160ilut\u0117s naujien\u0173 inf.","Est. reading time":"3 minut\u0117s"},"schema":{"@context":"https:\/\/schema.org","@graph":[{"@type":"Article","@id":"https:\/\/www.silutesnaujienos.lt\/lt\/meras-liepe-politikei-problemas-spresti-ne-viesai-o-jo-kabinete\/#article","isPartOf":{"@id":"https:\/\/www.silutesnaujienos.lt\/lt\/meras-liepe-politikei-problemas-spresti-ne-viesai-o-jo-kabinete\/"},"author":{"name":"\u0160ilut\u0117s naujien\u0173 inf.","@id":"https:\/\/www.silutesnaujienos.lt\/lt\/#\/schema\/person\/232f475ddd4a7b5f49b3abc788b17e83"},"headline":"Meras liep\u0117 politikei problemas spr\u0119sti ne vie\u0161ai, o jo kabinete","datePublished":"2015-10-05T15:00:00+00:00","mainEntityOfPage":{"@id":"https:\/\/www.silutesnaujienos.lt\/lt\/meras-liepe-politikei-problemas-spresti-ne-viesai-o-jo-kabinete\/"},"wordCount":690,"commentCount":0,"publisher":{"@id":"https:\/\/www.silutesnaujienos.lt\/lt\/#organization"},"articleSection":["Aktualijos"],"inLanguage":"lt-LT","potentialAction":[{"@type":"CommentAction","name":"Comment","target":["https:\/\/www.silutesnaujienos.lt\/lt\/meras-liepe-politikei-problemas-spresti-ne-viesai-o-jo-kabinete\/#respond"]}]},{"@type":"WebPage","@id":"https:\/\/www.silutesnaujienos.lt\/lt\/meras-liepe-politikei-problemas-spresti-ne-viesai-o-jo-kabinete\/","url":"https:\/\/www.silutesnaujienos.lt\/lt\/meras-liepe-politikei-problemas-spresti-ne-viesai-o-jo-kabinete\/","name":"Meras liep\u0117 politikei problemas spr\u0119sti ne vie\u0161ai, o jo kabinete - \u0160ilut\u0117s naujienos","isPartOf":{"@id":"https:\/\/www.silutesnaujienos.lt\/lt\/#website"},"datePublished":"2015-10-05T15:00:00+00:00","breadcrumb":{"@id":"https:\/\/www.silutesnaujienos.lt\/lt\/meras-liepe-politikei-problemas-spresti-ne-viesai-o-jo-kabinete\/#breadcrumb"},"inLanguage":"lt-LT","potentialAction":[{"@type":"ReadAction","target":["https:\/\/www.silutesnaujienos.lt\/lt\/meras-liepe-politikei-problemas-spresti-ne-viesai-o-jo-kabinete\/"]}]},{"@type":"BreadcrumbList","@id":"https:\/\/www.silutesnaujienos.lt\/lt\/meras-liepe-politikei-problemas-spresti-ne-viesai-o-jo-kabinete\/#breadcrumb","itemListElement":[{"@type":"ListItem","position":1,"name":"Home","item":"https:\/\/www.silutesnaujienos.lt\/lt\/"},{"@type":"ListItem","position":2,"name":"Meras liep\u0117 politikei problemas spr\u0119sti ne vie\u0161ai, o jo kabinete"}]},{"@type":"WebSite","@id":"https:\/\/www.silutesnaujienos.lt\/lt\/#website","url":"https:\/\/www.silutesnaujienos.lt\/lt\/","name":"\u0160ilut\u0117s naujienos","description":"B\u016bk ant naujien\u0173 bangos!","publisher":{"@id":"https:\/\/www.silutesnaujienos.lt\/lt\/#organization"},"potentialAction":[{"@type":"SearchAction","target":{"@type":"EntryPoint","urlTemplate":"https:\/\/www.silutesnaujienos.lt\/lt\/?s={search_term_string}"},"query-input":{"@type":"PropertyValueSpecification","valueRequired":true,"valueName":"search_term_string"}}],"inLanguage":"lt-LT"},{"@type":"Organization","@id":"https:\/\/www.silutesnaujienos.lt\/lt\/#organization","name":"\u0160ilut\u0117s naujienos","url":"https:\/\/www.silutesnaujienos.lt\/lt\/","logo":{"@type":"ImageObject","inLanguage":"lt-LT","@id":"https:\/\/www.silutesnaujienos.lt\/lt\/#\/schema\/logo\/image\/","url":"https:\/\/www.silutesnaujienos.lt\/lt\/wp-content\/uploads\/2020\/06\/FB_MAIN.jpg","contentUrl":"https:\/\/www.silutesnaujienos.lt\/lt\/wp-content\/uploads\/2020\/06\/FB_MAIN.jpg","width":1700,"height":956,"caption":"\u0160ilut\u0117s naujienos"},"image":{"@id":"https:\/\/www.silutesnaujienos.lt\/lt\/#\/schema\/logo\/image\/"},"sameAs":["https:\/\/www.facebook.com\/silutes.naujienos\/","https:\/\/www.youtube.com\/channel\/UCxW-cgrJDt8GxIMxSTAfJZg"]},{"@type":"Person","@id":"https:\/\/www.silutesnaujienos.lt\/lt\/#\/schema\/person\/232f475ddd4a7b5f49b3abc788b17e83","name":"\u0160ilut\u0117s naujien\u0173 inf.","image":{"@type":"ImageObject","inLanguage":"lt-LT","@id":"https:\/\/www.silutesnaujienos.lt\/lt\/wp-content\/uploads\/2020\/06\/favicon.png","url":"https:\/\/www.silutesnaujienos.lt\/lt\/wp-content\/uploads\/2020\/06\/favicon.png","contentUrl":"https:\/\/www.silutesnaujienos.lt\/lt\/wp-content\/uploads\/2020\/06\/favicon.png","caption":"\u0160ilut\u0117s naujien\u0173 inf."},"sameAs":["https:\/\/www.silutesnaujienos.lt\/lt"],"url":"https:\/\/www.silutesnaujienos.lt\/lt\/author\/ruta\/"}]}},"publishpress_future_workflow_manual_trigger":{"enabledWorkflows":[]},"amp_enabled":true,"_links":{"self":[{"href":"https:\/\/www.silutesnaujienos.lt\/lt\/wp-json\/wp\/v2\/posts\/14312","targetHints":{"allow":["GET"]}}],"collection":[{"href":"https:\/\/www.silutesnaujienos.lt\/lt\/wp-json\/wp\/v2\/posts"}],"about":[{"href":"https:\/\/www.silutesnaujienos.lt\/lt\/wp-json\/wp\/v2\/types\/post"}],"author":[{"embeddable":true,"href":"https:\/\/www.silutesnaujienos.lt\/lt\/wp-json\/wp\/v2\/users\/1"}],"replies":[{"embeddable":true,"href":"https:\/\/www.silutesnaujienos.lt\/lt\/wp-json\/wp\/v2\/comments?post=14312"}],"version-history":[{"count":0,"href":"https:\/\/www.silutesnaujienos.lt\/lt\/wp-json\/wp\/v2\/posts\/14312\/revisions"}],"wp:attachment":[{"href":"https:\/\/www.silutesnaujienos.lt\/lt\/wp-json\/wp\/v2\/media?parent=14312"}],"wp:term":[{"taxonomy":"category","embeddable":true,"href":"https:\/\/www.silutesnaujienos.lt\/lt\/wp-json\/wp\/v2\/categories?post=14312"},{"taxonomy":"post_tag","embeddable":true,"href":"https:\/\/www.silutesnaujienos.lt\/lt\/wp-json\/wp\/v2\/tags?post=14312"}],"curies":[{"name":"wp","href":"https:\/\/api.w.org\/{rel}","templated":true}]}}