{"id":14313,"date":"2015-10-05T17:00:00","date_gmt":"2015-10-05T19:00:00","guid":{"rendered":"https:\/\/www.silutesnaujienos.lt\/lt\/kad-savivaldybes-etikos-komisijai-nereiketu-dirbti\/"},"modified":"2015-10-05T17:00:00","modified_gmt":"2015-10-05T19:00:00","slug":"kad-savivaldybes-etikos-komisijai-nereiketu-dirbti","status":"publish","type":"post","link":"https:\/\/www.silutesnaujienos.lt\/lt\/kad-savivaldybes-etikos-komisijai-nereiketu-dirbti\/","title":{"rendered":"Kad savivaldyb\u0117s Etikos komisijai nereik\u0117t\u0173 dirbti&#8230;"},"content":{"rendered":"<p>&nbsp;<a target=\"_blank\" rel=\"caption[Opozicijos lyderis A.Ge\u010das (de\u0161in\u0117je) paskelb\u0117 parei\u0161kim\u0105, jog meras V.Laurinaitis turi prisiimti politin\u0119 atsakomyb\u0119, kad skatino vilkyti\u0161kius imtis Vilky\u010di\u0173 seni\u016bnijos k\u016brimo, o atkirto, tai melas ] noopener noreferrer\" class=\"jcepopup\" href=\"\/\/silutesnaujienos.lt\/images\/stories\/2015\/SPALIS\/02\/MELAII_1.jpg\" data-rel=\"lightbox-gallery-kAw6Twu8\" data-rl_title=\"\" data-rl_caption=\"\"><img loading=\"lazy\" decoding=\"async\" style=\"margin: 5px; float: left;\" class=\"caption\" title=\"\" alt=\"MELAII 1\" src=\"\/\/silutesnaujienos.lt\/images\/stories\/2015\/SPALIS\/02\/thumbnails\/thumb_MELAII_1.jpg\" height=\"230\" width=\"307\" \/><\/a><strong>Rugs\u0117jo m\u0117nesio savivaldyb\u0117s Tarybos pos\u0117dis prasid\u0117jo labai taikiu savivaldyb\u0117s Etikos komisijos pirmininko Jono Jatauto \u012f\u017eanginiu \u017eod\u017eiu. Komisijos pirmininkas specialiai pasipra\u0161\u0117 pos\u0117d\u017eio pirmininko &#8211; mero Vytauto Laurinai\u010dio kalb\u0117ti pirmas, nes nor\u0117jo kolegas politikus informuoti apie pirm\u0105j\u012f Etikos komisijos pos\u0117d\u012f ir pageidavimus visiems politikams elgtis taip, kad komisija netur\u0117t\u0173 darbo.<br \/><\/strong><br \/><strong>Bet akivaizdu, kad etikos sargams darbo nepristigs: pos\u0117dis baig\u0117si kaip \u012fprasta &#8211; konfliktu.<br \/><\/strong><br \/><strong>Opozicija perskait\u0117 parei\u0161kim\u0105 d\u0117l politik\u0173 politin\u0117s atsakomyb\u0117s prie\u0161 vilkyti\u0161kius, gundytus inicijuoti Vilky\u010di\u0173 seni\u016bnijos steigim\u0105. Parei\u0161kim\u0105 i\u0161klausiusiam merui sukilo emocijos &#8211; jis nei\u0161tv\u0117r\u0119s pasidrabst\u0117 kaltinimais melu.<\/strong><strong><br \/><\/strong><br \/><strong>Etikos pamokymai<br \/><\/strong><br \/>J.Jatautas savivaldyb\u0117s Taryb\u0105 informavo, kad jau \u012fvyko pirmasis 8-ojo \u0161aukimo savivaldyb\u0117s Tarybos Etikos komisijos pos\u0117dis ir kad komisija i\u0161 savivaldyb\u0117s politik\u0173 tikisi pilietinio brandumo ir tokio darbo bei bendravimo, kad&#8230; komisija netur\u0117t\u0173 darbo.<br \/>Kreipdamasis \u012f savivaldyb\u0117s Tarybos narius J.Jatautas Etikos komisijos vardu ragino politikus veikti profesionaliai, o tai rei\u0161kia efektyviai ir kokybi\u0161kai: u\u017emir\u0161ti partinius interesus, valdyti savo emocijas, b\u016bti takti\u0161kus, kalb\u0117ti konkre\u010diai ir korekti\u0161kai, <a target=\"_blank\" class=\"jcepopup\" href=\"\/\/silutesnaujienos.lt\/images\/stories\/2015\/SPALIS\/02\/MELAIIII.jpg\" rel=\"noopener noreferrer\" data-rel=\"lightbox-gallery-kAw6Twu8\" data-rl_title=\"\" data-rl_caption=\"\" title=\"\"><img loading=\"lazy\" decoding=\"async\" style=\"margin: 5px; float: right;\" alt=\"MELAIIII\" src=\"\/\/silutesnaujienos.lt\/images\/stories\/2015\/SPALIS\/02\/thumbnails\/thumb_MELAIIII.jpg\" height=\"230\" width=\"307\" \/><\/a>vengti asmeni\u0161kum\u0173, dirbti be triuk\u0161mo ir pyk\u010dio.<\/p>\n<p>Pasak J.Jatauto, politikoje ne visada klausimai yra patog\u016bs. Tod\u0117l nevert\u0117t\u0173 skub\u0117ti piktintis, o ramiai atsakin\u0117ti arba atsakyti v\u0117liau, kai bus pasiruo\u0161\u0119. Net ir pasikar\u0161\u010diavus, visada lieka galimyb\u0117 mandagiai atsipra\u0161yti ir taip neprarasti gero vardo.<\/p>\n<p>\u201eVox populi, vox dei (tautos balsas &#8211; Dievo balsas)\u201c, &#8211; sak\u0117 J.Jatautas. Tod\u0117l jo nuomone, savivaldyb\u0117s politikai neturi pagrindo konfrontacijai ir nesutarimams: savivaldyb\u0117 viena, Taryba viena, administracija viena, gyvename vien\u0105 kart\u0105 ir visi mirsime.<\/p>\n<p>J.Jatautas link\u0117jo dr\u0105siai per\u017eengti politinio m\u0105stymo bei veiklos stereotipus ir telktis ne \u012f siaur\u0173 politini\u0173 interes\u0173 grupes, o \u012f bendro darbo aljans\u0105. <\/p>\n<p><strong>Reikalauja politin\u0117s atsakomyb\u0117s<\/strong><\/p>\n<p>Po tokios Etikos komisijos pirmininko prakalbos&nbsp; bema\u017e viso pos\u0117d\u017eio metu politikai steng\u0117si elgtis gal net parodomai drausmingai, nelaid\u0117 kand\u017ei\u0173 replik\u0173, neu\u017egauliojo oponent\u0173. O tuos kuriems kniet\u0117jo pamoralizuoti kitaip manan\u010dius kolegas, pats meras V.Laurinaitis, vadovaujantis pos\u0117d\u017eiui, drausmino, primindamas Etikos komisijos pirmininko pamok\u0117l\u0119.<\/p>\n<p>Ta\u010diau mero kantryb\u0117 t\u0105 dien\u0105 buvo ne berib\u0117. <\/p>\n<p>Mero emocijos prasiver\u017e\u0117 pa\u010diam pirmajam, kai buvo prad\u0117tas svarstyti Vilky\u010di\u0173 seni\u016bnijos steigimo klausimas. Administracija sprendimo projekt\u0105 suformulavo tiesmukai &#8211; \u201enepritarti steigti&#8230;\u201c<\/p>\n<p>D\u0117l tokios formuluot\u0117s pirmasis suabejojo liberalas Arvydas Jakas, kuris sak\u0117, kad formuluot\u0117 yra tiesiog nekorekti\u0161ka Vilky\u010di\u0173 seni\u016bnijos steigimu suinteresuot\u0173 \u017emoni\u0173 at\u017evilgiu &#8211; dauguma apklausos dalyvi\u0173 juk parei\u0161k\u0117 nor\u0105 steigti. A.Jako nuomone, sprendimo projekto formuluot\u0117 privalo b\u016bti tokia, kaip pageidavo apklausos dalyviai &#8211; \u201epritarti steigti&#8230;\u201c, o ne i\u0161ankstin\u0117 nepritarianti Savivaldyb\u0117s administracijos nuomon\u0117. Galutinis apsisprendimas priklausys nuo politik\u0173 balsavimo. <\/p>\n<p>Tikr\u0105 emocij\u0173 audr\u0105 savivaldyb\u0117s merui V.Laurinai\u010diui suk\u0117l\u0117 opozicijos lyderio Algirdo Ge\u010do perskaitytas parei\u0161kimas d\u0117l mero V.Laurinai\u010dio politin\u0117s atsakomyb\u0117s. \u0160iame dokumente oficialiai pareik\u0161ta opozicijos nari\u0173, priklausan\u010di\u0173 Lietuvos laisv\u0117s s\u0105jungai (liberalai), T\u0117vyn\u0117s S\u0105jungai &#8211; Lietuvos krik\u0161\u010dionims demokratams ir Lietuvos liberal\u0173 s\u0105j\u016bd\u017eiui nuomon\u0117, kad jie nepritaria ir nepalaikys tarybos pos\u0117d\u017eiui pateikto sprendimo projekto, kuriuo siekiama nepritarti Vilky\u010di\u0173 seni\u016bnijos steigimui.<\/p>\n<p>Opozicija primin\u0117, kad meras V.Laurinaitis savivaldyb\u0117s Tarybos ir tiesiogini\u0173 mero rinkim\u0173 kampanijos metu pats asmeni\u0161kai lank\u0117si Vilky\u010di\u0173 bendruomen\u0117je ir palaik\u0117 jos nari\u0173 iniciatyv\u0105 siekti Vilky\u010di\u0173 seni\u016bnijos atskyrimo nuoSaug\u0173 seni\u016bnijos, rengti oficiali\u0105 gyventoj\u0173 apklaus\u0105 tuo klausimu.<\/p>\n<p>Parei\u0161kime teigiama, kad meras V.Laurinaitis turi prisiimti vis\u0105 atsakomyb\u0119 u\u017e tai, kad Vilky\u010di\u0173 gyventojams suteik\u0117 nepagr\u012fst\u0173 vil\u010di\u0173 d\u0117l vietos seni\u016bnijos \u012fk\u016brimo, nors jau tuo metu buvo atlikti skai\u010diavimai ir buvo ai\u0161ku, kiek tai pareikalaus organizacini\u0173, finansini\u0173 ir kit\u0173 i\u0161tekli\u0173.<\/p>\n<p><strong>Pritr\u016bko kantryb\u0117s<\/strong><\/p>\n<p><a target=\"_blank\" rel=\"caption[Etikos komisijos pirmininkas J.Jatautas savivaldyb\u0117s Tarybos pos\u0117dyje pateik\u0117 rekomendacijas, kaip elgtis politikams, kad jo vadovaujama komisija netur\u0117t\u0173 darbo. ] noopener noreferrer\" class=\"jcepopup\" href=\"\/\/silutesnaujienos.lt\/images\/stories\/2015\/SPALIS\/02\/MELAS_jatautas__2.jpg\" data-rel=\"lightbox-gallery-kAw6Twu8\" data-rl_title=\"\" data-rl_caption=\"\"><img loading=\"lazy\" decoding=\"async\" style=\"margin: 5px; float: left;\" class=\"caption\" title=\"\" alt=\"MELAS jatautas  2\" src=\"\/\/silutesnaujienos.lt\/images\/stories\/2015\/SPALIS\/02\/thumbnails\/thumb_MELAS_jatautas__2.jpg\" height=\"230\" width=\"307\" \/><\/a>Po tokio parei\u0161kimo meras nedelsdamas emocionaliai t\u0117\u0161k\u0117 savo komentarus: \u201eTai melas, kad a\u0161 \u017ead\u0117jau steigti Vilky\u010di\u0173 seni\u016bnij\u0105\u201c; \u201eTai melas, kad jau i\u0161 anksto buvo \u017einomi seni\u016bnijos steigimo ka\u0161t\u0173 paskai\u010diavimai&#8230;\u201c<\/p>\n<p>I\u0161klaus\u0119s toki\u0105 mero reakcij\u0105 \u012f opozicijos parei\u0161kim\u0105 ir svaidomus kaltinimus melu, opozicijos lyderis A.Ge\u010das ramiai V.Laurinai\u010dio papra\u0161\u0117 patikslinti, ar tikrai jis nori jam primesti melagio etiket\u0119. <\/p>\n<p>Nesulauk\u0119s patikslinim\u0173, A.Ge\u010das dar kart\u0105 perskait\u0117 opozicijos parei\u0161kimo citat\u0105, kurioje n\u0117ra teiginio \u201emeras \u017ead\u0117jo\u201c. \u201eO kad meras lank\u0117si susitikimuose ir ragino inicijuoti Vilky\u010di\u0173 seni\u016bnijos steigim\u0105, jis, meras, tikrai nedr\u012fs paneigti\u201c, &#8211; sak\u0117 A.Ge\u010das.<br \/>Kaltinim\u0105 melu, jog susitikim\u0173 su \u017emon\u0117mis metu nebuvo \u017einomi seni\u016bnijos ka\u0161tai, paneig\u0117 konservatorius Zigmantas Jaunius. Jis nurod\u0117 datas, kada buvo atlikti preliminar\u016bs Vilky\u010di\u0173 seni\u016bnijos steigimo finansiniai skai\u010diavimai. <\/p>\n<p>Gin\u010d\u0105 d\u0117l opozicijos parei\u0161kimo nutrauk\u0117 pats meras, paskelb\u0119s kito klausimo svarstym\u0105, o kartu taip ir lik\u0119s su teisuolio kauke. Rajono vadovas nesiteik\u0117 pasinaudoti k\u0105 tik i\u0161klausyta Etikos komisijos pirmininko J.Jatauto rekomendacija: \u201epasikar\u0161\u010diavus, visada lieka galimyb\u0117 mandagiai atsipra\u0161yti ir taip neprarasti gero vardo\u201c&#8230;<\/p>\n","protected":false},"excerpt":{"rendered":"<p>&nbsp;Rugs\u0117jo m\u0117nesio savivaldyb\u0117s Tarybos pos\u0117dis prasid\u0117jo labai taikiu savivaldyb\u0117s Etikos komisijos pirmininko Jono Jatauto \u012f\u017eanginiu \u017eod\u017eiu. Komisijos pirmininkas specialiai pasipra\u0161\u0117 pos\u0117d\u017eio pirmininko &#8211; mero Vytauto Laurinai\u010dio kalb\u0117ti pirmas, nes nor\u0117jo kolegas politikus informuoti apie pirm\u0105j\u012f Etikos komisijos pos\u0117d\u012f ir pageidavimus visiems politikams elgtis taip, kad komisija netur\u0117t\u0173 darbo.Bet akivaizdu, kad etikos sargams darbo nepristigs: pos\u0117dis [&hellip;]<\/p>\n","protected":false},"author":1,"featured_media":0,"comment_status":"open","ping_status":"open","sticky":false,"template":"","format":"standard","meta":{"footnotes":""},"categories":[2],"tags":[],"class_list":{"0":"post-14313","1":"post","2":"type-post","3":"status-publish","4":"format-standard","6":"category-aktualijos"},"yoast_head":"<!-- This site is optimized with the Yoast SEO plugin v27.5 - https:\/\/yoast.com\/product\/yoast-seo-wordpress\/ -->\n<title>Kad savivaldyb\u0117s Etikos komisijai nereik\u0117t\u0173 dirbti... - \u0160ilut\u0117s naujienos<\/title>\n<meta name=\"robots\" content=\"index, follow, max-snippet:-1, max-image-preview:large, max-video-preview:-1\" \/>\n<link rel=\"canonical\" href=\"https:\/\/www.silutesnaujienos.lt\/lt\/kad-savivaldybes-etikos-komisijai-nereiketu-dirbti\/\" \/>\n<meta property=\"og:locale\" content=\"lt_LT\" \/>\n<meta property=\"og:type\" content=\"article\" \/>\n<meta property=\"og:title\" content=\"Kad savivaldyb\u0117s Etikos komisijai nereik\u0117t\u0173 dirbti... - \u0160ilut\u0117s naujienos\" \/>\n<meta property=\"og:description\" content=\"&nbsp;Rugs\u0117jo m\u0117nesio savivaldyb\u0117s Tarybos pos\u0117dis prasid\u0117jo labai taikiu savivaldyb\u0117s Etikos komisijos pirmininko Jono Jatauto \u012f\u017eanginiu \u017eod\u017eiu. Komisijos pirmininkas specialiai pasipra\u0161\u0117 pos\u0117d\u017eio pirmininko &#8211; mero Vytauto Laurinai\u010dio kalb\u0117ti pirmas, nes nor\u0117jo kolegas politikus informuoti apie pirm\u0105j\u012f Etikos komisijos pos\u0117d\u012f ir pageidavimus visiems politikams elgtis taip, kad komisija netur\u0117t\u0173 darbo.Bet akivaizdu, kad etikos sargams darbo nepristigs: pos\u0117dis [&hellip;]\" \/>\n<meta property=\"og:url\" content=\"https:\/\/www.silutesnaujienos.lt\/lt\/kad-savivaldybes-etikos-komisijai-nereiketu-dirbti\/\" \/>\n<meta property=\"og:site_name\" content=\"\u0160ilut\u0117s naujienos\" \/>\n<meta property=\"article:publisher\" content=\"https:\/\/www.facebook.com\/silutes.naujienos\/\" \/>\n<meta property=\"article:published_time\" content=\"2015-10-05T19:00:00+00:00\" \/>\n<meta property=\"og:image\" content=\"\/\/silutesnaujienos.lt\/images\/stories\/2015\/SPALIS\/02\/thumbnails\/thumb_MELAII_1.jpg\" \/>\n<meta name=\"author\" content=\"\u0160ilut\u0117s naujien\u0173 inf.\" \/>\n<meta name=\"twitter:card\" content=\"summary_large_image\" \/>\n<meta name=\"twitter:label1\" content=\"Written by\" \/>\n\t<meta name=\"twitter:data1\" content=\"\u0160ilut\u0117s naujien\u0173 inf.\" \/>\n\t<meta name=\"twitter:label2\" content=\"Est. reading time\" \/>\n\t<meta name=\"twitter:data2\" content=\"4 minut\u0117s\" \/>\n<script type=\"application\/ld+json\" class=\"yoast-schema-graph\">{\"@context\":\"https:\\\/\\\/schema.org\",\"@graph\":[{\"@type\":\"Article\",\"@id\":\"https:\\\/\\\/www.silutesnaujienos.lt\\\/lt\\\/kad-savivaldybes-etikos-komisijai-nereiketu-dirbti\\\/#article\",\"isPartOf\":{\"@id\":\"https:\\\/\\\/www.silutesnaujienos.lt\\\/lt\\\/kad-savivaldybes-etikos-komisijai-nereiketu-dirbti\\\/\"},\"author\":{\"name\":\"\u0160ilut\u0117s naujien\u0173 inf.\",\"@id\":\"https:\\\/\\\/www.silutesnaujienos.lt\\\/lt\\\/#\\\/schema\\\/person\\\/232f475ddd4a7b5f49b3abc788b17e83\"},\"headline\":\"Kad savivaldyb\u0117s Etikos komisijai nereik\u0117t\u0173 dirbti&#8230;\",\"datePublished\":\"2015-10-05T19:00:00+00:00\",\"mainEntityOfPage\":{\"@id\":\"https:\\\/\\\/www.silutesnaujienos.lt\\\/lt\\\/kad-savivaldybes-etikos-komisijai-nereiketu-dirbti\\\/\"},\"wordCount\":859,\"commentCount\":0,\"publisher\":{\"@id\":\"https:\\\/\\\/www.silutesnaujienos.lt\\\/lt\\\/#organization\"},\"articleSection\":[\"Aktualijos\"],\"inLanguage\":\"lt-LT\",\"potentialAction\":[{\"@type\":\"CommentAction\",\"name\":\"Comment\",\"target\":[\"https:\\\/\\\/www.silutesnaujienos.lt\\\/lt\\\/kad-savivaldybes-etikos-komisijai-nereiketu-dirbti\\\/#respond\"]}]},{\"@type\":\"WebPage\",\"@id\":\"https:\\\/\\\/www.silutesnaujienos.lt\\\/lt\\\/kad-savivaldybes-etikos-komisijai-nereiketu-dirbti\\\/\",\"url\":\"https:\\\/\\\/www.silutesnaujienos.lt\\\/lt\\\/kad-savivaldybes-etikos-komisijai-nereiketu-dirbti\\\/\",\"name\":\"Kad savivaldyb\u0117s Etikos komisijai nereik\u0117t\u0173 dirbti... - \u0160ilut\u0117s naujienos\",\"isPartOf\":{\"@id\":\"https:\\\/\\\/www.silutesnaujienos.lt\\\/lt\\\/#website\"},\"datePublished\":\"2015-10-05T19:00:00+00:00\",\"breadcrumb\":{\"@id\":\"https:\\\/\\\/www.silutesnaujienos.lt\\\/lt\\\/kad-savivaldybes-etikos-komisijai-nereiketu-dirbti\\\/#breadcrumb\"},\"inLanguage\":\"lt-LT\",\"potentialAction\":[{\"@type\":\"ReadAction\",\"target\":[\"https:\\\/\\\/www.silutesnaujienos.lt\\\/lt\\\/kad-savivaldybes-etikos-komisijai-nereiketu-dirbti\\\/\"]}]},{\"@type\":\"BreadcrumbList\",\"@id\":\"https:\\\/\\\/www.silutesnaujienos.lt\\\/lt\\\/kad-savivaldybes-etikos-komisijai-nereiketu-dirbti\\\/#breadcrumb\",\"itemListElement\":[{\"@type\":\"ListItem\",\"position\":1,\"name\":\"Home\",\"item\":\"https:\\\/\\\/www.silutesnaujienos.lt\\\/lt\\\/\"},{\"@type\":\"ListItem\",\"position\":2,\"name\":\"Kad savivaldyb\u0117s Etikos komisijai nereik\u0117t\u0173 dirbti&#8230;\"}]},{\"@type\":\"WebSite\",\"@id\":\"https:\\\/\\\/www.silutesnaujienos.lt\\\/lt\\\/#website\",\"url\":\"https:\\\/\\\/www.silutesnaujienos.lt\\\/lt\\\/\",\"name\":\"\u0160ilut\u0117s naujienos\",\"description\":\"B\u016bk ant naujien\u0173 bangos!\",\"publisher\":{\"@id\":\"https:\\\/\\\/www.silutesnaujienos.lt\\\/lt\\\/#organization\"},\"potentialAction\":[{\"@type\":\"SearchAction\",\"target\":{\"@type\":\"EntryPoint\",\"urlTemplate\":\"https:\\\/\\\/www.silutesnaujienos.lt\\\/lt\\\/?s={search_term_string}\"},\"query-input\":{\"@type\":\"PropertyValueSpecification\",\"valueRequired\":true,\"valueName\":\"search_term_string\"}}],\"inLanguage\":\"lt-LT\"},{\"@type\":\"Organization\",\"@id\":\"https:\\\/\\\/www.silutesnaujienos.lt\\\/lt\\\/#organization\",\"name\":\"\u0160ilut\u0117s naujienos\",\"url\":\"https:\\\/\\\/www.silutesnaujienos.lt\\\/lt\\\/\",\"logo\":{\"@type\":\"ImageObject\",\"inLanguage\":\"lt-LT\",\"@id\":\"https:\\\/\\\/www.silutesnaujienos.lt\\\/lt\\\/#\\\/schema\\\/logo\\\/image\\\/\",\"url\":\"https:\\\/\\\/www.silutesnaujienos.lt\\\/lt\\\/wp-content\\\/uploads\\\/2020\\\/06\\\/FB_MAIN.jpg\",\"contentUrl\":\"https:\\\/\\\/www.silutesnaujienos.lt\\\/lt\\\/wp-content\\\/uploads\\\/2020\\\/06\\\/FB_MAIN.jpg\",\"width\":1700,\"height\":956,\"caption\":\"\u0160ilut\u0117s naujienos\"},\"image\":{\"@id\":\"https:\\\/\\\/www.silutesnaujienos.lt\\\/lt\\\/#\\\/schema\\\/logo\\\/image\\\/\"},\"sameAs\":[\"https:\\\/\\\/www.facebook.com\\\/silutes.naujienos\\\/\",\"https:\\\/\\\/www.youtube.com\\\/channel\\\/UCxW-cgrJDt8GxIMxSTAfJZg\"]},{\"@type\":\"Person\",\"@id\":\"https:\\\/\\\/www.silutesnaujienos.lt\\\/lt\\\/#\\\/schema\\\/person\\\/232f475ddd4a7b5f49b3abc788b17e83\",\"name\":\"\u0160ilut\u0117s naujien\u0173 inf.\",\"image\":{\"@type\":\"ImageObject\",\"inLanguage\":\"lt-LT\",\"@id\":\"https:\\\/\\\/www.silutesnaujienos.lt\\\/lt\\\/wp-content\\\/uploads\\\/2020\\\/06\\\/favicon.png\",\"url\":\"https:\\\/\\\/www.silutesnaujienos.lt\\\/lt\\\/wp-content\\\/uploads\\\/2020\\\/06\\\/favicon.png\",\"contentUrl\":\"https:\\\/\\\/www.silutesnaujienos.lt\\\/lt\\\/wp-content\\\/uploads\\\/2020\\\/06\\\/favicon.png\",\"caption\":\"\u0160ilut\u0117s naujien\u0173 inf.\"},\"sameAs\":[\"https:\\\/\\\/www.silutesnaujienos.lt\\\/lt\"],\"url\":\"https:\\\/\\\/www.silutesnaujienos.lt\\\/lt\\\/author\\\/ruta\\\/\"}]}<\/script>\n<!-- \/ Yoast SEO plugin. -->","yoast_head_json":{"title":"Kad savivaldyb\u0117s Etikos komisijai nereik\u0117t\u0173 dirbti... - \u0160ilut\u0117s naujienos","robots":{"index":"index","follow":"follow","max-snippet":"max-snippet:-1","max-image-preview":"max-image-preview:large","max-video-preview":"max-video-preview:-1"},"canonical":"https:\/\/www.silutesnaujienos.lt\/lt\/kad-savivaldybes-etikos-komisijai-nereiketu-dirbti\/","og_locale":"lt_LT","og_type":"article","og_title":"Kad savivaldyb\u0117s Etikos komisijai nereik\u0117t\u0173 dirbti... - \u0160ilut\u0117s naujienos","og_description":"&nbsp;Rugs\u0117jo m\u0117nesio savivaldyb\u0117s Tarybos pos\u0117dis prasid\u0117jo labai taikiu savivaldyb\u0117s Etikos komisijos pirmininko Jono Jatauto \u012f\u017eanginiu \u017eod\u017eiu. Komisijos pirmininkas specialiai pasipra\u0161\u0117 pos\u0117d\u017eio pirmininko &#8211; mero Vytauto Laurinai\u010dio kalb\u0117ti pirmas, nes nor\u0117jo kolegas politikus informuoti apie pirm\u0105j\u012f Etikos komisijos pos\u0117d\u012f ir pageidavimus visiems politikams elgtis taip, kad komisija netur\u0117t\u0173 darbo.Bet akivaizdu, kad etikos sargams darbo nepristigs: pos\u0117dis [&hellip;]","og_url":"https:\/\/www.silutesnaujienos.lt\/lt\/kad-savivaldybes-etikos-komisijai-nereiketu-dirbti\/","og_site_name":"\u0160ilut\u0117s naujienos","article_publisher":"https:\/\/www.facebook.com\/silutes.naujienos\/","article_published_time":"2015-10-05T19:00:00+00:00","og_image":[{"url":"\/\/silutesnaujienos.lt\/images\/stories\/2015\/SPALIS\/02\/thumbnails\/thumb_MELAII_1.jpg","type":"","width":"","height":""}],"author":"\u0160ilut\u0117s naujien\u0173 inf.","twitter_card":"summary_large_image","twitter_misc":{"Written by":"\u0160ilut\u0117s naujien\u0173 inf.","Est. reading time":"4 minut\u0117s"},"schema":{"@context":"https:\/\/schema.org","@graph":[{"@type":"Article","@id":"https:\/\/www.silutesnaujienos.lt\/lt\/kad-savivaldybes-etikos-komisijai-nereiketu-dirbti\/#article","isPartOf":{"@id":"https:\/\/www.silutesnaujienos.lt\/lt\/kad-savivaldybes-etikos-komisijai-nereiketu-dirbti\/"},"author":{"name":"\u0160ilut\u0117s naujien\u0173 inf.","@id":"https:\/\/www.silutesnaujienos.lt\/lt\/#\/schema\/person\/232f475ddd4a7b5f49b3abc788b17e83"},"headline":"Kad savivaldyb\u0117s Etikos komisijai nereik\u0117t\u0173 dirbti&#8230;","datePublished":"2015-10-05T19:00:00+00:00","mainEntityOfPage":{"@id":"https:\/\/www.silutesnaujienos.lt\/lt\/kad-savivaldybes-etikos-komisijai-nereiketu-dirbti\/"},"wordCount":859,"commentCount":0,"publisher":{"@id":"https:\/\/www.silutesnaujienos.lt\/lt\/#organization"},"articleSection":["Aktualijos"],"inLanguage":"lt-LT","potentialAction":[{"@type":"CommentAction","name":"Comment","target":["https:\/\/www.silutesnaujienos.lt\/lt\/kad-savivaldybes-etikos-komisijai-nereiketu-dirbti\/#respond"]}]},{"@type":"WebPage","@id":"https:\/\/www.silutesnaujienos.lt\/lt\/kad-savivaldybes-etikos-komisijai-nereiketu-dirbti\/","url":"https:\/\/www.silutesnaujienos.lt\/lt\/kad-savivaldybes-etikos-komisijai-nereiketu-dirbti\/","name":"Kad savivaldyb\u0117s Etikos komisijai nereik\u0117t\u0173 dirbti... - \u0160ilut\u0117s naujienos","isPartOf":{"@id":"https:\/\/www.silutesnaujienos.lt\/lt\/#website"},"datePublished":"2015-10-05T19:00:00+00:00","breadcrumb":{"@id":"https:\/\/www.silutesnaujienos.lt\/lt\/kad-savivaldybes-etikos-komisijai-nereiketu-dirbti\/#breadcrumb"},"inLanguage":"lt-LT","potentialAction":[{"@type":"ReadAction","target":["https:\/\/www.silutesnaujienos.lt\/lt\/kad-savivaldybes-etikos-komisijai-nereiketu-dirbti\/"]}]},{"@type":"BreadcrumbList","@id":"https:\/\/www.silutesnaujienos.lt\/lt\/kad-savivaldybes-etikos-komisijai-nereiketu-dirbti\/#breadcrumb","itemListElement":[{"@type":"ListItem","position":1,"name":"Home","item":"https:\/\/www.silutesnaujienos.lt\/lt\/"},{"@type":"ListItem","position":2,"name":"Kad savivaldyb\u0117s Etikos komisijai nereik\u0117t\u0173 dirbti&#8230;"}]},{"@type":"WebSite","@id":"https:\/\/www.silutesnaujienos.lt\/lt\/#website","url":"https:\/\/www.silutesnaujienos.lt\/lt\/","name":"\u0160ilut\u0117s naujienos","description":"B\u016bk ant naujien\u0173 bangos!","publisher":{"@id":"https:\/\/www.silutesnaujienos.lt\/lt\/#organization"},"potentialAction":[{"@type":"SearchAction","target":{"@type":"EntryPoint","urlTemplate":"https:\/\/www.silutesnaujienos.lt\/lt\/?s={search_term_string}"},"query-input":{"@type":"PropertyValueSpecification","valueRequired":true,"valueName":"search_term_string"}}],"inLanguage":"lt-LT"},{"@type":"Organization","@id":"https:\/\/www.silutesnaujienos.lt\/lt\/#organization","name":"\u0160ilut\u0117s naujienos","url":"https:\/\/www.silutesnaujienos.lt\/lt\/","logo":{"@type":"ImageObject","inLanguage":"lt-LT","@id":"https:\/\/www.silutesnaujienos.lt\/lt\/#\/schema\/logo\/image\/","url":"https:\/\/www.silutesnaujienos.lt\/lt\/wp-content\/uploads\/2020\/06\/FB_MAIN.jpg","contentUrl":"https:\/\/www.silutesnaujienos.lt\/lt\/wp-content\/uploads\/2020\/06\/FB_MAIN.jpg","width":1700,"height":956,"caption":"\u0160ilut\u0117s naujienos"},"image":{"@id":"https:\/\/www.silutesnaujienos.lt\/lt\/#\/schema\/logo\/image\/"},"sameAs":["https:\/\/www.facebook.com\/silutes.naujienos\/","https:\/\/www.youtube.com\/channel\/UCxW-cgrJDt8GxIMxSTAfJZg"]},{"@type":"Person","@id":"https:\/\/www.silutesnaujienos.lt\/lt\/#\/schema\/person\/232f475ddd4a7b5f49b3abc788b17e83","name":"\u0160ilut\u0117s naujien\u0173 inf.","image":{"@type":"ImageObject","inLanguage":"lt-LT","@id":"https:\/\/www.silutesnaujienos.lt\/lt\/wp-content\/uploads\/2020\/06\/favicon.png","url":"https:\/\/www.silutesnaujienos.lt\/lt\/wp-content\/uploads\/2020\/06\/favicon.png","contentUrl":"https:\/\/www.silutesnaujienos.lt\/lt\/wp-content\/uploads\/2020\/06\/favicon.png","caption":"\u0160ilut\u0117s naujien\u0173 inf."},"sameAs":["https:\/\/www.silutesnaujienos.lt\/lt"],"url":"https:\/\/www.silutesnaujienos.lt\/lt\/author\/ruta\/"}]}},"publishpress_future_workflow_manual_trigger":{"enabledWorkflows":[]},"amp_enabled":true,"_links":{"self":[{"href":"https:\/\/www.silutesnaujienos.lt\/lt\/wp-json\/wp\/v2\/posts\/14313","targetHints":{"allow":["GET"]}}],"collection":[{"href":"https:\/\/www.silutesnaujienos.lt\/lt\/wp-json\/wp\/v2\/posts"}],"about":[{"href":"https:\/\/www.silutesnaujienos.lt\/lt\/wp-json\/wp\/v2\/types\/post"}],"author":[{"embeddable":true,"href":"https:\/\/www.silutesnaujienos.lt\/lt\/wp-json\/wp\/v2\/users\/1"}],"replies":[{"embeddable":true,"href":"https:\/\/www.silutesnaujienos.lt\/lt\/wp-json\/wp\/v2\/comments?post=14313"}],"version-history":[{"count":0,"href":"https:\/\/www.silutesnaujienos.lt\/lt\/wp-json\/wp\/v2\/posts\/14313\/revisions"}],"wp:attachment":[{"href":"https:\/\/www.silutesnaujienos.lt\/lt\/wp-json\/wp\/v2\/media?parent=14313"}],"wp:term":[{"taxonomy":"category","embeddable":true,"href":"https:\/\/www.silutesnaujienos.lt\/lt\/wp-json\/wp\/v2\/categories?post=14313"},{"taxonomy":"post_tag","embeddable":true,"href":"https:\/\/www.silutesnaujienos.lt\/lt\/wp-json\/wp\/v2\/tags?post=14313"}],"curies":[{"name":"wp","href":"https:\/\/api.w.org\/{rel}","templated":true}]}}